{"id":4229,"date":"2023-09-27T20:30:55","date_gmt":"2023-09-27T23:30:55","guid":{"rendered":"https:\/\/apuntesdesanluis.com\/?p=4229"},"modified":"2023-09-27T20:30:55","modified_gmt":"2023-09-27T23:30:55","slug":"condenaron-a-claudio-uberti-y-absolvieron-a-de-vido-y-a-echegaray-por-el-caso-de-la-valija-de-antonini-wilson","status":"publish","type":"post","link":"https:\/\/apuntesdesanluis.com\/index.php\/2023\/09\/27\/condenaron-a-claudio-uberti-y-absolvieron-a-de-vido-y-a-echegaray-por-el-caso-de-la-valija-de-antonini-wilson\/","title":{"rendered":"CONDENARON A CLAUDIO UBERTI Y ABSOLVIERON A DE VIDO Y A ECHEGARAY POR EL CASO DE LA VALIJA DE ANTONINI WILSON"},"content":{"rendered":"<h3>El Tribunal Oral en lo Penal Econ\u00f3mico 1 conden\u00f3 hoy al ex titular del \u00d3rgano de Control de Concesiones Viales (OCCOVI) Claudio Uberti a 4 a\u00f1os y 6 meses de prisi\u00f3n por el esc\u00e1ndalo de la valija del venezolano Guido Antonini Wilson, un hecho que conmocion\u00f3 al pa\u00eds en plena campa\u00f1a presidencial de 2007. Tambi\u00e9n fueron condenados cuatro ex aduaneros a penas de prisi\u00f3n en suspenso. En cambio, el tribunal absolvi\u00f3 a Julio De Vido y Ricardo Echegaray, los otros dos ex funcionarios que llegaron a juicio.<\/h3>\n<h3>En el caso de Uberti, el \u00fanico que estaba presente en el avi\u00f3n que lleg\u00f3 desde Venezuela, fue condenado como coautor del delito de contrabando en grado de tentativa y recibi\u00f3 una inhabilitaci\u00f3n absoluta de 9 a\u00f1os para ser funcionario o empleado p\u00fablico.<\/h3>\n<h3>El ex titular del OCCOVI declar\u00f3 en el juicio que vio tres veces a Antonini Wilson: en un almuerzo, en Caracas, previo al vuelo de regreso a Buenos Aires, luego en el avi\u00f3n, y finalmente en la Casa Rosada, en ocasi\u00f3n de la visita del entonces presidente Hugo Ch\u00e1vez.<\/h3>\n<h3>Sin embargo, para la Fiscal\u00eda hab\u00eda una relaci\u00f3n previa entre ambos. Durante el alegato, se mencion\u00f3 un llamado entre la secretaria de Uberti, Victoria Bereziuk, y el venezolano, el 30 de mayo de 2007, y una sospechosa anotaci\u00f3n en una agenda del despacho del ex funcionario, que daba cuenta de una supuesta reuni\u00f3n con el empresario en Buenos Aires. \u201cClaudio Uberti le habilit\u00f3 el acceso al avi\u00f3n y era uno de los principales interesados para que el dinero llegara a destino sin ser controlado\u201d, sostuvo la Fiscal\u00eda.<\/h3>\n<h3>Adem\u00e1s se destac\u00f3 que hubo varias comunicaciones entre Uberti y Antonini Wilson, luego del esc\u00e1ndalo, a trav\u00e9s de un \u201cpuente\u201d que hac\u00eda su secretaria, a trav\u00e9s de su celular.<\/h3>\n<h3>Esta ma\u00f1ana, cuando pudo hablar ante el tribunal, Uberti se proclam\u00f3 inocente. \u201cDesde el primer momento me puse en forma voluntaria a disposici\u00f3n de la Justicia. Qued\u00f3 demostrado que no tuve participaci\u00f3n alguna en los hechos, todo lo dem\u00e1s son rumores\u201d, dijo.<\/h3>\n<h3>Los otros cuatro condenados son ex funcionarios aduaneros: Rosa Ne\u0301lida Garc\u00eda, Guillermo David Lucangeli, Mari\u0301a Cristina Gallini y Jorge Fe\u0301lix Lamastra. Todos recibieron penas de prisi\u00f3n en suspenso de entre 10 meses y un a\u00f1o.<\/h3>\n<h3>En cambio, el TOPE 1 absolvi\u00f3 a Julio De Vido y Ricardo Echegaray. En el caso del ex ministro de Planificaci\u00f3n, el fiscal Marcelo Ag\u00fcero Vera hab\u00eda pedido que sea condenado a 5 a\u00f1os por el delito de contrabando en grado de tentativa y sostuvo que la valija se introdujo en el avi\u00f3n \u201cpor orden de De Vido\u201d. En cambio, no hab\u00eda acusado al ex titular de la Aduana, que estaba acusado de encubrimiento.<\/h3>\n<p><img fetchpriority=\"high\" decoding=\"async\" class=\"wp-image-4231 aligncenter\" src=\"https:\/\/apuntesdesanluis.com\/wp-content\/uploads\/2023\/09\/de-vido-300x201.png\" alt=\"\" width=\"806\" height=\"540\" srcset=\"https:\/\/apuntesdesanluis.com\/wp-content\/uploads\/2023\/09\/de-vido-300x201.png 300w, https:\/\/apuntesdesanluis.com\/wp-content\/uploads\/2023\/09\/de-vido.png 712w\" sizes=\"(max-width: 806px) 100vw, 806px\" \/><\/p>\n<h3>Luego de dar a conocer las penas, el tribunal anunci\u00f3 que el 27 de noviembre se dar\u00e1n a conocer los fundamentos de la sentencia.<\/h3>\n<h3>Todo ocurri\u00f3 el 4 de agosto de 2007, cuando Antonini Wilson intent\u00f3 ingresar una valija con USD 790.550 a trav\u00e9s de la terminal Sur del Aeroparque Jorge Newbery. En el avi\u00f3n, contratado por la empresa Energ\u00eda Argentina SA (ENARSA), viajaban ocho pasajeros: el ex titular del \u00d3rgano de Control de Concesiones Viales (OCCOVI) Claudio Uberti, su secretaria Victoria Bereziuk (sobrese\u00edda por la C\u00e1mara Federal), el ex titular de ENARSA Ezequiel Espinosa, Daniel David Uzc\u00e1tegui Specht, Ruth Begrends Ram\u00edrez, Nelly Cardozo S\u00e1nchez y Wilfredo A\u0301vila Driet.<\/h3>\n<h3>El avi\u00f3n aterriz\u00f3 a las 2:38 de la madrugada. Seg\u00fan se prob\u00f3 en el juicio, la que termin\u00f3 descubriendo el dinero en la valija fue Mar\u00eda de Luj\u00e1n Telpuk, por entonces agente de la PSA. Ante la primera pregunta, Antonini Wilson respondi\u00f3 que llevaba libros. Telpuk insisti\u00f3 y el venezolano asegur\u00f3 que transportaba \u201clibros y unos papelitos\u201d. En ese momento, la agente de la PSA decidi\u00f3 abrir la valija y descubri\u00f3 el dinero. \u201c\u00bfCu\u00e1nto dinero lleva?\u201d, fue la pregunta obligada. \u201cUnos USD 60.000\u2033, habr\u00eda respondido el venezolano.<\/h3>\n<h3>En ese momento, Antonini Wilson fue trasladado a una oficina donde se cont\u00f3 el dinero. Uzc\u00e1tegui Specht fue testigo de toda la situaci\u00f3n. Luego se sumaron los otros funcionarios aduaneros implicados.<\/h3>\n<h3>Durante el recuento del dinero, el venezolano se mantuvo callado, seg\u00fan relataron varios testigos. Sin embargo, Daniel Ingrosso, por entonces jefe de Telpuk, declar\u00f3 que durante el procedimiento tuvo un breve intercambio con Antonini Wilson, quien asegur\u00f3 ser \u201cun empresario de la carne\u201d que \u201cven\u00eda a invertir\u201d.<\/h3>\n<h3>No fue todo. El venezolano habr\u00eda insinuado, en tono de broma, que eran ocho personas contando el dinero y que \u201cse pod\u00edan quedar con 100 mil d\u00f3lares cada uno\u201d. \u201cLo tom\u00e9 como un comentario al aire, nadie le dio importancia\u201d, cont\u00f3 Ingrosso durante el juicio.<\/h3>\n<h3>Apenas unas horas despu\u00e9s del hallazgo de la valija repleta de d\u00f3lares, Uberti se dirigi\u00f3 a la quinta de Olivos y habl\u00f3 en persona con el entonces presidente N\u00e9stor Kirchner. Era s\u00e1bado, muy temprano. Uberti esper\u00f3 unos minutos hasta que lleg\u00f3 el presidente. \u201cTe caiste de la cama, \u00bfqu\u00e9 haces a esta hora?\u201d, lo recibi\u00f3 Kirchner. Uberti hizo un relato del incidente que hab\u00eda protagonizado Antonini Wilson y comenz\u00f3 a recibir una bater\u00eda de preguntas de Kirchner. \u201cMe pregunt\u00f3 si lo conoc\u00eda, por qu\u00e9 se hab\u00eda subido al avi\u00f3n, qui\u00e9n era, a qu\u00e9 se dedicaba. No me dio ninguna instrucci\u00f3n precisa\u201d, relat\u00f3 Uberti durante su primera declaraci\u00f3n en el juicio.<\/h3>\n<h3>Luego de esa reuni\u00f3n, el ex titular de OCCVI tambi\u00e9n se comunic\u00f3 con Echegaray. \u201cYa s\u00e9 por qu\u00e9 me llamas\u201d, le habr\u00eda contestado el entonces titular de la AFIP. Seg\u00fan Uberti, Echegaray le asegur\u00f3 que \u201cera una infracci\u00f3n aduanera\u201d y que \u201cera un problema\u201d de Antonini Wilson. Aunque era su superior directo, Uberti reci\u00e9n habl\u00f3 con De Vido el lunes posterior al esc\u00e1ndalo.<\/h3>\n<h3>Luego del episodio, Antonini Wilson particip\u00f3 de un acto en la Casa Rosada y se volvi\u00f3 a Miami. El gobierno de N\u00e9stor Kirchner intent\u00f3 que el venezolano fuera a retirar el dinero y pagara la multa. Pero no lo convencieron. Desde entonces, la justicia argentina reclam\u00f3, sin \u00e9xito, su extradici\u00f3n ante las autoridades de Estados Unidos.<\/h3>\n<h3>La investigaci\u00f3n judicial dur\u00f3 trece a\u00f1os y estuvo a punto de prescribir. Ocurre que Uberti tuvo falta de m\u00e9rito durante diez a\u00f1os. Cuando el caso iba a quedar en la nada, el juez Pablo Yadarola proces\u00f3 a De Vido y Echegaray, que por su condici\u00f3n de ex funcionarios pudieron extender los plazos de prescripci\u00f3n. En ese momento tambi\u00e9n fueron procesados Bereziuk (luego sobrese\u00edda por la C\u00e1mara), Ezequiel Espinosa y los funcionarios aduaneros.<\/h3>\n<p>&nbsp;<\/p>\n<p>&nbsp;<\/p>\n<p>&nbsp;<\/p>\n<p>&nbsp;<\/p>\n","protected":false},"excerpt":{"rendered":"<p>El Tribunal Oral en lo Penal Econ\u00f3mico 1 conden\u00f3 hoy al ex titular del \u00d3rgano&#8230;<\/p>\n","protected":false},"author":1,"featured_media":4230,"comment_status":"closed","ping_status":"closed","sticky":false,"template":"","format":"standard","meta":{"footnotes":""},"categories":[5],"tags":[],"class_list":["post-4229","post","type-post","status-publish","format-standard","has-post-thumbnail","hentry","category-nacionales-internacionales"],"yoast_head":"<!-- This site is optimized with the Yoast SEO plugin v26.1.1 - https:\/\/yoast.com\/wordpress\/plugins\/seo\/ -->\n<title>CONDENARON A CLAUDIO UBERTI Y ABSOLVIERON A DE VIDO Y A ECHEGARAY POR EL CASO DE LA VALIJA DE ANTONINI WILSON - Apuntes de San Luis<\/title>\n<meta name=\"robots\" content=\"index, follow, max-snippet:-1, max-image-preview:large, max-video-preview:-1\" \/>\n<link rel=\"canonical\" href=\"https:\/\/apuntesdesanluis.com\/index.php\/2023\/09\/27\/condenaron-a-claudio-uberti-y-absolvieron-a-de-vido-y-a-echegaray-por-el-caso-de-la-valija-de-antonini-wilson\/\" \/>\n<meta property=\"og:locale\" content=\"es_ES\" \/>\n<meta property=\"og:type\" content=\"article\" \/>\n<meta property=\"og:title\" content=\"CONDENARON A CLAUDIO UBERTI Y ABSOLVIERON A DE VIDO Y A ECHEGARAY POR EL CASO DE LA VALIJA DE ANTONINI WILSON - Apuntes de San Luis\" \/>\n<meta property=\"og:description\" content=\"El Tribunal Oral en lo Penal Econ\u00f3mico 1 conden\u00f3 hoy al ex titular del \u00d3rgano...\" \/>\n<meta property=\"og:url\" content=\"https:\/\/apuntesdesanluis.com\/index.php\/2023\/09\/27\/condenaron-a-claudio-uberti-y-absolvieron-a-de-vido-y-a-echegaray-por-el-caso-de-la-valija-de-antonini-wilson\/\" \/>\n<meta property=\"og:site_name\" content=\"Apuntes de San Luis\" \/>\n<meta property=\"article:published_time\" content=\"2023-09-27T23:30:55+00:00\" \/>\n<meta property=\"og:image\" content=\"https:\/\/apuntesdesanluis.com\/wp-content\/uploads\/2023\/09\/uberti.png\" \/>\n\t<meta property=\"og:image:width\" content=\"779\" \/>\n\t<meta property=\"og:image:height\" content=\"480\" \/>\n\t<meta property=\"og:image:type\" content=\"image\/png\" \/>\n<meta name=\"author\" content=\"apuntesdesanluis.com\" \/>\n<meta name=\"twitter:card\" content=\"summary_large_image\" \/>\n<meta name=\"twitter:label1\" content=\"Escrito por\" \/>\n\t<meta name=\"twitter:data1\" content=\"apuntesdesanluis.com\" \/>\n\t<meta name=\"twitter:label2\" content=\"Tiempo de lectura\" \/>\n\t<meta name=\"twitter:data2\" content=\"6 minutos\" \/>\n<script type=\"application\/ld+json\" class=\"yoast-schema-graph\">{\"@context\":\"https:\/\/schema.org\",\"@graph\":[{\"@type\":\"Article\",\"@id\":\"https:\/\/apuntesdesanluis.com\/index.php\/2023\/09\/27\/condenaron-a-claudio-uberti-y-absolvieron-a-de-vido-y-a-echegaray-por-el-caso-de-la-valija-de-antonini-wilson\/#article\",\"isPartOf\":{\"@id\":\"https:\/\/apuntesdesanluis.com\/index.php\/2023\/09\/27\/condenaron-a-claudio-uberti-y-absolvieron-a-de-vido-y-a-echegaray-por-el-caso-de-la-valija-de-antonini-wilson\/\"},\"author\":{\"name\":\"apuntesdesanluis.com\",\"@id\":\"https:\/\/apuntesdesanluis.com\/#\/schema\/person\/b55151d52296fcce64d1a72538a70b90\"},\"headline\":\"CONDENARON A CLAUDIO UBERTI Y ABSOLVIERON A DE VIDO Y A ECHEGARAY POR EL CASO DE LA VALIJA DE ANTONINI WILSON\",\"datePublished\":\"2023-09-27T23:30:55+00:00\",\"mainEntityOfPage\":{\"@id\":\"https:\/\/apuntesdesanluis.com\/index.php\/2023\/09\/27\/condenaron-a-claudio-uberti-y-absolvieron-a-de-vido-y-a-echegaray-por-el-caso-de-la-valija-de-antonini-wilson\/\"},\"wordCount\":1170,\"publisher\":{\"@id\":\"https:\/\/apuntesdesanluis.com\/#\/schema\/person\/b55151d52296fcce64d1a72538a70b90\"},\"image\":{\"@id\":\"https:\/\/apuntesdesanluis.com\/index.php\/2023\/09\/27\/condenaron-a-claudio-uberti-y-absolvieron-a-de-vido-y-a-echegaray-por-el-caso-de-la-valija-de-antonini-wilson\/#primaryimage\"},\"thumbnailUrl\":\"https:\/\/apuntesdesanluis.com\/wp-content\/uploads\/2023\/09\/uberti.png\",\"articleSection\":[\"Nacionales\/Internacionales\"],\"inLanguage\":\"es-AR\"},{\"@type\":\"WebPage\",\"@id\":\"https:\/\/apuntesdesanluis.com\/index.php\/2023\/09\/27\/condenaron-a-claudio-uberti-y-absolvieron-a-de-vido-y-a-echegaray-por-el-caso-de-la-valija-de-antonini-wilson\/\",\"url\":\"https:\/\/apuntesdesanluis.com\/index.php\/2023\/09\/27\/condenaron-a-claudio-uberti-y-absolvieron-a-de-vido-y-a-echegaray-por-el-caso-de-la-valija-de-antonini-wilson\/\",\"name\":\"CONDENARON A CLAUDIO UBERTI Y ABSOLVIERON A DE VIDO Y A ECHEGARAY POR EL CASO DE LA VALIJA DE ANTONINI WILSON - Apuntes de San Luis\",\"isPartOf\":{\"@id\":\"https:\/\/apuntesdesanluis.com\/#website\"},\"primaryImageOfPage\":{\"@id\":\"https:\/\/apuntesdesanluis.com\/index.php\/2023\/09\/27\/condenaron-a-claudio-uberti-y-absolvieron-a-de-vido-y-a-echegaray-por-el-caso-de-la-valija-de-antonini-wilson\/#primaryimage\"},\"image\":{\"@id\":\"https:\/\/apuntesdesanluis.com\/index.php\/2023\/09\/27\/condenaron-a-claudio-uberti-y-absolvieron-a-de-vido-y-a-echegaray-por-el-caso-de-la-valija-de-antonini-wilson\/#primaryimage\"},\"thumbnailUrl\":\"https:\/\/apuntesdesanluis.com\/wp-content\/uploads\/2023\/09\/uberti.png\",\"datePublished\":\"2023-09-27T23:30:55+00:00\",\"breadcrumb\":{\"@id\":\"https:\/\/apuntesdesanluis.com\/index.php\/2023\/09\/27\/condenaron-a-claudio-uberti-y-absolvieron-a-de-vido-y-a-echegaray-por-el-caso-de-la-valija-de-antonini-wilson\/#breadcrumb\"},\"inLanguage\":\"es-AR\",\"potentialAction\":[{\"@type\":\"ReadAction\",\"target\":[\"https:\/\/apuntesdesanluis.com\/index.php\/2023\/09\/27\/condenaron-a-claudio-uberti-y-absolvieron-a-de-vido-y-a-echegaray-por-el-caso-de-la-valija-de-antonini-wilson\/\"]}]},{\"@type\":\"ImageObject\",\"inLanguage\":\"es-AR\",\"@id\":\"https:\/\/apuntesdesanluis.com\/index.php\/2023\/09\/27\/condenaron-a-claudio-uberti-y-absolvieron-a-de-vido-y-a-echegaray-por-el-caso-de-la-valija-de-antonini-wilson\/#primaryimage\",\"url\":\"https:\/\/apuntesdesanluis.com\/wp-content\/uploads\/2023\/09\/uberti.png\",\"contentUrl\":\"https:\/\/apuntesdesanluis.com\/wp-content\/uploads\/2023\/09\/uberti.png\",\"width\":779,\"height\":480},{\"@type\":\"BreadcrumbList\",\"@id\":\"https:\/\/apuntesdesanluis.com\/index.php\/2023\/09\/27\/condenaron-a-claudio-uberti-y-absolvieron-a-de-vido-y-a-echegaray-por-el-caso-de-la-valija-de-antonini-wilson\/#breadcrumb\",\"itemListElement\":[{\"@type\":\"ListItem\",\"position\":1,\"name\":\"Inicio\",\"item\":\"https:\/\/apuntesdesanluis.com\/\"},{\"@type\":\"ListItem\",\"position\":2,\"name\":\"CONDENARON A CLAUDIO UBERTI Y ABSOLVIERON A DE VIDO Y A ECHEGARAY POR EL CASO DE LA VALIJA DE ANTONINI WILSON\"}]},{\"@type\":\"WebSite\",\"@id\":\"https:\/\/apuntesdesanluis.com\/#website\",\"url\":\"https:\/\/apuntesdesanluis.com\/\",\"name\":\"Apuntes de San Luis\",\"description\":\"\",\"publisher\":{\"@id\":\"https:\/\/apuntesdesanluis.com\/#\/schema\/person\/b55151d52296fcce64d1a72538a70b90\"},\"potentialAction\":[{\"@type\":\"SearchAction\",\"target\":{\"@type\":\"EntryPoint\",\"urlTemplate\":\"https:\/\/apuntesdesanluis.com\/?s={search_term_string}\"},\"query-input\":{\"@type\":\"PropertyValueSpecification\",\"valueRequired\":true,\"valueName\":\"search_term_string\"}}],\"inLanguage\":\"es-AR\"},{\"@type\":[\"Person\",\"Organization\"],\"@id\":\"https:\/\/apuntesdesanluis.com\/#\/schema\/person\/b55151d52296fcce64d1a72538a70b90\",\"name\":\"apuntesdesanluis.com\",\"image\":{\"@type\":\"ImageObject\",\"inLanguage\":\"es-AR\",\"@id\":\"https:\/\/apuntesdesanluis.com\/#\/schema\/person\/image\/\",\"url\":\"https:\/\/apuntesdesanluis.com\/wp-content\/uploads\/2023\/07\/cropped-apuntesdesanluis.png\",\"contentUrl\":\"https:\/\/apuntesdesanluis.com\/wp-content\/uploads\/2023\/07\/cropped-apuntesdesanluis.png\",\"width\":450,\"height\":112,\"caption\":\"apuntesdesanluis.com\"},\"logo\":{\"@id\":\"https:\/\/apuntesdesanluis.com\/#\/schema\/person\/image\/\"},\"sameAs\":[\"https:\/\/apuntesdesanluis.com\"],\"url\":\"https:\/\/apuntesdesanluis.com\/index.php\/author\/apuntesdesanluis-com\/\"}]}<\/script>\n<!-- \/ Yoast SEO plugin. -->","yoast_head_json":{"title":"CONDENARON A CLAUDIO UBERTI Y ABSOLVIERON A DE VIDO Y A ECHEGARAY POR EL CASO DE LA VALIJA DE ANTONINI WILSON - Apuntes de San Luis","robots":{"index":"index","follow":"follow","max-snippet":"max-snippet:-1","max-image-preview":"max-image-preview:large","max-video-preview":"max-video-preview:-1"},"canonical":"https:\/\/apuntesdesanluis.com\/index.php\/2023\/09\/27\/condenaron-a-claudio-uberti-y-absolvieron-a-de-vido-y-a-echegaray-por-el-caso-de-la-valija-de-antonini-wilson\/","og_locale":"es_ES","og_type":"article","og_title":"CONDENARON A CLAUDIO UBERTI Y ABSOLVIERON A DE VIDO Y A ECHEGARAY POR EL CASO DE LA VALIJA DE ANTONINI WILSON - Apuntes de San Luis","og_description":"El Tribunal Oral en lo Penal Econ\u00f3mico 1 conden\u00f3 hoy al ex titular del \u00d3rgano...","og_url":"https:\/\/apuntesdesanluis.com\/index.php\/2023\/09\/27\/condenaron-a-claudio-uberti-y-absolvieron-a-de-vido-y-a-echegaray-por-el-caso-de-la-valija-de-antonini-wilson\/","og_site_name":"Apuntes de San Luis","article_published_time":"2023-09-27T23:30:55+00:00","og_image":[{"width":779,"height":480,"url":"https:\/\/apuntesdesanluis.com\/wp-content\/uploads\/2023\/09\/uberti.png","type":"image\/png"}],"author":"apuntesdesanluis.com","twitter_card":"summary_large_image","twitter_misc":{"Escrito por":"apuntesdesanluis.com","Tiempo de lectura":"6 minutos"},"schema":{"@context":"https:\/\/schema.org","@graph":[{"@type":"Article","@id":"https:\/\/apuntesdesanluis.com\/index.php\/2023\/09\/27\/condenaron-a-claudio-uberti-y-absolvieron-a-de-vido-y-a-echegaray-por-el-caso-de-la-valija-de-antonini-wilson\/#article","isPartOf":{"@id":"https:\/\/apuntesdesanluis.com\/index.php\/2023\/09\/27\/condenaron-a-claudio-uberti-y-absolvieron-a-de-vido-y-a-echegaray-por-el-caso-de-la-valija-de-antonini-wilson\/"},"author":{"name":"apuntesdesanluis.com","@id":"https:\/\/apuntesdesanluis.com\/#\/schema\/person\/b55151d52296fcce64d1a72538a70b90"},"headline":"CONDENARON A CLAUDIO UBERTI Y ABSOLVIERON A DE VIDO Y A ECHEGARAY POR EL CASO DE LA VALIJA DE ANTONINI WILSON","datePublished":"2023-09-27T23:30:55+00:00","mainEntityOfPage":{"@id":"https:\/\/apuntesdesanluis.com\/index.php\/2023\/09\/27\/condenaron-a-claudio-uberti-y-absolvieron-a-de-vido-y-a-echegaray-por-el-caso-de-la-valija-de-antonini-wilson\/"},"wordCount":1170,"publisher":{"@id":"https:\/\/apuntesdesanluis.com\/#\/schema\/person\/b55151d52296fcce64d1a72538a70b90"},"image":{"@id":"https:\/\/apuntesdesanluis.com\/index.php\/2023\/09\/27\/condenaron-a-claudio-uberti-y-absolvieron-a-de-vido-y-a-echegaray-por-el-caso-de-la-valija-de-antonini-wilson\/#primaryimage"},"thumbnailUrl":"https:\/\/apuntesdesanluis.com\/wp-content\/uploads\/2023\/09\/uberti.png","articleSection":["Nacionales\/Internacionales"],"inLanguage":"es-AR"},{"@type":"WebPage","@id":"https:\/\/apuntesdesanluis.com\/index.php\/2023\/09\/27\/condenaron-a-claudio-uberti-y-absolvieron-a-de-vido-y-a-echegaray-por-el-caso-de-la-valija-de-antonini-wilson\/","url":"https:\/\/apuntesdesanluis.com\/index.php\/2023\/09\/27\/condenaron-a-claudio-uberti-y-absolvieron-a-de-vido-y-a-echegaray-por-el-caso-de-la-valija-de-antonini-wilson\/","name":"CONDENARON A CLAUDIO UBERTI Y ABSOLVIERON A DE VIDO Y A ECHEGARAY POR EL CASO DE LA VALIJA DE ANTONINI WILSON - Apuntes de San Luis","isPartOf":{"@id":"https:\/\/apuntesdesanluis.com\/#website"},"primaryImageOfPage":{"@id":"https:\/\/apuntesdesanluis.com\/index.php\/2023\/09\/27\/condenaron-a-claudio-uberti-y-absolvieron-a-de-vido-y-a-echegaray-por-el-caso-de-la-valija-de-antonini-wilson\/#primaryimage"},"image":{"@id":"https:\/\/apuntesdesanluis.com\/index.php\/2023\/09\/27\/condenaron-a-claudio-uberti-y-absolvieron-a-de-vido-y-a-echegaray-por-el-caso-de-la-valija-de-antonini-wilson\/#primaryimage"},"thumbnailUrl":"https:\/\/apuntesdesanluis.com\/wp-content\/uploads\/2023\/09\/uberti.png","datePublished":"2023-09-27T23:30:55+00:00","breadcrumb":{"@id":"https:\/\/apuntesdesanluis.com\/index.php\/2023\/09\/27\/condenaron-a-claudio-uberti-y-absolvieron-a-de-vido-y-a-echegaray-por-el-caso-de-la-valija-de-antonini-wilson\/#breadcrumb"},"inLanguage":"es-AR","potentialAction":[{"@type":"ReadAction","target":["https:\/\/apuntesdesanluis.com\/index.php\/2023\/09\/27\/condenaron-a-claudio-uberti-y-absolvieron-a-de-vido-y-a-echegaray-por-el-caso-de-la-valija-de-antonini-wilson\/"]}]},{"@type":"ImageObject","inLanguage":"es-AR","@id":"https:\/\/apuntesdesanluis.com\/index.php\/2023\/09\/27\/condenaron-a-claudio-uberti-y-absolvieron-a-de-vido-y-a-echegaray-por-el-caso-de-la-valija-de-antonini-wilson\/#primaryimage","url":"https:\/\/apuntesdesanluis.com\/wp-content\/uploads\/2023\/09\/uberti.png","contentUrl":"https:\/\/apuntesdesanluis.com\/wp-content\/uploads\/2023\/09\/uberti.png","width":779,"height":480},{"@type":"BreadcrumbList","@id":"https:\/\/apuntesdesanluis.com\/index.php\/2023\/09\/27\/condenaron-a-claudio-uberti-y-absolvieron-a-de-vido-y-a-echegaray-por-el-caso-de-la-valija-de-antonini-wilson\/#breadcrumb","itemListElement":[{"@type":"ListItem","position":1,"name":"Inicio","item":"https:\/\/apuntesdesanluis.com\/"},{"@type":"ListItem","position":2,"name":"CONDENARON A CLAUDIO UBERTI Y ABSOLVIERON A DE VIDO Y A ECHEGARAY POR EL CASO DE LA VALIJA DE ANTONINI WILSON"}]},{"@type":"WebSite","@id":"https:\/\/apuntesdesanluis.com\/#website","url":"https:\/\/apuntesdesanluis.com\/","name":"Apuntes de San Luis","description":"","publisher":{"@id":"https:\/\/apuntesdesanluis.com\/#\/schema\/person\/b55151d52296fcce64d1a72538a70b90"},"potentialAction":[{"@type":"SearchAction","target":{"@type":"EntryPoint","urlTemplate":"https:\/\/apuntesdesanluis.com\/?s={search_term_string}"},"query-input":{"@type":"PropertyValueSpecification","valueRequired":true,"valueName":"search_term_string"}}],"inLanguage":"es-AR"},{"@type":["Person","Organization"],"@id":"https:\/\/apuntesdesanluis.com\/#\/schema\/person\/b55151d52296fcce64d1a72538a70b90","name":"apuntesdesanluis.com","image":{"@type":"ImageObject","inLanguage":"es-AR","@id":"https:\/\/apuntesdesanluis.com\/#\/schema\/person\/image\/","url":"https:\/\/apuntesdesanluis.com\/wp-content\/uploads\/2023\/07\/cropped-apuntesdesanluis.png","contentUrl":"https:\/\/apuntesdesanluis.com\/wp-content\/uploads\/2023\/07\/cropped-apuntesdesanluis.png","width":450,"height":112,"caption":"apuntesdesanluis.com"},"logo":{"@id":"https:\/\/apuntesdesanluis.com\/#\/schema\/person\/image\/"},"sameAs":["https:\/\/apuntesdesanluis.com"],"url":"https:\/\/apuntesdesanluis.com\/index.php\/author\/apuntesdesanluis-com\/"}]}},"featured_image_urls":{"full":["https:\/\/apuntesdesanluis.com\/wp-content\/uploads\/2023\/09\/uberti.png",779,480,false],"thumbnail":["https:\/\/apuntesdesanluis.com\/wp-content\/uploads\/2023\/09\/uberti-150x150.png",150,150,true],"medium":["https:\/\/apuntesdesanluis.com\/wp-content\/uploads\/2023\/09\/uberti-300x185.png",300,185,true],"medium_large":["https:\/\/apuntesdesanluis.com\/wp-content\/uploads\/2023\/09\/uberti-768x473.png",640,394,true],"large":["https:\/\/apuntesdesanluis.com\/wp-content\/uploads\/2023\/09\/uberti.png",640,394,false],"1536x1536":["https:\/\/apuntesdesanluis.com\/wp-content\/uploads\/2023\/09\/uberti.png",779,480,false],"2048x2048":["https:\/\/apuntesdesanluis.com\/wp-content\/uploads\/2023\/09\/uberti.png",779,480,false],"newsever-slider-full":["https:\/\/apuntesdesanluis.com\/wp-content\/uploads\/2023\/09\/uberti.png",779,480,false],"newsever-featured":["https:\/\/apuntesdesanluis.com\/wp-content\/uploads\/2023\/09\/uberti.png",779,480,false],"newsever-medium":["https:\/\/apuntesdesanluis.com\/wp-content\/uploads\/2023\/09\/uberti-720x475.png",720,475,true]},"author_info":{"display_name":"apuntesdesanluis.com","author_link":"https:\/\/apuntesdesanluis.com\/index.php\/author\/apuntesdesanluis-com\/"},"category_info":"<a href=\"https:\/\/apuntesdesanluis.com\/index.php\/category\/nacionales-internacionales\/\" rel=\"category tag\">Nacionales\/Internacionales<\/a>","tag_info":"Nacionales\/Internacionales","comment_count":"0","_links":{"self":[{"href":"https:\/\/apuntesdesanluis.com\/index.php\/wp-json\/wp\/v2\/posts\/4229","targetHints":{"allow":["GET"]}}],"collection":[{"href":"https:\/\/apuntesdesanluis.com\/index.php\/wp-json\/wp\/v2\/posts"}],"about":[{"href":"https:\/\/apuntesdesanluis.com\/index.php\/wp-json\/wp\/v2\/types\/post"}],"author":[{"embeddable":true,"href":"https:\/\/apuntesdesanluis.com\/index.php\/wp-json\/wp\/v2\/users\/1"}],"replies":[{"embeddable":true,"href":"https:\/\/apuntesdesanluis.com\/index.php\/wp-json\/wp\/v2\/comments?post=4229"}],"version-history":[{"count":1,"href":"https:\/\/apuntesdesanluis.com\/index.php\/wp-json\/wp\/v2\/posts\/4229\/revisions"}],"predecessor-version":[{"id":4232,"href":"https:\/\/apuntesdesanluis.com\/index.php\/wp-json\/wp\/v2\/posts\/4229\/revisions\/4232"}],"wp:featuredmedia":[{"embeddable":true,"href":"https:\/\/apuntesdesanluis.com\/index.php\/wp-json\/wp\/v2\/media\/4230"}],"wp:attachment":[{"href":"https:\/\/apuntesdesanluis.com\/index.php\/wp-json\/wp\/v2\/media?parent=4229"}],"wp:term":[{"taxonomy":"category","embeddable":true,"href":"https:\/\/apuntesdesanluis.com\/index.php\/wp-json\/wp\/v2\/categories?post=4229"},{"taxonomy":"post_tag","embeddable":true,"href":"https:\/\/apuntesdesanluis.com\/index.php\/wp-json\/wp\/v2\/tags?post=4229"}],"curies":[{"name":"wp","href":"https:\/\/api.w.org\/{rel}","templated":true}]}}