{"id":4248,"date":"2023-09-28T12:47:55","date_gmt":"2023-09-28T15:47:55","guid":{"rendered":"https:\/\/apuntesdesanluis.com\/?p=4248"},"modified":"2023-09-28T12:47:55","modified_gmt":"2023-09-28T15:47:55","slug":"prision-preventiva-para-dos-hombres-imputados-por-robos-en-moto","status":"publish","type":"post","link":"https:\/\/apuntesdesanluis.com\/index.php\/2023\/09\/28\/prision-preventiva-para-dos-hombres-imputados-por-robos-en-moto\/","title":{"rendered":"PRISI\u00d3N PREVENTIVA PARA DOS HOMBRES IMPUTADOS POR ROBOS EN MOTO"},"content":{"rendered":"<h3>El Dr. Alfredo Cuello orden\u00f3 su traslado al Servicio Penitenciario Provincial, en una audiencia que se celebr\u00f3 en la ma\u00f1ana de este jueves.<\/h3>\n<h3>La Fiscal\u00eda de Instrucci\u00f3n N\u00ba 4 de la Segunda Circunscripci\u00f3n Judicial, mencion\u00f3 los riesgos procesales existentes en marco de la investigaci\u00f3n de dos hechos de robo registrados en Villa Mercedes y solicit\u00f3 para los imputados, prisi\u00f3n preventiva por el plazo de 60 d\u00edas.<\/h3>\n<h3>El fiscal, Dr. Leandro Estrada, mencion\u00f3 el pron\u00f3stico punitivo hipot\u00e9tico y explic\u00f3 que uno de los imputados no tiene antecedentes condenatorios, pero s\u00ed otros procesos en tr\u00e1mite. Respecto al otro imputado, mencion\u00f3 que cumpli\u00f3 una condena en suspenso. Asegur\u00f3 que en caso de arribarse a condenas en marco de esta causa, las mismas no ser\u00edan de ejecuci\u00f3n condicional y destac\u00f3 los riesgos procesales y el peligro de fuga.<\/h3>\n<h3>Cabe recordar que el pasado 20 de septiembre se realiz\u00f3 la audiencia de formulaci\u00f3n de cargos donde a los dos hombres se les imput\u00f3 provisoriamente el delito de robo simple en calidad de co autores.<\/h3>\n<h3>A su vez, el pasado lunes se realiz\u00f3 una ampliaci\u00f3n de la formulaci\u00f3n de cargos por otro hecho con las mismas caracter\u00edsticas donde se les formul\u00f3 cargos como co autores del delito de robo calificado por el empleo de un arma.<\/h3>\n<h3>Por su parte, en representaci\u00f3n de los imputados participaron de la audiencia la Dra. Stefan\u00eda Cifuentes y la Dra. Mar\u00eda Laura Fornero. La Dra. Cifuentes formul\u00f3 una reserva de cuestionar evidencias incorporadas al legajo, al momento de realizar la audiencia de control de acusaci\u00f3n y respecto al pedido de medida de coerci\u00f3n formulado por el fiscal, lo rechaz\u00f3, asegur\u00f3 que no existen riesgos procesales ni peligro de fuga.<\/h3>\n<h3>Luego de escuchar a las partes, el Dr. Cuello resolvi\u00f3 hacer lugar al pedido del Ministerio P\u00fablico Fiscal, dict\u00f3 la prisi\u00f3n preventiva para los dos imputados por el t\u00e9rmino de 60 d\u00edas y orden\u00f3 su inmediato traslado al Servicio Penitenciario Provincial. Mencion\u00f3, como consideraciones, la modalidad delictiva y la reiteraci\u00f3n de los hechos.<\/h3>\n<h3>Para obtener m\u00e1s informaci\u00f3n sobre este caso ingrese al siguiente enlace: <span style=\"color: #3366ff;\"><a style=\"color: #3366ff;\" href=\"https:\/\/www.periodicojudicial.gov.ar\/villa-mercedes-dos-detenidos-por-robar-en-moto-en-el-barrio-mil-viviendas\/\">https:\/\/www.periodicojudicial.gov.ar\/villa-mercedes-dos-detenidos-por-robar-en-moto-en-el-barrio-mil-viviendas\/<\/a> \u00a0\u00a0<\/span><\/h3>\n","protected":false},"excerpt":{"rendered":"<p>El Dr. Alfredo Cuello orden\u00f3 su traslado al Servicio Penitenciario Provincial, en una audiencia que&#8230;<\/p>\n","protected":false},"author":1,"featured_media":4249,"comment_status":"closed","ping_status":"closed","sticky":false,"template":"","format":"standard","meta":{"footnotes":""},"categories":[6],"tags":[],"class_list":["post-4248","post","type-post","status-publish","format-standard","has-post-thumbnail","hentry","category-ciudad-provincia"],"yoast_head":"<!-- This site is optimized with the Yoast SEO plugin v26.1.1 - https:\/\/yoast.com\/wordpress\/plugins\/seo\/ -->\n<title>PRISI\u00d3N PREVENTIVA PARA DOS HOMBRES IMPUTADOS POR ROBOS EN MOTO - Apuntes de San Luis<\/title>\n<meta name=\"robots\" content=\"index, follow, max-snippet:-1, max-image-preview:large, max-video-preview:-1\" \/>\n<link rel=\"canonical\" href=\"https:\/\/apuntesdesanluis.com\/index.php\/2023\/09\/28\/prision-preventiva-para-dos-hombres-imputados-por-robos-en-moto\/\" \/>\n<meta property=\"og:locale\" content=\"es_ES\" \/>\n<meta property=\"og:type\" content=\"article\" \/>\n<meta property=\"og:title\" content=\"PRISI\u00d3N PREVENTIVA PARA DOS HOMBRES IMPUTADOS POR ROBOS EN MOTO - Apuntes de San Luis\" \/>\n<meta property=\"og:description\" content=\"El Dr. Alfredo Cuello orden\u00f3 su traslado al Servicio Penitenciario Provincial, en una audiencia que...\" \/>\n<meta property=\"og:url\" content=\"https:\/\/apuntesdesanluis.com\/index.php\/2023\/09\/28\/prision-preventiva-para-dos-hombres-imputados-por-robos-en-moto\/\" \/>\n<meta property=\"og:site_name\" content=\"Apuntes de San Luis\" \/>\n<meta property=\"article:published_time\" content=\"2023-09-28T15:47:55+00:00\" \/>\n<meta property=\"og:image\" content=\"https:\/\/apuntesdesanluis.com\/wp-content\/uploads\/2023\/09\/AUDIENC-IA.png\" \/>\n\t<meta property=\"og:image:width\" content=\"572\" \/>\n\t<meta property=\"og:image:height\" content=\"346\" \/>\n\t<meta property=\"og:image:type\" content=\"image\/png\" \/>\n<meta name=\"author\" content=\"apuntesdesanluis.com\" \/>\n<meta name=\"twitter:card\" content=\"summary_large_image\" \/>\n<meta name=\"twitter:label1\" content=\"Escrito por\" \/>\n\t<meta name=\"twitter:data1\" content=\"apuntesdesanluis.com\" \/>\n\t<meta name=\"twitter:label2\" content=\"Tiempo de lectura\" \/>\n\t<meta name=\"twitter:data2\" content=\"2 minutos\" \/>\n<script type=\"application\/ld+json\" class=\"yoast-schema-graph\">{\"@context\":\"https:\/\/schema.org\",\"@graph\":[{\"@type\":\"Article\",\"@id\":\"https:\/\/apuntesdesanluis.com\/index.php\/2023\/09\/28\/prision-preventiva-para-dos-hombres-imputados-por-robos-en-moto\/#article\",\"isPartOf\":{\"@id\":\"https:\/\/apuntesdesanluis.com\/index.php\/2023\/09\/28\/prision-preventiva-para-dos-hombres-imputados-por-robos-en-moto\/\"},\"author\":{\"name\":\"apuntesdesanluis.com\",\"@id\":\"https:\/\/apuntesdesanluis.com\/#\/schema\/person\/b55151d52296fcce64d1a72538a70b90\"},\"headline\":\"PRISI\u00d3N PREVENTIVA PARA DOS HOMBRES IMPUTADOS POR ROBOS EN MOTO\",\"datePublished\":\"2023-09-28T15:47:55+00:00\",\"mainEntityOfPage\":{\"@id\":\"https:\/\/apuntesdesanluis.com\/index.php\/2023\/09\/28\/prision-preventiva-para-dos-hombres-imputados-por-robos-en-moto\/\"},\"wordCount\":383,\"publisher\":{\"@id\":\"https:\/\/apuntesdesanluis.com\/#\/schema\/person\/b55151d52296fcce64d1a72538a70b90\"},\"image\":{\"@id\":\"https:\/\/apuntesdesanluis.com\/index.php\/2023\/09\/28\/prision-preventiva-para-dos-hombres-imputados-por-robos-en-moto\/#primaryimage\"},\"thumbnailUrl\":\"https:\/\/apuntesdesanluis.com\/wp-content\/uploads\/2023\/09\/AUDIENC-IA.png\",\"articleSection\":[\"Ciudad\/Provincia\"],\"inLanguage\":\"es-AR\"},{\"@type\":\"WebPage\",\"@id\":\"https:\/\/apuntesdesanluis.com\/index.php\/2023\/09\/28\/prision-preventiva-para-dos-hombres-imputados-por-robos-en-moto\/\",\"url\":\"https:\/\/apuntesdesanluis.com\/index.php\/2023\/09\/28\/prision-preventiva-para-dos-hombres-imputados-por-robos-en-moto\/\",\"name\":\"PRISI\u00d3N PREVENTIVA PARA DOS HOMBRES IMPUTADOS POR ROBOS EN MOTO - Apuntes de San Luis\",\"isPartOf\":{\"@id\":\"https:\/\/apuntesdesanluis.com\/#website\"},\"primaryImageOfPage\":{\"@id\":\"https:\/\/apuntesdesanluis.com\/index.php\/2023\/09\/28\/prision-preventiva-para-dos-hombres-imputados-por-robos-en-moto\/#primaryimage\"},\"image\":{\"@id\":\"https:\/\/apuntesdesanluis.com\/index.php\/2023\/09\/28\/prision-preventiva-para-dos-hombres-imputados-por-robos-en-moto\/#primaryimage\"},\"thumbnailUrl\":\"https:\/\/apuntesdesanluis.com\/wp-content\/uploads\/2023\/09\/AUDIENC-IA.png\",\"datePublished\":\"2023-09-28T15:47:55+00:00\",\"breadcrumb\":{\"@id\":\"https:\/\/apuntesdesanluis.com\/index.php\/2023\/09\/28\/prision-preventiva-para-dos-hombres-imputados-por-robos-en-moto\/#breadcrumb\"},\"inLanguage\":\"es-AR\",\"potentialAction\":[{\"@type\":\"ReadAction\",\"target\":[\"https:\/\/apuntesdesanluis.com\/index.php\/2023\/09\/28\/prision-preventiva-para-dos-hombres-imputados-por-robos-en-moto\/\"]}]},{\"@type\":\"ImageObject\",\"inLanguage\":\"es-AR\",\"@id\":\"https:\/\/apuntesdesanluis.com\/index.php\/2023\/09\/28\/prision-preventiva-para-dos-hombres-imputados-por-robos-en-moto\/#primaryimage\",\"url\":\"https:\/\/apuntesdesanluis.com\/wp-content\/uploads\/2023\/09\/AUDIENC-IA.png\",\"contentUrl\":\"https:\/\/apuntesdesanluis.com\/wp-content\/uploads\/2023\/09\/AUDIENC-IA.png\",\"width\":572,\"height\":346},{\"@type\":\"BreadcrumbList\",\"@id\":\"https:\/\/apuntesdesanluis.com\/index.php\/2023\/09\/28\/prision-preventiva-para-dos-hombres-imputados-por-robos-en-moto\/#breadcrumb\",\"itemListElement\":[{\"@type\":\"ListItem\",\"position\":1,\"name\":\"Inicio\",\"item\":\"https:\/\/apuntesdesanluis.com\/\"},{\"@type\":\"ListItem\",\"position\":2,\"name\":\"PRISI\u00d3N PREVENTIVA PARA DOS HOMBRES IMPUTADOS POR ROBOS EN MOTO\"}]},{\"@type\":\"WebSite\",\"@id\":\"https:\/\/apuntesdesanluis.com\/#website\",\"url\":\"https:\/\/apuntesdesanluis.com\/\",\"name\":\"Apuntes de San Luis\",\"description\":\"\",\"publisher\":{\"@id\":\"https:\/\/apuntesdesanluis.com\/#\/schema\/person\/b55151d52296fcce64d1a72538a70b90\"},\"potentialAction\":[{\"@type\":\"SearchAction\",\"target\":{\"@type\":\"EntryPoint\",\"urlTemplate\":\"https:\/\/apuntesdesanluis.com\/?s={search_term_string}\"},\"query-input\":{\"@type\":\"PropertyValueSpecification\",\"valueRequired\":true,\"valueName\":\"search_term_string\"}}],\"inLanguage\":\"es-AR\"},{\"@type\":[\"Person\",\"Organization\"],\"@id\":\"https:\/\/apuntesdesanluis.com\/#\/schema\/person\/b55151d52296fcce64d1a72538a70b90\",\"name\":\"apuntesdesanluis.com\",\"image\":{\"@type\":\"ImageObject\",\"inLanguage\":\"es-AR\",\"@id\":\"https:\/\/apuntesdesanluis.com\/#\/schema\/person\/image\/\",\"url\":\"https:\/\/apuntesdesanluis.com\/wp-content\/uploads\/2023\/07\/cropped-apuntesdesanluis.png\",\"contentUrl\":\"https:\/\/apuntesdesanluis.com\/wp-content\/uploads\/2023\/07\/cropped-apuntesdesanluis.png\",\"width\":450,\"height\":112,\"caption\":\"apuntesdesanluis.com\"},\"logo\":{\"@id\":\"https:\/\/apuntesdesanluis.com\/#\/schema\/person\/image\/\"},\"sameAs\":[\"https:\/\/apuntesdesanluis.com\"],\"url\":\"https:\/\/apuntesdesanluis.com\/index.php\/author\/apuntesdesanluis-com\/\"}]}<\/script>\n<!-- \/ Yoast SEO plugin. -->","yoast_head_json":{"title":"PRISI\u00d3N PREVENTIVA PARA DOS HOMBRES IMPUTADOS POR ROBOS EN MOTO - Apuntes de San Luis","robots":{"index":"index","follow":"follow","max-snippet":"max-snippet:-1","max-image-preview":"max-image-preview:large","max-video-preview":"max-video-preview:-1"},"canonical":"https:\/\/apuntesdesanluis.com\/index.php\/2023\/09\/28\/prision-preventiva-para-dos-hombres-imputados-por-robos-en-moto\/","og_locale":"es_ES","og_type":"article","og_title":"PRISI\u00d3N PREVENTIVA PARA DOS HOMBRES IMPUTADOS POR ROBOS EN MOTO - Apuntes de San Luis","og_description":"El Dr. Alfredo Cuello orden\u00f3 su traslado al Servicio Penitenciario Provincial, en una audiencia que...","og_url":"https:\/\/apuntesdesanluis.com\/index.php\/2023\/09\/28\/prision-preventiva-para-dos-hombres-imputados-por-robos-en-moto\/","og_site_name":"Apuntes de San Luis","article_published_time":"2023-09-28T15:47:55+00:00","og_image":[{"width":572,"height":346,"url":"https:\/\/apuntesdesanluis.com\/wp-content\/uploads\/2023\/09\/AUDIENC-IA.png","type":"image\/png"}],"author":"apuntesdesanluis.com","twitter_card":"summary_large_image","twitter_misc":{"Escrito por":"apuntesdesanluis.com","Tiempo de lectura":"2 minutos"},"schema":{"@context":"https:\/\/schema.org","@graph":[{"@type":"Article","@id":"https:\/\/apuntesdesanluis.com\/index.php\/2023\/09\/28\/prision-preventiva-para-dos-hombres-imputados-por-robos-en-moto\/#article","isPartOf":{"@id":"https:\/\/apuntesdesanluis.com\/index.php\/2023\/09\/28\/prision-preventiva-para-dos-hombres-imputados-por-robos-en-moto\/"},"author":{"name":"apuntesdesanluis.com","@id":"https:\/\/apuntesdesanluis.com\/#\/schema\/person\/b55151d52296fcce64d1a72538a70b90"},"headline":"PRISI\u00d3N PREVENTIVA PARA DOS HOMBRES IMPUTADOS POR ROBOS EN MOTO","datePublished":"2023-09-28T15:47:55+00:00","mainEntityOfPage":{"@id":"https:\/\/apuntesdesanluis.com\/index.php\/2023\/09\/28\/prision-preventiva-para-dos-hombres-imputados-por-robos-en-moto\/"},"wordCount":383,"publisher":{"@id":"https:\/\/apuntesdesanluis.com\/#\/schema\/person\/b55151d52296fcce64d1a72538a70b90"},"image":{"@id":"https:\/\/apuntesdesanluis.com\/index.php\/2023\/09\/28\/prision-preventiva-para-dos-hombres-imputados-por-robos-en-moto\/#primaryimage"},"thumbnailUrl":"https:\/\/apuntesdesanluis.com\/wp-content\/uploads\/2023\/09\/AUDIENC-IA.png","articleSection":["Ciudad\/Provincia"],"inLanguage":"es-AR"},{"@type":"WebPage","@id":"https:\/\/apuntesdesanluis.com\/index.php\/2023\/09\/28\/prision-preventiva-para-dos-hombres-imputados-por-robos-en-moto\/","url":"https:\/\/apuntesdesanluis.com\/index.php\/2023\/09\/28\/prision-preventiva-para-dos-hombres-imputados-por-robos-en-moto\/","name":"PRISI\u00d3N PREVENTIVA PARA DOS HOMBRES IMPUTADOS POR ROBOS EN MOTO - Apuntes de San Luis","isPartOf":{"@id":"https:\/\/apuntesdesanluis.com\/#website"},"primaryImageOfPage":{"@id":"https:\/\/apuntesdesanluis.com\/index.php\/2023\/09\/28\/prision-preventiva-para-dos-hombres-imputados-por-robos-en-moto\/#primaryimage"},"image":{"@id":"https:\/\/apuntesdesanluis.com\/index.php\/2023\/09\/28\/prision-preventiva-para-dos-hombres-imputados-por-robos-en-moto\/#primaryimage"},"thumbnailUrl":"https:\/\/apuntesdesanluis.com\/wp-content\/uploads\/2023\/09\/AUDIENC-IA.png","datePublished":"2023-09-28T15:47:55+00:00","breadcrumb":{"@id":"https:\/\/apuntesdesanluis.com\/index.php\/2023\/09\/28\/prision-preventiva-para-dos-hombres-imputados-por-robos-en-moto\/#breadcrumb"},"inLanguage":"es-AR","potentialAction":[{"@type":"ReadAction","target":["https:\/\/apuntesdesanluis.com\/index.php\/2023\/09\/28\/prision-preventiva-para-dos-hombres-imputados-por-robos-en-moto\/"]}]},{"@type":"ImageObject","inLanguage":"es-AR","@id":"https:\/\/apuntesdesanluis.com\/index.php\/2023\/09\/28\/prision-preventiva-para-dos-hombres-imputados-por-robos-en-moto\/#primaryimage","url":"https:\/\/apuntesdesanluis.com\/wp-content\/uploads\/2023\/09\/AUDIENC-IA.png","contentUrl":"https:\/\/apuntesdesanluis.com\/wp-content\/uploads\/2023\/09\/AUDIENC-IA.png","width":572,"height":346},{"@type":"BreadcrumbList","@id":"https:\/\/apuntesdesanluis.com\/index.php\/2023\/09\/28\/prision-preventiva-para-dos-hombres-imputados-por-robos-en-moto\/#breadcrumb","itemListElement":[{"@type":"ListItem","position":1,"name":"Inicio","item":"https:\/\/apuntesdesanluis.com\/"},{"@type":"ListItem","position":2,"name":"PRISI\u00d3N PREVENTIVA PARA DOS HOMBRES IMPUTADOS POR ROBOS EN MOTO"}]},{"@type":"WebSite","@id":"https:\/\/apuntesdesanluis.com\/#website","url":"https:\/\/apuntesdesanluis.com\/","name":"Apuntes de San Luis","description":"","publisher":{"@id":"https:\/\/apuntesdesanluis.com\/#\/schema\/person\/b55151d52296fcce64d1a72538a70b90"},"potentialAction":[{"@type":"SearchAction","target":{"@type":"EntryPoint","urlTemplate":"https:\/\/apuntesdesanluis.com\/?s={search_term_string}"},"query-input":{"@type":"PropertyValueSpecification","valueRequired":true,"valueName":"search_term_string"}}],"inLanguage":"es-AR"},{"@type":["Person","Organization"],"@id":"https:\/\/apuntesdesanluis.com\/#\/schema\/person\/b55151d52296fcce64d1a72538a70b90","name":"apuntesdesanluis.com","image":{"@type":"ImageObject","inLanguage":"es-AR","@id":"https:\/\/apuntesdesanluis.com\/#\/schema\/person\/image\/","url":"https:\/\/apuntesdesanluis.com\/wp-content\/uploads\/2023\/07\/cropped-apuntesdesanluis.png","contentUrl":"https:\/\/apuntesdesanluis.com\/wp-content\/uploads\/2023\/07\/cropped-apuntesdesanluis.png","width":450,"height":112,"caption":"apuntesdesanluis.com"},"logo":{"@id":"https:\/\/apuntesdesanluis.com\/#\/schema\/person\/image\/"},"sameAs":["https:\/\/apuntesdesanluis.com"],"url":"https:\/\/apuntesdesanluis.com\/index.php\/author\/apuntesdesanluis-com\/"}]}},"featured_image_urls":{"full":["https:\/\/apuntesdesanluis.com\/wp-content\/uploads\/2023\/09\/AUDIENC-IA.png",572,346,false],"thumbnail":["https:\/\/apuntesdesanluis.com\/wp-content\/uploads\/2023\/09\/AUDIENC-IA-150x150.png",150,150,true],"medium":["https:\/\/apuntesdesanluis.com\/wp-content\/uploads\/2023\/09\/AUDIENC-IA-300x181.png",300,181,true],"medium_large":["https:\/\/apuntesdesanluis.com\/wp-content\/uploads\/2023\/09\/AUDIENC-IA.png",572,346,false],"large":["https:\/\/apuntesdesanluis.com\/wp-content\/uploads\/2023\/09\/AUDIENC-IA.png",572,346,false],"1536x1536":["https:\/\/apuntesdesanluis.com\/wp-content\/uploads\/2023\/09\/AUDIENC-IA.png",572,346,false],"2048x2048":["https:\/\/apuntesdesanluis.com\/wp-content\/uploads\/2023\/09\/AUDIENC-IA.png",572,346,false],"newsever-slider-full":["https:\/\/apuntesdesanluis.com\/wp-content\/uploads\/2023\/09\/AUDIENC-IA.png",572,346,false],"newsever-featured":["https:\/\/apuntesdesanluis.com\/wp-content\/uploads\/2023\/09\/AUDIENC-IA.png",572,346,false],"newsever-medium":["https:\/\/apuntesdesanluis.com\/wp-content\/uploads\/2023\/09\/AUDIENC-IA.png",572,346,false]},"author_info":{"display_name":"apuntesdesanluis.com","author_link":"https:\/\/apuntesdesanluis.com\/index.php\/author\/apuntesdesanluis-com\/"},"category_info":"<a href=\"https:\/\/apuntesdesanluis.com\/index.php\/category\/ciudad-provincia\/\" rel=\"category tag\">Ciudad\/Provincia<\/a>","tag_info":"Ciudad\/Provincia","comment_count":"0","_links":{"self":[{"href":"https:\/\/apuntesdesanluis.com\/index.php\/wp-json\/wp\/v2\/posts\/4248","targetHints":{"allow":["GET"]}}],"collection":[{"href":"https:\/\/apuntesdesanluis.com\/index.php\/wp-json\/wp\/v2\/posts"}],"about":[{"href":"https:\/\/apuntesdesanluis.com\/index.php\/wp-json\/wp\/v2\/types\/post"}],"author":[{"embeddable":true,"href":"https:\/\/apuntesdesanluis.com\/index.php\/wp-json\/wp\/v2\/users\/1"}],"replies":[{"embeddable":true,"href":"https:\/\/apuntesdesanluis.com\/index.php\/wp-json\/wp\/v2\/comments?post=4248"}],"version-history":[{"count":1,"href":"https:\/\/apuntesdesanluis.com\/index.php\/wp-json\/wp\/v2\/posts\/4248\/revisions"}],"predecessor-version":[{"id":4250,"href":"https:\/\/apuntesdesanluis.com\/index.php\/wp-json\/wp\/v2\/posts\/4248\/revisions\/4250"}],"wp:featuredmedia":[{"embeddable":true,"href":"https:\/\/apuntesdesanluis.com\/index.php\/wp-json\/wp\/v2\/media\/4249"}],"wp:attachment":[{"href":"https:\/\/apuntesdesanluis.com\/index.php\/wp-json\/wp\/v2\/media?parent=4248"}],"wp:term":[{"taxonomy":"category","embeddable":true,"href":"https:\/\/apuntesdesanluis.com\/index.php\/wp-json\/wp\/v2\/categories?post=4248"},{"taxonomy":"post_tag","embeddable":true,"href":"https:\/\/apuntesdesanluis.com\/index.php\/wp-json\/wp\/v2\/tags?post=4248"}],"curies":[{"name":"wp","href":"https:\/\/api.w.org\/{rel}","templated":true}]}}