{"id":4257,"date":"2023-09-28T17:54:16","date_gmt":"2023-09-28T20:54:16","guid":{"rendered":"https:\/\/apuntesdesanluis.com\/?p=4257"},"modified":"2023-09-28T17:54:48","modified_gmt":"2023-09-28T20:54:48","slug":"la-escuela-no-445-rio-quinto-grabo-en-casa-de-la-musica-con-36-estudiantes","status":"publish","type":"post","link":"https:\/\/apuntesdesanluis.com\/index.php\/2023\/09\/28\/la-escuela-no-445-rio-quinto-grabo-en-casa-de-la-musica-con-36-estudiantes\/","title":{"rendered":"LA ESCUELA N\u00ba 445 \u201cR\u00cdO QUINTO\u201d GRAB\u00d3 EN CASA DE LA M\u00daSICA CON 36 ESTUDIANTES"},"content":{"rendered":"<h3>El pasado mi\u00e9rcoles 27 un establecimiento de la zona este de Villa Mercedes grab\u00f3 dos canciones en Casa de la M\u00fasica. La escuela 445 R\u00edo Quinto del Barrio 1000 viviendas, a cargo de la directora Sonia Vranken, se sum\u00f3 al proyecto del Mes de las Infancias junto a 36 alumnos de 9 a 11 a\u00f1os de edad.<\/h3>\n<h3>Con dos canciones preparadas por ni\u00f1os de 4\u00ba, 5\u00ba, 6\u00ba grado y junto a sus profesores de m\u00fasica, Mariana Cardozo y Oscar Huelmo, disfrutaron de una ma\u00f1ana de grabaci\u00f3n agradable y amena.<\/h3>\n<p><img fetchpriority=\"high\" decoding=\"async\" class=\"wp-image-4259 aligncenter\" src=\"https:\/\/apuntesdesanluis.com\/wp-content\/uploads\/2023\/09\/dos-casa-de-la-musica-300x105.png\" alt=\"\" width=\"602\" height=\"211\" srcset=\"https:\/\/apuntesdesanluis.com\/wp-content\/uploads\/2023\/09\/dos-casa-de-la-musica-300x105.png 300w, https:\/\/apuntesdesanluis.com\/wp-content\/uploads\/2023\/09\/dos-casa-de-la-musica.png 691w\" sizes=\"(max-width: 602px) 100vw, 602px\" \/><\/p>\n<h3>Los alumnos grabaron el \u201cHimno de la Escuela R\u00edo V\u201d y \u201cDigo a Juana Koslay\u201d, una conjunci\u00f3n de tonada cuyana y cueca, que presentaron hace un tiempo en los Intercolegiales Culturales.<\/h3>\n<h3><img decoding=\"async\" class=\"wp-image-4260 aligncenter\" src=\"https:\/\/apuntesdesanluis.com\/wp-content\/uploads\/2023\/09\/dos-1-1-300x106.png\" alt=\"\" width=\"589\" height=\"208\" srcset=\"https:\/\/apuntesdesanluis.com\/wp-content\/uploads\/2023\/09\/dos-1-1-300x106.png 300w, https:\/\/apuntesdesanluis.com\/wp-content\/uploads\/2023\/09\/dos-1-1.png 679w\" sizes=\"(max-width: 589px) 100vw, 589px\" \/><\/h3>\n<h3>El profe Oscar mencion\u00f3: \u201cLos chicos que fueron a grabar a Casa de la M\u00fasica, integran el coro de la Escuela, un grupo que est\u00e1 a cargo m\u00edo y de la Profe Mariana Cardozo. Ella toc\u00f3 el piano durante la grabaci\u00f3n\u201d.<\/h3>\n<h3>Fue una linda experiencia, tanto para los chicos como para nosotros. Muy buena la atenci\u00f3n tanto de los t\u00e9cnicos, como de todo el personal de Casa de la M\u00fasica que nos permitieron grabar con toda la comunidad y aprovechando, no solo de las incre\u00edbles instalaciones, sino tambi\u00e9n del piano que nos prest\u00f3 C\u00e9sar Guerberoff\u201d.<\/h3>\n<p>&nbsp;<\/p>\n<p>&nbsp;<\/p>\n","protected":false},"excerpt":{"rendered":"<p>El pasado mi\u00e9rcoles 27 un establecimiento de la zona este de Villa Mercedes grab\u00f3 dos&#8230;<\/p>\n","protected":false},"author":1,"featured_media":4258,"comment_status":"closed","ping_status":"closed","sticky":false,"template":"","format":"standard","meta":{"footnotes":""},"categories":[6],"tags":[],"class_list":["post-4257","post","type-post","status-publish","format-standard","has-post-thumbnail","hentry","category-ciudad-provincia"],"yoast_head":"<!-- This site is optimized with the Yoast SEO plugin v26.1.1 - https:\/\/yoast.com\/wordpress\/plugins\/seo\/ -->\n<title>LA ESCUELA N\u00ba 445 \u201cR\u00cdO QUINTO\u201d GRAB\u00d3 EN CASA DE LA M\u00daSICA CON 36 ESTUDIANTES - Apuntes de San Luis<\/title>\n<meta name=\"robots\" content=\"index, follow, max-snippet:-1, max-image-preview:large, max-video-preview:-1\" \/>\n<link rel=\"canonical\" href=\"https:\/\/apuntesdesanluis.com\/index.php\/2023\/09\/28\/la-escuela-no-445-rio-quinto-grabo-en-casa-de-la-musica-con-36-estudiantes\/\" \/>\n<meta property=\"og:locale\" content=\"es_ES\" \/>\n<meta property=\"og:type\" content=\"article\" \/>\n<meta property=\"og:title\" content=\"LA ESCUELA N\u00ba 445 \u201cR\u00cdO QUINTO\u201d GRAB\u00d3 EN CASA DE LA M\u00daSICA CON 36 ESTUDIANTES - Apuntes de San Luis\" \/>\n<meta property=\"og:description\" content=\"El pasado mi\u00e9rcoles 27 un establecimiento de la zona este de Villa Mercedes grab\u00f3 dos...\" \/>\n<meta property=\"og:url\" content=\"https:\/\/apuntesdesanluis.com\/index.php\/2023\/09\/28\/la-escuela-no-445-rio-quinto-grabo-en-casa-de-la-musica-con-36-estudiantes\/\" \/>\n<meta property=\"og:site_name\" content=\"Apuntes de San Luis\" \/>\n<meta property=\"article:published_time\" content=\"2023-09-28T20:54:16+00:00\" \/>\n<meta property=\"article:modified_time\" content=\"2023-09-28T20:54:48+00:00\" \/>\n<meta property=\"og:image\" content=\"https:\/\/apuntesdesanluis.com\/wp-content\/uploads\/2023\/09\/escuela-rio-v.png\" \/>\n\t<meta property=\"og:image:width\" content=\"600\" \/>\n\t<meta property=\"og:image:height\" content=\"398\" \/>\n\t<meta property=\"og:image:type\" content=\"image\/png\" \/>\n<meta name=\"author\" content=\"apuntesdesanluis.com\" \/>\n<meta name=\"twitter:card\" content=\"summary_large_image\" \/>\n<meta name=\"twitter:label1\" content=\"Escrito por\" \/>\n\t<meta name=\"twitter:data1\" content=\"apuntesdesanluis.com\" \/>\n\t<meta name=\"twitter:label2\" content=\"Tiempo de lectura\" \/>\n\t<meta name=\"twitter:data2\" content=\"2 minutos\" \/>\n<script type=\"application\/ld+json\" class=\"yoast-schema-graph\">{\"@context\":\"https:\/\/schema.org\",\"@graph\":[{\"@type\":\"Article\",\"@id\":\"https:\/\/apuntesdesanluis.com\/index.php\/2023\/09\/28\/la-escuela-no-445-rio-quinto-grabo-en-casa-de-la-musica-con-36-estudiantes\/#article\",\"isPartOf\":{\"@id\":\"https:\/\/apuntesdesanluis.com\/index.php\/2023\/09\/28\/la-escuela-no-445-rio-quinto-grabo-en-casa-de-la-musica-con-36-estudiantes\/\"},\"author\":{\"name\":\"apuntesdesanluis.com\",\"@id\":\"https:\/\/apuntesdesanluis.com\/#\/schema\/person\/b55151d52296fcce64d1a72538a70b90\"},\"headline\":\"LA ESCUELA N\u00ba 445 \u201cR\u00cdO QUINTO\u201d GRAB\u00d3 EN CASA DE LA M\u00daSICA CON 36 ESTUDIANTES\",\"datePublished\":\"2023-09-28T20:54:16+00:00\",\"dateModified\":\"2023-09-28T20:54:48+00:00\",\"mainEntityOfPage\":{\"@id\":\"https:\/\/apuntesdesanluis.com\/index.php\/2023\/09\/28\/la-escuela-no-445-rio-quinto-grabo-en-casa-de-la-musica-con-36-estudiantes\/\"},\"wordCount\":242,\"publisher\":{\"@id\":\"https:\/\/apuntesdesanluis.com\/#\/schema\/person\/b55151d52296fcce64d1a72538a70b90\"},\"image\":{\"@id\":\"https:\/\/apuntesdesanluis.com\/index.php\/2023\/09\/28\/la-escuela-no-445-rio-quinto-grabo-en-casa-de-la-musica-con-36-estudiantes\/#primaryimage\"},\"thumbnailUrl\":\"https:\/\/apuntesdesanluis.com\/wp-content\/uploads\/2023\/09\/escuela-rio-v.png\",\"articleSection\":[\"Ciudad\/Provincia\"],\"inLanguage\":\"es-AR\"},{\"@type\":\"WebPage\",\"@id\":\"https:\/\/apuntesdesanluis.com\/index.php\/2023\/09\/28\/la-escuela-no-445-rio-quinto-grabo-en-casa-de-la-musica-con-36-estudiantes\/\",\"url\":\"https:\/\/apuntesdesanluis.com\/index.php\/2023\/09\/28\/la-escuela-no-445-rio-quinto-grabo-en-casa-de-la-musica-con-36-estudiantes\/\",\"name\":\"LA ESCUELA N\u00ba 445 \u201cR\u00cdO QUINTO\u201d GRAB\u00d3 EN CASA DE LA M\u00daSICA CON 36 ESTUDIANTES - Apuntes de San Luis\",\"isPartOf\":{\"@id\":\"https:\/\/apuntesdesanluis.com\/#website\"},\"primaryImageOfPage\":{\"@id\":\"https:\/\/apuntesdesanluis.com\/index.php\/2023\/09\/28\/la-escuela-no-445-rio-quinto-grabo-en-casa-de-la-musica-con-36-estudiantes\/#primaryimage\"},\"image\":{\"@id\":\"https:\/\/apuntesdesanluis.com\/index.php\/2023\/09\/28\/la-escuela-no-445-rio-quinto-grabo-en-casa-de-la-musica-con-36-estudiantes\/#primaryimage\"},\"thumbnailUrl\":\"https:\/\/apuntesdesanluis.com\/wp-content\/uploads\/2023\/09\/escuela-rio-v.png\",\"datePublished\":\"2023-09-28T20:54:16+00:00\",\"dateModified\":\"2023-09-28T20:54:48+00:00\",\"breadcrumb\":{\"@id\":\"https:\/\/apuntesdesanluis.com\/index.php\/2023\/09\/28\/la-escuela-no-445-rio-quinto-grabo-en-casa-de-la-musica-con-36-estudiantes\/#breadcrumb\"},\"inLanguage\":\"es-AR\",\"potentialAction\":[{\"@type\":\"ReadAction\",\"target\":[\"https:\/\/apuntesdesanluis.com\/index.php\/2023\/09\/28\/la-escuela-no-445-rio-quinto-grabo-en-casa-de-la-musica-con-36-estudiantes\/\"]}]},{\"@type\":\"ImageObject\",\"inLanguage\":\"es-AR\",\"@id\":\"https:\/\/apuntesdesanluis.com\/index.php\/2023\/09\/28\/la-escuela-no-445-rio-quinto-grabo-en-casa-de-la-musica-con-36-estudiantes\/#primaryimage\",\"url\":\"https:\/\/apuntesdesanluis.com\/wp-content\/uploads\/2023\/09\/escuela-rio-v.png\",\"contentUrl\":\"https:\/\/apuntesdesanluis.com\/wp-content\/uploads\/2023\/09\/escuela-rio-v.png\",\"width\":600,\"height\":398},{\"@type\":\"BreadcrumbList\",\"@id\":\"https:\/\/apuntesdesanluis.com\/index.php\/2023\/09\/28\/la-escuela-no-445-rio-quinto-grabo-en-casa-de-la-musica-con-36-estudiantes\/#breadcrumb\",\"itemListElement\":[{\"@type\":\"ListItem\",\"position\":1,\"name\":\"Inicio\",\"item\":\"https:\/\/apuntesdesanluis.com\/\"},{\"@type\":\"ListItem\",\"position\":2,\"name\":\"LA ESCUELA N\u00ba 445 \u201cR\u00cdO QUINTO\u201d GRAB\u00d3 EN CASA DE LA M\u00daSICA CON 36 ESTUDIANTES\"}]},{\"@type\":\"WebSite\",\"@id\":\"https:\/\/apuntesdesanluis.com\/#website\",\"url\":\"https:\/\/apuntesdesanluis.com\/\",\"name\":\"Apuntes de San Luis\",\"description\":\"\",\"publisher\":{\"@id\":\"https:\/\/apuntesdesanluis.com\/#\/schema\/person\/b55151d52296fcce64d1a72538a70b90\"},\"potentialAction\":[{\"@type\":\"SearchAction\",\"target\":{\"@type\":\"EntryPoint\",\"urlTemplate\":\"https:\/\/apuntesdesanluis.com\/?s={search_term_string}\"},\"query-input\":{\"@type\":\"PropertyValueSpecification\",\"valueRequired\":true,\"valueName\":\"search_term_string\"}}],\"inLanguage\":\"es-AR\"},{\"@type\":[\"Person\",\"Organization\"],\"@id\":\"https:\/\/apuntesdesanluis.com\/#\/schema\/person\/b55151d52296fcce64d1a72538a70b90\",\"name\":\"apuntesdesanluis.com\",\"image\":{\"@type\":\"ImageObject\",\"inLanguage\":\"es-AR\",\"@id\":\"https:\/\/apuntesdesanluis.com\/#\/schema\/person\/image\/\",\"url\":\"https:\/\/apuntesdesanluis.com\/wp-content\/uploads\/2023\/07\/cropped-apuntesdesanluis.png\",\"contentUrl\":\"https:\/\/apuntesdesanluis.com\/wp-content\/uploads\/2023\/07\/cropped-apuntesdesanluis.png\",\"width\":450,\"height\":112,\"caption\":\"apuntesdesanluis.com\"},\"logo\":{\"@id\":\"https:\/\/apuntesdesanluis.com\/#\/schema\/person\/image\/\"},\"sameAs\":[\"https:\/\/apuntesdesanluis.com\"],\"url\":\"https:\/\/apuntesdesanluis.com\/index.php\/author\/apuntesdesanluis-com\/\"}]}<\/script>\n<!-- \/ Yoast SEO plugin. -->","yoast_head_json":{"title":"LA ESCUELA N\u00ba 445 \u201cR\u00cdO QUINTO\u201d GRAB\u00d3 EN CASA DE LA M\u00daSICA CON 36 ESTUDIANTES - Apuntes de San Luis","robots":{"index":"index","follow":"follow","max-snippet":"max-snippet:-1","max-image-preview":"max-image-preview:large","max-video-preview":"max-video-preview:-1"},"canonical":"https:\/\/apuntesdesanluis.com\/index.php\/2023\/09\/28\/la-escuela-no-445-rio-quinto-grabo-en-casa-de-la-musica-con-36-estudiantes\/","og_locale":"es_ES","og_type":"article","og_title":"LA ESCUELA N\u00ba 445 \u201cR\u00cdO QUINTO\u201d GRAB\u00d3 EN CASA DE LA M\u00daSICA CON 36 ESTUDIANTES - Apuntes de San Luis","og_description":"El pasado mi\u00e9rcoles 27 un establecimiento de la zona este de Villa Mercedes grab\u00f3 dos...","og_url":"https:\/\/apuntesdesanluis.com\/index.php\/2023\/09\/28\/la-escuela-no-445-rio-quinto-grabo-en-casa-de-la-musica-con-36-estudiantes\/","og_site_name":"Apuntes de San Luis","article_published_time":"2023-09-28T20:54:16+00:00","article_modified_time":"2023-09-28T20:54:48+00:00","og_image":[{"width":600,"height":398,"url":"https:\/\/apuntesdesanluis.com\/wp-content\/uploads\/2023\/09\/escuela-rio-v.png","type":"image\/png"}],"author":"apuntesdesanluis.com","twitter_card":"summary_large_image","twitter_misc":{"Escrito por":"apuntesdesanluis.com","Tiempo de lectura":"2 minutos"},"schema":{"@context":"https:\/\/schema.org","@graph":[{"@type":"Article","@id":"https:\/\/apuntesdesanluis.com\/index.php\/2023\/09\/28\/la-escuela-no-445-rio-quinto-grabo-en-casa-de-la-musica-con-36-estudiantes\/#article","isPartOf":{"@id":"https:\/\/apuntesdesanluis.com\/index.php\/2023\/09\/28\/la-escuela-no-445-rio-quinto-grabo-en-casa-de-la-musica-con-36-estudiantes\/"},"author":{"name":"apuntesdesanluis.com","@id":"https:\/\/apuntesdesanluis.com\/#\/schema\/person\/b55151d52296fcce64d1a72538a70b90"},"headline":"LA ESCUELA N\u00ba 445 \u201cR\u00cdO QUINTO\u201d GRAB\u00d3 EN CASA DE LA M\u00daSICA CON 36 ESTUDIANTES","datePublished":"2023-09-28T20:54:16+00:00","dateModified":"2023-09-28T20:54:48+00:00","mainEntityOfPage":{"@id":"https:\/\/apuntesdesanluis.com\/index.php\/2023\/09\/28\/la-escuela-no-445-rio-quinto-grabo-en-casa-de-la-musica-con-36-estudiantes\/"},"wordCount":242,"publisher":{"@id":"https:\/\/apuntesdesanluis.com\/#\/schema\/person\/b55151d52296fcce64d1a72538a70b90"},"image":{"@id":"https:\/\/apuntesdesanluis.com\/index.php\/2023\/09\/28\/la-escuela-no-445-rio-quinto-grabo-en-casa-de-la-musica-con-36-estudiantes\/#primaryimage"},"thumbnailUrl":"https:\/\/apuntesdesanluis.com\/wp-content\/uploads\/2023\/09\/escuela-rio-v.png","articleSection":["Ciudad\/Provincia"],"inLanguage":"es-AR"},{"@type":"WebPage","@id":"https:\/\/apuntesdesanluis.com\/index.php\/2023\/09\/28\/la-escuela-no-445-rio-quinto-grabo-en-casa-de-la-musica-con-36-estudiantes\/","url":"https:\/\/apuntesdesanluis.com\/index.php\/2023\/09\/28\/la-escuela-no-445-rio-quinto-grabo-en-casa-de-la-musica-con-36-estudiantes\/","name":"LA ESCUELA N\u00ba 445 \u201cR\u00cdO QUINTO\u201d GRAB\u00d3 EN CASA DE LA M\u00daSICA CON 36 ESTUDIANTES - Apuntes de San Luis","isPartOf":{"@id":"https:\/\/apuntesdesanluis.com\/#website"},"primaryImageOfPage":{"@id":"https:\/\/apuntesdesanluis.com\/index.php\/2023\/09\/28\/la-escuela-no-445-rio-quinto-grabo-en-casa-de-la-musica-con-36-estudiantes\/#primaryimage"},"image":{"@id":"https:\/\/apuntesdesanluis.com\/index.php\/2023\/09\/28\/la-escuela-no-445-rio-quinto-grabo-en-casa-de-la-musica-con-36-estudiantes\/#primaryimage"},"thumbnailUrl":"https:\/\/apuntesdesanluis.com\/wp-content\/uploads\/2023\/09\/escuela-rio-v.png","datePublished":"2023-09-28T20:54:16+00:00","dateModified":"2023-09-28T20:54:48+00:00","breadcrumb":{"@id":"https:\/\/apuntesdesanluis.com\/index.php\/2023\/09\/28\/la-escuela-no-445-rio-quinto-grabo-en-casa-de-la-musica-con-36-estudiantes\/#breadcrumb"},"inLanguage":"es-AR","potentialAction":[{"@type":"ReadAction","target":["https:\/\/apuntesdesanluis.com\/index.php\/2023\/09\/28\/la-escuela-no-445-rio-quinto-grabo-en-casa-de-la-musica-con-36-estudiantes\/"]}]},{"@type":"ImageObject","inLanguage":"es-AR","@id":"https:\/\/apuntesdesanluis.com\/index.php\/2023\/09\/28\/la-escuela-no-445-rio-quinto-grabo-en-casa-de-la-musica-con-36-estudiantes\/#primaryimage","url":"https:\/\/apuntesdesanluis.com\/wp-content\/uploads\/2023\/09\/escuela-rio-v.png","contentUrl":"https:\/\/apuntesdesanluis.com\/wp-content\/uploads\/2023\/09\/escuela-rio-v.png","width":600,"height":398},{"@type":"BreadcrumbList","@id":"https:\/\/apuntesdesanluis.com\/index.php\/2023\/09\/28\/la-escuela-no-445-rio-quinto-grabo-en-casa-de-la-musica-con-36-estudiantes\/#breadcrumb","itemListElement":[{"@type":"ListItem","position":1,"name":"Inicio","item":"https:\/\/apuntesdesanluis.com\/"},{"@type":"ListItem","position":2,"name":"LA ESCUELA N\u00ba 445 \u201cR\u00cdO QUINTO\u201d GRAB\u00d3 EN CASA DE LA M\u00daSICA CON 36 ESTUDIANTES"}]},{"@type":"WebSite","@id":"https:\/\/apuntesdesanluis.com\/#website","url":"https:\/\/apuntesdesanluis.com\/","name":"Apuntes de San Luis","description":"","publisher":{"@id":"https:\/\/apuntesdesanluis.com\/#\/schema\/person\/b55151d52296fcce64d1a72538a70b90"},"potentialAction":[{"@type":"SearchAction","target":{"@type":"EntryPoint","urlTemplate":"https:\/\/apuntesdesanluis.com\/?s={search_term_string}"},"query-input":{"@type":"PropertyValueSpecification","valueRequired":true,"valueName":"search_term_string"}}],"inLanguage":"es-AR"},{"@type":["Person","Organization"],"@id":"https:\/\/apuntesdesanluis.com\/#\/schema\/person\/b55151d52296fcce64d1a72538a70b90","name":"apuntesdesanluis.com","image":{"@type":"ImageObject","inLanguage":"es-AR","@id":"https:\/\/apuntesdesanluis.com\/#\/schema\/person\/image\/","url":"https:\/\/apuntesdesanluis.com\/wp-content\/uploads\/2023\/07\/cropped-apuntesdesanluis.png","contentUrl":"https:\/\/apuntesdesanluis.com\/wp-content\/uploads\/2023\/07\/cropped-apuntesdesanluis.png","width":450,"height":112,"caption":"apuntesdesanluis.com"},"logo":{"@id":"https:\/\/apuntesdesanluis.com\/#\/schema\/person\/image\/"},"sameAs":["https:\/\/apuntesdesanluis.com"],"url":"https:\/\/apuntesdesanluis.com\/index.php\/author\/apuntesdesanluis-com\/"}]}},"featured_image_urls":{"full":["https:\/\/apuntesdesanluis.com\/wp-content\/uploads\/2023\/09\/escuela-rio-v.png",600,398,false],"thumbnail":["https:\/\/apuntesdesanluis.com\/wp-content\/uploads\/2023\/09\/escuela-rio-v-150x150.png",150,150,true],"medium":["https:\/\/apuntesdesanluis.com\/wp-content\/uploads\/2023\/09\/escuela-rio-v-300x199.png",300,199,true],"medium_large":["https:\/\/apuntesdesanluis.com\/wp-content\/uploads\/2023\/09\/escuela-rio-v.png",600,398,false],"large":["https:\/\/apuntesdesanluis.com\/wp-content\/uploads\/2023\/09\/escuela-rio-v.png",600,398,false],"1536x1536":["https:\/\/apuntesdesanluis.com\/wp-content\/uploads\/2023\/09\/escuela-rio-v.png",600,398,false],"2048x2048":["https:\/\/apuntesdesanluis.com\/wp-content\/uploads\/2023\/09\/escuela-rio-v.png",600,398,false],"newsever-slider-full":["https:\/\/apuntesdesanluis.com\/wp-content\/uploads\/2023\/09\/escuela-rio-v.png",600,398,false],"newsever-featured":["https:\/\/apuntesdesanluis.com\/wp-content\/uploads\/2023\/09\/escuela-rio-v.png",600,398,false],"newsever-medium":["https:\/\/apuntesdesanluis.com\/wp-content\/uploads\/2023\/09\/escuela-rio-v.png",600,398,false]},"author_info":{"display_name":"apuntesdesanluis.com","author_link":"https:\/\/apuntesdesanluis.com\/index.php\/author\/apuntesdesanluis-com\/"},"category_info":"<a href=\"https:\/\/apuntesdesanluis.com\/index.php\/category\/ciudad-provincia\/\" rel=\"category tag\">Ciudad\/Provincia<\/a>","tag_info":"Ciudad\/Provincia","comment_count":"0","_links":{"self":[{"href":"https:\/\/apuntesdesanluis.com\/index.php\/wp-json\/wp\/v2\/posts\/4257","targetHints":{"allow":["GET"]}}],"collection":[{"href":"https:\/\/apuntesdesanluis.com\/index.php\/wp-json\/wp\/v2\/posts"}],"about":[{"href":"https:\/\/apuntesdesanluis.com\/index.php\/wp-json\/wp\/v2\/types\/post"}],"author":[{"embeddable":true,"href":"https:\/\/apuntesdesanluis.com\/index.php\/wp-json\/wp\/v2\/users\/1"}],"replies":[{"embeddable":true,"href":"https:\/\/apuntesdesanluis.com\/index.php\/wp-json\/wp\/v2\/comments?post=4257"}],"version-history":[{"count":2,"href":"https:\/\/apuntesdesanluis.com\/index.php\/wp-json\/wp\/v2\/posts\/4257\/revisions"}],"predecessor-version":[{"id":4269,"href":"https:\/\/apuntesdesanluis.com\/index.php\/wp-json\/wp\/v2\/posts\/4257\/revisions\/4269"}],"wp:featuredmedia":[{"embeddable":true,"href":"https:\/\/apuntesdesanluis.com\/index.php\/wp-json\/wp\/v2\/media\/4258"}],"wp:attachment":[{"href":"https:\/\/apuntesdesanluis.com\/index.php\/wp-json\/wp\/v2\/media?parent=4257"}],"wp:term":[{"taxonomy":"category","embeddable":true,"href":"https:\/\/apuntesdesanluis.com\/index.php\/wp-json\/wp\/v2\/categories?post=4257"},{"taxonomy":"post_tag","embeddable":true,"href":"https:\/\/apuntesdesanluis.com\/index.php\/wp-json\/wp\/v2\/tags?post=4257"}],"curies":[{"name":"wp","href":"https:\/\/api.w.org\/{rel}","templated":true}]}}