{"id":4267,"date":"2023-09-28T17:53:48","date_gmt":"2023-09-28T20:53:48","guid":{"rendered":"https:\/\/apuntesdesanluis.com\/?p=4267"},"modified":"2023-09-28T17:53:48","modified_gmt":"2023-09-28T20:53:48","slug":"por-que-el-dolar-libre-subio-mas-de-30-pesos-en-dos-dias-y-se-acerco-a-su-precio-record","status":"publish","type":"post","link":"https:\/\/apuntesdesanluis.com\/index.php\/2023\/09\/28\/por-que-el-dolar-libre-subio-mas-de-30-pesos-en-dos-dias-y-se-acerco-a-su-precio-record\/","title":{"rendered":"POR QU\u00c9 EL D\u00d3LAR LIBRE SUBI\u00d3 M\u00c1S DE 30 PESOS EN DOS D\u00cdAS Y SE ACERC\u00d3 A SU PRECIO R\u00c9CORD"},"content":{"rendered":"<h3>La proximidad de las elecciones, las expectativas de devaluaci\u00f3n junto a la elevada inflaci\u00f3n y la escasez de divisas en las reservas del BCRA impulsan la suba del billete, que este jueves cerr\u00f3 en 790 pesos.<\/h3>\n<h3>El d\u00f3lar libre trepa en lo que va de la semana 45 pesos o un 6% y este jueves finaliz\u00f3 a $790 para la venta, un r\u00e9cord de cierre, y cerca de su m\u00e1ximo nominal intradiario de $795, alcanzado el 16 de agosto, seis semanas atr\u00e1s.<\/h3>\n<h3>Solo en las \u00faltimas dos ruedas sum\u00f3 32 pesos o un 4,2%, cifras que indican una aceleraci\u00f3n en la suba, una tendencia que fue anticipada por los analistas que advirtieron un inevitable proceso de dolarizaci\u00f3n de carteras a menos de un mes de las trascendentales elecciones presidenciales.<\/h3>\n<h3>Por eso, no es dif\u00edcil identificar una serie de indicadores que apuntan en todo los sentidos a un repunte de la cotizaci\u00f3n de los d\u00f3lares operados por fuera del \u201ccepo\u201d y a deshacerse de cualquier excedente de los devaluados pesos antes del 22 de octubre.<\/h3>\n<h3>1) Dolarizaci\u00f3n preelectoral. La compra de d\u00f3lares es una medida preventiva a la que apelan ahorristas y grandes inversores ante la posibilidad un cambio dr\u00e1stico de pol\u00edtica econ\u00f3mica con un nuevo gobierno.<\/h3>\n<h3>\u201cSe empezaron a picar fuerte las distintos precios del d\u00f3lar que hay, el blue, el \u2018contado con liqui\u2019, los 20 tipos de cambio que tenemos en este pa\u00eds empez\u00f3 un importante proceso de dolarizaci\u00f3n, de caras a las elecciones de octubre, lo cual puede abrir la ventana a un evento de incertidumbre absolutamente impensado. La primera gran pregunta que todos tenemos es c\u00f3mo va a abrir el mercado el pr\u00f3ximo 23 de octubre y no me sorprender\u00eda que haya un salto fuerte del d\u00f3lar antes de las elecciones\u201d, coment\u00f3 Germ\u00e1n Fermo, Head of Strategy del Grupo IEB (Invertir en Bolsa).<\/h3>\n<h3>2) Enorme inyecci\u00f3n de pesos. Las medidas oficiales de las \u00faltimas semanas para mejorar el poder adquisitivo de la ciudadan\u00eda tendr\u00e1n su efecto colateral de una inflaci\u00f3n de dos d\u00edgitos en los pr\u00f3ximos meses. Los analistas de GMA Capital advirtieron que \u201cel costo del nuevo \u2018Plan Platita\u2019 asciende a 1,3% del PIB hasta fin de a\u00f1o. Adem\u00e1s, el voto favorable de (Javier) Milei vinculado a la suba del m\u00ednimo no imponible de Ganancias mostr\u00f3 inconsistencias, considerando que probablemente esa pesada herencia recaiga en su persona y en su \u2018Plan Motosierra\u2019\u201d de ajuste fiscal.<\/h3>\n<h3>En la actualidad, este repunte del d\u00f3lar libre se da en simult\u00e1neo con una mayor liquidez en la econom\u00eda, ante la rebaja de impuestos (devoluci\u00f3n del 21% en compras de la canasta b\u00e1sica para trabajadores formales, eliminaci\u00f3n de Ganancias) y el pago extra de beneficios sociales, como el plan de un IFE (Ingreso Familiar de Emergencia) para trabajadores informales.<\/h3>\n<h3>3) Expectativas de devaluaci\u00f3n para fin de a\u00f1o. Tras la devaluaci\u00f3n del 14 de agosto, el d\u00f3lar mayorista qued\u00f3 fijo a $350, en un marco de inflaci\u00f3n no visto desde el primer trimestre de 1991, con una brecha respecto del d\u00f3lar libre en el 125%, un nivel insostenible en el mediano plazo. Por eso, crecen las especulaciones acerca de la posibilidad de un nuevo salto del tipo de cambio oficial una vez que se se consagre un nuevo Presidente para el per\u00edodo 2023-2027, sea en primera vuelta o en un balotaje el 19 de noviembre.<\/h3>\n","protected":false},"excerpt":{"rendered":"<p>La proximidad de las elecciones, las expectativas de devaluaci\u00f3n junto a la elevada inflaci\u00f3n y&#8230;<\/p>\n","protected":false},"author":1,"featured_media":28,"comment_status":"closed","ping_status":"closed","sticky":false,"template":"","format":"standard","meta":{"footnotes":""},"categories":[5],"tags":[],"class_list":["post-4267","post","type-post","status-publish","format-standard","has-post-thumbnail","hentry","category-nacionales-internacionales"],"yoast_head":"<!-- This site is optimized with the Yoast SEO plugin v26.1.1 - https:\/\/yoast.com\/wordpress\/plugins\/seo\/ -->\n<title>POR QU\u00c9 EL D\u00d3LAR LIBRE SUBI\u00d3 M\u00c1S DE 30 PESOS EN DOS D\u00cdAS Y SE ACERC\u00d3 A SU PRECIO R\u00c9CORD - Apuntes de San Luis<\/title>\n<meta name=\"robots\" content=\"index, follow, max-snippet:-1, max-image-preview:large, max-video-preview:-1\" \/>\n<link rel=\"canonical\" href=\"https:\/\/apuntesdesanluis.com\/index.php\/2023\/09\/28\/por-que-el-dolar-libre-subio-mas-de-30-pesos-en-dos-dias-y-se-acerco-a-su-precio-record\/\" \/>\n<meta property=\"og:locale\" content=\"es_ES\" \/>\n<meta property=\"og:type\" content=\"article\" \/>\n<meta property=\"og:title\" content=\"POR QU\u00c9 EL D\u00d3LAR LIBRE SUBI\u00d3 M\u00c1S DE 30 PESOS EN DOS D\u00cdAS Y SE ACERC\u00d3 A SU PRECIO R\u00c9CORD - Apuntes de San Luis\" \/>\n<meta property=\"og:description\" content=\"La proximidad de las elecciones, las expectativas de devaluaci\u00f3n junto a la elevada inflaci\u00f3n y...\" \/>\n<meta property=\"og:url\" content=\"https:\/\/apuntesdesanluis.com\/index.php\/2023\/09\/28\/por-que-el-dolar-libre-subio-mas-de-30-pesos-en-dos-dias-y-se-acerco-a-su-precio-record\/\" \/>\n<meta property=\"og:site_name\" content=\"Apuntes de San Luis\" \/>\n<meta property=\"article:published_time\" content=\"2023-09-28T20:53:48+00:00\" \/>\n<meta property=\"og:image\" content=\"https:\/\/apuntesdesanluis.com\/wp-content\/uploads\/2023\/07\/dolar.jpg\" \/>\n\t<meta property=\"og:image:width\" content=\"598\" \/>\n\t<meta property=\"og:image:height\" content=\"427\" \/>\n\t<meta property=\"og:image:type\" content=\"image\/jpeg\" \/>\n<meta name=\"author\" content=\"apuntesdesanluis.com\" \/>\n<meta name=\"twitter:card\" content=\"summary_large_image\" \/>\n<meta name=\"twitter:label1\" content=\"Escrito por\" \/>\n\t<meta name=\"twitter:data1\" content=\"apuntesdesanluis.com\" \/>\n\t<meta name=\"twitter:label2\" content=\"Tiempo de lectura\" \/>\n\t<meta name=\"twitter:data2\" content=\"3 minutos\" \/>\n<script type=\"application\/ld+json\" class=\"yoast-schema-graph\">{\"@context\":\"https:\/\/schema.org\",\"@graph\":[{\"@type\":\"Article\",\"@id\":\"https:\/\/apuntesdesanluis.com\/index.php\/2023\/09\/28\/por-que-el-dolar-libre-subio-mas-de-30-pesos-en-dos-dias-y-se-acerco-a-su-precio-record\/#article\",\"isPartOf\":{\"@id\":\"https:\/\/apuntesdesanluis.com\/index.php\/2023\/09\/28\/por-que-el-dolar-libre-subio-mas-de-30-pesos-en-dos-dias-y-se-acerco-a-su-precio-record\/\"},\"author\":{\"name\":\"apuntesdesanluis.com\",\"@id\":\"https:\/\/apuntesdesanluis.com\/#\/schema\/person\/b55151d52296fcce64d1a72538a70b90\"},\"headline\":\"POR QU\u00c9 EL D\u00d3LAR LIBRE SUBI\u00d3 M\u00c1S DE 30 PESOS EN DOS D\u00cdAS Y SE ACERC\u00d3 A SU PRECIO R\u00c9CORD\",\"datePublished\":\"2023-09-28T20:53:48+00:00\",\"mainEntityOfPage\":{\"@id\":\"https:\/\/apuntesdesanluis.com\/index.php\/2023\/09\/28\/por-que-el-dolar-libre-subio-mas-de-30-pesos-en-dos-dias-y-se-acerco-a-su-precio-record\/\"},\"wordCount\":601,\"publisher\":{\"@id\":\"https:\/\/apuntesdesanluis.com\/#\/schema\/person\/b55151d52296fcce64d1a72538a70b90\"},\"image\":{\"@id\":\"https:\/\/apuntesdesanluis.com\/index.php\/2023\/09\/28\/por-que-el-dolar-libre-subio-mas-de-30-pesos-en-dos-dias-y-se-acerco-a-su-precio-record\/#primaryimage\"},\"thumbnailUrl\":\"https:\/\/apuntesdesanluis.com\/wp-content\/uploads\/2023\/07\/dolar.jpg\",\"articleSection\":[\"Nacionales\/Internacionales\"],\"inLanguage\":\"es-AR\"},{\"@type\":\"WebPage\",\"@id\":\"https:\/\/apuntesdesanluis.com\/index.php\/2023\/09\/28\/por-que-el-dolar-libre-subio-mas-de-30-pesos-en-dos-dias-y-se-acerco-a-su-precio-record\/\",\"url\":\"https:\/\/apuntesdesanluis.com\/index.php\/2023\/09\/28\/por-que-el-dolar-libre-subio-mas-de-30-pesos-en-dos-dias-y-se-acerco-a-su-precio-record\/\",\"name\":\"POR QU\u00c9 EL D\u00d3LAR LIBRE SUBI\u00d3 M\u00c1S DE 30 PESOS EN DOS D\u00cdAS Y SE ACERC\u00d3 A SU PRECIO R\u00c9CORD - Apuntes de San Luis\",\"isPartOf\":{\"@id\":\"https:\/\/apuntesdesanluis.com\/#website\"},\"primaryImageOfPage\":{\"@id\":\"https:\/\/apuntesdesanluis.com\/index.php\/2023\/09\/28\/por-que-el-dolar-libre-subio-mas-de-30-pesos-en-dos-dias-y-se-acerco-a-su-precio-record\/#primaryimage\"},\"image\":{\"@id\":\"https:\/\/apuntesdesanluis.com\/index.php\/2023\/09\/28\/por-que-el-dolar-libre-subio-mas-de-30-pesos-en-dos-dias-y-se-acerco-a-su-precio-record\/#primaryimage\"},\"thumbnailUrl\":\"https:\/\/apuntesdesanluis.com\/wp-content\/uploads\/2023\/07\/dolar.jpg\",\"datePublished\":\"2023-09-28T20:53:48+00:00\",\"breadcrumb\":{\"@id\":\"https:\/\/apuntesdesanluis.com\/index.php\/2023\/09\/28\/por-que-el-dolar-libre-subio-mas-de-30-pesos-en-dos-dias-y-se-acerco-a-su-precio-record\/#breadcrumb\"},\"inLanguage\":\"es-AR\",\"potentialAction\":[{\"@type\":\"ReadAction\",\"target\":[\"https:\/\/apuntesdesanluis.com\/index.php\/2023\/09\/28\/por-que-el-dolar-libre-subio-mas-de-30-pesos-en-dos-dias-y-se-acerco-a-su-precio-record\/\"]}]},{\"@type\":\"ImageObject\",\"inLanguage\":\"es-AR\",\"@id\":\"https:\/\/apuntesdesanluis.com\/index.php\/2023\/09\/28\/por-que-el-dolar-libre-subio-mas-de-30-pesos-en-dos-dias-y-se-acerco-a-su-precio-record\/#primaryimage\",\"url\":\"https:\/\/apuntesdesanluis.com\/wp-content\/uploads\/2023\/07\/dolar.jpg\",\"contentUrl\":\"https:\/\/apuntesdesanluis.com\/wp-content\/uploads\/2023\/07\/dolar.jpg\",\"width\":598,\"height\":427},{\"@type\":\"BreadcrumbList\",\"@id\":\"https:\/\/apuntesdesanluis.com\/index.php\/2023\/09\/28\/por-que-el-dolar-libre-subio-mas-de-30-pesos-en-dos-dias-y-se-acerco-a-su-precio-record\/#breadcrumb\",\"itemListElement\":[{\"@type\":\"ListItem\",\"position\":1,\"name\":\"Inicio\",\"item\":\"https:\/\/apuntesdesanluis.com\/\"},{\"@type\":\"ListItem\",\"position\":2,\"name\":\"POR QU\u00c9 EL D\u00d3LAR LIBRE SUBI\u00d3 M\u00c1S DE 30 PESOS EN DOS D\u00cdAS Y SE ACERC\u00d3 A SU PRECIO R\u00c9CORD\"}]},{\"@type\":\"WebSite\",\"@id\":\"https:\/\/apuntesdesanluis.com\/#website\",\"url\":\"https:\/\/apuntesdesanluis.com\/\",\"name\":\"Apuntes de San Luis\",\"description\":\"\",\"publisher\":{\"@id\":\"https:\/\/apuntesdesanluis.com\/#\/schema\/person\/b55151d52296fcce64d1a72538a70b90\"},\"potentialAction\":[{\"@type\":\"SearchAction\",\"target\":{\"@type\":\"EntryPoint\",\"urlTemplate\":\"https:\/\/apuntesdesanluis.com\/?s={search_term_string}\"},\"query-input\":{\"@type\":\"PropertyValueSpecification\",\"valueRequired\":true,\"valueName\":\"search_term_string\"}}],\"inLanguage\":\"es-AR\"},{\"@type\":[\"Person\",\"Organization\"],\"@id\":\"https:\/\/apuntesdesanluis.com\/#\/schema\/person\/b55151d52296fcce64d1a72538a70b90\",\"name\":\"apuntesdesanluis.com\",\"image\":{\"@type\":\"ImageObject\",\"inLanguage\":\"es-AR\",\"@id\":\"https:\/\/apuntesdesanluis.com\/#\/schema\/person\/image\/\",\"url\":\"https:\/\/apuntesdesanluis.com\/wp-content\/uploads\/2023\/07\/cropped-apuntesdesanluis.png\",\"contentUrl\":\"https:\/\/apuntesdesanluis.com\/wp-content\/uploads\/2023\/07\/cropped-apuntesdesanluis.png\",\"width\":450,\"height\":112,\"caption\":\"apuntesdesanluis.com\"},\"logo\":{\"@id\":\"https:\/\/apuntesdesanluis.com\/#\/schema\/person\/image\/\"},\"sameAs\":[\"https:\/\/apuntesdesanluis.com\"],\"url\":\"https:\/\/apuntesdesanluis.com\/index.php\/author\/apuntesdesanluis-com\/\"}]}<\/script>\n<!-- \/ Yoast SEO plugin. -->","yoast_head_json":{"title":"POR QU\u00c9 EL D\u00d3LAR LIBRE SUBI\u00d3 M\u00c1S DE 30 PESOS EN DOS D\u00cdAS Y SE ACERC\u00d3 A SU PRECIO R\u00c9CORD - Apuntes de San Luis","robots":{"index":"index","follow":"follow","max-snippet":"max-snippet:-1","max-image-preview":"max-image-preview:large","max-video-preview":"max-video-preview:-1"},"canonical":"https:\/\/apuntesdesanluis.com\/index.php\/2023\/09\/28\/por-que-el-dolar-libre-subio-mas-de-30-pesos-en-dos-dias-y-se-acerco-a-su-precio-record\/","og_locale":"es_ES","og_type":"article","og_title":"POR QU\u00c9 EL D\u00d3LAR LIBRE SUBI\u00d3 M\u00c1S DE 30 PESOS EN DOS D\u00cdAS Y SE ACERC\u00d3 A SU PRECIO R\u00c9CORD - Apuntes de San Luis","og_description":"La proximidad de las elecciones, las expectativas de devaluaci\u00f3n junto a la elevada inflaci\u00f3n y...","og_url":"https:\/\/apuntesdesanluis.com\/index.php\/2023\/09\/28\/por-que-el-dolar-libre-subio-mas-de-30-pesos-en-dos-dias-y-se-acerco-a-su-precio-record\/","og_site_name":"Apuntes de San Luis","article_published_time":"2023-09-28T20:53:48+00:00","og_image":[{"width":598,"height":427,"url":"https:\/\/apuntesdesanluis.com\/wp-content\/uploads\/2023\/07\/dolar.jpg","type":"image\/jpeg"}],"author":"apuntesdesanluis.com","twitter_card":"summary_large_image","twitter_misc":{"Escrito por":"apuntesdesanluis.com","Tiempo de lectura":"3 minutos"},"schema":{"@context":"https:\/\/schema.org","@graph":[{"@type":"Article","@id":"https:\/\/apuntesdesanluis.com\/index.php\/2023\/09\/28\/por-que-el-dolar-libre-subio-mas-de-30-pesos-en-dos-dias-y-se-acerco-a-su-precio-record\/#article","isPartOf":{"@id":"https:\/\/apuntesdesanluis.com\/index.php\/2023\/09\/28\/por-que-el-dolar-libre-subio-mas-de-30-pesos-en-dos-dias-y-se-acerco-a-su-precio-record\/"},"author":{"name":"apuntesdesanluis.com","@id":"https:\/\/apuntesdesanluis.com\/#\/schema\/person\/b55151d52296fcce64d1a72538a70b90"},"headline":"POR QU\u00c9 EL D\u00d3LAR LIBRE SUBI\u00d3 M\u00c1S DE 30 PESOS EN DOS D\u00cdAS Y SE ACERC\u00d3 A SU PRECIO R\u00c9CORD","datePublished":"2023-09-28T20:53:48+00:00","mainEntityOfPage":{"@id":"https:\/\/apuntesdesanluis.com\/index.php\/2023\/09\/28\/por-que-el-dolar-libre-subio-mas-de-30-pesos-en-dos-dias-y-se-acerco-a-su-precio-record\/"},"wordCount":601,"publisher":{"@id":"https:\/\/apuntesdesanluis.com\/#\/schema\/person\/b55151d52296fcce64d1a72538a70b90"},"image":{"@id":"https:\/\/apuntesdesanluis.com\/index.php\/2023\/09\/28\/por-que-el-dolar-libre-subio-mas-de-30-pesos-en-dos-dias-y-se-acerco-a-su-precio-record\/#primaryimage"},"thumbnailUrl":"https:\/\/apuntesdesanluis.com\/wp-content\/uploads\/2023\/07\/dolar.jpg","articleSection":["Nacionales\/Internacionales"],"inLanguage":"es-AR"},{"@type":"WebPage","@id":"https:\/\/apuntesdesanluis.com\/index.php\/2023\/09\/28\/por-que-el-dolar-libre-subio-mas-de-30-pesos-en-dos-dias-y-se-acerco-a-su-precio-record\/","url":"https:\/\/apuntesdesanluis.com\/index.php\/2023\/09\/28\/por-que-el-dolar-libre-subio-mas-de-30-pesos-en-dos-dias-y-se-acerco-a-su-precio-record\/","name":"POR QU\u00c9 EL D\u00d3LAR LIBRE SUBI\u00d3 M\u00c1S DE 30 PESOS EN DOS D\u00cdAS Y SE ACERC\u00d3 A SU PRECIO R\u00c9CORD - Apuntes de San Luis","isPartOf":{"@id":"https:\/\/apuntesdesanluis.com\/#website"},"primaryImageOfPage":{"@id":"https:\/\/apuntesdesanluis.com\/index.php\/2023\/09\/28\/por-que-el-dolar-libre-subio-mas-de-30-pesos-en-dos-dias-y-se-acerco-a-su-precio-record\/#primaryimage"},"image":{"@id":"https:\/\/apuntesdesanluis.com\/index.php\/2023\/09\/28\/por-que-el-dolar-libre-subio-mas-de-30-pesos-en-dos-dias-y-se-acerco-a-su-precio-record\/#primaryimage"},"thumbnailUrl":"https:\/\/apuntesdesanluis.com\/wp-content\/uploads\/2023\/07\/dolar.jpg","datePublished":"2023-09-28T20:53:48+00:00","breadcrumb":{"@id":"https:\/\/apuntesdesanluis.com\/index.php\/2023\/09\/28\/por-que-el-dolar-libre-subio-mas-de-30-pesos-en-dos-dias-y-se-acerco-a-su-precio-record\/#breadcrumb"},"inLanguage":"es-AR","potentialAction":[{"@type":"ReadAction","target":["https:\/\/apuntesdesanluis.com\/index.php\/2023\/09\/28\/por-que-el-dolar-libre-subio-mas-de-30-pesos-en-dos-dias-y-se-acerco-a-su-precio-record\/"]}]},{"@type":"ImageObject","inLanguage":"es-AR","@id":"https:\/\/apuntesdesanluis.com\/index.php\/2023\/09\/28\/por-que-el-dolar-libre-subio-mas-de-30-pesos-en-dos-dias-y-se-acerco-a-su-precio-record\/#primaryimage","url":"https:\/\/apuntesdesanluis.com\/wp-content\/uploads\/2023\/07\/dolar.jpg","contentUrl":"https:\/\/apuntesdesanluis.com\/wp-content\/uploads\/2023\/07\/dolar.jpg","width":598,"height":427},{"@type":"BreadcrumbList","@id":"https:\/\/apuntesdesanluis.com\/index.php\/2023\/09\/28\/por-que-el-dolar-libre-subio-mas-de-30-pesos-en-dos-dias-y-se-acerco-a-su-precio-record\/#breadcrumb","itemListElement":[{"@type":"ListItem","position":1,"name":"Inicio","item":"https:\/\/apuntesdesanluis.com\/"},{"@type":"ListItem","position":2,"name":"POR QU\u00c9 EL D\u00d3LAR LIBRE SUBI\u00d3 M\u00c1S DE 30 PESOS EN DOS D\u00cdAS Y SE ACERC\u00d3 A SU PRECIO R\u00c9CORD"}]},{"@type":"WebSite","@id":"https:\/\/apuntesdesanluis.com\/#website","url":"https:\/\/apuntesdesanluis.com\/","name":"Apuntes de San Luis","description":"","publisher":{"@id":"https:\/\/apuntesdesanluis.com\/#\/schema\/person\/b55151d52296fcce64d1a72538a70b90"},"potentialAction":[{"@type":"SearchAction","target":{"@type":"EntryPoint","urlTemplate":"https:\/\/apuntesdesanluis.com\/?s={search_term_string}"},"query-input":{"@type":"PropertyValueSpecification","valueRequired":true,"valueName":"search_term_string"}}],"inLanguage":"es-AR"},{"@type":["Person","Organization"],"@id":"https:\/\/apuntesdesanluis.com\/#\/schema\/person\/b55151d52296fcce64d1a72538a70b90","name":"apuntesdesanluis.com","image":{"@type":"ImageObject","inLanguage":"es-AR","@id":"https:\/\/apuntesdesanluis.com\/#\/schema\/person\/image\/","url":"https:\/\/apuntesdesanluis.com\/wp-content\/uploads\/2023\/07\/cropped-apuntesdesanluis.png","contentUrl":"https:\/\/apuntesdesanluis.com\/wp-content\/uploads\/2023\/07\/cropped-apuntesdesanluis.png","width":450,"height":112,"caption":"apuntesdesanluis.com"},"logo":{"@id":"https:\/\/apuntesdesanluis.com\/#\/schema\/person\/image\/"},"sameAs":["https:\/\/apuntesdesanluis.com"],"url":"https:\/\/apuntesdesanluis.com\/index.php\/author\/apuntesdesanluis-com\/"}]}},"featured_image_urls":{"full":["https:\/\/apuntesdesanluis.com\/wp-content\/uploads\/2023\/07\/dolar.jpg",598,427,false],"thumbnail":["https:\/\/apuntesdesanluis.com\/wp-content\/uploads\/2023\/07\/dolar-150x150.jpg",150,150,true],"medium":["https:\/\/apuntesdesanluis.com\/wp-content\/uploads\/2023\/07\/dolar-300x214.jpg",300,214,true],"medium_large":["https:\/\/apuntesdesanluis.com\/wp-content\/uploads\/2023\/07\/dolar.jpg",598,427,false],"large":["https:\/\/apuntesdesanluis.com\/wp-content\/uploads\/2023\/07\/dolar.jpg",598,427,false],"1536x1536":["https:\/\/apuntesdesanluis.com\/wp-content\/uploads\/2023\/07\/dolar.jpg",598,427,false],"2048x2048":["https:\/\/apuntesdesanluis.com\/wp-content\/uploads\/2023\/07\/dolar.jpg",598,427,false],"newsever-slider-full":["https:\/\/apuntesdesanluis.com\/wp-content\/uploads\/2023\/07\/dolar.jpg",598,427,false],"newsever-featured":["https:\/\/apuntesdesanluis.com\/wp-content\/uploads\/2023\/07\/dolar.jpg",598,427,false],"newsever-medium":["https:\/\/apuntesdesanluis.com\/wp-content\/uploads\/2023\/07\/dolar.jpg",598,427,false]},"author_info":{"display_name":"apuntesdesanluis.com","author_link":"https:\/\/apuntesdesanluis.com\/index.php\/author\/apuntesdesanluis-com\/"},"category_info":"<a href=\"https:\/\/apuntesdesanluis.com\/index.php\/category\/nacionales-internacionales\/\" rel=\"category tag\">Nacionales\/Internacionales<\/a>","tag_info":"Nacionales\/Internacionales","comment_count":"0","_links":{"self":[{"href":"https:\/\/apuntesdesanluis.com\/index.php\/wp-json\/wp\/v2\/posts\/4267","targetHints":{"allow":["GET"]}}],"collection":[{"href":"https:\/\/apuntesdesanluis.com\/index.php\/wp-json\/wp\/v2\/posts"}],"about":[{"href":"https:\/\/apuntesdesanluis.com\/index.php\/wp-json\/wp\/v2\/types\/post"}],"author":[{"embeddable":true,"href":"https:\/\/apuntesdesanluis.com\/index.php\/wp-json\/wp\/v2\/users\/1"}],"replies":[{"embeddable":true,"href":"https:\/\/apuntesdesanluis.com\/index.php\/wp-json\/wp\/v2\/comments?post=4267"}],"version-history":[{"count":1,"href":"https:\/\/apuntesdesanluis.com\/index.php\/wp-json\/wp\/v2\/posts\/4267\/revisions"}],"predecessor-version":[{"id":4268,"href":"https:\/\/apuntesdesanluis.com\/index.php\/wp-json\/wp\/v2\/posts\/4267\/revisions\/4268"}],"wp:featuredmedia":[{"embeddable":true,"href":"https:\/\/apuntesdesanluis.com\/index.php\/wp-json\/wp\/v2\/media\/28"}],"wp:attachment":[{"href":"https:\/\/apuntesdesanluis.com\/index.php\/wp-json\/wp\/v2\/media?parent=4267"}],"wp:term":[{"taxonomy":"category","embeddable":true,"href":"https:\/\/apuntesdesanluis.com\/index.php\/wp-json\/wp\/v2\/categories?post=4267"},{"taxonomy":"post_tag","embeddable":true,"href":"https:\/\/apuntesdesanluis.com\/index.php\/wp-json\/wp\/v2\/tags?post=4267"}],"curies":[{"name":"wp","href":"https:\/\/api.w.org\/{rel}","templated":true}]}}