{"id":4275,"date":"2023-09-28T18:35:52","date_gmt":"2023-09-28T21:35:52","guid":{"rendered":"https:\/\/apuntesdesanluis.com\/?p=4275"},"modified":"2023-09-28T18:35:52","modified_gmt":"2023-09-28T21:35:52","slug":"la-ulp-reunira-a-los-mejores-programadores-del-pais","status":"publish","type":"post","link":"https:\/\/apuntesdesanluis.com\/index.php\/2023\/09\/28\/la-ulp-reunira-a-los-mejores-programadores-del-pais\/","title":{"rendered":"LA ULP REUNIR\u00c1 A LOS MEJORES PROGRAMADORES DEL PA\u00cdS"},"content":{"rendered":"<h3>Ser\u00e1 en el encuentro denominado \u201cEmpleo y Tecnolog\u00eda\u201d que se desarrollar\u00e1 este viernes en el Sal\u00f3n de la Puntanidad de Terrazas del Portezuelo a partir de las 15:00 y contar\u00e1 con la presencia de estudiantes, empresarios y tecn\u00f3logos.<\/h3>\n<h3>La formaci\u00f3n de recursos humanos en herramientas digitales, y en particular en desarrollo de software es una de las prioridades que ha mantenido el Gobierno de San Luis, a trav\u00e9s de la Universidad de La Punta (ULP). Es por esto que entendiendo la importancia del intercambio de conocimientos y la capacitaci\u00f3n permanente llega el encuentro \u201cEmpleo y Tecnolog\u00eda: La Oportunidad para San Luis\u201d.<\/h3>\n<p><img fetchpriority=\"high\" decoding=\"async\" class=\"wp-image-4276 aligncenter\" src=\"https:\/\/apuntesdesanluis.com\/wp-content\/uploads\/2023\/09\/banner-300x181.png\" alt=\"\" width=\"721\" height=\"435\" srcset=\"https:\/\/apuntesdesanluis.com\/wp-content\/uploads\/2023\/09\/banner-300x181.png 300w, https:\/\/apuntesdesanluis.com\/wp-content\/uploads\/2023\/09\/banner.png 742w\" sizes=\"(max-width: 721px) 100vw, 721px\" \/><\/p>\n<h3>Este espacio reunir\u00e1 no solo a estudiantes, sino tambi\u00e9n a importantes disertantes y personalidades del mundo de la programaci\u00f3n. El punto de encuentro ser\u00e1 a las 15:00 en el Sal\u00f3n de la Puntanidad, ubicado en Terrazas del Portezuelo.<\/h3>\n<h3>La primera disertaci\u00f3n estar\u00e1 a cargo de la ministra de Ciencia y Tecnolog\u00eda, y rectora de la ULP, Alicia Ba\u00f1uelos, quien hablar\u00e1 sobre \u201cLa capacitaci\u00f3n en inform\u00e1tica en la ULP\u201d; luego seguir\u00e1 el director de las carreras inform\u00e1ticas de la ULP, Carlos Pallotti; tambi\u00e9n participar\u00e1n la periodista especializada en TICs, Andrea Catalano; el CTO y co-founder-BeClever, Rodrigo Ferrero; el socio y director comercial de Santex, Walter Abrigo; el Talent Scout Partner \u2013 BBVA, Hern\u00e1n Ricardo Fasio; el socio fundador de Practia y director de Datos de Fundar, Daniel Yankelevich, entre otros.<\/h3>\n<h3>Un dato importante es que el evento se transmitir\u00e1 en vivo por el canal de YouTube de la ULP para aquellos que no puedan asistir: <a href=\"http:\/\/ulp.edu.ar\/programadores-empleoytecnologia\">http:\/\/ulp.edu.ar\/programadores-empleoytecnologia<\/a><\/h3>\n<p>&nbsp;<\/p>\n<p>&nbsp;<\/p>\n<p>&nbsp;<\/p>\n<p>&nbsp;<\/p>\n","protected":false},"excerpt":{"rendered":"<p>Ser\u00e1 en el encuentro denominado \u201cEmpleo y Tecnolog\u00eda\u201d que se desarrollar\u00e1 este viernes en el&#8230;<\/p>\n","protected":false},"author":1,"featured_media":4277,"comment_status":"closed","ping_status":"closed","sticky":false,"template":"","format":"standard","meta":{"footnotes":""},"categories":[6],"tags":[],"class_list":["post-4275","post","type-post","status-publish","format-standard","has-post-thumbnail","hentry","category-ciudad-provincia"],"yoast_head":"<!-- This site is optimized with the Yoast SEO plugin v26.1.1 - https:\/\/yoast.com\/wordpress\/plugins\/seo\/ -->\n<title>LA ULP REUNIR\u00c1 A LOS MEJORES PROGRAMADORES DEL PA\u00cdS - Apuntes de San Luis<\/title>\n<meta name=\"robots\" content=\"index, follow, max-snippet:-1, max-image-preview:large, max-video-preview:-1\" \/>\n<link rel=\"canonical\" href=\"https:\/\/apuntesdesanluis.com\/index.php\/2023\/09\/28\/la-ulp-reunira-a-los-mejores-programadores-del-pais\/\" \/>\n<meta property=\"og:locale\" content=\"es_ES\" \/>\n<meta property=\"og:type\" content=\"article\" \/>\n<meta property=\"og:title\" content=\"LA ULP REUNIR\u00c1 A LOS MEJORES PROGRAMADORES DEL PA\u00cdS - Apuntes de San Luis\" \/>\n<meta property=\"og:description\" content=\"Ser\u00e1 en el encuentro denominado \u201cEmpleo y Tecnolog\u00eda\u201d que se desarrollar\u00e1 este viernes en el...\" \/>\n<meta property=\"og:url\" content=\"https:\/\/apuntesdesanluis.com\/index.php\/2023\/09\/28\/la-ulp-reunira-a-los-mejores-programadores-del-pais\/\" \/>\n<meta property=\"og:site_name\" content=\"Apuntes de San Luis\" \/>\n<meta property=\"article:published_time\" content=\"2023-09-28T21:35:52+00:00\" \/>\n<meta property=\"og:image\" content=\"https:\/\/apuntesdesanluis.com\/wp-content\/uploads\/2023\/09\/empleo-y-tecnologia.png\" \/>\n\t<meta property=\"og:image:width\" content=\"661\" \/>\n\t<meta property=\"og:image:height\" content=\"423\" \/>\n\t<meta property=\"og:image:type\" content=\"image\/png\" \/>\n<meta name=\"author\" content=\"apuntesdesanluis.com\" \/>\n<meta name=\"twitter:card\" content=\"summary_large_image\" \/>\n<meta name=\"twitter:label1\" content=\"Escrito por\" \/>\n\t<meta name=\"twitter:data1\" content=\"apuntesdesanluis.com\" \/>\n\t<meta name=\"twitter:label2\" content=\"Tiempo de lectura\" \/>\n\t<meta name=\"twitter:data2\" content=\"2 minutos\" \/>\n<script type=\"application\/ld+json\" class=\"yoast-schema-graph\">{\"@context\":\"https:\/\/schema.org\",\"@graph\":[{\"@type\":\"Article\",\"@id\":\"https:\/\/apuntesdesanluis.com\/index.php\/2023\/09\/28\/la-ulp-reunira-a-los-mejores-programadores-del-pais\/#article\",\"isPartOf\":{\"@id\":\"https:\/\/apuntesdesanluis.com\/index.php\/2023\/09\/28\/la-ulp-reunira-a-los-mejores-programadores-del-pais\/\"},\"author\":{\"name\":\"apuntesdesanluis.com\",\"@id\":\"https:\/\/apuntesdesanluis.com\/#\/schema\/person\/b55151d52296fcce64d1a72538a70b90\"},\"headline\":\"LA ULP REUNIR\u00c1 A LOS MEJORES PROGRAMADORES DEL PA\u00cdS\",\"datePublished\":\"2023-09-28T21:35:52+00:00\",\"mainEntityOfPage\":{\"@id\":\"https:\/\/apuntesdesanluis.com\/index.php\/2023\/09\/28\/la-ulp-reunira-a-los-mejores-programadores-del-pais\/\"},\"wordCount\":290,\"publisher\":{\"@id\":\"https:\/\/apuntesdesanluis.com\/#\/schema\/person\/b55151d52296fcce64d1a72538a70b90\"},\"image\":{\"@id\":\"https:\/\/apuntesdesanluis.com\/index.php\/2023\/09\/28\/la-ulp-reunira-a-los-mejores-programadores-del-pais\/#primaryimage\"},\"thumbnailUrl\":\"https:\/\/apuntesdesanluis.com\/wp-content\/uploads\/2023\/09\/empleo-y-tecnologia.png\",\"articleSection\":[\"Ciudad\/Provincia\"],\"inLanguage\":\"es-AR\"},{\"@type\":\"WebPage\",\"@id\":\"https:\/\/apuntesdesanluis.com\/index.php\/2023\/09\/28\/la-ulp-reunira-a-los-mejores-programadores-del-pais\/\",\"url\":\"https:\/\/apuntesdesanluis.com\/index.php\/2023\/09\/28\/la-ulp-reunira-a-los-mejores-programadores-del-pais\/\",\"name\":\"LA ULP REUNIR\u00c1 A LOS MEJORES PROGRAMADORES DEL PA\u00cdS - Apuntes de San Luis\",\"isPartOf\":{\"@id\":\"https:\/\/apuntesdesanluis.com\/#website\"},\"primaryImageOfPage\":{\"@id\":\"https:\/\/apuntesdesanluis.com\/index.php\/2023\/09\/28\/la-ulp-reunira-a-los-mejores-programadores-del-pais\/#primaryimage\"},\"image\":{\"@id\":\"https:\/\/apuntesdesanluis.com\/index.php\/2023\/09\/28\/la-ulp-reunira-a-los-mejores-programadores-del-pais\/#primaryimage\"},\"thumbnailUrl\":\"https:\/\/apuntesdesanluis.com\/wp-content\/uploads\/2023\/09\/empleo-y-tecnologia.png\",\"datePublished\":\"2023-09-28T21:35:52+00:00\",\"breadcrumb\":{\"@id\":\"https:\/\/apuntesdesanluis.com\/index.php\/2023\/09\/28\/la-ulp-reunira-a-los-mejores-programadores-del-pais\/#breadcrumb\"},\"inLanguage\":\"es-AR\",\"potentialAction\":[{\"@type\":\"ReadAction\",\"target\":[\"https:\/\/apuntesdesanluis.com\/index.php\/2023\/09\/28\/la-ulp-reunira-a-los-mejores-programadores-del-pais\/\"]}]},{\"@type\":\"ImageObject\",\"inLanguage\":\"es-AR\",\"@id\":\"https:\/\/apuntesdesanluis.com\/index.php\/2023\/09\/28\/la-ulp-reunira-a-los-mejores-programadores-del-pais\/#primaryimage\",\"url\":\"https:\/\/apuntesdesanluis.com\/wp-content\/uploads\/2023\/09\/empleo-y-tecnologia.png\",\"contentUrl\":\"https:\/\/apuntesdesanluis.com\/wp-content\/uploads\/2023\/09\/empleo-y-tecnologia.png\",\"width\":661,\"height\":423},{\"@type\":\"BreadcrumbList\",\"@id\":\"https:\/\/apuntesdesanluis.com\/index.php\/2023\/09\/28\/la-ulp-reunira-a-los-mejores-programadores-del-pais\/#breadcrumb\",\"itemListElement\":[{\"@type\":\"ListItem\",\"position\":1,\"name\":\"Inicio\",\"item\":\"https:\/\/apuntesdesanluis.com\/\"},{\"@type\":\"ListItem\",\"position\":2,\"name\":\"LA ULP REUNIR\u00c1 A LOS MEJORES PROGRAMADORES DEL PA\u00cdS\"}]},{\"@type\":\"WebSite\",\"@id\":\"https:\/\/apuntesdesanluis.com\/#website\",\"url\":\"https:\/\/apuntesdesanluis.com\/\",\"name\":\"Apuntes de San Luis\",\"description\":\"\",\"publisher\":{\"@id\":\"https:\/\/apuntesdesanluis.com\/#\/schema\/person\/b55151d52296fcce64d1a72538a70b90\"},\"potentialAction\":[{\"@type\":\"SearchAction\",\"target\":{\"@type\":\"EntryPoint\",\"urlTemplate\":\"https:\/\/apuntesdesanluis.com\/?s={search_term_string}\"},\"query-input\":{\"@type\":\"PropertyValueSpecification\",\"valueRequired\":true,\"valueName\":\"search_term_string\"}}],\"inLanguage\":\"es-AR\"},{\"@type\":[\"Person\",\"Organization\"],\"@id\":\"https:\/\/apuntesdesanluis.com\/#\/schema\/person\/b55151d52296fcce64d1a72538a70b90\",\"name\":\"apuntesdesanluis.com\",\"image\":{\"@type\":\"ImageObject\",\"inLanguage\":\"es-AR\",\"@id\":\"https:\/\/apuntesdesanluis.com\/#\/schema\/person\/image\/\",\"url\":\"https:\/\/apuntesdesanluis.com\/wp-content\/uploads\/2023\/07\/cropped-apuntesdesanluis.png\",\"contentUrl\":\"https:\/\/apuntesdesanluis.com\/wp-content\/uploads\/2023\/07\/cropped-apuntesdesanluis.png\",\"width\":450,\"height\":112,\"caption\":\"apuntesdesanluis.com\"},\"logo\":{\"@id\":\"https:\/\/apuntesdesanluis.com\/#\/schema\/person\/image\/\"},\"sameAs\":[\"https:\/\/apuntesdesanluis.com\"],\"url\":\"https:\/\/apuntesdesanluis.com\/index.php\/author\/apuntesdesanluis-com\/\"}]}<\/script>\n<!-- \/ Yoast SEO plugin. -->","yoast_head_json":{"title":"LA ULP REUNIR\u00c1 A LOS MEJORES PROGRAMADORES DEL PA\u00cdS - Apuntes de San Luis","robots":{"index":"index","follow":"follow","max-snippet":"max-snippet:-1","max-image-preview":"max-image-preview:large","max-video-preview":"max-video-preview:-1"},"canonical":"https:\/\/apuntesdesanluis.com\/index.php\/2023\/09\/28\/la-ulp-reunira-a-los-mejores-programadores-del-pais\/","og_locale":"es_ES","og_type":"article","og_title":"LA ULP REUNIR\u00c1 A LOS MEJORES PROGRAMADORES DEL PA\u00cdS - Apuntes de San Luis","og_description":"Ser\u00e1 en el encuentro denominado \u201cEmpleo y Tecnolog\u00eda\u201d que se desarrollar\u00e1 este viernes en el...","og_url":"https:\/\/apuntesdesanluis.com\/index.php\/2023\/09\/28\/la-ulp-reunira-a-los-mejores-programadores-del-pais\/","og_site_name":"Apuntes de San Luis","article_published_time":"2023-09-28T21:35:52+00:00","og_image":[{"width":661,"height":423,"url":"https:\/\/apuntesdesanluis.com\/wp-content\/uploads\/2023\/09\/empleo-y-tecnologia.png","type":"image\/png"}],"author":"apuntesdesanluis.com","twitter_card":"summary_large_image","twitter_misc":{"Escrito por":"apuntesdesanluis.com","Tiempo de lectura":"2 minutos"},"schema":{"@context":"https:\/\/schema.org","@graph":[{"@type":"Article","@id":"https:\/\/apuntesdesanluis.com\/index.php\/2023\/09\/28\/la-ulp-reunira-a-los-mejores-programadores-del-pais\/#article","isPartOf":{"@id":"https:\/\/apuntesdesanluis.com\/index.php\/2023\/09\/28\/la-ulp-reunira-a-los-mejores-programadores-del-pais\/"},"author":{"name":"apuntesdesanluis.com","@id":"https:\/\/apuntesdesanluis.com\/#\/schema\/person\/b55151d52296fcce64d1a72538a70b90"},"headline":"LA ULP REUNIR\u00c1 A LOS MEJORES PROGRAMADORES DEL PA\u00cdS","datePublished":"2023-09-28T21:35:52+00:00","mainEntityOfPage":{"@id":"https:\/\/apuntesdesanluis.com\/index.php\/2023\/09\/28\/la-ulp-reunira-a-los-mejores-programadores-del-pais\/"},"wordCount":290,"publisher":{"@id":"https:\/\/apuntesdesanluis.com\/#\/schema\/person\/b55151d52296fcce64d1a72538a70b90"},"image":{"@id":"https:\/\/apuntesdesanluis.com\/index.php\/2023\/09\/28\/la-ulp-reunira-a-los-mejores-programadores-del-pais\/#primaryimage"},"thumbnailUrl":"https:\/\/apuntesdesanluis.com\/wp-content\/uploads\/2023\/09\/empleo-y-tecnologia.png","articleSection":["Ciudad\/Provincia"],"inLanguage":"es-AR"},{"@type":"WebPage","@id":"https:\/\/apuntesdesanluis.com\/index.php\/2023\/09\/28\/la-ulp-reunira-a-los-mejores-programadores-del-pais\/","url":"https:\/\/apuntesdesanluis.com\/index.php\/2023\/09\/28\/la-ulp-reunira-a-los-mejores-programadores-del-pais\/","name":"LA ULP REUNIR\u00c1 A LOS MEJORES PROGRAMADORES DEL PA\u00cdS - Apuntes de San Luis","isPartOf":{"@id":"https:\/\/apuntesdesanluis.com\/#website"},"primaryImageOfPage":{"@id":"https:\/\/apuntesdesanluis.com\/index.php\/2023\/09\/28\/la-ulp-reunira-a-los-mejores-programadores-del-pais\/#primaryimage"},"image":{"@id":"https:\/\/apuntesdesanluis.com\/index.php\/2023\/09\/28\/la-ulp-reunira-a-los-mejores-programadores-del-pais\/#primaryimage"},"thumbnailUrl":"https:\/\/apuntesdesanluis.com\/wp-content\/uploads\/2023\/09\/empleo-y-tecnologia.png","datePublished":"2023-09-28T21:35:52+00:00","breadcrumb":{"@id":"https:\/\/apuntesdesanluis.com\/index.php\/2023\/09\/28\/la-ulp-reunira-a-los-mejores-programadores-del-pais\/#breadcrumb"},"inLanguage":"es-AR","potentialAction":[{"@type":"ReadAction","target":["https:\/\/apuntesdesanluis.com\/index.php\/2023\/09\/28\/la-ulp-reunira-a-los-mejores-programadores-del-pais\/"]}]},{"@type":"ImageObject","inLanguage":"es-AR","@id":"https:\/\/apuntesdesanluis.com\/index.php\/2023\/09\/28\/la-ulp-reunira-a-los-mejores-programadores-del-pais\/#primaryimage","url":"https:\/\/apuntesdesanluis.com\/wp-content\/uploads\/2023\/09\/empleo-y-tecnologia.png","contentUrl":"https:\/\/apuntesdesanluis.com\/wp-content\/uploads\/2023\/09\/empleo-y-tecnologia.png","width":661,"height":423},{"@type":"BreadcrumbList","@id":"https:\/\/apuntesdesanluis.com\/index.php\/2023\/09\/28\/la-ulp-reunira-a-los-mejores-programadores-del-pais\/#breadcrumb","itemListElement":[{"@type":"ListItem","position":1,"name":"Inicio","item":"https:\/\/apuntesdesanluis.com\/"},{"@type":"ListItem","position":2,"name":"LA ULP REUNIR\u00c1 A LOS MEJORES PROGRAMADORES DEL PA\u00cdS"}]},{"@type":"WebSite","@id":"https:\/\/apuntesdesanluis.com\/#website","url":"https:\/\/apuntesdesanluis.com\/","name":"Apuntes de San Luis","description":"","publisher":{"@id":"https:\/\/apuntesdesanluis.com\/#\/schema\/person\/b55151d52296fcce64d1a72538a70b90"},"potentialAction":[{"@type":"SearchAction","target":{"@type":"EntryPoint","urlTemplate":"https:\/\/apuntesdesanluis.com\/?s={search_term_string}"},"query-input":{"@type":"PropertyValueSpecification","valueRequired":true,"valueName":"search_term_string"}}],"inLanguage":"es-AR"},{"@type":["Person","Organization"],"@id":"https:\/\/apuntesdesanluis.com\/#\/schema\/person\/b55151d52296fcce64d1a72538a70b90","name":"apuntesdesanluis.com","image":{"@type":"ImageObject","inLanguage":"es-AR","@id":"https:\/\/apuntesdesanluis.com\/#\/schema\/person\/image\/","url":"https:\/\/apuntesdesanluis.com\/wp-content\/uploads\/2023\/07\/cropped-apuntesdesanluis.png","contentUrl":"https:\/\/apuntesdesanluis.com\/wp-content\/uploads\/2023\/07\/cropped-apuntesdesanluis.png","width":450,"height":112,"caption":"apuntesdesanluis.com"},"logo":{"@id":"https:\/\/apuntesdesanluis.com\/#\/schema\/person\/image\/"},"sameAs":["https:\/\/apuntesdesanluis.com"],"url":"https:\/\/apuntesdesanluis.com\/index.php\/author\/apuntesdesanluis-com\/"}]}},"featured_image_urls":{"full":["https:\/\/apuntesdesanluis.com\/wp-content\/uploads\/2023\/09\/empleo-y-tecnologia.png",661,423,false],"thumbnail":["https:\/\/apuntesdesanluis.com\/wp-content\/uploads\/2023\/09\/empleo-y-tecnologia-150x150.png",150,150,true],"medium":["https:\/\/apuntesdesanluis.com\/wp-content\/uploads\/2023\/09\/empleo-y-tecnologia-300x192.png",300,192,true],"medium_large":["https:\/\/apuntesdesanluis.com\/wp-content\/uploads\/2023\/09\/empleo-y-tecnologia.png",640,410,false],"large":["https:\/\/apuntesdesanluis.com\/wp-content\/uploads\/2023\/09\/empleo-y-tecnologia.png",640,410,false],"1536x1536":["https:\/\/apuntesdesanluis.com\/wp-content\/uploads\/2023\/09\/empleo-y-tecnologia.png",661,423,false],"2048x2048":["https:\/\/apuntesdesanluis.com\/wp-content\/uploads\/2023\/09\/empleo-y-tecnologia.png",661,423,false],"newsever-slider-full":["https:\/\/apuntesdesanluis.com\/wp-content\/uploads\/2023\/09\/empleo-y-tecnologia.png",661,423,false],"newsever-featured":["https:\/\/apuntesdesanluis.com\/wp-content\/uploads\/2023\/09\/empleo-y-tecnologia.png",661,423,false],"newsever-medium":["https:\/\/apuntesdesanluis.com\/wp-content\/uploads\/2023\/09\/empleo-y-tecnologia.png",661,423,false]},"author_info":{"display_name":"apuntesdesanluis.com","author_link":"https:\/\/apuntesdesanluis.com\/index.php\/author\/apuntesdesanluis-com\/"},"category_info":"<a href=\"https:\/\/apuntesdesanluis.com\/index.php\/category\/ciudad-provincia\/\" rel=\"category tag\">Ciudad\/Provincia<\/a>","tag_info":"Ciudad\/Provincia","comment_count":"0","_links":{"self":[{"href":"https:\/\/apuntesdesanluis.com\/index.php\/wp-json\/wp\/v2\/posts\/4275","targetHints":{"allow":["GET"]}}],"collection":[{"href":"https:\/\/apuntesdesanluis.com\/index.php\/wp-json\/wp\/v2\/posts"}],"about":[{"href":"https:\/\/apuntesdesanluis.com\/index.php\/wp-json\/wp\/v2\/types\/post"}],"author":[{"embeddable":true,"href":"https:\/\/apuntesdesanluis.com\/index.php\/wp-json\/wp\/v2\/users\/1"}],"replies":[{"embeddable":true,"href":"https:\/\/apuntesdesanluis.com\/index.php\/wp-json\/wp\/v2\/comments?post=4275"}],"version-history":[{"count":1,"href":"https:\/\/apuntesdesanluis.com\/index.php\/wp-json\/wp\/v2\/posts\/4275\/revisions"}],"predecessor-version":[{"id":4278,"href":"https:\/\/apuntesdesanluis.com\/index.php\/wp-json\/wp\/v2\/posts\/4275\/revisions\/4278"}],"wp:featuredmedia":[{"embeddable":true,"href":"https:\/\/apuntesdesanluis.com\/index.php\/wp-json\/wp\/v2\/media\/4277"}],"wp:attachment":[{"href":"https:\/\/apuntesdesanluis.com\/index.php\/wp-json\/wp\/v2\/media?parent=4275"}],"wp:term":[{"taxonomy":"category","embeddable":true,"href":"https:\/\/apuntesdesanluis.com\/index.php\/wp-json\/wp\/v2\/categories?post=4275"},{"taxonomy":"post_tag","embeddable":true,"href":"https:\/\/apuntesdesanluis.com\/index.php\/wp-json\/wp\/v2\/tags?post=4275"}],"curies":[{"name":"wp","href":"https:\/\/api.w.org\/{rel}","templated":true}]}}