{"id":4291,"date":"2023-09-29T07:49:35","date_gmt":"2023-09-29T10:49:35","guid":{"rendered":"https:\/\/apuntesdesanluis.com\/?p=4291"},"modified":"2023-09-29T07:49:35","modified_gmt":"2023-09-29T10:49:35","slug":"guillermo-francella-participo-del-nuevo-video-de-bizarrap","status":"publish","type":"post","link":"https:\/\/apuntesdesanluis.com\/index.php\/2023\/09\/29\/guillermo-francella-participo-del-nuevo-video-de-bizarrap\/","title":{"rendered":"GUILLERMO FRANCELLA PARTICIP\u00d3 DEL NUEVO VIDEO DE BIZARRAP"},"content":{"rendered":"<h3><strong>Guillermo Francella<\/strong> protagoniz\u00f3 <strong>\u201cBizapop\u201d<\/strong> el video promocional de la nueva session de Bizarrap dirigido por Jaime James. El productor musical prepara un nuevo trabajo que se estrenar\u00e1 el pr\u00f3ximo 4 de octubre: Bizarrap Session 57.<\/h3>\n<h3>La aparici\u00f3n del actor caus\u00f3 revuelo en las redes sociales. Inspirado en la pel\u00edcula El Lobo de Wall Street, Francella interpret\u00f3 al jefe de Bizarrap y recit\u00f3 algunas frases de esta comedia.<\/h3>\n<h3>El video que dura casi 9 minutos ya cuenta con m\u00e1s de 1 mill\u00f3n de reproducciones en menos de 3 horas. La historia transcurre en un edificio Bizarrap Records y cuenta tambi\u00e9n con la participaci\u00f3n de Gast\u00f3n Cocchiarale.<\/h3>\n<h3>En las im\u00e1genes se puede ver a un grupo de oficinistas celebrar el \u00e9xito del \u201cBiza\u201d, cuando el productor da un discurso. \u201cNo, pero par\u00e1. Par\u00e1 porque les quiero contar algo. Algo que no es muy bueno y por eso estoy ac\u00e1. Para contarles que llegamos a ocho mil quinientas reproducciones en Spotify. Ganamo\u2019, volvimo\u2019 a ganar y vamos a seguir ganando. Es hist\u00f3rico\u201d, festeja el productor.<\/h3>\n<h3>Tras el discurso, la celebraci\u00f3n de los oficinistas crece generando un caos en el lugar que es interrumpido por Guillermo Francella. \u201c\u00a1Eh! \u00bfQu\u00e9 carajos est\u00e1n haciendo? \u00bfQu\u00e9 es todo este quilombo?\u201d, grita el actor desde su oficina.<\/h3>\n<h3>\u201cNi saben lo que est\u00e1n festejando, no entendieron nada, mamita\u201d, murmura Francella mientras Bizarrap y Cocchiarale ingresan a su oficina. \u201c\u00bfVos te acord\u00e1s lo que me dec\u00edas cuando empez\u00f3 todo esto?\u201d, le consult\u00f3 el actor al \u201cBiza\u201d. \u201c\u00bfQue ten\u00eda que aprovechar m\u00e1s los ojos azules&#8230;? Que cuanto m\u00e1s gente nos escuchara iba a ser m\u00e1s dif\u00edcil conformar a todos\u201d, respondi\u00f3 el productor.<\/h3>\n<h3>\u201c\u00bfY te acord\u00e1s lo que yo te contestaba? Que cuando ocurriera eso vos ten\u00e9s que entender que la gente no elige qu\u00e9 m\u00fasica escuchar, si no la m\u00fasica es la que elige qui\u00e9n quiere que la escuche\u201d, reflexiona el personaje de Francella y a\u00f1ade: \u201cUna persona nace, le pasan un mill\u00f3n de cosas a lo largo de toda su vida y de repente. \u00a1Puff! Le aparece una canci\u00f3n. Es una persona, una. A veces me gustar\u00eda escuchar qu\u00e9 opina la m\u00fasica de todos nosotros\u201d.<\/h3>\n<h3>\u201c\u00bfY yo? \u00bfA qui\u00e9n tengo que escuchar?\u201d, se pregunta Bizarrap mientras se recuesta sobre un sof\u00e1. Tras estas escenas, se confirm\u00f3 cuando ser\u00e1 el estreno de la nueva canci\u00f3n.<\/h3>\n<p><iframe title=\"BIZAPOP\" width=\"640\" height=\"360\" src=\"https:\/\/www.youtube.com\/embed\/gZhAuUTndEQ?start=1&#038;feature=oembed\" frameborder=\"0\" allow=\"accelerometer; autoplay; clipboard-write; encrypted-media; gyroscope; picture-in-picture; web-share\" referrerpolicy=\"strict-origin-when-cross-origin\" allowfullscreen><\/iframe><\/p>\n<p>&nbsp;<\/p>\n<p>&nbsp;<\/p>\n<p>&nbsp;<\/p>\n<p>&nbsp;<\/p>\n","protected":false},"excerpt":{"rendered":"<p>Guillermo Francella protagoniz\u00f3 \u201cBizapop\u201d el video promocional de la nueva session de Bizarrap dirigido por&#8230;<\/p>\n","protected":false},"author":1,"featured_media":4292,"comment_status":"closed","ping_status":"closed","sticky":false,"template":"","format":"standard","meta":{"footnotes":""},"categories":[5],"tags":[],"class_list":["post-4291","post","type-post","status-publish","format-standard","has-post-thumbnail","hentry","category-nacionales-internacionales"],"yoast_head":"<!-- This site is optimized with the Yoast SEO plugin v26.1.1 - https:\/\/yoast.com\/wordpress\/plugins\/seo\/ -->\n<title>GUILLERMO FRANCELLA PARTICIP\u00d3 DEL NUEVO VIDEO DE BIZARRAP - Apuntes de San Luis<\/title>\n<meta name=\"robots\" content=\"index, follow, max-snippet:-1, max-image-preview:large, max-video-preview:-1\" \/>\n<link rel=\"canonical\" href=\"https:\/\/apuntesdesanluis.com\/index.php\/2023\/09\/29\/guillermo-francella-participo-del-nuevo-video-de-bizarrap\/\" \/>\n<meta property=\"og:locale\" content=\"es_ES\" \/>\n<meta property=\"og:type\" content=\"article\" \/>\n<meta property=\"og:title\" content=\"GUILLERMO FRANCELLA PARTICIP\u00d3 DEL NUEVO VIDEO DE BIZARRAP - Apuntes de San Luis\" \/>\n<meta property=\"og:description\" content=\"Guillermo Francella protagoniz\u00f3 \u201cBizapop\u201d el video promocional de la nueva session de Bizarrap dirigido por...\" \/>\n<meta property=\"og:url\" content=\"https:\/\/apuntesdesanluis.com\/index.php\/2023\/09\/29\/guillermo-francella-participo-del-nuevo-video-de-bizarrap\/\" \/>\n<meta property=\"og:site_name\" content=\"Apuntes de San Luis\" \/>\n<meta property=\"article:published_time\" content=\"2023-09-29T10:49:35+00:00\" \/>\n<meta property=\"og:image\" content=\"https:\/\/apuntesdesanluis.com\/wp-content\/uploads\/2023\/09\/francella.png\" \/>\n\t<meta property=\"og:image:width\" content=\"600\" \/>\n\t<meta property=\"og:image:height\" content=\"346\" \/>\n\t<meta property=\"og:image:type\" content=\"image\/png\" \/>\n<meta name=\"author\" content=\"apuntesdesanluis.com\" \/>\n<meta name=\"twitter:card\" content=\"summary_large_image\" \/>\n<meta name=\"twitter:label1\" content=\"Escrito por\" \/>\n\t<meta name=\"twitter:data1\" content=\"apuntesdesanluis.com\" \/>\n\t<meta name=\"twitter:label2\" content=\"Tiempo de lectura\" \/>\n\t<meta name=\"twitter:data2\" content=\"2 minutos\" \/>\n<script type=\"application\/ld+json\" class=\"yoast-schema-graph\">{\"@context\":\"https:\/\/schema.org\",\"@graph\":[{\"@type\":\"Article\",\"@id\":\"https:\/\/apuntesdesanluis.com\/index.php\/2023\/09\/29\/guillermo-francella-participo-del-nuevo-video-de-bizarrap\/#article\",\"isPartOf\":{\"@id\":\"https:\/\/apuntesdesanluis.com\/index.php\/2023\/09\/29\/guillermo-francella-participo-del-nuevo-video-de-bizarrap\/\"},\"author\":{\"name\":\"apuntesdesanluis.com\",\"@id\":\"https:\/\/apuntesdesanluis.com\/#\/schema\/person\/b55151d52296fcce64d1a72538a70b90\"},\"headline\":\"GUILLERMO FRANCELLA PARTICIP\u00d3 DEL NUEVO VIDEO DE BIZARRAP\",\"datePublished\":\"2023-09-29T10:49:35+00:00\",\"mainEntityOfPage\":{\"@id\":\"https:\/\/apuntesdesanluis.com\/index.php\/2023\/09\/29\/guillermo-francella-participo-del-nuevo-video-de-bizarrap\/\"},\"wordCount\":430,\"publisher\":{\"@id\":\"https:\/\/apuntesdesanluis.com\/#\/schema\/person\/b55151d52296fcce64d1a72538a70b90\"},\"image\":{\"@id\":\"https:\/\/apuntesdesanluis.com\/index.php\/2023\/09\/29\/guillermo-francella-participo-del-nuevo-video-de-bizarrap\/#primaryimage\"},\"thumbnailUrl\":\"https:\/\/apuntesdesanluis.com\/wp-content\/uploads\/2023\/09\/francella.png\",\"articleSection\":[\"Nacionales\/Internacionales\"],\"inLanguage\":\"es-AR\"},{\"@type\":\"WebPage\",\"@id\":\"https:\/\/apuntesdesanluis.com\/index.php\/2023\/09\/29\/guillermo-francella-participo-del-nuevo-video-de-bizarrap\/\",\"url\":\"https:\/\/apuntesdesanluis.com\/index.php\/2023\/09\/29\/guillermo-francella-participo-del-nuevo-video-de-bizarrap\/\",\"name\":\"GUILLERMO FRANCELLA PARTICIP\u00d3 DEL NUEVO VIDEO DE BIZARRAP - Apuntes de San Luis\",\"isPartOf\":{\"@id\":\"https:\/\/apuntesdesanluis.com\/#website\"},\"primaryImageOfPage\":{\"@id\":\"https:\/\/apuntesdesanluis.com\/index.php\/2023\/09\/29\/guillermo-francella-participo-del-nuevo-video-de-bizarrap\/#primaryimage\"},\"image\":{\"@id\":\"https:\/\/apuntesdesanluis.com\/index.php\/2023\/09\/29\/guillermo-francella-participo-del-nuevo-video-de-bizarrap\/#primaryimage\"},\"thumbnailUrl\":\"https:\/\/apuntesdesanluis.com\/wp-content\/uploads\/2023\/09\/francella.png\",\"datePublished\":\"2023-09-29T10:49:35+00:00\",\"breadcrumb\":{\"@id\":\"https:\/\/apuntesdesanluis.com\/index.php\/2023\/09\/29\/guillermo-francella-participo-del-nuevo-video-de-bizarrap\/#breadcrumb\"},\"inLanguage\":\"es-AR\",\"potentialAction\":[{\"@type\":\"ReadAction\",\"target\":[\"https:\/\/apuntesdesanluis.com\/index.php\/2023\/09\/29\/guillermo-francella-participo-del-nuevo-video-de-bizarrap\/\"]}]},{\"@type\":\"ImageObject\",\"inLanguage\":\"es-AR\",\"@id\":\"https:\/\/apuntesdesanluis.com\/index.php\/2023\/09\/29\/guillermo-francella-participo-del-nuevo-video-de-bizarrap\/#primaryimage\",\"url\":\"https:\/\/apuntesdesanluis.com\/wp-content\/uploads\/2023\/09\/francella.png\",\"contentUrl\":\"https:\/\/apuntesdesanluis.com\/wp-content\/uploads\/2023\/09\/francella.png\",\"width\":600,\"height\":346},{\"@type\":\"BreadcrumbList\",\"@id\":\"https:\/\/apuntesdesanluis.com\/index.php\/2023\/09\/29\/guillermo-francella-participo-del-nuevo-video-de-bizarrap\/#breadcrumb\",\"itemListElement\":[{\"@type\":\"ListItem\",\"position\":1,\"name\":\"Inicio\",\"item\":\"https:\/\/apuntesdesanluis.com\/\"},{\"@type\":\"ListItem\",\"position\":2,\"name\":\"GUILLERMO FRANCELLA PARTICIP\u00d3 DEL NUEVO VIDEO DE BIZARRAP\"}]},{\"@type\":\"WebSite\",\"@id\":\"https:\/\/apuntesdesanluis.com\/#website\",\"url\":\"https:\/\/apuntesdesanluis.com\/\",\"name\":\"Apuntes de San Luis\",\"description\":\"\",\"publisher\":{\"@id\":\"https:\/\/apuntesdesanluis.com\/#\/schema\/person\/b55151d52296fcce64d1a72538a70b90\"},\"potentialAction\":[{\"@type\":\"SearchAction\",\"target\":{\"@type\":\"EntryPoint\",\"urlTemplate\":\"https:\/\/apuntesdesanluis.com\/?s={search_term_string}\"},\"query-input\":{\"@type\":\"PropertyValueSpecification\",\"valueRequired\":true,\"valueName\":\"search_term_string\"}}],\"inLanguage\":\"es-AR\"},{\"@type\":[\"Person\",\"Organization\"],\"@id\":\"https:\/\/apuntesdesanluis.com\/#\/schema\/person\/b55151d52296fcce64d1a72538a70b90\",\"name\":\"apuntesdesanluis.com\",\"image\":{\"@type\":\"ImageObject\",\"inLanguage\":\"es-AR\",\"@id\":\"https:\/\/apuntesdesanluis.com\/#\/schema\/person\/image\/\",\"url\":\"https:\/\/apuntesdesanluis.com\/wp-content\/uploads\/2023\/07\/cropped-apuntesdesanluis.png\",\"contentUrl\":\"https:\/\/apuntesdesanluis.com\/wp-content\/uploads\/2023\/07\/cropped-apuntesdesanluis.png\",\"width\":450,\"height\":112,\"caption\":\"apuntesdesanluis.com\"},\"logo\":{\"@id\":\"https:\/\/apuntesdesanluis.com\/#\/schema\/person\/image\/\"},\"sameAs\":[\"https:\/\/apuntesdesanluis.com\"],\"url\":\"https:\/\/apuntesdesanluis.com\/index.php\/author\/apuntesdesanluis-com\/\"}]}<\/script>\n<!-- \/ Yoast SEO plugin. -->","yoast_head_json":{"title":"GUILLERMO FRANCELLA PARTICIP\u00d3 DEL NUEVO VIDEO DE BIZARRAP - Apuntes de San Luis","robots":{"index":"index","follow":"follow","max-snippet":"max-snippet:-1","max-image-preview":"max-image-preview:large","max-video-preview":"max-video-preview:-1"},"canonical":"https:\/\/apuntesdesanluis.com\/index.php\/2023\/09\/29\/guillermo-francella-participo-del-nuevo-video-de-bizarrap\/","og_locale":"es_ES","og_type":"article","og_title":"GUILLERMO FRANCELLA PARTICIP\u00d3 DEL NUEVO VIDEO DE BIZARRAP - Apuntes de San Luis","og_description":"Guillermo Francella protagoniz\u00f3 \u201cBizapop\u201d el video promocional de la nueva session de Bizarrap dirigido por...","og_url":"https:\/\/apuntesdesanluis.com\/index.php\/2023\/09\/29\/guillermo-francella-participo-del-nuevo-video-de-bizarrap\/","og_site_name":"Apuntes de San Luis","article_published_time":"2023-09-29T10:49:35+00:00","og_image":[{"width":600,"height":346,"url":"https:\/\/apuntesdesanluis.com\/wp-content\/uploads\/2023\/09\/francella.png","type":"image\/png"}],"author":"apuntesdesanluis.com","twitter_card":"summary_large_image","twitter_misc":{"Escrito por":"apuntesdesanluis.com","Tiempo de lectura":"2 minutos"},"schema":{"@context":"https:\/\/schema.org","@graph":[{"@type":"Article","@id":"https:\/\/apuntesdesanluis.com\/index.php\/2023\/09\/29\/guillermo-francella-participo-del-nuevo-video-de-bizarrap\/#article","isPartOf":{"@id":"https:\/\/apuntesdesanluis.com\/index.php\/2023\/09\/29\/guillermo-francella-participo-del-nuevo-video-de-bizarrap\/"},"author":{"name":"apuntesdesanluis.com","@id":"https:\/\/apuntesdesanluis.com\/#\/schema\/person\/b55151d52296fcce64d1a72538a70b90"},"headline":"GUILLERMO FRANCELLA PARTICIP\u00d3 DEL NUEVO VIDEO DE BIZARRAP","datePublished":"2023-09-29T10:49:35+00:00","mainEntityOfPage":{"@id":"https:\/\/apuntesdesanluis.com\/index.php\/2023\/09\/29\/guillermo-francella-participo-del-nuevo-video-de-bizarrap\/"},"wordCount":430,"publisher":{"@id":"https:\/\/apuntesdesanluis.com\/#\/schema\/person\/b55151d52296fcce64d1a72538a70b90"},"image":{"@id":"https:\/\/apuntesdesanluis.com\/index.php\/2023\/09\/29\/guillermo-francella-participo-del-nuevo-video-de-bizarrap\/#primaryimage"},"thumbnailUrl":"https:\/\/apuntesdesanluis.com\/wp-content\/uploads\/2023\/09\/francella.png","articleSection":["Nacionales\/Internacionales"],"inLanguage":"es-AR"},{"@type":"WebPage","@id":"https:\/\/apuntesdesanluis.com\/index.php\/2023\/09\/29\/guillermo-francella-participo-del-nuevo-video-de-bizarrap\/","url":"https:\/\/apuntesdesanluis.com\/index.php\/2023\/09\/29\/guillermo-francella-participo-del-nuevo-video-de-bizarrap\/","name":"GUILLERMO FRANCELLA PARTICIP\u00d3 DEL NUEVO VIDEO DE BIZARRAP - Apuntes de San Luis","isPartOf":{"@id":"https:\/\/apuntesdesanluis.com\/#website"},"primaryImageOfPage":{"@id":"https:\/\/apuntesdesanluis.com\/index.php\/2023\/09\/29\/guillermo-francella-participo-del-nuevo-video-de-bizarrap\/#primaryimage"},"image":{"@id":"https:\/\/apuntesdesanluis.com\/index.php\/2023\/09\/29\/guillermo-francella-participo-del-nuevo-video-de-bizarrap\/#primaryimage"},"thumbnailUrl":"https:\/\/apuntesdesanluis.com\/wp-content\/uploads\/2023\/09\/francella.png","datePublished":"2023-09-29T10:49:35+00:00","breadcrumb":{"@id":"https:\/\/apuntesdesanluis.com\/index.php\/2023\/09\/29\/guillermo-francella-participo-del-nuevo-video-de-bizarrap\/#breadcrumb"},"inLanguage":"es-AR","potentialAction":[{"@type":"ReadAction","target":["https:\/\/apuntesdesanluis.com\/index.php\/2023\/09\/29\/guillermo-francella-participo-del-nuevo-video-de-bizarrap\/"]}]},{"@type":"ImageObject","inLanguage":"es-AR","@id":"https:\/\/apuntesdesanluis.com\/index.php\/2023\/09\/29\/guillermo-francella-participo-del-nuevo-video-de-bizarrap\/#primaryimage","url":"https:\/\/apuntesdesanluis.com\/wp-content\/uploads\/2023\/09\/francella.png","contentUrl":"https:\/\/apuntesdesanluis.com\/wp-content\/uploads\/2023\/09\/francella.png","width":600,"height":346},{"@type":"BreadcrumbList","@id":"https:\/\/apuntesdesanluis.com\/index.php\/2023\/09\/29\/guillermo-francella-participo-del-nuevo-video-de-bizarrap\/#breadcrumb","itemListElement":[{"@type":"ListItem","position":1,"name":"Inicio","item":"https:\/\/apuntesdesanluis.com\/"},{"@type":"ListItem","position":2,"name":"GUILLERMO FRANCELLA PARTICIP\u00d3 DEL NUEVO VIDEO DE BIZARRAP"}]},{"@type":"WebSite","@id":"https:\/\/apuntesdesanluis.com\/#website","url":"https:\/\/apuntesdesanluis.com\/","name":"Apuntes de San Luis","description":"","publisher":{"@id":"https:\/\/apuntesdesanluis.com\/#\/schema\/person\/b55151d52296fcce64d1a72538a70b90"},"potentialAction":[{"@type":"SearchAction","target":{"@type":"EntryPoint","urlTemplate":"https:\/\/apuntesdesanluis.com\/?s={search_term_string}"},"query-input":{"@type":"PropertyValueSpecification","valueRequired":true,"valueName":"search_term_string"}}],"inLanguage":"es-AR"},{"@type":["Person","Organization"],"@id":"https:\/\/apuntesdesanluis.com\/#\/schema\/person\/b55151d52296fcce64d1a72538a70b90","name":"apuntesdesanluis.com","image":{"@type":"ImageObject","inLanguage":"es-AR","@id":"https:\/\/apuntesdesanluis.com\/#\/schema\/person\/image\/","url":"https:\/\/apuntesdesanluis.com\/wp-content\/uploads\/2023\/07\/cropped-apuntesdesanluis.png","contentUrl":"https:\/\/apuntesdesanluis.com\/wp-content\/uploads\/2023\/07\/cropped-apuntesdesanluis.png","width":450,"height":112,"caption":"apuntesdesanluis.com"},"logo":{"@id":"https:\/\/apuntesdesanluis.com\/#\/schema\/person\/image\/"},"sameAs":["https:\/\/apuntesdesanluis.com"],"url":"https:\/\/apuntesdesanluis.com\/index.php\/author\/apuntesdesanluis-com\/"}]}},"featured_image_urls":{"full":["https:\/\/apuntesdesanluis.com\/wp-content\/uploads\/2023\/09\/francella.png",600,346,false],"thumbnail":["https:\/\/apuntesdesanluis.com\/wp-content\/uploads\/2023\/09\/francella-150x150.png",150,150,true],"medium":["https:\/\/apuntesdesanluis.com\/wp-content\/uploads\/2023\/09\/francella-300x173.png",300,173,true],"medium_large":["https:\/\/apuntesdesanluis.com\/wp-content\/uploads\/2023\/09\/francella.png",600,346,false],"large":["https:\/\/apuntesdesanluis.com\/wp-content\/uploads\/2023\/09\/francella.png",600,346,false],"1536x1536":["https:\/\/apuntesdesanluis.com\/wp-content\/uploads\/2023\/09\/francella.png",600,346,false],"2048x2048":["https:\/\/apuntesdesanluis.com\/wp-content\/uploads\/2023\/09\/francella.png",600,346,false],"newsever-slider-full":["https:\/\/apuntesdesanluis.com\/wp-content\/uploads\/2023\/09\/francella.png",600,346,false],"newsever-featured":["https:\/\/apuntesdesanluis.com\/wp-content\/uploads\/2023\/09\/francella.png",600,346,false],"newsever-medium":["https:\/\/apuntesdesanluis.com\/wp-content\/uploads\/2023\/09\/francella.png",600,346,false]},"author_info":{"display_name":"apuntesdesanluis.com","author_link":"https:\/\/apuntesdesanluis.com\/index.php\/author\/apuntesdesanluis-com\/"},"category_info":"<a href=\"https:\/\/apuntesdesanluis.com\/index.php\/category\/nacionales-internacionales\/\" rel=\"category tag\">Nacionales\/Internacionales<\/a>","tag_info":"Nacionales\/Internacionales","comment_count":"0","_links":{"self":[{"href":"https:\/\/apuntesdesanluis.com\/index.php\/wp-json\/wp\/v2\/posts\/4291","targetHints":{"allow":["GET"]}}],"collection":[{"href":"https:\/\/apuntesdesanluis.com\/index.php\/wp-json\/wp\/v2\/posts"}],"about":[{"href":"https:\/\/apuntesdesanluis.com\/index.php\/wp-json\/wp\/v2\/types\/post"}],"author":[{"embeddable":true,"href":"https:\/\/apuntesdesanluis.com\/index.php\/wp-json\/wp\/v2\/users\/1"}],"replies":[{"embeddable":true,"href":"https:\/\/apuntesdesanluis.com\/index.php\/wp-json\/wp\/v2\/comments?post=4291"}],"version-history":[{"count":1,"href":"https:\/\/apuntesdesanluis.com\/index.php\/wp-json\/wp\/v2\/posts\/4291\/revisions"}],"predecessor-version":[{"id":4293,"href":"https:\/\/apuntesdesanluis.com\/index.php\/wp-json\/wp\/v2\/posts\/4291\/revisions\/4293"}],"wp:featuredmedia":[{"embeddable":true,"href":"https:\/\/apuntesdesanluis.com\/index.php\/wp-json\/wp\/v2\/media\/4292"}],"wp:attachment":[{"href":"https:\/\/apuntesdesanluis.com\/index.php\/wp-json\/wp\/v2\/media?parent=4291"}],"wp:term":[{"taxonomy":"category","embeddable":true,"href":"https:\/\/apuntesdesanluis.com\/index.php\/wp-json\/wp\/v2\/categories?post=4291"},{"taxonomy":"post_tag","embeddable":true,"href":"https:\/\/apuntesdesanluis.com\/index.php\/wp-json\/wp\/v2\/tags?post=4291"}],"curies":[{"name":"wp","href":"https:\/\/api.w.org\/{rel}","templated":true}]}}