{"id":4295,"date":"2023-09-29T13:17:31","date_gmt":"2023-09-29T16:17:31","guid":{"rendered":"https:\/\/apuntesdesanluis.com\/?p=4295"},"modified":"2023-09-29T13:39:26","modified_gmt":"2023-09-29T16:39:26","slug":"merlo-sera-sede-del-4to-congreso-internacional-sobre-juego-recreacion-y-tiempo-libre","status":"publish","type":"post","link":"https:\/\/apuntesdesanluis.com\/index.php\/2023\/09\/29\/merlo-sera-sede-del-4to-congreso-internacional-sobre-juego-recreacion-y-tiempo-libre\/","title":{"rendered":"MERLO SER\u00c1 SEDE DEL 4TO. CONGRESO INTERNACIONAL SOBRE JUEGO, RECREACI\u00d3N Y TIEMPO LIBRE"},"content":{"rendered":"<h3>Durante los d\u00edas el 5, 6 y 7 de octubre se realizar\u00e1 este congreso destinado a fomentar el encuentro de diferentes actores del campo de la Recreaci\u00f3n y posibilitar espacios de encuentros dial\u00f3gicos entre las personas, en el marco del juego y el tiempo libre.<\/h3>\n<h3>La Municipalidad de la Villa de Merlo invita al <strong>IV Congreso Internacional sobre Juego, Recreaci\u00f3n y Tiempo Libre<\/strong>, que organizado por el Foro Permanente de Tiempo Libre y Recreaci\u00f3n, se llevar\u00e1 a cabo durante tres d\u00edas, durante los cuales habr\u00e1 conferencias, talleres, presentaci\u00f3n de libros, relatos y una gran variedad de actividades, que buscan fomentar la importancia de la recreaci\u00f3n para la vida.<\/h3>\n<h3>El eje principal de la jornada ser\u00e1 la recreaci\u00f3n que se combinan con m\u00e1s de 10 temas que son de gran incidencia en nuestra sociedad. Para su desarrollo se basa en cuatro principios generales:<\/h3>\n<ul>\n<li>\n<h3>Posibilitar espacios de encuentros dial\u00f3gicos entre las personas en el marco de la Recreaci\u00f3n, el Juego y el Tiempo libre <strong>como derecho <\/strong>en los diversos contextos y territorios latinoamericanos.<\/h3>\n<\/li>\n<li>\n<h3>Problematizar los campos de la Recreaci\u00f3n, el Juego y el Tiempo libre enmarcados en la realidad contempor\u00e1nea de la regi\u00f3n latinoamericana.<\/h3>\n<\/li>\n<li>\n<h3>Recrear sentidos y significados acerca de pr\u00e1cticas, conocimientos y saberes, sobre el campo de la recreaci\u00f3n, la l\u00fadica y el tiempo libre.<\/h3>\n<\/li>\n<li>\n<h3>Fomentar el encuentro de diferentes actores del campo de la Recreaci\u00f3n como trabajadores en relaci\u00f3n con la l\u00fadica, recre\u00f3logos, profesionales, acad\u00e9micos, conferencistas, investigadores, y curiosos e inquietos por tem\u00e1ticas en relaci\u00f3n a la Recreaci\u00f3n, el Juego y el Tiempo libre.<\/h3>\n<\/li>\n<\/ul>\n<h3>Adem\u00e1s, se realizar\u00e1 la 1era. Feria del Libro sobre L\u00fadica, Juego y Recreaci\u00f3n, que se desarrolla en paralelo al congreso, centralmente en la Universidad Nacional de los<\/h3>\n<h3>Comechingones, en la Villa de Merlo, del 5 al 7 de octubre de 9.00 a 18.00 hs., con entrada libre y gratuita.<strong>\u00a0<\/strong><\/h3>\n<h3><strong>CRONOGRAMA DEL EVENTO:<\/strong><\/h3>\n<h3><strong>Jueves 5 de octubre &#8211; Eje Juego &#8211; sede: UNLC<\/strong><\/h3>\n<h3><strong>8.30 a 9.30 hs: <\/strong>Acreditaciones.<\/h3>\n<h3><strong>9.30 a 10.00 hs: <\/strong>apertura &#8211; actividad l\u00fadica &#8211; Gabriel Garz\u00f3n (Buenos Aires)<\/h3>\n<h3><strong>10.30 a 11.30 hs: <\/strong>Conferencia recreaci\u00f3n y juego &#8211; Gonzalo Vidal (Buenos Aires)<\/h3>\n<h3><strong>11.30 a 12.30 hs: <\/strong>Panel recreaci\u00f3n y juego &#8211; Liz Marco T\u00f3rrez (Bolivia) &#8211; Gonzalo Vidal (Buenos Aires) &#8211; Daniel Bernal (Mendoza) &#8211; Modera: Mariela Medina (espacio foro San Luis).<\/h3>\n<h3><strong>13.00 a 14.30 hs: RECESO<\/strong><\/h3>\n<h3>Sede a designar seg\u00fan las propuestas. (Consultar grilla en el lugar)<\/h3>\n<h3><strong>14.30 a 16.30 hs: <\/strong>Talleres, Tertulias, Presentaci\u00f3n de libros y revistas, Relatos de experiencias, Ponencias libres.<\/h3>\n<h3><strong>16.30 a 17.30 hs: RECESO<\/strong><\/h3>\n<h3>Sede a designar seg\u00fan las propuestas (Consultar la grilla en el lugar)<\/h3>\n<h3><strong>17.30 a 19.30 hs: <\/strong>Talleres, Tertulias, Presentaci\u00f3n de libros y revistas, Relatos de experiencias, Ponencias libres.<\/h3>\n<h3><strong>19.30 hs: Presentaci\u00f3n libro &#8211; <\/strong>Carlos Skliar\u00a0 (Buenos Aires). Sede Librer\u00eda Hex\u00e1metro.<\/h3>\n<h3><strong>20.00 a 23.00 hs: <\/strong>Noche de Juegos en Biblioteca Popular Antonio E. Ag\u00fcero.<\/h3>\n<h3><strong>Viernes 6 de octubre &#8211; Eje Recreaci\u00f3n y Derechos &#8211; Sede: UNLC<\/strong><\/h3>\n<h3><strong>9.00 a 10.00 hs. <\/strong>Asamblea Abierta\u00a0 e Informativa de la Red Nacional de Recreaci\u00f3n &#8211; Argentina.<\/h3>\n<h3><strong>10.00 a 10.30 hs. <\/strong>Conferencia recreaci\u00f3n y derechos &#8211; Marcelo Vitarelli (San\u00a0Luis)<\/h3>\n<h3><strong>11.00 a 12.30 hs. <\/strong>Panel recreaci\u00f3n y derechos &#8211; Luciano Mercado (Salta) Marcos Griffa (C\u00f3rdoba) &#8211; Diego Rivadeneira (Estaci\u00f3n Infancias) &#8211; modera: Anal\u00eda M\u00e9ndez &#8211; (espacio foro Buenos Aires).<\/h3>\n<h3><strong>13.00 a 14:30 hs. RECESO<\/strong><\/h3>\n<h3>Sede a designar seg\u00fan las propuestas (Consultar la grilla en el lugar)<\/h3>\n<h3><strong>14.30 a 16.30 hs: <\/strong>Talleres, Tertulias, Presentaci\u00f3n de libros y revistas, Relatos de experiencias, Ponencias libres.<\/h3>\n<h3><strong>15.30 a 17.00 hs. Reuni\u00f3n del Foro Permanente de Tiempo Libre y Recreaci\u00f3n <\/strong>(Elecci\u00f3n Sede Congreso 2025).<\/h3>\n<h3>16.30 a 17.30 hs. RECESO<\/h3>\n<h3>Sede a designar seg\u00fan las propuestas (consultar la grilla en el lugar)<\/h3>\n<h3><strong>17.30 a 19.30 hs: <\/strong>Talleres, Tertulias, Presentaci\u00f3n de libros y revistas, Relatos de experiencias, Ponencias libres.<\/h3>\n<h3><strong>20.00 a 23.00 hs. Fog\u00f3n en el <\/strong>Balneario Municipal.<\/h3>\n<p><img fetchpriority=\"high\" decoding=\"async\" class=\"wp-image-4297 aligncenter\" src=\"https:\/\/apuntesdesanluis.com\/wp-content\/uploads\/2023\/09\/Congreso-240x300.jpg\" alt=\"\" width=\"475\" height=\"594\" srcset=\"https:\/\/apuntesdesanluis.com\/wp-content\/uploads\/2023\/09\/Congreso-240x300.jpg 240w, https:\/\/apuntesdesanluis.com\/wp-content\/uploads\/2023\/09\/Congreso.jpg 600w\" sizes=\"(max-width: 475px) 100vw, 475px\" \/><\/p>\n<h3><strong>S\u00e1bado 7 de octubre \u2013 Eje Tiempo Libre &#8211; Sede: UNLC<\/strong><\/h3>\n<h3><strong>9.00 a 10.00 hs. <\/strong>Reuni\u00f3n Red de Instituciones de Investigaci\u00f3n y Formadoras en Recreaci\u00f3n.<\/h3>\n<h3><strong>10.00 a 11.00 hs. <\/strong>Conferencia Tiempo Libre &#8211; Carlos Skliar (Buenos Aires)<\/h3>\n<h3><strong>11.00 a 12.30 hs. <\/strong>Panel Recreaci\u00f3n y Tiempo Libre &#8211; Carlos Skliar (Buenos Aires) Julia Gerlero(Neuqu\u00e9n) Aldo Perez (Cuba) &#8211; Ramiro Gonzales Gainza (Buenos Aires.) Modera: Nicol\u00e1s Wildner S\u00e1nchez (Espacio Foro San Luis).<strong>\u00a0<\/strong><\/h3>\n<h3><strong>13.00 a 14:30 hs RECESO.<\/strong><\/h3>\n<h3>Sede a designar seg\u00fan las propuestas (Consultar la grilla en el lugar)<\/h3>\n<h3><strong>14.30 a 16.30 hs. <\/strong>Talleres, Tertulias, Presentaci\u00f3n de libros y revistas, Relatos de experiencias, Ponencias libres.<\/h3>\n<h3>16.30 a 17.30 hs. RECESO.<\/h3>\n<h3><strong>17.30 a 18.30 hs. <\/strong>Mesa No Homenaje \u2013 Recuperando la Historia.<\/h3>\n<h3>Jorge Saminsky (Santa Fe) &#8211; Gustavo Coppola (C\u00f3rdoba) &#8211; Gustavo Vilas (Uruguay)- Victor De Melo (Brasil) &#8211; Pablo Waichman (Buenos Aires) &#8211; Fabi\u00e1n Vilas (Uruguay) &#8211; Modera: Laura Baracchini (espacio foro San Luis).<\/h3>\n<h3><strong>18.30 a 19.30 hs. <\/strong>CIERRE L\u00daDICO y DESPEDIDA en la UNLC.<\/h3>\n","protected":false},"excerpt":{"rendered":"<p>Durante los d\u00edas el 5, 6 y 7 de octubre se realizar\u00e1 este congreso destinado&#8230;<\/p>\n","protected":false},"author":1,"featured_media":4299,"comment_status":"closed","ping_status":"closed","sticky":false,"template":"","format":"standard","meta":{"footnotes":""},"categories":[6],"tags":[],"class_list":["post-4295","post","type-post","status-publish","format-standard","has-post-thumbnail","hentry","category-ciudad-provincia"],"yoast_head":"<!-- This site is optimized with the Yoast SEO plugin v26.1.1 - https:\/\/yoast.com\/wordpress\/plugins\/seo\/ -->\n<title>MERLO SER\u00c1 SEDE DEL 4TO. CONGRESO INTERNACIONAL SOBRE JUEGO, RECREACI\u00d3N Y TIEMPO LIBRE - Apuntes de San Luis<\/title>\n<meta name=\"robots\" content=\"index, follow, max-snippet:-1, max-image-preview:large, max-video-preview:-1\" \/>\n<link rel=\"canonical\" href=\"https:\/\/apuntesdesanluis.com\/index.php\/2023\/09\/29\/merlo-sera-sede-del-4to-congreso-internacional-sobre-juego-recreacion-y-tiempo-libre\/\" \/>\n<meta property=\"og:locale\" content=\"es_ES\" \/>\n<meta property=\"og:type\" content=\"article\" \/>\n<meta property=\"og:title\" content=\"MERLO SER\u00c1 SEDE DEL 4TO. CONGRESO INTERNACIONAL SOBRE JUEGO, RECREACI\u00d3N Y TIEMPO LIBRE - Apuntes de San Luis\" \/>\n<meta property=\"og:description\" content=\"Durante los d\u00edas el 5, 6 y 7 de octubre se realizar\u00e1 este congreso destinado...\" \/>\n<meta property=\"og:url\" content=\"https:\/\/apuntesdesanluis.com\/index.php\/2023\/09\/29\/merlo-sera-sede-del-4to-congreso-internacional-sobre-juego-recreacion-y-tiempo-libre\/\" \/>\n<meta property=\"og:site_name\" content=\"Apuntes de San Luis\" \/>\n<meta property=\"article:published_time\" content=\"2023-09-29T16:17:31+00:00\" \/>\n<meta property=\"article:modified_time\" content=\"2023-09-29T16:39:26+00:00\" \/>\n<meta property=\"og:image\" content=\"https:\/\/apuntesdesanluis.com\/wp-content\/uploads\/2023\/09\/congreso-logo.png\" \/>\n\t<meta property=\"og:image:width\" content=\"600\" \/>\n\t<meta property=\"og:image:height\" content=\"337\" \/>\n\t<meta property=\"og:image:type\" content=\"image\/png\" \/>\n<meta name=\"author\" content=\"apuntesdesanluis.com\" \/>\n<meta name=\"twitter:card\" content=\"summary_large_image\" \/>\n<meta name=\"twitter:label1\" content=\"Escrito por\" \/>\n\t<meta name=\"twitter:data1\" content=\"apuntesdesanluis.com\" \/>\n\t<meta name=\"twitter:label2\" content=\"Tiempo de lectura\" \/>\n\t<meta name=\"twitter:data2\" content=\"4 minutos\" \/>\n<script type=\"application\/ld+json\" class=\"yoast-schema-graph\">{\"@context\":\"https:\/\/schema.org\",\"@graph\":[{\"@type\":\"Article\",\"@id\":\"https:\/\/apuntesdesanluis.com\/index.php\/2023\/09\/29\/merlo-sera-sede-del-4to-congreso-internacional-sobre-juego-recreacion-y-tiempo-libre\/#article\",\"isPartOf\":{\"@id\":\"https:\/\/apuntesdesanluis.com\/index.php\/2023\/09\/29\/merlo-sera-sede-del-4to-congreso-internacional-sobre-juego-recreacion-y-tiempo-libre\/\"},\"author\":{\"name\":\"apuntesdesanluis.com\",\"@id\":\"https:\/\/apuntesdesanluis.com\/#\/schema\/person\/b55151d52296fcce64d1a72538a70b90\"},\"headline\":\"MERLO SER\u00c1 SEDE DEL 4TO. CONGRESO INTERNACIONAL SOBRE JUEGO, RECREACI\u00d3N Y TIEMPO LIBRE\",\"datePublished\":\"2023-09-29T16:17:31+00:00\",\"dateModified\":\"2023-09-29T16:39:26+00:00\",\"mainEntityOfPage\":{\"@id\":\"https:\/\/apuntesdesanluis.com\/index.php\/2023\/09\/29\/merlo-sera-sede-del-4to-congreso-internacional-sobre-juego-recreacion-y-tiempo-libre\/\"},\"wordCount\":812,\"publisher\":{\"@id\":\"https:\/\/apuntesdesanluis.com\/#\/schema\/person\/b55151d52296fcce64d1a72538a70b90\"},\"image\":{\"@id\":\"https:\/\/apuntesdesanluis.com\/index.php\/2023\/09\/29\/merlo-sera-sede-del-4to-congreso-internacional-sobre-juego-recreacion-y-tiempo-libre\/#primaryimage\"},\"thumbnailUrl\":\"https:\/\/apuntesdesanluis.com\/wp-content\/uploads\/2023\/09\/congreso-logo.png\",\"articleSection\":[\"Ciudad\/Provincia\"],\"inLanguage\":\"es-AR\"},{\"@type\":\"WebPage\",\"@id\":\"https:\/\/apuntesdesanluis.com\/index.php\/2023\/09\/29\/merlo-sera-sede-del-4to-congreso-internacional-sobre-juego-recreacion-y-tiempo-libre\/\",\"url\":\"https:\/\/apuntesdesanluis.com\/index.php\/2023\/09\/29\/merlo-sera-sede-del-4to-congreso-internacional-sobre-juego-recreacion-y-tiempo-libre\/\",\"name\":\"MERLO SER\u00c1 SEDE DEL 4TO. CONGRESO INTERNACIONAL SOBRE JUEGO, RECREACI\u00d3N Y TIEMPO LIBRE - Apuntes de San Luis\",\"isPartOf\":{\"@id\":\"https:\/\/apuntesdesanluis.com\/#website\"},\"primaryImageOfPage\":{\"@id\":\"https:\/\/apuntesdesanluis.com\/index.php\/2023\/09\/29\/merlo-sera-sede-del-4to-congreso-internacional-sobre-juego-recreacion-y-tiempo-libre\/#primaryimage\"},\"image\":{\"@id\":\"https:\/\/apuntesdesanluis.com\/index.php\/2023\/09\/29\/merlo-sera-sede-del-4to-congreso-internacional-sobre-juego-recreacion-y-tiempo-libre\/#primaryimage\"},\"thumbnailUrl\":\"https:\/\/apuntesdesanluis.com\/wp-content\/uploads\/2023\/09\/congreso-logo.png\",\"datePublished\":\"2023-09-29T16:17:31+00:00\",\"dateModified\":\"2023-09-29T16:39:26+00:00\",\"breadcrumb\":{\"@id\":\"https:\/\/apuntesdesanluis.com\/index.php\/2023\/09\/29\/merlo-sera-sede-del-4to-congreso-internacional-sobre-juego-recreacion-y-tiempo-libre\/#breadcrumb\"},\"inLanguage\":\"es-AR\",\"potentialAction\":[{\"@type\":\"ReadAction\",\"target\":[\"https:\/\/apuntesdesanluis.com\/index.php\/2023\/09\/29\/merlo-sera-sede-del-4to-congreso-internacional-sobre-juego-recreacion-y-tiempo-libre\/\"]}]},{\"@type\":\"ImageObject\",\"inLanguage\":\"es-AR\",\"@id\":\"https:\/\/apuntesdesanluis.com\/index.php\/2023\/09\/29\/merlo-sera-sede-del-4to-congreso-internacional-sobre-juego-recreacion-y-tiempo-libre\/#primaryimage\",\"url\":\"https:\/\/apuntesdesanluis.com\/wp-content\/uploads\/2023\/09\/congreso-logo.png\",\"contentUrl\":\"https:\/\/apuntesdesanluis.com\/wp-content\/uploads\/2023\/09\/congreso-logo.png\",\"width\":600,\"height\":337},{\"@type\":\"BreadcrumbList\",\"@id\":\"https:\/\/apuntesdesanluis.com\/index.php\/2023\/09\/29\/merlo-sera-sede-del-4to-congreso-internacional-sobre-juego-recreacion-y-tiempo-libre\/#breadcrumb\",\"itemListElement\":[{\"@type\":\"ListItem\",\"position\":1,\"name\":\"Inicio\",\"item\":\"https:\/\/apuntesdesanluis.com\/\"},{\"@type\":\"ListItem\",\"position\":2,\"name\":\"MERLO SER\u00c1 SEDE DEL 4TO. CONGRESO INTERNACIONAL SOBRE JUEGO, RECREACI\u00d3N Y TIEMPO LIBRE\"}]},{\"@type\":\"WebSite\",\"@id\":\"https:\/\/apuntesdesanluis.com\/#website\",\"url\":\"https:\/\/apuntesdesanluis.com\/\",\"name\":\"Apuntes de San Luis\",\"description\":\"\",\"publisher\":{\"@id\":\"https:\/\/apuntesdesanluis.com\/#\/schema\/person\/b55151d52296fcce64d1a72538a70b90\"},\"potentialAction\":[{\"@type\":\"SearchAction\",\"target\":{\"@type\":\"EntryPoint\",\"urlTemplate\":\"https:\/\/apuntesdesanluis.com\/?s={search_term_string}\"},\"query-input\":{\"@type\":\"PropertyValueSpecification\",\"valueRequired\":true,\"valueName\":\"search_term_string\"}}],\"inLanguage\":\"es-AR\"},{\"@type\":[\"Person\",\"Organization\"],\"@id\":\"https:\/\/apuntesdesanluis.com\/#\/schema\/person\/b55151d52296fcce64d1a72538a70b90\",\"name\":\"apuntesdesanluis.com\",\"image\":{\"@type\":\"ImageObject\",\"inLanguage\":\"es-AR\",\"@id\":\"https:\/\/apuntesdesanluis.com\/#\/schema\/person\/image\/\",\"url\":\"https:\/\/apuntesdesanluis.com\/wp-content\/uploads\/2023\/07\/cropped-apuntesdesanluis.png\",\"contentUrl\":\"https:\/\/apuntesdesanluis.com\/wp-content\/uploads\/2023\/07\/cropped-apuntesdesanluis.png\",\"width\":450,\"height\":112,\"caption\":\"apuntesdesanluis.com\"},\"logo\":{\"@id\":\"https:\/\/apuntesdesanluis.com\/#\/schema\/person\/image\/\"},\"sameAs\":[\"https:\/\/apuntesdesanluis.com\"],\"url\":\"https:\/\/apuntesdesanluis.com\/index.php\/author\/apuntesdesanluis-com\/\"}]}<\/script>\n<!-- \/ Yoast SEO plugin. -->","yoast_head_json":{"title":"MERLO SER\u00c1 SEDE DEL 4TO. CONGRESO INTERNACIONAL SOBRE JUEGO, RECREACI\u00d3N Y TIEMPO LIBRE - Apuntes de San Luis","robots":{"index":"index","follow":"follow","max-snippet":"max-snippet:-1","max-image-preview":"max-image-preview:large","max-video-preview":"max-video-preview:-1"},"canonical":"https:\/\/apuntesdesanluis.com\/index.php\/2023\/09\/29\/merlo-sera-sede-del-4to-congreso-internacional-sobre-juego-recreacion-y-tiempo-libre\/","og_locale":"es_ES","og_type":"article","og_title":"MERLO SER\u00c1 SEDE DEL 4TO. CONGRESO INTERNACIONAL SOBRE JUEGO, RECREACI\u00d3N Y TIEMPO LIBRE - Apuntes de San Luis","og_description":"Durante los d\u00edas el 5, 6 y 7 de octubre se realizar\u00e1 este congreso destinado...","og_url":"https:\/\/apuntesdesanluis.com\/index.php\/2023\/09\/29\/merlo-sera-sede-del-4to-congreso-internacional-sobre-juego-recreacion-y-tiempo-libre\/","og_site_name":"Apuntes de San Luis","article_published_time":"2023-09-29T16:17:31+00:00","article_modified_time":"2023-09-29T16:39:26+00:00","og_image":[{"width":600,"height":337,"url":"https:\/\/apuntesdesanluis.com\/wp-content\/uploads\/2023\/09\/congreso-logo.png","type":"image\/png"}],"author":"apuntesdesanluis.com","twitter_card":"summary_large_image","twitter_misc":{"Escrito por":"apuntesdesanluis.com","Tiempo de lectura":"4 minutos"},"schema":{"@context":"https:\/\/schema.org","@graph":[{"@type":"Article","@id":"https:\/\/apuntesdesanluis.com\/index.php\/2023\/09\/29\/merlo-sera-sede-del-4to-congreso-internacional-sobre-juego-recreacion-y-tiempo-libre\/#article","isPartOf":{"@id":"https:\/\/apuntesdesanluis.com\/index.php\/2023\/09\/29\/merlo-sera-sede-del-4to-congreso-internacional-sobre-juego-recreacion-y-tiempo-libre\/"},"author":{"name":"apuntesdesanluis.com","@id":"https:\/\/apuntesdesanluis.com\/#\/schema\/person\/b55151d52296fcce64d1a72538a70b90"},"headline":"MERLO SER\u00c1 SEDE DEL 4TO. CONGRESO INTERNACIONAL SOBRE JUEGO, RECREACI\u00d3N Y TIEMPO LIBRE","datePublished":"2023-09-29T16:17:31+00:00","dateModified":"2023-09-29T16:39:26+00:00","mainEntityOfPage":{"@id":"https:\/\/apuntesdesanluis.com\/index.php\/2023\/09\/29\/merlo-sera-sede-del-4to-congreso-internacional-sobre-juego-recreacion-y-tiempo-libre\/"},"wordCount":812,"publisher":{"@id":"https:\/\/apuntesdesanluis.com\/#\/schema\/person\/b55151d52296fcce64d1a72538a70b90"},"image":{"@id":"https:\/\/apuntesdesanluis.com\/index.php\/2023\/09\/29\/merlo-sera-sede-del-4to-congreso-internacional-sobre-juego-recreacion-y-tiempo-libre\/#primaryimage"},"thumbnailUrl":"https:\/\/apuntesdesanluis.com\/wp-content\/uploads\/2023\/09\/congreso-logo.png","articleSection":["Ciudad\/Provincia"],"inLanguage":"es-AR"},{"@type":"WebPage","@id":"https:\/\/apuntesdesanluis.com\/index.php\/2023\/09\/29\/merlo-sera-sede-del-4to-congreso-internacional-sobre-juego-recreacion-y-tiempo-libre\/","url":"https:\/\/apuntesdesanluis.com\/index.php\/2023\/09\/29\/merlo-sera-sede-del-4to-congreso-internacional-sobre-juego-recreacion-y-tiempo-libre\/","name":"MERLO SER\u00c1 SEDE DEL 4TO. CONGRESO INTERNACIONAL SOBRE JUEGO, RECREACI\u00d3N Y TIEMPO LIBRE - Apuntes de San Luis","isPartOf":{"@id":"https:\/\/apuntesdesanluis.com\/#website"},"primaryImageOfPage":{"@id":"https:\/\/apuntesdesanluis.com\/index.php\/2023\/09\/29\/merlo-sera-sede-del-4to-congreso-internacional-sobre-juego-recreacion-y-tiempo-libre\/#primaryimage"},"image":{"@id":"https:\/\/apuntesdesanluis.com\/index.php\/2023\/09\/29\/merlo-sera-sede-del-4to-congreso-internacional-sobre-juego-recreacion-y-tiempo-libre\/#primaryimage"},"thumbnailUrl":"https:\/\/apuntesdesanluis.com\/wp-content\/uploads\/2023\/09\/congreso-logo.png","datePublished":"2023-09-29T16:17:31+00:00","dateModified":"2023-09-29T16:39:26+00:00","breadcrumb":{"@id":"https:\/\/apuntesdesanluis.com\/index.php\/2023\/09\/29\/merlo-sera-sede-del-4to-congreso-internacional-sobre-juego-recreacion-y-tiempo-libre\/#breadcrumb"},"inLanguage":"es-AR","potentialAction":[{"@type":"ReadAction","target":["https:\/\/apuntesdesanluis.com\/index.php\/2023\/09\/29\/merlo-sera-sede-del-4to-congreso-internacional-sobre-juego-recreacion-y-tiempo-libre\/"]}]},{"@type":"ImageObject","inLanguage":"es-AR","@id":"https:\/\/apuntesdesanluis.com\/index.php\/2023\/09\/29\/merlo-sera-sede-del-4to-congreso-internacional-sobre-juego-recreacion-y-tiempo-libre\/#primaryimage","url":"https:\/\/apuntesdesanluis.com\/wp-content\/uploads\/2023\/09\/congreso-logo.png","contentUrl":"https:\/\/apuntesdesanluis.com\/wp-content\/uploads\/2023\/09\/congreso-logo.png","width":600,"height":337},{"@type":"BreadcrumbList","@id":"https:\/\/apuntesdesanluis.com\/index.php\/2023\/09\/29\/merlo-sera-sede-del-4to-congreso-internacional-sobre-juego-recreacion-y-tiempo-libre\/#breadcrumb","itemListElement":[{"@type":"ListItem","position":1,"name":"Inicio","item":"https:\/\/apuntesdesanluis.com\/"},{"@type":"ListItem","position":2,"name":"MERLO SER\u00c1 SEDE DEL 4TO. CONGRESO INTERNACIONAL SOBRE JUEGO, RECREACI\u00d3N Y TIEMPO LIBRE"}]},{"@type":"WebSite","@id":"https:\/\/apuntesdesanluis.com\/#website","url":"https:\/\/apuntesdesanluis.com\/","name":"Apuntes de San Luis","description":"","publisher":{"@id":"https:\/\/apuntesdesanluis.com\/#\/schema\/person\/b55151d52296fcce64d1a72538a70b90"},"potentialAction":[{"@type":"SearchAction","target":{"@type":"EntryPoint","urlTemplate":"https:\/\/apuntesdesanluis.com\/?s={search_term_string}"},"query-input":{"@type":"PropertyValueSpecification","valueRequired":true,"valueName":"search_term_string"}}],"inLanguage":"es-AR"},{"@type":["Person","Organization"],"@id":"https:\/\/apuntesdesanluis.com\/#\/schema\/person\/b55151d52296fcce64d1a72538a70b90","name":"apuntesdesanluis.com","image":{"@type":"ImageObject","inLanguage":"es-AR","@id":"https:\/\/apuntesdesanluis.com\/#\/schema\/person\/image\/","url":"https:\/\/apuntesdesanluis.com\/wp-content\/uploads\/2023\/07\/cropped-apuntesdesanluis.png","contentUrl":"https:\/\/apuntesdesanluis.com\/wp-content\/uploads\/2023\/07\/cropped-apuntesdesanluis.png","width":450,"height":112,"caption":"apuntesdesanluis.com"},"logo":{"@id":"https:\/\/apuntesdesanluis.com\/#\/schema\/person\/image\/"},"sameAs":["https:\/\/apuntesdesanluis.com"],"url":"https:\/\/apuntesdesanluis.com\/index.php\/author\/apuntesdesanluis-com\/"}]}},"featured_image_urls":{"full":["https:\/\/apuntesdesanluis.com\/wp-content\/uploads\/2023\/09\/congreso-logo.png",600,337,false],"thumbnail":["https:\/\/apuntesdesanluis.com\/wp-content\/uploads\/2023\/09\/congreso-logo-150x150.png",150,150,true],"medium":["https:\/\/apuntesdesanluis.com\/wp-content\/uploads\/2023\/09\/congreso-logo-300x169.png",300,169,true],"medium_large":["https:\/\/apuntesdesanluis.com\/wp-content\/uploads\/2023\/09\/congreso-logo.png",600,337,false],"large":["https:\/\/apuntesdesanluis.com\/wp-content\/uploads\/2023\/09\/congreso-logo.png",600,337,false],"1536x1536":["https:\/\/apuntesdesanluis.com\/wp-content\/uploads\/2023\/09\/congreso-logo.png",600,337,false],"2048x2048":["https:\/\/apuntesdesanluis.com\/wp-content\/uploads\/2023\/09\/congreso-logo.png",600,337,false],"newsever-slider-full":["https:\/\/apuntesdesanluis.com\/wp-content\/uploads\/2023\/09\/congreso-logo.png",600,337,false],"newsever-featured":["https:\/\/apuntesdesanluis.com\/wp-content\/uploads\/2023\/09\/congreso-logo.png",600,337,false],"newsever-medium":["https:\/\/apuntesdesanluis.com\/wp-content\/uploads\/2023\/09\/congreso-logo.png",600,337,false]},"author_info":{"display_name":"apuntesdesanluis.com","author_link":"https:\/\/apuntesdesanluis.com\/index.php\/author\/apuntesdesanluis-com\/"},"category_info":"<a href=\"https:\/\/apuntesdesanluis.com\/index.php\/category\/ciudad-provincia\/\" rel=\"category tag\">Ciudad\/Provincia<\/a>","tag_info":"Ciudad\/Provincia","comment_count":"0","_links":{"self":[{"href":"https:\/\/apuntesdesanluis.com\/index.php\/wp-json\/wp\/v2\/posts\/4295","targetHints":{"allow":["GET"]}}],"collection":[{"href":"https:\/\/apuntesdesanluis.com\/index.php\/wp-json\/wp\/v2\/posts"}],"about":[{"href":"https:\/\/apuntesdesanluis.com\/index.php\/wp-json\/wp\/v2\/types\/post"}],"author":[{"embeddable":true,"href":"https:\/\/apuntesdesanluis.com\/index.php\/wp-json\/wp\/v2\/users\/1"}],"replies":[{"embeddable":true,"href":"https:\/\/apuntesdesanluis.com\/index.php\/wp-json\/wp\/v2\/comments?post=4295"}],"version-history":[{"count":3,"href":"https:\/\/apuntesdesanluis.com\/index.php\/wp-json\/wp\/v2\/posts\/4295\/revisions"}],"predecessor-version":[{"id":4301,"href":"https:\/\/apuntesdesanluis.com\/index.php\/wp-json\/wp\/v2\/posts\/4295\/revisions\/4301"}],"wp:featuredmedia":[{"embeddable":true,"href":"https:\/\/apuntesdesanluis.com\/index.php\/wp-json\/wp\/v2\/media\/4299"}],"wp:attachment":[{"href":"https:\/\/apuntesdesanluis.com\/index.php\/wp-json\/wp\/v2\/media?parent=4295"}],"wp:term":[{"taxonomy":"category","embeddable":true,"href":"https:\/\/apuntesdesanluis.com\/index.php\/wp-json\/wp\/v2\/categories?post=4295"},{"taxonomy":"post_tag","embeddable":true,"href":"https:\/\/apuntesdesanluis.com\/index.php\/wp-json\/wp\/v2\/tags?post=4295"}],"curies":[{"name":"wp","href":"https:\/\/api.w.org\/{rel}","templated":true}]}}