{"id":43,"date":"2023-07-15T19:56:53","date_gmt":"2023-07-15T22:56:53","guid":{"rendered":"https:\/\/apuntesdesanluis.com\/?p=43"},"modified":"2023-07-17T00:43:54","modified_gmt":"2023-07-17T03:43:54","slug":"el-ex-intendente-bonino-sufrio-una-descompensacion-y-se-encuentra-internado","status":"publish","type":"post","link":"https:\/\/apuntesdesanluis.com\/index.php\/2023\/07\/15\/el-ex-intendente-bonino-sufrio-una-descompensacion-y-se-encuentra-internado\/","title":{"rendered":"EL EX INTENDENTE BONINO SUFRI\u00d3 UNA \u201cDESCOMPENSACI\u00d3N\u201d Y SE ENCUENTRA INTERNADO"},"content":{"rendered":"<h3 dir=\"auto\">As\u00ed lo confirm\u00f3 a <strong>Apuntes de San Luis<\/strong> una fuente confiable de Cl\u00ednica Aconcagua, donde se encuentra internado el ex intendente de Villa Mercedes.<\/h3>\n<h3 dir=\"auto\">Por lo que pudo saberse,<strong> Miguel Angel Bonino<\/strong> sufri\u00f3 una \u201cdescompensaci\u00f3n y pico de presi\u00f3n\u201d este viernes poco despu\u00e9s de las 18:00 h, por lo que fue trasladado de urgencia al centro asistencial de barrio Estaci\u00f3n. Otras fuentes hab\u00edan indicado que en realidad padeci\u00f3 un infarto.<\/h3>\n<h3 dir=\"auto\">El dirigente radical, quien fuera precandidato a intendente en las pasadas elecciones del 11 de junio, se encuentra internado en sala de terapia intensiva, \u201cestabilizado y con pron\u00f3stico reservado\u201d, agreg\u00f3 la fuente de Cl\u00ednica Aconcagua.<\/h3>\n<h3 dir=\"auto\">Su estado de salud es monitoreado minuto a minuto por los doctores Guillermo Besso y el cardi\u00f3logo Fernando Pastor.<\/h3>\n<h3 dir=\"auto\">El propio Bonino envi\u00f3 un mensaje a Apuntes, indicando que sufri\u00f3 un &#8220;pico de presi\u00f3n alta&#8221; y que actualmente se encuentra en control.<\/h3>\n","protected":false},"excerpt":{"rendered":"<p>As\u00ed lo confirm\u00f3 a Apuntes de San Luis una fuente confiable de Cl\u00ednica Aconcagua, donde&#8230;<\/p>\n","protected":false},"author":1,"featured_media":44,"comment_status":"closed","ping_status":"open","sticky":false,"template":"","format":"standard","meta":{"footnotes":""},"categories":[6],"tags":[],"class_list":["post-43","post","type-post","status-publish","format-standard","has-post-thumbnail","hentry","category-ciudad-provincia"],"yoast_head":"<!-- This site is optimized with the Yoast SEO plugin v26.1.1 - https:\/\/yoast.com\/wordpress\/plugins\/seo\/ -->\n<title>EL EX INTENDENTE BONINO SUFRI\u00d3 UNA \u201cDESCOMPENSACI\u00d3N\u201d Y SE ENCUENTRA INTERNADO - Apuntes de San Luis<\/title>\n<meta name=\"robots\" content=\"index, follow, max-snippet:-1, max-image-preview:large, max-video-preview:-1\" \/>\n<link rel=\"canonical\" href=\"https:\/\/apuntesdesanluis.com\/index.php\/2023\/07\/15\/el-ex-intendente-bonino-sufrio-una-descompensacion-y-se-encuentra-internado\/\" \/>\n<meta property=\"og:locale\" content=\"es_ES\" \/>\n<meta property=\"og:type\" content=\"article\" \/>\n<meta property=\"og:title\" content=\"EL EX INTENDENTE BONINO SUFRI\u00d3 UNA \u201cDESCOMPENSACI\u00d3N\u201d Y SE ENCUENTRA INTERNADO - Apuntes de San Luis\" \/>\n<meta property=\"og:description\" content=\"As\u00ed lo confirm\u00f3 a Apuntes de San Luis una fuente confiable de Cl\u00ednica Aconcagua, donde...\" \/>\n<meta property=\"og:url\" content=\"https:\/\/apuntesdesanluis.com\/index.php\/2023\/07\/15\/el-ex-intendente-bonino-sufrio-una-descompensacion-y-se-encuentra-internado\/\" \/>\n<meta property=\"og:site_name\" content=\"Apuntes de San Luis\" \/>\n<meta property=\"article:published_time\" content=\"2023-07-15T22:56:53+00:00\" \/>\n<meta property=\"article:modified_time\" content=\"2023-07-17T03:43:54+00:00\" \/>\n<meta property=\"og:image\" content=\"https:\/\/apuntesdesanluis.com\/wp-content\/uploads\/2023\/07\/Bonino.jpg\" \/>\n\t<meta property=\"og:image:width\" content=\"582\" \/>\n\t<meta property=\"og:image:height\" content=\"347\" \/>\n\t<meta property=\"og:image:type\" content=\"image\/jpeg\" \/>\n<meta name=\"author\" content=\"apuntesdesanluis.com\" \/>\n<meta name=\"twitter:card\" content=\"summary_large_image\" \/>\n<meta name=\"twitter:label1\" content=\"Escrito por\" \/>\n\t<meta name=\"twitter:data1\" content=\"apuntesdesanluis.com\" \/>\n\t<meta name=\"twitter:label2\" content=\"Tiempo de lectura\" \/>\n\t<meta name=\"twitter:data2\" content=\"1 minuto\" \/>\n<script type=\"application\/ld+json\" class=\"yoast-schema-graph\">{\"@context\":\"https:\/\/schema.org\",\"@graph\":[{\"@type\":\"Article\",\"@id\":\"https:\/\/apuntesdesanluis.com\/index.php\/2023\/07\/15\/el-ex-intendente-bonino-sufrio-una-descompensacion-y-se-encuentra-internado\/#article\",\"isPartOf\":{\"@id\":\"https:\/\/apuntesdesanluis.com\/index.php\/2023\/07\/15\/el-ex-intendente-bonino-sufrio-una-descompensacion-y-se-encuentra-internado\/\"},\"author\":{\"name\":\"apuntesdesanluis.com\",\"@id\":\"https:\/\/apuntesdesanluis.com\/#\/schema\/person\/b55151d52296fcce64d1a72538a70b90\"},\"headline\":\"EL EX INTENDENTE BONINO SUFRI\u00d3 UNA \u201cDESCOMPENSACI\u00d3N\u201d Y SE ENCUENTRA INTERNADO\",\"datePublished\":\"2023-07-15T22:56:53+00:00\",\"dateModified\":\"2023-07-17T03:43:54+00:00\",\"mainEntityOfPage\":{\"@id\":\"https:\/\/apuntesdesanluis.com\/index.php\/2023\/07\/15\/el-ex-intendente-bonino-sufrio-una-descompensacion-y-se-encuentra-internado\/\"},\"wordCount\":167,\"publisher\":{\"@id\":\"https:\/\/apuntesdesanluis.com\/#\/schema\/person\/b55151d52296fcce64d1a72538a70b90\"},\"image\":{\"@id\":\"https:\/\/apuntesdesanluis.com\/index.php\/2023\/07\/15\/el-ex-intendente-bonino-sufrio-una-descompensacion-y-se-encuentra-internado\/#primaryimage\"},\"thumbnailUrl\":\"https:\/\/apuntesdesanluis.com\/wp-content\/uploads\/2023\/07\/Bonino.jpg\",\"articleSection\":[\"Ciudad\/Provincia\"],\"inLanguage\":\"es-AR\"},{\"@type\":\"WebPage\",\"@id\":\"https:\/\/apuntesdesanluis.com\/index.php\/2023\/07\/15\/el-ex-intendente-bonino-sufrio-una-descompensacion-y-se-encuentra-internado\/\",\"url\":\"https:\/\/apuntesdesanluis.com\/index.php\/2023\/07\/15\/el-ex-intendente-bonino-sufrio-una-descompensacion-y-se-encuentra-internado\/\",\"name\":\"EL EX INTENDENTE BONINO SUFRI\u00d3 UNA \u201cDESCOMPENSACI\u00d3N\u201d Y SE ENCUENTRA INTERNADO - Apuntes de San Luis\",\"isPartOf\":{\"@id\":\"https:\/\/apuntesdesanluis.com\/#website\"},\"primaryImageOfPage\":{\"@id\":\"https:\/\/apuntesdesanluis.com\/index.php\/2023\/07\/15\/el-ex-intendente-bonino-sufrio-una-descompensacion-y-se-encuentra-internado\/#primaryimage\"},\"image\":{\"@id\":\"https:\/\/apuntesdesanluis.com\/index.php\/2023\/07\/15\/el-ex-intendente-bonino-sufrio-una-descompensacion-y-se-encuentra-internado\/#primaryimage\"},\"thumbnailUrl\":\"https:\/\/apuntesdesanluis.com\/wp-content\/uploads\/2023\/07\/Bonino.jpg\",\"datePublished\":\"2023-07-15T22:56:53+00:00\",\"dateModified\":\"2023-07-17T03:43:54+00:00\",\"breadcrumb\":{\"@id\":\"https:\/\/apuntesdesanluis.com\/index.php\/2023\/07\/15\/el-ex-intendente-bonino-sufrio-una-descompensacion-y-se-encuentra-internado\/#breadcrumb\"},\"inLanguage\":\"es-AR\",\"potentialAction\":[{\"@type\":\"ReadAction\",\"target\":[\"https:\/\/apuntesdesanluis.com\/index.php\/2023\/07\/15\/el-ex-intendente-bonino-sufrio-una-descompensacion-y-se-encuentra-internado\/\"]}]},{\"@type\":\"ImageObject\",\"inLanguage\":\"es-AR\",\"@id\":\"https:\/\/apuntesdesanluis.com\/index.php\/2023\/07\/15\/el-ex-intendente-bonino-sufrio-una-descompensacion-y-se-encuentra-internado\/#primaryimage\",\"url\":\"https:\/\/apuntesdesanluis.com\/wp-content\/uploads\/2023\/07\/Bonino.jpg\",\"contentUrl\":\"https:\/\/apuntesdesanluis.com\/wp-content\/uploads\/2023\/07\/Bonino.jpg\",\"width\":582,\"height\":347},{\"@type\":\"BreadcrumbList\",\"@id\":\"https:\/\/apuntesdesanluis.com\/index.php\/2023\/07\/15\/el-ex-intendente-bonino-sufrio-una-descompensacion-y-se-encuentra-internado\/#breadcrumb\",\"itemListElement\":[{\"@type\":\"ListItem\",\"position\":1,\"name\":\"Inicio\",\"item\":\"https:\/\/apuntesdesanluis.com\/\"},{\"@type\":\"ListItem\",\"position\":2,\"name\":\"EL EX INTENDENTE BONINO SUFRI\u00d3 UNA \u201cDESCOMPENSACI\u00d3N\u201d Y SE ENCUENTRA INTERNADO\"}]},{\"@type\":\"WebSite\",\"@id\":\"https:\/\/apuntesdesanluis.com\/#website\",\"url\":\"https:\/\/apuntesdesanluis.com\/\",\"name\":\"Apuntes de San Luis\",\"description\":\"\",\"publisher\":{\"@id\":\"https:\/\/apuntesdesanluis.com\/#\/schema\/person\/b55151d52296fcce64d1a72538a70b90\"},\"potentialAction\":[{\"@type\":\"SearchAction\",\"target\":{\"@type\":\"EntryPoint\",\"urlTemplate\":\"https:\/\/apuntesdesanluis.com\/?s={search_term_string}\"},\"query-input\":{\"@type\":\"PropertyValueSpecification\",\"valueRequired\":true,\"valueName\":\"search_term_string\"}}],\"inLanguage\":\"es-AR\"},{\"@type\":[\"Person\",\"Organization\"],\"@id\":\"https:\/\/apuntesdesanluis.com\/#\/schema\/person\/b55151d52296fcce64d1a72538a70b90\",\"name\":\"apuntesdesanluis.com\",\"image\":{\"@type\":\"ImageObject\",\"inLanguage\":\"es-AR\",\"@id\":\"https:\/\/apuntesdesanluis.com\/#\/schema\/person\/image\/\",\"url\":\"https:\/\/apuntesdesanluis.com\/wp-content\/uploads\/2023\/07\/cropped-apuntesdesanluis.png\",\"contentUrl\":\"https:\/\/apuntesdesanluis.com\/wp-content\/uploads\/2023\/07\/cropped-apuntesdesanluis.png\",\"width\":450,\"height\":112,\"caption\":\"apuntesdesanluis.com\"},\"logo\":{\"@id\":\"https:\/\/apuntesdesanluis.com\/#\/schema\/person\/image\/\"},\"sameAs\":[\"https:\/\/apuntesdesanluis.com\"],\"url\":\"https:\/\/apuntesdesanluis.com\/index.php\/author\/apuntesdesanluis-com\/\"}]}<\/script>\n<!-- \/ Yoast SEO plugin. -->","yoast_head_json":{"title":"EL EX INTENDENTE BONINO SUFRI\u00d3 UNA \u201cDESCOMPENSACI\u00d3N\u201d Y SE ENCUENTRA INTERNADO - Apuntes de San Luis","robots":{"index":"index","follow":"follow","max-snippet":"max-snippet:-1","max-image-preview":"max-image-preview:large","max-video-preview":"max-video-preview:-1"},"canonical":"https:\/\/apuntesdesanluis.com\/index.php\/2023\/07\/15\/el-ex-intendente-bonino-sufrio-una-descompensacion-y-se-encuentra-internado\/","og_locale":"es_ES","og_type":"article","og_title":"EL EX INTENDENTE BONINO SUFRI\u00d3 UNA \u201cDESCOMPENSACI\u00d3N\u201d Y SE ENCUENTRA INTERNADO - Apuntes de San Luis","og_description":"As\u00ed lo confirm\u00f3 a Apuntes de San Luis una fuente confiable de Cl\u00ednica Aconcagua, donde...","og_url":"https:\/\/apuntesdesanluis.com\/index.php\/2023\/07\/15\/el-ex-intendente-bonino-sufrio-una-descompensacion-y-se-encuentra-internado\/","og_site_name":"Apuntes de San Luis","article_published_time":"2023-07-15T22:56:53+00:00","article_modified_time":"2023-07-17T03:43:54+00:00","og_image":[{"width":582,"height":347,"url":"https:\/\/apuntesdesanluis.com\/wp-content\/uploads\/2023\/07\/Bonino.jpg","type":"image\/jpeg"}],"author":"apuntesdesanluis.com","twitter_card":"summary_large_image","twitter_misc":{"Escrito por":"apuntesdesanluis.com","Tiempo de lectura":"1 minuto"},"schema":{"@context":"https:\/\/schema.org","@graph":[{"@type":"Article","@id":"https:\/\/apuntesdesanluis.com\/index.php\/2023\/07\/15\/el-ex-intendente-bonino-sufrio-una-descompensacion-y-se-encuentra-internado\/#article","isPartOf":{"@id":"https:\/\/apuntesdesanluis.com\/index.php\/2023\/07\/15\/el-ex-intendente-bonino-sufrio-una-descompensacion-y-se-encuentra-internado\/"},"author":{"name":"apuntesdesanluis.com","@id":"https:\/\/apuntesdesanluis.com\/#\/schema\/person\/b55151d52296fcce64d1a72538a70b90"},"headline":"EL EX INTENDENTE BONINO SUFRI\u00d3 UNA \u201cDESCOMPENSACI\u00d3N\u201d Y SE ENCUENTRA INTERNADO","datePublished":"2023-07-15T22:56:53+00:00","dateModified":"2023-07-17T03:43:54+00:00","mainEntityOfPage":{"@id":"https:\/\/apuntesdesanluis.com\/index.php\/2023\/07\/15\/el-ex-intendente-bonino-sufrio-una-descompensacion-y-se-encuentra-internado\/"},"wordCount":167,"publisher":{"@id":"https:\/\/apuntesdesanluis.com\/#\/schema\/person\/b55151d52296fcce64d1a72538a70b90"},"image":{"@id":"https:\/\/apuntesdesanluis.com\/index.php\/2023\/07\/15\/el-ex-intendente-bonino-sufrio-una-descompensacion-y-se-encuentra-internado\/#primaryimage"},"thumbnailUrl":"https:\/\/apuntesdesanluis.com\/wp-content\/uploads\/2023\/07\/Bonino.jpg","articleSection":["Ciudad\/Provincia"],"inLanguage":"es-AR"},{"@type":"WebPage","@id":"https:\/\/apuntesdesanluis.com\/index.php\/2023\/07\/15\/el-ex-intendente-bonino-sufrio-una-descompensacion-y-se-encuentra-internado\/","url":"https:\/\/apuntesdesanluis.com\/index.php\/2023\/07\/15\/el-ex-intendente-bonino-sufrio-una-descompensacion-y-se-encuentra-internado\/","name":"EL EX INTENDENTE BONINO SUFRI\u00d3 UNA \u201cDESCOMPENSACI\u00d3N\u201d Y SE ENCUENTRA INTERNADO - Apuntes de San Luis","isPartOf":{"@id":"https:\/\/apuntesdesanluis.com\/#website"},"primaryImageOfPage":{"@id":"https:\/\/apuntesdesanluis.com\/index.php\/2023\/07\/15\/el-ex-intendente-bonino-sufrio-una-descompensacion-y-se-encuentra-internado\/#primaryimage"},"image":{"@id":"https:\/\/apuntesdesanluis.com\/index.php\/2023\/07\/15\/el-ex-intendente-bonino-sufrio-una-descompensacion-y-se-encuentra-internado\/#primaryimage"},"thumbnailUrl":"https:\/\/apuntesdesanluis.com\/wp-content\/uploads\/2023\/07\/Bonino.jpg","datePublished":"2023-07-15T22:56:53+00:00","dateModified":"2023-07-17T03:43:54+00:00","breadcrumb":{"@id":"https:\/\/apuntesdesanluis.com\/index.php\/2023\/07\/15\/el-ex-intendente-bonino-sufrio-una-descompensacion-y-se-encuentra-internado\/#breadcrumb"},"inLanguage":"es-AR","potentialAction":[{"@type":"ReadAction","target":["https:\/\/apuntesdesanluis.com\/index.php\/2023\/07\/15\/el-ex-intendente-bonino-sufrio-una-descompensacion-y-se-encuentra-internado\/"]}]},{"@type":"ImageObject","inLanguage":"es-AR","@id":"https:\/\/apuntesdesanluis.com\/index.php\/2023\/07\/15\/el-ex-intendente-bonino-sufrio-una-descompensacion-y-se-encuentra-internado\/#primaryimage","url":"https:\/\/apuntesdesanluis.com\/wp-content\/uploads\/2023\/07\/Bonino.jpg","contentUrl":"https:\/\/apuntesdesanluis.com\/wp-content\/uploads\/2023\/07\/Bonino.jpg","width":582,"height":347},{"@type":"BreadcrumbList","@id":"https:\/\/apuntesdesanluis.com\/index.php\/2023\/07\/15\/el-ex-intendente-bonino-sufrio-una-descompensacion-y-se-encuentra-internado\/#breadcrumb","itemListElement":[{"@type":"ListItem","position":1,"name":"Inicio","item":"https:\/\/apuntesdesanluis.com\/"},{"@type":"ListItem","position":2,"name":"EL EX INTENDENTE BONINO SUFRI\u00d3 UNA \u201cDESCOMPENSACI\u00d3N\u201d Y SE ENCUENTRA INTERNADO"}]},{"@type":"WebSite","@id":"https:\/\/apuntesdesanluis.com\/#website","url":"https:\/\/apuntesdesanluis.com\/","name":"Apuntes de San Luis","description":"","publisher":{"@id":"https:\/\/apuntesdesanluis.com\/#\/schema\/person\/b55151d52296fcce64d1a72538a70b90"},"potentialAction":[{"@type":"SearchAction","target":{"@type":"EntryPoint","urlTemplate":"https:\/\/apuntesdesanluis.com\/?s={search_term_string}"},"query-input":{"@type":"PropertyValueSpecification","valueRequired":true,"valueName":"search_term_string"}}],"inLanguage":"es-AR"},{"@type":["Person","Organization"],"@id":"https:\/\/apuntesdesanluis.com\/#\/schema\/person\/b55151d52296fcce64d1a72538a70b90","name":"apuntesdesanluis.com","image":{"@type":"ImageObject","inLanguage":"es-AR","@id":"https:\/\/apuntesdesanluis.com\/#\/schema\/person\/image\/","url":"https:\/\/apuntesdesanluis.com\/wp-content\/uploads\/2023\/07\/cropped-apuntesdesanluis.png","contentUrl":"https:\/\/apuntesdesanluis.com\/wp-content\/uploads\/2023\/07\/cropped-apuntesdesanluis.png","width":450,"height":112,"caption":"apuntesdesanluis.com"},"logo":{"@id":"https:\/\/apuntesdesanluis.com\/#\/schema\/person\/image\/"},"sameAs":["https:\/\/apuntesdesanluis.com"],"url":"https:\/\/apuntesdesanluis.com\/index.php\/author\/apuntesdesanluis-com\/"}]}},"featured_image_urls":{"full":["https:\/\/apuntesdesanluis.com\/wp-content\/uploads\/2023\/07\/Bonino.jpg",582,347,false],"thumbnail":["https:\/\/apuntesdesanluis.com\/wp-content\/uploads\/2023\/07\/Bonino-150x150.jpg",150,150,true],"medium":["https:\/\/apuntesdesanluis.com\/wp-content\/uploads\/2023\/07\/Bonino-300x179.jpg",300,179,true],"medium_large":["https:\/\/apuntesdesanluis.com\/wp-content\/uploads\/2023\/07\/Bonino.jpg",582,347,false],"large":["https:\/\/apuntesdesanluis.com\/wp-content\/uploads\/2023\/07\/Bonino.jpg",582,347,false],"1536x1536":["https:\/\/apuntesdesanluis.com\/wp-content\/uploads\/2023\/07\/Bonino.jpg",582,347,false],"2048x2048":["https:\/\/apuntesdesanluis.com\/wp-content\/uploads\/2023\/07\/Bonino.jpg",582,347,false],"newsever-slider-full":["https:\/\/apuntesdesanluis.com\/wp-content\/uploads\/2023\/07\/Bonino.jpg",582,347,false],"newsever-featured":["https:\/\/apuntesdesanluis.com\/wp-content\/uploads\/2023\/07\/Bonino.jpg",582,347,false],"newsever-medium":["https:\/\/apuntesdesanluis.com\/wp-content\/uploads\/2023\/07\/Bonino.jpg",582,347,false]},"author_info":{"display_name":"apuntesdesanluis.com","author_link":"https:\/\/apuntesdesanluis.com\/index.php\/author\/apuntesdesanluis-com\/"},"category_info":"<a href=\"https:\/\/apuntesdesanluis.com\/index.php\/category\/ciudad-provincia\/\" rel=\"category tag\">Ciudad\/Provincia<\/a>","tag_info":"Ciudad\/Provincia","comment_count":"0","_links":{"self":[{"href":"https:\/\/apuntesdesanluis.com\/index.php\/wp-json\/wp\/v2\/posts\/43","targetHints":{"allow":["GET"]}}],"collection":[{"href":"https:\/\/apuntesdesanluis.com\/index.php\/wp-json\/wp\/v2\/posts"}],"about":[{"href":"https:\/\/apuntesdesanluis.com\/index.php\/wp-json\/wp\/v2\/types\/post"}],"author":[{"embeddable":true,"href":"https:\/\/apuntesdesanluis.com\/index.php\/wp-json\/wp\/v2\/users\/1"}],"replies":[{"embeddable":true,"href":"https:\/\/apuntesdesanluis.com\/index.php\/wp-json\/wp\/v2\/comments?post=43"}],"version-history":[{"count":0,"href":"https:\/\/apuntesdesanluis.com\/index.php\/wp-json\/wp\/v2\/posts\/43\/revisions"}],"wp:featuredmedia":[{"embeddable":true,"href":"https:\/\/apuntesdesanluis.com\/index.php\/wp-json\/wp\/v2\/media\/44"}],"wp:attachment":[{"href":"https:\/\/apuntesdesanluis.com\/index.php\/wp-json\/wp\/v2\/media?parent=43"}],"wp:term":[{"taxonomy":"category","embeddable":true,"href":"https:\/\/apuntesdesanluis.com\/index.php\/wp-json\/wp\/v2\/categories?post=43"},{"taxonomy":"post_tag","embeddable":true,"href":"https:\/\/apuntesdesanluis.com\/index.php\/wp-json\/wp\/v2\/tags?post=43"}],"curies":[{"name":"wp","href":"https:\/\/api.w.org\/{rel}","templated":true}]}}