{"id":4302,"date":"2023-09-29T14:10:39","date_gmt":"2023-09-29T17:10:39","guid":{"rendered":"https:\/\/apuntesdesanluis.com\/?p=4302"},"modified":"2023-09-29T14:17:14","modified_gmt":"2023-09-29T17:17:14","slug":"fue-liberado-el-joven-imputado-por-lesiones-graves-a-un-comerciante","status":"publish","type":"post","link":"https:\/\/apuntesdesanluis.com\/index.php\/2023\/09\/29\/fue-liberado-el-joven-imputado-por-lesiones-graves-a-un-comerciante\/","title":{"rendered":"FUE LIBERADO EL JOVEN IMPUTADO POR LESIONES GRAVES A UN COMERCIANTE"},"content":{"rendered":"<h3>Deber\u00e1 respetar una prohibici\u00f3n de acercamiento al domicilio y lugar de trabajo del damnificado. As\u00ed lo dispuso el Dr. Alfredo Cuello en una audiencia que se celebr\u00f3 este viernes por la ma\u00f1ana. El comerciante Oscar Garc\u00eda (foto), v\u00edctima de la agresi\u00f3n, producto de los golpes recibidos sufri\u00f3 traumatismo encef\u00e1lico severo con riesgo de p\u00e9rdida de la audici\u00f3n.<\/h3>\n<h3>Mientras contin\u00fae la investigaci\u00f3n, el joven que fue imputado como el presunto autor por lesiones graves deber\u00e1 cumplir medidas de coerci\u00f3n morigeradas.<\/h3>\n<h3>En una audiencia que se celebr\u00f3 este viernes, el Dr. Alfredo Cuello orden\u00f3 que deber\u00e1 cumplir las siguientes normas de conducta: respetar una prohibici\u00f3n de acercamiento al domicilio personal y laboral del damnificado y todo tipo de contacto electr\u00f3nico \u2013 por sistemas de mensajer\u00eda \u2013 por el t\u00e9rmino de cuatro meses. Dispuso adem\u00e1s que la prohibici\u00f3n de acercamiento sea en forma rec\u00edproca entre el imputado y el damnificado.<\/h3>\n<h3>Durante la audiencia, la defensa expuso su teor\u00eda del caso y rechaz\u00f3 la imputaci\u00f3n realizada durante la audiencia de formulaci\u00f3n de cargos celebrada el pasado 21 de septiembre. El Dr. Pascual Celdr\u00e1n explic\u00f3 que su asistido \u201cno propici\u00f3 ning\u00fan tipo de golpe\u201d, plante\u00f3 el uso de la leg\u00edtima defensa y solicit\u00f3 que no se tengan por formulados cargos por tentativa de homicidio.<\/h3>\n<h3>Luego de escuchar la exposici\u00f3n de la defensa, el Dr. Cuello dijo: \u201cEntiendo que las evidencias dan cuenta de la existencia de un delito que se habr\u00eda cometido. La evidencia me permite pensar que estamos en la presencia de un presunto autor de lesiones graves, la evidencia aportada no me alcanza para considerar el dolo homicida\u201d.<\/h3>\n<h3>En consecuencia, tuvo por formulados cargos por el delito de lesiones graves, en los t\u00e9rminos previstos en los Art. 90 y 45 del C\u00f3digo Penal Argentino. Tanto el representante del Ministerio P\u00fablico Fiscal, Dr. Leandro Estrada, como el abogado interviniente por el particular damnificado, Dr. Gustavo Otegui, dejaron planteado recurso de apelaci\u00f3n.<\/h3>\n<h3>A continuaci\u00f3n, el Dr. Estrada explic\u00f3 que teniendo en cuenta la nueva calificaci\u00f3n de hecho y la escala penal prevista, solicitar\u00eda que se disponga la libertad del imputado- mientras se contin\u00faa con la investigaci\u00f3n- y que se le ordene cumplir una serie de medidas de coerci\u00f3n morigeradas.<\/h3>\n<h3>Luego de escuchar a las partes, el Dr. Cuello dispuso la libertad del imputado y le impuso una prohibici\u00f3n de acercamiento respecto del damnificado, de su domicilio particular y laboral. Asimismo, el imputado tendr\u00e1 prohibido todo tipo de comunicaci\u00f3n con el damnificado, todo por el t\u00e9rmino de cuatro meses, mientras contin\u00fae la etapa de investigaci\u00f3n penal preparatoria.<\/h3>\n<h3>El hecho investigado ocurri\u00f3 el pasado 6 de septiembre, entre las 18:30 y las 18:50 horas, en la v\u00eda p\u00fablica, en las calles Hip\u00f3lito Yrigoyen y Lavalle.\u00a0 La audiencia de formulaci\u00f3n de cargos se celebr\u00f3 el 21 de septiembre pasado.<\/h3>\n<h3><span style=\"color: #3366ff;\">NOTICIA RELACIONADA:<\/span><\/h3>\n<p><a href=\"https:\/\/apuntesdesanluis.com\/index.php\/2023\/09\/21\/fue-detenido-e-imputado-el-agresor-del-comerciante-por-tentativa-de-homicidio\/\"><img fetchpriority=\"high\" decoding=\"async\" class=\"alignnone wp-image-4303\" src=\"https:\/\/apuntesdesanluis.com\/wp-content\/uploads\/2023\/09\/posteo-5-300x192.png\" alt=\"\" width=\"356\" height=\"228\" srcset=\"https:\/\/apuntesdesanluis.com\/wp-content\/uploads\/2023\/09\/posteo-5-300x192.png 300w, https:\/\/apuntesdesanluis.com\/wp-content\/uploads\/2023\/09\/posteo-5.png 400w\" sizes=\"(max-width: 356px) 100vw, 356px\" \/><\/a><\/p>\n<p>&nbsp;<\/p>\n<p>&nbsp;<\/p>\n<p>&nbsp;<\/p>\n","protected":false},"excerpt":{"rendered":"<p>Deber\u00e1 respetar una prohibici\u00f3n de acercamiento al domicilio y lugar de trabajo del damnificado. As\u00ed&#8230;<\/p>\n","protected":false},"author":1,"featured_media":4306,"comment_status":"closed","ping_status":"closed","sticky":false,"template":"","format":"standard","meta":{"footnotes":""},"categories":[6],"tags":[],"class_list":["post-4302","post","type-post","status-publish","format-standard","has-post-thumbnail","hentry","category-ciudad-provincia"],"yoast_head":"<!-- This site is optimized with the Yoast SEO plugin v26.1.1 - https:\/\/yoast.com\/wordpress\/plugins\/seo\/ -->\n<title>FUE LIBERADO EL JOVEN IMPUTADO POR LESIONES GRAVES A UN COMERCIANTE - Apuntes de San Luis<\/title>\n<meta name=\"robots\" content=\"index, follow, max-snippet:-1, max-image-preview:large, max-video-preview:-1\" \/>\n<link rel=\"canonical\" href=\"https:\/\/apuntesdesanluis.com\/index.php\/2023\/09\/29\/fue-liberado-el-joven-imputado-por-lesiones-graves-a-un-comerciante\/\" \/>\n<meta property=\"og:locale\" content=\"es_ES\" \/>\n<meta property=\"og:type\" content=\"article\" \/>\n<meta property=\"og:title\" content=\"FUE LIBERADO EL JOVEN IMPUTADO POR LESIONES GRAVES A UN COMERCIANTE - Apuntes de San Luis\" \/>\n<meta property=\"og:description\" content=\"Deber\u00e1 respetar una prohibici\u00f3n de acercamiento al domicilio y lugar de trabajo del damnificado. As\u00ed...\" \/>\n<meta property=\"og:url\" content=\"https:\/\/apuntesdesanluis.com\/index.php\/2023\/09\/29\/fue-liberado-el-joven-imputado-por-lesiones-graves-a-un-comerciante\/\" \/>\n<meta property=\"og:site_name\" content=\"Apuntes de San Luis\" \/>\n<meta property=\"article:published_time\" content=\"2023-09-29T17:10:39+00:00\" \/>\n<meta property=\"article:modified_time\" content=\"2023-09-29T17:17:14+00:00\" \/>\n<meta property=\"og:image\" content=\"https:\/\/apuntesdesanluis.com\/wp-content\/uploads\/2023\/09\/garcia.png\" \/>\n\t<meta property=\"og:image:width\" content=\"604\" \/>\n\t<meta property=\"og:image:height\" content=\"392\" \/>\n\t<meta property=\"og:image:type\" content=\"image\/png\" \/>\n<meta name=\"author\" content=\"apuntesdesanluis.com\" \/>\n<meta name=\"twitter:card\" content=\"summary_large_image\" \/>\n<meta name=\"twitter:label1\" content=\"Escrito por\" \/>\n\t<meta name=\"twitter:data1\" content=\"apuntesdesanluis.com\" \/>\n\t<meta name=\"twitter:label2\" content=\"Tiempo de lectura\" \/>\n\t<meta name=\"twitter:data2\" content=\"3 minutos\" \/>\n<script type=\"application\/ld+json\" class=\"yoast-schema-graph\">{\"@context\":\"https:\/\/schema.org\",\"@graph\":[{\"@type\":\"Article\",\"@id\":\"https:\/\/apuntesdesanluis.com\/index.php\/2023\/09\/29\/fue-liberado-el-joven-imputado-por-lesiones-graves-a-un-comerciante\/#article\",\"isPartOf\":{\"@id\":\"https:\/\/apuntesdesanluis.com\/index.php\/2023\/09\/29\/fue-liberado-el-joven-imputado-por-lesiones-graves-a-un-comerciante\/\"},\"author\":{\"name\":\"apuntesdesanluis.com\",\"@id\":\"https:\/\/apuntesdesanluis.com\/#\/schema\/person\/b55151d52296fcce64d1a72538a70b90\"},\"headline\":\"FUE LIBERADO EL JOVEN IMPUTADO POR LESIONES GRAVES A UN COMERCIANTE\",\"datePublished\":\"2023-09-29T17:10:39+00:00\",\"dateModified\":\"2023-09-29T17:17:14+00:00\",\"mainEntityOfPage\":{\"@id\":\"https:\/\/apuntesdesanluis.com\/index.php\/2023\/09\/29\/fue-liberado-el-joven-imputado-por-lesiones-graves-a-un-comerciante\/\"},\"wordCount\":513,\"publisher\":{\"@id\":\"https:\/\/apuntesdesanluis.com\/#\/schema\/person\/b55151d52296fcce64d1a72538a70b90\"},\"image\":{\"@id\":\"https:\/\/apuntesdesanluis.com\/index.php\/2023\/09\/29\/fue-liberado-el-joven-imputado-por-lesiones-graves-a-un-comerciante\/#primaryimage\"},\"thumbnailUrl\":\"https:\/\/apuntesdesanluis.com\/wp-content\/uploads\/2023\/09\/garcia.png\",\"articleSection\":[\"Ciudad\/Provincia\"],\"inLanguage\":\"es-AR\"},{\"@type\":\"WebPage\",\"@id\":\"https:\/\/apuntesdesanluis.com\/index.php\/2023\/09\/29\/fue-liberado-el-joven-imputado-por-lesiones-graves-a-un-comerciante\/\",\"url\":\"https:\/\/apuntesdesanluis.com\/index.php\/2023\/09\/29\/fue-liberado-el-joven-imputado-por-lesiones-graves-a-un-comerciante\/\",\"name\":\"FUE LIBERADO EL JOVEN IMPUTADO POR LESIONES GRAVES A UN COMERCIANTE - Apuntes de San Luis\",\"isPartOf\":{\"@id\":\"https:\/\/apuntesdesanluis.com\/#website\"},\"primaryImageOfPage\":{\"@id\":\"https:\/\/apuntesdesanluis.com\/index.php\/2023\/09\/29\/fue-liberado-el-joven-imputado-por-lesiones-graves-a-un-comerciante\/#primaryimage\"},\"image\":{\"@id\":\"https:\/\/apuntesdesanluis.com\/index.php\/2023\/09\/29\/fue-liberado-el-joven-imputado-por-lesiones-graves-a-un-comerciante\/#primaryimage\"},\"thumbnailUrl\":\"https:\/\/apuntesdesanluis.com\/wp-content\/uploads\/2023\/09\/garcia.png\",\"datePublished\":\"2023-09-29T17:10:39+00:00\",\"dateModified\":\"2023-09-29T17:17:14+00:00\",\"breadcrumb\":{\"@id\":\"https:\/\/apuntesdesanluis.com\/index.php\/2023\/09\/29\/fue-liberado-el-joven-imputado-por-lesiones-graves-a-un-comerciante\/#breadcrumb\"},\"inLanguage\":\"es-AR\",\"potentialAction\":[{\"@type\":\"ReadAction\",\"target\":[\"https:\/\/apuntesdesanluis.com\/index.php\/2023\/09\/29\/fue-liberado-el-joven-imputado-por-lesiones-graves-a-un-comerciante\/\"]}]},{\"@type\":\"ImageObject\",\"inLanguage\":\"es-AR\",\"@id\":\"https:\/\/apuntesdesanluis.com\/index.php\/2023\/09\/29\/fue-liberado-el-joven-imputado-por-lesiones-graves-a-un-comerciante\/#primaryimage\",\"url\":\"https:\/\/apuntesdesanluis.com\/wp-content\/uploads\/2023\/09\/garcia.png\",\"contentUrl\":\"https:\/\/apuntesdesanluis.com\/wp-content\/uploads\/2023\/09\/garcia.png\",\"width\":604,\"height\":392},{\"@type\":\"BreadcrumbList\",\"@id\":\"https:\/\/apuntesdesanluis.com\/index.php\/2023\/09\/29\/fue-liberado-el-joven-imputado-por-lesiones-graves-a-un-comerciante\/#breadcrumb\",\"itemListElement\":[{\"@type\":\"ListItem\",\"position\":1,\"name\":\"Inicio\",\"item\":\"https:\/\/apuntesdesanluis.com\/\"},{\"@type\":\"ListItem\",\"position\":2,\"name\":\"FUE LIBERADO EL JOVEN IMPUTADO POR LESIONES GRAVES A UN COMERCIANTE\"}]},{\"@type\":\"WebSite\",\"@id\":\"https:\/\/apuntesdesanluis.com\/#website\",\"url\":\"https:\/\/apuntesdesanluis.com\/\",\"name\":\"Apuntes de San Luis\",\"description\":\"\",\"publisher\":{\"@id\":\"https:\/\/apuntesdesanluis.com\/#\/schema\/person\/b55151d52296fcce64d1a72538a70b90\"},\"potentialAction\":[{\"@type\":\"SearchAction\",\"target\":{\"@type\":\"EntryPoint\",\"urlTemplate\":\"https:\/\/apuntesdesanluis.com\/?s={search_term_string}\"},\"query-input\":{\"@type\":\"PropertyValueSpecification\",\"valueRequired\":true,\"valueName\":\"search_term_string\"}}],\"inLanguage\":\"es-AR\"},{\"@type\":[\"Person\",\"Organization\"],\"@id\":\"https:\/\/apuntesdesanluis.com\/#\/schema\/person\/b55151d52296fcce64d1a72538a70b90\",\"name\":\"apuntesdesanluis.com\",\"image\":{\"@type\":\"ImageObject\",\"inLanguage\":\"es-AR\",\"@id\":\"https:\/\/apuntesdesanluis.com\/#\/schema\/person\/image\/\",\"url\":\"https:\/\/apuntesdesanluis.com\/wp-content\/uploads\/2023\/07\/cropped-apuntesdesanluis.png\",\"contentUrl\":\"https:\/\/apuntesdesanluis.com\/wp-content\/uploads\/2023\/07\/cropped-apuntesdesanluis.png\",\"width\":450,\"height\":112,\"caption\":\"apuntesdesanluis.com\"},\"logo\":{\"@id\":\"https:\/\/apuntesdesanluis.com\/#\/schema\/person\/image\/\"},\"sameAs\":[\"https:\/\/apuntesdesanluis.com\"],\"url\":\"https:\/\/apuntesdesanluis.com\/index.php\/author\/apuntesdesanluis-com\/\"}]}<\/script>\n<!-- \/ Yoast SEO plugin. -->","yoast_head_json":{"title":"FUE LIBERADO EL JOVEN IMPUTADO POR LESIONES GRAVES A UN COMERCIANTE - Apuntes de San Luis","robots":{"index":"index","follow":"follow","max-snippet":"max-snippet:-1","max-image-preview":"max-image-preview:large","max-video-preview":"max-video-preview:-1"},"canonical":"https:\/\/apuntesdesanluis.com\/index.php\/2023\/09\/29\/fue-liberado-el-joven-imputado-por-lesiones-graves-a-un-comerciante\/","og_locale":"es_ES","og_type":"article","og_title":"FUE LIBERADO EL JOVEN IMPUTADO POR LESIONES GRAVES A UN COMERCIANTE - Apuntes de San Luis","og_description":"Deber\u00e1 respetar una prohibici\u00f3n de acercamiento al domicilio y lugar de trabajo del damnificado. As\u00ed...","og_url":"https:\/\/apuntesdesanluis.com\/index.php\/2023\/09\/29\/fue-liberado-el-joven-imputado-por-lesiones-graves-a-un-comerciante\/","og_site_name":"Apuntes de San Luis","article_published_time":"2023-09-29T17:10:39+00:00","article_modified_time":"2023-09-29T17:17:14+00:00","og_image":[{"width":604,"height":392,"url":"https:\/\/apuntesdesanluis.com\/wp-content\/uploads\/2023\/09\/garcia.png","type":"image\/png"}],"author":"apuntesdesanluis.com","twitter_card":"summary_large_image","twitter_misc":{"Escrito por":"apuntesdesanluis.com","Tiempo de lectura":"3 minutos"},"schema":{"@context":"https:\/\/schema.org","@graph":[{"@type":"Article","@id":"https:\/\/apuntesdesanluis.com\/index.php\/2023\/09\/29\/fue-liberado-el-joven-imputado-por-lesiones-graves-a-un-comerciante\/#article","isPartOf":{"@id":"https:\/\/apuntesdesanluis.com\/index.php\/2023\/09\/29\/fue-liberado-el-joven-imputado-por-lesiones-graves-a-un-comerciante\/"},"author":{"name":"apuntesdesanluis.com","@id":"https:\/\/apuntesdesanluis.com\/#\/schema\/person\/b55151d52296fcce64d1a72538a70b90"},"headline":"FUE LIBERADO EL JOVEN IMPUTADO POR LESIONES GRAVES A UN COMERCIANTE","datePublished":"2023-09-29T17:10:39+00:00","dateModified":"2023-09-29T17:17:14+00:00","mainEntityOfPage":{"@id":"https:\/\/apuntesdesanluis.com\/index.php\/2023\/09\/29\/fue-liberado-el-joven-imputado-por-lesiones-graves-a-un-comerciante\/"},"wordCount":513,"publisher":{"@id":"https:\/\/apuntesdesanluis.com\/#\/schema\/person\/b55151d52296fcce64d1a72538a70b90"},"image":{"@id":"https:\/\/apuntesdesanluis.com\/index.php\/2023\/09\/29\/fue-liberado-el-joven-imputado-por-lesiones-graves-a-un-comerciante\/#primaryimage"},"thumbnailUrl":"https:\/\/apuntesdesanluis.com\/wp-content\/uploads\/2023\/09\/garcia.png","articleSection":["Ciudad\/Provincia"],"inLanguage":"es-AR"},{"@type":"WebPage","@id":"https:\/\/apuntesdesanluis.com\/index.php\/2023\/09\/29\/fue-liberado-el-joven-imputado-por-lesiones-graves-a-un-comerciante\/","url":"https:\/\/apuntesdesanluis.com\/index.php\/2023\/09\/29\/fue-liberado-el-joven-imputado-por-lesiones-graves-a-un-comerciante\/","name":"FUE LIBERADO EL JOVEN IMPUTADO POR LESIONES GRAVES A UN COMERCIANTE - Apuntes de San Luis","isPartOf":{"@id":"https:\/\/apuntesdesanluis.com\/#website"},"primaryImageOfPage":{"@id":"https:\/\/apuntesdesanluis.com\/index.php\/2023\/09\/29\/fue-liberado-el-joven-imputado-por-lesiones-graves-a-un-comerciante\/#primaryimage"},"image":{"@id":"https:\/\/apuntesdesanluis.com\/index.php\/2023\/09\/29\/fue-liberado-el-joven-imputado-por-lesiones-graves-a-un-comerciante\/#primaryimage"},"thumbnailUrl":"https:\/\/apuntesdesanluis.com\/wp-content\/uploads\/2023\/09\/garcia.png","datePublished":"2023-09-29T17:10:39+00:00","dateModified":"2023-09-29T17:17:14+00:00","breadcrumb":{"@id":"https:\/\/apuntesdesanluis.com\/index.php\/2023\/09\/29\/fue-liberado-el-joven-imputado-por-lesiones-graves-a-un-comerciante\/#breadcrumb"},"inLanguage":"es-AR","potentialAction":[{"@type":"ReadAction","target":["https:\/\/apuntesdesanluis.com\/index.php\/2023\/09\/29\/fue-liberado-el-joven-imputado-por-lesiones-graves-a-un-comerciante\/"]}]},{"@type":"ImageObject","inLanguage":"es-AR","@id":"https:\/\/apuntesdesanluis.com\/index.php\/2023\/09\/29\/fue-liberado-el-joven-imputado-por-lesiones-graves-a-un-comerciante\/#primaryimage","url":"https:\/\/apuntesdesanluis.com\/wp-content\/uploads\/2023\/09\/garcia.png","contentUrl":"https:\/\/apuntesdesanluis.com\/wp-content\/uploads\/2023\/09\/garcia.png","width":604,"height":392},{"@type":"BreadcrumbList","@id":"https:\/\/apuntesdesanluis.com\/index.php\/2023\/09\/29\/fue-liberado-el-joven-imputado-por-lesiones-graves-a-un-comerciante\/#breadcrumb","itemListElement":[{"@type":"ListItem","position":1,"name":"Inicio","item":"https:\/\/apuntesdesanluis.com\/"},{"@type":"ListItem","position":2,"name":"FUE LIBERADO EL JOVEN IMPUTADO POR LESIONES GRAVES A UN COMERCIANTE"}]},{"@type":"WebSite","@id":"https:\/\/apuntesdesanluis.com\/#website","url":"https:\/\/apuntesdesanluis.com\/","name":"Apuntes de San Luis","description":"","publisher":{"@id":"https:\/\/apuntesdesanluis.com\/#\/schema\/person\/b55151d52296fcce64d1a72538a70b90"},"potentialAction":[{"@type":"SearchAction","target":{"@type":"EntryPoint","urlTemplate":"https:\/\/apuntesdesanluis.com\/?s={search_term_string}"},"query-input":{"@type":"PropertyValueSpecification","valueRequired":true,"valueName":"search_term_string"}}],"inLanguage":"es-AR"},{"@type":["Person","Organization"],"@id":"https:\/\/apuntesdesanluis.com\/#\/schema\/person\/b55151d52296fcce64d1a72538a70b90","name":"apuntesdesanluis.com","image":{"@type":"ImageObject","inLanguage":"es-AR","@id":"https:\/\/apuntesdesanluis.com\/#\/schema\/person\/image\/","url":"https:\/\/apuntesdesanluis.com\/wp-content\/uploads\/2023\/07\/cropped-apuntesdesanluis.png","contentUrl":"https:\/\/apuntesdesanluis.com\/wp-content\/uploads\/2023\/07\/cropped-apuntesdesanluis.png","width":450,"height":112,"caption":"apuntesdesanluis.com"},"logo":{"@id":"https:\/\/apuntesdesanluis.com\/#\/schema\/person\/image\/"},"sameAs":["https:\/\/apuntesdesanluis.com"],"url":"https:\/\/apuntesdesanluis.com\/index.php\/author\/apuntesdesanluis-com\/"}]}},"featured_image_urls":{"full":["https:\/\/apuntesdesanluis.com\/wp-content\/uploads\/2023\/09\/garcia.png",604,392,false],"thumbnail":["https:\/\/apuntesdesanluis.com\/wp-content\/uploads\/2023\/09\/garcia-150x150.png",150,150,true],"medium":["https:\/\/apuntesdesanluis.com\/wp-content\/uploads\/2023\/09\/garcia-300x195.png",300,195,true],"medium_large":["https:\/\/apuntesdesanluis.com\/wp-content\/uploads\/2023\/09\/garcia.png",604,392,false],"large":["https:\/\/apuntesdesanluis.com\/wp-content\/uploads\/2023\/09\/garcia.png",604,392,false],"1536x1536":["https:\/\/apuntesdesanluis.com\/wp-content\/uploads\/2023\/09\/garcia.png",604,392,false],"2048x2048":["https:\/\/apuntesdesanluis.com\/wp-content\/uploads\/2023\/09\/garcia.png",604,392,false],"newsever-slider-full":["https:\/\/apuntesdesanluis.com\/wp-content\/uploads\/2023\/09\/garcia.png",604,392,false],"newsever-featured":["https:\/\/apuntesdesanluis.com\/wp-content\/uploads\/2023\/09\/garcia.png",604,392,false],"newsever-medium":["https:\/\/apuntesdesanluis.com\/wp-content\/uploads\/2023\/09\/garcia.png",604,392,false]},"author_info":{"display_name":"apuntesdesanluis.com","author_link":"https:\/\/apuntesdesanluis.com\/index.php\/author\/apuntesdesanluis-com\/"},"category_info":"<a href=\"https:\/\/apuntesdesanluis.com\/index.php\/category\/ciudad-provincia\/\" rel=\"category tag\">Ciudad\/Provincia<\/a>","tag_info":"Ciudad\/Provincia","comment_count":"0","_links":{"self":[{"href":"https:\/\/apuntesdesanluis.com\/index.php\/wp-json\/wp\/v2\/posts\/4302","targetHints":{"allow":["GET"]}}],"collection":[{"href":"https:\/\/apuntesdesanluis.com\/index.php\/wp-json\/wp\/v2\/posts"}],"about":[{"href":"https:\/\/apuntesdesanluis.com\/index.php\/wp-json\/wp\/v2\/types\/post"}],"author":[{"embeddable":true,"href":"https:\/\/apuntesdesanluis.com\/index.php\/wp-json\/wp\/v2\/users\/1"}],"replies":[{"embeddable":true,"href":"https:\/\/apuntesdesanluis.com\/index.php\/wp-json\/wp\/v2\/comments?post=4302"}],"version-history":[{"count":3,"href":"https:\/\/apuntesdesanluis.com\/index.php\/wp-json\/wp\/v2\/posts\/4302\/revisions"}],"predecessor-version":[{"id":4307,"href":"https:\/\/apuntesdesanluis.com\/index.php\/wp-json\/wp\/v2\/posts\/4302\/revisions\/4307"}],"wp:featuredmedia":[{"embeddable":true,"href":"https:\/\/apuntesdesanluis.com\/index.php\/wp-json\/wp\/v2\/media\/4306"}],"wp:attachment":[{"href":"https:\/\/apuntesdesanluis.com\/index.php\/wp-json\/wp\/v2\/media?parent=4302"}],"wp:term":[{"taxonomy":"category","embeddable":true,"href":"https:\/\/apuntesdesanluis.com\/index.php\/wp-json\/wp\/v2\/categories?post=4302"},{"taxonomy":"post_tag","embeddable":true,"href":"https:\/\/apuntesdesanluis.com\/index.php\/wp-json\/wp\/v2\/tags?post=4302"}],"curies":[{"name":"wp","href":"https:\/\/api.w.org\/{rel}","templated":true}]}}