{"id":4308,"date":"2023-09-29T18:03:45","date_gmt":"2023-09-29T21:03:45","guid":{"rendered":"https:\/\/apuntesdesanluis.com\/?p=4308"},"modified":"2023-09-29T18:04:13","modified_gmt":"2023-09-29T21:04:13","slug":"fuertes-tormentas-inundaron-las-calles-de-nueva-york-provocando-caos-de-trafico-y-vuelos-cancelados","status":"publish","type":"post","link":"https:\/\/apuntesdesanluis.com\/index.php\/2023\/09\/29\/fuertes-tormentas-inundaron-las-calles-de-nueva-york-provocando-caos-de-trafico-y-vuelos-cancelados\/","title":{"rendered":"FUERTES TORMENTAS INUNDARON LAS CALLES DE NUEVA YORK PROVOCANDO CAOS DE TR\u00c1FICO Y VUELOS CANCELADOS"},"content":{"rendered":"<h3>Una potente tormenta en hora pico inund\u00f3 el \u00e1rea metropolitana de Nueva York el viernes, bloqueando partes del sistema de metro de la ciudad, inundando calles y carreteras y retrasando vuelos al aeropuerto.<\/h3>\n<h3>Hasta 13 cent\u00edmetros (5 pulgadas) de lluvia cayeron en algunas \u00e1reas durante la noche, y se esperaban hasta 18 cent\u00edmetros (7 pulgadas) m\u00e1s a lo largo del d\u00eda, dijo la gobernadora de Nueva York, Kathy Hochul.<\/h3>\n<h3>\u201cEsta es una tormenta peligrosa que pone en peligro la vida\u201d, dijo Hochul en una entrevista con la estaci\u00f3n de televisi\u00f3n NY1. \u201cCuenten con esto durante las pr\u00f3ximas 20 horas\u201d.<\/h3>\n<h3>El tr\u00e1fico estaba paralizado, con agua sobre los neum\u00e1ticos de los autom\u00f3viles, en un tramo de FDR Drive, una arteria importante a lo largo del lado este de Manhattan. Algunos conductores abandonaron sus veh\u00edculos.<\/h3>\n<p><img fetchpriority=\"high\" decoding=\"async\" class=\"wp-image-4310 aligncenter\" src=\"https:\/\/apuntesdesanluis.com\/wp-content\/uploads\/2023\/09\/CAOS-300x171.png\" alt=\"\" width=\"646\" height=\"368\" srcset=\"https:\/\/apuntesdesanluis.com\/wp-content\/uploads\/2023\/09\/CAOS-300x171.png 300w, https:\/\/apuntesdesanluis.com\/wp-content\/uploads\/2023\/09\/CAOS.png 600w\" sizes=\"(max-width: 646px) 100vw, 646px\" \/><\/p>\n<h3>La Autoridad de Transporte Metropolitano, que gestiona l\u00edneas de metro y trenes de cercan\u00edas, inst\u00f3 a los residentes de la ciudad m\u00e1s poblada del pa\u00eds a quedarse en casa si pod\u00edan. Pr\u00e1cticamente todas las l\u00edneas de metro fueron suspendidas, desviadas o funcionando con retrasos, al menos parcialmente, y dos de las tres l\u00edneas del Ferrocarril Metro-North fueron suspendidas.<\/h3>\n<h3>Los vuelos fueron suspendidos brevemente y luego retrasados el viernes por la ma\u00f1ana debido al agua en el \u00e1rea de reabastecimiento de combustible del aeropuerto. Las inundaciones tambi\u00e9n obligaron al cierre de una de las tres terminales del aeropuerto.<\/h3>\n<p><iframe title=\"Bajo el agua: Nueva York en estado de emergencia por fuertes inundaciones repentinas\" width=\"640\" height=\"360\" src=\"https:\/\/www.youtube.com\/embed\/LQl_AFl7_Ng?feature=oembed\" frameborder=\"0\" allow=\"accelerometer; autoplay; clipboard-write; encrypted-media; gyroscope; picture-in-picture; web-share\" referrerpolicy=\"strict-origin-when-cross-origin\" allowfullscreen><\/iframe><\/p>\n","protected":false},"excerpt":{"rendered":"<p>Una potente tormenta en hora pico inund\u00f3 el \u00e1rea metropolitana de Nueva York el viernes,&#8230;<\/p>\n","protected":false},"author":1,"featured_media":4309,"comment_status":"closed","ping_status":"closed","sticky":false,"template":"","format":"standard","meta":{"footnotes":""},"categories":[5],"tags":[],"class_list":["post-4308","post","type-post","status-publish","format-standard","has-post-thumbnail","hentry","category-nacionales-internacionales"],"yoast_head":"<!-- This site is optimized with the Yoast SEO plugin v26.1.1 - https:\/\/yoast.com\/wordpress\/plugins\/seo\/ -->\n<title>FUERTES TORMENTAS INUNDARON LAS CALLES DE NUEVA YORK PROVOCANDO CAOS DE TR\u00c1FICO Y VUELOS CANCELADOS - Apuntes de San Luis<\/title>\n<meta name=\"robots\" content=\"index, follow, max-snippet:-1, max-image-preview:large, max-video-preview:-1\" \/>\n<link rel=\"canonical\" href=\"https:\/\/apuntesdesanluis.com\/index.php\/2023\/09\/29\/fuertes-tormentas-inundaron-las-calles-de-nueva-york-provocando-caos-de-trafico-y-vuelos-cancelados\/\" \/>\n<meta property=\"og:locale\" content=\"es_ES\" \/>\n<meta property=\"og:type\" content=\"article\" \/>\n<meta property=\"og:title\" content=\"FUERTES TORMENTAS INUNDARON LAS CALLES DE NUEVA YORK PROVOCANDO CAOS DE TR\u00c1FICO Y VUELOS CANCELADOS - Apuntes de San Luis\" \/>\n<meta property=\"og:description\" content=\"Una potente tormenta en hora pico inund\u00f3 el \u00e1rea metropolitana de Nueva York el viernes,...\" \/>\n<meta property=\"og:url\" content=\"https:\/\/apuntesdesanluis.com\/index.php\/2023\/09\/29\/fuertes-tormentas-inundaron-las-calles-de-nueva-york-provocando-caos-de-trafico-y-vuelos-cancelados\/\" \/>\n<meta property=\"og:site_name\" content=\"Apuntes de San Luis\" \/>\n<meta property=\"article:published_time\" content=\"2023-09-29T21:03:45+00:00\" \/>\n<meta property=\"article:modified_time\" content=\"2023-09-29T21:04:13+00:00\" \/>\n<meta property=\"og:image\" content=\"https:\/\/apuntesdesanluis.com\/wp-content\/uploads\/2023\/09\/AUTOS.png\" \/>\n\t<meta property=\"og:image:width\" content=\"600\" \/>\n\t<meta property=\"og:image:height\" content=\"372\" \/>\n\t<meta property=\"og:image:type\" content=\"image\/png\" \/>\n<meta name=\"author\" content=\"apuntesdesanluis.com\" \/>\n<meta name=\"twitter:card\" content=\"summary_large_image\" \/>\n<meta name=\"twitter:label1\" content=\"Escrito por\" \/>\n\t<meta name=\"twitter:data1\" content=\"apuntesdesanluis.com\" \/>\n\t<meta name=\"twitter:label2\" content=\"Tiempo de lectura\" \/>\n\t<meta name=\"twitter:data2\" content=\"2 minutos\" \/>\n<script type=\"application\/ld+json\" class=\"yoast-schema-graph\">{\"@context\":\"https:\/\/schema.org\",\"@graph\":[{\"@type\":\"Article\",\"@id\":\"https:\/\/apuntesdesanluis.com\/index.php\/2023\/09\/29\/fuertes-tormentas-inundaron-las-calles-de-nueva-york-provocando-caos-de-trafico-y-vuelos-cancelados\/#article\",\"isPartOf\":{\"@id\":\"https:\/\/apuntesdesanluis.com\/index.php\/2023\/09\/29\/fuertes-tormentas-inundaron-las-calles-de-nueva-york-provocando-caos-de-trafico-y-vuelos-cancelados\/\"},\"author\":{\"name\":\"apuntesdesanluis.com\",\"@id\":\"https:\/\/apuntesdesanluis.com\/#\/schema\/person\/b55151d52296fcce64d1a72538a70b90\"},\"headline\":\"FUERTES TORMENTAS INUNDARON LAS CALLES DE NUEVA YORK PROVOCANDO CAOS DE TR\u00c1FICO Y VUELOS CANCELADOS\",\"datePublished\":\"2023-09-29T21:03:45+00:00\",\"dateModified\":\"2023-09-29T21:04:13+00:00\",\"mainEntityOfPage\":{\"@id\":\"https:\/\/apuntesdesanluis.com\/index.php\/2023\/09\/29\/fuertes-tormentas-inundaron-las-calles-de-nueva-york-provocando-caos-de-trafico-y-vuelos-cancelados\/\"},\"wordCount\":273,\"publisher\":{\"@id\":\"https:\/\/apuntesdesanluis.com\/#\/schema\/person\/b55151d52296fcce64d1a72538a70b90\"},\"image\":{\"@id\":\"https:\/\/apuntesdesanluis.com\/index.php\/2023\/09\/29\/fuertes-tormentas-inundaron-las-calles-de-nueva-york-provocando-caos-de-trafico-y-vuelos-cancelados\/#primaryimage\"},\"thumbnailUrl\":\"https:\/\/apuntesdesanluis.com\/wp-content\/uploads\/2023\/09\/AUTOS.png\",\"articleSection\":[\"Nacionales\/Internacionales\"],\"inLanguage\":\"es-AR\"},{\"@type\":\"WebPage\",\"@id\":\"https:\/\/apuntesdesanluis.com\/index.php\/2023\/09\/29\/fuertes-tormentas-inundaron-las-calles-de-nueva-york-provocando-caos-de-trafico-y-vuelos-cancelados\/\",\"url\":\"https:\/\/apuntesdesanluis.com\/index.php\/2023\/09\/29\/fuertes-tormentas-inundaron-las-calles-de-nueva-york-provocando-caos-de-trafico-y-vuelos-cancelados\/\",\"name\":\"FUERTES TORMENTAS INUNDARON LAS CALLES DE NUEVA YORK PROVOCANDO CAOS DE TR\u00c1FICO Y VUELOS CANCELADOS - Apuntes de San Luis\",\"isPartOf\":{\"@id\":\"https:\/\/apuntesdesanluis.com\/#website\"},\"primaryImageOfPage\":{\"@id\":\"https:\/\/apuntesdesanluis.com\/index.php\/2023\/09\/29\/fuertes-tormentas-inundaron-las-calles-de-nueva-york-provocando-caos-de-trafico-y-vuelos-cancelados\/#primaryimage\"},\"image\":{\"@id\":\"https:\/\/apuntesdesanluis.com\/index.php\/2023\/09\/29\/fuertes-tormentas-inundaron-las-calles-de-nueva-york-provocando-caos-de-trafico-y-vuelos-cancelados\/#primaryimage\"},\"thumbnailUrl\":\"https:\/\/apuntesdesanluis.com\/wp-content\/uploads\/2023\/09\/AUTOS.png\",\"datePublished\":\"2023-09-29T21:03:45+00:00\",\"dateModified\":\"2023-09-29T21:04:13+00:00\",\"breadcrumb\":{\"@id\":\"https:\/\/apuntesdesanluis.com\/index.php\/2023\/09\/29\/fuertes-tormentas-inundaron-las-calles-de-nueva-york-provocando-caos-de-trafico-y-vuelos-cancelados\/#breadcrumb\"},\"inLanguage\":\"es-AR\",\"potentialAction\":[{\"@type\":\"ReadAction\",\"target\":[\"https:\/\/apuntesdesanluis.com\/index.php\/2023\/09\/29\/fuertes-tormentas-inundaron-las-calles-de-nueva-york-provocando-caos-de-trafico-y-vuelos-cancelados\/\"]}]},{\"@type\":\"ImageObject\",\"inLanguage\":\"es-AR\",\"@id\":\"https:\/\/apuntesdesanluis.com\/index.php\/2023\/09\/29\/fuertes-tormentas-inundaron-las-calles-de-nueva-york-provocando-caos-de-trafico-y-vuelos-cancelados\/#primaryimage\",\"url\":\"https:\/\/apuntesdesanluis.com\/wp-content\/uploads\/2023\/09\/AUTOS.png\",\"contentUrl\":\"https:\/\/apuntesdesanluis.com\/wp-content\/uploads\/2023\/09\/AUTOS.png\",\"width\":600,\"height\":372},{\"@type\":\"BreadcrumbList\",\"@id\":\"https:\/\/apuntesdesanluis.com\/index.php\/2023\/09\/29\/fuertes-tormentas-inundaron-las-calles-de-nueva-york-provocando-caos-de-trafico-y-vuelos-cancelados\/#breadcrumb\",\"itemListElement\":[{\"@type\":\"ListItem\",\"position\":1,\"name\":\"Inicio\",\"item\":\"https:\/\/apuntesdesanluis.com\/\"},{\"@type\":\"ListItem\",\"position\":2,\"name\":\"FUERTES TORMENTAS INUNDARON LAS CALLES DE NUEVA YORK PROVOCANDO CAOS DE TR\u00c1FICO Y VUELOS CANCELADOS\"}]},{\"@type\":\"WebSite\",\"@id\":\"https:\/\/apuntesdesanluis.com\/#website\",\"url\":\"https:\/\/apuntesdesanluis.com\/\",\"name\":\"Apuntes de San Luis\",\"description\":\"\",\"publisher\":{\"@id\":\"https:\/\/apuntesdesanluis.com\/#\/schema\/person\/b55151d52296fcce64d1a72538a70b90\"},\"potentialAction\":[{\"@type\":\"SearchAction\",\"target\":{\"@type\":\"EntryPoint\",\"urlTemplate\":\"https:\/\/apuntesdesanluis.com\/?s={search_term_string}\"},\"query-input\":{\"@type\":\"PropertyValueSpecification\",\"valueRequired\":true,\"valueName\":\"search_term_string\"}}],\"inLanguage\":\"es-AR\"},{\"@type\":[\"Person\",\"Organization\"],\"@id\":\"https:\/\/apuntesdesanluis.com\/#\/schema\/person\/b55151d52296fcce64d1a72538a70b90\",\"name\":\"apuntesdesanluis.com\",\"image\":{\"@type\":\"ImageObject\",\"inLanguage\":\"es-AR\",\"@id\":\"https:\/\/apuntesdesanluis.com\/#\/schema\/person\/image\/\",\"url\":\"https:\/\/apuntesdesanluis.com\/wp-content\/uploads\/2023\/07\/cropped-apuntesdesanluis.png\",\"contentUrl\":\"https:\/\/apuntesdesanluis.com\/wp-content\/uploads\/2023\/07\/cropped-apuntesdesanluis.png\",\"width\":450,\"height\":112,\"caption\":\"apuntesdesanluis.com\"},\"logo\":{\"@id\":\"https:\/\/apuntesdesanluis.com\/#\/schema\/person\/image\/\"},\"sameAs\":[\"https:\/\/apuntesdesanluis.com\"],\"url\":\"https:\/\/apuntesdesanluis.com\/index.php\/author\/apuntesdesanluis-com\/\"}]}<\/script>\n<!-- \/ Yoast SEO plugin. -->","yoast_head_json":{"title":"FUERTES TORMENTAS INUNDARON LAS CALLES DE NUEVA YORK PROVOCANDO CAOS DE TR\u00c1FICO Y VUELOS CANCELADOS - Apuntes de San Luis","robots":{"index":"index","follow":"follow","max-snippet":"max-snippet:-1","max-image-preview":"max-image-preview:large","max-video-preview":"max-video-preview:-1"},"canonical":"https:\/\/apuntesdesanluis.com\/index.php\/2023\/09\/29\/fuertes-tormentas-inundaron-las-calles-de-nueva-york-provocando-caos-de-trafico-y-vuelos-cancelados\/","og_locale":"es_ES","og_type":"article","og_title":"FUERTES TORMENTAS INUNDARON LAS CALLES DE NUEVA YORK PROVOCANDO CAOS DE TR\u00c1FICO Y VUELOS CANCELADOS - Apuntes de San Luis","og_description":"Una potente tormenta en hora pico inund\u00f3 el \u00e1rea metropolitana de Nueva York el viernes,...","og_url":"https:\/\/apuntesdesanluis.com\/index.php\/2023\/09\/29\/fuertes-tormentas-inundaron-las-calles-de-nueva-york-provocando-caos-de-trafico-y-vuelos-cancelados\/","og_site_name":"Apuntes de San Luis","article_published_time":"2023-09-29T21:03:45+00:00","article_modified_time":"2023-09-29T21:04:13+00:00","og_image":[{"width":600,"height":372,"url":"https:\/\/apuntesdesanluis.com\/wp-content\/uploads\/2023\/09\/AUTOS.png","type":"image\/png"}],"author":"apuntesdesanluis.com","twitter_card":"summary_large_image","twitter_misc":{"Escrito por":"apuntesdesanluis.com","Tiempo de lectura":"2 minutos"},"schema":{"@context":"https:\/\/schema.org","@graph":[{"@type":"Article","@id":"https:\/\/apuntesdesanluis.com\/index.php\/2023\/09\/29\/fuertes-tormentas-inundaron-las-calles-de-nueva-york-provocando-caos-de-trafico-y-vuelos-cancelados\/#article","isPartOf":{"@id":"https:\/\/apuntesdesanluis.com\/index.php\/2023\/09\/29\/fuertes-tormentas-inundaron-las-calles-de-nueva-york-provocando-caos-de-trafico-y-vuelos-cancelados\/"},"author":{"name":"apuntesdesanluis.com","@id":"https:\/\/apuntesdesanluis.com\/#\/schema\/person\/b55151d52296fcce64d1a72538a70b90"},"headline":"FUERTES TORMENTAS INUNDARON LAS CALLES DE NUEVA YORK PROVOCANDO CAOS DE TR\u00c1FICO Y VUELOS CANCELADOS","datePublished":"2023-09-29T21:03:45+00:00","dateModified":"2023-09-29T21:04:13+00:00","mainEntityOfPage":{"@id":"https:\/\/apuntesdesanluis.com\/index.php\/2023\/09\/29\/fuertes-tormentas-inundaron-las-calles-de-nueva-york-provocando-caos-de-trafico-y-vuelos-cancelados\/"},"wordCount":273,"publisher":{"@id":"https:\/\/apuntesdesanluis.com\/#\/schema\/person\/b55151d52296fcce64d1a72538a70b90"},"image":{"@id":"https:\/\/apuntesdesanluis.com\/index.php\/2023\/09\/29\/fuertes-tormentas-inundaron-las-calles-de-nueva-york-provocando-caos-de-trafico-y-vuelos-cancelados\/#primaryimage"},"thumbnailUrl":"https:\/\/apuntesdesanluis.com\/wp-content\/uploads\/2023\/09\/AUTOS.png","articleSection":["Nacionales\/Internacionales"],"inLanguage":"es-AR"},{"@type":"WebPage","@id":"https:\/\/apuntesdesanluis.com\/index.php\/2023\/09\/29\/fuertes-tormentas-inundaron-las-calles-de-nueva-york-provocando-caos-de-trafico-y-vuelos-cancelados\/","url":"https:\/\/apuntesdesanluis.com\/index.php\/2023\/09\/29\/fuertes-tormentas-inundaron-las-calles-de-nueva-york-provocando-caos-de-trafico-y-vuelos-cancelados\/","name":"FUERTES TORMENTAS INUNDARON LAS CALLES DE NUEVA YORK PROVOCANDO CAOS DE TR\u00c1FICO Y VUELOS CANCELADOS - Apuntes de San Luis","isPartOf":{"@id":"https:\/\/apuntesdesanluis.com\/#website"},"primaryImageOfPage":{"@id":"https:\/\/apuntesdesanluis.com\/index.php\/2023\/09\/29\/fuertes-tormentas-inundaron-las-calles-de-nueva-york-provocando-caos-de-trafico-y-vuelos-cancelados\/#primaryimage"},"image":{"@id":"https:\/\/apuntesdesanluis.com\/index.php\/2023\/09\/29\/fuertes-tormentas-inundaron-las-calles-de-nueva-york-provocando-caos-de-trafico-y-vuelos-cancelados\/#primaryimage"},"thumbnailUrl":"https:\/\/apuntesdesanluis.com\/wp-content\/uploads\/2023\/09\/AUTOS.png","datePublished":"2023-09-29T21:03:45+00:00","dateModified":"2023-09-29T21:04:13+00:00","breadcrumb":{"@id":"https:\/\/apuntesdesanluis.com\/index.php\/2023\/09\/29\/fuertes-tormentas-inundaron-las-calles-de-nueva-york-provocando-caos-de-trafico-y-vuelos-cancelados\/#breadcrumb"},"inLanguage":"es-AR","potentialAction":[{"@type":"ReadAction","target":["https:\/\/apuntesdesanluis.com\/index.php\/2023\/09\/29\/fuertes-tormentas-inundaron-las-calles-de-nueva-york-provocando-caos-de-trafico-y-vuelos-cancelados\/"]}]},{"@type":"ImageObject","inLanguage":"es-AR","@id":"https:\/\/apuntesdesanluis.com\/index.php\/2023\/09\/29\/fuertes-tormentas-inundaron-las-calles-de-nueva-york-provocando-caos-de-trafico-y-vuelos-cancelados\/#primaryimage","url":"https:\/\/apuntesdesanluis.com\/wp-content\/uploads\/2023\/09\/AUTOS.png","contentUrl":"https:\/\/apuntesdesanluis.com\/wp-content\/uploads\/2023\/09\/AUTOS.png","width":600,"height":372},{"@type":"BreadcrumbList","@id":"https:\/\/apuntesdesanluis.com\/index.php\/2023\/09\/29\/fuertes-tormentas-inundaron-las-calles-de-nueva-york-provocando-caos-de-trafico-y-vuelos-cancelados\/#breadcrumb","itemListElement":[{"@type":"ListItem","position":1,"name":"Inicio","item":"https:\/\/apuntesdesanluis.com\/"},{"@type":"ListItem","position":2,"name":"FUERTES TORMENTAS INUNDARON LAS CALLES DE NUEVA YORK PROVOCANDO CAOS DE TR\u00c1FICO Y VUELOS CANCELADOS"}]},{"@type":"WebSite","@id":"https:\/\/apuntesdesanluis.com\/#website","url":"https:\/\/apuntesdesanluis.com\/","name":"Apuntes de San Luis","description":"","publisher":{"@id":"https:\/\/apuntesdesanluis.com\/#\/schema\/person\/b55151d52296fcce64d1a72538a70b90"},"potentialAction":[{"@type":"SearchAction","target":{"@type":"EntryPoint","urlTemplate":"https:\/\/apuntesdesanluis.com\/?s={search_term_string}"},"query-input":{"@type":"PropertyValueSpecification","valueRequired":true,"valueName":"search_term_string"}}],"inLanguage":"es-AR"},{"@type":["Person","Organization"],"@id":"https:\/\/apuntesdesanluis.com\/#\/schema\/person\/b55151d52296fcce64d1a72538a70b90","name":"apuntesdesanluis.com","image":{"@type":"ImageObject","inLanguage":"es-AR","@id":"https:\/\/apuntesdesanluis.com\/#\/schema\/person\/image\/","url":"https:\/\/apuntesdesanluis.com\/wp-content\/uploads\/2023\/07\/cropped-apuntesdesanluis.png","contentUrl":"https:\/\/apuntesdesanluis.com\/wp-content\/uploads\/2023\/07\/cropped-apuntesdesanluis.png","width":450,"height":112,"caption":"apuntesdesanluis.com"},"logo":{"@id":"https:\/\/apuntesdesanluis.com\/#\/schema\/person\/image\/"},"sameAs":["https:\/\/apuntesdesanluis.com"],"url":"https:\/\/apuntesdesanluis.com\/index.php\/author\/apuntesdesanluis-com\/"}]}},"featured_image_urls":{"full":["https:\/\/apuntesdesanluis.com\/wp-content\/uploads\/2023\/09\/AUTOS.png",600,372,false],"thumbnail":["https:\/\/apuntesdesanluis.com\/wp-content\/uploads\/2023\/09\/AUTOS-150x150.png",150,150,true],"medium":["https:\/\/apuntesdesanluis.com\/wp-content\/uploads\/2023\/09\/AUTOS-300x186.png",300,186,true],"medium_large":["https:\/\/apuntesdesanluis.com\/wp-content\/uploads\/2023\/09\/AUTOS.png",600,372,false],"large":["https:\/\/apuntesdesanluis.com\/wp-content\/uploads\/2023\/09\/AUTOS.png",600,372,false],"1536x1536":["https:\/\/apuntesdesanluis.com\/wp-content\/uploads\/2023\/09\/AUTOS.png",600,372,false],"2048x2048":["https:\/\/apuntesdesanluis.com\/wp-content\/uploads\/2023\/09\/AUTOS.png",600,372,false],"newsever-slider-full":["https:\/\/apuntesdesanluis.com\/wp-content\/uploads\/2023\/09\/AUTOS.png",600,372,false],"newsever-featured":["https:\/\/apuntesdesanluis.com\/wp-content\/uploads\/2023\/09\/AUTOS.png",600,372,false],"newsever-medium":["https:\/\/apuntesdesanluis.com\/wp-content\/uploads\/2023\/09\/AUTOS.png",600,372,false]},"author_info":{"display_name":"apuntesdesanluis.com","author_link":"https:\/\/apuntesdesanluis.com\/index.php\/author\/apuntesdesanluis-com\/"},"category_info":"<a href=\"https:\/\/apuntesdesanluis.com\/index.php\/category\/nacionales-internacionales\/\" rel=\"category tag\">Nacionales\/Internacionales<\/a>","tag_info":"Nacionales\/Internacionales","comment_count":"0","_links":{"self":[{"href":"https:\/\/apuntesdesanluis.com\/index.php\/wp-json\/wp\/v2\/posts\/4308","targetHints":{"allow":["GET"]}}],"collection":[{"href":"https:\/\/apuntesdesanluis.com\/index.php\/wp-json\/wp\/v2\/posts"}],"about":[{"href":"https:\/\/apuntesdesanluis.com\/index.php\/wp-json\/wp\/v2\/types\/post"}],"author":[{"embeddable":true,"href":"https:\/\/apuntesdesanluis.com\/index.php\/wp-json\/wp\/v2\/users\/1"}],"replies":[{"embeddable":true,"href":"https:\/\/apuntesdesanluis.com\/index.php\/wp-json\/wp\/v2\/comments?post=4308"}],"version-history":[{"count":2,"href":"https:\/\/apuntesdesanluis.com\/index.php\/wp-json\/wp\/v2\/posts\/4308\/revisions"}],"predecessor-version":[{"id":4312,"href":"https:\/\/apuntesdesanluis.com\/index.php\/wp-json\/wp\/v2\/posts\/4308\/revisions\/4312"}],"wp:featuredmedia":[{"embeddable":true,"href":"https:\/\/apuntesdesanluis.com\/index.php\/wp-json\/wp\/v2\/media\/4309"}],"wp:attachment":[{"href":"https:\/\/apuntesdesanluis.com\/index.php\/wp-json\/wp\/v2\/media?parent=4308"}],"wp:term":[{"taxonomy":"category","embeddable":true,"href":"https:\/\/apuntesdesanluis.com\/index.php\/wp-json\/wp\/v2\/categories?post=4308"},{"taxonomy":"post_tag","embeddable":true,"href":"https:\/\/apuntesdesanluis.com\/index.php\/wp-json\/wp\/v2\/tags?post=4308"}],"curies":[{"name":"wp","href":"https:\/\/api.w.org\/{rel}","templated":true}]}}