{"id":4316,"date":"2023-09-29T18:47:07","date_gmt":"2023-09-29T21:47:07","guid":{"rendered":"https:\/\/apuntesdesanluis.com\/?p=4316"},"modified":"2023-09-29T18:47:07","modified_gmt":"2023-09-29T21:47:07","slug":"ante-la-sequia-de-divisas-el-gobierno-decidio-prorrogar-el-dolar-soja","status":"publish","type":"post","link":"https:\/\/apuntesdesanluis.com\/index.php\/2023\/09\/29\/ante-la-sequia-de-divisas-el-gobierno-decidio-prorrogar-el-dolar-soja\/","title":{"rendered":"ANTE LA SEQU\u00cdA DE DIVISAS, EL GOBIERNO DECIDI\u00d3 PRORROGAR EL D\u00d3LAR SOJA"},"content":{"rendered":"<h3>Ante la sequ\u00eda de divisas en el Banco Central, el ministro de Econom\u00eda, Sergio Massa, decidi\u00f3 prorrogar la vigencia del d\u00f3lar soja hasta el 20 de octubre pr\u00f3ximo, justo antes de las elecciones presidenciales.<\/h3>\n<h3>&#8220;El Ministerio de Econom\u00eda inform\u00f3 que emitir\u00e1 un nuevo Decreto para la extensi\u00f3n (bajo mismas condiciones) del programa de incremento exportador para soja hasta el 20 de octubre inclusive&#8221;, indic\u00f3 una fuente de la agroindustria.<\/h3>\n<h3>A diferencia de esquemas anteriores, esta cuarta versi\u00f3n del d\u00f3lar soja no tiene un tipo de cambio fijo.<\/h3>\n<h3>Lo que se hace es pedir que el 75% del contravalor de la exportaci\u00f3n de las mercader\u00edas se ingrese en divisas y se negocie a trav\u00e9s del Mercado Libre de Cambios.<\/h3>\n<h3>El 25% restante queda de &#8220;libre disponibilidad&#8221;, en general al tipo de cambio contado con liqui.<\/h3>\n<h3>Un esquema similar se adopt\u00f3 esta semana para las exportaciones de hidrocarburos, con el que el gobierno espera recaudar USD 1.200 millones. Es el &#8220;d\u00f3lar Vaca Muerta&#8221;.<\/h3>\n<h3>Massa hab\u00eda sondeado a productores sojeros de Rosario sobre cu\u00e1nto stock hay para liquidar, antes de decidir este paso.<\/h3>\n<h3>Es que si bien no hay mucha soja pendiente de liquidaci\u00f3n, Massa busca rascar el fondo de la olla antes de las elecciones, para atenuar una escalada del d\u00f3lar que esta semana qued\u00f3 en evidencia.<\/h3>\n<h3>El ministro-candidato busca llegar con alguna espalda al lunes posterior a las elecciones, cuando seg\u00fan el resultado podr\u00eda haber m\u00e1s movimientos en el mercado cambiario.<\/h3>\n<h3>La comercializaci\u00f3n super\u00f3 los 4,5 millones de toneladas en el marco de la cuarta edici\u00f3n del Programa de Incremento Exportador (PIE IV).<\/h3>\n<h3>Desde que se puso en marcha el tipo de cambio diferencial para la soja el pasado 5 de septiembre, se negociaron 4.514.983 toneladas, de los cuales 3.059.600 correspondieron a contratos nuevos, mientras que los restantes 1.455.583 toneladas fueron fijaciones de precios de operaciones concretadas antes de la medida.<\/h3>\n<p>&nbsp;<\/p>\n<p>&nbsp;<\/p>\n<p>&nbsp;<\/p>\n","protected":false},"excerpt":{"rendered":"<p>Ante la sequ\u00eda de divisas en el Banco Central, el ministro de Econom\u00eda, Sergio Massa,&#8230;<\/p>\n","protected":false},"author":1,"featured_media":1080,"comment_status":"closed","ping_status":"closed","sticky":false,"template":"","format":"standard","meta":{"footnotes":""},"categories":[5],"tags":[],"class_list":["post-4316","post","type-post","status-publish","format-standard","has-post-thumbnail","hentry","category-nacionales-internacionales"],"yoast_head":"<!-- This site is optimized with the Yoast SEO plugin v26.1.1 - https:\/\/yoast.com\/wordpress\/plugins\/seo\/ -->\n<title>ANTE LA SEQU\u00cdA DE DIVISAS, EL GOBIERNO DECIDI\u00d3 PRORROGAR EL D\u00d3LAR SOJA - Apuntes de San Luis<\/title>\n<meta name=\"robots\" content=\"index, follow, max-snippet:-1, max-image-preview:large, max-video-preview:-1\" \/>\n<link rel=\"canonical\" href=\"https:\/\/apuntesdesanluis.com\/index.php\/2023\/09\/29\/ante-la-sequia-de-divisas-el-gobierno-decidio-prorrogar-el-dolar-soja\/\" \/>\n<meta property=\"og:locale\" content=\"es_ES\" \/>\n<meta property=\"og:type\" content=\"article\" \/>\n<meta property=\"og:title\" content=\"ANTE LA SEQU\u00cdA DE DIVISAS, EL GOBIERNO DECIDI\u00d3 PRORROGAR EL D\u00d3LAR SOJA - Apuntes de San Luis\" \/>\n<meta property=\"og:description\" content=\"Ante la sequ\u00eda de divisas en el Banco Central, el ministro de Econom\u00eda, Sergio Massa,...\" \/>\n<meta property=\"og:url\" content=\"https:\/\/apuntesdesanluis.com\/index.php\/2023\/09\/29\/ante-la-sequia-de-divisas-el-gobierno-decidio-prorrogar-el-dolar-soja\/\" \/>\n<meta property=\"og:site_name\" content=\"Apuntes de San Luis\" \/>\n<meta property=\"article:published_time\" content=\"2023-09-29T21:47:07+00:00\" \/>\n<meta property=\"og:image\" content=\"https:\/\/apuntesdesanluis.com\/wp-content\/uploads\/2023\/08\/DOLAR-AGRO.png\" \/>\n\t<meta property=\"og:image:width\" content=\"772\" \/>\n\t<meta property=\"og:image:height\" content=\"485\" \/>\n\t<meta property=\"og:image:type\" content=\"image\/png\" \/>\n<meta name=\"author\" content=\"apuntesdesanluis.com\" \/>\n<meta name=\"twitter:card\" content=\"summary_large_image\" \/>\n<meta name=\"twitter:label1\" content=\"Escrito por\" \/>\n\t<meta name=\"twitter:data1\" content=\"apuntesdesanluis.com\" \/>\n\t<meta name=\"twitter:label2\" content=\"Tiempo de lectura\" \/>\n\t<meta name=\"twitter:data2\" content=\"2 minutos\" \/>\n<script type=\"application\/ld+json\" class=\"yoast-schema-graph\">{\"@context\":\"https:\/\/schema.org\",\"@graph\":[{\"@type\":\"Article\",\"@id\":\"https:\/\/apuntesdesanluis.com\/index.php\/2023\/09\/29\/ante-la-sequia-de-divisas-el-gobierno-decidio-prorrogar-el-dolar-soja\/#article\",\"isPartOf\":{\"@id\":\"https:\/\/apuntesdesanluis.com\/index.php\/2023\/09\/29\/ante-la-sequia-de-divisas-el-gobierno-decidio-prorrogar-el-dolar-soja\/\"},\"author\":{\"name\":\"apuntesdesanluis.com\",\"@id\":\"https:\/\/apuntesdesanluis.com\/#\/schema\/person\/b55151d52296fcce64d1a72538a70b90\"},\"headline\":\"ANTE LA SEQU\u00cdA DE DIVISAS, EL GOBIERNO DECIDI\u00d3 PRORROGAR EL D\u00d3LAR SOJA\",\"datePublished\":\"2023-09-29T21:47:07+00:00\",\"mainEntityOfPage\":{\"@id\":\"https:\/\/apuntesdesanluis.com\/index.php\/2023\/09\/29\/ante-la-sequia-de-divisas-el-gobierno-decidio-prorrogar-el-dolar-soja\/\"},\"wordCount\":338,\"publisher\":{\"@id\":\"https:\/\/apuntesdesanluis.com\/#\/schema\/person\/b55151d52296fcce64d1a72538a70b90\"},\"image\":{\"@id\":\"https:\/\/apuntesdesanluis.com\/index.php\/2023\/09\/29\/ante-la-sequia-de-divisas-el-gobierno-decidio-prorrogar-el-dolar-soja\/#primaryimage\"},\"thumbnailUrl\":\"https:\/\/apuntesdesanluis.com\/wp-content\/uploads\/2023\/08\/DOLAR-AGRO.png\",\"articleSection\":[\"Nacionales\/Internacionales\"],\"inLanguage\":\"es-AR\"},{\"@type\":\"WebPage\",\"@id\":\"https:\/\/apuntesdesanluis.com\/index.php\/2023\/09\/29\/ante-la-sequia-de-divisas-el-gobierno-decidio-prorrogar-el-dolar-soja\/\",\"url\":\"https:\/\/apuntesdesanluis.com\/index.php\/2023\/09\/29\/ante-la-sequia-de-divisas-el-gobierno-decidio-prorrogar-el-dolar-soja\/\",\"name\":\"ANTE LA SEQU\u00cdA DE DIVISAS, EL GOBIERNO DECIDI\u00d3 PRORROGAR EL D\u00d3LAR SOJA - Apuntes de San Luis\",\"isPartOf\":{\"@id\":\"https:\/\/apuntesdesanluis.com\/#website\"},\"primaryImageOfPage\":{\"@id\":\"https:\/\/apuntesdesanluis.com\/index.php\/2023\/09\/29\/ante-la-sequia-de-divisas-el-gobierno-decidio-prorrogar-el-dolar-soja\/#primaryimage\"},\"image\":{\"@id\":\"https:\/\/apuntesdesanluis.com\/index.php\/2023\/09\/29\/ante-la-sequia-de-divisas-el-gobierno-decidio-prorrogar-el-dolar-soja\/#primaryimage\"},\"thumbnailUrl\":\"https:\/\/apuntesdesanluis.com\/wp-content\/uploads\/2023\/08\/DOLAR-AGRO.png\",\"datePublished\":\"2023-09-29T21:47:07+00:00\",\"breadcrumb\":{\"@id\":\"https:\/\/apuntesdesanluis.com\/index.php\/2023\/09\/29\/ante-la-sequia-de-divisas-el-gobierno-decidio-prorrogar-el-dolar-soja\/#breadcrumb\"},\"inLanguage\":\"es-AR\",\"potentialAction\":[{\"@type\":\"ReadAction\",\"target\":[\"https:\/\/apuntesdesanluis.com\/index.php\/2023\/09\/29\/ante-la-sequia-de-divisas-el-gobierno-decidio-prorrogar-el-dolar-soja\/\"]}]},{\"@type\":\"ImageObject\",\"inLanguage\":\"es-AR\",\"@id\":\"https:\/\/apuntesdesanluis.com\/index.php\/2023\/09\/29\/ante-la-sequia-de-divisas-el-gobierno-decidio-prorrogar-el-dolar-soja\/#primaryimage\",\"url\":\"https:\/\/apuntesdesanluis.com\/wp-content\/uploads\/2023\/08\/DOLAR-AGRO.png\",\"contentUrl\":\"https:\/\/apuntesdesanluis.com\/wp-content\/uploads\/2023\/08\/DOLAR-AGRO.png\",\"width\":772,\"height\":485},{\"@type\":\"BreadcrumbList\",\"@id\":\"https:\/\/apuntesdesanluis.com\/index.php\/2023\/09\/29\/ante-la-sequia-de-divisas-el-gobierno-decidio-prorrogar-el-dolar-soja\/#breadcrumb\",\"itemListElement\":[{\"@type\":\"ListItem\",\"position\":1,\"name\":\"Inicio\",\"item\":\"https:\/\/apuntesdesanluis.com\/\"},{\"@type\":\"ListItem\",\"position\":2,\"name\":\"ANTE LA SEQU\u00cdA DE DIVISAS, EL GOBIERNO DECIDI\u00d3 PRORROGAR EL D\u00d3LAR SOJA\"}]},{\"@type\":\"WebSite\",\"@id\":\"https:\/\/apuntesdesanluis.com\/#website\",\"url\":\"https:\/\/apuntesdesanluis.com\/\",\"name\":\"Apuntes de San Luis\",\"description\":\"\",\"publisher\":{\"@id\":\"https:\/\/apuntesdesanluis.com\/#\/schema\/person\/b55151d52296fcce64d1a72538a70b90\"},\"potentialAction\":[{\"@type\":\"SearchAction\",\"target\":{\"@type\":\"EntryPoint\",\"urlTemplate\":\"https:\/\/apuntesdesanluis.com\/?s={search_term_string}\"},\"query-input\":{\"@type\":\"PropertyValueSpecification\",\"valueRequired\":true,\"valueName\":\"search_term_string\"}}],\"inLanguage\":\"es-AR\"},{\"@type\":[\"Person\",\"Organization\"],\"@id\":\"https:\/\/apuntesdesanluis.com\/#\/schema\/person\/b55151d52296fcce64d1a72538a70b90\",\"name\":\"apuntesdesanluis.com\",\"image\":{\"@type\":\"ImageObject\",\"inLanguage\":\"es-AR\",\"@id\":\"https:\/\/apuntesdesanluis.com\/#\/schema\/person\/image\/\",\"url\":\"https:\/\/apuntesdesanluis.com\/wp-content\/uploads\/2023\/07\/cropped-apuntesdesanluis.png\",\"contentUrl\":\"https:\/\/apuntesdesanluis.com\/wp-content\/uploads\/2023\/07\/cropped-apuntesdesanluis.png\",\"width\":450,\"height\":112,\"caption\":\"apuntesdesanluis.com\"},\"logo\":{\"@id\":\"https:\/\/apuntesdesanluis.com\/#\/schema\/person\/image\/\"},\"sameAs\":[\"https:\/\/apuntesdesanluis.com\"],\"url\":\"https:\/\/apuntesdesanluis.com\/index.php\/author\/apuntesdesanluis-com\/\"}]}<\/script>\n<!-- \/ Yoast SEO plugin. -->","yoast_head_json":{"title":"ANTE LA SEQU\u00cdA DE DIVISAS, EL GOBIERNO DECIDI\u00d3 PRORROGAR EL D\u00d3LAR SOJA - Apuntes de San Luis","robots":{"index":"index","follow":"follow","max-snippet":"max-snippet:-1","max-image-preview":"max-image-preview:large","max-video-preview":"max-video-preview:-1"},"canonical":"https:\/\/apuntesdesanluis.com\/index.php\/2023\/09\/29\/ante-la-sequia-de-divisas-el-gobierno-decidio-prorrogar-el-dolar-soja\/","og_locale":"es_ES","og_type":"article","og_title":"ANTE LA SEQU\u00cdA DE DIVISAS, EL GOBIERNO DECIDI\u00d3 PRORROGAR EL D\u00d3LAR SOJA - Apuntes de San Luis","og_description":"Ante la sequ\u00eda de divisas en el Banco Central, el ministro de Econom\u00eda, Sergio Massa,...","og_url":"https:\/\/apuntesdesanluis.com\/index.php\/2023\/09\/29\/ante-la-sequia-de-divisas-el-gobierno-decidio-prorrogar-el-dolar-soja\/","og_site_name":"Apuntes de San Luis","article_published_time":"2023-09-29T21:47:07+00:00","og_image":[{"width":772,"height":485,"url":"https:\/\/apuntesdesanluis.com\/wp-content\/uploads\/2023\/08\/DOLAR-AGRO.png","type":"image\/png"}],"author":"apuntesdesanluis.com","twitter_card":"summary_large_image","twitter_misc":{"Escrito por":"apuntesdesanluis.com","Tiempo de lectura":"2 minutos"},"schema":{"@context":"https:\/\/schema.org","@graph":[{"@type":"Article","@id":"https:\/\/apuntesdesanluis.com\/index.php\/2023\/09\/29\/ante-la-sequia-de-divisas-el-gobierno-decidio-prorrogar-el-dolar-soja\/#article","isPartOf":{"@id":"https:\/\/apuntesdesanluis.com\/index.php\/2023\/09\/29\/ante-la-sequia-de-divisas-el-gobierno-decidio-prorrogar-el-dolar-soja\/"},"author":{"name":"apuntesdesanluis.com","@id":"https:\/\/apuntesdesanluis.com\/#\/schema\/person\/b55151d52296fcce64d1a72538a70b90"},"headline":"ANTE LA SEQU\u00cdA DE DIVISAS, EL GOBIERNO DECIDI\u00d3 PRORROGAR EL D\u00d3LAR SOJA","datePublished":"2023-09-29T21:47:07+00:00","mainEntityOfPage":{"@id":"https:\/\/apuntesdesanluis.com\/index.php\/2023\/09\/29\/ante-la-sequia-de-divisas-el-gobierno-decidio-prorrogar-el-dolar-soja\/"},"wordCount":338,"publisher":{"@id":"https:\/\/apuntesdesanluis.com\/#\/schema\/person\/b55151d52296fcce64d1a72538a70b90"},"image":{"@id":"https:\/\/apuntesdesanluis.com\/index.php\/2023\/09\/29\/ante-la-sequia-de-divisas-el-gobierno-decidio-prorrogar-el-dolar-soja\/#primaryimage"},"thumbnailUrl":"https:\/\/apuntesdesanluis.com\/wp-content\/uploads\/2023\/08\/DOLAR-AGRO.png","articleSection":["Nacionales\/Internacionales"],"inLanguage":"es-AR"},{"@type":"WebPage","@id":"https:\/\/apuntesdesanluis.com\/index.php\/2023\/09\/29\/ante-la-sequia-de-divisas-el-gobierno-decidio-prorrogar-el-dolar-soja\/","url":"https:\/\/apuntesdesanluis.com\/index.php\/2023\/09\/29\/ante-la-sequia-de-divisas-el-gobierno-decidio-prorrogar-el-dolar-soja\/","name":"ANTE LA SEQU\u00cdA DE DIVISAS, EL GOBIERNO DECIDI\u00d3 PRORROGAR EL D\u00d3LAR SOJA - Apuntes de San Luis","isPartOf":{"@id":"https:\/\/apuntesdesanluis.com\/#website"},"primaryImageOfPage":{"@id":"https:\/\/apuntesdesanluis.com\/index.php\/2023\/09\/29\/ante-la-sequia-de-divisas-el-gobierno-decidio-prorrogar-el-dolar-soja\/#primaryimage"},"image":{"@id":"https:\/\/apuntesdesanluis.com\/index.php\/2023\/09\/29\/ante-la-sequia-de-divisas-el-gobierno-decidio-prorrogar-el-dolar-soja\/#primaryimage"},"thumbnailUrl":"https:\/\/apuntesdesanluis.com\/wp-content\/uploads\/2023\/08\/DOLAR-AGRO.png","datePublished":"2023-09-29T21:47:07+00:00","breadcrumb":{"@id":"https:\/\/apuntesdesanluis.com\/index.php\/2023\/09\/29\/ante-la-sequia-de-divisas-el-gobierno-decidio-prorrogar-el-dolar-soja\/#breadcrumb"},"inLanguage":"es-AR","potentialAction":[{"@type":"ReadAction","target":["https:\/\/apuntesdesanluis.com\/index.php\/2023\/09\/29\/ante-la-sequia-de-divisas-el-gobierno-decidio-prorrogar-el-dolar-soja\/"]}]},{"@type":"ImageObject","inLanguage":"es-AR","@id":"https:\/\/apuntesdesanluis.com\/index.php\/2023\/09\/29\/ante-la-sequia-de-divisas-el-gobierno-decidio-prorrogar-el-dolar-soja\/#primaryimage","url":"https:\/\/apuntesdesanluis.com\/wp-content\/uploads\/2023\/08\/DOLAR-AGRO.png","contentUrl":"https:\/\/apuntesdesanluis.com\/wp-content\/uploads\/2023\/08\/DOLAR-AGRO.png","width":772,"height":485},{"@type":"BreadcrumbList","@id":"https:\/\/apuntesdesanluis.com\/index.php\/2023\/09\/29\/ante-la-sequia-de-divisas-el-gobierno-decidio-prorrogar-el-dolar-soja\/#breadcrumb","itemListElement":[{"@type":"ListItem","position":1,"name":"Inicio","item":"https:\/\/apuntesdesanluis.com\/"},{"@type":"ListItem","position":2,"name":"ANTE LA SEQU\u00cdA DE DIVISAS, EL GOBIERNO DECIDI\u00d3 PRORROGAR EL D\u00d3LAR SOJA"}]},{"@type":"WebSite","@id":"https:\/\/apuntesdesanluis.com\/#website","url":"https:\/\/apuntesdesanluis.com\/","name":"Apuntes de San Luis","description":"","publisher":{"@id":"https:\/\/apuntesdesanluis.com\/#\/schema\/person\/b55151d52296fcce64d1a72538a70b90"},"potentialAction":[{"@type":"SearchAction","target":{"@type":"EntryPoint","urlTemplate":"https:\/\/apuntesdesanluis.com\/?s={search_term_string}"},"query-input":{"@type":"PropertyValueSpecification","valueRequired":true,"valueName":"search_term_string"}}],"inLanguage":"es-AR"},{"@type":["Person","Organization"],"@id":"https:\/\/apuntesdesanluis.com\/#\/schema\/person\/b55151d52296fcce64d1a72538a70b90","name":"apuntesdesanluis.com","image":{"@type":"ImageObject","inLanguage":"es-AR","@id":"https:\/\/apuntesdesanluis.com\/#\/schema\/person\/image\/","url":"https:\/\/apuntesdesanluis.com\/wp-content\/uploads\/2023\/07\/cropped-apuntesdesanluis.png","contentUrl":"https:\/\/apuntesdesanluis.com\/wp-content\/uploads\/2023\/07\/cropped-apuntesdesanluis.png","width":450,"height":112,"caption":"apuntesdesanluis.com"},"logo":{"@id":"https:\/\/apuntesdesanluis.com\/#\/schema\/person\/image\/"},"sameAs":["https:\/\/apuntesdesanluis.com"],"url":"https:\/\/apuntesdesanluis.com\/index.php\/author\/apuntesdesanluis-com\/"}]}},"featured_image_urls":{"full":["https:\/\/apuntesdesanluis.com\/wp-content\/uploads\/2023\/08\/DOLAR-AGRO.png",772,485,false],"thumbnail":["https:\/\/apuntesdesanluis.com\/wp-content\/uploads\/2023\/08\/DOLAR-AGRO-150x150.png",150,150,true],"medium":["https:\/\/apuntesdesanluis.com\/wp-content\/uploads\/2023\/08\/DOLAR-AGRO-300x188.png",300,188,true],"medium_large":["https:\/\/apuntesdesanluis.com\/wp-content\/uploads\/2023\/08\/DOLAR-AGRO-768x482.png",640,402,true],"large":["https:\/\/apuntesdesanluis.com\/wp-content\/uploads\/2023\/08\/DOLAR-AGRO.png",640,402,false],"1536x1536":["https:\/\/apuntesdesanluis.com\/wp-content\/uploads\/2023\/08\/DOLAR-AGRO.png",772,485,false],"2048x2048":["https:\/\/apuntesdesanluis.com\/wp-content\/uploads\/2023\/08\/DOLAR-AGRO.png",772,485,false],"newsever-slider-full":["https:\/\/apuntesdesanluis.com\/wp-content\/uploads\/2023\/08\/DOLAR-AGRO.png",772,485,false],"newsever-featured":["https:\/\/apuntesdesanluis.com\/wp-content\/uploads\/2023\/08\/DOLAR-AGRO.png",772,485,false],"newsever-medium":["https:\/\/apuntesdesanluis.com\/wp-content\/uploads\/2023\/08\/DOLAR-AGRO-720x475.png",720,475,true]},"author_info":{"display_name":"apuntesdesanluis.com","author_link":"https:\/\/apuntesdesanluis.com\/index.php\/author\/apuntesdesanluis-com\/"},"category_info":"<a href=\"https:\/\/apuntesdesanluis.com\/index.php\/category\/nacionales-internacionales\/\" rel=\"category tag\">Nacionales\/Internacionales<\/a>","tag_info":"Nacionales\/Internacionales","comment_count":"0","_links":{"self":[{"href":"https:\/\/apuntesdesanluis.com\/index.php\/wp-json\/wp\/v2\/posts\/4316","targetHints":{"allow":["GET"]}}],"collection":[{"href":"https:\/\/apuntesdesanluis.com\/index.php\/wp-json\/wp\/v2\/posts"}],"about":[{"href":"https:\/\/apuntesdesanluis.com\/index.php\/wp-json\/wp\/v2\/types\/post"}],"author":[{"embeddable":true,"href":"https:\/\/apuntesdesanluis.com\/index.php\/wp-json\/wp\/v2\/users\/1"}],"replies":[{"embeddable":true,"href":"https:\/\/apuntesdesanluis.com\/index.php\/wp-json\/wp\/v2\/comments?post=4316"}],"version-history":[{"count":1,"href":"https:\/\/apuntesdesanluis.com\/index.php\/wp-json\/wp\/v2\/posts\/4316\/revisions"}],"predecessor-version":[{"id":4317,"href":"https:\/\/apuntesdesanluis.com\/index.php\/wp-json\/wp\/v2\/posts\/4316\/revisions\/4317"}],"wp:featuredmedia":[{"embeddable":true,"href":"https:\/\/apuntesdesanluis.com\/index.php\/wp-json\/wp\/v2\/media\/1080"}],"wp:attachment":[{"href":"https:\/\/apuntesdesanluis.com\/index.php\/wp-json\/wp\/v2\/media?parent=4316"}],"wp:term":[{"taxonomy":"category","embeddable":true,"href":"https:\/\/apuntesdesanluis.com\/index.php\/wp-json\/wp\/v2\/categories?post=4316"},{"taxonomy":"post_tag","embeddable":true,"href":"https:\/\/apuntesdesanluis.com\/index.php\/wp-json\/wp\/v2\/tags?post=4316"}],"curies":[{"name":"wp","href":"https:\/\/api.w.org\/{rel}","templated":true}]}}