{"id":4361,"date":"2023-10-01T12:22:28","date_gmt":"2023-10-01T15:22:28","guid":{"rendered":"https:\/\/apuntesdesanluis.com\/?p=4361"},"modified":"2023-10-01T12:32:46","modified_gmt":"2023-10-01T15:32:46","slug":"un-incendio-en-una-zona-de-discotecas-de-murcia-deja-al-menos-13-muertos-y-varios-heridos","status":"publish","type":"post","link":"https:\/\/apuntesdesanluis.com\/index.php\/2023\/10\/01\/un-incendio-en-una-zona-de-discotecas-de-murcia-deja-al-menos-13-muertos-y-varios-heridos\/","title":{"rendered":"UN INCENDIO EN UNA ZONA DE DISCOTECAS DE MURCIA DEJA AL MENOS 13 MUERTOS Y VARIOS HERIDOS"},"content":{"rendered":"<h3>El Centro de Coordinaci\u00f3n de Emergencias ha confirmado el fallecimiento de 13 personas en el incendio declarado a primera hora de esta ma\u00f1ana en una conocida discoteca de la zona de ocio Atalayas, en Murcia (Espa\u00f1a). Se sospecha que podr\u00edan aparecer m\u00e1s cad\u00e1veres en el interior del local. Hasta el momento se desconocen las causas que iniciaron el siniestro.<\/h3>\n<h3>Antes del inicio de la b\u00fasqueda hab\u00eda ocho personas desaparecidas de un grupo de amigos que celebraba un cumplea\u00f1os.<\/h3>\n<h3>El Director General de Seguridad y Emergencias, Ricardo Villalba, se encuentra en el lugar coordinando con el Ayuntamiento de Murcia los medios necesarios para la gesti\u00f3n de esta tragedia. Se espera la llegada a la zona del Vicepresidente y Consejero de Interior, Emergencias y Ordenaci\u00f3n del Territorio, Jose \u00c1ngel Antelo.<\/h3>\n<h3>Una vez extinguido el incendio declarado, los esfuerzos se est\u00e1n destinando en localizar a varias personas, cuatro de ellas han fallecido, otras se encuentran en paradero desconocido. Asimismo, hay que recordar que, hasta el momento, cuatro personas, dos mujeres de 22 y 25 y dos hombres de 41 y 45 a\u00f1os, han resultado heridas por inhalaci\u00f3n de humo.<\/h3>\n<p><img fetchpriority=\"high\" decoding=\"async\" class=\"wp-image-4363 aligncenter\" src=\"https:\/\/apuntesdesanluis.com\/wp-content\/uploads\/2023\/10\/incendio-dia-300x166.png\" alt=\"\" width=\"678\" height=\"375\" srcset=\"https:\/\/apuntesdesanluis.com\/wp-content\/uploads\/2023\/10\/incendio-dia-300x166.png 300w, https:\/\/apuntesdesanluis.com\/wp-content\/uploads\/2023\/10\/incendio-dia.png 600w\" sizes=\"(max-width: 678px) 100vw, 678px\" \/><\/p>\n<h3>Al lugar se hab\u00edan desplazado varias dotaciones de bomberos del Servicio de Extinci\u00f3n de Incendios y Salvamento (SEIS) del Ayuntamiento de Murcia intentando sofocar el fuego. Los bomberos ped\u00edan la intervenci\u00f3n del helic\u00f3ptero de la Direcci\u00f3n General de Seguridad y Emergencias.<\/h3>\n<h3>Tambi\u00e9n se hab\u00edan desplazado hasta la zona ambulancias medicalizadas y de transporte de la Gerencia de Emergencias y Urgencias Sanitarias del \u2018061\u2032, para atender a los heridos, que han sido cuatro, dos de ellos han sido traslados al hospital.<\/h3>\n<h3>A las 9.00 horas, el helic\u00f3ptero que la Direcci\u00f3n General de Seguridad y Emergencias, que se ha puesto a disposici\u00f3n de los bomberos del SEIS, no ha tenido que intervenir, puesto que los medios terrestres han sido suficientes para sofocar el incendio.<\/h3>\n<p><iframe title=\"MURCIA | Un incendio en varias discotecas causa al menos 13 muertos | EL PA\u00cdS\" width=\"640\" height=\"360\" src=\"https:\/\/www.youtube.com\/embed\/imCdkoIVZcg?feature=oembed\" frameborder=\"0\" allow=\"accelerometer; autoplay; clipboard-write; encrypted-media; gyroscope; picture-in-picture; web-share\" referrerpolicy=\"strict-origin-when-cross-origin\" allowfullscreen><\/iframe><\/p>\n<p>&nbsp;<\/p>\n<h3><strong>\u201cMAMI, LA AMO, VAMOS A MORIR\u201d<\/strong><\/h3>\n<h3>All\u00ed se encuentra un hombre llamado Jairo, padre de una chica de 28 a\u00f1os que est\u00e1 desaparecida. Seg\u00fan ha desvelado a los medios, la joven se encontraba con su pareja y otros amigos de Caravaca de la Cruz, donde residen. Visiblemente afectado, ha narrado que su hija mand\u00f3 un audio a su madre poco despu\u00e9s de que comenzara el fuego.<\/h3>\n<h3>\u00a0\u201cNos envi\u00f3 un audio. Le alcanz\u00f3 para despedirse\u201d, ha relatado, para despu\u00e9s reproducir directamente el mensaje de voz que lleg\u00f3 a su tel\u00e9fono cerca de las seis de la ma\u00f1ana, en el mismo se la escucha decir: \u201cMami la amo, vamos a morir. Mami, la amo\u201d. Adem\u00e1s, se oyen gritos de fondo, gente con dificultades para respirar y una desesperada petici\u00f3n, \u201c\u00a1dadle a la luz!\u201d. Cabe se\u00f1alar que durante el incendio se cort\u00f3 el suministro el\u00e9ctrico de los locales.<\/h3>\n<p><iframe title=\"El audio de una chica a su madre desde la discoteca de Murcia: \u201cMami, la amo, vamos a morir\u201d\" width=\"640\" height=\"360\" src=\"https:\/\/www.youtube.com\/embed\/aDpZQWKZVMw?feature=oembed\" frameborder=\"0\" allow=\"accelerometer; autoplay; clipboard-write; encrypted-media; gyroscope; picture-in-picture; web-share\" referrerpolicy=\"strict-origin-when-cross-origin\" allowfullscreen><\/iframe><\/p>\n","protected":false},"excerpt":{"rendered":"<p>El Centro de Coordinaci\u00f3n de Emergencias ha confirmado el fallecimiento de 13 personas en el&#8230;<\/p>\n","protected":false},"author":1,"featured_media":4362,"comment_status":"closed","ping_status":"closed","sticky":false,"template":"","format":"standard","meta":{"footnotes":""},"categories":[5],"tags":[],"class_list":["post-4361","post","type-post","status-publish","format-standard","has-post-thumbnail","hentry","category-nacionales-internacionales"],"yoast_head":"<!-- This site is optimized with the Yoast SEO plugin v26.1.1 - https:\/\/yoast.com\/wordpress\/plugins\/seo\/ -->\n<title>UN INCENDIO EN UNA ZONA DE DISCOTECAS DE MURCIA DEJA AL MENOS 13 MUERTOS Y VARIOS HERIDOS - Apuntes de San Luis<\/title>\n<meta name=\"robots\" content=\"index, follow, max-snippet:-1, max-image-preview:large, max-video-preview:-1\" \/>\n<link rel=\"canonical\" href=\"https:\/\/apuntesdesanluis.com\/index.php\/2023\/10\/01\/un-incendio-en-una-zona-de-discotecas-de-murcia-deja-al-menos-13-muertos-y-varios-heridos\/\" \/>\n<meta property=\"og:locale\" content=\"es_ES\" \/>\n<meta property=\"og:type\" content=\"article\" \/>\n<meta property=\"og:title\" content=\"UN INCENDIO EN UNA ZONA DE DISCOTECAS DE MURCIA DEJA AL MENOS 13 MUERTOS Y VARIOS HERIDOS - Apuntes de San Luis\" \/>\n<meta property=\"og:description\" content=\"El Centro de Coordinaci\u00f3n de Emergencias ha confirmado el fallecimiento de 13 personas en el...\" \/>\n<meta property=\"og:url\" content=\"https:\/\/apuntesdesanluis.com\/index.php\/2023\/10\/01\/un-incendio-en-una-zona-de-discotecas-de-murcia-deja-al-menos-13-muertos-y-varios-heridos\/\" \/>\n<meta property=\"og:site_name\" content=\"Apuntes de San Luis\" \/>\n<meta property=\"article:published_time\" content=\"2023-10-01T15:22:28+00:00\" \/>\n<meta property=\"article:modified_time\" content=\"2023-10-01T15:32:46+00:00\" \/>\n<meta property=\"og:image\" content=\"https:\/\/apuntesdesanluis.com\/wp-content\/uploads\/2023\/10\/incendio.png\" \/>\n\t<meta property=\"og:image:width\" content=\"625\" \/>\n\t<meta property=\"og:image:height\" content=\"375\" \/>\n\t<meta property=\"og:image:type\" content=\"image\/png\" \/>\n<meta name=\"author\" content=\"apuntesdesanluis.com\" \/>\n<meta name=\"twitter:card\" content=\"summary_large_image\" \/>\n<meta name=\"twitter:label1\" content=\"Escrito por\" \/>\n\t<meta name=\"twitter:data1\" content=\"apuntesdesanluis.com\" \/>\n\t<meta name=\"twitter:label2\" content=\"Tiempo de lectura\" \/>\n\t<meta name=\"twitter:data2\" content=\"3 minutos\" \/>\n<script type=\"application\/ld+json\" class=\"yoast-schema-graph\">{\"@context\":\"https:\/\/schema.org\",\"@graph\":[{\"@type\":\"Article\",\"@id\":\"https:\/\/apuntesdesanluis.com\/index.php\/2023\/10\/01\/un-incendio-en-una-zona-de-discotecas-de-murcia-deja-al-menos-13-muertos-y-varios-heridos\/#article\",\"isPartOf\":{\"@id\":\"https:\/\/apuntesdesanluis.com\/index.php\/2023\/10\/01\/un-incendio-en-una-zona-de-discotecas-de-murcia-deja-al-menos-13-muertos-y-varios-heridos\/\"},\"author\":{\"name\":\"apuntesdesanluis.com\",\"@id\":\"https:\/\/apuntesdesanluis.com\/#\/schema\/person\/b55151d52296fcce64d1a72538a70b90\"},\"headline\":\"UN INCENDIO EN UNA ZONA DE DISCOTECAS DE MURCIA DEJA AL MENOS 13 MUERTOS Y VARIOS HERIDOS\",\"datePublished\":\"2023-10-01T15:22:28+00:00\",\"dateModified\":\"2023-10-01T15:32:46+00:00\",\"mainEntityOfPage\":{\"@id\":\"https:\/\/apuntesdesanluis.com\/index.php\/2023\/10\/01\/un-incendio-en-una-zona-de-discotecas-de-murcia-deja-al-menos-13-muertos-y-varios-heridos\/\"},\"wordCount\":515,\"publisher\":{\"@id\":\"https:\/\/apuntesdesanluis.com\/#\/schema\/person\/b55151d52296fcce64d1a72538a70b90\"},\"image\":{\"@id\":\"https:\/\/apuntesdesanluis.com\/index.php\/2023\/10\/01\/un-incendio-en-una-zona-de-discotecas-de-murcia-deja-al-menos-13-muertos-y-varios-heridos\/#primaryimage\"},\"thumbnailUrl\":\"https:\/\/apuntesdesanluis.com\/wp-content\/uploads\/2023\/10\/incendio.png\",\"articleSection\":[\"Nacionales\/Internacionales\"],\"inLanguage\":\"es-AR\"},{\"@type\":\"WebPage\",\"@id\":\"https:\/\/apuntesdesanluis.com\/index.php\/2023\/10\/01\/un-incendio-en-una-zona-de-discotecas-de-murcia-deja-al-menos-13-muertos-y-varios-heridos\/\",\"url\":\"https:\/\/apuntesdesanluis.com\/index.php\/2023\/10\/01\/un-incendio-en-una-zona-de-discotecas-de-murcia-deja-al-menos-13-muertos-y-varios-heridos\/\",\"name\":\"UN INCENDIO EN UNA ZONA DE DISCOTECAS DE MURCIA DEJA AL MENOS 13 MUERTOS Y VARIOS HERIDOS - Apuntes de San Luis\",\"isPartOf\":{\"@id\":\"https:\/\/apuntesdesanluis.com\/#website\"},\"primaryImageOfPage\":{\"@id\":\"https:\/\/apuntesdesanluis.com\/index.php\/2023\/10\/01\/un-incendio-en-una-zona-de-discotecas-de-murcia-deja-al-menos-13-muertos-y-varios-heridos\/#primaryimage\"},\"image\":{\"@id\":\"https:\/\/apuntesdesanluis.com\/index.php\/2023\/10\/01\/un-incendio-en-una-zona-de-discotecas-de-murcia-deja-al-menos-13-muertos-y-varios-heridos\/#primaryimage\"},\"thumbnailUrl\":\"https:\/\/apuntesdesanluis.com\/wp-content\/uploads\/2023\/10\/incendio.png\",\"datePublished\":\"2023-10-01T15:22:28+00:00\",\"dateModified\":\"2023-10-01T15:32:46+00:00\",\"breadcrumb\":{\"@id\":\"https:\/\/apuntesdesanluis.com\/index.php\/2023\/10\/01\/un-incendio-en-una-zona-de-discotecas-de-murcia-deja-al-menos-13-muertos-y-varios-heridos\/#breadcrumb\"},\"inLanguage\":\"es-AR\",\"potentialAction\":[{\"@type\":\"ReadAction\",\"target\":[\"https:\/\/apuntesdesanluis.com\/index.php\/2023\/10\/01\/un-incendio-en-una-zona-de-discotecas-de-murcia-deja-al-menos-13-muertos-y-varios-heridos\/\"]}]},{\"@type\":\"ImageObject\",\"inLanguage\":\"es-AR\",\"@id\":\"https:\/\/apuntesdesanluis.com\/index.php\/2023\/10\/01\/un-incendio-en-una-zona-de-discotecas-de-murcia-deja-al-menos-13-muertos-y-varios-heridos\/#primaryimage\",\"url\":\"https:\/\/apuntesdesanluis.com\/wp-content\/uploads\/2023\/10\/incendio.png\",\"contentUrl\":\"https:\/\/apuntesdesanluis.com\/wp-content\/uploads\/2023\/10\/incendio.png\",\"width\":625,\"height\":375},{\"@type\":\"BreadcrumbList\",\"@id\":\"https:\/\/apuntesdesanluis.com\/index.php\/2023\/10\/01\/un-incendio-en-una-zona-de-discotecas-de-murcia-deja-al-menos-13-muertos-y-varios-heridos\/#breadcrumb\",\"itemListElement\":[{\"@type\":\"ListItem\",\"position\":1,\"name\":\"Inicio\",\"item\":\"https:\/\/apuntesdesanluis.com\/\"},{\"@type\":\"ListItem\",\"position\":2,\"name\":\"UN INCENDIO EN UNA ZONA DE DISCOTECAS DE MURCIA DEJA AL MENOS 13 MUERTOS Y VARIOS HERIDOS\"}]},{\"@type\":\"WebSite\",\"@id\":\"https:\/\/apuntesdesanluis.com\/#website\",\"url\":\"https:\/\/apuntesdesanluis.com\/\",\"name\":\"Apuntes de San Luis\",\"description\":\"\",\"publisher\":{\"@id\":\"https:\/\/apuntesdesanluis.com\/#\/schema\/person\/b55151d52296fcce64d1a72538a70b90\"},\"potentialAction\":[{\"@type\":\"SearchAction\",\"target\":{\"@type\":\"EntryPoint\",\"urlTemplate\":\"https:\/\/apuntesdesanluis.com\/?s={search_term_string}\"},\"query-input\":{\"@type\":\"PropertyValueSpecification\",\"valueRequired\":true,\"valueName\":\"search_term_string\"}}],\"inLanguage\":\"es-AR\"},{\"@type\":[\"Person\",\"Organization\"],\"@id\":\"https:\/\/apuntesdesanluis.com\/#\/schema\/person\/b55151d52296fcce64d1a72538a70b90\",\"name\":\"apuntesdesanluis.com\",\"image\":{\"@type\":\"ImageObject\",\"inLanguage\":\"es-AR\",\"@id\":\"https:\/\/apuntesdesanluis.com\/#\/schema\/person\/image\/\",\"url\":\"https:\/\/apuntesdesanluis.com\/wp-content\/uploads\/2023\/07\/cropped-apuntesdesanluis.png\",\"contentUrl\":\"https:\/\/apuntesdesanluis.com\/wp-content\/uploads\/2023\/07\/cropped-apuntesdesanluis.png\",\"width\":450,\"height\":112,\"caption\":\"apuntesdesanluis.com\"},\"logo\":{\"@id\":\"https:\/\/apuntesdesanluis.com\/#\/schema\/person\/image\/\"},\"sameAs\":[\"https:\/\/apuntesdesanluis.com\"],\"url\":\"https:\/\/apuntesdesanluis.com\/index.php\/author\/apuntesdesanluis-com\/\"}]}<\/script>\n<!-- \/ Yoast SEO plugin. -->","yoast_head_json":{"title":"UN INCENDIO EN UNA ZONA DE DISCOTECAS DE MURCIA DEJA AL MENOS 13 MUERTOS Y VARIOS HERIDOS - Apuntes de San Luis","robots":{"index":"index","follow":"follow","max-snippet":"max-snippet:-1","max-image-preview":"max-image-preview:large","max-video-preview":"max-video-preview:-1"},"canonical":"https:\/\/apuntesdesanluis.com\/index.php\/2023\/10\/01\/un-incendio-en-una-zona-de-discotecas-de-murcia-deja-al-menos-13-muertos-y-varios-heridos\/","og_locale":"es_ES","og_type":"article","og_title":"UN INCENDIO EN UNA ZONA DE DISCOTECAS DE MURCIA DEJA AL MENOS 13 MUERTOS Y VARIOS HERIDOS - Apuntes de San Luis","og_description":"El Centro de Coordinaci\u00f3n de Emergencias ha confirmado el fallecimiento de 13 personas en el...","og_url":"https:\/\/apuntesdesanluis.com\/index.php\/2023\/10\/01\/un-incendio-en-una-zona-de-discotecas-de-murcia-deja-al-menos-13-muertos-y-varios-heridos\/","og_site_name":"Apuntes de San Luis","article_published_time":"2023-10-01T15:22:28+00:00","article_modified_time":"2023-10-01T15:32:46+00:00","og_image":[{"width":625,"height":375,"url":"https:\/\/apuntesdesanluis.com\/wp-content\/uploads\/2023\/10\/incendio.png","type":"image\/png"}],"author":"apuntesdesanluis.com","twitter_card":"summary_large_image","twitter_misc":{"Escrito por":"apuntesdesanluis.com","Tiempo de lectura":"3 minutos"},"schema":{"@context":"https:\/\/schema.org","@graph":[{"@type":"Article","@id":"https:\/\/apuntesdesanluis.com\/index.php\/2023\/10\/01\/un-incendio-en-una-zona-de-discotecas-de-murcia-deja-al-menos-13-muertos-y-varios-heridos\/#article","isPartOf":{"@id":"https:\/\/apuntesdesanluis.com\/index.php\/2023\/10\/01\/un-incendio-en-una-zona-de-discotecas-de-murcia-deja-al-menos-13-muertos-y-varios-heridos\/"},"author":{"name":"apuntesdesanluis.com","@id":"https:\/\/apuntesdesanluis.com\/#\/schema\/person\/b55151d52296fcce64d1a72538a70b90"},"headline":"UN INCENDIO EN UNA ZONA DE DISCOTECAS DE MURCIA DEJA AL MENOS 13 MUERTOS Y VARIOS HERIDOS","datePublished":"2023-10-01T15:22:28+00:00","dateModified":"2023-10-01T15:32:46+00:00","mainEntityOfPage":{"@id":"https:\/\/apuntesdesanluis.com\/index.php\/2023\/10\/01\/un-incendio-en-una-zona-de-discotecas-de-murcia-deja-al-menos-13-muertos-y-varios-heridos\/"},"wordCount":515,"publisher":{"@id":"https:\/\/apuntesdesanluis.com\/#\/schema\/person\/b55151d52296fcce64d1a72538a70b90"},"image":{"@id":"https:\/\/apuntesdesanluis.com\/index.php\/2023\/10\/01\/un-incendio-en-una-zona-de-discotecas-de-murcia-deja-al-menos-13-muertos-y-varios-heridos\/#primaryimage"},"thumbnailUrl":"https:\/\/apuntesdesanluis.com\/wp-content\/uploads\/2023\/10\/incendio.png","articleSection":["Nacionales\/Internacionales"],"inLanguage":"es-AR"},{"@type":"WebPage","@id":"https:\/\/apuntesdesanluis.com\/index.php\/2023\/10\/01\/un-incendio-en-una-zona-de-discotecas-de-murcia-deja-al-menos-13-muertos-y-varios-heridos\/","url":"https:\/\/apuntesdesanluis.com\/index.php\/2023\/10\/01\/un-incendio-en-una-zona-de-discotecas-de-murcia-deja-al-menos-13-muertos-y-varios-heridos\/","name":"UN INCENDIO EN UNA ZONA DE DISCOTECAS DE MURCIA DEJA AL MENOS 13 MUERTOS Y VARIOS HERIDOS - Apuntes de San Luis","isPartOf":{"@id":"https:\/\/apuntesdesanluis.com\/#website"},"primaryImageOfPage":{"@id":"https:\/\/apuntesdesanluis.com\/index.php\/2023\/10\/01\/un-incendio-en-una-zona-de-discotecas-de-murcia-deja-al-menos-13-muertos-y-varios-heridos\/#primaryimage"},"image":{"@id":"https:\/\/apuntesdesanluis.com\/index.php\/2023\/10\/01\/un-incendio-en-una-zona-de-discotecas-de-murcia-deja-al-menos-13-muertos-y-varios-heridos\/#primaryimage"},"thumbnailUrl":"https:\/\/apuntesdesanluis.com\/wp-content\/uploads\/2023\/10\/incendio.png","datePublished":"2023-10-01T15:22:28+00:00","dateModified":"2023-10-01T15:32:46+00:00","breadcrumb":{"@id":"https:\/\/apuntesdesanluis.com\/index.php\/2023\/10\/01\/un-incendio-en-una-zona-de-discotecas-de-murcia-deja-al-menos-13-muertos-y-varios-heridos\/#breadcrumb"},"inLanguage":"es-AR","potentialAction":[{"@type":"ReadAction","target":["https:\/\/apuntesdesanluis.com\/index.php\/2023\/10\/01\/un-incendio-en-una-zona-de-discotecas-de-murcia-deja-al-menos-13-muertos-y-varios-heridos\/"]}]},{"@type":"ImageObject","inLanguage":"es-AR","@id":"https:\/\/apuntesdesanluis.com\/index.php\/2023\/10\/01\/un-incendio-en-una-zona-de-discotecas-de-murcia-deja-al-menos-13-muertos-y-varios-heridos\/#primaryimage","url":"https:\/\/apuntesdesanluis.com\/wp-content\/uploads\/2023\/10\/incendio.png","contentUrl":"https:\/\/apuntesdesanluis.com\/wp-content\/uploads\/2023\/10\/incendio.png","width":625,"height":375},{"@type":"BreadcrumbList","@id":"https:\/\/apuntesdesanluis.com\/index.php\/2023\/10\/01\/un-incendio-en-una-zona-de-discotecas-de-murcia-deja-al-menos-13-muertos-y-varios-heridos\/#breadcrumb","itemListElement":[{"@type":"ListItem","position":1,"name":"Inicio","item":"https:\/\/apuntesdesanluis.com\/"},{"@type":"ListItem","position":2,"name":"UN INCENDIO EN UNA ZONA DE DISCOTECAS DE MURCIA DEJA AL MENOS 13 MUERTOS Y VARIOS HERIDOS"}]},{"@type":"WebSite","@id":"https:\/\/apuntesdesanluis.com\/#website","url":"https:\/\/apuntesdesanluis.com\/","name":"Apuntes de San Luis","description":"","publisher":{"@id":"https:\/\/apuntesdesanluis.com\/#\/schema\/person\/b55151d52296fcce64d1a72538a70b90"},"potentialAction":[{"@type":"SearchAction","target":{"@type":"EntryPoint","urlTemplate":"https:\/\/apuntesdesanluis.com\/?s={search_term_string}"},"query-input":{"@type":"PropertyValueSpecification","valueRequired":true,"valueName":"search_term_string"}}],"inLanguage":"es-AR"},{"@type":["Person","Organization"],"@id":"https:\/\/apuntesdesanluis.com\/#\/schema\/person\/b55151d52296fcce64d1a72538a70b90","name":"apuntesdesanluis.com","image":{"@type":"ImageObject","inLanguage":"es-AR","@id":"https:\/\/apuntesdesanluis.com\/#\/schema\/person\/image\/","url":"https:\/\/apuntesdesanluis.com\/wp-content\/uploads\/2023\/07\/cropped-apuntesdesanluis.png","contentUrl":"https:\/\/apuntesdesanluis.com\/wp-content\/uploads\/2023\/07\/cropped-apuntesdesanluis.png","width":450,"height":112,"caption":"apuntesdesanluis.com"},"logo":{"@id":"https:\/\/apuntesdesanluis.com\/#\/schema\/person\/image\/"},"sameAs":["https:\/\/apuntesdesanluis.com"],"url":"https:\/\/apuntesdesanluis.com\/index.php\/author\/apuntesdesanluis-com\/"}]}},"featured_image_urls":{"full":["https:\/\/apuntesdesanluis.com\/wp-content\/uploads\/2023\/10\/incendio.png",625,375,false],"thumbnail":["https:\/\/apuntesdesanluis.com\/wp-content\/uploads\/2023\/10\/incendio-150x150.png",150,150,true],"medium":["https:\/\/apuntesdesanluis.com\/wp-content\/uploads\/2023\/10\/incendio-300x180.png",300,180,true],"medium_large":["https:\/\/apuntesdesanluis.com\/wp-content\/uploads\/2023\/10\/incendio.png",625,375,false],"large":["https:\/\/apuntesdesanluis.com\/wp-content\/uploads\/2023\/10\/incendio.png",625,375,false],"1536x1536":["https:\/\/apuntesdesanluis.com\/wp-content\/uploads\/2023\/10\/incendio.png",625,375,false],"2048x2048":["https:\/\/apuntesdesanluis.com\/wp-content\/uploads\/2023\/10\/incendio.png",625,375,false],"newsever-slider-full":["https:\/\/apuntesdesanluis.com\/wp-content\/uploads\/2023\/10\/incendio.png",625,375,false],"newsever-featured":["https:\/\/apuntesdesanluis.com\/wp-content\/uploads\/2023\/10\/incendio.png",625,375,false],"newsever-medium":["https:\/\/apuntesdesanluis.com\/wp-content\/uploads\/2023\/10\/incendio.png",625,375,false]},"author_info":{"display_name":"apuntesdesanluis.com","author_link":"https:\/\/apuntesdesanluis.com\/index.php\/author\/apuntesdesanluis-com\/"},"category_info":"<a href=\"https:\/\/apuntesdesanluis.com\/index.php\/category\/nacionales-internacionales\/\" rel=\"category tag\">Nacionales\/Internacionales<\/a>","tag_info":"Nacionales\/Internacionales","comment_count":"0","_links":{"self":[{"href":"https:\/\/apuntesdesanluis.com\/index.php\/wp-json\/wp\/v2\/posts\/4361","targetHints":{"allow":["GET"]}}],"collection":[{"href":"https:\/\/apuntesdesanluis.com\/index.php\/wp-json\/wp\/v2\/posts"}],"about":[{"href":"https:\/\/apuntesdesanluis.com\/index.php\/wp-json\/wp\/v2\/types\/post"}],"author":[{"embeddable":true,"href":"https:\/\/apuntesdesanluis.com\/index.php\/wp-json\/wp\/v2\/users\/1"}],"replies":[{"embeddable":true,"href":"https:\/\/apuntesdesanluis.com\/index.php\/wp-json\/wp\/v2\/comments?post=4361"}],"version-history":[{"count":4,"href":"https:\/\/apuntesdesanluis.com\/index.php\/wp-json\/wp\/v2\/posts\/4361\/revisions"}],"predecessor-version":[{"id":4368,"href":"https:\/\/apuntesdesanluis.com\/index.php\/wp-json\/wp\/v2\/posts\/4361\/revisions\/4368"}],"wp:featuredmedia":[{"embeddable":true,"href":"https:\/\/apuntesdesanluis.com\/index.php\/wp-json\/wp\/v2\/media\/4362"}],"wp:attachment":[{"href":"https:\/\/apuntesdesanluis.com\/index.php\/wp-json\/wp\/v2\/media?parent=4361"}],"wp:term":[{"taxonomy":"category","embeddable":true,"href":"https:\/\/apuntesdesanluis.com\/index.php\/wp-json\/wp\/v2\/categories?post=4361"},{"taxonomy":"post_tag","embeddable":true,"href":"https:\/\/apuntesdesanluis.com\/index.php\/wp-json\/wp\/v2\/tags?post=4361"}],"curies":[{"name":"wp","href":"https:\/\/api.w.org\/{rel}","templated":true}]}}