{"id":4401,"date":"2023-10-01T23:44:42","date_gmt":"2023-10-02T02:44:42","guid":{"rendered":"https:\/\/apuntesdesanluis.com\/?p=4401"},"modified":"2023-10-02T08:30:18","modified_gmt":"2023-10-02T11:30:18","slug":"la-semana-empieza-calurosa-pero-luego-disminuye-la-temperatura","status":"publish","type":"post","link":"https:\/\/apuntesdesanluis.com\/index.php\/2023\/10\/01\/la-semana-empieza-calurosa-pero-luego-disminuye-la-temperatura\/","title":{"rendered":"LA SEMANA EMPIEZA CALUROSA Y CON CIERTA INESTABILIDAD"},"content":{"rendered":"<h3>As\u00ed lo anticip\u00f3 este domingo la <strong>Red de Estaciones Meteorol\u00f3gicas<\/strong> de la provincia, indicando adem\u00e1s que continuar\u00e1n los molestos vientos.<\/h3>\n<h3><strong>LUNES 02<\/strong><\/h3>\n<h3>Este lunes ser\u00e1 una jornada calurosa, ventosa y con alguna chance de precipitaciones.<br \/>\nEl cielo estar\u00e1 por la ma\u00f1ana con nubosidad tipo alta y despu\u00e9s del mediod\u00eda con una cobertura parcial. Pasada la mitad de la tarde hay chances del lluvias y lloviznas aisladas que se ver\u00e1n potenciadas hacia la noche y sobre todo en la madrugada del martes con probables tormentas aisladas<br \/>\nLas temperaturas m\u00ednimas promediar\u00e1n los 10\u00b0C, en tanto que las m\u00e1ximas lo har\u00e1n en torno a los 29\u00b0C.<br \/>\nEl viento desde las primeras horas ser\u00e1 de leve a fuerte (12 a 49 km\/h) del cuadrante norte especialmente en la regi\u00f3n hom\u00f3nima donde las r\u00e1fagas superar\u00e1n los 70 km\/h. Desde media ma\u00f1ana en la mitad sur de la provincia entrar\u00e1 viento del cuadrante sur que por la tarde circular\u00e1 por toda la provincia con velocidad similar.<\/h3>\n<p><img fetchpriority=\"high\" decoding=\"async\" class=\"wp-image-4405 aligncenter\" src=\"https:\/\/apuntesdesanluis.com\/wp-content\/uploads\/2023\/10\/lunes-2-300x300.jpg\" alt=\"\" width=\"752\" height=\"752\" srcset=\"https:\/\/apuntesdesanluis.com\/wp-content\/uploads\/2023\/10\/lunes-2-300x300.jpg 300w, https:\/\/apuntesdesanluis.com\/wp-content\/uploads\/2023\/10\/lunes-2-150x150.jpg 150w, https:\/\/apuntesdesanluis.com\/wp-content\/uploads\/2023\/10\/lunes-2.jpg 600w\" sizes=\"(max-width: 752px) 100vw, 752px\" \/><\/p>\n<h3><strong>MARTES 03<\/strong><\/h3>\n<h3>Jornada algo ventosa con marcado descenso de las temperaturas. El cielo estar\u00e1 entre parcialmente nublado a nublado con precipitaciones. En promedio, se esperan m\u00ednimas de 7\u00b0C y m\u00e1ximas de 19\u00b0C. El viento ser\u00e1 del sector sur con algunas r\u00e1fagas fuertes.<\/h3>\n<h3><strong>MI\u00c9RCOLES 04<\/strong><\/h3>\n<h3>Jornada con poco cambio de las temperaturas. El cielo estar\u00e1 mayormente despejado. En promedio, se esperan m\u00ednimas de 5\u00b0C y m\u00e1ximas de 22\u00b0C. El viento ser\u00e1 del sector sureste con algunas r\u00e1fagas.<\/p>\n<p><strong>JUEVES 5<\/strong><\/h3>\n<h3>Jornada de buen tiempo con ascenso de las temperaturas. El cielo estar\u00e1 mayormente despejado. M\u00ednimas de 7\u00b0C y m\u00e1ximas de 25\u00b0C, en promedio. Viento leve a moderado del cuadrante norte.<\/h3>\n<p>&nbsp;<\/p>\n<p>&nbsp;<\/p>\n<p>&nbsp;<\/p>\n","protected":false},"excerpt":{"rendered":"<p>As\u00ed lo anticip\u00f3 este domingo la Red de Estaciones Meteorol\u00f3gicas de la provincia, indicando adem\u00e1s&#8230;<\/p>\n","protected":false},"author":1,"featured_media":4402,"comment_status":"closed","ping_status":"closed","sticky":false,"template":"","format":"standard","meta":{"footnotes":""},"categories":[6],"tags":[],"class_list":["post-4401","post","type-post","status-publish","format-standard","has-post-thumbnail","hentry","category-ciudad-provincia"],"yoast_head":"<!-- This site is optimized with the Yoast SEO plugin v26.1.1 - https:\/\/yoast.com\/wordpress\/plugins\/seo\/ -->\n<title>LA SEMANA EMPIEZA CALUROSA Y CON CIERTA INESTABILIDAD - Apuntes de San Luis<\/title>\n<meta name=\"robots\" content=\"index, follow, max-snippet:-1, max-image-preview:large, max-video-preview:-1\" \/>\n<link rel=\"canonical\" href=\"https:\/\/apuntesdesanluis.com\/index.php\/2023\/10\/01\/la-semana-empieza-calurosa-pero-luego-disminuye-la-temperatura\/\" \/>\n<meta property=\"og:locale\" content=\"es_ES\" \/>\n<meta property=\"og:type\" content=\"article\" \/>\n<meta property=\"og:title\" content=\"LA SEMANA EMPIEZA CALUROSA Y CON CIERTA INESTABILIDAD - Apuntes de San Luis\" \/>\n<meta property=\"og:description\" content=\"As\u00ed lo anticip\u00f3 este domingo la Red de Estaciones Meteorol\u00f3gicas de la provincia, indicando adem\u00e1s...\" \/>\n<meta property=\"og:url\" content=\"https:\/\/apuntesdesanluis.com\/index.php\/2023\/10\/01\/la-semana-empieza-calurosa-pero-luego-disminuye-la-temperatura\/\" \/>\n<meta property=\"og:site_name\" content=\"Apuntes de San Luis\" \/>\n<meta property=\"article:published_time\" content=\"2023-10-02T02:44:42+00:00\" \/>\n<meta property=\"article:modified_time\" content=\"2023-10-02T11:30:18+00:00\" \/>\n<meta property=\"og:image\" content=\"https:\/\/apuntesdesanluis.com\/wp-content\/uploads\/2023\/10\/plaza-pedernera.png\" \/>\n\t<meta property=\"og:image:width\" content=\"685\" \/>\n\t<meta property=\"og:image:height\" content=\"400\" \/>\n\t<meta property=\"og:image:type\" content=\"image\/png\" \/>\n<meta name=\"author\" content=\"apuntesdesanluis.com\" \/>\n<meta name=\"twitter:card\" content=\"summary_large_image\" \/>\n<meta name=\"twitter:label1\" content=\"Escrito por\" \/>\n\t<meta name=\"twitter:data1\" content=\"apuntesdesanluis.com\" \/>\n\t<meta name=\"twitter:label2\" content=\"Tiempo de lectura\" \/>\n\t<meta name=\"twitter:data2\" content=\"2 minutos\" \/>\n<script type=\"application\/ld+json\" class=\"yoast-schema-graph\">{\"@context\":\"https:\/\/schema.org\",\"@graph\":[{\"@type\":\"Article\",\"@id\":\"https:\/\/apuntesdesanluis.com\/index.php\/2023\/10\/01\/la-semana-empieza-calurosa-pero-luego-disminuye-la-temperatura\/#article\",\"isPartOf\":{\"@id\":\"https:\/\/apuntesdesanluis.com\/index.php\/2023\/10\/01\/la-semana-empieza-calurosa-pero-luego-disminuye-la-temperatura\/\"},\"author\":{\"name\":\"apuntesdesanluis.com\",\"@id\":\"https:\/\/apuntesdesanluis.com\/#\/schema\/person\/b55151d52296fcce64d1a72538a70b90\"},\"headline\":\"LA SEMANA EMPIEZA CALUROSA Y CON CIERTA INESTABILIDAD\",\"datePublished\":\"2023-10-02T02:44:42+00:00\",\"dateModified\":\"2023-10-02T11:30:18+00:00\",\"mainEntityOfPage\":{\"@id\":\"https:\/\/apuntesdesanluis.com\/index.php\/2023\/10\/01\/la-semana-empieza-calurosa-pero-luego-disminuye-la-temperatura\/\"},\"wordCount\":299,\"publisher\":{\"@id\":\"https:\/\/apuntesdesanluis.com\/#\/schema\/person\/b55151d52296fcce64d1a72538a70b90\"},\"image\":{\"@id\":\"https:\/\/apuntesdesanluis.com\/index.php\/2023\/10\/01\/la-semana-empieza-calurosa-pero-luego-disminuye-la-temperatura\/#primaryimage\"},\"thumbnailUrl\":\"https:\/\/apuntesdesanluis.com\/wp-content\/uploads\/2023\/10\/plaza-pedernera.png\",\"articleSection\":[\"Ciudad\/Provincia\"],\"inLanguage\":\"es-AR\"},{\"@type\":\"WebPage\",\"@id\":\"https:\/\/apuntesdesanluis.com\/index.php\/2023\/10\/01\/la-semana-empieza-calurosa-pero-luego-disminuye-la-temperatura\/\",\"url\":\"https:\/\/apuntesdesanluis.com\/index.php\/2023\/10\/01\/la-semana-empieza-calurosa-pero-luego-disminuye-la-temperatura\/\",\"name\":\"LA SEMANA EMPIEZA CALUROSA Y CON CIERTA INESTABILIDAD - Apuntes de San Luis\",\"isPartOf\":{\"@id\":\"https:\/\/apuntesdesanluis.com\/#website\"},\"primaryImageOfPage\":{\"@id\":\"https:\/\/apuntesdesanluis.com\/index.php\/2023\/10\/01\/la-semana-empieza-calurosa-pero-luego-disminuye-la-temperatura\/#primaryimage\"},\"image\":{\"@id\":\"https:\/\/apuntesdesanluis.com\/index.php\/2023\/10\/01\/la-semana-empieza-calurosa-pero-luego-disminuye-la-temperatura\/#primaryimage\"},\"thumbnailUrl\":\"https:\/\/apuntesdesanluis.com\/wp-content\/uploads\/2023\/10\/plaza-pedernera.png\",\"datePublished\":\"2023-10-02T02:44:42+00:00\",\"dateModified\":\"2023-10-02T11:30:18+00:00\",\"breadcrumb\":{\"@id\":\"https:\/\/apuntesdesanluis.com\/index.php\/2023\/10\/01\/la-semana-empieza-calurosa-pero-luego-disminuye-la-temperatura\/#breadcrumb\"},\"inLanguage\":\"es-AR\",\"potentialAction\":[{\"@type\":\"ReadAction\",\"target\":[\"https:\/\/apuntesdesanluis.com\/index.php\/2023\/10\/01\/la-semana-empieza-calurosa-pero-luego-disminuye-la-temperatura\/\"]}]},{\"@type\":\"ImageObject\",\"inLanguage\":\"es-AR\",\"@id\":\"https:\/\/apuntesdesanluis.com\/index.php\/2023\/10\/01\/la-semana-empieza-calurosa-pero-luego-disminuye-la-temperatura\/#primaryimage\",\"url\":\"https:\/\/apuntesdesanluis.com\/wp-content\/uploads\/2023\/10\/plaza-pedernera.png\",\"contentUrl\":\"https:\/\/apuntesdesanluis.com\/wp-content\/uploads\/2023\/10\/plaza-pedernera.png\",\"width\":685,\"height\":400},{\"@type\":\"BreadcrumbList\",\"@id\":\"https:\/\/apuntesdesanluis.com\/index.php\/2023\/10\/01\/la-semana-empieza-calurosa-pero-luego-disminuye-la-temperatura\/#breadcrumb\",\"itemListElement\":[{\"@type\":\"ListItem\",\"position\":1,\"name\":\"Inicio\",\"item\":\"https:\/\/apuntesdesanluis.com\/\"},{\"@type\":\"ListItem\",\"position\":2,\"name\":\"LA SEMANA EMPIEZA CALUROSA Y CON CIERTA INESTABILIDAD\"}]},{\"@type\":\"WebSite\",\"@id\":\"https:\/\/apuntesdesanluis.com\/#website\",\"url\":\"https:\/\/apuntesdesanluis.com\/\",\"name\":\"Apuntes de San Luis\",\"description\":\"\",\"publisher\":{\"@id\":\"https:\/\/apuntesdesanluis.com\/#\/schema\/person\/b55151d52296fcce64d1a72538a70b90\"},\"potentialAction\":[{\"@type\":\"SearchAction\",\"target\":{\"@type\":\"EntryPoint\",\"urlTemplate\":\"https:\/\/apuntesdesanluis.com\/?s={search_term_string}\"},\"query-input\":{\"@type\":\"PropertyValueSpecification\",\"valueRequired\":true,\"valueName\":\"search_term_string\"}}],\"inLanguage\":\"es-AR\"},{\"@type\":[\"Person\",\"Organization\"],\"@id\":\"https:\/\/apuntesdesanluis.com\/#\/schema\/person\/b55151d52296fcce64d1a72538a70b90\",\"name\":\"apuntesdesanluis.com\",\"image\":{\"@type\":\"ImageObject\",\"inLanguage\":\"es-AR\",\"@id\":\"https:\/\/apuntesdesanluis.com\/#\/schema\/person\/image\/\",\"url\":\"https:\/\/apuntesdesanluis.com\/wp-content\/uploads\/2023\/07\/cropped-apuntesdesanluis.png\",\"contentUrl\":\"https:\/\/apuntesdesanluis.com\/wp-content\/uploads\/2023\/07\/cropped-apuntesdesanluis.png\",\"width\":450,\"height\":112,\"caption\":\"apuntesdesanluis.com\"},\"logo\":{\"@id\":\"https:\/\/apuntesdesanluis.com\/#\/schema\/person\/image\/\"},\"sameAs\":[\"https:\/\/apuntesdesanluis.com\"],\"url\":\"https:\/\/apuntesdesanluis.com\/index.php\/author\/apuntesdesanluis-com\/\"}]}<\/script>\n<!-- \/ Yoast SEO plugin. -->","yoast_head_json":{"title":"LA SEMANA EMPIEZA CALUROSA Y CON CIERTA INESTABILIDAD - Apuntes de San Luis","robots":{"index":"index","follow":"follow","max-snippet":"max-snippet:-1","max-image-preview":"max-image-preview:large","max-video-preview":"max-video-preview:-1"},"canonical":"https:\/\/apuntesdesanluis.com\/index.php\/2023\/10\/01\/la-semana-empieza-calurosa-pero-luego-disminuye-la-temperatura\/","og_locale":"es_ES","og_type":"article","og_title":"LA SEMANA EMPIEZA CALUROSA Y CON CIERTA INESTABILIDAD - Apuntes de San Luis","og_description":"As\u00ed lo anticip\u00f3 este domingo la Red de Estaciones Meteorol\u00f3gicas de la provincia, indicando adem\u00e1s...","og_url":"https:\/\/apuntesdesanluis.com\/index.php\/2023\/10\/01\/la-semana-empieza-calurosa-pero-luego-disminuye-la-temperatura\/","og_site_name":"Apuntes de San Luis","article_published_time":"2023-10-02T02:44:42+00:00","article_modified_time":"2023-10-02T11:30:18+00:00","og_image":[{"width":685,"height":400,"url":"https:\/\/apuntesdesanluis.com\/wp-content\/uploads\/2023\/10\/plaza-pedernera.png","type":"image\/png"}],"author":"apuntesdesanluis.com","twitter_card":"summary_large_image","twitter_misc":{"Escrito por":"apuntesdesanluis.com","Tiempo de lectura":"2 minutos"},"schema":{"@context":"https:\/\/schema.org","@graph":[{"@type":"Article","@id":"https:\/\/apuntesdesanluis.com\/index.php\/2023\/10\/01\/la-semana-empieza-calurosa-pero-luego-disminuye-la-temperatura\/#article","isPartOf":{"@id":"https:\/\/apuntesdesanluis.com\/index.php\/2023\/10\/01\/la-semana-empieza-calurosa-pero-luego-disminuye-la-temperatura\/"},"author":{"name":"apuntesdesanluis.com","@id":"https:\/\/apuntesdesanluis.com\/#\/schema\/person\/b55151d52296fcce64d1a72538a70b90"},"headline":"LA SEMANA EMPIEZA CALUROSA Y CON CIERTA INESTABILIDAD","datePublished":"2023-10-02T02:44:42+00:00","dateModified":"2023-10-02T11:30:18+00:00","mainEntityOfPage":{"@id":"https:\/\/apuntesdesanluis.com\/index.php\/2023\/10\/01\/la-semana-empieza-calurosa-pero-luego-disminuye-la-temperatura\/"},"wordCount":299,"publisher":{"@id":"https:\/\/apuntesdesanluis.com\/#\/schema\/person\/b55151d52296fcce64d1a72538a70b90"},"image":{"@id":"https:\/\/apuntesdesanluis.com\/index.php\/2023\/10\/01\/la-semana-empieza-calurosa-pero-luego-disminuye-la-temperatura\/#primaryimage"},"thumbnailUrl":"https:\/\/apuntesdesanluis.com\/wp-content\/uploads\/2023\/10\/plaza-pedernera.png","articleSection":["Ciudad\/Provincia"],"inLanguage":"es-AR"},{"@type":"WebPage","@id":"https:\/\/apuntesdesanluis.com\/index.php\/2023\/10\/01\/la-semana-empieza-calurosa-pero-luego-disminuye-la-temperatura\/","url":"https:\/\/apuntesdesanluis.com\/index.php\/2023\/10\/01\/la-semana-empieza-calurosa-pero-luego-disminuye-la-temperatura\/","name":"LA SEMANA EMPIEZA CALUROSA Y CON CIERTA INESTABILIDAD - Apuntes de San Luis","isPartOf":{"@id":"https:\/\/apuntesdesanluis.com\/#website"},"primaryImageOfPage":{"@id":"https:\/\/apuntesdesanluis.com\/index.php\/2023\/10\/01\/la-semana-empieza-calurosa-pero-luego-disminuye-la-temperatura\/#primaryimage"},"image":{"@id":"https:\/\/apuntesdesanluis.com\/index.php\/2023\/10\/01\/la-semana-empieza-calurosa-pero-luego-disminuye-la-temperatura\/#primaryimage"},"thumbnailUrl":"https:\/\/apuntesdesanluis.com\/wp-content\/uploads\/2023\/10\/plaza-pedernera.png","datePublished":"2023-10-02T02:44:42+00:00","dateModified":"2023-10-02T11:30:18+00:00","breadcrumb":{"@id":"https:\/\/apuntesdesanluis.com\/index.php\/2023\/10\/01\/la-semana-empieza-calurosa-pero-luego-disminuye-la-temperatura\/#breadcrumb"},"inLanguage":"es-AR","potentialAction":[{"@type":"ReadAction","target":["https:\/\/apuntesdesanluis.com\/index.php\/2023\/10\/01\/la-semana-empieza-calurosa-pero-luego-disminuye-la-temperatura\/"]}]},{"@type":"ImageObject","inLanguage":"es-AR","@id":"https:\/\/apuntesdesanluis.com\/index.php\/2023\/10\/01\/la-semana-empieza-calurosa-pero-luego-disminuye-la-temperatura\/#primaryimage","url":"https:\/\/apuntesdesanluis.com\/wp-content\/uploads\/2023\/10\/plaza-pedernera.png","contentUrl":"https:\/\/apuntesdesanluis.com\/wp-content\/uploads\/2023\/10\/plaza-pedernera.png","width":685,"height":400},{"@type":"BreadcrumbList","@id":"https:\/\/apuntesdesanluis.com\/index.php\/2023\/10\/01\/la-semana-empieza-calurosa-pero-luego-disminuye-la-temperatura\/#breadcrumb","itemListElement":[{"@type":"ListItem","position":1,"name":"Inicio","item":"https:\/\/apuntesdesanluis.com\/"},{"@type":"ListItem","position":2,"name":"LA SEMANA EMPIEZA CALUROSA Y CON CIERTA INESTABILIDAD"}]},{"@type":"WebSite","@id":"https:\/\/apuntesdesanluis.com\/#website","url":"https:\/\/apuntesdesanluis.com\/","name":"Apuntes de San Luis","description":"","publisher":{"@id":"https:\/\/apuntesdesanluis.com\/#\/schema\/person\/b55151d52296fcce64d1a72538a70b90"},"potentialAction":[{"@type":"SearchAction","target":{"@type":"EntryPoint","urlTemplate":"https:\/\/apuntesdesanluis.com\/?s={search_term_string}"},"query-input":{"@type":"PropertyValueSpecification","valueRequired":true,"valueName":"search_term_string"}}],"inLanguage":"es-AR"},{"@type":["Person","Organization"],"@id":"https:\/\/apuntesdesanluis.com\/#\/schema\/person\/b55151d52296fcce64d1a72538a70b90","name":"apuntesdesanluis.com","image":{"@type":"ImageObject","inLanguage":"es-AR","@id":"https:\/\/apuntesdesanluis.com\/#\/schema\/person\/image\/","url":"https:\/\/apuntesdesanluis.com\/wp-content\/uploads\/2023\/07\/cropped-apuntesdesanluis.png","contentUrl":"https:\/\/apuntesdesanluis.com\/wp-content\/uploads\/2023\/07\/cropped-apuntesdesanluis.png","width":450,"height":112,"caption":"apuntesdesanluis.com"},"logo":{"@id":"https:\/\/apuntesdesanluis.com\/#\/schema\/person\/image\/"},"sameAs":["https:\/\/apuntesdesanluis.com"],"url":"https:\/\/apuntesdesanluis.com\/index.php\/author\/apuntesdesanluis-com\/"}]}},"featured_image_urls":{"full":["https:\/\/apuntesdesanluis.com\/wp-content\/uploads\/2023\/10\/plaza-pedernera.png",685,400,false],"thumbnail":["https:\/\/apuntesdesanluis.com\/wp-content\/uploads\/2023\/10\/plaza-pedernera-150x150.png",150,150,true],"medium":["https:\/\/apuntesdesanluis.com\/wp-content\/uploads\/2023\/10\/plaza-pedernera-300x175.png",300,175,true],"medium_large":["https:\/\/apuntesdesanluis.com\/wp-content\/uploads\/2023\/10\/plaza-pedernera.png",640,374,false],"large":["https:\/\/apuntesdesanluis.com\/wp-content\/uploads\/2023\/10\/plaza-pedernera.png",640,374,false],"1536x1536":["https:\/\/apuntesdesanluis.com\/wp-content\/uploads\/2023\/10\/plaza-pedernera.png",685,400,false],"2048x2048":["https:\/\/apuntesdesanluis.com\/wp-content\/uploads\/2023\/10\/plaza-pedernera.png",685,400,false],"newsever-slider-full":["https:\/\/apuntesdesanluis.com\/wp-content\/uploads\/2023\/10\/plaza-pedernera.png",685,400,false],"newsever-featured":["https:\/\/apuntesdesanluis.com\/wp-content\/uploads\/2023\/10\/plaza-pedernera.png",685,400,false],"newsever-medium":["https:\/\/apuntesdesanluis.com\/wp-content\/uploads\/2023\/10\/plaza-pedernera.png",685,400,false]},"author_info":{"display_name":"apuntesdesanluis.com","author_link":"https:\/\/apuntesdesanluis.com\/index.php\/author\/apuntesdesanluis-com\/"},"category_info":"<a href=\"https:\/\/apuntesdesanluis.com\/index.php\/category\/ciudad-provincia\/\" rel=\"category tag\">Ciudad\/Provincia<\/a>","tag_info":"Ciudad\/Provincia","comment_count":"0","_links":{"self":[{"href":"https:\/\/apuntesdesanluis.com\/index.php\/wp-json\/wp\/v2\/posts\/4401","targetHints":{"allow":["GET"]}}],"collection":[{"href":"https:\/\/apuntesdesanluis.com\/index.php\/wp-json\/wp\/v2\/posts"}],"about":[{"href":"https:\/\/apuntesdesanluis.com\/index.php\/wp-json\/wp\/v2\/types\/post"}],"author":[{"embeddable":true,"href":"https:\/\/apuntesdesanluis.com\/index.php\/wp-json\/wp\/v2\/users\/1"}],"replies":[{"embeddable":true,"href":"https:\/\/apuntesdesanluis.com\/index.php\/wp-json\/wp\/v2\/comments?post=4401"}],"version-history":[{"count":6,"href":"https:\/\/apuntesdesanluis.com\/index.php\/wp-json\/wp\/v2\/posts\/4401\/revisions"}],"predecessor-version":[{"id":4412,"href":"https:\/\/apuntesdesanluis.com\/index.php\/wp-json\/wp\/v2\/posts\/4401\/revisions\/4412"}],"wp:featuredmedia":[{"embeddable":true,"href":"https:\/\/apuntesdesanluis.com\/index.php\/wp-json\/wp\/v2\/media\/4402"}],"wp:attachment":[{"href":"https:\/\/apuntesdesanluis.com\/index.php\/wp-json\/wp\/v2\/media?parent=4401"}],"wp:term":[{"taxonomy":"category","embeddable":true,"href":"https:\/\/apuntesdesanluis.com\/index.php\/wp-json\/wp\/v2\/categories?post=4401"},{"taxonomy":"post_tag","embeddable":true,"href":"https:\/\/apuntesdesanluis.com\/index.php\/wp-json\/wp\/v2\/tags?post=4401"}],"curies":[{"name":"wp","href":"https:\/\/api.w.org\/{rel}","templated":true}]}}