{"id":441,"date":"2023-07-26T09:22:22","date_gmt":"2023-07-26T12:22:22","guid":{"rendered":"https:\/\/apuntesdesanluis.com\/?p=441"},"modified":"2023-07-26T09:22:22","modified_gmt":"2023-07-26T12:22:22","slug":"lomas-de-zamora-hallaron-asesinado-y-descuartizado-a-un-empresario-argentino","status":"publish","type":"post","link":"https:\/\/apuntesdesanluis.com\/index.php\/2023\/07\/26\/lomas-de-zamora-hallaron-asesinado-y-descuartizado-a-un-empresario-argentino\/","title":{"rendered":"LOMAS DE ZAMORA: HALLARON ASESINADO Y DESCUARTIZADO A UN EMPRESARIO ARGENTINO"},"content":{"rendered":"<h3>Un empresario argentino fue hallado asesinado a balazos y descuartizado en el interior de una valija que se encontraba en el arroyo del Rey en la localidad de Ingeniero Budge, partido bonaerense de Lomas de Zamora.<\/h3>\n<h3>La v\u00edctima fue identificada como <strong>Fernando P\u00e9rez Algaba<\/strong>, de 39 a\u00f1os, y sus restos fueron hallados el pasado domingo por unos ni\u00f1os que jugaban a la pelota en el lugar.<\/h3>\n<h3>Seg\u00fan se inform\u00f3, los investigadores del caso primero detectaron antebrazos y piernas del hombre, mientras que una m\u00e1quina que saca la basura de esas aguas permiti\u00f3 el hallazgo de un brazo completo y el relevamiento de las huellas dactilares permiti\u00f3 identificarlo en las \u00faltimas horas. Adem\u00e1s, se supo que se pudo confirmar que se trataba de P\u00e9rez Algaba por un tatuaje con cuatro letras que ten\u00eda una de sus manos.<\/h3>\n<h3>En tanto, trascendi\u00f3 que en Ituzaing\u00f3 se tramitaba una causa por la desaparici\u00f3n de P\u00e9rez Algaba y una mujer declar\u00f3 en una fiscal\u00eda descentralizada de esta localidad que el empresario le hab\u00eda alquilado un departamento y que deb\u00eda devolverle las llaves al finalizar el contrato el 19 de julio pasado.<\/h3>\n<h3>Pero, P\u00e9rez Algaba nunca apareci\u00f3 y los investigadores sospechan que para esa fecha ya lo hab\u00edan asesinado, pero lo que todav\u00eda se desconoce es por qu\u00e9 lo asesinaron y d\u00f3nde. La autopsia a los restos hallado permiti\u00f3 establecer que lo mataron de tres balazos para luego descuartizarlo y colocar su cuerpo en una valija.<\/h3>\n<h3>La v\u00edctima se mostraba en sus propias redes como inversionista y vendedor de autos y jetski en Miami. La investigaci\u00f3n del caso es llevada a cabo por el fiscal de Lomas de Zamora Marcelo Dom\u00ednguez.<\/h3>\n","protected":false},"excerpt":{"rendered":"<p>Un empresario argentino fue hallado asesinado a balazos y descuartizado en el interior de una&#8230;<\/p>\n","protected":false},"author":1,"featured_media":442,"comment_status":"closed","ping_status":"closed","sticky":false,"template":"","format":"standard","meta":{"footnotes":""},"categories":[5],"tags":[],"class_list":["post-441","post","type-post","status-publish","format-standard","has-post-thumbnail","hentry","category-nacionales-internacionales"],"yoast_head":"<!-- This site is optimized with the Yoast SEO plugin v26.1.1 - https:\/\/yoast.com\/wordpress\/plugins\/seo\/ -->\n<title>LOMAS DE ZAMORA: HALLARON ASESINADO Y DESCUARTIZADO A UN EMPRESARIO ARGENTINO - Apuntes de San Luis<\/title>\n<meta name=\"robots\" content=\"index, follow, max-snippet:-1, max-image-preview:large, max-video-preview:-1\" \/>\n<link rel=\"canonical\" href=\"https:\/\/apuntesdesanluis.com\/index.php\/2023\/07\/26\/lomas-de-zamora-hallaron-asesinado-y-descuartizado-a-un-empresario-argentino\/\" \/>\n<meta property=\"og:locale\" content=\"es_ES\" \/>\n<meta property=\"og:type\" content=\"article\" \/>\n<meta property=\"og:title\" content=\"LOMAS DE ZAMORA: HALLARON ASESINADO Y DESCUARTIZADO A UN EMPRESARIO ARGENTINO - Apuntes de San Luis\" \/>\n<meta property=\"og:description\" content=\"Un empresario argentino fue hallado asesinado a balazos y descuartizado en el interior de una...\" \/>\n<meta property=\"og:url\" content=\"https:\/\/apuntesdesanluis.com\/index.php\/2023\/07\/26\/lomas-de-zamora-hallaron-asesinado-y-descuartizado-a-un-empresario-argentino\/\" \/>\n<meta property=\"og:site_name\" content=\"Apuntes de San Luis\" \/>\n<meta property=\"article:published_time\" content=\"2023-07-26T12:22:22+00:00\" \/>\n<meta property=\"og:image\" content=\"https:\/\/apuntesdesanluis.com\/wp-content\/uploads\/2023\/07\/Sin-titulo.png\" \/>\n\t<meta property=\"og:image:width\" content=\"600\" \/>\n\t<meta property=\"og:image:height\" content=\"341\" \/>\n\t<meta property=\"og:image:type\" content=\"image\/png\" \/>\n<meta name=\"author\" content=\"apuntesdesanluis.com\" \/>\n<meta name=\"twitter:card\" content=\"summary_large_image\" \/>\n<meta name=\"twitter:label1\" content=\"Escrito por\" \/>\n\t<meta name=\"twitter:data1\" content=\"apuntesdesanluis.com\" \/>\n\t<meta name=\"twitter:label2\" content=\"Tiempo de lectura\" \/>\n\t<meta name=\"twitter:data2\" content=\"2 minutos\" \/>\n<script type=\"application\/ld+json\" class=\"yoast-schema-graph\">{\"@context\":\"https:\/\/schema.org\",\"@graph\":[{\"@type\":\"Article\",\"@id\":\"https:\/\/apuntesdesanluis.com\/index.php\/2023\/07\/26\/lomas-de-zamora-hallaron-asesinado-y-descuartizado-a-un-empresario-argentino\/#article\",\"isPartOf\":{\"@id\":\"https:\/\/apuntesdesanluis.com\/index.php\/2023\/07\/26\/lomas-de-zamora-hallaron-asesinado-y-descuartizado-a-un-empresario-argentino\/\"},\"author\":{\"name\":\"apuntesdesanluis.com\",\"@id\":\"https:\/\/apuntesdesanluis.com\/#\/schema\/person\/b55151d52296fcce64d1a72538a70b90\"},\"headline\":\"LOMAS DE ZAMORA: HALLARON ASESINADO Y DESCUARTIZADO A UN EMPRESARIO ARGENTINO\",\"datePublished\":\"2023-07-26T12:22:22+00:00\",\"mainEntityOfPage\":{\"@id\":\"https:\/\/apuntesdesanluis.com\/index.php\/2023\/07\/26\/lomas-de-zamora-hallaron-asesinado-y-descuartizado-a-un-empresario-argentino\/\"},\"wordCount\":305,\"publisher\":{\"@id\":\"https:\/\/apuntesdesanluis.com\/#\/schema\/person\/b55151d52296fcce64d1a72538a70b90\"},\"image\":{\"@id\":\"https:\/\/apuntesdesanluis.com\/index.php\/2023\/07\/26\/lomas-de-zamora-hallaron-asesinado-y-descuartizado-a-un-empresario-argentino\/#primaryimage\"},\"thumbnailUrl\":\"https:\/\/apuntesdesanluis.com\/wp-content\/uploads\/2023\/07\/Sin-titulo.png\",\"articleSection\":[\"Nacionales\/Internacionales\"],\"inLanguage\":\"es-AR\"},{\"@type\":\"WebPage\",\"@id\":\"https:\/\/apuntesdesanluis.com\/index.php\/2023\/07\/26\/lomas-de-zamora-hallaron-asesinado-y-descuartizado-a-un-empresario-argentino\/\",\"url\":\"https:\/\/apuntesdesanluis.com\/index.php\/2023\/07\/26\/lomas-de-zamora-hallaron-asesinado-y-descuartizado-a-un-empresario-argentino\/\",\"name\":\"LOMAS DE ZAMORA: HALLARON ASESINADO Y DESCUARTIZADO A UN EMPRESARIO ARGENTINO - Apuntes de San Luis\",\"isPartOf\":{\"@id\":\"https:\/\/apuntesdesanluis.com\/#website\"},\"primaryImageOfPage\":{\"@id\":\"https:\/\/apuntesdesanluis.com\/index.php\/2023\/07\/26\/lomas-de-zamora-hallaron-asesinado-y-descuartizado-a-un-empresario-argentino\/#primaryimage\"},\"image\":{\"@id\":\"https:\/\/apuntesdesanluis.com\/index.php\/2023\/07\/26\/lomas-de-zamora-hallaron-asesinado-y-descuartizado-a-un-empresario-argentino\/#primaryimage\"},\"thumbnailUrl\":\"https:\/\/apuntesdesanluis.com\/wp-content\/uploads\/2023\/07\/Sin-titulo.png\",\"datePublished\":\"2023-07-26T12:22:22+00:00\",\"breadcrumb\":{\"@id\":\"https:\/\/apuntesdesanluis.com\/index.php\/2023\/07\/26\/lomas-de-zamora-hallaron-asesinado-y-descuartizado-a-un-empresario-argentino\/#breadcrumb\"},\"inLanguage\":\"es-AR\",\"potentialAction\":[{\"@type\":\"ReadAction\",\"target\":[\"https:\/\/apuntesdesanluis.com\/index.php\/2023\/07\/26\/lomas-de-zamora-hallaron-asesinado-y-descuartizado-a-un-empresario-argentino\/\"]}]},{\"@type\":\"ImageObject\",\"inLanguage\":\"es-AR\",\"@id\":\"https:\/\/apuntesdesanluis.com\/index.php\/2023\/07\/26\/lomas-de-zamora-hallaron-asesinado-y-descuartizado-a-un-empresario-argentino\/#primaryimage\",\"url\":\"https:\/\/apuntesdesanluis.com\/wp-content\/uploads\/2023\/07\/Sin-titulo.png\",\"contentUrl\":\"https:\/\/apuntesdesanluis.com\/wp-content\/uploads\/2023\/07\/Sin-titulo.png\",\"width\":600,\"height\":341},{\"@type\":\"BreadcrumbList\",\"@id\":\"https:\/\/apuntesdesanluis.com\/index.php\/2023\/07\/26\/lomas-de-zamora-hallaron-asesinado-y-descuartizado-a-un-empresario-argentino\/#breadcrumb\",\"itemListElement\":[{\"@type\":\"ListItem\",\"position\":1,\"name\":\"Inicio\",\"item\":\"https:\/\/apuntesdesanluis.com\/\"},{\"@type\":\"ListItem\",\"position\":2,\"name\":\"LOMAS DE ZAMORA: HALLARON ASESINADO Y DESCUARTIZADO A UN EMPRESARIO ARGENTINO\"}]},{\"@type\":\"WebSite\",\"@id\":\"https:\/\/apuntesdesanluis.com\/#website\",\"url\":\"https:\/\/apuntesdesanluis.com\/\",\"name\":\"Apuntes de San Luis\",\"description\":\"\",\"publisher\":{\"@id\":\"https:\/\/apuntesdesanluis.com\/#\/schema\/person\/b55151d52296fcce64d1a72538a70b90\"},\"potentialAction\":[{\"@type\":\"SearchAction\",\"target\":{\"@type\":\"EntryPoint\",\"urlTemplate\":\"https:\/\/apuntesdesanluis.com\/?s={search_term_string}\"},\"query-input\":{\"@type\":\"PropertyValueSpecification\",\"valueRequired\":true,\"valueName\":\"search_term_string\"}}],\"inLanguage\":\"es-AR\"},{\"@type\":[\"Person\",\"Organization\"],\"@id\":\"https:\/\/apuntesdesanluis.com\/#\/schema\/person\/b55151d52296fcce64d1a72538a70b90\",\"name\":\"apuntesdesanluis.com\",\"image\":{\"@type\":\"ImageObject\",\"inLanguage\":\"es-AR\",\"@id\":\"https:\/\/apuntesdesanluis.com\/#\/schema\/person\/image\/\",\"url\":\"https:\/\/apuntesdesanluis.com\/wp-content\/uploads\/2023\/07\/cropped-apuntesdesanluis.png\",\"contentUrl\":\"https:\/\/apuntesdesanluis.com\/wp-content\/uploads\/2023\/07\/cropped-apuntesdesanluis.png\",\"width\":450,\"height\":112,\"caption\":\"apuntesdesanluis.com\"},\"logo\":{\"@id\":\"https:\/\/apuntesdesanluis.com\/#\/schema\/person\/image\/\"},\"sameAs\":[\"https:\/\/apuntesdesanluis.com\"],\"url\":\"https:\/\/apuntesdesanluis.com\/index.php\/author\/apuntesdesanluis-com\/\"}]}<\/script>\n<!-- \/ Yoast SEO plugin. -->","yoast_head_json":{"title":"LOMAS DE ZAMORA: HALLARON ASESINADO Y DESCUARTIZADO A UN EMPRESARIO ARGENTINO - Apuntes de San Luis","robots":{"index":"index","follow":"follow","max-snippet":"max-snippet:-1","max-image-preview":"max-image-preview:large","max-video-preview":"max-video-preview:-1"},"canonical":"https:\/\/apuntesdesanluis.com\/index.php\/2023\/07\/26\/lomas-de-zamora-hallaron-asesinado-y-descuartizado-a-un-empresario-argentino\/","og_locale":"es_ES","og_type":"article","og_title":"LOMAS DE ZAMORA: HALLARON ASESINADO Y DESCUARTIZADO A UN EMPRESARIO ARGENTINO - Apuntes de San Luis","og_description":"Un empresario argentino fue hallado asesinado a balazos y descuartizado en el interior de una...","og_url":"https:\/\/apuntesdesanluis.com\/index.php\/2023\/07\/26\/lomas-de-zamora-hallaron-asesinado-y-descuartizado-a-un-empresario-argentino\/","og_site_name":"Apuntes de San Luis","article_published_time":"2023-07-26T12:22:22+00:00","og_image":[{"width":600,"height":341,"url":"https:\/\/apuntesdesanluis.com\/wp-content\/uploads\/2023\/07\/Sin-titulo.png","type":"image\/png"}],"author":"apuntesdesanluis.com","twitter_card":"summary_large_image","twitter_misc":{"Escrito por":"apuntesdesanluis.com","Tiempo de lectura":"2 minutos"},"schema":{"@context":"https:\/\/schema.org","@graph":[{"@type":"Article","@id":"https:\/\/apuntesdesanluis.com\/index.php\/2023\/07\/26\/lomas-de-zamora-hallaron-asesinado-y-descuartizado-a-un-empresario-argentino\/#article","isPartOf":{"@id":"https:\/\/apuntesdesanluis.com\/index.php\/2023\/07\/26\/lomas-de-zamora-hallaron-asesinado-y-descuartizado-a-un-empresario-argentino\/"},"author":{"name":"apuntesdesanluis.com","@id":"https:\/\/apuntesdesanluis.com\/#\/schema\/person\/b55151d52296fcce64d1a72538a70b90"},"headline":"LOMAS DE ZAMORA: HALLARON ASESINADO Y DESCUARTIZADO A UN EMPRESARIO ARGENTINO","datePublished":"2023-07-26T12:22:22+00:00","mainEntityOfPage":{"@id":"https:\/\/apuntesdesanluis.com\/index.php\/2023\/07\/26\/lomas-de-zamora-hallaron-asesinado-y-descuartizado-a-un-empresario-argentino\/"},"wordCount":305,"publisher":{"@id":"https:\/\/apuntesdesanluis.com\/#\/schema\/person\/b55151d52296fcce64d1a72538a70b90"},"image":{"@id":"https:\/\/apuntesdesanluis.com\/index.php\/2023\/07\/26\/lomas-de-zamora-hallaron-asesinado-y-descuartizado-a-un-empresario-argentino\/#primaryimage"},"thumbnailUrl":"https:\/\/apuntesdesanluis.com\/wp-content\/uploads\/2023\/07\/Sin-titulo.png","articleSection":["Nacionales\/Internacionales"],"inLanguage":"es-AR"},{"@type":"WebPage","@id":"https:\/\/apuntesdesanluis.com\/index.php\/2023\/07\/26\/lomas-de-zamora-hallaron-asesinado-y-descuartizado-a-un-empresario-argentino\/","url":"https:\/\/apuntesdesanluis.com\/index.php\/2023\/07\/26\/lomas-de-zamora-hallaron-asesinado-y-descuartizado-a-un-empresario-argentino\/","name":"LOMAS DE ZAMORA: HALLARON ASESINADO Y DESCUARTIZADO A UN EMPRESARIO ARGENTINO - Apuntes de San Luis","isPartOf":{"@id":"https:\/\/apuntesdesanluis.com\/#website"},"primaryImageOfPage":{"@id":"https:\/\/apuntesdesanluis.com\/index.php\/2023\/07\/26\/lomas-de-zamora-hallaron-asesinado-y-descuartizado-a-un-empresario-argentino\/#primaryimage"},"image":{"@id":"https:\/\/apuntesdesanluis.com\/index.php\/2023\/07\/26\/lomas-de-zamora-hallaron-asesinado-y-descuartizado-a-un-empresario-argentino\/#primaryimage"},"thumbnailUrl":"https:\/\/apuntesdesanluis.com\/wp-content\/uploads\/2023\/07\/Sin-titulo.png","datePublished":"2023-07-26T12:22:22+00:00","breadcrumb":{"@id":"https:\/\/apuntesdesanluis.com\/index.php\/2023\/07\/26\/lomas-de-zamora-hallaron-asesinado-y-descuartizado-a-un-empresario-argentino\/#breadcrumb"},"inLanguage":"es-AR","potentialAction":[{"@type":"ReadAction","target":["https:\/\/apuntesdesanluis.com\/index.php\/2023\/07\/26\/lomas-de-zamora-hallaron-asesinado-y-descuartizado-a-un-empresario-argentino\/"]}]},{"@type":"ImageObject","inLanguage":"es-AR","@id":"https:\/\/apuntesdesanluis.com\/index.php\/2023\/07\/26\/lomas-de-zamora-hallaron-asesinado-y-descuartizado-a-un-empresario-argentino\/#primaryimage","url":"https:\/\/apuntesdesanluis.com\/wp-content\/uploads\/2023\/07\/Sin-titulo.png","contentUrl":"https:\/\/apuntesdesanluis.com\/wp-content\/uploads\/2023\/07\/Sin-titulo.png","width":600,"height":341},{"@type":"BreadcrumbList","@id":"https:\/\/apuntesdesanluis.com\/index.php\/2023\/07\/26\/lomas-de-zamora-hallaron-asesinado-y-descuartizado-a-un-empresario-argentino\/#breadcrumb","itemListElement":[{"@type":"ListItem","position":1,"name":"Inicio","item":"https:\/\/apuntesdesanluis.com\/"},{"@type":"ListItem","position":2,"name":"LOMAS DE ZAMORA: HALLARON ASESINADO Y DESCUARTIZADO A UN EMPRESARIO ARGENTINO"}]},{"@type":"WebSite","@id":"https:\/\/apuntesdesanluis.com\/#website","url":"https:\/\/apuntesdesanluis.com\/","name":"Apuntes de San Luis","description":"","publisher":{"@id":"https:\/\/apuntesdesanluis.com\/#\/schema\/person\/b55151d52296fcce64d1a72538a70b90"},"potentialAction":[{"@type":"SearchAction","target":{"@type":"EntryPoint","urlTemplate":"https:\/\/apuntesdesanluis.com\/?s={search_term_string}"},"query-input":{"@type":"PropertyValueSpecification","valueRequired":true,"valueName":"search_term_string"}}],"inLanguage":"es-AR"},{"@type":["Person","Organization"],"@id":"https:\/\/apuntesdesanluis.com\/#\/schema\/person\/b55151d52296fcce64d1a72538a70b90","name":"apuntesdesanluis.com","image":{"@type":"ImageObject","inLanguage":"es-AR","@id":"https:\/\/apuntesdesanluis.com\/#\/schema\/person\/image\/","url":"https:\/\/apuntesdesanluis.com\/wp-content\/uploads\/2023\/07\/cropped-apuntesdesanluis.png","contentUrl":"https:\/\/apuntesdesanluis.com\/wp-content\/uploads\/2023\/07\/cropped-apuntesdesanluis.png","width":450,"height":112,"caption":"apuntesdesanluis.com"},"logo":{"@id":"https:\/\/apuntesdesanluis.com\/#\/schema\/person\/image\/"},"sameAs":["https:\/\/apuntesdesanluis.com"],"url":"https:\/\/apuntesdesanluis.com\/index.php\/author\/apuntesdesanluis-com\/"}]}},"featured_image_urls":{"full":["https:\/\/apuntesdesanluis.com\/wp-content\/uploads\/2023\/07\/Sin-titulo.png",600,341,false],"thumbnail":["https:\/\/apuntesdesanluis.com\/wp-content\/uploads\/2023\/07\/Sin-titulo-150x150.png",150,150,true],"medium":["https:\/\/apuntesdesanluis.com\/wp-content\/uploads\/2023\/07\/Sin-titulo-300x171.png",300,171,true],"medium_large":["https:\/\/apuntesdesanluis.com\/wp-content\/uploads\/2023\/07\/Sin-titulo.png",600,341,false],"large":["https:\/\/apuntesdesanluis.com\/wp-content\/uploads\/2023\/07\/Sin-titulo.png",600,341,false],"1536x1536":["https:\/\/apuntesdesanluis.com\/wp-content\/uploads\/2023\/07\/Sin-titulo.png",600,341,false],"2048x2048":["https:\/\/apuntesdesanluis.com\/wp-content\/uploads\/2023\/07\/Sin-titulo.png",600,341,false],"newsever-slider-full":["https:\/\/apuntesdesanluis.com\/wp-content\/uploads\/2023\/07\/Sin-titulo.png",600,341,false],"newsever-featured":["https:\/\/apuntesdesanluis.com\/wp-content\/uploads\/2023\/07\/Sin-titulo.png",600,341,false],"newsever-medium":["https:\/\/apuntesdesanluis.com\/wp-content\/uploads\/2023\/07\/Sin-titulo.png",600,341,false]},"author_info":{"display_name":"apuntesdesanluis.com","author_link":"https:\/\/apuntesdesanluis.com\/index.php\/author\/apuntesdesanluis-com\/"},"category_info":"<a href=\"https:\/\/apuntesdesanluis.com\/index.php\/category\/nacionales-internacionales\/\" rel=\"category tag\">Nacionales\/Internacionales<\/a>","tag_info":"Nacionales\/Internacionales","comment_count":"0","_links":{"self":[{"href":"https:\/\/apuntesdesanluis.com\/index.php\/wp-json\/wp\/v2\/posts\/441","targetHints":{"allow":["GET"]}}],"collection":[{"href":"https:\/\/apuntesdesanluis.com\/index.php\/wp-json\/wp\/v2\/posts"}],"about":[{"href":"https:\/\/apuntesdesanluis.com\/index.php\/wp-json\/wp\/v2\/types\/post"}],"author":[{"embeddable":true,"href":"https:\/\/apuntesdesanluis.com\/index.php\/wp-json\/wp\/v2\/users\/1"}],"replies":[{"embeddable":true,"href":"https:\/\/apuntesdesanluis.com\/index.php\/wp-json\/wp\/v2\/comments?post=441"}],"version-history":[{"count":1,"href":"https:\/\/apuntesdesanluis.com\/index.php\/wp-json\/wp\/v2\/posts\/441\/revisions"}],"predecessor-version":[{"id":443,"href":"https:\/\/apuntesdesanluis.com\/index.php\/wp-json\/wp\/v2\/posts\/441\/revisions\/443"}],"wp:featuredmedia":[{"embeddable":true,"href":"https:\/\/apuntesdesanluis.com\/index.php\/wp-json\/wp\/v2\/media\/442"}],"wp:attachment":[{"href":"https:\/\/apuntesdesanluis.com\/index.php\/wp-json\/wp\/v2\/media?parent=441"}],"wp:term":[{"taxonomy":"category","embeddable":true,"href":"https:\/\/apuntesdesanluis.com\/index.php\/wp-json\/wp\/v2\/categories?post=441"},{"taxonomy":"post_tag","embeddable":true,"href":"https:\/\/apuntesdesanluis.com\/index.php\/wp-json\/wp\/v2\/tags?post=441"}],"curies":[{"name":"wp","href":"https:\/\/api.w.org\/{rel}","templated":true}]}}