{"id":4427,"date":"2023-10-02T19:19:36","date_gmt":"2023-10-02T22:19:36","guid":{"rendered":"https:\/\/apuntesdesanluis.com\/?p=4427"},"modified":"2023-10-02T19:26:12","modified_gmt":"2023-10-02T22:26:12","slug":"conflicto-en-la-unvime-el-gremio-nodocente-se-declaro-en-estado-de-asamblea-y-movilizacion","status":"publish","type":"post","link":"https:\/\/apuntesdesanluis.com\/index.php\/2023\/10\/02\/conflicto-en-la-unvime-el-gremio-nodocente-se-declaro-en-estado-de-asamblea-y-movilizacion\/","title":{"rendered":"CONFLICTO EN LA UNVIME: EL GREMIO NODOCENTE SE DECLAR\u00d3 EN ESTADO DE ASAMBLEA Y MOVILIZACI\u00d3N"},"content":{"rendered":"<h3>En desacuerdo con resoluciones rectorales de pase a planta permanente de trabajadores nodocentes, en un marco normativo que \u201ccarece de legitimidad y legalidad\u201d, este lunes por la ma\u00f1ana el <strong>Sindicato de Trabajadores Universitarios de la UNViMe<\/strong> (SITUNViMe) convoc\u00f3 a una asamblea a todos sus afiliados.<\/h3>\n<h3>Durante la misma se aprob\u00f3 un dur\u00edsimo comunicado y el claustro nodocente resolvi\u00f3 declararse en \u201cAsamblea Permanente y Movilizaci\u00f3n\u201d, al tiempo que se anunci\u00f3 un \u201cplan de lucha que no cesar\u00e1 hasta que estas resoluciones rectorales perjudiciales para la vida institucional de nuestra universidad sean derogadas\u201d.<\/h3>\n<h3>En la reuni\u00f3n los voceros sindicales dieron a conocer la existencia de resoluciones de pase a planta de agentes contratados \u201cque hoy son utilizados como escudo para designar funcionarios disfrazados de trabajadores nodocentes\u201d. Tambi\u00e9n se plante\u00f3 la &#8220;discriminaci\u00f3n&#8221; hacia otro grupo de empleados a los que en cambio se les renov\u00f3 el contrato por un mes.<\/h3>\n<h3>Asimismo, se resolvi\u00f3 presentar una nota dirigida al Consejo Superior, a los efectos de solicitar la \u201cconvocatoria urgente a sesi\u00f3n extraordinaria&#8221;, con la finalidad de tratar los pases a planta permanente de 18 personas contratadas y uno de planta pol\u00edtica, \u201csin acuerdo paritario\u201d, pedido que ingres\u00f3 este lunes por mesa de entradas.<\/h3>\n<p>&nbsp;<\/p>\n<p><img fetchpriority=\"high\" decoding=\"async\" class=\"wp-image-4437 aligncenter\" src=\"https:\/\/apuntesdesanluis.com\/wp-content\/uploads\/2023\/10\/Comunicado-1-196x300.jpg\" alt=\"\" width=\"572\" height=\"876\" srcset=\"https:\/\/apuntesdesanluis.com\/wp-content\/uploads\/2023\/10\/Comunicado-1-196x300.jpg 196w, https:\/\/apuntesdesanluis.com\/wp-content\/uploads\/2023\/10\/Comunicado-1.jpg 680w\" sizes=\"(max-width: 572px) 100vw, 572px\" \/><\/p>\n<p>&nbsp;<\/p>\n<p>&nbsp;<\/p>\n<p>&nbsp;<\/p>\n","protected":false},"excerpt":{"rendered":"<p>En desacuerdo con resoluciones rectorales de pase a planta permanente de trabajadores nodocentes, en un&#8230;<\/p>\n","protected":false},"author":1,"featured_media":4428,"comment_status":"closed","ping_status":"closed","sticky":false,"template":"","format":"standard","meta":{"footnotes":""},"categories":[6],"tags":[],"class_list":["post-4427","post","type-post","status-publish","format-standard","has-post-thumbnail","hentry","category-ciudad-provincia"],"yoast_head":"<!-- This site is optimized with the Yoast SEO plugin v26.1.1 - https:\/\/yoast.com\/wordpress\/plugins\/seo\/ -->\n<title>CONFLICTO EN LA UNVIME: EL GREMIO NODOCENTE SE DECLAR\u00d3 EN ESTADO DE ASAMBLEA Y MOVILIZACI\u00d3N - Apuntes de San Luis<\/title>\n<meta name=\"robots\" content=\"index, follow, max-snippet:-1, max-image-preview:large, max-video-preview:-1\" \/>\n<link rel=\"canonical\" href=\"https:\/\/apuntesdesanluis.com\/index.php\/2023\/10\/02\/conflicto-en-la-unvime-el-gremio-nodocente-se-declaro-en-estado-de-asamblea-y-movilizacion\/\" \/>\n<meta property=\"og:locale\" content=\"es_ES\" \/>\n<meta property=\"og:type\" content=\"article\" \/>\n<meta property=\"og:title\" content=\"CONFLICTO EN LA UNVIME: EL GREMIO NODOCENTE SE DECLAR\u00d3 EN ESTADO DE ASAMBLEA Y MOVILIZACI\u00d3N - Apuntes de San Luis\" \/>\n<meta property=\"og:description\" content=\"En desacuerdo con resoluciones rectorales de pase a planta permanente de trabajadores nodocentes, en un...\" \/>\n<meta property=\"og:url\" content=\"https:\/\/apuntesdesanluis.com\/index.php\/2023\/10\/02\/conflicto-en-la-unvime-el-gremio-nodocente-se-declaro-en-estado-de-asamblea-y-movilizacion\/\" \/>\n<meta property=\"og:site_name\" content=\"Apuntes de San Luis\" \/>\n<meta property=\"article:published_time\" content=\"2023-10-02T22:19:36+00:00\" \/>\n<meta property=\"article:modified_time\" content=\"2023-10-02T22:26:12+00:00\" \/>\n<meta property=\"og:image\" content=\"https:\/\/apuntesdesanluis.com\/wp-content\/uploads\/2023\/10\/asamblea.jpg\" \/>\n\t<meta property=\"og:image:width\" content=\"600\" \/>\n\t<meta property=\"og:image:height\" content=\"319\" \/>\n\t<meta property=\"og:image:type\" content=\"image\/jpeg\" \/>\n<meta name=\"author\" content=\"apuntesdesanluis.com\" \/>\n<meta name=\"twitter:card\" content=\"summary_large_image\" \/>\n<meta name=\"twitter:label1\" content=\"Escrito por\" \/>\n\t<meta name=\"twitter:data1\" content=\"apuntesdesanluis.com\" \/>\n\t<meta name=\"twitter:label2\" content=\"Tiempo de lectura\" \/>\n\t<meta name=\"twitter:data2\" content=\"2 minutos\" \/>\n<script type=\"application\/ld+json\" class=\"yoast-schema-graph\">{\"@context\":\"https:\/\/schema.org\",\"@graph\":[{\"@type\":\"Article\",\"@id\":\"https:\/\/apuntesdesanluis.com\/index.php\/2023\/10\/02\/conflicto-en-la-unvime-el-gremio-nodocente-se-declaro-en-estado-de-asamblea-y-movilizacion\/#article\",\"isPartOf\":{\"@id\":\"https:\/\/apuntesdesanluis.com\/index.php\/2023\/10\/02\/conflicto-en-la-unvime-el-gremio-nodocente-se-declaro-en-estado-de-asamblea-y-movilizacion\/\"},\"author\":{\"name\":\"apuntesdesanluis.com\",\"@id\":\"https:\/\/apuntesdesanluis.com\/#\/schema\/person\/b55151d52296fcce64d1a72538a70b90\"},\"headline\":\"CONFLICTO EN LA UNVIME: EL GREMIO NODOCENTE SE DECLAR\u00d3 EN ESTADO DE ASAMBLEA Y MOVILIZACI\u00d3N\",\"datePublished\":\"2023-10-02T22:19:36+00:00\",\"dateModified\":\"2023-10-02T22:26:12+00:00\",\"mainEntityOfPage\":{\"@id\":\"https:\/\/apuntesdesanluis.com\/index.php\/2023\/10\/02\/conflicto-en-la-unvime-el-gremio-nodocente-se-declaro-en-estado-de-asamblea-y-movilizacion\/\"},\"wordCount\":226,\"publisher\":{\"@id\":\"https:\/\/apuntesdesanluis.com\/#\/schema\/person\/b55151d52296fcce64d1a72538a70b90\"},\"image\":{\"@id\":\"https:\/\/apuntesdesanluis.com\/index.php\/2023\/10\/02\/conflicto-en-la-unvime-el-gremio-nodocente-se-declaro-en-estado-de-asamblea-y-movilizacion\/#primaryimage\"},\"thumbnailUrl\":\"https:\/\/apuntesdesanluis.com\/wp-content\/uploads\/2023\/10\/asamblea.jpg\",\"articleSection\":[\"Ciudad\/Provincia\"],\"inLanguage\":\"es-AR\"},{\"@type\":\"WebPage\",\"@id\":\"https:\/\/apuntesdesanluis.com\/index.php\/2023\/10\/02\/conflicto-en-la-unvime-el-gremio-nodocente-se-declaro-en-estado-de-asamblea-y-movilizacion\/\",\"url\":\"https:\/\/apuntesdesanluis.com\/index.php\/2023\/10\/02\/conflicto-en-la-unvime-el-gremio-nodocente-se-declaro-en-estado-de-asamblea-y-movilizacion\/\",\"name\":\"CONFLICTO EN LA UNVIME: EL GREMIO NODOCENTE SE DECLAR\u00d3 EN ESTADO DE ASAMBLEA Y MOVILIZACI\u00d3N - Apuntes de San Luis\",\"isPartOf\":{\"@id\":\"https:\/\/apuntesdesanluis.com\/#website\"},\"primaryImageOfPage\":{\"@id\":\"https:\/\/apuntesdesanluis.com\/index.php\/2023\/10\/02\/conflicto-en-la-unvime-el-gremio-nodocente-se-declaro-en-estado-de-asamblea-y-movilizacion\/#primaryimage\"},\"image\":{\"@id\":\"https:\/\/apuntesdesanluis.com\/index.php\/2023\/10\/02\/conflicto-en-la-unvime-el-gremio-nodocente-se-declaro-en-estado-de-asamblea-y-movilizacion\/#primaryimage\"},\"thumbnailUrl\":\"https:\/\/apuntesdesanluis.com\/wp-content\/uploads\/2023\/10\/asamblea.jpg\",\"datePublished\":\"2023-10-02T22:19:36+00:00\",\"dateModified\":\"2023-10-02T22:26:12+00:00\",\"breadcrumb\":{\"@id\":\"https:\/\/apuntesdesanluis.com\/index.php\/2023\/10\/02\/conflicto-en-la-unvime-el-gremio-nodocente-se-declaro-en-estado-de-asamblea-y-movilizacion\/#breadcrumb\"},\"inLanguage\":\"es-AR\",\"potentialAction\":[{\"@type\":\"ReadAction\",\"target\":[\"https:\/\/apuntesdesanluis.com\/index.php\/2023\/10\/02\/conflicto-en-la-unvime-el-gremio-nodocente-se-declaro-en-estado-de-asamblea-y-movilizacion\/\"]}]},{\"@type\":\"ImageObject\",\"inLanguage\":\"es-AR\",\"@id\":\"https:\/\/apuntesdesanluis.com\/index.php\/2023\/10\/02\/conflicto-en-la-unvime-el-gremio-nodocente-se-declaro-en-estado-de-asamblea-y-movilizacion\/#primaryimage\",\"url\":\"https:\/\/apuntesdesanluis.com\/wp-content\/uploads\/2023\/10\/asamblea.jpg\",\"contentUrl\":\"https:\/\/apuntesdesanluis.com\/wp-content\/uploads\/2023\/10\/asamblea.jpg\",\"width\":600,\"height\":319},{\"@type\":\"BreadcrumbList\",\"@id\":\"https:\/\/apuntesdesanluis.com\/index.php\/2023\/10\/02\/conflicto-en-la-unvime-el-gremio-nodocente-se-declaro-en-estado-de-asamblea-y-movilizacion\/#breadcrumb\",\"itemListElement\":[{\"@type\":\"ListItem\",\"position\":1,\"name\":\"Inicio\",\"item\":\"https:\/\/apuntesdesanluis.com\/\"},{\"@type\":\"ListItem\",\"position\":2,\"name\":\"CONFLICTO EN LA UNVIME: EL GREMIO NODOCENTE SE DECLAR\u00d3 EN ESTADO DE ASAMBLEA Y MOVILIZACI\u00d3N\"}]},{\"@type\":\"WebSite\",\"@id\":\"https:\/\/apuntesdesanluis.com\/#website\",\"url\":\"https:\/\/apuntesdesanluis.com\/\",\"name\":\"Apuntes de San Luis\",\"description\":\"\",\"publisher\":{\"@id\":\"https:\/\/apuntesdesanluis.com\/#\/schema\/person\/b55151d52296fcce64d1a72538a70b90\"},\"potentialAction\":[{\"@type\":\"SearchAction\",\"target\":{\"@type\":\"EntryPoint\",\"urlTemplate\":\"https:\/\/apuntesdesanluis.com\/?s={search_term_string}\"},\"query-input\":{\"@type\":\"PropertyValueSpecification\",\"valueRequired\":true,\"valueName\":\"search_term_string\"}}],\"inLanguage\":\"es-AR\"},{\"@type\":[\"Person\",\"Organization\"],\"@id\":\"https:\/\/apuntesdesanluis.com\/#\/schema\/person\/b55151d52296fcce64d1a72538a70b90\",\"name\":\"apuntesdesanluis.com\",\"image\":{\"@type\":\"ImageObject\",\"inLanguage\":\"es-AR\",\"@id\":\"https:\/\/apuntesdesanluis.com\/#\/schema\/person\/image\/\",\"url\":\"https:\/\/apuntesdesanluis.com\/wp-content\/uploads\/2023\/07\/cropped-apuntesdesanluis.png\",\"contentUrl\":\"https:\/\/apuntesdesanluis.com\/wp-content\/uploads\/2023\/07\/cropped-apuntesdesanluis.png\",\"width\":450,\"height\":112,\"caption\":\"apuntesdesanluis.com\"},\"logo\":{\"@id\":\"https:\/\/apuntesdesanluis.com\/#\/schema\/person\/image\/\"},\"sameAs\":[\"https:\/\/apuntesdesanluis.com\"],\"url\":\"https:\/\/apuntesdesanluis.com\/index.php\/author\/apuntesdesanluis-com\/\"}]}<\/script>\n<!-- \/ Yoast SEO plugin. -->","yoast_head_json":{"title":"CONFLICTO EN LA UNVIME: EL GREMIO NODOCENTE SE DECLAR\u00d3 EN ESTADO DE ASAMBLEA Y MOVILIZACI\u00d3N - Apuntes de San Luis","robots":{"index":"index","follow":"follow","max-snippet":"max-snippet:-1","max-image-preview":"max-image-preview:large","max-video-preview":"max-video-preview:-1"},"canonical":"https:\/\/apuntesdesanluis.com\/index.php\/2023\/10\/02\/conflicto-en-la-unvime-el-gremio-nodocente-se-declaro-en-estado-de-asamblea-y-movilizacion\/","og_locale":"es_ES","og_type":"article","og_title":"CONFLICTO EN LA UNVIME: EL GREMIO NODOCENTE SE DECLAR\u00d3 EN ESTADO DE ASAMBLEA Y MOVILIZACI\u00d3N - Apuntes de San Luis","og_description":"En desacuerdo con resoluciones rectorales de pase a planta permanente de trabajadores nodocentes, en un...","og_url":"https:\/\/apuntesdesanluis.com\/index.php\/2023\/10\/02\/conflicto-en-la-unvime-el-gremio-nodocente-se-declaro-en-estado-de-asamblea-y-movilizacion\/","og_site_name":"Apuntes de San Luis","article_published_time":"2023-10-02T22:19:36+00:00","article_modified_time":"2023-10-02T22:26:12+00:00","og_image":[{"width":600,"height":319,"url":"https:\/\/apuntesdesanluis.com\/wp-content\/uploads\/2023\/10\/asamblea.jpg","type":"image\/jpeg"}],"author":"apuntesdesanluis.com","twitter_card":"summary_large_image","twitter_misc":{"Escrito por":"apuntesdesanluis.com","Tiempo de lectura":"2 minutos"},"schema":{"@context":"https:\/\/schema.org","@graph":[{"@type":"Article","@id":"https:\/\/apuntesdesanluis.com\/index.php\/2023\/10\/02\/conflicto-en-la-unvime-el-gremio-nodocente-se-declaro-en-estado-de-asamblea-y-movilizacion\/#article","isPartOf":{"@id":"https:\/\/apuntesdesanluis.com\/index.php\/2023\/10\/02\/conflicto-en-la-unvime-el-gremio-nodocente-se-declaro-en-estado-de-asamblea-y-movilizacion\/"},"author":{"name":"apuntesdesanluis.com","@id":"https:\/\/apuntesdesanluis.com\/#\/schema\/person\/b55151d52296fcce64d1a72538a70b90"},"headline":"CONFLICTO EN LA UNVIME: EL GREMIO NODOCENTE SE DECLAR\u00d3 EN ESTADO DE ASAMBLEA Y MOVILIZACI\u00d3N","datePublished":"2023-10-02T22:19:36+00:00","dateModified":"2023-10-02T22:26:12+00:00","mainEntityOfPage":{"@id":"https:\/\/apuntesdesanluis.com\/index.php\/2023\/10\/02\/conflicto-en-la-unvime-el-gremio-nodocente-se-declaro-en-estado-de-asamblea-y-movilizacion\/"},"wordCount":226,"publisher":{"@id":"https:\/\/apuntesdesanluis.com\/#\/schema\/person\/b55151d52296fcce64d1a72538a70b90"},"image":{"@id":"https:\/\/apuntesdesanluis.com\/index.php\/2023\/10\/02\/conflicto-en-la-unvime-el-gremio-nodocente-se-declaro-en-estado-de-asamblea-y-movilizacion\/#primaryimage"},"thumbnailUrl":"https:\/\/apuntesdesanluis.com\/wp-content\/uploads\/2023\/10\/asamblea.jpg","articleSection":["Ciudad\/Provincia"],"inLanguage":"es-AR"},{"@type":"WebPage","@id":"https:\/\/apuntesdesanluis.com\/index.php\/2023\/10\/02\/conflicto-en-la-unvime-el-gremio-nodocente-se-declaro-en-estado-de-asamblea-y-movilizacion\/","url":"https:\/\/apuntesdesanluis.com\/index.php\/2023\/10\/02\/conflicto-en-la-unvime-el-gremio-nodocente-se-declaro-en-estado-de-asamblea-y-movilizacion\/","name":"CONFLICTO EN LA UNVIME: EL GREMIO NODOCENTE SE DECLAR\u00d3 EN ESTADO DE ASAMBLEA Y MOVILIZACI\u00d3N - Apuntes de San Luis","isPartOf":{"@id":"https:\/\/apuntesdesanluis.com\/#website"},"primaryImageOfPage":{"@id":"https:\/\/apuntesdesanluis.com\/index.php\/2023\/10\/02\/conflicto-en-la-unvime-el-gremio-nodocente-se-declaro-en-estado-de-asamblea-y-movilizacion\/#primaryimage"},"image":{"@id":"https:\/\/apuntesdesanluis.com\/index.php\/2023\/10\/02\/conflicto-en-la-unvime-el-gremio-nodocente-se-declaro-en-estado-de-asamblea-y-movilizacion\/#primaryimage"},"thumbnailUrl":"https:\/\/apuntesdesanluis.com\/wp-content\/uploads\/2023\/10\/asamblea.jpg","datePublished":"2023-10-02T22:19:36+00:00","dateModified":"2023-10-02T22:26:12+00:00","breadcrumb":{"@id":"https:\/\/apuntesdesanluis.com\/index.php\/2023\/10\/02\/conflicto-en-la-unvime-el-gremio-nodocente-se-declaro-en-estado-de-asamblea-y-movilizacion\/#breadcrumb"},"inLanguage":"es-AR","potentialAction":[{"@type":"ReadAction","target":["https:\/\/apuntesdesanluis.com\/index.php\/2023\/10\/02\/conflicto-en-la-unvime-el-gremio-nodocente-se-declaro-en-estado-de-asamblea-y-movilizacion\/"]}]},{"@type":"ImageObject","inLanguage":"es-AR","@id":"https:\/\/apuntesdesanluis.com\/index.php\/2023\/10\/02\/conflicto-en-la-unvime-el-gremio-nodocente-se-declaro-en-estado-de-asamblea-y-movilizacion\/#primaryimage","url":"https:\/\/apuntesdesanluis.com\/wp-content\/uploads\/2023\/10\/asamblea.jpg","contentUrl":"https:\/\/apuntesdesanluis.com\/wp-content\/uploads\/2023\/10\/asamblea.jpg","width":600,"height":319},{"@type":"BreadcrumbList","@id":"https:\/\/apuntesdesanluis.com\/index.php\/2023\/10\/02\/conflicto-en-la-unvime-el-gremio-nodocente-se-declaro-en-estado-de-asamblea-y-movilizacion\/#breadcrumb","itemListElement":[{"@type":"ListItem","position":1,"name":"Inicio","item":"https:\/\/apuntesdesanluis.com\/"},{"@type":"ListItem","position":2,"name":"CONFLICTO EN LA UNVIME: EL GREMIO NODOCENTE SE DECLAR\u00d3 EN ESTADO DE ASAMBLEA Y MOVILIZACI\u00d3N"}]},{"@type":"WebSite","@id":"https:\/\/apuntesdesanluis.com\/#website","url":"https:\/\/apuntesdesanluis.com\/","name":"Apuntes de San Luis","description":"","publisher":{"@id":"https:\/\/apuntesdesanluis.com\/#\/schema\/person\/b55151d52296fcce64d1a72538a70b90"},"potentialAction":[{"@type":"SearchAction","target":{"@type":"EntryPoint","urlTemplate":"https:\/\/apuntesdesanluis.com\/?s={search_term_string}"},"query-input":{"@type":"PropertyValueSpecification","valueRequired":true,"valueName":"search_term_string"}}],"inLanguage":"es-AR"},{"@type":["Person","Organization"],"@id":"https:\/\/apuntesdesanluis.com\/#\/schema\/person\/b55151d52296fcce64d1a72538a70b90","name":"apuntesdesanluis.com","image":{"@type":"ImageObject","inLanguage":"es-AR","@id":"https:\/\/apuntesdesanluis.com\/#\/schema\/person\/image\/","url":"https:\/\/apuntesdesanluis.com\/wp-content\/uploads\/2023\/07\/cropped-apuntesdesanluis.png","contentUrl":"https:\/\/apuntesdesanluis.com\/wp-content\/uploads\/2023\/07\/cropped-apuntesdesanluis.png","width":450,"height":112,"caption":"apuntesdesanluis.com"},"logo":{"@id":"https:\/\/apuntesdesanluis.com\/#\/schema\/person\/image\/"},"sameAs":["https:\/\/apuntesdesanluis.com"],"url":"https:\/\/apuntesdesanluis.com\/index.php\/author\/apuntesdesanluis-com\/"}]}},"featured_image_urls":{"full":["https:\/\/apuntesdesanluis.com\/wp-content\/uploads\/2023\/10\/asamblea.jpg",600,319,false],"thumbnail":["https:\/\/apuntesdesanluis.com\/wp-content\/uploads\/2023\/10\/asamblea-150x150.jpg",150,150,true],"medium":["https:\/\/apuntesdesanluis.com\/wp-content\/uploads\/2023\/10\/asamblea-300x160.jpg",300,160,true],"medium_large":["https:\/\/apuntesdesanluis.com\/wp-content\/uploads\/2023\/10\/asamblea.jpg",600,319,false],"large":["https:\/\/apuntesdesanluis.com\/wp-content\/uploads\/2023\/10\/asamblea.jpg",600,319,false],"1536x1536":["https:\/\/apuntesdesanluis.com\/wp-content\/uploads\/2023\/10\/asamblea.jpg",600,319,false],"2048x2048":["https:\/\/apuntesdesanluis.com\/wp-content\/uploads\/2023\/10\/asamblea.jpg",600,319,false],"newsever-slider-full":["https:\/\/apuntesdesanluis.com\/wp-content\/uploads\/2023\/10\/asamblea.jpg",600,319,false],"newsever-featured":["https:\/\/apuntesdesanluis.com\/wp-content\/uploads\/2023\/10\/asamblea.jpg",600,319,false],"newsever-medium":["https:\/\/apuntesdesanluis.com\/wp-content\/uploads\/2023\/10\/asamblea.jpg",600,319,false]},"author_info":{"display_name":"apuntesdesanluis.com","author_link":"https:\/\/apuntesdesanluis.com\/index.php\/author\/apuntesdesanluis-com\/"},"category_info":"<a href=\"https:\/\/apuntesdesanluis.com\/index.php\/category\/ciudad-provincia\/\" rel=\"category tag\">Ciudad\/Provincia<\/a>","tag_info":"Ciudad\/Provincia","comment_count":"0","_links":{"self":[{"href":"https:\/\/apuntesdesanluis.com\/index.php\/wp-json\/wp\/v2\/posts\/4427","targetHints":{"allow":["GET"]}}],"collection":[{"href":"https:\/\/apuntesdesanluis.com\/index.php\/wp-json\/wp\/v2\/posts"}],"about":[{"href":"https:\/\/apuntesdesanluis.com\/index.php\/wp-json\/wp\/v2\/types\/post"}],"author":[{"embeddable":true,"href":"https:\/\/apuntesdesanluis.com\/index.php\/wp-json\/wp\/v2\/users\/1"}],"replies":[{"embeddable":true,"href":"https:\/\/apuntesdesanluis.com\/index.php\/wp-json\/wp\/v2\/comments?post=4427"}],"version-history":[{"count":9,"href":"https:\/\/apuntesdesanluis.com\/index.php\/wp-json\/wp\/v2\/posts\/4427\/revisions"}],"predecessor-version":[{"id":4439,"href":"https:\/\/apuntesdesanluis.com\/index.php\/wp-json\/wp\/v2\/posts\/4427\/revisions\/4439"}],"wp:featuredmedia":[{"embeddable":true,"href":"https:\/\/apuntesdesanluis.com\/index.php\/wp-json\/wp\/v2\/media\/4428"}],"wp:attachment":[{"href":"https:\/\/apuntesdesanluis.com\/index.php\/wp-json\/wp\/v2\/media?parent=4427"}],"wp:term":[{"taxonomy":"category","embeddable":true,"href":"https:\/\/apuntesdesanluis.com\/index.php\/wp-json\/wp\/v2\/categories?post=4427"},{"taxonomy":"post_tag","embeddable":true,"href":"https:\/\/apuntesdesanluis.com\/index.php\/wp-json\/wp\/v2\/tags?post=4427"}],"curies":[{"name":"wp","href":"https:\/\/api.w.org\/{rel}","templated":true}]}}