{"id":4440,"date":"2023-10-02T12:22:34","date_gmt":"2023-10-02T15:22:34","guid":{"rendered":"https:\/\/apuntesdesanluis.com\/?p=4440"},"modified":"2023-10-02T20:24:27","modified_gmt":"2023-10-02T23:24:27","slug":"un-joven-fue-declarado-autor-penalmente-responsable-en-causa-por-robo","status":"publish","type":"post","link":"https:\/\/apuntesdesanluis.com\/index.php\/2023\/10\/02\/un-joven-fue-declarado-autor-penalmente-responsable-en-causa-por-robo\/","title":{"rendered":"UN JOVEN FUE DECLARADO AUTOR PENALMENTE RESPONSABLE EN CAUSA POR ROBO"},"content":{"rendered":"<h3>Este mi\u00e9rcoles se desarrollar\u00e1 el alegato de cesura a fin de fijar la pena y su modalidad de cumplimiento.<\/h3>\n<h3>El tribunal integrado por el Dr. Sebasti\u00e1n Cadelago Filippi, Daniela Estrada y Sandra Ehrlich declar\u00f3 autor penalmente responsable del delito de robo calificado por el uso de arma de fuego con aptitud operativa para el disparo en grado de tentativa, en calidad de coautor a Mat\u00edas Nahuel Rodr\u00edguez.<\/h3>\n<h3>El hecho investigado ocurri\u00f3 el pasado 16 de marzo a la madrugada en la ciudad de Villa Mercedes. En ese entonces, el acusado en compa\u00f1\u00eda de otra persona, habr\u00edan ingresado al patio delantero de una vivienda. La due\u00f1a de la casa decidi\u00f3 abrir la puerta -alertada por los ruidos-, se produjo una discusi\u00f3n y recibi\u00f3 un disparo de arma de fuego. La otra persona que habita en la vivienda sali\u00f3 al patio trasero de la misma y encontr\u00f3 al imputado, es all\u00ed cuando el imputado procedi\u00f3 a propinarle puntazos con un arma blanca produci\u00e9ndole heridas. Adem\u00e1s, hubo un enfrentamiento con golpes de pu\u00f1o.<\/h3>\n<h3>La lectura del veredicto se realiz\u00f3 este lunes al mediod\u00eda y durante la ma\u00f1ana se desarroll\u00f3 la etapa de alegatos, donde las partes se refirieron a la existencia del hecho, la participaci\u00f3n criminal, su calificaci\u00f3n legal y\u00a0 la culpabilidad o no del imputado.<\/h3>\n<h3>El Dr. Cadelago Filippi dio lectura al veredicto N\u00ba 27,\u00a0 con el que se declar\u00f3 a Rodr\u00edguez autor penalmente responsable del delito previsto en el Art. 166 Inc. 2, 42 y 45 del C\u00f3digo Penal Argentino.<\/h3>\n<h3>Luego de comunicado el veredicto, el Fiscal de Juicio, Dr. Ernesto Lutens, pidi\u00f3 la detenci\u00f3n de Rodr\u00edguez,\u00a0 atento la resoluci\u00f3n y la pena en expectativa prevista, Mientras que\u00a0 el abogado defensor, Dr. Ariel Becerra, rechaz\u00f3 dicha solicitud.<\/h3>\n<h3>Finalmente, luego de una breve deliberaci\u00f3n, el Dr. Cadelago Filippi resolvi\u00f3 y fundament\u00f3 \u201cNosotros tenemos una obligaci\u00f3n y es la de garantizar que el debate llegue a su conclusi\u00f3n, entendemos que en este caso existe riesgo procesal (\u2026) por lo tanto vamos a hacer lugar a lo solicitado por el se\u00f1or Fiscal de Juicio\u201d.<\/h3>\n<h3>La audiencia de cesura, mediante la cual se fijar\u00e1 la pena y modalidad de cumplimiento,\u00a0 se realizar\u00e1 el pr\u00f3ximo mi\u00e9rcoles a las 9.30 horas.<\/h3>\n<h3><strong>ETAPA DE ALEGATOS<\/strong><\/h3>\n<h3>En primer lugar, el Dr. Ernesto Lutens, Fiscal de Juicio, record\u00f3 las circunstancias en las que se produjo el hecho, el pasado 16\u00a0 de marzo, aproximadamente a las 3.30 hs.\u00a0 de la madrugada, cuando los damnificados se encontraban durmiendo en una vivienda ubicada en la calle Tom\u00e1s Jofr\u00e9 de Villa Mercedes.<\/h3>\n<h3>Explic\u00f3 que a lo largo del debate se ha probado fehacientemente la participaci\u00f3n y responsabilidad penal del imputado y descart\u00f3 que el hecho se tratara de una pelea. En ese sentido, dijo: \u201cdos agresores invaden una propiedad y mediando pocas palabras disparan a la due\u00f1a de casa. Tenemos una agresi\u00f3n considerable y bastante brutal\u201d.<\/h3>\n<h3>El fiscal solicit\u00f3 que el hecho se califique como un robo calificado por el uso de arma cuya aptitud para el disparo ha sido acreditada en grado de tentativa, en los t\u00e9rminos de los Art. 166 Inc. 2, 42 y 45 del C\u00f3digo Penal Argentino.<\/h3>\n<h3>En tanto que, en representaci\u00f3n del imputado, el Dr. Ariel Becerra cit\u00f3 la declaraci\u00f3n de testigos y asegur\u00f3 que no se ha configurado el dolo, por lo cual solicit\u00f3 al tribunal que emita un veredicto de no culpabilidad.<\/h3>\n<h3>\u201cNo se encuentra configurado el dolo, lo \u00fanico que ha quedado acreditado es que hab\u00eda dos personas que ven\u00edan huyendo de un lugar y cruzaron por este inmueble\u201d, dijo Becerra.<\/h3>\n<h3>Adem\u00e1s, el defensor sostuvo: \u201cConsidero que no se puede vincular a mi defendido a\u00a0 este suceso en virtud de que sigo sosteniendo que existe una identificaci\u00f3n err\u00f3nea\u201d, y agreg\u00f3 \u201ctampoco se puede acreditar su participaci\u00f3n\u201d.<\/h3>\n<h3>Para obtener m\u00e1s informaci\u00f3n sobre el hecho ingrese al siguiente enlace: <span style=\"color: #3366ff;\"><a style=\"color: #3366ff;\" href=\"https:\/\/www.periodicojudicial.gov.ar\/prision-preventiva-para-un-hombre-imputado-por-el-robo-a-una-vivienda\/\">https:\/\/www.periodicojudicial.gov.ar\/prision-preventiva-para-un-hombre-imputado-por-el-robo-a-una-vivienda\/<\/a><\/span><\/h3>\n<p>&nbsp;<\/p>\n","protected":false},"excerpt":{"rendered":"<p>Este mi\u00e9rcoles se desarrollar\u00e1 el alegato de cesura a fin de fijar la pena y&#8230;<\/p>\n","protected":false},"author":1,"featured_media":4441,"comment_status":"closed","ping_status":"closed","sticky":false,"template":"","format":"standard","meta":{"footnotes":""},"categories":[6],"tags":[],"class_list":["post-4440","post","type-post","status-publish","format-standard","has-post-thumbnail","hentry","category-ciudad-provincia"],"yoast_head":"<!-- This site is optimized with the Yoast SEO plugin v26.1.1 - https:\/\/yoast.com\/wordpress\/plugins\/seo\/ -->\n<title>UN JOVEN FUE DECLARADO AUTOR PENALMENTE RESPONSABLE EN CAUSA POR ROBO - Apuntes de San Luis<\/title>\n<meta name=\"robots\" content=\"index, follow, max-snippet:-1, max-image-preview:large, max-video-preview:-1\" \/>\n<link rel=\"canonical\" href=\"https:\/\/apuntesdesanluis.com\/index.php\/2023\/10\/02\/un-joven-fue-declarado-autor-penalmente-responsable-en-causa-por-robo\/\" \/>\n<meta property=\"og:locale\" content=\"es_ES\" \/>\n<meta property=\"og:type\" content=\"article\" \/>\n<meta property=\"og:title\" content=\"UN JOVEN FUE DECLARADO AUTOR PENALMENTE RESPONSABLE EN CAUSA POR ROBO - Apuntes de San Luis\" \/>\n<meta property=\"og:description\" content=\"Este mi\u00e9rcoles se desarrollar\u00e1 el alegato de cesura a fin de fijar la pena y...\" \/>\n<meta property=\"og:url\" content=\"https:\/\/apuntesdesanluis.com\/index.php\/2023\/10\/02\/un-joven-fue-declarado-autor-penalmente-responsable-en-causa-por-robo\/\" \/>\n<meta property=\"og:site_name\" content=\"Apuntes de San Luis\" \/>\n<meta property=\"article:published_time\" content=\"2023-10-02T15:22:34+00:00\" \/>\n<meta property=\"article:modified_time\" content=\"2023-10-02T23:24:27+00:00\" \/>\n<meta property=\"og:image\" content=\"https:\/\/apuntesdesanluis.com\/wp-content\/uploads\/2023\/10\/juicio.png\" \/>\n\t<meta property=\"og:image:width\" content=\"600\" \/>\n\t<meta property=\"og:image:height\" content=\"353\" \/>\n\t<meta property=\"og:image:type\" content=\"image\/png\" \/>\n<meta name=\"author\" content=\"apuntesdesanluis.com\" \/>\n<meta name=\"twitter:card\" content=\"summary_large_image\" \/>\n<meta name=\"twitter:label1\" content=\"Escrito por\" \/>\n\t<meta name=\"twitter:data1\" content=\"apuntesdesanluis.com\" \/>\n\t<meta name=\"twitter:label2\" content=\"Tiempo de lectura\" \/>\n\t<meta name=\"twitter:data2\" content=\"3 minutos\" \/>\n<script type=\"application\/ld+json\" class=\"yoast-schema-graph\">{\"@context\":\"https:\/\/schema.org\",\"@graph\":[{\"@type\":\"Article\",\"@id\":\"https:\/\/apuntesdesanluis.com\/index.php\/2023\/10\/02\/un-joven-fue-declarado-autor-penalmente-responsable-en-causa-por-robo\/#article\",\"isPartOf\":{\"@id\":\"https:\/\/apuntesdesanluis.com\/index.php\/2023\/10\/02\/un-joven-fue-declarado-autor-penalmente-responsable-en-causa-por-robo\/\"},\"author\":{\"name\":\"apuntesdesanluis.com\",\"@id\":\"https:\/\/apuntesdesanluis.com\/#\/schema\/person\/b55151d52296fcce64d1a72538a70b90\"},\"headline\":\"UN JOVEN FUE DECLARADO AUTOR PENALMENTE RESPONSABLE EN CAUSA POR ROBO\",\"datePublished\":\"2023-10-02T15:22:34+00:00\",\"dateModified\":\"2023-10-02T23:24:27+00:00\",\"mainEntityOfPage\":{\"@id\":\"https:\/\/apuntesdesanluis.com\/index.php\/2023\/10\/02\/un-joven-fue-declarado-autor-penalmente-responsable-en-causa-por-robo\/\"},\"wordCount\":677,\"publisher\":{\"@id\":\"https:\/\/apuntesdesanluis.com\/#\/schema\/person\/b55151d52296fcce64d1a72538a70b90\"},\"image\":{\"@id\":\"https:\/\/apuntesdesanluis.com\/index.php\/2023\/10\/02\/un-joven-fue-declarado-autor-penalmente-responsable-en-causa-por-robo\/#primaryimage\"},\"thumbnailUrl\":\"https:\/\/apuntesdesanluis.com\/wp-content\/uploads\/2023\/10\/juicio.png\",\"articleSection\":[\"Ciudad\/Provincia\"],\"inLanguage\":\"es-AR\"},{\"@type\":\"WebPage\",\"@id\":\"https:\/\/apuntesdesanluis.com\/index.php\/2023\/10\/02\/un-joven-fue-declarado-autor-penalmente-responsable-en-causa-por-robo\/\",\"url\":\"https:\/\/apuntesdesanluis.com\/index.php\/2023\/10\/02\/un-joven-fue-declarado-autor-penalmente-responsable-en-causa-por-robo\/\",\"name\":\"UN JOVEN FUE DECLARADO AUTOR PENALMENTE RESPONSABLE EN CAUSA POR ROBO - Apuntes de San Luis\",\"isPartOf\":{\"@id\":\"https:\/\/apuntesdesanluis.com\/#website\"},\"primaryImageOfPage\":{\"@id\":\"https:\/\/apuntesdesanluis.com\/index.php\/2023\/10\/02\/un-joven-fue-declarado-autor-penalmente-responsable-en-causa-por-robo\/#primaryimage\"},\"image\":{\"@id\":\"https:\/\/apuntesdesanluis.com\/index.php\/2023\/10\/02\/un-joven-fue-declarado-autor-penalmente-responsable-en-causa-por-robo\/#primaryimage\"},\"thumbnailUrl\":\"https:\/\/apuntesdesanluis.com\/wp-content\/uploads\/2023\/10\/juicio.png\",\"datePublished\":\"2023-10-02T15:22:34+00:00\",\"dateModified\":\"2023-10-02T23:24:27+00:00\",\"breadcrumb\":{\"@id\":\"https:\/\/apuntesdesanluis.com\/index.php\/2023\/10\/02\/un-joven-fue-declarado-autor-penalmente-responsable-en-causa-por-robo\/#breadcrumb\"},\"inLanguage\":\"es-AR\",\"potentialAction\":[{\"@type\":\"ReadAction\",\"target\":[\"https:\/\/apuntesdesanluis.com\/index.php\/2023\/10\/02\/un-joven-fue-declarado-autor-penalmente-responsable-en-causa-por-robo\/\"]}]},{\"@type\":\"ImageObject\",\"inLanguage\":\"es-AR\",\"@id\":\"https:\/\/apuntesdesanluis.com\/index.php\/2023\/10\/02\/un-joven-fue-declarado-autor-penalmente-responsable-en-causa-por-robo\/#primaryimage\",\"url\":\"https:\/\/apuntesdesanluis.com\/wp-content\/uploads\/2023\/10\/juicio.png\",\"contentUrl\":\"https:\/\/apuntesdesanluis.com\/wp-content\/uploads\/2023\/10\/juicio.png\",\"width\":600,\"height\":353},{\"@type\":\"BreadcrumbList\",\"@id\":\"https:\/\/apuntesdesanluis.com\/index.php\/2023\/10\/02\/un-joven-fue-declarado-autor-penalmente-responsable-en-causa-por-robo\/#breadcrumb\",\"itemListElement\":[{\"@type\":\"ListItem\",\"position\":1,\"name\":\"Inicio\",\"item\":\"https:\/\/apuntesdesanluis.com\/\"},{\"@type\":\"ListItem\",\"position\":2,\"name\":\"UN JOVEN FUE DECLARADO AUTOR PENALMENTE RESPONSABLE EN CAUSA POR ROBO\"}]},{\"@type\":\"WebSite\",\"@id\":\"https:\/\/apuntesdesanluis.com\/#website\",\"url\":\"https:\/\/apuntesdesanluis.com\/\",\"name\":\"Apuntes de San Luis\",\"description\":\"\",\"publisher\":{\"@id\":\"https:\/\/apuntesdesanluis.com\/#\/schema\/person\/b55151d52296fcce64d1a72538a70b90\"},\"potentialAction\":[{\"@type\":\"SearchAction\",\"target\":{\"@type\":\"EntryPoint\",\"urlTemplate\":\"https:\/\/apuntesdesanluis.com\/?s={search_term_string}\"},\"query-input\":{\"@type\":\"PropertyValueSpecification\",\"valueRequired\":true,\"valueName\":\"search_term_string\"}}],\"inLanguage\":\"es-AR\"},{\"@type\":[\"Person\",\"Organization\"],\"@id\":\"https:\/\/apuntesdesanluis.com\/#\/schema\/person\/b55151d52296fcce64d1a72538a70b90\",\"name\":\"apuntesdesanluis.com\",\"image\":{\"@type\":\"ImageObject\",\"inLanguage\":\"es-AR\",\"@id\":\"https:\/\/apuntesdesanluis.com\/#\/schema\/person\/image\/\",\"url\":\"https:\/\/apuntesdesanluis.com\/wp-content\/uploads\/2023\/07\/cropped-apuntesdesanluis.png\",\"contentUrl\":\"https:\/\/apuntesdesanluis.com\/wp-content\/uploads\/2023\/07\/cropped-apuntesdesanluis.png\",\"width\":450,\"height\":112,\"caption\":\"apuntesdesanluis.com\"},\"logo\":{\"@id\":\"https:\/\/apuntesdesanluis.com\/#\/schema\/person\/image\/\"},\"sameAs\":[\"https:\/\/apuntesdesanluis.com\"],\"url\":\"https:\/\/apuntesdesanluis.com\/index.php\/author\/apuntesdesanluis-com\/\"}]}<\/script>\n<!-- \/ Yoast SEO plugin. -->","yoast_head_json":{"title":"UN JOVEN FUE DECLARADO AUTOR PENALMENTE RESPONSABLE EN CAUSA POR ROBO - Apuntes de San Luis","robots":{"index":"index","follow":"follow","max-snippet":"max-snippet:-1","max-image-preview":"max-image-preview:large","max-video-preview":"max-video-preview:-1"},"canonical":"https:\/\/apuntesdesanluis.com\/index.php\/2023\/10\/02\/un-joven-fue-declarado-autor-penalmente-responsable-en-causa-por-robo\/","og_locale":"es_ES","og_type":"article","og_title":"UN JOVEN FUE DECLARADO AUTOR PENALMENTE RESPONSABLE EN CAUSA POR ROBO - Apuntes de San Luis","og_description":"Este mi\u00e9rcoles se desarrollar\u00e1 el alegato de cesura a fin de fijar la pena y...","og_url":"https:\/\/apuntesdesanluis.com\/index.php\/2023\/10\/02\/un-joven-fue-declarado-autor-penalmente-responsable-en-causa-por-robo\/","og_site_name":"Apuntes de San Luis","article_published_time":"2023-10-02T15:22:34+00:00","article_modified_time":"2023-10-02T23:24:27+00:00","og_image":[{"width":600,"height":353,"url":"https:\/\/apuntesdesanluis.com\/wp-content\/uploads\/2023\/10\/juicio.png","type":"image\/png"}],"author":"apuntesdesanluis.com","twitter_card":"summary_large_image","twitter_misc":{"Escrito por":"apuntesdesanluis.com","Tiempo de lectura":"3 minutos"},"schema":{"@context":"https:\/\/schema.org","@graph":[{"@type":"Article","@id":"https:\/\/apuntesdesanluis.com\/index.php\/2023\/10\/02\/un-joven-fue-declarado-autor-penalmente-responsable-en-causa-por-robo\/#article","isPartOf":{"@id":"https:\/\/apuntesdesanluis.com\/index.php\/2023\/10\/02\/un-joven-fue-declarado-autor-penalmente-responsable-en-causa-por-robo\/"},"author":{"name":"apuntesdesanluis.com","@id":"https:\/\/apuntesdesanluis.com\/#\/schema\/person\/b55151d52296fcce64d1a72538a70b90"},"headline":"UN JOVEN FUE DECLARADO AUTOR PENALMENTE RESPONSABLE EN CAUSA POR ROBO","datePublished":"2023-10-02T15:22:34+00:00","dateModified":"2023-10-02T23:24:27+00:00","mainEntityOfPage":{"@id":"https:\/\/apuntesdesanluis.com\/index.php\/2023\/10\/02\/un-joven-fue-declarado-autor-penalmente-responsable-en-causa-por-robo\/"},"wordCount":677,"publisher":{"@id":"https:\/\/apuntesdesanluis.com\/#\/schema\/person\/b55151d52296fcce64d1a72538a70b90"},"image":{"@id":"https:\/\/apuntesdesanluis.com\/index.php\/2023\/10\/02\/un-joven-fue-declarado-autor-penalmente-responsable-en-causa-por-robo\/#primaryimage"},"thumbnailUrl":"https:\/\/apuntesdesanluis.com\/wp-content\/uploads\/2023\/10\/juicio.png","articleSection":["Ciudad\/Provincia"],"inLanguage":"es-AR"},{"@type":"WebPage","@id":"https:\/\/apuntesdesanluis.com\/index.php\/2023\/10\/02\/un-joven-fue-declarado-autor-penalmente-responsable-en-causa-por-robo\/","url":"https:\/\/apuntesdesanluis.com\/index.php\/2023\/10\/02\/un-joven-fue-declarado-autor-penalmente-responsable-en-causa-por-robo\/","name":"UN JOVEN FUE DECLARADO AUTOR PENALMENTE RESPONSABLE EN CAUSA POR ROBO - Apuntes de San Luis","isPartOf":{"@id":"https:\/\/apuntesdesanluis.com\/#website"},"primaryImageOfPage":{"@id":"https:\/\/apuntesdesanluis.com\/index.php\/2023\/10\/02\/un-joven-fue-declarado-autor-penalmente-responsable-en-causa-por-robo\/#primaryimage"},"image":{"@id":"https:\/\/apuntesdesanluis.com\/index.php\/2023\/10\/02\/un-joven-fue-declarado-autor-penalmente-responsable-en-causa-por-robo\/#primaryimage"},"thumbnailUrl":"https:\/\/apuntesdesanluis.com\/wp-content\/uploads\/2023\/10\/juicio.png","datePublished":"2023-10-02T15:22:34+00:00","dateModified":"2023-10-02T23:24:27+00:00","breadcrumb":{"@id":"https:\/\/apuntesdesanluis.com\/index.php\/2023\/10\/02\/un-joven-fue-declarado-autor-penalmente-responsable-en-causa-por-robo\/#breadcrumb"},"inLanguage":"es-AR","potentialAction":[{"@type":"ReadAction","target":["https:\/\/apuntesdesanluis.com\/index.php\/2023\/10\/02\/un-joven-fue-declarado-autor-penalmente-responsable-en-causa-por-robo\/"]}]},{"@type":"ImageObject","inLanguage":"es-AR","@id":"https:\/\/apuntesdesanluis.com\/index.php\/2023\/10\/02\/un-joven-fue-declarado-autor-penalmente-responsable-en-causa-por-robo\/#primaryimage","url":"https:\/\/apuntesdesanluis.com\/wp-content\/uploads\/2023\/10\/juicio.png","contentUrl":"https:\/\/apuntesdesanluis.com\/wp-content\/uploads\/2023\/10\/juicio.png","width":600,"height":353},{"@type":"BreadcrumbList","@id":"https:\/\/apuntesdesanluis.com\/index.php\/2023\/10\/02\/un-joven-fue-declarado-autor-penalmente-responsable-en-causa-por-robo\/#breadcrumb","itemListElement":[{"@type":"ListItem","position":1,"name":"Inicio","item":"https:\/\/apuntesdesanluis.com\/"},{"@type":"ListItem","position":2,"name":"UN JOVEN FUE DECLARADO AUTOR PENALMENTE RESPONSABLE EN CAUSA POR ROBO"}]},{"@type":"WebSite","@id":"https:\/\/apuntesdesanluis.com\/#website","url":"https:\/\/apuntesdesanluis.com\/","name":"Apuntes de San Luis","description":"","publisher":{"@id":"https:\/\/apuntesdesanluis.com\/#\/schema\/person\/b55151d52296fcce64d1a72538a70b90"},"potentialAction":[{"@type":"SearchAction","target":{"@type":"EntryPoint","urlTemplate":"https:\/\/apuntesdesanluis.com\/?s={search_term_string}"},"query-input":{"@type":"PropertyValueSpecification","valueRequired":true,"valueName":"search_term_string"}}],"inLanguage":"es-AR"},{"@type":["Person","Organization"],"@id":"https:\/\/apuntesdesanluis.com\/#\/schema\/person\/b55151d52296fcce64d1a72538a70b90","name":"apuntesdesanluis.com","image":{"@type":"ImageObject","inLanguage":"es-AR","@id":"https:\/\/apuntesdesanluis.com\/#\/schema\/person\/image\/","url":"https:\/\/apuntesdesanluis.com\/wp-content\/uploads\/2023\/07\/cropped-apuntesdesanluis.png","contentUrl":"https:\/\/apuntesdesanluis.com\/wp-content\/uploads\/2023\/07\/cropped-apuntesdesanluis.png","width":450,"height":112,"caption":"apuntesdesanluis.com"},"logo":{"@id":"https:\/\/apuntesdesanluis.com\/#\/schema\/person\/image\/"},"sameAs":["https:\/\/apuntesdesanluis.com"],"url":"https:\/\/apuntesdesanluis.com\/index.php\/author\/apuntesdesanluis-com\/"}]}},"featured_image_urls":{"full":["https:\/\/apuntesdesanluis.com\/wp-content\/uploads\/2023\/10\/juicio.png",600,353,false],"thumbnail":["https:\/\/apuntesdesanluis.com\/wp-content\/uploads\/2023\/10\/juicio-150x150.png",150,150,true],"medium":["https:\/\/apuntesdesanluis.com\/wp-content\/uploads\/2023\/10\/juicio-300x177.png",300,177,true],"medium_large":["https:\/\/apuntesdesanluis.com\/wp-content\/uploads\/2023\/10\/juicio.png",600,353,false],"large":["https:\/\/apuntesdesanluis.com\/wp-content\/uploads\/2023\/10\/juicio.png",600,353,false],"1536x1536":["https:\/\/apuntesdesanluis.com\/wp-content\/uploads\/2023\/10\/juicio.png",600,353,false],"2048x2048":["https:\/\/apuntesdesanluis.com\/wp-content\/uploads\/2023\/10\/juicio.png",600,353,false],"newsever-slider-full":["https:\/\/apuntesdesanluis.com\/wp-content\/uploads\/2023\/10\/juicio.png",600,353,false],"newsever-featured":["https:\/\/apuntesdesanluis.com\/wp-content\/uploads\/2023\/10\/juicio.png",600,353,false],"newsever-medium":["https:\/\/apuntesdesanluis.com\/wp-content\/uploads\/2023\/10\/juicio.png",600,353,false]},"author_info":{"display_name":"apuntesdesanluis.com","author_link":"https:\/\/apuntesdesanluis.com\/index.php\/author\/apuntesdesanluis-com\/"},"category_info":"<a href=\"https:\/\/apuntesdesanluis.com\/index.php\/category\/ciudad-provincia\/\" rel=\"category tag\">Ciudad\/Provincia<\/a>","tag_info":"Ciudad\/Provincia","comment_count":"0","_links":{"self":[{"href":"https:\/\/apuntesdesanluis.com\/index.php\/wp-json\/wp\/v2\/posts\/4440","targetHints":{"allow":["GET"]}}],"collection":[{"href":"https:\/\/apuntesdesanluis.com\/index.php\/wp-json\/wp\/v2\/posts"}],"about":[{"href":"https:\/\/apuntesdesanluis.com\/index.php\/wp-json\/wp\/v2\/types\/post"}],"author":[{"embeddable":true,"href":"https:\/\/apuntesdesanluis.com\/index.php\/wp-json\/wp\/v2\/users\/1"}],"replies":[{"embeddable":true,"href":"https:\/\/apuntesdesanluis.com\/index.php\/wp-json\/wp\/v2\/comments?post=4440"}],"version-history":[{"count":1,"href":"https:\/\/apuntesdesanluis.com\/index.php\/wp-json\/wp\/v2\/posts\/4440\/revisions"}],"predecessor-version":[{"id":4442,"href":"https:\/\/apuntesdesanluis.com\/index.php\/wp-json\/wp\/v2\/posts\/4440\/revisions\/4442"}],"wp:featuredmedia":[{"embeddable":true,"href":"https:\/\/apuntesdesanluis.com\/index.php\/wp-json\/wp\/v2\/media\/4441"}],"wp:attachment":[{"href":"https:\/\/apuntesdesanluis.com\/index.php\/wp-json\/wp\/v2\/media?parent=4440"}],"wp:term":[{"taxonomy":"category","embeddable":true,"href":"https:\/\/apuntesdesanluis.com\/index.php\/wp-json\/wp\/v2\/categories?post=4440"},{"taxonomy":"post_tag","embeddable":true,"href":"https:\/\/apuntesdesanluis.com\/index.php\/wp-json\/wp\/v2\/tags?post=4440"}],"curies":[{"name":"wp","href":"https:\/\/api.w.org\/{rel}","templated":true}]}}