{"id":4445,"date":"2023-10-02T20:40:00","date_gmt":"2023-10-02T23:40:00","guid":{"rendered":"https:\/\/apuntesdesanluis.com\/?p=4445"},"modified":"2023-10-03T10:33:50","modified_gmt":"2023-10-03T13:33:50","slug":"el-oficialismo-impulsa-la-designacion-de-catalfamo-en-la-universidad-de-la-punta","status":"publish","type":"post","link":"https:\/\/apuntesdesanluis.com\/index.php\/2023\/10\/02\/el-oficialismo-impulsa-la-designacion-de-catalfamo-en-la-universidad-de-la-punta\/","title":{"rendered":"EL OFICIALISMO IMPULSA LA DESIGNACI\u00d3N DE CATALFAMO EN LA UNIVERSIDAD DE LA PUNTA"},"content":{"rendered":"<h3>As\u00ed lo inform\u00f3 el senador provincial por el Departamento Pedernera, <strong>Adolfo Castro Luna<\/strong>, al dar a conocer a <strong>Apuntes de San Luis<\/strong> la nota incorporada al sumario de la sesi\u00f3n ordinaria de este martes de la C\u00e1mara Alta de la provincia.<\/h3>\n<h3>\u201cLa nota que impulsa la designaci\u00f3n de la senadora nacional <strong>Eugenia Catalfamo <\/strong>(cuyo mandato concluye en diciembre) como rectora de la Universidad de La Punta, pas\u00f3 a conocimiento de las Comisiones de Asuntos Constitucionales y de Labor Parlamentaria, y no me extra\u00f1ar\u00eda que el oficialismo mocione el tratamiento sobre tablas\u201d, indic\u00f3 el legislador.<\/h3>\n<h3>\u201cLa verdad es que es una total desfachatez, el gobierno no reconoce l\u00edmites en esto de convertir al Estado Provincial en una bolsa de trabajo para garantizarle continuidad laboral a sus dirigentes. Ya el gobernador electo Claudio Poggi ha dicho que todas estas resoluciones, por m\u00e1s que las aprueben, van a ser anuladas por ser manifiestamente arbitrarias e ilegales\u201d.<\/h3>\n<h3>No obstante, Castro Luna indic\u00f3 que esta iniciativa \u201caunque consigan darle acuerdo en el Senado, con el fallo de la jueza Laboral N\u00b02, <strong>Mar\u00eda Eugenia Bona, <\/strong>que hizo lugar a la medida cautelar presentada por <strong>Claudio Poggi<\/strong>, autom\u00e1ticamente queda frenada. No se puede seguir consintiendo este tipo de atropellos constitucionales, destinados a dificultar y obstaculizar la pr\u00f3xima gesti\u00f3n que vot\u00f3 el pueblo de San Luis\u201d.<\/h3>\n<p><img fetchpriority=\"high\" decoding=\"async\" class=\"wp-image-4509 aligncenter\" src=\"https:\/\/apuntesdesanluis.com\/wp-content\/uploads\/2023\/10\/catalfamo-300x202.png\" alt=\"\" width=\"529\" height=\"356\" srcset=\"https:\/\/apuntesdesanluis.com\/wp-content\/uploads\/2023\/10\/catalfamo-300x202.png 300w, https:\/\/apuntesdesanluis.com\/wp-content\/uploads\/2023\/10\/catalfamo.png 554w\" sizes=\"(max-width: 529px) 100vw, 529px\" \/><\/p>\n<h3>Catalfamo se desempe\u00f1\u00f3 como jefa de Prensa de la ULP y tambi\u00e9n lo hizo en el Ministerio de Seguridad. En mayo de 2017, fue designada como la primera secretaria de la Juventud, cargo que dej\u00f3 en diciembre de ese a\u00f1o para asumir como senadora nacional.<\/h3>\n<h3>Este a\u00f1o la legisladora fue candidata a vicegobernadora por el oficialismo provincial.<\/h3>\n<p>&nbsp;<\/p>\n<p><img decoding=\"async\" class=\"wp-image-4446 aligncenter\" src=\"https:\/\/apuntesdesanluis.com\/wp-content\/uploads\/2023\/10\/Nota-Catalfamo-300x290.jpg\" alt=\"\" width=\"671\" height=\"649\" srcset=\"https:\/\/apuntesdesanluis.com\/wp-content\/uploads\/2023\/10\/Nota-Catalfamo-300x290.jpg 300w, https:\/\/apuntesdesanluis.com\/wp-content\/uploads\/2023\/10\/Nota-Catalfamo.jpg 579w\" sizes=\"(max-width: 671px) 100vw, 671px\" \/><\/p>\n<p>&nbsp;<\/p>\n<p>&nbsp;<\/p>\n<p>&nbsp;<\/p>\n","protected":false},"excerpt":{"rendered":"<p>As\u00ed lo inform\u00f3 el senador provincial por el Departamento Pedernera, Adolfo Castro Luna, al dar&#8230;<\/p>\n","protected":false},"author":1,"featured_media":4447,"comment_status":"closed","ping_status":"closed","sticky":false,"template":"","format":"standard","meta":{"footnotes":""},"categories":[6],"tags":[],"class_list":["post-4445","post","type-post","status-publish","format-standard","has-post-thumbnail","hentry","category-ciudad-provincia"],"yoast_head":"<!-- This site is optimized with the Yoast SEO plugin v26.1.1 - https:\/\/yoast.com\/wordpress\/plugins\/seo\/ -->\n<title>EL OFICIALISMO IMPULSA LA DESIGNACI\u00d3N DE CATALFAMO EN LA UNIVERSIDAD DE LA PUNTA - Apuntes de San Luis<\/title>\n<meta name=\"robots\" content=\"index, follow, max-snippet:-1, max-image-preview:large, max-video-preview:-1\" \/>\n<link rel=\"canonical\" href=\"https:\/\/apuntesdesanluis.com\/index.php\/2023\/10\/02\/el-oficialismo-impulsa-la-designacion-de-catalfamo-en-la-universidad-de-la-punta\/\" \/>\n<meta property=\"og:locale\" content=\"es_ES\" \/>\n<meta property=\"og:type\" content=\"article\" \/>\n<meta property=\"og:title\" content=\"EL OFICIALISMO IMPULSA LA DESIGNACI\u00d3N DE CATALFAMO EN LA UNIVERSIDAD DE LA PUNTA - Apuntes de San Luis\" \/>\n<meta property=\"og:description\" content=\"As\u00ed lo inform\u00f3 el senador provincial por el Departamento Pedernera, Adolfo Castro Luna, al dar...\" \/>\n<meta property=\"og:url\" content=\"https:\/\/apuntesdesanluis.com\/index.php\/2023\/10\/02\/el-oficialismo-impulsa-la-designacion-de-catalfamo-en-la-universidad-de-la-punta\/\" \/>\n<meta property=\"og:site_name\" content=\"Apuntes de San Luis\" \/>\n<meta property=\"article:published_time\" content=\"2023-10-02T23:40:00+00:00\" \/>\n<meta property=\"article:modified_time\" content=\"2023-10-03T13:33:50+00:00\" \/>\n<meta property=\"og:image\" content=\"https:\/\/apuntesdesanluis.com\/wp-content\/uploads\/2023\/10\/adolfo-c.-luna.png\" \/>\n\t<meta property=\"og:image:width\" content=\"583\" \/>\n\t<meta property=\"og:image:height\" content=\"365\" \/>\n\t<meta property=\"og:image:type\" content=\"image\/png\" \/>\n<meta name=\"author\" content=\"apuntesdesanluis.com\" \/>\n<meta name=\"twitter:card\" content=\"summary_large_image\" \/>\n<meta name=\"twitter:label1\" content=\"Escrito por\" \/>\n\t<meta name=\"twitter:data1\" content=\"apuntesdesanluis.com\" \/>\n\t<meta name=\"twitter:label2\" content=\"Tiempo de lectura\" \/>\n\t<meta name=\"twitter:data2\" content=\"2 minutos\" \/>\n<script type=\"application\/ld+json\" class=\"yoast-schema-graph\">{\"@context\":\"https:\/\/schema.org\",\"@graph\":[{\"@type\":\"Article\",\"@id\":\"https:\/\/apuntesdesanluis.com\/index.php\/2023\/10\/02\/el-oficialismo-impulsa-la-designacion-de-catalfamo-en-la-universidad-de-la-punta\/#article\",\"isPartOf\":{\"@id\":\"https:\/\/apuntesdesanluis.com\/index.php\/2023\/10\/02\/el-oficialismo-impulsa-la-designacion-de-catalfamo-en-la-universidad-de-la-punta\/\"},\"author\":{\"name\":\"apuntesdesanluis.com\",\"@id\":\"https:\/\/apuntesdesanluis.com\/#\/schema\/person\/b55151d52296fcce64d1a72538a70b90\"},\"headline\":\"EL OFICIALISMO IMPULSA LA DESIGNACI\u00d3N DE CATALFAMO EN LA UNIVERSIDAD DE LA PUNTA\",\"datePublished\":\"2023-10-02T23:40:00+00:00\",\"dateModified\":\"2023-10-03T13:33:50+00:00\",\"mainEntityOfPage\":{\"@id\":\"https:\/\/apuntesdesanluis.com\/index.php\/2023\/10\/02\/el-oficialismo-impulsa-la-designacion-de-catalfamo-en-la-universidad-de-la-punta\/\"},\"wordCount\":306,\"publisher\":{\"@id\":\"https:\/\/apuntesdesanluis.com\/#\/schema\/person\/b55151d52296fcce64d1a72538a70b90\"},\"image\":{\"@id\":\"https:\/\/apuntesdesanluis.com\/index.php\/2023\/10\/02\/el-oficialismo-impulsa-la-designacion-de-catalfamo-en-la-universidad-de-la-punta\/#primaryimage\"},\"thumbnailUrl\":\"https:\/\/apuntesdesanluis.com\/wp-content\/uploads\/2023\/10\/adolfo-c.-luna.png\",\"articleSection\":[\"Ciudad\/Provincia\"],\"inLanguage\":\"es-AR\"},{\"@type\":\"WebPage\",\"@id\":\"https:\/\/apuntesdesanluis.com\/index.php\/2023\/10\/02\/el-oficialismo-impulsa-la-designacion-de-catalfamo-en-la-universidad-de-la-punta\/\",\"url\":\"https:\/\/apuntesdesanluis.com\/index.php\/2023\/10\/02\/el-oficialismo-impulsa-la-designacion-de-catalfamo-en-la-universidad-de-la-punta\/\",\"name\":\"EL OFICIALISMO IMPULSA LA DESIGNACI\u00d3N DE CATALFAMO EN LA UNIVERSIDAD DE LA PUNTA - Apuntes de San Luis\",\"isPartOf\":{\"@id\":\"https:\/\/apuntesdesanluis.com\/#website\"},\"primaryImageOfPage\":{\"@id\":\"https:\/\/apuntesdesanluis.com\/index.php\/2023\/10\/02\/el-oficialismo-impulsa-la-designacion-de-catalfamo-en-la-universidad-de-la-punta\/#primaryimage\"},\"image\":{\"@id\":\"https:\/\/apuntesdesanluis.com\/index.php\/2023\/10\/02\/el-oficialismo-impulsa-la-designacion-de-catalfamo-en-la-universidad-de-la-punta\/#primaryimage\"},\"thumbnailUrl\":\"https:\/\/apuntesdesanluis.com\/wp-content\/uploads\/2023\/10\/adolfo-c.-luna.png\",\"datePublished\":\"2023-10-02T23:40:00+00:00\",\"dateModified\":\"2023-10-03T13:33:50+00:00\",\"breadcrumb\":{\"@id\":\"https:\/\/apuntesdesanluis.com\/index.php\/2023\/10\/02\/el-oficialismo-impulsa-la-designacion-de-catalfamo-en-la-universidad-de-la-punta\/#breadcrumb\"},\"inLanguage\":\"es-AR\",\"potentialAction\":[{\"@type\":\"ReadAction\",\"target\":[\"https:\/\/apuntesdesanluis.com\/index.php\/2023\/10\/02\/el-oficialismo-impulsa-la-designacion-de-catalfamo-en-la-universidad-de-la-punta\/\"]}]},{\"@type\":\"ImageObject\",\"inLanguage\":\"es-AR\",\"@id\":\"https:\/\/apuntesdesanluis.com\/index.php\/2023\/10\/02\/el-oficialismo-impulsa-la-designacion-de-catalfamo-en-la-universidad-de-la-punta\/#primaryimage\",\"url\":\"https:\/\/apuntesdesanluis.com\/wp-content\/uploads\/2023\/10\/adolfo-c.-luna.png\",\"contentUrl\":\"https:\/\/apuntesdesanluis.com\/wp-content\/uploads\/2023\/10\/adolfo-c.-luna.png\",\"width\":583,\"height\":365},{\"@type\":\"BreadcrumbList\",\"@id\":\"https:\/\/apuntesdesanluis.com\/index.php\/2023\/10\/02\/el-oficialismo-impulsa-la-designacion-de-catalfamo-en-la-universidad-de-la-punta\/#breadcrumb\",\"itemListElement\":[{\"@type\":\"ListItem\",\"position\":1,\"name\":\"Inicio\",\"item\":\"https:\/\/apuntesdesanluis.com\/\"},{\"@type\":\"ListItem\",\"position\":2,\"name\":\"EL OFICIALISMO IMPULSA LA DESIGNACI\u00d3N DE CATALFAMO EN LA UNIVERSIDAD DE LA PUNTA\"}]},{\"@type\":\"WebSite\",\"@id\":\"https:\/\/apuntesdesanluis.com\/#website\",\"url\":\"https:\/\/apuntesdesanluis.com\/\",\"name\":\"Apuntes de San Luis\",\"description\":\"\",\"publisher\":{\"@id\":\"https:\/\/apuntesdesanluis.com\/#\/schema\/person\/b55151d52296fcce64d1a72538a70b90\"},\"potentialAction\":[{\"@type\":\"SearchAction\",\"target\":{\"@type\":\"EntryPoint\",\"urlTemplate\":\"https:\/\/apuntesdesanluis.com\/?s={search_term_string}\"},\"query-input\":{\"@type\":\"PropertyValueSpecification\",\"valueRequired\":true,\"valueName\":\"search_term_string\"}}],\"inLanguage\":\"es-AR\"},{\"@type\":[\"Person\",\"Organization\"],\"@id\":\"https:\/\/apuntesdesanluis.com\/#\/schema\/person\/b55151d52296fcce64d1a72538a70b90\",\"name\":\"apuntesdesanluis.com\",\"image\":{\"@type\":\"ImageObject\",\"inLanguage\":\"es-AR\",\"@id\":\"https:\/\/apuntesdesanluis.com\/#\/schema\/person\/image\/\",\"url\":\"https:\/\/apuntesdesanluis.com\/wp-content\/uploads\/2023\/07\/cropped-apuntesdesanluis.png\",\"contentUrl\":\"https:\/\/apuntesdesanluis.com\/wp-content\/uploads\/2023\/07\/cropped-apuntesdesanluis.png\",\"width\":450,\"height\":112,\"caption\":\"apuntesdesanluis.com\"},\"logo\":{\"@id\":\"https:\/\/apuntesdesanluis.com\/#\/schema\/person\/image\/\"},\"sameAs\":[\"https:\/\/apuntesdesanluis.com\"],\"url\":\"https:\/\/apuntesdesanluis.com\/index.php\/author\/apuntesdesanluis-com\/\"}]}<\/script>\n<!-- \/ Yoast SEO plugin. -->","yoast_head_json":{"title":"EL OFICIALISMO IMPULSA LA DESIGNACI\u00d3N DE CATALFAMO EN LA UNIVERSIDAD DE LA PUNTA - Apuntes de San Luis","robots":{"index":"index","follow":"follow","max-snippet":"max-snippet:-1","max-image-preview":"max-image-preview:large","max-video-preview":"max-video-preview:-1"},"canonical":"https:\/\/apuntesdesanluis.com\/index.php\/2023\/10\/02\/el-oficialismo-impulsa-la-designacion-de-catalfamo-en-la-universidad-de-la-punta\/","og_locale":"es_ES","og_type":"article","og_title":"EL OFICIALISMO IMPULSA LA DESIGNACI\u00d3N DE CATALFAMO EN LA UNIVERSIDAD DE LA PUNTA - Apuntes de San Luis","og_description":"As\u00ed lo inform\u00f3 el senador provincial por el Departamento Pedernera, Adolfo Castro Luna, al dar...","og_url":"https:\/\/apuntesdesanluis.com\/index.php\/2023\/10\/02\/el-oficialismo-impulsa-la-designacion-de-catalfamo-en-la-universidad-de-la-punta\/","og_site_name":"Apuntes de San Luis","article_published_time":"2023-10-02T23:40:00+00:00","article_modified_time":"2023-10-03T13:33:50+00:00","og_image":[{"width":583,"height":365,"url":"https:\/\/apuntesdesanluis.com\/wp-content\/uploads\/2023\/10\/adolfo-c.-luna.png","type":"image\/png"}],"author":"apuntesdesanluis.com","twitter_card":"summary_large_image","twitter_misc":{"Escrito por":"apuntesdesanluis.com","Tiempo de lectura":"2 minutos"},"schema":{"@context":"https:\/\/schema.org","@graph":[{"@type":"Article","@id":"https:\/\/apuntesdesanluis.com\/index.php\/2023\/10\/02\/el-oficialismo-impulsa-la-designacion-de-catalfamo-en-la-universidad-de-la-punta\/#article","isPartOf":{"@id":"https:\/\/apuntesdesanluis.com\/index.php\/2023\/10\/02\/el-oficialismo-impulsa-la-designacion-de-catalfamo-en-la-universidad-de-la-punta\/"},"author":{"name":"apuntesdesanluis.com","@id":"https:\/\/apuntesdesanluis.com\/#\/schema\/person\/b55151d52296fcce64d1a72538a70b90"},"headline":"EL OFICIALISMO IMPULSA LA DESIGNACI\u00d3N DE CATALFAMO EN LA UNIVERSIDAD DE LA PUNTA","datePublished":"2023-10-02T23:40:00+00:00","dateModified":"2023-10-03T13:33:50+00:00","mainEntityOfPage":{"@id":"https:\/\/apuntesdesanluis.com\/index.php\/2023\/10\/02\/el-oficialismo-impulsa-la-designacion-de-catalfamo-en-la-universidad-de-la-punta\/"},"wordCount":306,"publisher":{"@id":"https:\/\/apuntesdesanluis.com\/#\/schema\/person\/b55151d52296fcce64d1a72538a70b90"},"image":{"@id":"https:\/\/apuntesdesanluis.com\/index.php\/2023\/10\/02\/el-oficialismo-impulsa-la-designacion-de-catalfamo-en-la-universidad-de-la-punta\/#primaryimage"},"thumbnailUrl":"https:\/\/apuntesdesanluis.com\/wp-content\/uploads\/2023\/10\/adolfo-c.-luna.png","articleSection":["Ciudad\/Provincia"],"inLanguage":"es-AR"},{"@type":"WebPage","@id":"https:\/\/apuntesdesanluis.com\/index.php\/2023\/10\/02\/el-oficialismo-impulsa-la-designacion-de-catalfamo-en-la-universidad-de-la-punta\/","url":"https:\/\/apuntesdesanluis.com\/index.php\/2023\/10\/02\/el-oficialismo-impulsa-la-designacion-de-catalfamo-en-la-universidad-de-la-punta\/","name":"EL OFICIALISMO IMPULSA LA DESIGNACI\u00d3N DE CATALFAMO EN LA UNIVERSIDAD DE LA PUNTA - Apuntes de San Luis","isPartOf":{"@id":"https:\/\/apuntesdesanluis.com\/#website"},"primaryImageOfPage":{"@id":"https:\/\/apuntesdesanluis.com\/index.php\/2023\/10\/02\/el-oficialismo-impulsa-la-designacion-de-catalfamo-en-la-universidad-de-la-punta\/#primaryimage"},"image":{"@id":"https:\/\/apuntesdesanluis.com\/index.php\/2023\/10\/02\/el-oficialismo-impulsa-la-designacion-de-catalfamo-en-la-universidad-de-la-punta\/#primaryimage"},"thumbnailUrl":"https:\/\/apuntesdesanluis.com\/wp-content\/uploads\/2023\/10\/adolfo-c.-luna.png","datePublished":"2023-10-02T23:40:00+00:00","dateModified":"2023-10-03T13:33:50+00:00","breadcrumb":{"@id":"https:\/\/apuntesdesanluis.com\/index.php\/2023\/10\/02\/el-oficialismo-impulsa-la-designacion-de-catalfamo-en-la-universidad-de-la-punta\/#breadcrumb"},"inLanguage":"es-AR","potentialAction":[{"@type":"ReadAction","target":["https:\/\/apuntesdesanluis.com\/index.php\/2023\/10\/02\/el-oficialismo-impulsa-la-designacion-de-catalfamo-en-la-universidad-de-la-punta\/"]}]},{"@type":"ImageObject","inLanguage":"es-AR","@id":"https:\/\/apuntesdesanluis.com\/index.php\/2023\/10\/02\/el-oficialismo-impulsa-la-designacion-de-catalfamo-en-la-universidad-de-la-punta\/#primaryimage","url":"https:\/\/apuntesdesanluis.com\/wp-content\/uploads\/2023\/10\/adolfo-c.-luna.png","contentUrl":"https:\/\/apuntesdesanluis.com\/wp-content\/uploads\/2023\/10\/adolfo-c.-luna.png","width":583,"height":365},{"@type":"BreadcrumbList","@id":"https:\/\/apuntesdesanluis.com\/index.php\/2023\/10\/02\/el-oficialismo-impulsa-la-designacion-de-catalfamo-en-la-universidad-de-la-punta\/#breadcrumb","itemListElement":[{"@type":"ListItem","position":1,"name":"Inicio","item":"https:\/\/apuntesdesanluis.com\/"},{"@type":"ListItem","position":2,"name":"EL OFICIALISMO IMPULSA LA DESIGNACI\u00d3N DE CATALFAMO EN LA UNIVERSIDAD DE LA PUNTA"}]},{"@type":"WebSite","@id":"https:\/\/apuntesdesanluis.com\/#website","url":"https:\/\/apuntesdesanluis.com\/","name":"Apuntes de San Luis","description":"","publisher":{"@id":"https:\/\/apuntesdesanluis.com\/#\/schema\/person\/b55151d52296fcce64d1a72538a70b90"},"potentialAction":[{"@type":"SearchAction","target":{"@type":"EntryPoint","urlTemplate":"https:\/\/apuntesdesanluis.com\/?s={search_term_string}"},"query-input":{"@type":"PropertyValueSpecification","valueRequired":true,"valueName":"search_term_string"}}],"inLanguage":"es-AR"},{"@type":["Person","Organization"],"@id":"https:\/\/apuntesdesanluis.com\/#\/schema\/person\/b55151d52296fcce64d1a72538a70b90","name":"apuntesdesanluis.com","image":{"@type":"ImageObject","inLanguage":"es-AR","@id":"https:\/\/apuntesdesanluis.com\/#\/schema\/person\/image\/","url":"https:\/\/apuntesdesanluis.com\/wp-content\/uploads\/2023\/07\/cropped-apuntesdesanluis.png","contentUrl":"https:\/\/apuntesdesanluis.com\/wp-content\/uploads\/2023\/07\/cropped-apuntesdesanluis.png","width":450,"height":112,"caption":"apuntesdesanluis.com"},"logo":{"@id":"https:\/\/apuntesdesanluis.com\/#\/schema\/person\/image\/"},"sameAs":["https:\/\/apuntesdesanluis.com"],"url":"https:\/\/apuntesdesanluis.com\/index.php\/author\/apuntesdesanluis-com\/"}]}},"featured_image_urls":{"full":["https:\/\/apuntesdesanluis.com\/wp-content\/uploads\/2023\/10\/adolfo-c.-luna.png",583,365,false],"thumbnail":["https:\/\/apuntesdesanluis.com\/wp-content\/uploads\/2023\/10\/adolfo-c.-luna-150x150.png",150,150,true],"medium":["https:\/\/apuntesdesanluis.com\/wp-content\/uploads\/2023\/10\/adolfo-c.-luna-300x188.png",300,188,true],"medium_large":["https:\/\/apuntesdesanluis.com\/wp-content\/uploads\/2023\/10\/adolfo-c.-luna.png",583,365,false],"large":["https:\/\/apuntesdesanluis.com\/wp-content\/uploads\/2023\/10\/adolfo-c.-luna.png",583,365,false],"1536x1536":["https:\/\/apuntesdesanluis.com\/wp-content\/uploads\/2023\/10\/adolfo-c.-luna.png",583,365,false],"2048x2048":["https:\/\/apuntesdesanluis.com\/wp-content\/uploads\/2023\/10\/adolfo-c.-luna.png",583,365,false],"newsever-slider-full":["https:\/\/apuntesdesanluis.com\/wp-content\/uploads\/2023\/10\/adolfo-c.-luna.png",583,365,false],"newsever-featured":["https:\/\/apuntesdesanluis.com\/wp-content\/uploads\/2023\/10\/adolfo-c.-luna.png",583,365,false],"newsever-medium":["https:\/\/apuntesdesanluis.com\/wp-content\/uploads\/2023\/10\/adolfo-c.-luna.png",583,365,false]},"author_info":{"display_name":"apuntesdesanluis.com","author_link":"https:\/\/apuntesdesanluis.com\/index.php\/author\/apuntesdesanluis-com\/"},"category_info":"<a href=\"https:\/\/apuntesdesanluis.com\/index.php\/category\/ciudad-provincia\/\" rel=\"category tag\">Ciudad\/Provincia<\/a>","tag_info":"Ciudad\/Provincia","comment_count":"0","_links":{"self":[{"href":"https:\/\/apuntesdesanluis.com\/index.php\/wp-json\/wp\/v2\/posts\/4445","targetHints":{"allow":["GET"]}}],"collection":[{"href":"https:\/\/apuntesdesanluis.com\/index.php\/wp-json\/wp\/v2\/posts"}],"about":[{"href":"https:\/\/apuntesdesanluis.com\/index.php\/wp-json\/wp\/v2\/types\/post"}],"author":[{"embeddable":true,"href":"https:\/\/apuntesdesanluis.com\/index.php\/wp-json\/wp\/v2\/users\/1"}],"replies":[{"embeddable":true,"href":"https:\/\/apuntesdesanluis.com\/index.php\/wp-json\/wp\/v2\/comments?post=4445"}],"version-history":[{"count":11,"href":"https:\/\/apuntesdesanluis.com\/index.php\/wp-json\/wp\/v2\/posts\/4445\/revisions"}],"predecessor-version":[{"id":4510,"href":"https:\/\/apuntesdesanluis.com\/index.php\/wp-json\/wp\/v2\/posts\/4445\/revisions\/4510"}],"wp:featuredmedia":[{"embeddable":true,"href":"https:\/\/apuntesdesanluis.com\/index.php\/wp-json\/wp\/v2\/media\/4447"}],"wp:attachment":[{"href":"https:\/\/apuntesdesanluis.com\/index.php\/wp-json\/wp\/v2\/media?parent=4445"}],"wp:term":[{"taxonomy":"category","embeddable":true,"href":"https:\/\/apuntesdesanluis.com\/index.php\/wp-json\/wp\/v2\/categories?post=4445"},{"taxonomy":"post_tag","embeddable":true,"href":"https:\/\/apuntesdesanluis.com\/index.php\/wp-json\/wp\/v2\/tags?post=4445"}],"curies":[{"name":"wp","href":"https:\/\/api.w.org\/{rel}","templated":true}]}}