{"id":4464,"date":"2023-10-02T21:50:18","date_gmt":"2023-10-03T00:50:18","guid":{"rendered":"https:\/\/apuntesdesanluis.com\/?p=4464"},"modified":"2023-10-02T22:29:13","modified_gmt":"2023-10-03T01:29:13","slug":"se-jugo-una-jueza-primer-fallo-con-sentido-comun-que-frena-el-festival-de-contrataciones","status":"publish","type":"post","link":"https:\/\/apuntesdesanluis.com\/index.php\/2023\/10\/02\/se-jugo-una-jueza-primer-fallo-con-sentido-comun-que-frena-el-festival-de-contrataciones\/","title":{"rendered":"SE JUG\u00d3 UNA JUEZA: PRIMER FALLO CON SENTIDO COM\u00daN, QUE FRENA EL FESTIVAL DE CONTRATACIONES"},"content":{"rendered":"<h3>La jueza Laboral N\u00b02, <strong>Mar\u00eda Eugenia Bona<\/strong>, hizo lugar este lunes a la medida cautelar presentada por el gobernador electo <strong>Claudio Poggi<\/strong>, y decret\u00f3 la medida de no innovar \u201csobre los llamados a licitaci\u00f3n, licitaciones en tr\u00e1mite, adjudicaciones y\/o contrataciones de obra p\u00fablica, en que el Poder Ejecutivo Provincial, Administraci\u00f3n Central y descentralizada, organismos aut\u00e1rquicos, entes desconcentrados del Estado, Agencias, y Sociedades de Estado sean parte, y cuya ejecuci\u00f3n pudiera exceder el actual mandato gubernamental 09\/12\/2023\u201d.<\/h3>\n<h3>Lo notable de la sentencia de la magistrada, es que en varios p\u00e1rrafos se aleja del estilo formal y t\u00e9cnico que caracteriza el lenguaje judicial, para expresarse con una prosa basada en el sentido com\u00fan.<\/h3>\n<h3>\u201cCada d\u00eda analizo los problemas salariales de los trabajadores y me pregunto: si hubiera una situaci\u00f3n que nos hace gastar nuestros ahorros, nuestro fondo anticrisis, \u00bfestar\u00edamos gastando m\u00e1s de lo que tenemos?\u201d, se pregunta la jueza.<\/h3>\n<h3>Expresa luego: \u201cSan Luis ha sido, durante muchos a\u00f1os una provincia modelo, ordenada con reservas. As\u00ed quiero, como puntana que soy, que sea mi provincia, lucho cada d\u00eda como todos, en comunidad, ya que somos federales y republicanos, conforme la Constituci\u00f3n Nacional\u201d.<\/h3>\n<h3>\u201cOtro tema a analizar son las licitaciones, que cita el actor, por ejemplo, tanto la del polideportivo El Cald\u00e9n de Nueva Galia, como la construcci\u00f3n del polideportivo de la Villa de Merlo, (Club Cryder), las cuales se licitaron en agosto\/2023, y en julio\/2023 demandaran un plazo de ejecuci\u00f3n de 300 y 360 d\u00edas respectivamente. Es decir, se violar\u00eda otra vez el art. 92 de la Constituci\u00f3n Provincial, ya que excede el mandato del actual gobernador. Con todos estos elementos encuentro justificado, a prima facie, la medida de no innovar solicitada, respecto de los organismos de la administraci\u00f3n p\u00fablica, aut\u00e1rquicos, descentralizados, sociedades del estado, llamado a licitaci\u00f3n, adjudicaci\u00f3n y\/o contrataci\u00f3n de obras p\u00fablicas, cuya ejecuci\u00f3n exceda el vencimiento del actual mandato gubernamental, debe ser suspendido. Tampoco se podr\u00e1n autorizar gastos futuros, o que excedan dicha fecha\u201d, ordena.<\/h3>\n<h3>Por otro lado, la dra. Mar\u00eda Eugenia Bona considera que \u201cToda transici\u00f3n debe ser un trabajo conjunto, de los diferentes equipos, del gobierno, en forma ordenada. Es el pueblo de San Luis quien est\u00e1 comprometido en ello\u201d.<\/h3>\n<h3>En la parte resolutiva, resuelve lo siguiente:<\/h3>\n<h3>1.- Haciendo lugar a la medida cautelar solicitada por el actor, <strong>CLAUDIO JAVIER POGGI<\/strong>, y decretar medida de no innovar, sobre los llamados a licitaci\u00f3n, licitaciones en tr\u00e1mite, adjudicaciones y\/o contrataciones de obra p\u00fablica, en que el Poder Ejecutivo Provincial, Administraci\u00f3n Central y descentralizada, organismos aut\u00e1rquicos, entes desconcentrados del Estado, Agencias, y Sociedades de Estado sea parte, y cuya ejecuci\u00f3n pudiera exceder el actual mandato gubernamental 09\/12\/2023, inter dure el tr\u00e1mite de la presente causa, art. 230, CPC, 92, 168, ap. 14, 16, 21 y 25 conc., de la Constituci\u00f3n Provincial.-<\/h3>\n<h3><span style=\"color: #3366ff;\"><a style=\"color: #3366ff;\" href=\"https:\/\/apuntesdesanluis.com\/wp-content\/uploads\/2023\/10\/404822-cautelar.pdf\">MEDIDA CAUTELAR<\/a><\/span><\/h3>\n<p>&nbsp;<\/p>\n","protected":false},"excerpt":{"rendered":"<p>La jueza Laboral N\u00b02, Mar\u00eda Eugenia Bona, hizo lugar este lunes a la medida cautelar&#8230;<\/p>\n","protected":false},"author":1,"featured_media":4466,"comment_status":"closed","ping_status":"closed","sticky":false,"template":"","format":"standard","meta":{"footnotes":""},"categories":[9],"tags":[],"class_list":["post-4464","post","type-post","status-publish","format-standard","has-post-thumbnail","hentry","category-opinion"],"yoast_head":"<!-- This site is optimized with the Yoast SEO plugin v26.1.1 - https:\/\/yoast.com\/wordpress\/plugins\/seo\/ -->\n<title>SE JUG\u00d3 UNA JUEZA: PRIMER FALLO CON SENTIDO COM\u00daN, QUE FRENA EL FESTIVAL DE CONTRATACIONES - Apuntes de San Luis<\/title>\n<meta name=\"robots\" content=\"index, follow, max-snippet:-1, max-image-preview:large, max-video-preview:-1\" \/>\n<link rel=\"canonical\" href=\"https:\/\/apuntesdesanluis.com\/index.php\/2023\/10\/02\/se-jugo-una-jueza-primer-fallo-con-sentido-comun-que-frena-el-festival-de-contrataciones\/\" \/>\n<meta property=\"og:locale\" content=\"es_ES\" \/>\n<meta property=\"og:type\" content=\"article\" \/>\n<meta property=\"og:title\" content=\"SE JUG\u00d3 UNA JUEZA: PRIMER FALLO CON SENTIDO COM\u00daN, QUE FRENA EL FESTIVAL DE CONTRATACIONES - Apuntes de San Luis\" \/>\n<meta property=\"og:description\" content=\"La jueza Laboral N\u00b02, Mar\u00eda Eugenia Bona, hizo lugar este lunes a la medida cautelar...\" \/>\n<meta property=\"og:url\" content=\"https:\/\/apuntesdesanluis.com\/index.php\/2023\/10\/02\/se-jugo-una-jueza-primer-fallo-con-sentido-comun-que-frena-el-festival-de-contrataciones\/\" \/>\n<meta property=\"og:site_name\" content=\"Apuntes de San Luis\" \/>\n<meta property=\"article:published_time\" content=\"2023-10-03T00:50:18+00:00\" \/>\n<meta property=\"article:modified_time\" content=\"2023-10-03T01:29:13+00:00\" \/>\n<meta property=\"og:image\" content=\"https:\/\/apuntesdesanluis.com\/wp-content\/uploads\/2023\/10\/MARIA-EUGENIA-BONA.png\" \/>\n\t<meta property=\"og:image:width\" content=\"980\" \/>\n\t<meta property=\"og:image:height\" content=\"614\" \/>\n\t<meta property=\"og:image:type\" content=\"image\/png\" \/>\n<meta name=\"author\" content=\"apuntesdesanluis.com\" \/>\n<meta name=\"twitter:card\" content=\"summary_large_image\" \/>\n<meta name=\"twitter:label1\" content=\"Escrito por\" \/>\n\t<meta name=\"twitter:data1\" content=\"apuntesdesanluis.com\" \/>\n\t<meta name=\"twitter:label2\" content=\"Tiempo de lectura\" \/>\n\t<meta name=\"twitter:data2\" content=\"3 minutos\" \/>\n<script type=\"application\/ld+json\" class=\"yoast-schema-graph\">{\"@context\":\"https:\/\/schema.org\",\"@graph\":[{\"@type\":\"Article\",\"@id\":\"https:\/\/apuntesdesanluis.com\/index.php\/2023\/10\/02\/se-jugo-una-jueza-primer-fallo-con-sentido-comun-que-frena-el-festival-de-contrataciones\/#article\",\"isPartOf\":{\"@id\":\"https:\/\/apuntesdesanluis.com\/index.php\/2023\/10\/02\/se-jugo-una-jueza-primer-fallo-con-sentido-comun-que-frena-el-festival-de-contrataciones\/\"},\"author\":{\"name\":\"apuntesdesanluis.com\",\"@id\":\"https:\/\/apuntesdesanluis.com\/#\/schema\/person\/b55151d52296fcce64d1a72538a70b90\"},\"headline\":\"SE JUG\u00d3 UNA JUEZA: PRIMER FALLO CON SENTIDO COM\u00daN, QUE FRENA EL FESTIVAL DE CONTRATACIONES\",\"datePublished\":\"2023-10-03T00:50:18+00:00\",\"dateModified\":\"2023-10-03T01:29:13+00:00\",\"mainEntityOfPage\":{\"@id\":\"https:\/\/apuntesdesanluis.com\/index.php\/2023\/10\/02\/se-jugo-una-jueza-primer-fallo-con-sentido-comun-que-frena-el-festival-de-contrataciones\/\"},\"wordCount\":513,\"publisher\":{\"@id\":\"https:\/\/apuntesdesanluis.com\/#\/schema\/person\/b55151d52296fcce64d1a72538a70b90\"},\"image\":{\"@id\":\"https:\/\/apuntesdesanluis.com\/index.php\/2023\/10\/02\/se-jugo-una-jueza-primer-fallo-con-sentido-comun-que-frena-el-festival-de-contrataciones\/#primaryimage\"},\"thumbnailUrl\":\"https:\/\/apuntesdesanluis.com\/wp-content\/uploads\/2023\/10\/MARIA-EUGENIA-BONA.png\",\"articleSection\":[\"Opini\u00f3n\"],\"inLanguage\":\"es-AR\"},{\"@type\":\"WebPage\",\"@id\":\"https:\/\/apuntesdesanluis.com\/index.php\/2023\/10\/02\/se-jugo-una-jueza-primer-fallo-con-sentido-comun-que-frena-el-festival-de-contrataciones\/\",\"url\":\"https:\/\/apuntesdesanluis.com\/index.php\/2023\/10\/02\/se-jugo-una-jueza-primer-fallo-con-sentido-comun-que-frena-el-festival-de-contrataciones\/\",\"name\":\"SE JUG\u00d3 UNA JUEZA: PRIMER FALLO CON SENTIDO COM\u00daN, QUE FRENA EL FESTIVAL DE CONTRATACIONES - Apuntes de San Luis\",\"isPartOf\":{\"@id\":\"https:\/\/apuntesdesanluis.com\/#website\"},\"primaryImageOfPage\":{\"@id\":\"https:\/\/apuntesdesanluis.com\/index.php\/2023\/10\/02\/se-jugo-una-jueza-primer-fallo-con-sentido-comun-que-frena-el-festival-de-contrataciones\/#primaryimage\"},\"image\":{\"@id\":\"https:\/\/apuntesdesanluis.com\/index.php\/2023\/10\/02\/se-jugo-una-jueza-primer-fallo-con-sentido-comun-que-frena-el-festival-de-contrataciones\/#primaryimage\"},\"thumbnailUrl\":\"https:\/\/apuntesdesanluis.com\/wp-content\/uploads\/2023\/10\/MARIA-EUGENIA-BONA.png\",\"datePublished\":\"2023-10-03T00:50:18+00:00\",\"dateModified\":\"2023-10-03T01:29:13+00:00\",\"breadcrumb\":{\"@id\":\"https:\/\/apuntesdesanluis.com\/index.php\/2023\/10\/02\/se-jugo-una-jueza-primer-fallo-con-sentido-comun-que-frena-el-festival-de-contrataciones\/#breadcrumb\"},\"inLanguage\":\"es-AR\",\"potentialAction\":[{\"@type\":\"ReadAction\",\"target\":[\"https:\/\/apuntesdesanluis.com\/index.php\/2023\/10\/02\/se-jugo-una-jueza-primer-fallo-con-sentido-comun-que-frena-el-festival-de-contrataciones\/\"]}]},{\"@type\":\"ImageObject\",\"inLanguage\":\"es-AR\",\"@id\":\"https:\/\/apuntesdesanluis.com\/index.php\/2023\/10\/02\/se-jugo-una-jueza-primer-fallo-con-sentido-comun-que-frena-el-festival-de-contrataciones\/#primaryimage\",\"url\":\"https:\/\/apuntesdesanluis.com\/wp-content\/uploads\/2023\/10\/MARIA-EUGENIA-BONA.png\",\"contentUrl\":\"https:\/\/apuntesdesanluis.com\/wp-content\/uploads\/2023\/10\/MARIA-EUGENIA-BONA.png\",\"width\":980,\"height\":614},{\"@type\":\"BreadcrumbList\",\"@id\":\"https:\/\/apuntesdesanluis.com\/index.php\/2023\/10\/02\/se-jugo-una-jueza-primer-fallo-con-sentido-comun-que-frena-el-festival-de-contrataciones\/#breadcrumb\",\"itemListElement\":[{\"@type\":\"ListItem\",\"position\":1,\"name\":\"Inicio\",\"item\":\"https:\/\/apuntesdesanluis.com\/\"},{\"@type\":\"ListItem\",\"position\":2,\"name\":\"SE JUG\u00d3 UNA JUEZA: PRIMER FALLO CON SENTIDO COM\u00daN, QUE FRENA EL FESTIVAL DE CONTRATACIONES\"}]},{\"@type\":\"WebSite\",\"@id\":\"https:\/\/apuntesdesanluis.com\/#website\",\"url\":\"https:\/\/apuntesdesanluis.com\/\",\"name\":\"Apuntes de San Luis\",\"description\":\"\",\"publisher\":{\"@id\":\"https:\/\/apuntesdesanluis.com\/#\/schema\/person\/b55151d52296fcce64d1a72538a70b90\"},\"potentialAction\":[{\"@type\":\"SearchAction\",\"target\":{\"@type\":\"EntryPoint\",\"urlTemplate\":\"https:\/\/apuntesdesanluis.com\/?s={search_term_string}\"},\"query-input\":{\"@type\":\"PropertyValueSpecification\",\"valueRequired\":true,\"valueName\":\"search_term_string\"}}],\"inLanguage\":\"es-AR\"},{\"@type\":[\"Person\",\"Organization\"],\"@id\":\"https:\/\/apuntesdesanluis.com\/#\/schema\/person\/b55151d52296fcce64d1a72538a70b90\",\"name\":\"apuntesdesanluis.com\",\"image\":{\"@type\":\"ImageObject\",\"inLanguage\":\"es-AR\",\"@id\":\"https:\/\/apuntesdesanluis.com\/#\/schema\/person\/image\/\",\"url\":\"https:\/\/apuntesdesanluis.com\/wp-content\/uploads\/2023\/07\/cropped-apuntesdesanluis.png\",\"contentUrl\":\"https:\/\/apuntesdesanluis.com\/wp-content\/uploads\/2023\/07\/cropped-apuntesdesanluis.png\",\"width\":450,\"height\":112,\"caption\":\"apuntesdesanluis.com\"},\"logo\":{\"@id\":\"https:\/\/apuntesdesanluis.com\/#\/schema\/person\/image\/\"},\"sameAs\":[\"https:\/\/apuntesdesanluis.com\"],\"url\":\"https:\/\/apuntesdesanluis.com\/index.php\/author\/apuntesdesanluis-com\/\"}]}<\/script>\n<!-- \/ Yoast SEO plugin. -->","yoast_head_json":{"title":"SE JUG\u00d3 UNA JUEZA: PRIMER FALLO CON SENTIDO COM\u00daN, QUE FRENA EL FESTIVAL DE CONTRATACIONES - Apuntes de San Luis","robots":{"index":"index","follow":"follow","max-snippet":"max-snippet:-1","max-image-preview":"max-image-preview:large","max-video-preview":"max-video-preview:-1"},"canonical":"https:\/\/apuntesdesanluis.com\/index.php\/2023\/10\/02\/se-jugo-una-jueza-primer-fallo-con-sentido-comun-que-frena-el-festival-de-contrataciones\/","og_locale":"es_ES","og_type":"article","og_title":"SE JUG\u00d3 UNA JUEZA: PRIMER FALLO CON SENTIDO COM\u00daN, QUE FRENA EL FESTIVAL DE CONTRATACIONES - Apuntes de San Luis","og_description":"La jueza Laboral N\u00b02, Mar\u00eda Eugenia Bona, hizo lugar este lunes a la medida cautelar...","og_url":"https:\/\/apuntesdesanluis.com\/index.php\/2023\/10\/02\/se-jugo-una-jueza-primer-fallo-con-sentido-comun-que-frena-el-festival-de-contrataciones\/","og_site_name":"Apuntes de San Luis","article_published_time":"2023-10-03T00:50:18+00:00","article_modified_time":"2023-10-03T01:29:13+00:00","og_image":[{"width":980,"height":614,"url":"https:\/\/apuntesdesanluis.com\/wp-content\/uploads\/2023\/10\/MARIA-EUGENIA-BONA.png","type":"image\/png"}],"author":"apuntesdesanluis.com","twitter_card":"summary_large_image","twitter_misc":{"Escrito por":"apuntesdesanluis.com","Tiempo de lectura":"3 minutos"},"schema":{"@context":"https:\/\/schema.org","@graph":[{"@type":"Article","@id":"https:\/\/apuntesdesanluis.com\/index.php\/2023\/10\/02\/se-jugo-una-jueza-primer-fallo-con-sentido-comun-que-frena-el-festival-de-contrataciones\/#article","isPartOf":{"@id":"https:\/\/apuntesdesanluis.com\/index.php\/2023\/10\/02\/se-jugo-una-jueza-primer-fallo-con-sentido-comun-que-frena-el-festival-de-contrataciones\/"},"author":{"name":"apuntesdesanluis.com","@id":"https:\/\/apuntesdesanluis.com\/#\/schema\/person\/b55151d52296fcce64d1a72538a70b90"},"headline":"SE JUG\u00d3 UNA JUEZA: PRIMER FALLO CON SENTIDO COM\u00daN, QUE FRENA EL FESTIVAL DE CONTRATACIONES","datePublished":"2023-10-03T00:50:18+00:00","dateModified":"2023-10-03T01:29:13+00:00","mainEntityOfPage":{"@id":"https:\/\/apuntesdesanluis.com\/index.php\/2023\/10\/02\/se-jugo-una-jueza-primer-fallo-con-sentido-comun-que-frena-el-festival-de-contrataciones\/"},"wordCount":513,"publisher":{"@id":"https:\/\/apuntesdesanluis.com\/#\/schema\/person\/b55151d52296fcce64d1a72538a70b90"},"image":{"@id":"https:\/\/apuntesdesanluis.com\/index.php\/2023\/10\/02\/se-jugo-una-jueza-primer-fallo-con-sentido-comun-que-frena-el-festival-de-contrataciones\/#primaryimage"},"thumbnailUrl":"https:\/\/apuntesdesanluis.com\/wp-content\/uploads\/2023\/10\/MARIA-EUGENIA-BONA.png","articleSection":["Opini\u00f3n"],"inLanguage":"es-AR"},{"@type":"WebPage","@id":"https:\/\/apuntesdesanluis.com\/index.php\/2023\/10\/02\/se-jugo-una-jueza-primer-fallo-con-sentido-comun-que-frena-el-festival-de-contrataciones\/","url":"https:\/\/apuntesdesanluis.com\/index.php\/2023\/10\/02\/se-jugo-una-jueza-primer-fallo-con-sentido-comun-que-frena-el-festival-de-contrataciones\/","name":"SE JUG\u00d3 UNA JUEZA: PRIMER FALLO CON SENTIDO COM\u00daN, QUE FRENA EL FESTIVAL DE CONTRATACIONES - Apuntes de San Luis","isPartOf":{"@id":"https:\/\/apuntesdesanluis.com\/#website"},"primaryImageOfPage":{"@id":"https:\/\/apuntesdesanluis.com\/index.php\/2023\/10\/02\/se-jugo-una-jueza-primer-fallo-con-sentido-comun-que-frena-el-festival-de-contrataciones\/#primaryimage"},"image":{"@id":"https:\/\/apuntesdesanluis.com\/index.php\/2023\/10\/02\/se-jugo-una-jueza-primer-fallo-con-sentido-comun-que-frena-el-festival-de-contrataciones\/#primaryimage"},"thumbnailUrl":"https:\/\/apuntesdesanluis.com\/wp-content\/uploads\/2023\/10\/MARIA-EUGENIA-BONA.png","datePublished":"2023-10-03T00:50:18+00:00","dateModified":"2023-10-03T01:29:13+00:00","breadcrumb":{"@id":"https:\/\/apuntesdesanluis.com\/index.php\/2023\/10\/02\/se-jugo-una-jueza-primer-fallo-con-sentido-comun-que-frena-el-festival-de-contrataciones\/#breadcrumb"},"inLanguage":"es-AR","potentialAction":[{"@type":"ReadAction","target":["https:\/\/apuntesdesanluis.com\/index.php\/2023\/10\/02\/se-jugo-una-jueza-primer-fallo-con-sentido-comun-que-frena-el-festival-de-contrataciones\/"]}]},{"@type":"ImageObject","inLanguage":"es-AR","@id":"https:\/\/apuntesdesanluis.com\/index.php\/2023\/10\/02\/se-jugo-una-jueza-primer-fallo-con-sentido-comun-que-frena-el-festival-de-contrataciones\/#primaryimage","url":"https:\/\/apuntesdesanluis.com\/wp-content\/uploads\/2023\/10\/MARIA-EUGENIA-BONA.png","contentUrl":"https:\/\/apuntesdesanluis.com\/wp-content\/uploads\/2023\/10\/MARIA-EUGENIA-BONA.png","width":980,"height":614},{"@type":"BreadcrumbList","@id":"https:\/\/apuntesdesanluis.com\/index.php\/2023\/10\/02\/se-jugo-una-jueza-primer-fallo-con-sentido-comun-que-frena-el-festival-de-contrataciones\/#breadcrumb","itemListElement":[{"@type":"ListItem","position":1,"name":"Inicio","item":"https:\/\/apuntesdesanluis.com\/"},{"@type":"ListItem","position":2,"name":"SE JUG\u00d3 UNA JUEZA: PRIMER FALLO CON SENTIDO COM\u00daN, QUE FRENA EL FESTIVAL DE CONTRATACIONES"}]},{"@type":"WebSite","@id":"https:\/\/apuntesdesanluis.com\/#website","url":"https:\/\/apuntesdesanluis.com\/","name":"Apuntes de San Luis","description":"","publisher":{"@id":"https:\/\/apuntesdesanluis.com\/#\/schema\/person\/b55151d52296fcce64d1a72538a70b90"},"potentialAction":[{"@type":"SearchAction","target":{"@type":"EntryPoint","urlTemplate":"https:\/\/apuntesdesanluis.com\/?s={search_term_string}"},"query-input":{"@type":"PropertyValueSpecification","valueRequired":true,"valueName":"search_term_string"}}],"inLanguage":"es-AR"},{"@type":["Person","Organization"],"@id":"https:\/\/apuntesdesanluis.com\/#\/schema\/person\/b55151d52296fcce64d1a72538a70b90","name":"apuntesdesanluis.com","image":{"@type":"ImageObject","inLanguage":"es-AR","@id":"https:\/\/apuntesdesanluis.com\/#\/schema\/person\/image\/","url":"https:\/\/apuntesdesanluis.com\/wp-content\/uploads\/2023\/07\/cropped-apuntesdesanluis.png","contentUrl":"https:\/\/apuntesdesanluis.com\/wp-content\/uploads\/2023\/07\/cropped-apuntesdesanluis.png","width":450,"height":112,"caption":"apuntesdesanluis.com"},"logo":{"@id":"https:\/\/apuntesdesanluis.com\/#\/schema\/person\/image\/"},"sameAs":["https:\/\/apuntesdesanluis.com"],"url":"https:\/\/apuntesdesanluis.com\/index.php\/author\/apuntesdesanluis-com\/"}]}},"featured_image_urls":{"full":["https:\/\/apuntesdesanluis.com\/wp-content\/uploads\/2023\/10\/MARIA-EUGENIA-BONA.png",980,614,false],"thumbnail":["https:\/\/apuntesdesanluis.com\/wp-content\/uploads\/2023\/10\/MARIA-EUGENIA-BONA-150x150.png",150,150,true],"medium":["https:\/\/apuntesdesanluis.com\/wp-content\/uploads\/2023\/10\/MARIA-EUGENIA-BONA-300x188.png",300,188,true],"medium_large":["https:\/\/apuntesdesanluis.com\/wp-content\/uploads\/2023\/10\/MARIA-EUGENIA-BONA-768x481.png",640,401,true],"large":["https:\/\/apuntesdesanluis.com\/wp-content\/uploads\/2023\/10\/MARIA-EUGENIA-BONA.png",640,401,false],"1536x1536":["https:\/\/apuntesdesanluis.com\/wp-content\/uploads\/2023\/10\/MARIA-EUGENIA-BONA.png",980,614,false],"2048x2048":["https:\/\/apuntesdesanluis.com\/wp-content\/uploads\/2023\/10\/MARIA-EUGENIA-BONA.png",980,614,false],"newsever-slider-full":["https:\/\/apuntesdesanluis.com\/wp-content\/uploads\/2023\/10\/MARIA-EUGENIA-BONA.png",980,614,false],"newsever-featured":["https:\/\/apuntesdesanluis.com\/wp-content\/uploads\/2023\/10\/MARIA-EUGENIA-BONA.png",980,614,false],"newsever-medium":["https:\/\/apuntesdesanluis.com\/wp-content\/uploads\/2023\/10\/MARIA-EUGENIA-BONA-720x475.png",720,475,true]},"author_info":{"display_name":"apuntesdesanluis.com","author_link":"https:\/\/apuntesdesanluis.com\/index.php\/author\/apuntesdesanluis-com\/"},"category_info":"<a href=\"https:\/\/apuntesdesanluis.com\/index.php\/category\/opinion\/\" rel=\"category tag\">Opini\u00f3n<\/a>","tag_info":"Opini\u00f3n","comment_count":"0","_links":{"self":[{"href":"https:\/\/apuntesdesanluis.com\/index.php\/wp-json\/wp\/v2\/posts\/4464","targetHints":{"allow":["GET"]}}],"collection":[{"href":"https:\/\/apuntesdesanluis.com\/index.php\/wp-json\/wp\/v2\/posts"}],"about":[{"href":"https:\/\/apuntesdesanluis.com\/index.php\/wp-json\/wp\/v2\/types\/post"}],"author":[{"embeddable":true,"href":"https:\/\/apuntesdesanluis.com\/index.php\/wp-json\/wp\/v2\/users\/1"}],"replies":[{"embeddable":true,"href":"https:\/\/apuntesdesanluis.com\/index.php\/wp-json\/wp\/v2\/comments?post=4464"}],"version-history":[{"count":3,"href":"https:\/\/apuntesdesanluis.com\/index.php\/wp-json\/wp\/v2\/posts\/4464\/revisions"}],"predecessor-version":[{"id":4469,"href":"https:\/\/apuntesdesanluis.com\/index.php\/wp-json\/wp\/v2\/posts\/4464\/revisions\/4469"}],"wp:featuredmedia":[{"embeddable":true,"href":"https:\/\/apuntesdesanluis.com\/index.php\/wp-json\/wp\/v2\/media\/4466"}],"wp:attachment":[{"href":"https:\/\/apuntesdesanluis.com\/index.php\/wp-json\/wp\/v2\/media?parent=4464"}],"wp:term":[{"taxonomy":"category","embeddable":true,"href":"https:\/\/apuntesdesanluis.com\/index.php\/wp-json\/wp\/v2\/categories?post=4464"},{"taxonomy":"post_tag","embeddable":true,"href":"https:\/\/apuntesdesanluis.com\/index.php\/wp-json\/wp\/v2\/tags?post=4464"}],"curies":[{"name":"wp","href":"https:\/\/api.w.org\/{rel}","templated":true}]}}