{"id":4470,"date":"2023-10-02T22:07:44","date_gmt":"2023-10-03T01:07:44","guid":{"rendered":"https:\/\/apuntesdesanluis.com\/?p=4470"},"modified":"2023-10-02T22:07:44","modified_gmt":"2023-10-03T01:07:44","slug":"argentina-eligio-la-pelicula-los-delincuentes-para-participar-en-los-oscar-2024","status":"publish","type":"post","link":"https:\/\/apuntesdesanluis.com\/index.php\/2023\/10\/02\/argentina-eligio-la-pelicula-los-delincuentes-para-participar-en-los-oscar-2024\/","title":{"rendered":"ARGENTINA ELIGI\u00d3 LA PEL\u00cdCULA \u201cLOS DELINCUENTES\u201d PARA PARTICIPAR EN LOS OSCAR 2024"},"content":{"rendered":"<h3>Se acerca la entrega de los Premios Oscar 2024 y la Academia de Cine Argentina ya anunci\u00f3 cu\u00e1l ser\u00e1 la pel\u00edcula que competir\u00e1 esta vez para quedarse con el Premio a Mejor Pel\u00edcula Extranjera. Se trata de <strong>Los Delincuentes<\/strong>, un largometraje dirigido por Rodrigo Moreno.<\/h3>\n<h3>La pel\u00edcula reci\u00e9n llegar\u00e1 a las salas de cine de Argentina el 26 de octubre, pero ya cuenta con un buen recibimiento en el Festival de Cine de Cannes 2023.<\/h3>\n<h3>Los protagonistas son <strong>Daniel El\u00edas<\/strong> y <strong>Esteban Bigliardi<\/strong> y la pel\u00edcula est\u00e1 inspirada en \u201cApenas un delincuente\u201d, de <strong>Hugo Fregonese<\/strong>, en 1949.<\/h3>\n<h3>Con este largometraje, Argentina buscar\u00e1 obtener el tercer Premio Oscar en esta categor\u00eda, luego de haberlo ganado en 1986 con La historia oficial y en 2010 con El secreto de sus ojos.<\/h3>\n<h3>En 2022, tras la tercera Copa del Mundo ganada por la Selecci\u00f3n, el cine parec\u00eda quedarse tambi\u00e9n con su tercera estrella gracias a Argentina, 1985, el film dirigido por Santiago Mitre y protagonizado por Ricardo Dar\u00edn. Finalmente, la estatuilla fue para Sin novedad en el frente.<\/h3>\n<h3>Habr\u00e1 que esperar a marzo de 2024 para ver si Argentina tiene su revancha y finalmente consigue su tercer Premios Oscar.<\/h3>\n<h3>LA TRAMA DE LA PEL\u00cdCULA<\/h3>\n<h3>En la historia, Mor\u00e1n (El\u00edas), empleado de una peque\u00f1a sucursal bancaria de Buenos Aires, se siente hastiado de la rutina corporativa de la entidad, agobiado y atormentado por una existencia gris. Decide entonces ir detr\u00e1s de una jubilaci\u00f3n tranquila, lo que no deber\u00eda sorprender a nadie. \u00bfEl detalle? Planea hacerlo de un modo ileg\u00edtimo, lo que incluir\u00e1 -al menos en su proyecto- un tiempo tras las rejas, mientras el bot\u00edn queda en manos de un compa\u00f1ero que har\u00e1 las veces de c\u00f3mplice, Rom\u00e1n (Bigliardi).<\/h3>\n<h3>El plan asoma como perfecto, hasta su ejecuci\u00f3n. Y es que Rom\u00e1n, cuya misi\u00f3n es resguardar el dinero -una suma que equivale a todos los sueldos que ambos ganar\u00edan hasta jubilarse-, se adentrar\u00e1 en una zona rural, donde se topar\u00e1 con una mujer que cambiar\u00e1 mucho m\u00e1s que su propio destino.<\/h3>\n<p><iframe title=\"LOS DELINCUENTES | Tr\u00e1iler Oficial | Octubre 26 en cines\" width=\"640\" height=\"360\" src=\"https:\/\/www.youtube.com\/embed\/pBVCBiaxwyI?feature=oembed\" frameborder=\"0\" allow=\"accelerometer; autoplay; clipboard-write; encrypted-media; gyroscope; picture-in-picture; web-share\" referrerpolicy=\"strict-origin-when-cross-origin\" allowfullscreen><\/iframe><\/p>\n<p>&nbsp;<\/p>\n<p>&nbsp;<\/p>\n<p>&nbsp;<\/p>\n<p>&nbsp;<\/p>\n","protected":false},"excerpt":{"rendered":"<p>Se acerca la entrega de los Premios Oscar 2024 y la Academia de Cine Argentina&#8230;<\/p>\n","protected":false},"author":1,"featured_media":4471,"comment_status":"closed","ping_status":"closed","sticky":false,"template":"","format":"standard","meta":{"footnotes":""},"categories":[5],"tags":[],"class_list":["post-4470","post","type-post","status-publish","format-standard","has-post-thumbnail","hentry","category-nacionales-internacionales"],"yoast_head":"<!-- This site is optimized with the Yoast SEO plugin v26.1.1 - https:\/\/yoast.com\/wordpress\/plugins\/seo\/ -->\n<title>ARGENTINA ELIGI\u00d3 LA PEL\u00cdCULA \u201cLOS DELINCUENTES\u201d PARA PARTICIPAR EN LOS OSCAR 2024 - Apuntes de San Luis<\/title>\n<meta name=\"robots\" content=\"index, follow, max-snippet:-1, max-image-preview:large, max-video-preview:-1\" \/>\n<link rel=\"canonical\" href=\"https:\/\/apuntesdesanluis.com\/index.php\/2023\/10\/02\/argentina-eligio-la-pelicula-los-delincuentes-para-participar-en-los-oscar-2024\/\" \/>\n<meta property=\"og:locale\" content=\"es_ES\" \/>\n<meta property=\"og:type\" content=\"article\" \/>\n<meta property=\"og:title\" content=\"ARGENTINA ELIGI\u00d3 LA PEL\u00cdCULA \u201cLOS DELINCUENTES\u201d PARA PARTICIPAR EN LOS OSCAR 2024 - Apuntes de San Luis\" \/>\n<meta property=\"og:description\" content=\"Se acerca la entrega de los Premios Oscar 2024 y la Academia de Cine Argentina...\" \/>\n<meta property=\"og:url\" content=\"https:\/\/apuntesdesanluis.com\/index.php\/2023\/10\/02\/argentina-eligio-la-pelicula-los-delincuentes-para-participar-en-los-oscar-2024\/\" \/>\n<meta property=\"og:site_name\" content=\"Apuntes de San Luis\" \/>\n<meta property=\"article:published_time\" content=\"2023-10-03T01:07:44+00:00\" \/>\n<meta property=\"og:image\" content=\"https:\/\/apuntesdesanluis.com\/wp-content\/uploads\/2023\/10\/LOS-DELINCUENTES.png\" \/>\n\t<meta property=\"og:image:width\" content=\"600\" \/>\n\t<meta property=\"og:image:height\" content=\"374\" \/>\n\t<meta property=\"og:image:type\" content=\"image\/png\" \/>\n<meta name=\"author\" content=\"apuntesdesanluis.com\" \/>\n<meta name=\"twitter:card\" content=\"summary_large_image\" \/>\n<meta name=\"twitter:label1\" content=\"Escrito por\" \/>\n\t<meta name=\"twitter:data1\" content=\"apuntesdesanluis.com\" \/>\n\t<meta name=\"twitter:label2\" content=\"Tiempo de lectura\" \/>\n\t<meta name=\"twitter:data2\" content=\"2 minutos\" \/>\n<script type=\"application\/ld+json\" class=\"yoast-schema-graph\">{\"@context\":\"https:\/\/schema.org\",\"@graph\":[{\"@type\":\"Article\",\"@id\":\"https:\/\/apuntesdesanluis.com\/index.php\/2023\/10\/02\/argentina-eligio-la-pelicula-los-delincuentes-para-participar-en-los-oscar-2024\/#article\",\"isPartOf\":{\"@id\":\"https:\/\/apuntesdesanluis.com\/index.php\/2023\/10\/02\/argentina-eligio-la-pelicula-los-delincuentes-para-participar-en-los-oscar-2024\/\"},\"author\":{\"name\":\"apuntesdesanluis.com\",\"@id\":\"https:\/\/apuntesdesanluis.com\/#\/schema\/person\/b55151d52296fcce64d1a72538a70b90\"},\"headline\":\"ARGENTINA ELIGI\u00d3 LA PEL\u00cdCULA \u201cLOS DELINCUENTES\u201d PARA PARTICIPAR EN LOS OSCAR 2024\",\"datePublished\":\"2023-10-03T01:07:44+00:00\",\"mainEntityOfPage\":{\"@id\":\"https:\/\/apuntesdesanluis.com\/index.php\/2023\/10\/02\/argentina-eligio-la-pelicula-los-delincuentes-para-participar-en-los-oscar-2024\/\"},\"wordCount\":378,\"publisher\":{\"@id\":\"https:\/\/apuntesdesanluis.com\/#\/schema\/person\/b55151d52296fcce64d1a72538a70b90\"},\"image\":{\"@id\":\"https:\/\/apuntesdesanluis.com\/index.php\/2023\/10\/02\/argentina-eligio-la-pelicula-los-delincuentes-para-participar-en-los-oscar-2024\/#primaryimage\"},\"thumbnailUrl\":\"https:\/\/apuntesdesanluis.com\/wp-content\/uploads\/2023\/10\/LOS-DELINCUENTES.png\",\"articleSection\":[\"Nacionales\/Internacionales\"],\"inLanguage\":\"es-AR\"},{\"@type\":\"WebPage\",\"@id\":\"https:\/\/apuntesdesanluis.com\/index.php\/2023\/10\/02\/argentina-eligio-la-pelicula-los-delincuentes-para-participar-en-los-oscar-2024\/\",\"url\":\"https:\/\/apuntesdesanluis.com\/index.php\/2023\/10\/02\/argentina-eligio-la-pelicula-los-delincuentes-para-participar-en-los-oscar-2024\/\",\"name\":\"ARGENTINA ELIGI\u00d3 LA PEL\u00cdCULA \u201cLOS DELINCUENTES\u201d PARA PARTICIPAR EN LOS OSCAR 2024 - Apuntes de San Luis\",\"isPartOf\":{\"@id\":\"https:\/\/apuntesdesanluis.com\/#website\"},\"primaryImageOfPage\":{\"@id\":\"https:\/\/apuntesdesanluis.com\/index.php\/2023\/10\/02\/argentina-eligio-la-pelicula-los-delincuentes-para-participar-en-los-oscar-2024\/#primaryimage\"},\"image\":{\"@id\":\"https:\/\/apuntesdesanluis.com\/index.php\/2023\/10\/02\/argentina-eligio-la-pelicula-los-delincuentes-para-participar-en-los-oscar-2024\/#primaryimage\"},\"thumbnailUrl\":\"https:\/\/apuntesdesanluis.com\/wp-content\/uploads\/2023\/10\/LOS-DELINCUENTES.png\",\"datePublished\":\"2023-10-03T01:07:44+00:00\",\"breadcrumb\":{\"@id\":\"https:\/\/apuntesdesanluis.com\/index.php\/2023\/10\/02\/argentina-eligio-la-pelicula-los-delincuentes-para-participar-en-los-oscar-2024\/#breadcrumb\"},\"inLanguage\":\"es-AR\",\"potentialAction\":[{\"@type\":\"ReadAction\",\"target\":[\"https:\/\/apuntesdesanluis.com\/index.php\/2023\/10\/02\/argentina-eligio-la-pelicula-los-delincuentes-para-participar-en-los-oscar-2024\/\"]}]},{\"@type\":\"ImageObject\",\"inLanguage\":\"es-AR\",\"@id\":\"https:\/\/apuntesdesanluis.com\/index.php\/2023\/10\/02\/argentina-eligio-la-pelicula-los-delincuentes-para-participar-en-los-oscar-2024\/#primaryimage\",\"url\":\"https:\/\/apuntesdesanluis.com\/wp-content\/uploads\/2023\/10\/LOS-DELINCUENTES.png\",\"contentUrl\":\"https:\/\/apuntesdesanluis.com\/wp-content\/uploads\/2023\/10\/LOS-DELINCUENTES.png\",\"width\":600,\"height\":374},{\"@type\":\"BreadcrumbList\",\"@id\":\"https:\/\/apuntesdesanluis.com\/index.php\/2023\/10\/02\/argentina-eligio-la-pelicula-los-delincuentes-para-participar-en-los-oscar-2024\/#breadcrumb\",\"itemListElement\":[{\"@type\":\"ListItem\",\"position\":1,\"name\":\"Inicio\",\"item\":\"https:\/\/apuntesdesanluis.com\/\"},{\"@type\":\"ListItem\",\"position\":2,\"name\":\"ARGENTINA ELIGI\u00d3 LA PEL\u00cdCULA \u201cLOS DELINCUENTES\u201d PARA PARTICIPAR EN LOS OSCAR 2024\"}]},{\"@type\":\"WebSite\",\"@id\":\"https:\/\/apuntesdesanluis.com\/#website\",\"url\":\"https:\/\/apuntesdesanluis.com\/\",\"name\":\"Apuntes de San Luis\",\"description\":\"\",\"publisher\":{\"@id\":\"https:\/\/apuntesdesanluis.com\/#\/schema\/person\/b55151d52296fcce64d1a72538a70b90\"},\"potentialAction\":[{\"@type\":\"SearchAction\",\"target\":{\"@type\":\"EntryPoint\",\"urlTemplate\":\"https:\/\/apuntesdesanluis.com\/?s={search_term_string}\"},\"query-input\":{\"@type\":\"PropertyValueSpecification\",\"valueRequired\":true,\"valueName\":\"search_term_string\"}}],\"inLanguage\":\"es-AR\"},{\"@type\":[\"Person\",\"Organization\"],\"@id\":\"https:\/\/apuntesdesanluis.com\/#\/schema\/person\/b55151d52296fcce64d1a72538a70b90\",\"name\":\"apuntesdesanluis.com\",\"image\":{\"@type\":\"ImageObject\",\"inLanguage\":\"es-AR\",\"@id\":\"https:\/\/apuntesdesanluis.com\/#\/schema\/person\/image\/\",\"url\":\"https:\/\/apuntesdesanluis.com\/wp-content\/uploads\/2023\/07\/cropped-apuntesdesanluis.png\",\"contentUrl\":\"https:\/\/apuntesdesanluis.com\/wp-content\/uploads\/2023\/07\/cropped-apuntesdesanluis.png\",\"width\":450,\"height\":112,\"caption\":\"apuntesdesanluis.com\"},\"logo\":{\"@id\":\"https:\/\/apuntesdesanluis.com\/#\/schema\/person\/image\/\"},\"sameAs\":[\"https:\/\/apuntesdesanluis.com\"],\"url\":\"https:\/\/apuntesdesanluis.com\/index.php\/author\/apuntesdesanluis-com\/\"}]}<\/script>\n<!-- \/ Yoast SEO plugin. -->","yoast_head_json":{"title":"ARGENTINA ELIGI\u00d3 LA PEL\u00cdCULA \u201cLOS DELINCUENTES\u201d PARA PARTICIPAR EN LOS OSCAR 2024 - Apuntes de San Luis","robots":{"index":"index","follow":"follow","max-snippet":"max-snippet:-1","max-image-preview":"max-image-preview:large","max-video-preview":"max-video-preview:-1"},"canonical":"https:\/\/apuntesdesanluis.com\/index.php\/2023\/10\/02\/argentina-eligio-la-pelicula-los-delincuentes-para-participar-en-los-oscar-2024\/","og_locale":"es_ES","og_type":"article","og_title":"ARGENTINA ELIGI\u00d3 LA PEL\u00cdCULA \u201cLOS DELINCUENTES\u201d PARA PARTICIPAR EN LOS OSCAR 2024 - Apuntes de San Luis","og_description":"Se acerca la entrega de los Premios Oscar 2024 y la Academia de Cine Argentina...","og_url":"https:\/\/apuntesdesanluis.com\/index.php\/2023\/10\/02\/argentina-eligio-la-pelicula-los-delincuentes-para-participar-en-los-oscar-2024\/","og_site_name":"Apuntes de San Luis","article_published_time":"2023-10-03T01:07:44+00:00","og_image":[{"width":600,"height":374,"url":"https:\/\/apuntesdesanluis.com\/wp-content\/uploads\/2023\/10\/LOS-DELINCUENTES.png","type":"image\/png"}],"author":"apuntesdesanluis.com","twitter_card":"summary_large_image","twitter_misc":{"Escrito por":"apuntesdesanluis.com","Tiempo de lectura":"2 minutos"},"schema":{"@context":"https:\/\/schema.org","@graph":[{"@type":"Article","@id":"https:\/\/apuntesdesanluis.com\/index.php\/2023\/10\/02\/argentina-eligio-la-pelicula-los-delincuentes-para-participar-en-los-oscar-2024\/#article","isPartOf":{"@id":"https:\/\/apuntesdesanluis.com\/index.php\/2023\/10\/02\/argentina-eligio-la-pelicula-los-delincuentes-para-participar-en-los-oscar-2024\/"},"author":{"name":"apuntesdesanluis.com","@id":"https:\/\/apuntesdesanluis.com\/#\/schema\/person\/b55151d52296fcce64d1a72538a70b90"},"headline":"ARGENTINA ELIGI\u00d3 LA PEL\u00cdCULA \u201cLOS DELINCUENTES\u201d PARA PARTICIPAR EN LOS OSCAR 2024","datePublished":"2023-10-03T01:07:44+00:00","mainEntityOfPage":{"@id":"https:\/\/apuntesdesanluis.com\/index.php\/2023\/10\/02\/argentina-eligio-la-pelicula-los-delincuentes-para-participar-en-los-oscar-2024\/"},"wordCount":378,"publisher":{"@id":"https:\/\/apuntesdesanluis.com\/#\/schema\/person\/b55151d52296fcce64d1a72538a70b90"},"image":{"@id":"https:\/\/apuntesdesanluis.com\/index.php\/2023\/10\/02\/argentina-eligio-la-pelicula-los-delincuentes-para-participar-en-los-oscar-2024\/#primaryimage"},"thumbnailUrl":"https:\/\/apuntesdesanluis.com\/wp-content\/uploads\/2023\/10\/LOS-DELINCUENTES.png","articleSection":["Nacionales\/Internacionales"],"inLanguage":"es-AR"},{"@type":"WebPage","@id":"https:\/\/apuntesdesanluis.com\/index.php\/2023\/10\/02\/argentina-eligio-la-pelicula-los-delincuentes-para-participar-en-los-oscar-2024\/","url":"https:\/\/apuntesdesanluis.com\/index.php\/2023\/10\/02\/argentina-eligio-la-pelicula-los-delincuentes-para-participar-en-los-oscar-2024\/","name":"ARGENTINA ELIGI\u00d3 LA PEL\u00cdCULA \u201cLOS DELINCUENTES\u201d PARA PARTICIPAR EN LOS OSCAR 2024 - Apuntes de San Luis","isPartOf":{"@id":"https:\/\/apuntesdesanluis.com\/#website"},"primaryImageOfPage":{"@id":"https:\/\/apuntesdesanluis.com\/index.php\/2023\/10\/02\/argentina-eligio-la-pelicula-los-delincuentes-para-participar-en-los-oscar-2024\/#primaryimage"},"image":{"@id":"https:\/\/apuntesdesanluis.com\/index.php\/2023\/10\/02\/argentina-eligio-la-pelicula-los-delincuentes-para-participar-en-los-oscar-2024\/#primaryimage"},"thumbnailUrl":"https:\/\/apuntesdesanluis.com\/wp-content\/uploads\/2023\/10\/LOS-DELINCUENTES.png","datePublished":"2023-10-03T01:07:44+00:00","breadcrumb":{"@id":"https:\/\/apuntesdesanluis.com\/index.php\/2023\/10\/02\/argentina-eligio-la-pelicula-los-delincuentes-para-participar-en-los-oscar-2024\/#breadcrumb"},"inLanguage":"es-AR","potentialAction":[{"@type":"ReadAction","target":["https:\/\/apuntesdesanluis.com\/index.php\/2023\/10\/02\/argentina-eligio-la-pelicula-los-delincuentes-para-participar-en-los-oscar-2024\/"]}]},{"@type":"ImageObject","inLanguage":"es-AR","@id":"https:\/\/apuntesdesanluis.com\/index.php\/2023\/10\/02\/argentina-eligio-la-pelicula-los-delincuentes-para-participar-en-los-oscar-2024\/#primaryimage","url":"https:\/\/apuntesdesanluis.com\/wp-content\/uploads\/2023\/10\/LOS-DELINCUENTES.png","contentUrl":"https:\/\/apuntesdesanluis.com\/wp-content\/uploads\/2023\/10\/LOS-DELINCUENTES.png","width":600,"height":374},{"@type":"BreadcrumbList","@id":"https:\/\/apuntesdesanluis.com\/index.php\/2023\/10\/02\/argentina-eligio-la-pelicula-los-delincuentes-para-participar-en-los-oscar-2024\/#breadcrumb","itemListElement":[{"@type":"ListItem","position":1,"name":"Inicio","item":"https:\/\/apuntesdesanluis.com\/"},{"@type":"ListItem","position":2,"name":"ARGENTINA ELIGI\u00d3 LA PEL\u00cdCULA \u201cLOS DELINCUENTES\u201d PARA PARTICIPAR EN LOS OSCAR 2024"}]},{"@type":"WebSite","@id":"https:\/\/apuntesdesanluis.com\/#website","url":"https:\/\/apuntesdesanluis.com\/","name":"Apuntes de San Luis","description":"","publisher":{"@id":"https:\/\/apuntesdesanluis.com\/#\/schema\/person\/b55151d52296fcce64d1a72538a70b90"},"potentialAction":[{"@type":"SearchAction","target":{"@type":"EntryPoint","urlTemplate":"https:\/\/apuntesdesanluis.com\/?s={search_term_string}"},"query-input":{"@type":"PropertyValueSpecification","valueRequired":true,"valueName":"search_term_string"}}],"inLanguage":"es-AR"},{"@type":["Person","Organization"],"@id":"https:\/\/apuntesdesanluis.com\/#\/schema\/person\/b55151d52296fcce64d1a72538a70b90","name":"apuntesdesanluis.com","image":{"@type":"ImageObject","inLanguage":"es-AR","@id":"https:\/\/apuntesdesanluis.com\/#\/schema\/person\/image\/","url":"https:\/\/apuntesdesanluis.com\/wp-content\/uploads\/2023\/07\/cropped-apuntesdesanluis.png","contentUrl":"https:\/\/apuntesdesanluis.com\/wp-content\/uploads\/2023\/07\/cropped-apuntesdesanluis.png","width":450,"height":112,"caption":"apuntesdesanluis.com"},"logo":{"@id":"https:\/\/apuntesdesanluis.com\/#\/schema\/person\/image\/"},"sameAs":["https:\/\/apuntesdesanluis.com"],"url":"https:\/\/apuntesdesanluis.com\/index.php\/author\/apuntesdesanluis-com\/"}]}},"featured_image_urls":{"full":["https:\/\/apuntesdesanluis.com\/wp-content\/uploads\/2023\/10\/LOS-DELINCUENTES.png",600,374,false],"thumbnail":["https:\/\/apuntesdesanluis.com\/wp-content\/uploads\/2023\/10\/LOS-DELINCUENTES-150x150.png",150,150,true],"medium":["https:\/\/apuntesdesanluis.com\/wp-content\/uploads\/2023\/10\/LOS-DELINCUENTES-300x187.png",300,187,true],"medium_large":["https:\/\/apuntesdesanluis.com\/wp-content\/uploads\/2023\/10\/LOS-DELINCUENTES.png",600,374,false],"large":["https:\/\/apuntesdesanluis.com\/wp-content\/uploads\/2023\/10\/LOS-DELINCUENTES.png",600,374,false],"1536x1536":["https:\/\/apuntesdesanluis.com\/wp-content\/uploads\/2023\/10\/LOS-DELINCUENTES.png",600,374,false],"2048x2048":["https:\/\/apuntesdesanluis.com\/wp-content\/uploads\/2023\/10\/LOS-DELINCUENTES.png",600,374,false],"newsever-slider-full":["https:\/\/apuntesdesanluis.com\/wp-content\/uploads\/2023\/10\/LOS-DELINCUENTES.png",600,374,false],"newsever-featured":["https:\/\/apuntesdesanluis.com\/wp-content\/uploads\/2023\/10\/LOS-DELINCUENTES.png",600,374,false],"newsever-medium":["https:\/\/apuntesdesanluis.com\/wp-content\/uploads\/2023\/10\/LOS-DELINCUENTES.png",600,374,false]},"author_info":{"display_name":"apuntesdesanluis.com","author_link":"https:\/\/apuntesdesanluis.com\/index.php\/author\/apuntesdesanluis-com\/"},"category_info":"<a href=\"https:\/\/apuntesdesanluis.com\/index.php\/category\/nacionales-internacionales\/\" rel=\"category tag\">Nacionales\/Internacionales<\/a>","tag_info":"Nacionales\/Internacionales","comment_count":"0","_links":{"self":[{"href":"https:\/\/apuntesdesanluis.com\/index.php\/wp-json\/wp\/v2\/posts\/4470","targetHints":{"allow":["GET"]}}],"collection":[{"href":"https:\/\/apuntesdesanluis.com\/index.php\/wp-json\/wp\/v2\/posts"}],"about":[{"href":"https:\/\/apuntesdesanluis.com\/index.php\/wp-json\/wp\/v2\/types\/post"}],"author":[{"embeddable":true,"href":"https:\/\/apuntesdesanluis.com\/index.php\/wp-json\/wp\/v2\/users\/1"}],"replies":[{"embeddable":true,"href":"https:\/\/apuntesdesanluis.com\/index.php\/wp-json\/wp\/v2\/comments?post=4470"}],"version-history":[{"count":1,"href":"https:\/\/apuntesdesanluis.com\/index.php\/wp-json\/wp\/v2\/posts\/4470\/revisions"}],"predecessor-version":[{"id":4472,"href":"https:\/\/apuntesdesanluis.com\/index.php\/wp-json\/wp\/v2\/posts\/4470\/revisions\/4472"}],"wp:featuredmedia":[{"embeddable":true,"href":"https:\/\/apuntesdesanluis.com\/index.php\/wp-json\/wp\/v2\/media\/4471"}],"wp:attachment":[{"href":"https:\/\/apuntesdesanluis.com\/index.php\/wp-json\/wp\/v2\/media?parent=4470"}],"wp:term":[{"taxonomy":"category","embeddable":true,"href":"https:\/\/apuntesdesanluis.com\/index.php\/wp-json\/wp\/v2\/categories?post=4470"},{"taxonomy":"post_tag","embeddable":true,"href":"https:\/\/apuntesdesanluis.com\/index.php\/wp-json\/wp\/v2\/tags?post=4470"}],"curies":[{"name":"wp","href":"https:\/\/api.w.org\/{rel}","templated":true}]}}