{"id":4473,"date":"2023-10-02T22:17:21","date_gmt":"2023-10-03T01:17:21","guid":{"rendered":"https:\/\/apuntesdesanluis.com\/?p=4473"},"modified":"2023-10-03T00:20:41","modified_gmt":"2023-10-03T03:20:41","slug":"storani-reclamo-justicia-por-la-muerte-de-su-hijo-y-otras-dos-personas-el-responsable-no-estuvo-ni-una-hora-detenido","status":"publish","type":"post","link":"https:\/\/apuntesdesanluis.com\/index.php\/2023\/10\/02\/storani-reclamo-justicia-por-la-muerte-de-su-hijo-y-otras-dos-personas-el-responsable-no-estuvo-ni-una-hora-detenido\/","title":{"rendered":"STORANI RECLAM\u00d3 JUSTICIA POR LA MUERTE DE SU HIJO Y OTRAS DOS PERSONAS: \u201cEL RESPONSABLE NO ESTUVO NI UNA HORA DETENIDO\u201d"},"content":{"rendered":"<h3>El l\u00edder radical habl\u00f3 antes de que comenzara el juicio en donde se debatir\u00e1 si se condena al conductor de la lancha que mat\u00f3 a tres personas y est\u00e1 libre desde hace m\u00e1s de 7 a\u00f1os.<\/h3>\n<h3>\u00a0\u201cLa sensaci\u00f3n es contradictoria. Por un lado, con esperanza para que se haga justicia y, por el otro, un sabor agridulce por haber esperado tanto tiempo para llegar al final y establecer cierta calma a una tragedia tan dolorosa como la que nos ha envuelto a m\u00ed y a toda mi familia\u201d, dijo esta ma\u00f1ana el l\u00edder radical <strong>Federico Storani<\/strong> en la puerta de los tribunales de San Isidro, a punto de comenzar el debate oral en donde se juzgar\u00e1 al responsable de haber matado a su hijo Manuel, a la mam\u00e1 de \u00e9l y una tercera persona. El acusado es <strong>Pablo Torres Lacal<\/strong> (55), quien llega libre e imputado por el triple homicidio con dolo eventual.<\/h3>\n<p><img fetchpriority=\"high\" decoding=\"async\" class=\"wp-image-4476 aligncenter\" src=\"https:\/\/apuntesdesanluis.com\/wp-content\/uploads\/2023\/10\/FEDERICO-STORANI-Y-SU-HIJO-300x189.png\" alt=\"\" width=\"627\" height=\"395\" srcset=\"https:\/\/apuntesdesanluis.com\/wp-content\/uploads\/2023\/10\/FEDERICO-STORANI-Y-SU-HIJO-300x189.png 300w, https:\/\/apuntesdesanluis.com\/wp-content\/uploads\/2023\/10\/FEDERICO-STORANI-Y-SU-HIJO.png 756w\" sizes=\"(max-width: 627px) 100vw, 627px\" \/><\/p>\n<h4 style=\"text-align: center;\"><em>Manuel (14) y Federico Storani.<\/em><\/h4>\n<h3>Para Storani, \u201ces curioso porque no estuvo ni una hora detenido, goz\u00f3 de libertad durante siete a\u00f1os y medio. Hizo frecuentes viajes al exterior. Incluso cuando se cumpl\u00eda el primer a\u00f1o del cumplea\u00f1os de \u2018Manu\u2019, y nosotros est\u00e1bamos api\u00f1ados y desgarrados en el cementerio, que despu\u00e9s se volvi\u00f3 un ritual, \u00e9l ese encontraba por un mes en la India. Es raro que con tres muertes, y despu\u00e9s de una desesperada y angustiosa b\u00fasqueda (del cuerpo) el imputado no haya estado detenido ni un solo d\u00eda\u201d.<\/h3>\n<h3>Incluso, Storani afirm\u00f3 que el acusado \u201cnunca\u201d se comunic\u00f3 con \u00e9l en estos siete a\u00f1os. \u201cSu \u00fanico objetivo fue negociar junto a sus abogados la calificaci\u00f3n del delito que se le imputa, lo cual habla de su falta de empat\u00eda. Si \u00e9l est\u00e1 pidiendo su sobreseimiento por su inocencia, lo que deber\u00eda haber hecho es presentarse a al tribunal para que se haga el juicio. Pero si en el inter\u00edn lo que se hace es dilatar y presentar chicanas tras chicanas para que el juicio se demore es que \u00e9l especulaba con el paso del tiempo\u201d para obtener la prescripci\u00f3n, destac\u00f3.<\/h3>\n<h3>\u201cSu actitud ha sido francamente inmoral -sostuvo-. A pesar de las advertencias previas, continu\u00f3 con su actitud de ir a toda velocidad en un lugar donde hab\u00eda cero visibilidad, vale la pena aclarar que no se ve\u00eda nada, era como jugar a la ruleta rusa. El problema es que mi hijo y su mam\u00e1 no estaban jugando a la ruleta rusa\u201d.<\/h3>\n<p><iframe title=\"Storani pide sanci\u00f3n &quot;ejemplar&quot; en juicio por muerte de su hijo y la madre en choque de lanchas\" width=\"640\" height=\"360\" src=\"https:\/\/www.youtube.com\/embed\/tM9vFBbiuOc?start=15&#038;feature=oembed\" frameborder=\"0\" allow=\"accelerometer; autoplay; clipboard-write; encrypted-media; gyroscope; picture-in-picture; web-share\" referrerpolicy=\"strict-origin-when-cross-origin\" allowfullscreen><\/iframe><\/p>\n<h3>El 31 de marzo de 2016, Manuel Storani, de 14 a\u00f1os, viajaba junto a su madre, Mar\u00eda de los \u00c1ngeles Bruzzone, y otras cuatro personas en una lancha que cerca de las 23 fue violentamente embestida por otra embarcaci\u00f3n conducida por Torres Lacal, \u201cque ven\u00eda a velocidad m\u00e1xima y haciendo zigzag\u201d, seg\u00fan testimonios de testigos. De la investigaci\u00f3n judicial tambi\u00e9n se desprende que al momento del impacto la visibilidad era pr\u00e1cticamente nula.<\/h3>\n<h3>Manuel ten\u00eda 14 a\u00f1os y muri\u00f3 en el acto. Su cuerpo fue hallado en el r\u00edo Luj\u00e1n despu\u00e9s de tres d\u00edas de b\u00fasqueda. La autopsia determin\u00f3 que perdi\u00f3 la vida por los golpes en el cr\u00e1neo y en el cuello. Adem\u00e1s de su mam\u00e1, falleci\u00f3 Francisco Javier Gotti, un amigo de Torres Lacal. Sin embargo, su familia decidi\u00f3 no denunciar al acusado.<\/h3>\n<p><img decoding=\"async\" class=\"wp-image-4475 aligncenter\" src=\"https:\/\/apuntesdesanluis.com\/wp-content\/uploads\/2023\/10\/TORRES-300x222.png\" alt=\"\" width=\"626\" height=\"463\" srcset=\"https:\/\/apuntesdesanluis.com\/wp-content\/uploads\/2023\/10\/TORRES-300x222.png 300w, https:\/\/apuntesdesanluis.com\/wp-content\/uploads\/2023\/10\/TORRES-768x569.png 768w, https:\/\/apuntesdesanluis.com\/wp-content\/uploads\/2023\/10\/TORRES.png 847w\" sizes=\"(max-width: 626px) 100vw, 626px\" \/><\/p>\n<h4 style=\"text-align: center;\"><em>Torres Lacal, acusado de triple homicidio por dolo eventual.<\/em><\/h4>\n<h3>El Tribunal Oral 1 en lo Criminal de San Isidro, integrado por Sebasti\u00e1n Hip\u00f3lito Urquijo, Alberto Ortolani y Gonzalo Aquino, deber\u00e1 analizar la responsabilidad de Torres Lacal, de 55 a\u00f1os, quien transit\u00f3 toda la instrucci\u00f3n en libertad. En estos d\u00edas se cumplieron poco m\u00e1s de siete a\u00f1os y seis meses desde el tr\u00e1gico choque. De ser hallado culpable, el acusado podr\u00eda recibir una pena de entre 8 y 25 a\u00f1os de c\u00e1rcel.<\/h3>\n<h3>Durante el d\u00eda de hoy, se espera que el propio Storani pueda declarar en el proceso en una larga audiencia, en donde tambi\u00e9n se escuchar\u00eda a otros testigos claves convocados por la fiscal\u00eda que vieron que lo pas\u00f3.<\/h3>\n<p>&nbsp;<\/p>\n<p>&nbsp;<\/p>\n<p>&nbsp;<\/p>\n","protected":false},"excerpt":{"rendered":"<p>El l\u00edder radical habl\u00f3 antes de que comenzara el juicio en donde se debatir\u00e1 si&#8230;<\/p>\n","protected":false},"author":1,"featured_media":4474,"comment_status":"closed","ping_status":"closed","sticky":false,"template":"","format":"standard","meta":{"footnotes":""},"categories":[5],"tags":[],"class_list":["post-4473","post","type-post","status-publish","format-standard","has-post-thumbnail","hentry","category-nacionales-internacionales"],"yoast_head":"<!-- This site is optimized with the Yoast SEO plugin v26.1.1 - https:\/\/yoast.com\/wordpress\/plugins\/seo\/ -->\n<title>STORANI RECLAM\u00d3 JUSTICIA POR LA MUERTE DE SU HIJO Y OTRAS DOS PERSONAS: \u201cEL RESPONSABLE NO ESTUVO NI UNA HORA DETENIDO\u201d - Apuntes de San Luis<\/title>\n<meta name=\"robots\" content=\"index, follow, max-snippet:-1, max-image-preview:large, max-video-preview:-1\" \/>\n<link rel=\"canonical\" href=\"https:\/\/apuntesdesanluis.com\/index.php\/2023\/10\/02\/storani-reclamo-justicia-por-la-muerte-de-su-hijo-y-otras-dos-personas-el-responsable-no-estuvo-ni-una-hora-detenido\/\" \/>\n<meta property=\"og:locale\" content=\"es_ES\" \/>\n<meta property=\"og:type\" content=\"article\" \/>\n<meta property=\"og:title\" content=\"STORANI RECLAM\u00d3 JUSTICIA POR LA MUERTE DE SU HIJO Y OTRAS DOS PERSONAS: \u201cEL RESPONSABLE NO ESTUVO NI UNA HORA DETENIDO\u201d - Apuntes de San Luis\" \/>\n<meta property=\"og:description\" content=\"El l\u00edder radical habl\u00f3 antes de que comenzara el juicio en donde se debatir\u00e1 si...\" \/>\n<meta property=\"og:url\" content=\"https:\/\/apuntesdesanluis.com\/index.php\/2023\/10\/02\/storani-reclamo-justicia-por-la-muerte-de-su-hijo-y-otras-dos-personas-el-responsable-no-estuvo-ni-una-hora-detenido\/\" \/>\n<meta property=\"og:site_name\" content=\"Apuntes de San Luis\" \/>\n<meta property=\"article:published_time\" content=\"2023-10-03T01:17:21+00:00\" \/>\n<meta property=\"article:modified_time\" content=\"2023-10-03T03:20:41+00:00\" \/>\n<meta property=\"og:image\" content=\"https:\/\/apuntesdesanluis.com\/wp-content\/uploads\/2023\/10\/FEDERICO-STORANI.png\" \/>\n\t<meta property=\"og:image:width\" content=\"834\" \/>\n\t<meta property=\"og:image:height\" content=\"458\" \/>\n\t<meta property=\"og:image:type\" content=\"image\/png\" \/>\n<meta name=\"author\" content=\"apuntesdesanluis.com\" \/>\n<meta name=\"twitter:card\" content=\"summary_large_image\" \/>\n<meta name=\"twitter:label1\" content=\"Escrito por\" \/>\n\t<meta name=\"twitter:data1\" content=\"apuntesdesanluis.com\" \/>\n\t<meta name=\"twitter:label2\" content=\"Tiempo de lectura\" \/>\n\t<meta name=\"twitter:data2\" content=\"4 minutos\" \/>\n<script type=\"application\/ld+json\" class=\"yoast-schema-graph\">{\"@context\":\"https:\/\/schema.org\",\"@graph\":[{\"@type\":\"Article\",\"@id\":\"https:\/\/apuntesdesanluis.com\/index.php\/2023\/10\/02\/storani-reclamo-justicia-por-la-muerte-de-su-hijo-y-otras-dos-personas-el-responsable-no-estuvo-ni-una-hora-detenido\/#article\",\"isPartOf\":{\"@id\":\"https:\/\/apuntesdesanluis.com\/index.php\/2023\/10\/02\/storani-reclamo-justicia-por-la-muerte-de-su-hijo-y-otras-dos-personas-el-responsable-no-estuvo-ni-una-hora-detenido\/\"},\"author\":{\"name\":\"apuntesdesanluis.com\",\"@id\":\"https:\/\/apuntesdesanluis.com\/#\/schema\/person\/b55151d52296fcce64d1a72538a70b90\"},\"headline\":\"STORANI RECLAM\u00d3 JUSTICIA POR LA MUERTE DE SU HIJO Y OTRAS DOS PERSONAS: \u201cEL RESPONSABLE NO ESTUVO NI UNA HORA DETENIDO\u201d\",\"datePublished\":\"2023-10-03T01:17:21+00:00\",\"dateModified\":\"2023-10-03T03:20:41+00:00\",\"mainEntityOfPage\":{\"@id\":\"https:\/\/apuntesdesanluis.com\/index.php\/2023\/10\/02\/storani-reclamo-justicia-por-la-muerte-de-su-hijo-y-otras-dos-personas-el-responsable-no-estuvo-ni-una-hora-detenido\/\"},\"wordCount\":739,\"publisher\":{\"@id\":\"https:\/\/apuntesdesanluis.com\/#\/schema\/person\/b55151d52296fcce64d1a72538a70b90\"},\"image\":{\"@id\":\"https:\/\/apuntesdesanluis.com\/index.php\/2023\/10\/02\/storani-reclamo-justicia-por-la-muerte-de-su-hijo-y-otras-dos-personas-el-responsable-no-estuvo-ni-una-hora-detenido\/#primaryimage\"},\"thumbnailUrl\":\"https:\/\/apuntesdesanluis.com\/wp-content\/uploads\/2023\/10\/FEDERICO-STORANI.png\",\"articleSection\":[\"Nacionales\/Internacionales\"],\"inLanguage\":\"es-AR\"},{\"@type\":\"WebPage\",\"@id\":\"https:\/\/apuntesdesanluis.com\/index.php\/2023\/10\/02\/storani-reclamo-justicia-por-la-muerte-de-su-hijo-y-otras-dos-personas-el-responsable-no-estuvo-ni-una-hora-detenido\/\",\"url\":\"https:\/\/apuntesdesanluis.com\/index.php\/2023\/10\/02\/storani-reclamo-justicia-por-la-muerte-de-su-hijo-y-otras-dos-personas-el-responsable-no-estuvo-ni-una-hora-detenido\/\",\"name\":\"STORANI RECLAM\u00d3 JUSTICIA POR LA MUERTE DE SU HIJO Y OTRAS DOS PERSONAS: \u201cEL RESPONSABLE NO ESTUVO NI UNA HORA DETENIDO\u201d - Apuntes de San Luis\",\"isPartOf\":{\"@id\":\"https:\/\/apuntesdesanluis.com\/#website\"},\"primaryImageOfPage\":{\"@id\":\"https:\/\/apuntesdesanluis.com\/index.php\/2023\/10\/02\/storani-reclamo-justicia-por-la-muerte-de-su-hijo-y-otras-dos-personas-el-responsable-no-estuvo-ni-una-hora-detenido\/#primaryimage\"},\"image\":{\"@id\":\"https:\/\/apuntesdesanluis.com\/index.php\/2023\/10\/02\/storani-reclamo-justicia-por-la-muerte-de-su-hijo-y-otras-dos-personas-el-responsable-no-estuvo-ni-una-hora-detenido\/#primaryimage\"},\"thumbnailUrl\":\"https:\/\/apuntesdesanluis.com\/wp-content\/uploads\/2023\/10\/FEDERICO-STORANI.png\",\"datePublished\":\"2023-10-03T01:17:21+00:00\",\"dateModified\":\"2023-10-03T03:20:41+00:00\",\"breadcrumb\":{\"@id\":\"https:\/\/apuntesdesanluis.com\/index.php\/2023\/10\/02\/storani-reclamo-justicia-por-la-muerte-de-su-hijo-y-otras-dos-personas-el-responsable-no-estuvo-ni-una-hora-detenido\/#breadcrumb\"},\"inLanguage\":\"es-AR\",\"potentialAction\":[{\"@type\":\"ReadAction\",\"target\":[\"https:\/\/apuntesdesanluis.com\/index.php\/2023\/10\/02\/storani-reclamo-justicia-por-la-muerte-de-su-hijo-y-otras-dos-personas-el-responsable-no-estuvo-ni-una-hora-detenido\/\"]}]},{\"@type\":\"ImageObject\",\"inLanguage\":\"es-AR\",\"@id\":\"https:\/\/apuntesdesanluis.com\/index.php\/2023\/10\/02\/storani-reclamo-justicia-por-la-muerte-de-su-hijo-y-otras-dos-personas-el-responsable-no-estuvo-ni-una-hora-detenido\/#primaryimage\",\"url\":\"https:\/\/apuntesdesanluis.com\/wp-content\/uploads\/2023\/10\/FEDERICO-STORANI.png\",\"contentUrl\":\"https:\/\/apuntesdesanluis.com\/wp-content\/uploads\/2023\/10\/FEDERICO-STORANI.png\",\"width\":834,\"height\":458},{\"@type\":\"BreadcrumbList\",\"@id\":\"https:\/\/apuntesdesanluis.com\/index.php\/2023\/10\/02\/storani-reclamo-justicia-por-la-muerte-de-su-hijo-y-otras-dos-personas-el-responsable-no-estuvo-ni-una-hora-detenido\/#breadcrumb\",\"itemListElement\":[{\"@type\":\"ListItem\",\"position\":1,\"name\":\"Inicio\",\"item\":\"https:\/\/apuntesdesanluis.com\/\"},{\"@type\":\"ListItem\",\"position\":2,\"name\":\"STORANI RECLAM\u00d3 JUSTICIA POR LA MUERTE DE SU HIJO Y OTRAS DOS PERSONAS: \u201cEL RESPONSABLE NO ESTUVO NI UNA HORA DETENIDO\u201d\"}]},{\"@type\":\"WebSite\",\"@id\":\"https:\/\/apuntesdesanluis.com\/#website\",\"url\":\"https:\/\/apuntesdesanluis.com\/\",\"name\":\"Apuntes de San Luis\",\"description\":\"\",\"publisher\":{\"@id\":\"https:\/\/apuntesdesanluis.com\/#\/schema\/person\/b55151d52296fcce64d1a72538a70b90\"},\"potentialAction\":[{\"@type\":\"SearchAction\",\"target\":{\"@type\":\"EntryPoint\",\"urlTemplate\":\"https:\/\/apuntesdesanluis.com\/?s={search_term_string}\"},\"query-input\":{\"@type\":\"PropertyValueSpecification\",\"valueRequired\":true,\"valueName\":\"search_term_string\"}}],\"inLanguage\":\"es-AR\"},{\"@type\":[\"Person\",\"Organization\"],\"@id\":\"https:\/\/apuntesdesanluis.com\/#\/schema\/person\/b55151d52296fcce64d1a72538a70b90\",\"name\":\"apuntesdesanluis.com\",\"image\":{\"@type\":\"ImageObject\",\"inLanguage\":\"es-AR\",\"@id\":\"https:\/\/apuntesdesanluis.com\/#\/schema\/person\/image\/\",\"url\":\"https:\/\/apuntesdesanluis.com\/wp-content\/uploads\/2023\/07\/cropped-apuntesdesanluis.png\",\"contentUrl\":\"https:\/\/apuntesdesanluis.com\/wp-content\/uploads\/2023\/07\/cropped-apuntesdesanluis.png\",\"width\":450,\"height\":112,\"caption\":\"apuntesdesanluis.com\"},\"logo\":{\"@id\":\"https:\/\/apuntesdesanluis.com\/#\/schema\/person\/image\/\"},\"sameAs\":[\"https:\/\/apuntesdesanluis.com\"],\"url\":\"https:\/\/apuntesdesanluis.com\/index.php\/author\/apuntesdesanluis-com\/\"}]}<\/script>\n<!-- \/ Yoast SEO plugin. -->","yoast_head_json":{"title":"STORANI RECLAM\u00d3 JUSTICIA POR LA MUERTE DE SU HIJO Y OTRAS DOS PERSONAS: \u201cEL RESPONSABLE NO ESTUVO NI UNA HORA DETENIDO\u201d - Apuntes de San Luis","robots":{"index":"index","follow":"follow","max-snippet":"max-snippet:-1","max-image-preview":"max-image-preview:large","max-video-preview":"max-video-preview:-1"},"canonical":"https:\/\/apuntesdesanluis.com\/index.php\/2023\/10\/02\/storani-reclamo-justicia-por-la-muerte-de-su-hijo-y-otras-dos-personas-el-responsable-no-estuvo-ni-una-hora-detenido\/","og_locale":"es_ES","og_type":"article","og_title":"STORANI RECLAM\u00d3 JUSTICIA POR LA MUERTE DE SU HIJO Y OTRAS DOS PERSONAS: \u201cEL RESPONSABLE NO ESTUVO NI UNA HORA DETENIDO\u201d - Apuntes de San Luis","og_description":"El l\u00edder radical habl\u00f3 antes de que comenzara el juicio en donde se debatir\u00e1 si...","og_url":"https:\/\/apuntesdesanluis.com\/index.php\/2023\/10\/02\/storani-reclamo-justicia-por-la-muerte-de-su-hijo-y-otras-dos-personas-el-responsable-no-estuvo-ni-una-hora-detenido\/","og_site_name":"Apuntes de San Luis","article_published_time":"2023-10-03T01:17:21+00:00","article_modified_time":"2023-10-03T03:20:41+00:00","og_image":[{"width":834,"height":458,"url":"https:\/\/apuntesdesanluis.com\/wp-content\/uploads\/2023\/10\/FEDERICO-STORANI.png","type":"image\/png"}],"author":"apuntesdesanluis.com","twitter_card":"summary_large_image","twitter_misc":{"Escrito por":"apuntesdesanluis.com","Tiempo de lectura":"4 minutos"},"schema":{"@context":"https:\/\/schema.org","@graph":[{"@type":"Article","@id":"https:\/\/apuntesdesanluis.com\/index.php\/2023\/10\/02\/storani-reclamo-justicia-por-la-muerte-de-su-hijo-y-otras-dos-personas-el-responsable-no-estuvo-ni-una-hora-detenido\/#article","isPartOf":{"@id":"https:\/\/apuntesdesanluis.com\/index.php\/2023\/10\/02\/storani-reclamo-justicia-por-la-muerte-de-su-hijo-y-otras-dos-personas-el-responsable-no-estuvo-ni-una-hora-detenido\/"},"author":{"name":"apuntesdesanluis.com","@id":"https:\/\/apuntesdesanluis.com\/#\/schema\/person\/b55151d52296fcce64d1a72538a70b90"},"headline":"STORANI RECLAM\u00d3 JUSTICIA POR LA MUERTE DE SU HIJO Y OTRAS DOS PERSONAS: \u201cEL RESPONSABLE NO ESTUVO NI UNA HORA DETENIDO\u201d","datePublished":"2023-10-03T01:17:21+00:00","dateModified":"2023-10-03T03:20:41+00:00","mainEntityOfPage":{"@id":"https:\/\/apuntesdesanluis.com\/index.php\/2023\/10\/02\/storani-reclamo-justicia-por-la-muerte-de-su-hijo-y-otras-dos-personas-el-responsable-no-estuvo-ni-una-hora-detenido\/"},"wordCount":739,"publisher":{"@id":"https:\/\/apuntesdesanluis.com\/#\/schema\/person\/b55151d52296fcce64d1a72538a70b90"},"image":{"@id":"https:\/\/apuntesdesanluis.com\/index.php\/2023\/10\/02\/storani-reclamo-justicia-por-la-muerte-de-su-hijo-y-otras-dos-personas-el-responsable-no-estuvo-ni-una-hora-detenido\/#primaryimage"},"thumbnailUrl":"https:\/\/apuntesdesanluis.com\/wp-content\/uploads\/2023\/10\/FEDERICO-STORANI.png","articleSection":["Nacionales\/Internacionales"],"inLanguage":"es-AR"},{"@type":"WebPage","@id":"https:\/\/apuntesdesanluis.com\/index.php\/2023\/10\/02\/storani-reclamo-justicia-por-la-muerte-de-su-hijo-y-otras-dos-personas-el-responsable-no-estuvo-ni-una-hora-detenido\/","url":"https:\/\/apuntesdesanluis.com\/index.php\/2023\/10\/02\/storani-reclamo-justicia-por-la-muerte-de-su-hijo-y-otras-dos-personas-el-responsable-no-estuvo-ni-una-hora-detenido\/","name":"STORANI RECLAM\u00d3 JUSTICIA POR LA MUERTE DE SU HIJO Y OTRAS DOS PERSONAS: \u201cEL RESPONSABLE NO ESTUVO NI UNA HORA DETENIDO\u201d - Apuntes de San Luis","isPartOf":{"@id":"https:\/\/apuntesdesanluis.com\/#website"},"primaryImageOfPage":{"@id":"https:\/\/apuntesdesanluis.com\/index.php\/2023\/10\/02\/storani-reclamo-justicia-por-la-muerte-de-su-hijo-y-otras-dos-personas-el-responsable-no-estuvo-ni-una-hora-detenido\/#primaryimage"},"image":{"@id":"https:\/\/apuntesdesanluis.com\/index.php\/2023\/10\/02\/storani-reclamo-justicia-por-la-muerte-de-su-hijo-y-otras-dos-personas-el-responsable-no-estuvo-ni-una-hora-detenido\/#primaryimage"},"thumbnailUrl":"https:\/\/apuntesdesanluis.com\/wp-content\/uploads\/2023\/10\/FEDERICO-STORANI.png","datePublished":"2023-10-03T01:17:21+00:00","dateModified":"2023-10-03T03:20:41+00:00","breadcrumb":{"@id":"https:\/\/apuntesdesanluis.com\/index.php\/2023\/10\/02\/storani-reclamo-justicia-por-la-muerte-de-su-hijo-y-otras-dos-personas-el-responsable-no-estuvo-ni-una-hora-detenido\/#breadcrumb"},"inLanguage":"es-AR","potentialAction":[{"@type":"ReadAction","target":["https:\/\/apuntesdesanluis.com\/index.php\/2023\/10\/02\/storani-reclamo-justicia-por-la-muerte-de-su-hijo-y-otras-dos-personas-el-responsable-no-estuvo-ni-una-hora-detenido\/"]}]},{"@type":"ImageObject","inLanguage":"es-AR","@id":"https:\/\/apuntesdesanluis.com\/index.php\/2023\/10\/02\/storani-reclamo-justicia-por-la-muerte-de-su-hijo-y-otras-dos-personas-el-responsable-no-estuvo-ni-una-hora-detenido\/#primaryimage","url":"https:\/\/apuntesdesanluis.com\/wp-content\/uploads\/2023\/10\/FEDERICO-STORANI.png","contentUrl":"https:\/\/apuntesdesanluis.com\/wp-content\/uploads\/2023\/10\/FEDERICO-STORANI.png","width":834,"height":458},{"@type":"BreadcrumbList","@id":"https:\/\/apuntesdesanluis.com\/index.php\/2023\/10\/02\/storani-reclamo-justicia-por-la-muerte-de-su-hijo-y-otras-dos-personas-el-responsable-no-estuvo-ni-una-hora-detenido\/#breadcrumb","itemListElement":[{"@type":"ListItem","position":1,"name":"Inicio","item":"https:\/\/apuntesdesanluis.com\/"},{"@type":"ListItem","position":2,"name":"STORANI RECLAM\u00d3 JUSTICIA POR LA MUERTE DE SU HIJO Y OTRAS DOS PERSONAS: \u201cEL RESPONSABLE NO ESTUVO NI UNA HORA DETENIDO\u201d"}]},{"@type":"WebSite","@id":"https:\/\/apuntesdesanluis.com\/#website","url":"https:\/\/apuntesdesanluis.com\/","name":"Apuntes de San Luis","description":"","publisher":{"@id":"https:\/\/apuntesdesanluis.com\/#\/schema\/person\/b55151d52296fcce64d1a72538a70b90"},"potentialAction":[{"@type":"SearchAction","target":{"@type":"EntryPoint","urlTemplate":"https:\/\/apuntesdesanluis.com\/?s={search_term_string}"},"query-input":{"@type":"PropertyValueSpecification","valueRequired":true,"valueName":"search_term_string"}}],"inLanguage":"es-AR"},{"@type":["Person","Organization"],"@id":"https:\/\/apuntesdesanluis.com\/#\/schema\/person\/b55151d52296fcce64d1a72538a70b90","name":"apuntesdesanluis.com","image":{"@type":"ImageObject","inLanguage":"es-AR","@id":"https:\/\/apuntesdesanluis.com\/#\/schema\/person\/image\/","url":"https:\/\/apuntesdesanluis.com\/wp-content\/uploads\/2023\/07\/cropped-apuntesdesanluis.png","contentUrl":"https:\/\/apuntesdesanluis.com\/wp-content\/uploads\/2023\/07\/cropped-apuntesdesanluis.png","width":450,"height":112,"caption":"apuntesdesanluis.com"},"logo":{"@id":"https:\/\/apuntesdesanluis.com\/#\/schema\/person\/image\/"},"sameAs":["https:\/\/apuntesdesanluis.com"],"url":"https:\/\/apuntesdesanluis.com\/index.php\/author\/apuntesdesanluis-com\/"}]}},"featured_image_urls":{"full":["https:\/\/apuntesdesanluis.com\/wp-content\/uploads\/2023\/10\/FEDERICO-STORANI.png",834,458,false],"thumbnail":["https:\/\/apuntesdesanluis.com\/wp-content\/uploads\/2023\/10\/FEDERICO-STORANI-150x150.png",150,150,true],"medium":["https:\/\/apuntesdesanluis.com\/wp-content\/uploads\/2023\/10\/FEDERICO-STORANI-300x165.png",300,165,true],"medium_large":["https:\/\/apuntesdesanluis.com\/wp-content\/uploads\/2023\/10\/FEDERICO-STORANI-768x422.png",640,352,true],"large":["https:\/\/apuntesdesanluis.com\/wp-content\/uploads\/2023\/10\/FEDERICO-STORANI.png",640,351,false],"1536x1536":["https:\/\/apuntesdesanluis.com\/wp-content\/uploads\/2023\/10\/FEDERICO-STORANI.png",834,458,false],"2048x2048":["https:\/\/apuntesdesanluis.com\/wp-content\/uploads\/2023\/10\/FEDERICO-STORANI.png",834,458,false],"newsever-slider-full":["https:\/\/apuntesdesanluis.com\/wp-content\/uploads\/2023\/10\/FEDERICO-STORANI.png",834,458,false],"newsever-featured":["https:\/\/apuntesdesanluis.com\/wp-content\/uploads\/2023\/10\/FEDERICO-STORANI.png",834,458,false],"newsever-medium":["https:\/\/apuntesdesanluis.com\/wp-content\/uploads\/2023\/10\/FEDERICO-STORANI-720x458.png",720,458,true]},"author_info":{"display_name":"apuntesdesanluis.com","author_link":"https:\/\/apuntesdesanluis.com\/index.php\/author\/apuntesdesanluis-com\/"},"category_info":"<a href=\"https:\/\/apuntesdesanluis.com\/index.php\/category\/nacionales-internacionales\/\" rel=\"category tag\">Nacionales\/Internacionales<\/a>","tag_info":"Nacionales\/Internacionales","comment_count":"0","_links":{"self":[{"href":"https:\/\/apuntesdesanluis.com\/index.php\/wp-json\/wp\/v2\/posts\/4473","targetHints":{"allow":["GET"]}}],"collection":[{"href":"https:\/\/apuntesdesanluis.com\/index.php\/wp-json\/wp\/v2\/posts"}],"about":[{"href":"https:\/\/apuntesdesanluis.com\/index.php\/wp-json\/wp\/v2\/types\/post"}],"author":[{"embeddable":true,"href":"https:\/\/apuntesdesanluis.com\/index.php\/wp-json\/wp\/v2\/users\/1"}],"replies":[{"embeddable":true,"href":"https:\/\/apuntesdesanluis.com\/index.php\/wp-json\/wp\/v2\/comments?post=4473"}],"version-history":[{"count":3,"href":"https:\/\/apuntesdesanluis.com\/index.php\/wp-json\/wp\/v2\/posts\/4473\/revisions"}],"predecessor-version":[{"id":4500,"href":"https:\/\/apuntesdesanluis.com\/index.php\/wp-json\/wp\/v2\/posts\/4473\/revisions\/4500"}],"wp:featuredmedia":[{"embeddable":true,"href":"https:\/\/apuntesdesanluis.com\/index.php\/wp-json\/wp\/v2\/media\/4474"}],"wp:attachment":[{"href":"https:\/\/apuntesdesanluis.com\/index.php\/wp-json\/wp\/v2\/media?parent=4473"}],"wp:term":[{"taxonomy":"category","embeddable":true,"href":"https:\/\/apuntesdesanluis.com\/index.php\/wp-json\/wp\/v2\/categories?post=4473"},{"taxonomy":"post_tag","embeddable":true,"href":"https:\/\/apuntesdesanluis.com\/index.php\/wp-json\/wp\/v2\/tags?post=4473"}],"curies":[{"name":"wp","href":"https:\/\/api.w.org\/{rel}","templated":true}]}}