{"id":4501,"date":"2023-10-03T00:34:12","date_gmt":"2023-10-03T03:34:12","guid":{"rendered":"https:\/\/apuntesdesanluis.com\/?p=4501"},"modified":"2023-10-03T00:37:55","modified_gmt":"2023-10-03T03:37:55","slug":"merlo-es-sensacion-en-la-feria-internacional-de-turismo","status":"publish","type":"post","link":"https:\/\/apuntesdesanluis.com\/index.php\/2023\/10\/03\/merlo-es-sensacion-en-la-feria-internacional-de-turismo\/","title":{"rendered":"MERLO ES SENSACI\u00d3N EN LA FERIA INTERNACIONAL DE TURISMO 2023"},"content":{"rendered":"<h3>En la jornada de este lunes, la villa tur\u00edstica \u00a0fue distinguida por la Comunidad Latinoamericana de Embajadores (DTI). Tambi\u00e9n la Agencia Nacional de noticias T\u00e9lam entrevist\u00f3 al intendente de la Villa de Merlo entre un centenar de periodistas, quien afirm\u00f3 que esta localidad se destaca entre los expositores por la gran variedad de ofertas culturales, deportivas, gastron\u00f3micas que brinda como uno de los principales polos tur\u00edsticos nacionales.<\/h3>\n<h3>Merlo se destaca en la Feria Internacional de Turismo, donde miles de personas pudieron conocer las propuestas de esta ciudad, potenciando el turismo en la localidad.<\/h3>\n<p><img fetchpriority=\"high\" decoding=\"async\" class=\"wp-image-4504 aligncenter\" src=\"https:\/\/apuntesdesanluis.com\/wp-content\/uploads\/2023\/10\/fit-2023-300x186.png\" alt=\"\" width=\"677\" height=\"420\" srcset=\"https:\/\/apuntesdesanluis.com\/wp-content\/uploads\/2023\/10\/fit-2023-300x186.png 300w, https:\/\/apuntesdesanluis.com\/wp-content\/uploads\/2023\/10\/fit-2023.png 723w\" sizes=\"(max-width: 677px) 100vw, 677px\" \/><\/p>\n<h3>Gracias al gran equipo que representa a Merlo se dieron a conocer las festividades m\u00e1s identificatorias de la villa de Merlo: arte en vivo, danzas tradicionales acompa\u00f1adas de bandas locales, la utilizaci\u00f3n de la realidad aumentada para mostrar las experiencias deportivas que se desarrollan en los paisajes m\u00e1s impresionantes, fueron algunos de los recursos que se utilizaron para mostrar Merlo.<\/h3>\n<h3>Tambi\u00e9n con clases en vivo se present\u00f3 la excelente gastronom\u00eda y la Banda Militar \u201cTambor de Tacuar\u00ed\u201d del Regimiento 1 \u201cPatricios\u201d logr\u00f3 captar la atenci\u00f3n de todos los espectadores.<\/h3>\n<h3>Por todas estas propuestas y muchas m\u00e1s el stand de la Villa de Merlo fue uno de los m\u00e1s visitados destacando entre los miles de expositores all\u00ed presentes. Gracias a esto la <strong>Comunidad Latinoamericana de Embajadores (DTI) <\/strong>que promueve un m\u00e9todo para la planificaci\u00f3n de comunidades y destinos tur\u00edsticos inteligentes en Argentina y Latinoam\u00e9rica, realiz\u00f3 un reconocimiento a esta localidad.<\/h3>\n<h3><img decoding=\"async\" class=\"wp-image-4503 aligncenter\" src=\"https:\/\/apuntesdesanluis.com\/wp-content\/uploads\/2023\/10\/juan-300x167.png\" alt=\"\" width=\"686\" height=\"382\" srcset=\"https:\/\/apuntesdesanluis.com\/wp-content\/uploads\/2023\/10\/juan-300x167.png 300w, https:\/\/apuntesdesanluis.com\/wp-content\/uploads\/2023\/10\/juan-1024x571.png 1024w, https:\/\/apuntesdesanluis.com\/wp-content\/uploads\/2023\/10\/juan-768x428.png 768w, https:\/\/apuntesdesanluis.com\/wp-content\/uploads\/2023\/10\/juan.png 1041w\" sizes=\"(max-width: 686px) 100vw, 686px\" \/><\/h3>\n<h3>&#8220;Esto significa un gran avance para la visibilidad de la Villa de Merlo como un destino perfecto para visitar, atrayendo as\u00ed a miles de potenciales turistas\u201d, declar\u00f3 el intendente <strong>Juan \u00c1lvarez Pinto<\/strong>.<\/h3>\n<h3>Tambi\u00e9n la <strong>Agencia Nacional de noticias T\u00e9lam <\/strong>entrevist\u00f3 al jefe comunal, entre un centenar de medios de toda Latinoam\u00e9rica que se dieron cita en el evento.<\/h3>\n","protected":false},"excerpt":{"rendered":"<p>En la jornada de este lunes, la villa tur\u00edstica \u00a0fue distinguida por la Comunidad Latinoamericana&#8230;<\/p>\n","protected":false},"author":1,"featured_media":4502,"comment_status":"closed","ping_status":"closed","sticky":false,"template":"","format":"standard","meta":{"footnotes":""},"categories":[6],"tags":[],"class_list":["post-4501","post","type-post","status-publish","format-standard","has-post-thumbnail","hentry","category-ciudad-provincia"],"yoast_head":"<!-- This site is optimized with the Yoast SEO plugin v26.1.1 - https:\/\/yoast.com\/wordpress\/plugins\/seo\/ -->\n<title>MERLO ES SENSACI\u00d3N EN LA FERIA INTERNACIONAL DE TURISMO 2023 - Apuntes de San Luis<\/title>\n<meta name=\"robots\" content=\"index, follow, max-snippet:-1, max-image-preview:large, max-video-preview:-1\" \/>\n<link rel=\"canonical\" href=\"https:\/\/apuntesdesanluis.com\/index.php\/2023\/10\/03\/merlo-es-sensacion-en-la-feria-internacional-de-turismo\/\" \/>\n<meta property=\"og:locale\" content=\"es_ES\" \/>\n<meta property=\"og:type\" content=\"article\" \/>\n<meta property=\"og:title\" content=\"MERLO ES SENSACI\u00d3N EN LA FERIA INTERNACIONAL DE TURISMO 2023 - Apuntes de San Luis\" \/>\n<meta property=\"og:description\" content=\"En la jornada de este lunes, la villa tur\u00edstica \u00a0fue distinguida por la Comunidad Latinoamericana...\" \/>\n<meta property=\"og:url\" content=\"https:\/\/apuntesdesanluis.com\/index.php\/2023\/10\/03\/merlo-es-sensacion-en-la-feria-internacional-de-turismo\/\" \/>\n<meta property=\"og:site_name\" content=\"Apuntes de San Luis\" \/>\n<meta property=\"article:published_time\" content=\"2023-10-03T03:34:12+00:00\" \/>\n<meta property=\"article:modified_time\" content=\"2023-10-03T03:37:55+00:00\" \/>\n<meta property=\"og:image\" content=\"https:\/\/apuntesdesanluis.com\/wp-content\/uploads\/2023\/10\/dos.png\" \/>\n\t<meta property=\"og:image:width\" content=\"1035\" \/>\n\t<meta property=\"og:image:height\" content=\"645\" \/>\n\t<meta property=\"og:image:type\" content=\"image\/png\" \/>\n<meta name=\"author\" content=\"apuntesdesanluis.com\" \/>\n<meta name=\"twitter:card\" content=\"summary_large_image\" \/>\n<meta name=\"twitter:label1\" content=\"Escrito por\" \/>\n\t<meta name=\"twitter:data1\" content=\"apuntesdesanluis.com\" \/>\n\t<meta name=\"twitter:label2\" content=\"Tiempo de lectura\" \/>\n\t<meta name=\"twitter:data2\" content=\"2 minutos\" \/>\n<script type=\"application\/ld+json\" class=\"yoast-schema-graph\">{\"@context\":\"https:\/\/schema.org\",\"@graph\":[{\"@type\":\"Article\",\"@id\":\"https:\/\/apuntesdesanluis.com\/index.php\/2023\/10\/03\/merlo-es-sensacion-en-la-feria-internacional-de-turismo\/#article\",\"isPartOf\":{\"@id\":\"https:\/\/apuntesdesanluis.com\/index.php\/2023\/10\/03\/merlo-es-sensacion-en-la-feria-internacional-de-turismo\/\"},\"author\":{\"name\":\"apuntesdesanluis.com\",\"@id\":\"https:\/\/apuntesdesanluis.com\/#\/schema\/person\/b55151d52296fcce64d1a72538a70b90\"},\"headline\":\"MERLO ES SENSACI\u00d3N EN LA FERIA INTERNACIONAL DE TURISMO 2023\",\"datePublished\":\"2023-10-03T03:34:12+00:00\",\"dateModified\":\"2023-10-03T03:37:55+00:00\",\"mainEntityOfPage\":{\"@id\":\"https:\/\/apuntesdesanluis.com\/index.php\/2023\/10\/03\/merlo-es-sensacion-en-la-feria-internacional-de-turismo\/\"},\"wordCount\":330,\"publisher\":{\"@id\":\"https:\/\/apuntesdesanluis.com\/#\/schema\/person\/b55151d52296fcce64d1a72538a70b90\"},\"image\":{\"@id\":\"https:\/\/apuntesdesanluis.com\/index.php\/2023\/10\/03\/merlo-es-sensacion-en-la-feria-internacional-de-turismo\/#primaryimage\"},\"thumbnailUrl\":\"https:\/\/apuntesdesanluis.com\/wp-content\/uploads\/2023\/10\/dos.png\",\"articleSection\":[\"Ciudad\/Provincia\"],\"inLanguage\":\"es-AR\"},{\"@type\":\"WebPage\",\"@id\":\"https:\/\/apuntesdesanluis.com\/index.php\/2023\/10\/03\/merlo-es-sensacion-en-la-feria-internacional-de-turismo\/\",\"url\":\"https:\/\/apuntesdesanluis.com\/index.php\/2023\/10\/03\/merlo-es-sensacion-en-la-feria-internacional-de-turismo\/\",\"name\":\"MERLO ES SENSACI\u00d3N EN LA FERIA INTERNACIONAL DE TURISMO 2023 - Apuntes de San Luis\",\"isPartOf\":{\"@id\":\"https:\/\/apuntesdesanluis.com\/#website\"},\"primaryImageOfPage\":{\"@id\":\"https:\/\/apuntesdesanluis.com\/index.php\/2023\/10\/03\/merlo-es-sensacion-en-la-feria-internacional-de-turismo\/#primaryimage\"},\"image\":{\"@id\":\"https:\/\/apuntesdesanluis.com\/index.php\/2023\/10\/03\/merlo-es-sensacion-en-la-feria-internacional-de-turismo\/#primaryimage\"},\"thumbnailUrl\":\"https:\/\/apuntesdesanluis.com\/wp-content\/uploads\/2023\/10\/dos.png\",\"datePublished\":\"2023-10-03T03:34:12+00:00\",\"dateModified\":\"2023-10-03T03:37:55+00:00\",\"breadcrumb\":{\"@id\":\"https:\/\/apuntesdesanluis.com\/index.php\/2023\/10\/03\/merlo-es-sensacion-en-la-feria-internacional-de-turismo\/#breadcrumb\"},\"inLanguage\":\"es-AR\",\"potentialAction\":[{\"@type\":\"ReadAction\",\"target\":[\"https:\/\/apuntesdesanluis.com\/index.php\/2023\/10\/03\/merlo-es-sensacion-en-la-feria-internacional-de-turismo\/\"]}]},{\"@type\":\"ImageObject\",\"inLanguage\":\"es-AR\",\"@id\":\"https:\/\/apuntesdesanluis.com\/index.php\/2023\/10\/03\/merlo-es-sensacion-en-la-feria-internacional-de-turismo\/#primaryimage\",\"url\":\"https:\/\/apuntesdesanluis.com\/wp-content\/uploads\/2023\/10\/dos.png\",\"contentUrl\":\"https:\/\/apuntesdesanluis.com\/wp-content\/uploads\/2023\/10\/dos.png\",\"width\":1035,\"height\":645},{\"@type\":\"BreadcrumbList\",\"@id\":\"https:\/\/apuntesdesanluis.com\/index.php\/2023\/10\/03\/merlo-es-sensacion-en-la-feria-internacional-de-turismo\/#breadcrumb\",\"itemListElement\":[{\"@type\":\"ListItem\",\"position\":1,\"name\":\"Inicio\",\"item\":\"https:\/\/apuntesdesanluis.com\/\"},{\"@type\":\"ListItem\",\"position\":2,\"name\":\"MERLO ES SENSACI\u00d3N EN LA FERIA INTERNACIONAL DE TURISMO 2023\"}]},{\"@type\":\"WebSite\",\"@id\":\"https:\/\/apuntesdesanluis.com\/#website\",\"url\":\"https:\/\/apuntesdesanluis.com\/\",\"name\":\"Apuntes de San Luis\",\"description\":\"\",\"publisher\":{\"@id\":\"https:\/\/apuntesdesanluis.com\/#\/schema\/person\/b55151d52296fcce64d1a72538a70b90\"},\"potentialAction\":[{\"@type\":\"SearchAction\",\"target\":{\"@type\":\"EntryPoint\",\"urlTemplate\":\"https:\/\/apuntesdesanluis.com\/?s={search_term_string}\"},\"query-input\":{\"@type\":\"PropertyValueSpecification\",\"valueRequired\":true,\"valueName\":\"search_term_string\"}}],\"inLanguage\":\"es-AR\"},{\"@type\":[\"Person\",\"Organization\"],\"@id\":\"https:\/\/apuntesdesanluis.com\/#\/schema\/person\/b55151d52296fcce64d1a72538a70b90\",\"name\":\"apuntesdesanluis.com\",\"image\":{\"@type\":\"ImageObject\",\"inLanguage\":\"es-AR\",\"@id\":\"https:\/\/apuntesdesanluis.com\/#\/schema\/person\/image\/\",\"url\":\"https:\/\/apuntesdesanluis.com\/wp-content\/uploads\/2023\/07\/cropped-apuntesdesanluis.png\",\"contentUrl\":\"https:\/\/apuntesdesanluis.com\/wp-content\/uploads\/2023\/07\/cropped-apuntesdesanluis.png\",\"width\":450,\"height\":112,\"caption\":\"apuntesdesanluis.com\"},\"logo\":{\"@id\":\"https:\/\/apuntesdesanluis.com\/#\/schema\/person\/image\/\"},\"sameAs\":[\"https:\/\/apuntesdesanluis.com\"],\"url\":\"https:\/\/apuntesdesanluis.com\/index.php\/author\/apuntesdesanluis-com\/\"}]}<\/script>\n<!-- \/ Yoast SEO plugin. -->","yoast_head_json":{"title":"MERLO ES SENSACI\u00d3N EN LA FERIA INTERNACIONAL DE TURISMO 2023 - Apuntes de San Luis","robots":{"index":"index","follow":"follow","max-snippet":"max-snippet:-1","max-image-preview":"max-image-preview:large","max-video-preview":"max-video-preview:-1"},"canonical":"https:\/\/apuntesdesanluis.com\/index.php\/2023\/10\/03\/merlo-es-sensacion-en-la-feria-internacional-de-turismo\/","og_locale":"es_ES","og_type":"article","og_title":"MERLO ES SENSACI\u00d3N EN LA FERIA INTERNACIONAL DE TURISMO 2023 - Apuntes de San Luis","og_description":"En la jornada de este lunes, la villa tur\u00edstica \u00a0fue distinguida por la Comunidad Latinoamericana...","og_url":"https:\/\/apuntesdesanluis.com\/index.php\/2023\/10\/03\/merlo-es-sensacion-en-la-feria-internacional-de-turismo\/","og_site_name":"Apuntes de San Luis","article_published_time":"2023-10-03T03:34:12+00:00","article_modified_time":"2023-10-03T03:37:55+00:00","og_image":[{"width":1035,"height":645,"url":"https:\/\/apuntesdesanluis.com\/wp-content\/uploads\/2023\/10\/dos.png","type":"image\/png"}],"author":"apuntesdesanluis.com","twitter_card":"summary_large_image","twitter_misc":{"Escrito por":"apuntesdesanluis.com","Tiempo de lectura":"2 minutos"},"schema":{"@context":"https:\/\/schema.org","@graph":[{"@type":"Article","@id":"https:\/\/apuntesdesanluis.com\/index.php\/2023\/10\/03\/merlo-es-sensacion-en-la-feria-internacional-de-turismo\/#article","isPartOf":{"@id":"https:\/\/apuntesdesanluis.com\/index.php\/2023\/10\/03\/merlo-es-sensacion-en-la-feria-internacional-de-turismo\/"},"author":{"name":"apuntesdesanluis.com","@id":"https:\/\/apuntesdesanluis.com\/#\/schema\/person\/b55151d52296fcce64d1a72538a70b90"},"headline":"MERLO ES SENSACI\u00d3N EN LA FERIA INTERNACIONAL DE TURISMO 2023","datePublished":"2023-10-03T03:34:12+00:00","dateModified":"2023-10-03T03:37:55+00:00","mainEntityOfPage":{"@id":"https:\/\/apuntesdesanluis.com\/index.php\/2023\/10\/03\/merlo-es-sensacion-en-la-feria-internacional-de-turismo\/"},"wordCount":330,"publisher":{"@id":"https:\/\/apuntesdesanluis.com\/#\/schema\/person\/b55151d52296fcce64d1a72538a70b90"},"image":{"@id":"https:\/\/apuntesdesanluis.com\/index.php\/2023\/10\/03\/merlo-es-sensacion-en-la-feria-internacional-de-turismo\/#primaryimage"},"thumbnailUrl":"https:\/\/apuntesdesanluis.com\/wp-content\/uploads\/2023\/10\/dos.png","articleSection":["Ciudad\/Provincia"],"inLanguage":"es-AR"},{"@type":"WebPage","@id":"https:\/\/apuntesdesanluis.com\/index.php\/2023\/10\/03\/merlo-es-sensacion-en-la-feria-internacional-de-turismo\/","url":"https:\/\/apuntesdesanluis.com\/index.php\/2023\/10\/03\/merlo-es-sensacion-en-la-feria-internacional-de-turismo\/","name":"MERLO ES SENSACI\u00d3N EN LA FERIA INTERNACIONAL DE TURISMO 2023 - Apuntes de San Luis","isPartOf":{"@id":"https:\/\/apuntesdesanluis.com\/#website"},"primaryImageOfPage":{"@id":"https:\/\/apuntesdesanluis.com\/index.php\/2023\/10\/03\/merlo-es-sensacion-en-la-feria-internacional-de-turismo\/#primaryimage"},"image":{"@id":"https:\/\/apuntesdesanluis.com\/index.php\/2023\/10\/03\/merlo-es-sensacion-en-la-feria-internacional-de-turismo\/#primaryimage"},"thumbnailUrl":"https:\/\/apuntesdesanluis.com\/wp-content\/uploads\/2023\/10\/dos.png","datePublished":"2023-10-03T03:34:12+00:00","dateModified":"2023-10-03T03:37:55+00:00","breadcrumb":{"@id":"https:\/\/apuntesdesanluis.com\/index.php\/2023\/10\/03\/merlo-es-sensacion-en-la-feria-internacional-de-turismo\/#breadcrumb"},"inLanguage":"es-AR","potentialAction":[{"@type":"ReadAction","target":["https:\/\/apuntesdesanluis.com\/index.php\/2023\/10\/03\/merlo-es-sensacion-en-la-feria-internacional-de-turismo\/"]}]},{"@type":"ImageObject","inLanguage":"es-AR","@id":"https:\/\/apuntesdesanluis.com\/index.php\/2023\/10\/03\/merlo-es-sensacion-en-la-feria-internacional-de-turismo\/#primaryimage","url":"https:\/\/apuntesdesanluis.com\/wp-content\/uploads\/2023\/10\/dos.png","contentUrl":"https:\/\/apuntesdesanluis.com\/wp-content\/uploads\/2023\/10\/dos.png","width":1035,"height":645},{"@type":"BreadcrumbList","@id":"https:\/\/apuntesdesanluis.com\/index.php\/2023\/10\/03\/merlo-es-sensacion-en-la-feria-internacional-de-turismo\/#breadcrumb","itemListElement":[{"@type":"ListItem","position":1,"name":"Inicio","item":"https:\/\/apuntesdesanluis.com\/"},{"@type":"ListItem","position":2,"name":"MERLO ES SENSACI\u00d3N EN LA FERIA INTERNACIONAL DE TURISMO 2023"}]},{"@type":"WebSite","@id":"https:\/\/apuntesdesanluis.com\/#website","url":"https:\/\/apuntesdesanluis.com\/","name":"Apuntes de San Luis","description":"","publisher":{"@id":"https:\/\/apuntesdesanluis.com\/#\/schema\/person\/b55151d52296fcce64d1a72538a70b90"},"potentialAction":[{"@type":"SearchAction","target":{"@type":"EntryPoint","urlTemplate":"https:\/\/apuntesdesanluis.com\/?s={search_term_string}"},"query-input":{"@type":"PropertyValueSpecification","valueRequired":true,"valueName":"search_term_string"}}],"inLanguage":"es-AR"},{"@type":["Person","Organization"],"@id":"https:\/\/apuntesdesanluis.com\/#\/schema\/person\/b55151d52296fcce64d1a72538a70b90","name":"apuntesdesanluis.com","image":{"@type":"ImageObject","inLanguage":"es-AR","@id":"https:\/\/apuntesdesanluis.com\/#\/schema\/person\/image\/","url":"https:\/\/apuntesdesanluis.com\/wp-content\/uploads\/2023\/07\/cropped-apuntesdesanluis.png","contentUrl":"https:\/\/apuntesdesanluis.com\/wp-content\/uploads\/2023\/07\/cropped-apuntesdesanluis.png","width":450,"height":112,"caption":"apuntesdesanluis.com"},"logo":{"@id":"https:\/\/apuntesdesanluis.com\/#\/schema\/person\/image\/"},"sameAs":["https:\/\/apuntesdesanluis.com"],"url":"https:\/\/apuntesdesanluis.com\/index.php\/author\/apuntesdesanluis-com\/"}]}},"featured_image_urls":{"full":["https:\/\/apuntesdesanluis.com\/wp-content\/uploads\/2023\/10\/dos.png",1035,645,false],"thumbnail":["https:\/\/apuntesdesanluis.com\/wp-content\/uploads\/2023\/10\/dos-150x150.png",150,150,true],"medium":["https:\/\/apuntesdesanluis.com\/wp-content\/uploads\/2023\/10\/dos-300x187.png",300,187,true],"medium_large":["https:\/\/apuntesdesanluis.com\/wp-content\/uploads\/2023\/10\/dos-768x479.png",640,399,true],"large":["https:\/\/apuntesdesanluis.com\/wp-content\/uploads\/2023\/10\/dos-1024x638.png",640,399,true],"1536x1536":["https:\/\/apuntesdesanluis.com\/wp-content\/uploads\/2023\/10\/dos.png",1035,645,false],"2048x2048":["https:\/\/apuntesdesanluis.com\/wp-content\/uploads\/2023\/10\/dos.png",1035,645,false],"newsever-slider-full":["https:\/\/apuntesdesanluis.com\/wp-content\/uploads\/2023\/10\/dos.png",1035,645,false],"newsever-featured":["https:\/\/apuntesdesanluis.com\/wp-content\/uploads\/2023\/10\/dos-1024x638.png",1024,638,true],"newsever-medium":["https:\/\/apuntesdesanluis.com\/wp-content\/uploads\/2023\/10\/dos-720x475.png",720,475,true]},"author_info":{"display_name":"apuntesdesanluis.com","author_link":"https:\/\/apuntesdesanluis.com\/index.php\/author\/apuntesdesanluis-com\/"},"category_info":"<a href=\"https:\/\/apuntesdesanluis.com\/index.php\/category\/ciudad-provincia\/\" rel=\"category tag\">Ciudad\/Provincia<\/a>","tag_info":"Ciudad\/Provincia","comment_count":"0","_links":{"self":[{"href":"https:\/\/apuntesdesanluis.com\/index.php\/wp-json\/wp\/v2\/posts\/4501","targetHints":{"allow":["GET"]}}],"collection":[{"href":"https:\/\/apuntesdesanluis.com\/index.php\/wp-json\/wp\/v2\/posts"}],"about":[{"href":"https:\/\/apuntesdesanluis.com\/index.php\/wp-json\/wp\/v2\/types\/post"}],"author":[{"embeddable":true,"href":"https:\/\/apuntesdesanluis.com\/index.php\/wp-json\/wp\/v2\/users\/1"}],"replies":[{"embeddable":true,"href":"https:\/\/apuntesdesanluis.com\/index.php\/wp-json\/wp\/v2\/comments?post=4501"}],"version-history":[{"count":4,"href":"https:\/\/apuntesdesanluis.com\/index.php\/wp-json\/wp\/v2\/posts\/4501\/revisions"}],"predecessor-version":[{"id":4508,"href":"https:\/\/apuntesdesanluis.com\/index.php\/wp-json\/wp\/v2\/posts\/4501\/revisions\/4508"}],"wp:featuredmedia":[{"embeddable":true,"href":"https:\/\/apuntesdesanluis.com\/index.php\/wp-json\/wp\/v2\/media\/4502"}],"wp:attachment":[{"href":"https:\/\/apuntesdesanluis.com\/index.php\/wp-json\/wp\/v2\/media?parent=4501"}],"wp:term":[{"taxonomy":"category","embeddable":true,"href":"https:\/\/apuntesdesanluis.com\/index.php\/wp-json\/wp\/v2\/categories?post=4501"},{"taxonomy":"post_tag","embeddable":true,"href":"https:\/\/apuntesdesanluis.com\/index.php\/wp-json\/wp\/v2\/tags?post=4501"}],"curies":[{"name":"wp","href":"https:\/\/api.w.org\/{rel}","templated":true}]}}