{"id":4518,"date":"2023-10-03T13:04:47","date_gmt":"2023-10-03T16:04:47","guid":{"rendered":"https:\/\/apuntesdesanluis.com\/?p=4518"},"modified":"2023-10-03T13:04:47","modified_gmt":"2023-10-03T16:04:47","slug":"homicidio-en-barrio-san-jose-condenaron-a-un-hombre-a-12-anos-de-prision-efectiva","status":"publish","type":"post","link":"https:\/\/apuntesdesanluis.com\/index.php\/2023\/10\/03\/homicidio-en-barrio-san-jose-condenaron-a-un-hombre-a-12-anos-de-prision-efectiva\/","title":{"rendered":"HOMICIDIO EN BARRIO SAN JOS\u00c9: CONDENARON A UN HOMBRE A 12 A\u00d1OS DE PRISI\u00d3N EFECTIVA"},"content":{"rendered":"<h3>As\u00ed lo resolvi\u00f3 en la ma\u00f1ana de este martes el Dr. Alfredo Cuello, en una audiencia en la que se celebr\u00f3 en juicio abreviado. Otras cuatro personas fueron condenadas a dos a\u00f1os de prisi\u00f3n en suspenso.<\/h3>\n<h3><strong>V\u00edctor Alejandro Su\u00e1rez<\/strong> fue declarado autor penalmente responsable del delito de homicidio simple en concurso real con el delito de abuso de arma agravado por el concurso premeditado de dos o m\u00e1s personas y condenado a sufrir la pena de 12 a\u00f1os de prisi\u00f3n, los cuales deber\u00e1 cumplir en el Servicio Penitenciario Provincial.<\/h3>\n<h3>La resoluci\u00f3n de la causa en la que se investig\u00f3 la muerte de Gast\u00f3n Pastr\u00e1n, se dio a trav\u00e9s de un acuerdo de las partes para concluir la misma mediante el procedimiento de juicio abreviado.<\/h3>\n<h3>Adem\u00e1s, Evelyn Estefan\u00eda Contrafatto, Hilario Tom\u00e1s Contrafatto, Marcelo Fabi\u00e1n Ag\u00fcero\u00a0 y Mois\u00e9s G\u00e9r\u00f3nimo Marcola fueron declarados part\u00edcipes necesarios del delito de abuso de arma de fuego agravado por el concurso premeditado de dos o m\u00e1s personas y se los conden\u00f3 a sufrir la pena de 2 a\u00f1os de prisi\u00f3n en suspenso.<\/h3>\n<h3>La resoluci\u00f3n la dio a conocer el Dr. Alfredo Cuello luego de escuchar a las partes, quienes comunicaron haber arribado a un acuerdo para concluir la causa mediante el procedimiento de juicio abreviado.<\/h3>\n<h3>Estuvieron presentes en representaci\u00f3n del Ministerio P\u00fablico Fiscal el Dr. Maximiliano Bazla Cassina. Por la defensa de Su\u00e1rez, intervinieron los Dres. Gustavo Otegui y Juan Manuel D\u00f3mine, mientras que el Dr. Ariel Becerra represent\u00f3 al resto de los imputados.<\/h3>\n<h3>En primer lugar, el Dr. Bazla Cassina describi\u00f3 c\u00f3mo se produjo el hecho, la participaci\u00f3n de cada uno de los imputados y detall\u00f3 la calificaci\u00f3n legal. Pidi\u00f3 para Su\u00e1rez una pena de 12 a\u00f1os de prisi\u00f3n efectiva y la declaraci\u00f3n de reincidencia, ya que cuenta con una condena previa por otro delito. Para el resto de los imputados solicit\u00f3 se los condene a dos a\u00f1os de prisi\u00f3n en suspenso.<\/h3>\n<h3>Los Dres. Otegui, D\u00f3mine y Becerra plantearon su conformidad frente a lo expuesto por el Dr. Bazla Cassina y a continuaci\u00f3n, el juez concedi\u00f3 la palabra a cada uno de los imputados, quienes reconocieron su participaci\u00f3n en el hecho, la calificaci\u00f3n legal formulada y el cumplimiento de penas, en los t\u00e9rminos solicitados por el representante del Ministerio P\u00fablico Fiscal.<\/h3>\n<h3>El hecho investigado ocurri\u00f3 el 7 de marzo del 2022 en las inmediaciones de la esquina de calles Olloqui y Gazari. Gast\u00f3n Pastr\u00e1n, que habr\u00eda sido atacado por un grupo de personas en un espacio de 12 metros cuadrados, recibi\u00f3 un disparo por la espalda, el cual le provoc\u00f3 la muerte.<\/h3>\n<h3>Para obtener m\u00e1s informaci\u00f3n sobre este caso ingrese a los siguientes enlaces:<\/h3>\n<h3><a href=\"https:\/\/www.periodicojudicial.gov.ar\/homicidio-en-el-barrio-san-jose-audiencia-de-revision-de-medidas-de-coercion\/\">https:\/\/www.periodicojudicial.gov.ar\/homicidio-en-el-barrio-san-jose-audiencia-de-revision-de-medidas-de-coercion\/<\/a><\/h3>\n<p>&nbsp;<\/p>\n<p>&nbsp;<\/p>\n<p>&nbsp;<\/p>\n","protected":false},"excerpt":{"rendered":"<p>As\u00ed lo resolvi\u00f3 en la ma\u00f1ana de este martes el Dr. Alfredo Cuello, en una&#8230;<\/p>\n","protected":false},"author":1,"featured_media":4519,"comment_status":"closed","ping_status":"closed","sticky":false,"template":"","format":"standard","meta":{"footnotes":""},"categories":[6],"tags":[],"class_list":["post-4518","post","type-post","status-publish","format-standard","has-post-thumbnail","hentry","category-ciudad-provincia"],"yoast_head":"<!-- This site is optimized with the Yoast SEO plugin v26.1.1 - https:\/\/yoast.com\/wordpress\/plugins\/seo\/ -->\n<title>HOMICIDIO EN BARRIO SAN JOS\u00c9: CONDENARON A UN HOMBRE A 12 A\u00d1OS DE PRISI\u00d3N EFECTIVA - Apuntes de San Luis<\/title>\n<meta name=\"robots\" content=\"index, follow, max-snippet:-1, max-image-preview:large, max-video-preview:-1\" \/>\n<link rel=\"canonical\" href=\"https:\/\/apuntesdesanluis.com\/index.php\/2023\/10\/03\/homicidio-en-barrio-san-jose-condenaron-a-un-hombre-a-12-anos-de-prision-efectiva\/\" \/>\n<meta property=\"og:locale\" content=\"es_ES\" \/>\n<meta property=\"og:type\" content=\"article\" \/>\n<meta property=\"og:title\" content=\"HOMICIDIO EN BARRIO SAN JOS\u00c9: CONDENARON A UN HOMBRE A 12 A\u00d1OS DE PRISI\u00d3N EFECTIVA - Apuntes de San Luis\" \/>\n<meta property=\"og:description\" content=\"As\u00ed lo resolvi\u00f3 en la ma\u00f1ana de este martes el Dr. Alfredo Cuello, en una...\" \/>\n<meta property=\"og:url\" content=\"https:\/\/apuntesdesanluis.com\/index.php\/2023\/10\/03\/homicidio-en-barrio-san-jose-condenaron-a-un-hombre-a-12-anos-de-prision-efectiva\/\" \/>\n<meta property=\"og:site_name\" content=\"Apuntes de San Luis\" \/>\n<meta property=\"article:published_time\" content=\"2023-10-03T16:04:47+00:00\" \/>\n<meta property=\"og:image\" content=\"https:\/\/apuntesdesanluis.com\/wp-content\/uploads\/2023\/10\/audiencia.png\" \/>\n\t<meta property=\"og:image:width\" content=\"600\" \/>\n\t<meta property=\"og:image:height\" content=\"368\" \/>\n\t<meta property=\"og:image:type\" content=\"image\/png\" \/>\n<meta name=\"author\" content=\"apuntesdesanluis.com\" \/>\n<meta name=\"twitter:card\" content=\"summary_large_image\" \/>\n<meta name=\"twitter:label1\" content=\"Escrito por\" \/>\n\t<meta name=\"twitter:data1\" content=\"apuntesdesanluis.com\" \/>\n\t<meta name=\"twitter:label2\" content=\"Tiempo de lectura\" \/>\n\t<meta name=\"twitter:data2\" content=\"3 minutos\" \/>\n<script type=\"application\/ld+json\" class=\"yoast-schema-graph\">{\"@context\":\"https:\/\/schema.org\",\"@graph\":[{\"@type\":\"Article\",\"@id\":\"https:\/\/apuntesdesanluis.com\/index.php\/2023\/10\/03\/homicidio-en-barrio-san-jose-condenaron-a-un-hombre-a-12-anos-de-prision-efectiva\/#article\",\"isPartOf\":{\"@id\":\"https:\/\/apuntesdesanluis.com\/index.php\/2023\/10\/03\/homicidio-en-barrio-san-jose-condenaron-a-un-hombre-a-12-anos-de-prision-efectiva\/\"},\"author\":{\"name\":\"apuntesdesanluis.com\",\"@id\":\"https:\/\/apuntesdesanluis.com\/#\/schema\/person\/b55151d52296fcce64d1a72538a70b90\"},\"headline\":\"HOMICIDIO EN BARRIO SAN JOS\u00c9: CONDENARON A UN HOMBRE A 12 A\u00d1OS DE PRISI\u00d3N EFECTIVA\",\"datePublished\":\"2023-10-03T16:04:47+00:00\",\"mainEntityOfPage\":{\"@id\":\"https:\/\/apuntesdesanluis.com\/index.php\/2023\/10\/03\/homicidio-en-barrio-san-jose-condenaron-a-un-hombre-a-12-anos-de-prision-efectiva\/\"},\"wordCount\":506,\"publisher\":{\"@id\":\"https:\/\/apuntesdesanluis.com\/#\/schema\/person\/b55151d52296fcce64d1a72538a70b90\"},\"image\":{\"@id\":\"https:\/\/apuntesdesanluis.com\/index.php\/2023\/10\/03\/homicidio-en-barrio-san-jose-condenaron-a-un-hombre-a-12-anos-de-prision-efectiva\/#primaryimage\"},\"thumbnailUrl\":\"https:\/\/apuntesdesanluis.com\/wp-content\/uploads\/2023\/10\/audiencia.png\",\"articleSection\":[\"Ciudad\/Provincia\"],\"inLanguage\":\"es-AR\"},{\"@type\":\"WebPage\",\"@id\":\"https:\/\/apuntesdesanluis.com\/index.php\/2023\/10\/03\/homicidio-en-barrio-san-jose-condenaron-a-un-hombre-a-12-anos-de-prision-efectiva\/\",\"url\":\"https:\/\/apuntesdesanluis.com\/index.php\/2023\/10\/03\/homicidio-en-barrio-san-jose-condenaron-a-un-hombre-a-12-anos-de-prision-efectiva\/\",\"name\":\"HOMICIDIO EN BARRIO SAN JOS\u00c9: CONDENARON A UN HOMBRE A 12 A\u00d1OS DE PRISI\u00d3N EFECTIVA - Apuntes de San Luis\",\"isPartOf\":{\"@id\":\"https:\/\/apuntesdesanluis.com\/#website\"},\"primaryImageOfPage\":{\"@id\":\"https:\/\/apuntesdesanluis.com\/index.php\/2023\/10\/03\/homicidio-en-barrio-san-jose-condenaron-a-un-hombre-a-12-anos-de-prision-efectiva\/#primaryimage\"},\"image\":{\"@id\":\"https:\/\/apuntesdesanluis.com\/index.php\/2023\/10\/03\/homicidio-en-barrio-san-jose-condenaron-a-un-hombre-a-12-anos-de-prision-efectiva\/#primaryimage\"},\"thumbnailUrl\":\"https:\/\/apuntesdesanluis.com\/wp-content\/uploads\/2023\/10\/audiencia.png\",\"datePublished\":\"2023-10-03T16:04:47+00:00\",\"breadcrumb\":{\"@id\":\"https:\/\/apuntesdesanluis.com\/index.php\/2023\/10\/03\/homicidio-en-barrio-san-jose-condenaron-a-un-hombre-a-12-anos-de-prision-efectiva\/#breadcrumb\"},\"inLanguage\":\"es-AR\",\"potentialAction\":[{\"@type\":\"ReadAction\",\"target\":[\"https:\/\/apuntesdesanluis.com\/index.php\/2023\/10\/03\/homicidio-en-barrio-san-jose-condenaron-a-un-hombre-a-12-anos-de-prision-efectiva\/\"]}]},{\"@type\":\"ImageObject\",\"inLanguage\":\"es-AR\",\"@id\":\"https:\/\/apuntesdesanluis.com\/index.php\/2023\/10\/03\/homicidio-en-barrio-san-jose-condenaron-a-un-hombre-a-12-anos-de-prision-efectiva\/#primaryimage\",\"url\":\"https:\/\/apuntesdesanluis.com\/wp-content\/uploads\/2023\/10\/audiencia.png\",\"contentUrl\":\"https:\/\/apuntesdesanluis.com\/wp-content\/uploads\/2023\/10\/audiencia.png\",\"width\":600,\"height\":368},{\"@type\":\"BreadcrumbList\",\"@id\":\"https:\/\/apuntesdesanluis.com\/index.php\/2023\/10\/03\/homicidio-en-barrio-san-jose-condenaron-a-un-hombre-a-12-anos-de-prision-efectiva\/#breadcrumb\",\"itemListElement\":[{\"@type\":\"ListItem\",\"position\":1,\"name\":\"Inicio\",\"item\":\"https:\/\/apuntesdesanluis.com\/\"},{\"@type\":\"ListItem\",\"position\":2,\"name\":\"HOMICIDIO EN BARRIO SAN JOS\u00c9: CONDENARON A UN HOMBRE A 12 A\u00d1OS DE PRISI\u00d3N EFECTIVA\"}]},{\"@type\":\"WebSite\",\"@id\":\"https:\/\/apuntesdesanluis.com\/#website\",\"url\":\"https:\/\/apuntesdesanluis.com\/\",\"name\":\"Apuntes de San Luis\",\"description\":\"\",\"publisher\":{\"@id\":\"https:\/\/apuntesdesanluis.com\/#\/schema\/person\/b55151d52296fcce64d1a72538a70b90\"},\"potentialAction\":[{\"@type\":\"SearchAction\",\"target\":{\"@type\":\"EntryPoint\",\"urlTemplate\":\"https:\/\/apuntesdesanluis.com\/?s={search_term_string}\"},\"query-input\":{\"@type\":\"PropertyValueSpecification\",\"valueRequired\":true,\"valueName\":\"search_term_string\"}}],\"inLanguage\":\"es-AR\"},{\"@type\":[\"Person\",\"Organization\"],\"@id\":\"https:\/\/apuntesdesanluis.com\/#\/schema\/person\/b55151d52296fcce64d1a72538a70b90\",\"name\":\"apuntesdesanluis.com\",\"image\":{\"@type\":\"ImageObject\",\"inLanguage\":\"es-AR\",\"@id\":\"https:\/\/apuntesdesanluis.com\/#\/schema\/person\/image\/\",\"url\":\"https:\/\/apuntesdesanluis.com\/wp-content\/uploads\/2023\/07\/cropped-apuntesdesanluis.png\",\"contentUrl\":\"https:\/\/apuntesdesanluis.com\/wp-content\/uploads\/2023\/07\/cropped-apuntesdesanluis.png\",\"width\":450,\"height\":112,\"caption\":\"apuntesdesanluis.com\"},\"logo\":{\"@id\":\"https:\/\/apuntesdesanluis.com\/#\/schema\/person\/image\/\"},\"sameAs\":[\"https:\/\/apuntesdesanluis.com\"],\"url\":\"https:\/\/apuntesdesanluis.com\/index.php\/author\/apuntesdesanluis-com\/\"}]}<\/script>\n<!-- \/ Yoast SEO plugin. -->","yoast_head_json":{"title":"HOMICIDIO EN BARRIO SAN JOS\u00c9: CONDENARON A UN HOMBRE A 12 A\u00d1OS DE PRISI\u00d3N EFECTIVA - Apuntes de San Luis","robots":{"index":"index","follow":"follow","max-snippet":"max-snippet:-1","max-image-preview":"max-image-preview:large","max-video-preview":"max-video-preview:-1"},"canonical":"https:\/\/apuntesdesanluis.com\/index.php\/2023\/10\/03\/homicidio-en-barrio-san-jose-condenaron-a-un-hombre-a-12-anos-de-prision-efectiva\/","og_locale":"es_ES","og_type":"article","og_title":"HOMICIDIO EN BARRIO SAN JOS\u00c9: CONDENARON A UN HOMBRE A 12 A\u00d1OS DE PRISI\u00d3N EFECTIVA - Apuntes de San Luis","og_description":"As\u00ed lo resolvi\u00f3 en la ma\u00f1ana de este martes el Dr. Alfredo Cuello, en una...","og_url":"https:\/\/apuntesdesanluis.com\/index.php\/2023\/10\/03\/homicidio-en-barrio-san-jose-condenaron-a-un-hombre-a-12-anos-de-prision-efectiva\/","og_site_name":"Apuntes de San Luis","article_published_time":"2023-10-03T16:04:47+00:00","og_image":[{"width":600,"height":368,"url":"https:\/\/apuntesdesanluis.com\/wp-content\/uploads\/2023\/10\/audiencia.png","type":"image\/png"}],"author":"apuntesdesanluis.com","twitter_card":"summary_large_image","twitter_misc":{"Escrito por":"apuntesdesanluis.com","Tiempo de lectura":"3 minutos"},"schema":{"@context":"https:\/\/schema.org","@graph":[{"@type":"Article","@id":"https:\/\/apuntesdesanluis.com\/index.php\/2023\/10\/03\/homicidio-en-barrio-san-jose-condenaron-a-un-hombre-a-12-anos-de-prision-efectiva\/#article","isPartOf":{"@id":"https:\/\/apuntesdesanluis.com\/index.php\/2023\/10\/03\/homicidio-en-barrio-san-jose-condenaron-a-un-hombre-a-12-anos-de-prision-efectiva\/"},"author":{"name":"apuntesdesanluis.com","@id":"https:\/\/apuntesdesanluis.com\/#\/schema\/person\/b55151d52296fcce64d1a72538a70b90"},"headline":"HOMICIDIO EN BARRIO SAN JOS\u00c9: CONDENARON A UN HOMBRE A 12 A\u00d1OS DE PRISI\u00d3N EFECTIVA","datePublished":"2023-10-03T16:04:47+00:00","mainEntityOfPage":{"@id":"https:\/\/apuntesdesanluis.com\/index.php\/2023\/10\/03\/homicidio-en-barrio-san-jose-condenaron-a-un-hombre-a-12-anos-de-prision-efectiva\/"},"wordCount":506,"publisher":{"@id":"https:\/\/apuntesdesanluis.com\/#\/schema\/person\/b55151d52296fcce64d1a72538a70b90"},"image":{"@id":"https:\/\/apuntesdesanluis.com\/index.php\/2023\/10\/03\/homicidio-en-barrio-san-jose-condenaron-a-un-hombre-a-12-anos-de-prision-efectiva\/#primaryimage"},"thumbnailUrl":"https:\/\/apuntesdesanluis.com\/wp-content\/uploads\/2023\/10\/audiencia.png","articleSection":["Ciudad\/Provincia"],"inLanguage":"es-AR"},{"@type":"WebPage","@id":"https:\/\/apuntesdesanluis.com\/index.php\/2023\/10\/03\/homicidio-en-barrio-san-jose-condenaron-a-un-hombre-a-12-anos-de-prision-efectiva\/","url":"https:\/\/apuntesdesanluis.com\/index.php\/2023\/10\/03\/homicidio-en-barrio-san-jose-condenaron-a-un-hombre-a-12-anos-de-prision-efectiva\/","name":"HOMICIDIO EN BARRIO SAN JOS\u00c9: CONDENARON A UN HOMBRE A 12 A\u00d1OS DE PRISI\u00d3N EFECTIVA - Apuntes de San Luis","isPartOf":{"@id":"https:\/\/apuntesdesanluis.com\/#website"},"primaryImageOfPage":{"@id":"https:\/\/apuntesdesanluis.com\/index.php\/2023\/10\/03\/homicidio-en-barrio-san-jose-condenaron-a-un-hombre-a-12-anos-de-prision-efectiva\/#primaryimage"},"image":{"@id":"https:\/\/apuntesdesanluis.com\/index.php\/2023\/10\/03\/homicidio-en-barrio-san-jose-condenaron-a-un-hombre-a-12-anos-de-prision-efectiva\/#primaryimage"},"thumbnailUrl":"https:\/\/apuntesdesanluis.com\/wp-content\/uploads\/2023\/10\/audiencia.png","datePublished":"2023-10-03T16:04:47+00:00","breadcrumb":{"@id":"https:\/\/apuntesdesanluis.com\/index.php\/2023\/10\/03\/homicidio-en-barrio-san-jose-condenaron-a-un-hombre-a-12-anos-de-prision-efectiva\/#breadcrumb"},"inLanguage":"es-AR","potentialAction":[{"@type":"ReadAction","target":["https:\/\/apuntesdesanluis.com\/index.php\/2023\/10\/03\/homicidio-en-barrio-san-jose-condenaron-a-un-hombre-a-12-anos-de-prision-efectiva\/"]}]},{"@type":"ImageObject","inLanguage":"es-AR","@id":"https:\/\/apuntesdesanluis.com\/index.php\/2023\/10\/03\/homicidio-en-barrio-san-jose-condenaron-a-un-hombre-a-12-anos-de-prision-efectiva\/#primaryimage","url":"https:\/\/apuntesdesanluis.com\/wp-content\/uploads\/2023\/10\/audiencia.png","contentUrl":"https:\/\/apuntesdesanluis.com\/wp-content\/uploads\/2023\/10\/audiencia.png","width":600,"height":368},{"@type":"BreadcrumbList","@id":"https:\/\/apuntesdesanluis.com\/index.php\/2023\/10\/03\/homicidio-en-barrio-san-jose-condenaron-a-un-hombre-a-12-anos-de-prision-efectiva\/#breadcrumb","itemListElement":[{"@type":"ListItem","position":1,"name":"Inicio","item":"https:\/\/apuntesdesanluis.com\/"},{"@type":"ListItem","position":2,"name":"HOMICIDIO EN BARRIO SAN JOS\u00c9: CONDENARON A UN HOMBRE A 12 A\u00d1OS DE PRISI\u00d3N EFECTIVA"}]},{"@type":"WebSite","@id":"https:\/\/apuntesdesanluis.com\/#website","url":"https:\/\/apuntesdesanluis.com\/","name":"Apuntes de San Luis","description":"","publisher":{"@id":"https:\/\/apuntesdesanluis.com\/#\/schema\/person\/b55151d52296fcce64d1a72538a70b90"},"potentialAction":[{"@type":"SearchAction","target":{"@type":"EntryPoint","urlTemplate":"https:\/\/apuntesdesanluis.com\/?s={search_term_string}"},"query-input":{"@type":"PropertyValueSpecification","valueRequired":true,"valueName":"search_term_string"}}],"inLanguage":"es-AR"},{"@type":["Person","Organization"],"@id":"https:\/\/apuntesdesanluis.com\/#\/schema\/person\/b55151d52296fcce64d1a72538a70b90","name":"apuntesdesanluis.com","image":{"@type":"ImageObject","inLanguage":"es-AR","@id":"https:\/\/apuntesdesanluis.com\/#\/schema\/person\/image\/","url":"https:\/\/apuntesdesanluis.com\/wp-content\/uploads\/2023\/07\/cropped-apuntesdesanluis.png","contentUrl":"https:\/\/apuntesdesanluis.com\/wp-content\/uploads\/2023\/07\/cropped-apuntesdesanluis.png","width":450,"height":112,"caption":"apuntesdesanluis.com"},"logo":{"@id":"https:\/\/apuntesdesanluis.com\/#\/schema\/person\/image\/"},"sameAs":["https:\/\/apuntesdesanluis.com"],"url":"https:\/\/apuntesdesanluis.com\/index.php\/author\/apuntesdesanluis-com\/"}]}},"featured_image_urls":{"full":["https:\/\/apuntesdesanluis.com\/wp-content\/uploads\/2023\/10\/audiencia.png",600,368,false],"thumbnail":["https:\/\/apuntesdesanluis.com\/wp-content\/uploads\/2023\/10\/audiencia-150x150.png",150,150,true],"medium":["https:\/\/apuntesdesanluis.com\/wp-content\/uploads\/2023\/10\/audiencia-300x184.png",300,184,true],"medium_large":["https:\/\/apuntesdesanluis.com\/wp-content\/uploads\/2023\/10\/audiencia.png",600,368,false],"large":["https:\/\/apuntesdesanluis.com\/wp-content\/uploads\/2023\/10\/audiencia.png",600,368,false],"1536x1536":["https:\/\/apuntesdesanluis.com\/wp-content\/uploads\/2023\/10\/audiencia.png",600,368,false],"2048x2048":["https:\/\/apuntesdesanluis.com\/wp-content\/uploads\/2023\/10\/audiencia.png",600,368,false],"newsever-slider-full":["https:\/\/apuntesdesanluis.com\/wp-content\/uploads\/2023\/10\/audiencia.png",600,368,false],"newsever-featured":["https:\/\/apuntesdesanluis.com\/wp-content\/uploads\/2023\/10\/audiencia.png",600,368,false],"newsever-medium":["https:\/\/apuntesdesanluis.com\/wp-content\/uploads\/2023\/10\/audiencia.png",600,368,false]},"author_info":{"display_name":"apuntesdesanluis.com","author_link":"https:\/\/apuntesdesanluis.com\/index.php\/author\/apuntesdesanluis-com\/"},"category_info":"<a href=\"https:\/\/apuntesdesanluis.com\/index.php\/category\/ciudad-provincia\/\" rel=\"category tag\">Ciudad\/Provincia<\/a>","tag_info":"Ciudad\/Provincia","comment_count":"0","_links":{"self":[{"href":"https:\/\/apuntesdesanluis.com\/index.php\/wp-json\/wp\/v2\/posts\/4518","targetHints":{"allow":["GET"]}}],"collection":[{"href":"https:\/\/apuntesdesanluis.com\/index.php\/wp-json\/wp\/v2\/posts"}],"about":[{"href":"https:\/\/apuntesdesanluis.com\/index.php\/wp-json\/wp\/v2\/types\/post"}],"author":[{"embeddable":true,"href":"https:\/\/apuntesdesanluis.com\/index.php\/wp-json\/wp\/v2\/users\/1"}],"replies":[{"embeddable":true,"href":"https:\/\/apuntesdesanluis.com\/index.php\/wp-json\/wp\/v2\/comments?post=4518"}],"version-history":[{"count":1,"href":"https:\/\/apuntesdesanluis.com\/index.php\/wp-json\/wp\/v2\/posts\/4518\/revisions"}],"predecessor-version":[{"id":4520,"href":"https:\/\/apuntesdesanluis.com\/index.php\/wp-json\/wp\/v2\/posts\/4518\/revisions\/4520"}],"wp:featuredmedia":[{"embeddable":true,"href":"https:\/\/apuntesdesanluis.com\/index.php\/wp-json\/wp\/v2\/media\/4519"}],"wp:attachment":[{"href":"https:\/\/apuntesdesanluis.com\/index.php\/wp-json\/wp\/v2\/media?parent=4518"}],"wp:term":[{"taxonomy":"category","embeddable":true,"href":"https:\/\/apuntesdesanluis.com\/index.php\/wp-json\/wp\/v2\/categories?post=4518"},{"taxonomy":"post_tag","embeddable":true,"href":"https:\/\/apuntesdesanluis.com\/index.php\/wp-json\/wp\/v2\/tags?post=4518"}],"curies":[{"name":"wp","href":"https:\/\/api.w.org\/{rel}","templated":true}]}}