{"id":4530,"date":"2023-10-03T14:22:22","date_gmt":"2023-10-03T17:22:22","guid":{"rendered":"https:\/\/apuntesdesanluis.com\/?p=4530"},"modified":"2023-10-03T14:23:31","modified_gmt":"2023-10-03T17:23:31","slug":"la-medida-solicitada-por-poggi-afecta-de-forma-concreta-la-gobernabilidad-de-la-provincia","status":"publish","type":"post","link":"https:\/\/apuntesdesanluis.com\/index.php\/2023\/10\/03\/la-medida-solicitada-por-poggi-afecta-de-forma-concreta-la-gobernabilidad-de-la-provincia\/","title":{"rendered":"\u201cLA MEDIDA SOLICITADA POR POGGI AFECTA LA GOBERNABILIDAD DE LA PROVINCIA\u201d"},"content":{"rendered":"<h3>\u201cEl mandato del Ejecutivo provincial se encuentra vigente y la medida avalada por la jueza Bona, tiene una motivaci\u00f3n m\u00e1s pol\u00edtica que jur\u00eddica\u201d, enfatiz\u00f3 <strong>Iv\u00e1n Cali Velasco<\/strong>, jefe del Programa Asesor\u00eda Legal General del Ministerio de Gobierno, Justicia y Culto, en referencia a la decisi\u00f3n que se dio a conocer este lunes.<\/h3>\n<p>&nbsp;<\/p>\n<p><iframe title=\"La medida solicitada por Claudio Poggi, afecta de forma concreta la gobernabilidad\" width=\"640\" height=\"360\" src=\"https:\/\/www.youtube.com\/embed\/DBUMLGrtnZ8?feature=oembed\" frameborder=\"0\" allow=\"accelerometer; autoplay; clipboard-write; encrypted-media; gyroscope; picture-in-picture; web-share\" referrerpolicy=\"strict-origin-when-cross-origin\" allowfullscreen><\/iframe><\/p>\n<h3>Iv\u00e1n Cali Velasco, jefe del Programa Asesor\u00eda Legal General del Ministerio de Gobierno, Justicia y Culto, describi\u00f3 los alcances de la medida que la titular del Juzgado Laboral N\u00ba 2 de la Primera Circunscripci\u00f3n, Mar\u00eda Eugenia Bona tom\u00f3 a favor de Claudio Poggi quien solicit\u00f3 la suspensi\u00f3n de la totalidad de las licitaciones de la obra p\u00fablica provincial en el Poder Ejecutivo, en los organismos aut\u00e1rquicos y descentralizados, como as\u00ed tambi\u00e9n en agencias y sociedades en que el Estado sea parte.<\/h3>\n<h3>\u201cTraducido al accionar del Gobierno, afecta de forma directa e indirecta\u201d, se\u00f1al\u00f3 el funcionario y agreg\u00f3: \u201cDe forma directa porque, como sabemos, la obra p\u00fablica de San Luis es muy caracter\u00edstica por ser un motor; un impulsor del trabajo de los puntanos. Entonces, paralizar la obra p\u00fablica repercute de forma directa sobre la generaci\u00f3n y la mantenci\u00f3n de fuentes de empleo. De forma indirecta tambi\u00e9n afecta en cuanto a la circulaci\u00f3n del dinero a partir de las fuentes laborales\u201d.<\/h3>\n<h3>El asesor legal dijo: \u201dNosotros sabemos que el Gobierno ha estado impulsando medidas que tienden a reactivar el comercio y la decisi\u00f3n de la jueza, pedido de Poggi, tiende a aminorar ese efecto beneficioso para la sociedad\u201d.<\/h3>\n<h3>\u201cLa medida avalada por la jueza Bona, a pedido de Poggi, afecta de forma concreta la gobernabilidad del Estado provincial cuyo mandato se encuentra vigente. De este modo, podemos concluir en que la medida adoptada tiene una motivaci\u00f3n m\u00e1s pol\u00edtica que jur\u00eddica, toda vez que busca maniatar el normal desenvolvimiento de la actividad estatal en beneficio de las y los puntanos\u201c.<\/h3>\n<h3>Finalmente, Iv\u00e1n Cali Velasco hizo \u00e9nfasis en que \u201cla medida implica tambi\u00e9n vulnerar los leg\u00edtimos intereses que tienen las empresas contratantes de la obra p\u00fablica, que pierden la previsibilidad que ten\u00edan al momento de suscribir los contratos de obra p\u00fablica y afecta de forma enorme a la econom\u00eda, al sustento del hogar y al comercio en la provincia de San Luis\u201d.<\/h3>\n<p>&nbsp;<\/p>\n<p>&nbsp;<\/p>\n<p>&nbsp;<\/p>\n","protected":false},"excerpt":{"rendered":"<p>\u201cEl mandato del Ejecutivo provincial se encuentra vigente y la medida avalada por la jueza&#8230;<\/p>\n","protected":false},"author":1,"featured_media":4531,"comment_status":"closed","ping_status":"closed","sticky":false,"template":"","format":"standard","meta":{"footnotes":""},"categories":[6],"tags":[],"class_list":["post-4530","post","type-post","status-publish","format-standard","has-post-thumbnail","hentry","category-ciudad-provincia"],"yoast_head":"<!-- This site is optimized with the Yoast SEO plugin v26.1.1 - https:\/\/yoast.com\/wordpress\/plugins\/seo\/ -->\n<title>\u201cLA MEDIDA SOLICITADA POR POGGI AFECTA LA GOBERNABILIDAD DE LA PROVINCIA\u201d - Apuntes de San Luis<\/title>\n<meta name=\"robots\" content=\"index, follow, max-snippet:-1, max-image-preview:large, max-video-preview:-1\" \/>\n<link rel=\"canonical\" href=\"https:\/\/apuntesdesanluis.com\/index.php\/2023\/10\/03\/la-medida-solicitada-por-poggi-afecta-de-forma-concreta-la-gobernabilidad-de-la-provincia\/\" \/>\n<meta property=\"og:locale\" content=\"es_ES\" \/>\n<meta property=\"og:type\" content=\"article\" \/>\n<meta property=\"og:title\" content=\"\u201cLA MEDIDA SOLICITADA POR POGGI AFECTA LA GOBERNABILIDAD DE LA PROVINCIA\u201d - Apuntes de San Luis\" \/>\n<meta property=\"og:description\" content=\"\u201cEl mandato del Ejecutivo provincial se encuentra vigente y la medida avalada por la jueza...\" \/>\n<meta property=\"og:url\" content=\"https:\/\/apuntesdesanluis.com\/index.php\/2023\/10\/03\/la-medida-solicitada-por-poggi-afecta-de-forma-concreta-la-gobernabilidad-de-la-provincia\/\" \/>\n<meta property=\"og:site_name\" content=\"Apuntes de San Luis\" \/>\n<meta property=\"article:published_time\" content=\"2023-10-03T17:22:22+00:00\" \/>\n<meta property=\"article:modified_time\" content=\"2023-10-03T17:23:31+00:00\" \/>\n<meta property=\"og:image\" content=\"https:\/\/apuntesdesanluis.com\/wp-content\/uploads\/2023\/10\/TERRAZAS.png\" \/>\n\t<meta property=\"og:image:width\" content=\"600\" \/>\n\t<meta property=\"og:image:height\" content=\"361\" \/>\n\t<meta property=\"og:image:type\" content=\"image\/png\" \/>\n<meta name=\"author\" content=\"apuntesdesanluis.com\" \/>\n<meta name=\"twitter:card\" content=\"summary_large_image\" \/>\n<meta name=\"twitter:label1\" content=\"Escrito por\" \/>\n\t<meta name=\"twitter:data1\" content=\"apuntesdesanluis.com\" \/>\n\t<meta name=\"twitter:label2\" content=\"Tiempo de lectura\" \/>\n\t<meta name=\"twitter:data2\" content=\"2 minutos\" \/>\n<script type=\"application\/ld+json\" class=\"yoast-schema-graph\">{\"@context\":\"https:\/\/schema.org\",\"@graph\":[{\"@type\":\"Article\",\"@id\":\"https:\/\/apuntesdesanluis.com\/index.php\/2023\/10\/03\/la-medida-solicitada-por-poggi-afecta-de-forma-concreta-la-gobernabilidad-de-la-provincia\/#article\",\"isPartOf\":{\"@id\":\"https:\/\/apuntesdesanluis.com\/index.php\/2023\/10\/03\/la-medida-solicitada-por-poggi-afecta-de-forma-concreta-la-gobernabilidad-de-la-provincia\/\"},\"author\":{\"name\":\"apuntesdesanluis.com\",\"@id\":\"https:\/\/apuntesdesanluis.com\/#\/schema\/person\/b55151d52296fcce64d1a72538a70b90\"},\"headline\":\"\u201cLA MEDIDA SOLICITADA POR POGGI AFECTA LA GOBERNABILIDAD DE LA PROVINCIA\u201d\",\"datePublished\":\"2023-10-03T17:22:22+00:00\",\"dateModified\":\"2023-10-03T17:23:31+00:00\",\"mainEntityOfPage\":{\"@id\":\"https:\/\/apuntesdesanluis.com\/index.php\/2023\/10\/03\/la-medida-solicitada-por-poggi-afecta-de-forma-concreta-la-gobernabilidad-de-la-provincia\/\"},\"wordCount\":426,\"publisher\":{\"@id\":\"https:\/\/apuntesdesanluis.com\/#\/schema\/person\/b55151d52296fcce64d1a72538a70b90\"},\"image\":{\"@id\":\"https:\/\/apuntesdesanluis.com\/index.php\/2023\/10\/03\/la-medida-solicitada-por-poggi-afecta-de-forma-concreta-la-gobernabilidad-de-la-provincia\/#primaryimage\"},\"thumbnailUrl\":\"https:\/\/apuntesdesanluis.com\/wp-content\/uploads\/2023\/10\/TERRAZAS.png\",\"articleSection\":[\"Ciudad\/Provincia\"],\"inLanguage\":\"es-AR\"},{\"@type\":\"WebPage\",\"@id\":\"https:\/\/apuntesdesanluis.com\/index.php\/2023\/10\/03\/la-medida-solicitada-por-poggi-afecta-de-forma-concreta-la-gobernabilidad-de-la-provincia\/\",\"url\":\"https:\/\/apuntesdesanluis.com\/index.php\/2023\/10\/03\/la-medida-solicitada-por-poggi-afecta-de-forma-concreta-la-gobernabilidad-de-la-provincia\/\",\"name\":\"\u201cLA MEDIDA SOLICITADA POR POGGI AFECTA LA GOBERNABILIDAD DE LA PROVINCIA\u201d - Apuntes de San Luis\",\"isPartOf\":{\"@id\":\"https:\/\/apuntesdesanluis.com\/#website\"},\"primaryImageOfPage\":{\"@id\":\"https:\/\/apuntesdesanluis.com\/index.php\/2023\/10\/03\/la-medida-solicitada-por-poggi-afecta-de-forma-concreta-la-gobernabilidad-de-la-provincia\/#primaryimage\"},\"image\":{\"@id\":\"https:\/\/apuntesdesanluis.com\/index.php\/2023\/10\/03\/la-medida-solicitada-por-poggi-afecta-de-forma-concreta-la-gobernabilidad-de-la-provincia\/#primaryimage\"},\"thumbnailUrl\":\"https:\/\/apuntesdesanluis.com\/wp-content\/uploads\/2023\/10\/TERRAZAS.png\",\"datePublished\":\"2023-10-03T17:22:22+00:00\",\"dateModified\":\"2023-10-03T17:23:31+00:00\",\"breadcrumb\":{\"@id\":\"https:\/\/apuntesdesanluis.com\/index.php\/2023\/10\/03\/la-medida-solicitada-por-poggi-afecta-de-forma-concreta-la-gobernabilidad-de-la-provincia\/#breadcrumb\"},\"inLanguage\":\"es-AR\",\"potentialAction\":[{\"@type\":\"ReadAction\",\"target\":[\"https:\/\/apuntesdesanluis.com\/index.php\/2023\/10\/03\/la-medida-solicitada-por-poggi-afecta-de-forma-concreta-la-gobernabilidad-de-la-provincia\/\"]}]},{\"@type\":\"ImageObject\",\"inLanguage\":\"es-AR\",\"@id\":\"https:\/\/apuntesdesanluis.com\/index.php\/2023\/10\/03\/la-medida-solicitada-por-poggi-afecta-de-forma-concreta-la-gobernabilidad-de-la-provincia\/#primaryimage\",\"url\":\"https:\/\/apuntesdesanluis.com\/wp-content\/uploads\/2023\/10\/TERRAZAS.png\",\"contentUrl\":\"https:\/\/apuntesdesanluis.com\/wp-content\/uploads\/2023\/10\/TERRAZAS.png\",\"width\":600,\"height\":361},{\"@type\":\"BreadcrumbList\",\"@id\":\"https:\/\/apuntesdesanluis.com\/index.php\/2023\/10\/03\/la-medida-solicitada-por-poggi-afecta-de-forma-concreta-la-gobernabilidad-de-la-provincia\/#breadcrumb\",\"itemListElement\":[{\"@type\":\"ListItem\",\"position\":1,\"name\":\"Inicio\",\"item\":\"https:\/\/apuntesdesanluis.com\/\"},{\"@type\":\"ListItem\",\"position\":2,\"name\":\"\u201cLA MEDIDA SOLICITADA POR POGGI AFECTA LA GOBERNABILIDAD DE LA PROVINCIA\u201d\"}]},{\"@type\":\"WebSite\",\"@id\":\"https:\/\/apuntesdesanluis.com\/#website\",\"url\":\"https:\/\/apuntesdesanluis.com\/\",\"name\":\"Apuntes de San Luis\",\"description\":\"\",\"publisher\":{\"@id\":\"https:\/\/apuntesdesanluis.com\/#\/schema\/person\/b55151d52296fcce64d1a72538a70b90\"},\"potentialAction\":[{\"@type\":\"SearchAction\",\"target\":{\"@type\":\"EntryPoint\",\"urlTemplate\":\"https:\/\/apuntesdesanluis.com\/?s={search_term_string}\"},\"query-input\":{\"@type\":\"PropertyValueSpecification\",\"valueRequired\":true,\"valueName\":\"search_term_string\"}}],\"inLanguage\":\"es-AR\"},{\"@type\":[\"Person\",\"Organization\"],\"@id\":\"https:\/\/apuntesdesanluis.com\/#\/schema\/person\/b55151d52296fcce64d1a72538a70b90\",\"name\":\"apuntesdesanluis.com\",\"image\":{\"@type\":\"ImageObject\",\"inLanguage\":\"es-AR\",\"@id\":\"https:\/\/apuntesdesanluis.com\/#\/schema\/person\/image\/\",\"url\":\"https:\/\/apuntesdesanluis.com\/wp-content\/uploads\/2023\/07\/cropped-apuntesdesanluis.png\",\"contentUrl\":\"https:\/\/apuntesdesanluis.com\/wp-content\/uploads\/2023\/07\/cropped-apuntesdesanluis.png\",\"width\":450,\"height\":112,\"caption\":\"apuntesdesanluis.com\"},\"logo\":{\"@id\":\"https:\/\/apuntesdesanluis.com\/#\/schema\/person\/image\/\"},\"sameAs\":[\"https:\/\/apuntesdesanluis.com\"],\"url\":\"https:\/\/apuntesdesanluis.com\/index.php\/author\/apuntesdesanluis-com\/\"}]}<\/script>\n<!-- \/ Yoast SEO plugin. -->","yoast_head_json":{"title":"\u201cLA MEDIDA SOLICITADA POR POGGI AFECTA LA GOBERNABILIDAD DE LA PROVINCIA\u201d - Apuntes de San Luis","robots":{"index":"index","follow":"follow","max-snippet":"max-snippet:-1","max-image-preview":"max-image-preview:large","max-video-preview":"max-video-preview:-1"},"canonical":"https:\/\/apuntesdesanluis.com\/index.php\/2023\/10\/03\/la-medida-solicitada-por-poggi-afecta-de-forma-concreta-la-gobernabilidad-de-la-provincia\/","og_locale":"es_ES","og_type":"article","og_title":"\u201cLA MEDIDA SOLICITADA POR POGGI AFECTA LA GOBERNABILIDAD DE LA PROVINCIA\u201d - Apuntes de San Luis","og_description":"\u201cEl mandato del Ejecutivo provincial se encuentra vigente y la medida avalada por la jueza...","og_url":"https:\/\/apuntesdesanluis.com\/index.php\/2023\/10\/03\/la-medida-solicitada-por-poggi-afecta-de-forma-concreta-la-gobernabilidad-de-la-provincia\/","og_site_name":"Apuntes de San Luis","article_published_time":"2023-10-03T17:22:22+00:00","article_modified_time":"2023-10-03T17:23:31+00:00","og_image":[{"width":600,"height":361,"url":"https:\/\/apuntesdesanluis.com\/wp-content\/uploads\/2023\/10\/TERRAZAS.png","type":"image\/png"}],"author":"apuntesdesanluis.com","twitter_card":"summary_large_image","twitter_misc":{"Escrito por":"apuntesdesanluis.com","Tiempo de lectura":"2 minutos"},"schema":{"@context":"https:\/\/schema.org","@graph":[{"@type":"Article","@id":"https:\/\/apuntesdesanluis.com\/index.php\/2023\/10\/03\/la-medida-solicitada-por-poggi-afecta-de-forma-concreta-la-gobernabilidad-de-la-provincia\/#article","isPartOf":{"@id":"https:\/\/apuntesdesanluis.com\/index.php\/2023\/10\/03\/la-medida-solicitada-por-poggi-afecta-de-forma-concreta-la-gobernabilidad-de-la-provincia\/"},"author":{"name":"apuntesdesanluis.com","@id":"https:\/\/apuntesdesanluis.com\/#\/schema\/person\/b55151d52296fcce64d1a72538a70b90"},"headline":"\u201cLA MEDIDA SOLICITADA POR POGGI AFECTA LA GOBERNABILIDAD DE LA PROVINCIA\u201d","datePublished":"2023-10-03T17:22:22+00:00","dateModified":"2023-10-03T17:23:31+00:00","mainEntityOfPage":{"@id":"https:\/\/apuntesdesanluis.com\/index.php\/2023\/10\/03\/la-medida-solicitada-por-poggi-afecta-de-forma-concreta-la-gobernabilidad-de-la-provincia\/"},"wordCount":426,"publisher":{"@id":"https:\/\/apuntesdesanluis.com\/#\/schema\/person\/b55151d52296fcce64d1a72538a70b90"},"image":{"@id":"https:\/\/apuntesdesanluis.com\/index.php\/2023\/10\/03\/la-medida-solicitada-por-poggi-afecta-de-forma-concreta-la-gobernabilidad-de-la-provincia\/#primaryimage"},"thumbnailUrl":"https:\/\/apuntesdesanluis.com\/wp-content\/uploads\/2023\/10\/TERRAZAS.png","articleSection":["Ciudad\/Provincia"],"inLanguage":"es-AR"},{"@type":"WebPage","@id":"https:\/\/apuntesdesanluis.com\/index.php\/2023\/10\/03\/la-medida-solicitada-por-poggi-afecta-de-forma-concreta-la-gobernabilidad-de-la-provincia\/","url":"https:\/\/apuntesdesanluis.com\/index.php\/2023\/10\/03\/la-medida-solicitada-por-poggi-afecta-de-forma-concreta-la-gobernabilidad-de-la-provincia\/","name":"\u201cLA MEDIDA SOLICITADA POR POGGI AFECTA LA GOBERNABILIDAD DE LA PROVINCIA\u201d - Apuntes de San Luis","isPartOf":{"@id":"https:\/\/apuntesdesanluis.com\/#website"},"primaryImageOfPage":{"@id":"https:\/\/apuntesdesanluis.com\/index.php\/2023\/10\/03\/la-medida-solicitada-por-poggi-afecta-de-forma-concreta-la-gobernabilidad-de-la-provincia\/#primaryimage"},"image":{"@id":"https:\/\/apuntesdesanluis.com\/index.php\/2023\/10\/03\/la-medida-solicitada-por-poggi-afecta-de-forma-concreta-la-gobernabilidad-de-la-provincia\/#primaryimage"},"thumbnailUrl":"https:\/\/apuntesdesanluis.com\/wp-content\/uploads\/2023\/10\/TERRAZAS.png","datePublished":"2023-10-03T17:22:22+00:00","dateModified":"2023-10-03T17:23:31+00:00","breadcrumb":{"@id":"https:\/\/apuntesdesanluis.com\/index.php\/2023\/10\/03\/la-medida-solicitada-por-poggi-afecta-de-forma-concreta-la-gobernabilidad-de-la-provincia\/#breadcrumb"},"inLanguage":"es-AR","potentialAction":[{"@type":"ReadAction","target":["https:\/\/apuntesdesanluis.com\/index.php\/2023\/10\/03\/la-medida-solicitada-por-poggi-afecta-de-forma-concreta-la-gobernabilidad-de-la-provincia\/"]}]},{"@type":"ImageObject","inLanguage":"es-AR","@id":"https:\/\/apuntesdesanluis.com\/index.php\/2023\/10\/03\/la-medida-solicitada-por-poggi-afecta-de-forma-concreta-la-gobernabilidad-de-la-provincia\/#primaryimage","url":"https:\/\/apuntesdesanluis.com\/wp-content\/uploads\/2023\/10\/TERRAZAS.png","contentUrl":"https:\/\/apuntesdesanluis.com\/wp-content\/uploads\/2023\/10\/TERRAZAS.png","width":600,"height":361},{"@type":"BreadcrumbList","@id":"https:\/\/apuntesdesanluis.com\/index.php\/2023\/10\/03\/la-medida-solicitada-por-poggi-afecta-de-forma-concreta-la-gobernabilidad-de-la-provincia\/#breadcrumb","itemListElement":[{"@type":"ListItem","position":1,"name":"Inicio","item":"https:\/\/apuntesdesanluis.com\/"},{"@type":"ListItem","position":2,"name":"\u201cLA MEDIDA SOLICITADA POR POGGI AFECTA LA GOBERNABILIDAD DE LA PROVINCIA\u201d"}]},{"@type":"WebSite","@id":"https:\/\/apuntesdesanluis.com\/#website","url":"https:\/\/apuntesdesanluis.com\/","name":"Apuntes de San Luis","description":"","publisher":{"@id":"https:\/\/apuntesdesanluis.com\/#\/schema\/person\/b55151d52296fcce64d1a72538a70b90"},"potentialAction":[{"@type":"SearchAction","target":{"@type":"EntryPoint","urlTemplate":"https:\/\/apuntesdesanluis.com\/?s={search_term_string}"},"query-input":{"@type":"PropertyValueSpecification","valueRequired":true,"valueName":"search_term_string"}}],"inLanguage":"es-AR"},{"@type":["Person","Organization"],"@id":"https:\/\/apuntesdesanluis.com\/#\/schema\/person\/b55151d52296fcce64d1a72538a70b90","name":"apuntesdesanluis.com","image":{"@type":"ImageObject","inLanguage":"es-AR","@id":"https:\/\/apuntesdesanluis.com\/#\/schema\/person\/image\/","url":"https:\/\/apuntesdesanluis.com\/wp-content\/uploads\/2023\/07\/cropped-apuntesdesanluis.png","contentUrl":"https:\/\/apuntesdesanluis.com\/wp-content\/uploads\/2023\/07\/cropped-apuntesdesanluis.png","width":450,"height":112,"caption":"apuntesdesanluis.com"},"logo":{"@id":"https:\/\/apuntesdesanluis.com\/#\/schema\/person\/image\/"},"sameAs":["https:\/\/apuntesdesanluis.com"],"url":"https:\/\/apuntesdesanluis.com\/index.php\/author\/apuntesdesanluis-com\/"}]}},"featured_image_urls":{"full":["https:\/\/apuntesdesanluis.com\/wp-content\/uploads\/2023\/10\/TERRAZAS.png",600,361,false],"thumbnail":["https:\/\/apuntesdesanluis.com\/wp-content\/uploads\/2023\/10\/TERRAZAS-150x150.png",150,150,true],"medium":["https:\/\/apuntesdesanluis.com\/wp-content\/uploads\/2023\/10\/TERRAZAS-300x181.png",300,181,true],"medium_large":["https:\/\/apuntesdesanluis.com\/wp-content\/uploads\/2023\/10\/TERRAZAS.png",600,361,false],"large":["https:\/\/apuntesdesanluis.com\/wp-content\/uploads\/2023\/10\/TERRAZAS.png",600,361,false],"1536x1536":["https:\/\/apuntesdesanluis.com\/wp-content\/uploads\/2023\/10\/TERRAZAS.png",600,361,false],"2048x2048":["https:\/\/apuntesdesanluis.com\/wp-content\/uploads\/2023\/10\/TERRAZAS.png",600,361,false],"newsever-slider-full":["https:\/\/apuntesdesanluis.com\/wp-content\/uploads\/2023\/10\/TERRAZAS.png",600,361,false],"newsever-featured":["https:\/\/apuntesdesanluis.com\/wp-content\/uploads\/2023\/10\/TERRAZAS.png",600,361,false],"newsever-medium":["https:\/\/apuntesdesanluis.com\/wp-content\/uploads\/2023\/10\/TERRAZAS.png",600,361,false]},"author_info":{"display_name":"apuntesdesanluis.com","author_link":"https:\/\/apuntesdesanluis.com\/index.php\/author\/apuntesdesanluis-com\/"},"category_info":"<a href=\"https:\/\/apuntesdesanluis.com\/index.php\/category\/ciudad-provincia\/\" rel=\"category tag\">Ciudad\/Provincia<\/a>","tag_info":"Ciudad\/Provincia","comment_count":"0","_links":{"self":[{"href":"https:\/\/apuntesdesanluis.com\/index.php\/wp-json\/wp\/v2\/posts\/4530","targetHints":{"allow":["GET"]}}],"collection":[{"href":"https:\/\/apuntesdesanluis.com\/index.php\/wp-json\/wp\/v2\/posts"}],"about":[{"href":"https:\/\/apuntesdesanluis.com\/index.php\/wp-json\/wp\/v2\/types\/post"}],"author":[{"embeddable":true,"href":"https:\/\/apuntesdesanluis.com\/index.php\/wp-json\/wp\/v2\/users\/1"}],"replies":[{"embeddable":true,"href":"https:\/\/apuntesdesanluis.com\/index.php\/wp-json\/wp\/v2\/comments?post=4530"}],"version-history":[{"count":4,"href":"https:\/\/apuntesdesanluis.com\/index.php\/wp-json\/wp\/v2\/posts\/4530\/revisions"}],"predecessor-version":[{"id":4535,"href":"https:\/\/apuntesdesanluis.com\/index.php\/wp-json\/wp\/v2\/posts\/4530\/revisions\/4535"}],"wp:featuredmedia":[{"embeddable":true,"href":"https:\/\/apuntesdesanluis.com\/index.php\/wp-json\/wp\/v2\/media\/4531"}],"wp:attachment":[{"href":"https:\/\/apuntesdesanluis.com\/index.php\/wp-json\/wp\/v2\/media?parent=4530"}],"wp:term":[{"taxonomy":"category","embeddable":true,"href":"https:\/\/apuntesdesanluis.com\/index.php\/wp-json\/wp\/v2\/categories?post=4530"},{"taxonomy":"post_tag","embeddable":true,"href":"https:\/\/apuntesdesanluis.com\/index.php\/wp-json\/wp\/v2\/tags?post=4530"}],"curies":[{"name":"wp","href":"https:\/\/api.w.org\/{rel}","templated":true}]}}