{"id":4539,"date":"2023-10-03T18:22:21","date_gmt":"2023-10-03T21:22:21","guid":{"rendered":"https:\/\/apuntesdesanluis.com\/?p=4539"},"modified":"2023-10-03T18:22:21","modified_gmt":"2023-10-03T21:22:21","slug":"alberto-fernandez-firmo-el-pliego-de-la-jueza-ana-maria-figueroa","status":"publish","type":"post","link":"https:\/\/apuntesdesanluis.com\/index.php\/2023\/10\/03\/alberto-fernandez-firmo-el-pliego-de-la-jueza-ana-maria-figueroa\/","title":{"rendered":"ALBERTO FERN\u00c1NDEZ FIRM\u00d3 EL PLIEGO DE LA JUEZA ANA MAR\u00cdA FIGUEROA"},"content":{"rendered":"<h3>Finalmente, <strong>Alberto Fern\u00e1ndez<\/strong> firm\u00f3 el decreto para que <strong>Ana Mar\u00eda Figueroa<\/strong> siga siendo jueza por cinco a\u00f1os m\u00e1s. Seg\u00fan pudo saber Infobae, el Presidente rubric\u00f3 este martes la decisi\u00f3n luego de que el Senado, la semana pasada, votara por la continuidad de la magistrada que ocupaba una silla en la C\u00e1mara de Casaci\u00f3n.<\/h3>\n<h3>Vale recordar que el jueves de la semana pasada y tras un doble empate en la votaci\u00f3n, Claudia Ledesma Abdala \u2014Presidenta provisional de la C\u00e1mara\u2014 fue quien defini\u00f3 para que el Senado aprobara el pliego de Ana Mar\u00eda Figueroa. Con 70 senadores en sus bancas, el resultado de la votaci\u00f3n fue de 35 a 35 \u2014dos veces\u2014. Ante esto, por reglamento tuvo que desempatar la santiague\u00f1a, que presid\u00eda la sesi\u00f3n ante la ausencia de Cristina Kirchner.<\/h3>\n<h3>El primero de los temas que se trataron en el Congreso aquel d\u00eda de la \u00faltima semana fueron los pliegos judiciales, que incluy\u00f3 el de Figueroa, la ex jueza de la Sala 1 de la C\u00e1mara de Casaci\u00f3n Penal de Justicia que la Corte Suprema de Justicia defini\u00f3 que se deb\u00eda jubilar el pasado 9 de agosto cuando cumpli\u00f3 los 75 a\u00f1os de edad.<\/h3>\n<h3>Desde abril que el interbloque del Frente de Todos quer\u00eda avanzar con este pliego. La idea del kirchnerismo era aprobarlo antes de que la magistrada cumpliera los 75 a\u00f1os, pero Juntos por el Cambio logr\u00f3 bloquear las sesiones. Meses m\u00e1s tarde, el oficialismo logr\u00f3 sumar a otros bloques, obtuvo el qu\u00f3rum y avanz\u00f3, a\u00fan despu\u00e9s de que la Corte ya hab\u00eda firmado por unanimidad que la magistrada se ten\u00eda que jubilar.<\/h3>\n<p><img fetchpriority=\"high\" decoding=\"async\" class=\"wp-image-4541 aligncenter\" src=\"https:\/\/apuntesdesanluis.com\/wp-content\/uploads\/2023\/10\/JUEZA-FIGUEROA-300x183.png\" alt=\"\" width=\"646\" height=\"394\" srcset=\"https:\/\/apuntesdesanluis.com\/wp-content\/uploads\/2023\/10\/JUEZA-FIGUEROA-300x183.png 300w, https:\/\/apuntesdesanluis.com\/wp-content\/uploads\/2023\/10\/JUEZA-FIGUEROA.png 721w\" sizes=\"(max-width: 646px) 100vw, 646px\" \/><\/p>\n<h3>Tras la votaci\u00f3n de una continuidad de Figueroa en el Senado, todav\u00eda faltaba un paso clave para considerar que volv\u00eda a ser nombrada jueza: el decreto del presidente Alberto Fern\u00e1ndez, publicado en el Bolet\u00edn Oficial. \u201cFalta la firma del presidente de la Naci\u00f3n. No s\u00e9 qu\u00e9 va a pasar\u201d, hab\u00eda deslizado el senador del Frente de Todos Jos\u00e9 Mayans, en medio de su defensa a la votaci\u00f3n del pliego. Reci\u00e9n cuando aparezca en el Bolet\u00edn Oficial se podr\u00e1 decir que se complet\u00f3 el acto de nombramiento. Mientras tanto, el Presidente de la Naci\u00f3n procedi\u00f3 hoy al primer paso de este proceso: la firma del pliego de la magistrada.<\/h3>\n<h3>Es importante se\u00f1alar tambi\u00e9n que a principios de septiembre, Figueroa hab\u00eda dejado su cargo en la C\u00e1mara Federal de Casaci\u00f3n luego de que as\u00ed lo ordenara la Corte Suprema de Justicia de la Naci\u00f3n. El m\u00e1ximo tribunal defini\u00f3 el cese de sus funciones al tener en cuenta que el 9 de agosto \u00faltimo cumpliera 75 a\u00f1os de edad, el l\u00edmite que fija la Constituci\u00f3n Nacional. Poco despu\u00e9s de haberse conocido la noticia, Casaci\u00f3n resolvi\u00f3 qui\u00e9n subrogar\u00eda la vocal\u00eda 10, el lugar de Figueroa: por sorteo, la suerte decidi\u00f3 que fuera Alejandro Walter Slokar, el principal aliado de la jueza desplazada.<\/h3>\n<h3>Figueroa era una jueza clave para la pol\u00edtica. Ocurre que ten\u00eda que resolver los expedientes \u201cLos Sauces &#8211; Hotesur\u201d y la firma del memor\u00e1ndum de entendimiento con Ir\u00e1n en los que est\u00e1 involucrada la vicepresidenta de la Naci\u00f3n, Cristina Kirchner. Justamente \u2014tras la salida de la jueza\u2014 la Sala I de Casaci\u00f3n resolvi\u00f3 reabrir ambas causas. Son dods expedientes que se hab\u00edan cerrado en 2021 en los dos tribunales orales que ten\u00edan que hacer el juicio diciendo que no hab\u00eda delito. Apelaciones mediante, Casaci\u00f3n, resolvi\u00f3 avanzar hacia juicio oral para que se resolviera all\u00ed.<\/h3>\n","protected":false},"excerpt":{"rendered":"<p>Finalmente, Alberto Fern\u00e1ndez firm\u00f3 el decreto para que Ana Mar\u00eda Figueroa siga siendo jueza por&#8230;<\/p>\n","protected":false},"author":1,"featured_media":4540,"comment_status":"closed","ping_status":"closed","sticky":false,"template":"","format":"standard","meta":{"footnotes":""},"categories":[5],"tags":[],"class_list":["post-4539","post","type-post","status-publish","format-standard","has-post-thumbnail","hentry","category-nacionales-internacionales"],"yoast_head":"<!-- This site is optimized with the Yoast SEO plugin v26.1.1 - https:\/\/yoast.com\/wordpress\/plugins\/seo\/ -->\n<title>ALBERTO FERN\u00c1NDEZ FIRM\u00d3 EL PLIEGO DE LA JUEZA ANA MAR\u00cdA FIGUEROA - Apuntes de San Luis<\/title>\n<meta name=\"robots\" content=\"index, follow, max-snippet:-1, max-image-preview:large, max-video-preview:-1\" \/>\n<link rel=\"canonical\" href=\"https:\/\/apuntesdesanluis.com\/index.php\/2023\/10\/03\/alberto-fernandez-firmo-el-pliego-de-la-jueza-ana-maria-figueroa\/\" \/>\n<meta property=\"og:locale\" content=\"es_ES\" \/>\n<meta property=\"og:type\" content=\"article\" \/>\n<meta property=\"og:title\" content=\"ALBERTO FERN\u00c1NDEZ FIRM\u00d3 EL PLIEGO DE LA JUEZA ANA MAR\u00cdA FIGUEROA - Apuntes de San Luis\" \/>\n<meta property=\"og:description\" content=\"Finalmente, Alberto Fern\u00e1ndez firm\u00f3 el decreto para que Ana Mar\u00eda Figueroa siga siendo jueza por...\" \/>\n<meta property=\"og:url\" content=\"https:\/\/apuntesdesanluis.com\/index.php\/2023\/10\/03\/alberto-fernandez-firmo-el-pliego-de-la-jueza-ana-maria-figueroa\/\" \/>\n<meta property=\"og:site_name\" content=\"Apuntes de San Luis\" \/>\n<meta property=\"article:published_time\" content=\"2023-10-03T21:22:21+00:00\" \/>\n<meta property=\"og:image\" content=\"https:\/\/apuntesdesanluis.com\/wp-content\/uploads\/2023\/10\/ALBERTO-FERNANDEZ.png\" \/>\n\t<meta property=\"og:image:width\" content=\"729\" \/>\n\t<meta property=\"og:image:height\" content=\"459\" \/>\n\t<meta property=\"og:image:type\" content=\"image\/png\" \/>\n<meta name=\"author\" content=\"apuntesdesanluis.com\" \/>\n<meta name=\"twitter:card\" content=\"summary_large_image\" \/>\n<meta name=\"twitter:label1\" content=\"Escrito por\" \/>\n\t<meta name=\"twitter:data1\" content=\"apuntesdesanluis.com\" \/>\n\t<meta name=\"twitter:label2\" content=\"Tiempo de lectura\" \/>\n\t<meta name=\"twitter:data2\" content=\"3 minutos\" \/>\n<script type=\"application\/ld+json\" class=\"yoast-schema-graph\">{\"@context\":\"https:\/\/schema.org\",\"@graph\":[{\"@type\":\"Article\",\"@id\":\"https:\/\/apuntesdesanluis.com\/index.php\/2023\/10\/03\/alberto-fernandez-firmo-el-pliego-de-la-jueza-ana-maria-figueroa\/#article\",\"isPartOf\":{\"@id\":\"https:\/\/apuntesdesanluis.com\/index.php\/2023\/10\/03\/alberto-fernandez-firmo-el-pliego-de-la-jueza-ana-maria-figueroa\/\"},\"author\":{\"name\":\"apuntesdesanluis.com\",\"@id\":\"https:\/\/apuntesdesanluis.com\/#\/schema\/person\/b55151d52296fcce64d1a72538a70b90\"},\"headline\":\"ALBERTO FERN\u00c1NDEZ FIRM\u00d3 EL PLIEGO DE LA JUEZA ANA MAR\u00cdA FIGUEROA\",\"datePublished\":\"2023-10-03T21:22:21+00:00\",\"mainEntityOfPage\":{\"@id\":\"https:\/\/apuntesdesanluis.com\/index.php\/2023\/10\/03\/alberto-fernandez-firmo-el-pliego-de-la-jueza-ana-maria-figueroa\/\"},\"wordCount\":632,\"publisher\":{\"@id\":\"https:\/\/apuntesdesanluis.com\/#\/schema\/person\/b55151d52296fcce64d1a72538a70b90\"},\"image\":{\"@id\":\"https:\/\/apuntesdesanluis.com\/index.php\/2023\/10\/03\/alberto-fernandez-firmo-el-pliego-de-la-jueza-ana-maria-figueroa\/#primaryimage\"},\"thumbnailUrl\":\"https:\/\/apuntesdesanluis.com\/wp-content\/uploads\/2023\/10\/ALBERTO-FERNANDEZ.png\",\"articleSection\":[\"Nacionales\/Internacionales\"],\"inLanguage\":\"es-AR\"},{\"@type\":\"WebPage\",\"@id\":\"https:\/\/apuntesdesanluis.com\/index.php\/2023\/10\/03\/alberto-fernandez-firmo-el-pliego-de-la-jueza-ana-maria-figueroa\/\",\"url\":\"https:\/\/apuntesdesanluis.com\/index.php\/2023\/10\/03\/alberto-fernandez-firmo-el-pliego-de-la-jueza-ana-maria-figueroa\/\",\"name\":\"ALBERTO FERN\u00c1NDEZ FIRM\u00d3 EL PLIEGO DE LA JUEZA ANA MAR\u00cdA FIGUEROA - Apuntes de San Luis\",\"isPartOf\":{\"@id\":\"https:\/\/apuntesdesanluis.com\/#website\"},\"primaryImageOfPage\":{\"@id\":\"https:\/\/apuntesdesanluis.com\/index.php\/2023\/10\/03\/alberto-fernandez-firmo-el-pliego-de-la-jueza-ana-maria-figueroa\/#primaryimage\"},\"image\":{\"@id\":\"https:\/\/apuntesdesanluis.com\/index.php\/2023\/10\/03\/alberto-fernandez-firmo-el-pliego-de-la-jueza-ana-maria-figueroa\/#primaryimage\"},\"thumbnailUrl\":\"https:\/\/apuntesdesanluis.com\/wp-content\/uploads\/2023\/10\/ALBERTO-FERNANDEZ.png\",\"datePublished\":\"2023-10-03T21:22:21+00:00\",\"breadcrumb\":{\"@id\":\"https:\/\/apuntesdesanluis.com\/index.php\/2023\/10\/03\/alberto-fernandez-firmo-el-pliego-de-la-jueza-ana-maria-figueroa\/#breadcrumb\"},\"inLanguage\":\"es-AR\",\"potentialAction\":[{\"@type\":\"ReadAction\",\"target\":[\"https:\/\/apuntesdesanluis.com\/index.php\/2023\/10\/03\/alberto-fernandez-firmo-el-pliego-de-la-jueza-ana-maria-figueroa\/\"]}]},{\"@type\":\"ImageObject\",\"inLanguage\":\"es-AR\",\"@id\":\"https:\/\/apuntesdesanluis.com\/index.php\/2023\/10\/03\/alberto-fernandez-firmo-el-pliego-de-la-jueza-ana-maria-figueroa\/#primaryimage\",\"url\":\"https:\/\/apuntesdesanluis.com\/wp-content\/uploads\/2023\/10\/ALBERTO-FERNANDEZ.png\",\"contentUrl\":\"https:\/\/apuntesdesanluis.com\/wp-content\/uploads\/2023\/10\/ALBERTO-FERNANDEZ.png\",\"width\":729,\"height\":459},{\"@type\":\"BreadcrumbList\",\"@id\":\"https:\/\/apuntesdesanluis.com\/index.php\/2023\/10\/03\/alberto-fernandez-firmo-el-pliego-de-la-jueza-ana-maria-figueroa\/#breadcrumb\",\"itemListElement\":[{\"@type\":\"ListItem\",\"position\":1,\"name\":\"Inicio\",\"item\":\"https:\/\/apuntesdesanluis.com\/\"},{\"@type\":\"ListItem\",\"position\":2,\"name\":\"ALBERTO FERN\u00c1NDEZ FIRM\u00d3 EL PLIEGO DE LA JUEZA ANA MAR\u00cdA FIGUEROA\"}]},{\"@type\":\"WebSite\",\"@id\":\"https:\/\/apuntesdesanluis.com\/#website\",\"url\":\"https:\/\/apuntesdesanluis.com\/\",\"name\":\"Apuntes de San Luis\",\"description\":\"\",\"publisher\":{\"@id\":\"https:\/\/apuntesdesanluis.com\/#\/schema\/person\/b55151d52296fcce64d1a72538a70b90\"},\"potentialAction\":[{\"@type\":\"SearchAction\",\"target\":{\"@type\":\"EntryPoint\",\"urlTemplate\":\"https:\/\/apuntesdesanluis.com\/?s={search_term_string}\"},\"query-input\":{\"@type\":\"PropertyValueSpecification\",\"valueRequired\":true,\"valueName\":\"search_term_string\"}}],\"inLanguage\":\"es-AR\"},{\"@type\":[\"Person\",\"Organization\"],\"@id\":\"https:\/\/apuntesdesanluis.com\/#\/schema\/person\/b55151d52296fcce64d1a72538a70b90\",\"name\":\"apuntesdesanluis.com\",\"image\":{\"@type\":\"ImageObject\",\"inLanguage\":\"es-AR\",\"@id\":\"https:\/\/apuntesdesanluis.com\/#\/schema\/person\/image\/\",\"url\":\"https:\/\/apuntesdesanluis.com\/wp-content\/uploads\/2023\/07\/cropped-apuntesdesanluis.png\",\"contentUrl\":\"https:\/\/apuntesdesanluis.com\/wp-content\/uploads\/2023\/07\/cropped-apuntesdesanluis.png\",\"width\":450,\"height\":112,\"caption\":\"apuntesdesanluis.com\"},\"logo\":{\"@id\":\"https:\/\/apuntesdesanluis.com\/#\/schema\/person\/image\/\"},\"sameAs\":[\"https:\/\/apuntesdesanluis.com\"],\"url\":\"https:\/\/apuntesdesanluis.com\/index.php\/author\/apuntesdesanluis-com\/\"}]}<\/script>\n<!-- \/ Yoast SEO plugin. -->","yoast_head_json":{"title":"ALBERTO FERN\u00c1NDEZ FIRM\u00d3 EL PLIEGO DE LA JUEZA ANA MAR\u00cdA FIGUEROA - Apuntes de San Luis","robots":{"index":"index","follow":"follow","max-snippet":"max-snippet:-1","max-image-preview":"max-image-preview:large","max-video-preview":"max-video-preview:-1"},"canonical":"https:\/\/apuntesdesanluis.com\/index.php\/2023\/10\/03\/alberto-fernandez-firmo-el-pliego-de-la-jueza-ana-maria-figueroa\/","og_locale":"es_ES","og_type":"article","og_title":"ALBERTO FERN\u00c1NDEZ FIRM\u00d3 EL PLIEGO DE LA JUEZA ANA MAR\u00cdA FIGUEROA - Apuntes de San Luis","og_description":"Finalmente, Alberto Fern\u00e1ndez firm\u00f3 el decreto para que Ana Mar\u00eda Figueroa siga siendo jueza por...","og_url":"https:\/\/apuntesdesanluis.com\/index.php\/2023\/10\/03\/alberto-fernandez-firmo-el-pliego-de-la-jueza-ana-maria-figueroa\/","og_site_name":"Apuntes de San Luis","article_published_time":"2023-10-03T21:22:21+00:00","og_image":[{"width":729,"height":459,"url":"https:\/\/apuntesdesanluis.com\/wp-content\/uploads\/2023\/10\/ALBERTO-FERNANDEZ.png","type":"image\/png"}],"author":"apuntesdesanluis.com","twitter_card":"summary_large_image","twitter_misc":{"Escrito por":"apuntesdesanluis.com","Tiempo de lectura":"3 minutos"},"schema":{"@context":"https:\/\/schema.org","@graph":[{"@type":"Article","@id":"https:\/\/apuntesdesanluis.com\/index.php\/2023\/10\/03\/alberto-fernandez-firmo-el-pliego-de-la-jueza-ana-maria-figueroa\/#article","isPartOf":{"@id":"https:\/\/apuntesdesanluis.com\/index.php\/2023\/10\/03\/alberto-fernandez-firmo-el-pliego-de-la-jueza-ana-maria-figueroa\/"},"author":{"name":"apuntesdesanluis.com","@id":"https:\/\/apuntesdesanluis.com\/#\/schema\/person\/b55151d52296fcce64d1a72538a70b90"},"headline":"ALBERTO FERN\u00c1NDEZ FIRM\u00d3 EL PLIEGO DE LA JUEZA ANA MAR\u00cdA FIGUEROA","datePublished":"2023-10-03T21:22:21+00:00","mainEntityOfPage":{"@id":"https:\/\/apuntesdesanluis.com\/index.php\/2023\/10\/03\/alberto-fernandez-firmo-el-pliego-de-la-jueza-ana-maria-figueroa\/"},"wordCount":632,"publisher":{"@id":"https:\/\/apuntesdesanluis.com\/#\/schema\/person\/b55151d52296fcce64d1a72538a70b90"},"image":{"@id":"https:\/\/apuntesdesanluis.com\/index.php\/2023\/10\/03\/alberto-fernandez-firmo-el-pliego-de-la-jueza-ana-maria-figueroa\/#primaryimage"},"thumbnailUrl":"https:\/\/apuntesdesanluis.com\/wp-content\/uploads\/2023\/10\/ALBERTO-FERNANDEZ.png","articleSection":["Nacionales\/Internacionales"],"inLanguage":"es-AR"},{"@type":"WebPage","@id":"https:\/\/apuntesdesanluis.com\/index.php\/2023\/10\/03\/alberto-fernandez-firmo-el-pliego-de-la-jueza-ana-maria-figueroa\/","url":"https:\/\/apuntesdesanluis.com\/index.php\/2023\/10\/03\/alberto-fernandez-firmo-el-pliego-de-la-jueza-ana-maria-figueroa\/","name":"ALBERTO FERN\u00c1NDEZ FIRM\u00d3 EL PLIEGO DE LA JUEZA ANA MAR\u00cdA FIGUEROA - Apuntes de San Luis","isPartOf":{"@id":"https:\/\/apuntesdesanluis.com\/#website"},"primaryImageOfPage":{"@id":"https:\/\/apuntesdesanluis.com\/index.php\/2023\/10\/03\/alberto-fernandez-firmo-el-pliego-de-la-jueza-ana-maria-figueroa\/#primaryimage"},"image":{"@id":"https:\/\/apuntesdesanluis.com\/index.php\/2023\/10\/03\/alberto-fernandez-firmo-el-pliego-de-la-jueza-ana-maria-figueroa\/#primaryimage"},"thumbnailUrl":"https:\/\/apuntesdesanluis.com\/wp-content\/uploads\/2023\/10\/ALBERTO-FERNANDEZ.png","datePublished":"2023-10-03T21:22:21+00:00","breadcrumb":{"@id":"https:\/\/apuntesdesanluis.com\/index.php\/2023\/10\/03\/alberto-fernandez-firmo-el-pliego-de-la-jueza-ana-maria-figueroa\/#breadcrumb"},"inLanguage":"es-AR","potentialAction":[{"@type":"ReadAction","target":["https:\/\/apuntesdesanluis.com\/index.php\/2023\/10\/03\/alberto-fernandez-firmo-el-pliego-de-la-jueza-ana-maria-figueroa\/"]}]},{"@type":"ImageObject","inLanguage":"es-AR","@id":"https:\/\/apuntesdesanluis.com\/index.php\/2023\/10\/03\/alberto-fernandez-firmo-el-pliego-de-la-jueza-ana-maria-figueroa\/#primaryimage","url":"https:\/\/apuntesdesanluis.com\/wp-content\/uploads\/2023\/10\/ALBERTO-FERNANDEZ.png","contentUrl":"https:\/\/apuntesdesanluis.com\/wp-content\/uploads\/2023\/10\/ALBERTO-FERNANDEZ.png","width":729,"height":459},{"@type":"BreadcrumbList","@id":"https:\/\/apuntesdesanluis.com\/index.php\/2023\/10\/03\/alberto-fernandez-firmo-el-pliego-de-la-jueza-ana-maria-figueroa\/#breadcrumb","itemListElement":[{"@type":"ListItem","position":1,"name":"Inicio","item":"https:\/\/apuntesdesanluis.com\/"},{"@type":"ListItem","position":2,"name":"ALBERTO FERN\u00c1NDEZ FIRM\u00d3 EL PLIEGO DE LA JUEZA ANA MAR\u00cdA FIGUEROA"}]},{"@type":"WebSite","@id":"https:\/\/apuntesdesanluis.com\/#website","url":"https:\/\/apuntesdesanluis.com\/","name":"Apuntes de San Luis","description":"","publisher":{"@id":"https:\/\/apuntesdesanluis.com\/#\/schema\/person\/b55151d52296fcce64d1a72538a70b90"},"potentialAction":[{"@type":"SearchAction","target":{"@type":"EntryPoint","urlTemplate":"https:\/\/apuntesdesanluis.com\/?s={search_term_string}"},"query-input":{"@type":"PropertyValueSpecification","valueRequired":true,"valueName":"search_term_string"}}],"inLanguage":"es-AR"},{"@type":["Person","Organization"],"@id":"https:\/\/apuntesdesanluis.com\/#\/schema\/person\/b55151d52296fcce64d1a72538a70b90","name":"apuntesdesanluis.com","image":{"@type":"ImageObject","inLanguage":"es-AR","@id":"https:\/\/apuntesdesanluis.com\/#\/schema\/person\/image\/","url":"https:\/\/apuntesdesanluis.com\/wp-content\/uploads\/2023\/07\/cropped-apuntesdesanluis.png","contentUrl":"https:\/\/apuntesdesanluis.com\/wp-content\/uploads\/2023\/07\/cropped-apuntesdesanluis.png","width":450,"height":112,"caption":"apuntesdesanluis.com"},"logo":{"@id":"https:\/\/apuntesdesanluis.com\/#\/schema\/person\/image\/"},"sameAs":["https:\/\/apuntesdesanluis.com"],"url":"https:\/\/apuntesdesanluis.com\/index.php\/author\/apuntesdesanluis-com\/"}]}},"featured_image_urls":{"full":["https:\/\/apuntesdesanluis.com\/wp-content\/uploads\/2023\/10\/ALBERTO-FERNANDEZ.png",729,459,false],"thumbnail":["https:\/\/apuntesdesanluis.com\/wp-content\/uploads\/2023\/10\/ALBERTO-FERNANDEZ-150x150.png",150,150,true],"medium":["https:\/\/apuntesdesanluis.com\/wp-content\/uploads\/2023\/10\/ALBERTO-FERNANDEZ-300x189.png",300,189,true],"medium_large":["https:\/\/apuntesdesanluis.com\/wp-content\/uploads\/2023\/10\/ALBERTO-FERNANDEZ.png",640,403,false],"large":["https:\/\/apuntesdesanluis.com\/wp-content\/uploads\/2023\/10\/ALBERTO-FERNANDEZ.png",640,403,false],"1536x1536":["https:\/\/apuntesdesanluis.com\/wp-content\/uploads\/2023\/10\/ALBERTO-FERNANDEZ.png",729,459,false],"2048x2048":["https:\/\/apuntesdesanluis.com\/wp-content\/uploads\/2023\/10\/ALBERTO-FERNANDEZ.png",729,459,false],"newsever-slider-full":["https:\/\/apuntesdesanluis.com\/wp-content\/uploads\/2023\/10\/ALBERTO-FERNANDEZ.png",729,459,false],"newsever-featured":["https:\/\/apuntesdesanluis.com\/wp-content\/uploads\/2023\/10\/ALBERTO-FERNANDEZ.png",729,459,false],"newsever-medium":["https:\/\/apuntesdesanluis.com\/wp-content\/uploads\/2023\/10\/ALBERTO-FERNANDEZ-720x459.png",720,459,true]},"author_info":{"display_name":"apuntesdesanluis.com","author_link":"https:\/\/apuntesdesanluis.com\/index.php\/author\/apuntesdesanluis-com\/"},"category_info":"<a href=\"https:\/\/apuntesdesanluis.com\/index.php\/category\/nacionales-internacionales\/\" rel=\"category tag\">Nacionales\/Internacionales<\/a>","tag_info":"Nacionales\/Internacionales","comment_count":"0","_links":{"self":[{"href":"https:\/\/apuntesdesanluis.com\/index.php\/wp-json\/wp\/v2\/posts\/4539","targetHints":{"allow":["GET"]}}],"collection":[{"href":"https:\/\/apuntesdesanluis.com\/index.php\/wp-json\/wp\/v2\/posts"}],"about":[{"href":"https:\/\/apuntesdesanluis.com\/index.php\/wp-json\/wp\/v2\/types\/post"}],"author":[{"embeddable":true,"href":"https:\/\/apuntesdesanluis.com\/index.php\/wp-json\/wp\/v2\/users\/1"}],"replies":[{"embeddable":true,"href":"https:\/\/apuntesdesanluis.com\/index.php\/wp-json\/wp\/v2\/comments?post=4539"}],"version-history":[{"count":1,"href":"https:\/\/apuntesdesanluis.com\/index.php\/wp-json\/wp\/v2\/posts\/4539\/revisions"}],"predecessor-version":[{"id":4542,"href":"https:\/\/apuntesdesanluis.com\/index.php\/wp-json\/wp\/v2\/posts\/4539\/revisions\/4542"}],"wp:featuredmedia":[{"embeddable":true,"href":"https:\/\/apuntesdesanluis.com\/index.php\/wp-json\/wp\/v2\/media\/4540"}],"wp:attachment":[{"href":"https:\/\/apuntesdesanluis.com\/index.php\/wp-json\/wp\/v2\/media?parent=4539"}],"wp:term":[{"taxonomy":"category","embeddable":true,"href":"https:\/\/apuntesdesanluis.com\/index.php\/wp-json\/wp\/v2\/categories?post=4539"},{"taxonomy":"post_tag","embeddable":true,"href":"https:\/\/apuntesdesanluis.com\/index.php\/wp-json\/wp\/v2\/tags?post=4539"}],"curies":[{"name":"wp","href":"https:\/\/api.w.org\/{rel}","templated":true}]}}