{"id":4553,"date":"2023-10-03T14:42:12","date_gmt":"2023-10-03T17:42:12","guid":{"rendered":"https:\/\/apuntesdesanluis.com\/?p=4553"},"modified":"2023-10-03T18:44:29","modified_gmt":"2023-10-03T21:44:29","slug":"tres-cientificos-comparten-el-premio-nobel-de-fisica-2023","status":"publish","type":"post","link":"https:\/\/apuntesdesanluis.com\/index.php\/2023\/10\/03\/tres-cientificos-comparten-el-premio-nobel-de-fisica-2023\/","title":{"rendered":"TRES CIENT\u00cdFICOS COMPARTEN EL PREMIO NOBEL DE F\u00cdSICA 2023"},"content":{"rendered":"<h3>Pierre Agostini, Ferenc Krausz y Anne L&#8217;Huillier ganaron el Premio Nobel de F\u00edsica 2023 &#8220;por m\u00e9todos experimentales que generan pulsos de luz de attosegundos para el estudio de la din\u00e1mica de los electrones en la materia&#8221;, anunci\u00f3 este martes la Real Academia Sueca de Ciencias.<\/h3>\n<h3>El premio se elev\u00f3 este a\u00f1o a 11 millones de coronas suecas, alrededor de un mill\u00f3n de d\u00f3lares.<\/h3>\n<h3>Agostini y L`Huillier son franceses, en tanto que Krausz tiene doble nacionalidad, austr\u00edaca y h\u00fangara.<\/h3>\n<p><img fetchpriority=\"high\" decoding=\"async\" class=\"wp-image-4555 aligncenter\" src=\"https:\/\/apuntesdesanluis.com\/wp-content\/uploads\/2023\/10\/tres-300x161.png\" alt=\"\" width=\"671\" height=\"360\" srcset=\"https:\/\/apuntesdesanluis.com\/wp-content\/uploads\/2023\/10\/tres-300x161.png 300w, https:\/\/apuntesdesanluis.com\/wp-content\/uploads\/2023\/10\/tres.png 715w\" sizes=\"(max-width: 671px) 100vw, 671px\" \/><\/p>\n<h3>Seg\u00fan la Academia, su trabajo proporcion\u00f3 a la humanidad nuevas herramientas para explorar el mundo de los electrones en el interior de \u00e1tomos y mol\u00e9culas, con aplicaciones en campos como la electr\u00f3nica y el diagn\u00f3stico m\u00e9dico.<\/h3>\n<h3>&#8220;Los experimentos de los galardonados han producido pulsos de luz tan cortos que se miden en attosegundos, demostrando as\u00ed que estos pulsos pueden utilizarse para proporcionar im\u00e1genes de procesos en el interior de \u00e1tomos y mol\u00e9culas&#8221;, afirm\u00f3 en un comunicado.<\/h3>\n<h3>L&#8217;Huillier coment\u00f3 en rueda de prensa que es un premio &#8220;realmente prestigioso&#8221; y que est\u00e1 &#8220;muy contento de recibirlo. Es incre\u00edble&#8221;.<\/h3>\n<h3>Este f\u00edsico trabaja en la Universidad de Lund, en Suecia, y Agostini es profesor en la Universidad Estatal de Ohio, en los Estados Unidos.<\/h3>\n<h3>Krausz es director del Instituto Max Planck de \u00d3ptica Cu\u00e1ntica, en Alemania.<\/h3>\n<h3>El de F\u00edsica es el segundo Nobel que se concede esta semana, despu\u00e9s de que la cient\u00edfica h\u00fangara Katalin Karik\u00f3 y su colega estadounidense Drew Weissman ganaran el de Medicina por sus descubrimientos de mol\u00e9culas de ARNm que allanaron el camino a las vacunas contra el Covid-19.<\/h3>\n<h3>Creados en el testamento del inventor de la dinamita y empresario Alfred Nobel, los premios a los logros en ciencia, literatura y paz se conceden desde 1901 con algunas interrupciones, convirti\u00e9ndose en el m\u00e1s alto honor para los cient\u00edficos de todo el mundo.<\/h3>\n<h3>Mientras que el premio de la paz puede acaparar la atenci\u00f3n, el de f\u00edsica tambi\u00e9n ocu\u00f3 a menudo el centro del escenario, con ganadores como Albert Einstein y galardones a la ciencia que cambi\u00f3 cambiado fundamentalmente nuestra forma de ver el mundo.<\/h3>\n<h3>El a\u00f1o pasado, Alain Aspect, John Clauser y Anton Zeilinger ganaron el premio por sus trabajos sobre el entrelazamiento cu\u00e1ntico, en el que dos part\u00edculas est\u00e1n unidas independientemente del espacio que las separa, algo que inquiet\u00f3 al propio Einstein, que en una ocasi\u00f3n se refiri\u00f3 a ello como &#8220;espeluznante acci\u00f3n a distancia&#8221;.<\/h3>\n<h3>A los premios de f\u00edsica seguir\u00e1n los de qu\u00edmica, literatura, paz y econom\u00eda, este \u00faltimo a\u00f1adido m\u00e1s tarde a la lista original, y se anunciar\u00e1n en d\u00edas laborables consecutivos a principios de octubre.<\/h3>\n","protected":false},"excerpt":{"rendered":"<p>Pierre Agostini, Ferenc Krausz y Anne L&#8217;Huillier ganaron el Premio Nobel de F\u00edsica 2023 &#8220;por&#8230;<\/p>\n","protected":false},"author":1,"featured_media":4554,"comment_status":"closed","ping_status":"closed","sticky":false,"template":"","format":"standard","meta":{"footnotes":""},"categories":[5],"tags":[],"class_list":["post-4553","post","type-post","status-publish","format-standard","has-post-thumbnail","hentry","category-nacionales-internacionales"],"yoast_head":"<!-- This site is optimized with the Yoast SEO plugin v26.1.1 - https:\/\/yoast.com\/wordpress\/plugins\/seo\/ -->\n<title>TRES CIENT\u00cdFICOS COMPARTEN EL PREMIO NOBEL DE F\u00cdSICA 2023 - Apuntes de San Luis<\/title>\n<meta name=\"robots\" content=\"index, follow, max-snippet:-1, max-image-preview:large, max-video-preview:-1\" \/>\n<link rel=\"canonical\" href=\"https:\/\/apuntesdesanluis.com\/index.php\/2023\/10\/03\/tres-cientificos-comparten-el-premio-nobel-de-fisica-2023\/\" \/>\n<meta property=\"og:locale\" content=\"es_ES\" \/>\n<meta property=\"og:type\" content=\"article\" \/>\n<meta property=\"og:title\" content=\"TRES CIENT\u00cdFICOS COMPARTEN EL PREMIO NOBEL DE F\u00cdSICA 2023 - Apuntes de San Luis\" \/>\n<meta property=\"og:description\" content=\"Pierre Agostini, Ferenc Krausz y Anne L&#8217;Huillier ganaron el Premio Nobel de F\u00edsica 2023 &#8220;por...\" \/>\n<meta property=\"og:url\" content=\"https:\/\/apuntesdesanluis.com\/index.php\/2023\/10\/03\/tres-cientificos-comparten-el-premio-nobel-de-fisica-2023\/\" \/>\n<meta property=\"og:site_name\" content=\"Apuntes de San Luis\" \/>\n<meta property=\"article:published_time\" content=\"2023-10-03T17:42:12+00:00\" \/>\n<meta property=\"article:modified_time\" content=\"2023-10-03T21:44:29+00:00\" \/>\n<meta property=\"og:image\" content=\"https:\/\/apuntesdesanluis.com\/wp-content\/uploads\/2023\/10\/instituto-del-nobel.png\" \/>\n\t<meta property=\"og:image:width\" content=\"773\" \/>\n\t<meta property=\"og:image:height\" content=\"463\" \/>\n\t<meta property=\"og:image:type\" content=\"image\/png\" \/>\n<meta name=\"author\" content=\"apuntesdesanluis.com\" \/>\n<meta name=\"twitter:card\" content=\"summary_large_image\" \/>\n<meta name=\"twitter:label1\" content=\"Escrito por\" \/>\n\t<meta name=\"twitter:data1\" content=\"apuntesdesanluis.com\" \/>\n\t<meta name=\"twitter:label2\" content=\"Tiempo de lectura\" \/>\n\t<meta name=\"twitter:data2\" content=\"3 minutos\" \/>\n<script type=\"application\/ld+json\" class=\"yoast-schema-graph\">{\"@context\":\"https:\/\/schema.org\",\"@graph\":[{\"@type\":\"Article\",\"@id\":\"https:\/\/apuntesdesanluis.com\/index.php\/2023\/10\/03\/tres-cientificos-comparten-el-premio-nobel-de-fisica-2023\/#article\",\"isPartOf\":{\"@id\":\"https:\/\/apuntesdesanluis.com\/index.php\/2023\/10\/03\/tres-cientificos-comparten-el-premio-nobel-de-fisica-2023\/\"},\"author\":{\"name\":\"apuntesdesanluis.com\",\"@id\":\"https:\/\/apuntesdesanluis.com\/#\/schema\/person\/b55151d52296fcce64d1a72538a70b90\"},\"headline\":\"TRES CIENT\u00cdFICOS COMPARTEN EL PREMIO NOBEL DE F\u00cdSICA 2023\",\"datePublished\":\"2023-10-03T17:42:12+00:00\",\"dateModified\":\"2023-10-03T21:44:29+00:00\",\"mainEntityOfPage\":{\"@id\":\"https:\/\/apuntesdesanluis.com\/index.php\/2023\/10\/03\/tres-cientificos-comparten-el-premio-nobel-de-fisica-2023\/\"},\"wordCount\":479,\"publisher\":{\"@id\":\"https:\/\/apuntesdesanluis.com\/#\/schema\/person\/b55151d52296fcce64d1a72538a70b90\"},\"image\":{\"@id\":\"https:\/\/apuntesdesanluis.com\/index.php\/2023\/10\/03\/tres-cientificos-comparten-el-premio-nobel-de-fisica-2023\/#primaryimage\"},\"thumbnailUrl\":\"https:\/\/apuntesdesanluis.com\/wp-content\/uploads\/2023\/10\/instituto-del-nobel.png\",\"articleSection\":[\"Nacionales\/Internacionales\"],\"inLanguage\":\"es-AR\"},{\"@type\":\"WebPage\",\"@id\":\"https:\/\/apuntesdesanluis.com\/index.php\/2023\/10\/03\/tres-cientificos-comparten-el-premio-nobel-de-fisica-2023\/\",\"url\":\"https:\/\/apuntesdesanluis.com\/index.php\/2023\/10\/03\/tres-cientificos-comparten-el-premio-nobel-de-fisica-2023\/\",\"name\":\"TRES CIENT\u00cdFICOS COMPARTEN EL PREMIO NOBEL DE F\u00cdSICA 2023 - Apuntes de San Luis\",\"isPartOf\":{\"@id\":\"https:\/\/apuntesdesanluis.com\/#website\"},\"primaryImageOfPage\":{\"@id\":\"https:\/\/apuntesdesanluis.com\/index.php\/2023\/10\/03\/tres-cientificos-comparten-el-premio-nobel-de-fisica-2023\/#primaryimage\"},\"image\":{\"@id\":\"https:\/\/apuntesdesanluis.com\/index.php\/2023\/10\/03\/tres-cientificos-comparten-el-premio-nobel-de-fisica-2023\/#primaryimage\"},\"thumbnailUrl\":\"https:\/\/apuntesdesanluis.com\/wp-content\/uploads\/2023\/10\/instituto-del-nobel.png\",\"datePublished\":\"2023-10-03T17:42:12+00:00\",\"dateModified\":\"2023-10-03T21:44:29+00:00\",\"breadcrumb\":{\"@id\":\"https:\/\/apuntesdesanluis.com\/index.php\/2023\/10\/03\/tres-cientificos-comparten-el-premio-nobel-de-fisica-2023\/#breadcrumb\"},\"inLanguage\":\"es-AR\",\"potentialAction\":[{\"@type\":\"ReadAction\",\"target\":[\"https:\/\/apuntesdesanluis.com\/index.php\/2023\/10\/03\/tres-cientificos-comparten-el-premio-nobel-de-fisica-2023\/\"]}]},{\"@type\":\"ImageObject\",\"inLanguage\":\"es-AR\",\"@id\":\"https:\/\/apuntesdesanluis.com\/index.php\/2023\/10\/03\/tres-cientificos-comparten-el-premio-nobel-de-fisica-2023\/#primaryimage\",\"url\":\"https:\/\/apuntesdesanluis.com\/wp-content\/uploads\/2023\/10\/instituto-del-nobel.png\",\"contentUrl\":\"https:\/\/apuntesdesanluis.com\/wp-content\/uploads\/2023\/10\/instituto-del-nobel.png\",\"width\":773,\"height\":463},{\"@type\":\"BreadcrumbList\",\"@id\":\"https:\/\/apuntesdesanluis.com\/index.php\/2023\/10\/03\/tres-cientificos-comparten-el-premio-nobel-de-fisica-2023\/#breadcrumb\",\"itemListElement\":[{\"@type\":\"ListItem\",\"position\":1,\"name\":\"Inicio\",\"item\":\"https:\/\/apuntesdesanluis.com\/\"},{\"@type\":\"ListItem\",\"position\":2,\"name\":\"TRES CIENT\u00cdFICOS COMPARTEN EL PREMIO NOBEL DE F\u00cdSICA 2023\"}]},{\"@type\":\"WebSite\",\"@id\":\"https:\/\/apuntesdesanluis.com\/#website\",\"url\":\"https:\/\/apuntesdesanluis.com\/\",\"name\":\"Apuntes de San Luis\",\"description\":\"\",\"publisher\":{\"@id\":\"https:\/\/apuntesdesanluis.com\/#\/schema\/person\/b55151d52296fcce64d1a72538a70b90\"},\"potentialAction\":[{\"@type\":\"SearchAction\",\"target\":{\"@type\":\"EntryPoint\",\"urlTemplate\":\"https:\/\/apuntesdesanluis.com\/?s={search_term_string}\"},\"query-input\":{\"@type\":\"PropertyValueSpecification\",\"valueRequired\":true,\"valueName\":\"search_term_string\"}}],\"inLanguage\":\"es-AR\"},{\"@type\":[\"Person\",\"Organization\"],\"@id\":\"https:\/\/apuntesdesanluis.com\/#\/schema\/person\/b55151d52296fcce64d1a72538a70b90\",\"name\":\"apuntesdesanluis.com\",\"image\":{\"@type\":\"ImageObject\",\"inLanguage\":\"es-AR\",\"@id\":\"https:\/\/apuntesdesanluis.com\/#\/schema\/person\/image\/\",\"url\":\"https:\/\/apuntesdesanluis.com\/wp-content\/uploads\/2023\/07\/cropped-apuntesdesanluis.png\",\"contentUrl\":\"https:\/\/apuntesdesanluis.com\/wp-content\/uploads\/2023\/07\/cropped-apuntesdesanluis.png\",\"width\":450,\"height\":112,\"caption\":\"apuntesdesanluis.com\"},\"logo\":{\"@id\":\"https:\/\/apuntesdesanluis.com\/#\/schema\/person\/image\/\"},\"sameAs\":[\"https:\/\/apuntesdesanluis.com\"],\"url\":\"https:\/\/apuntesdesanluis.com\/index.php\/author\/apuntesdesanluis-com\/\"}]}<\/script>\n<!-- \/ Yoast SEO plugin. -->","yoast_head_json":{"title":"TRES CIENT\u00cdFICOS COMPARTEN EL PREMIO NOBEL DE F\u00cdSICA 2023 - Apuntes de San Luis","robots":{"index":"index","follow":"follow","max-snippet":"max-snippet:-1","max-image-preview":"max-image-preview:large","max-video-preview":"max-video-preview:-1"},"canonical":"https:\/\/apuntesdesanluis.com\/index.php\/2023\/10\/03\/tres-cientificos-comparten-el-premio-nobel-de-fisica-2023\/","og_locale":"es_ES","og_type":"article","og_title":"TRES CIENT\u00cdFICOS COMPARTEN EL PREMIO NOBEL DE F\u00cdSICA 2023 - Apuntes de San Luis","og_description":"Pierre Agostini, Ferenc Krausz y Anne L&#8217;Huillier ganaron el Premio Nobel de F\u00edsica 2023 &#8220;por...","og_url":"https:\/\/apuntesdesanluis.com\/index.php\/2023\/10\/03\/tres-cientificos-comparten-el-premio-nobel-de-fisica-2023\/","og_site_name":"Apuntes de San Luis","article_published_time":"2023-10-03T17:42:12+00:00","article_modified_time":"2023-10-03T21:44:29+00:00","og_image":[{"width":773,"height":463,"url":"https:\/\/apuntesdesanluis.com\/wp-content\/uploads\/2023\/10\/instituto-del-nobel.png","type":"image\/png"}],"author":"apuntesdesanluis.com","twitter_card":"summary_large_image","twitter_misc":{"Escrito por":"apuntesdesanluis.com","Tiempo de lectura":"3 minutos"},"schema":{"@context":"https:\/\/schema.org","@graph":[{"@type":"Article","@id":"https:\/\/apuntesdesanluis.com\/index.php\/2023\/10\/03\/tres-cientificos-comparten-el-premio-nobel-de-fisica-2023\/#article","isPartOf":{"@id":"https:\/\/apuntesdesanluis.com\/index.php\/2023\/10\/03\/tres-cientificos-comparten-el-premio-nobel-de-fisica-2023\/"},"author":{"name":"apuntesdesanluis.com","@id":"https:\/\/apuntesdesanluis.com\/#\/schema\/person\/b55151d52296fcce64d1a72538a70b90"},"headline":"TRES CIENT\u00cdFICOS COMPARTEN EL PREMIO NOBEL DE F\u00cdSICA 2023","datePublished":"2023-10-03T17:42:12+00:00","dateModified":"2023-10-03T21:44:29+00:00","mainEntityOfPage":{"@id":"https:\/\/apuntesdesanluis.com\/index.php\/2023\/10\/03\/tres-cientificos-comparten-el-premio-nobel-de-fisica-2023\/"},"wordCount":479,"publisher":{"@id":"https:\/\/apuntesdesanluis.com\/#\/schema\/person\/b55151d52296fcce64d1a72538a70b90"},"image":{"@id":"https:\/\/apuntesdesanluis.com\/index.php\/2023\/10\/03\/tres-cientificos-comparten-el-premio-nobel-de-fisica-2023\/#primaryimage"},"thumbnailUrl":"https:\/\/apuntesdesanluis.com\/wp-content\/uploads\/2023\/10\/instituto-del-nobel.png","articleSection":["Nacionales\/Internacionales"],"inLanguage":"es-AR"},{"@type":"WebPage","@id":"https:\/\/apuntesdesanluis.com\/index.php\/2023\/10\/03\/tres-cientificos-comparten-el-premio-nobel-de-fisica-2023\/","url":"https:\/\/apuntesdesanluis.com\/index.php\/2023\/10\/03\/tres-cientificos-comparten-el-premio-nobel-de-fisica-2023\/","name":"TRES CIENT\u00cdFICOS COMPARTEN EL PREMIO NOBEL DE F\u00cdSICA 2023 - Apuntes de San Luis","isPartOf":{"@id":"https:\/\/apuntesdesanluis.com\/#website"},"primaryImageOfPage":{"@id":"https:\/\/apuntesdesanluis.com\/index.php\/2023\/10\/03\/tres-cientificos-comparten-el-premio-nobel-de-fisica-2023\/#primaryimage"},"image":{"@id":"https:\/\/apuntesdesanluis.com\/index.php\/2023\/10\/03\/tres-cientificos-comparten-el-premio-nobel-de-fisica-2023\/#primaryimage"},"thumbnailUrl":"https:\/\/apuntesdesanluis.com\/wp-content\/uploads\/2023\/10\/instituto-del-nobel.png","datePublished":"2023-10-03T17:42:12+00:00","dateModified":"2023-10-03T21:44:29+00:00","breadcrumb":{"@id":"https:\/\/apuntesdesanluis.com\/index.php\/2023\/10\/03\/tres-cientificos-comparten-el-premio-nobel-de-fisica-2023\/#breadcrumb"},"inLanguage":"es-AR","potentialAction":[{"@type":"ReadAction","target":["https:\/\/apuntesdesanluis.com\/index.php\/2023\/10\/03\/tres-cientificos-comparten-el-premio-nobel-de-fisica-2023\/"]}]},{"@type":"ImageObject","inLanguage":"es-AR","@id":"https:\/\/apuntesdesanluis.com\/index.php\/2023\/10\/03\/tres-cientificos-comparten-el-premio-nobel-de-fisica-2023\/#primaryimage","url":"https:\/\/apuntesdesanluis.com\/wp-content\/uploads\/2023\/10\/instituto-del-nobel.png","contentUrl":"https:\/\/apuntesdesanluis.com\/wp-content\/uploads\/2023\/10\/instituto-del-nobel.png","width":773,"height":463},{"@type":"BreadcrumbList","@id":"https:\/\/apuntesdesanluis.com\/index.php\/2023\/10\/03\/tres-cientificos-comparten-el-premio-nobel-de-fisica-2023\/#breadcrumb","itemListElement":[{"@type":"ListItem","position":1,"name":"Inicio","item":"https:\/\/apuntesdesanluis.com\/"},{"@type":"ListItem","position":2,"name":"TRES CIENT\u00cdFICOS COMPARTEN EL PREMIO NOBEL DE F\u00cdSICA 2023"}]},{"@type":"WebSite","@id":"https:\/\/apuntesdesanluis.com\/#website","url":"https:\/\/apuntesdesanluis.com\/","name":"Apuntes de San Luis","description":"","publisher":{"@id":"https:\/\/apuntesdesanluis.com\/#\/schema\/person\/b55151d52296fcce64d1a72538a70b90"},"potentialAction":[{"@type":"SearchAction","target":{"@type":"EntryPoint","urlTemplate":"https:\/\/apuntesdesanluis.com\/?s={search_term_string}"},"query-input":{"@type":"PropertyValueSpecification","valueRequired":true,"valueName":"search_term_string"}}],"inLanguage":"es-AR"},{"@type":["Person","Organization"],"@id":"https:\/\/apuntesdesanluis.com\/#\/schema\/person\/b55151d52296fcce64d1a72538a70b90","name":"apuntesdesanluis.com","image":{"@type":"ImageObject","inLanguage":"es-AR","@id":"https:\/\/apuntesdesanluis.com\/#\/schema\/person\/image\/","url":"https:\/\/apuntesdesanluis.com\/wp-content\/uploads\/2023\/07\/cropped-apuntesdesanluis.png","contentUrl":"https:\/\/apuntesdesanluis.com\/wp-content\/uploads\/2023\/07\/cropped-apuntesdesanluis.png","width":450,"height":112,"caption":"apuntesdesanluis.com"},"logo":{"@id":"https:\/\/apuntesdesanluis.com\/#\/schema\/person\/image\/"},"sameAs":["https:\/\/apuntesdesanluis.com"],"url":"https:\/\/apuntesdesanluis.com\/index.php\/author\/apuntesdesanluis-com\/"}]}},"featured_image_urls":{"full":["https:\/\/apuntesdesanluis.com\/wp-content\/uploads\/2023\/10\/instituto-del-nobel.png",773,463,false],"thumbnail":["https:\/\/apuntesdesanluis.com\/wp-content\/uploads\/2023\/10\/instituto-del-nobel-150x150.png",150,150,true],"medium":["https:\/\/apuntesdesanluis.com\/wp-content\/uploads\/2023\/10\/instituto-del-nobel-300x180.png",300,180,true],"medium_large":["https:\/\/apuntesdesanluis.com\/wp-content\/uploads\/2023\/10\/instituto-del-nobel-768x460.png",640,383,true],"large":["https:\/\/apuntesdesanluis.com\/wp-content\/uploads\/2023\/10\/instituto-del-nobel.png",640,383,false],"1536x1536":["https:\/\/apuntesdesanluis.com\/wp-content\/uploads\/2023\/10\/instituto-del-nobel.png",773,463,false],"2048x2048":["https:\/\/apuntesdesanluis.com\/wp-content\/uploads\/2023\/10\/instituto-del-nobel.png",773,463,false],"newsever-slider-full":["https:\/\/apuntesdesanluis.com\/wp-content\/uploads\/2023\/10\/instituto-del-nobel.png",773,463,false],"newsever-featured":["https:\/\/apuntesdesanluis.com\/wp-content\/uploads\/2023\/10\/instituto-del-nobel.png",773,463,false],"newsever-medium":["https:\/\/apuntesdesanluis.com\/wp-content\/uploads\/2023\/10\/instituto-del-nobel-720x463.png",720,463,true]},"author_info":{"display_name":"apuntesdesanluis.com","author_link":"https:\/\/apuntesdesanluis.com\/index.php\/author\/apuntesdesanluis-com\/"},"category_info":"<a href=\"https:\/\/apuntesdesanluis.com\/index.php\/category\/nacionales-internacionales\/\" rel=\"category tag\">Nacionales\/Internacionales<\/a>","tag_info":"Nacionales\/Internacionales","comment_count":"0","_links":{"self":[{"href":"https:\/\/apuntesdesanluis.com\/index.php\/wp-json\/wp\/v2\/posts\/4553","targetHints":{"allow":["GET"]}}],"collection":[{"href":"https:\/\/apuntesdesanluis.com\/index.php\/wp-json\/wp\/v2\/posts"}],"about":[{"href":"https:\/\/apuntesdesanluis.com\/index.php\/wp-json\/wp\/v2\/types\/post"}],"author":[{"embeddable":true,"href":"https:\/\/apuntesdesanluis.com\/index.php\/wp-json\/wp\/v2\/users\/1"}],"replies":[{"embeddable":true,"href":"https:\/\/apuntesdesanluis.com\/index.php\/wp-json\/wp\/v2\/comments?post=4553"}],"version-history":[{"count":1,"href":"https:\/\/apuntesdesanluis.com\/index.php\/wp-json\/wp\/v2\/posts\/4553\/revisions"}],"predecessor-version":[{"id":4556,"href":"https:\/\/apuntesdesanluis.com\/index.php\/wp-json\/wp\/v2\/posts\/4553\/revisions\/4556"}],"wp:featuredmedia":[{"embeddable":true,"href":"https:\/\/apuntesdesanluis.com\/index.php\/wp-json\/wp\/v2\/media\/4554"}],"wp:attachment":[{"href":"https:\/\/apuntesdesanluis.com\/index.php\/wp-json\/wp\/v2\/media?parent=4553"}],"wp:term":[{"taxonomy":"category","embeddable":true,"href":"https:\/\/apuntesdesanluis.com\/index.php\/wp-json\/wp\/v2\/categories?post=4553"},{"taxonomy":"post_tag","embeddable":true,"href":"https:\/\/apuntesdesanluis.com\/index.php\/wp-json\/wp\/v2\/tags?post=4553"}],"curies":[{"name":"wp","href":"https:\/\/api.w.org\/{rel}","templated":true}]}}