{"id":4589,"date":"2023-10-04T21:52:19","date_gmt":"2023-10-05T00:52:19","guid":{"rendered":"https:\/\/apuntesdesanluis.com\/?p=4589"},"modified":"2023-10-04T21:52:54","modified_gmt":"2023-10-05T00:52:54","slug":"formularon-cargos-contra-un-hombre-por-abusar-de-un-menor-en-tilisarao","status":"publish","type":"post","link":"https:\/\/apuntesdesanluis.com\/index.php\/2023\/10\/04\/formularon-cargos-contra-un-hombre-por-abusar-de-un-menor-en-tilisarao\/","title":{"rendered":"FORMULARON CARGOS CONTRA UN HOMBRE POR ABUSAR DE UN MENOR EN TILISARAO"},"content":{"rendered":"<h3>El Juez de Garant\u00eda provisorio N\u00b01 de la Tercera Circunscripci\u00f3n, Mat\u00edas Farinazzo Tempestini, hizo lugar el martes \u00faltimo a la formulaci\u00f3n de cargos en contra de A.R.A., se\u00f1alado como presunto autor del delito de abuso sexual simple en perjuicio de un adolescente de 13 a\u00f1os.<\/h3>\n<h3>De acuerdo al relato de la Fiscal Adjunta, Lorena Ohanian, el hecho que se investiga habr\u00eda ocurrido el 12 de marzo de 2023 en la localidad de Tilisarao, cuando el menor se encontraba en un evento h\u00edpico cerca de su casa. El ahora imputado, que era conocido del padre la v\u00edctima, se acerc\u00f3 al adolescente, lo abraz\u00f3 y le toc\u00f3 los gl\u00fateos. Ante dicha situaci\u00f3n, el chico decidi\u00f3 retirarse del lugar. Sin embargo, A.R.A. lo persigui\u00f3 a bordo de su bicicleta, lo intercept\u00f3, y le realiz\u00f3 una propuesta con fines sexuales.<\/h3>\n<h3>Asustado, el menor pidi\u00f3 ayuda en un kiosco del barrio. Minutos despu\u00e9s, A.R.A. se present\u00f3 en el comercio diciendo que era su t\u00edo y que el chico se hab\u00eda escapado. Pero al saber que la polic\u00eda estaba en camino, se fue r\u00e1pidamente del local antes de la llegada de los efectivos.<\/h3>\n<h3>Al d\u00eda siguiente, la justicia orden\u00f3 una restricci\u00f3n de acercamiento en su contra, como medida provisoria para proteger al adolescente hasta tanto se avanzara en el esclarecimiento del hecho.<\/h3>\n<h3>En la audiencia desarrollada este 3 de octubre, la fiscal formaliz\u00f3 los cargos en contra del imputado, solicitando un plazo de 60 d\u00edas para finalizar la investigaci\u00f3n.<\/h3>\n<h3>El padre del menor estuvo presente en la audiencia, acompa\u00f1ado por los abogados querellantes, Leonardo Fassi y Roxana Peralta, quienes adhirieron al requerimiento de la Fiscal\u00eda.<\/h3>\n<h3>En tanto, la defensa de A.R.A., ejercida por el abogado Orlando Villegas, se opuso a la formulaci\u00f3n de cargos.<\/h3>\n<h3>A partir de ahora, el Ministerio Fiscal cuenta con un plazo de 60 d\u00edas para culminar la etapa investigativa, momento en el cual, se definir\u00e1 si existen elementos suficientes para efectuar la acusaci\u00f3n y pedir que la causa sea elevada a juicio.<\/h3>\n<h3>\u2026\u2026\u2026\u2026<\/h3>\n<h3><em><strong>Nota aclarativa:<\/strong> por tratarse de un delito en perjuicio de una persona menor de 18 a\u00f1os, no se consignan los datos identificatorios de las partes a fin de preservar el derecho a la intimidad, privacidad y confidencialidad de la v\u00edctima (Art.22 Ley 26.061).<\/em><\/h3>\n","protected":false},"excerpt":{"rendered":"<p>El Juez de Garant\u00eda provisorio N\u00b01 de la Tercera Circunscripci\u00f3n, Mat\u00edas Farinazzo Tempestini, hizo lugar&#8230;<\/p>\n","protected":false},"author":1,"featured_media":4590,"comment_status":"closed","ping_status":"closed","sticky":false,"template":"","format":"standard","meta":{"footnotes":""},"categories":[6],"tags":[],"class_list":["post-4589","post","type-post","status-publish","format-standard","has-post-thumbnail","hentry","category-ciudad-provincia"],"yoast_head":"<!-- This site is optimized with the Yoast SEO plugin v26.1.1 - https:\/\/yoast.com\/wordpress\/plugins\/seo\/ -->\n<title>FORMULARON CARGOS CONTRA UN HOMBRE POR ABUSAR DE UN MENOR EN TILISARAO - Apuntes de San Luis<\/title>\n<meta name=\"robots\" content=\"index, follow, max-snippet:-1, max-image-preview:large, max-video-preview:-1\" \/>\n<link rel=\"canonical\" href=\"https:\/\/apuntesdesanluis.com\/index.php\/2023\/10\/04\/formularon-cargos-contra-un-hombre-por-abusar-de-un-menor-en-tilisarao\/\" \/>\n<meta property=\"og:locale\" content=\"es_ES\" \/>\n<meta property=\"og:type\" content=\"article\" \/>\n<meta property=\"og:title\" content=\"FORMULARON CARGOS CONTRA UN HOMBRE POR ABUSAR DE UN MENOR EN TILISARAO - Apuntes de San Luis\" \/>\n<meta property=\"og:description\" content=\"El Juez de Garant\u00eda provisorio N\u00b01 de la Tercera Circunscripci\u00f3n, Mat\u00edas Farinazzo Tempestini, hizo lugar...\" \/>\n<meta property=\"og:url\" content=\"https:\/\/apuntesdesanluis.com\/index.php\/2023\/10\/04\/formularon-cargos-contra-un-hombre-por-abusar-de-un-menor-en-tilisarao\/\" \/>\n<meta property=\"og:site_name\" content=\"Apuntes de San Luis\" \/>\n<meta property=\"article:published_time\" content=\"2023-10-05T00:52:19+00:00\" \/>\n<meta property=\"article:modified_time\" content=\"2023-10-05T00:52:54+00:00\" \/>\n<meta property=\"og:image\" content=\"https:\/\/apuntesdesanluis.com\/wp-content\/uploads\/2023\/10\/AUDENCIA.png\" \/>\n\t<meta property=\"og:image:width\" content=\"600\" \/>\n\t<meta property=\"og:image:height\" content=\"373\" \/>\n\t<meta property=\"og:image:type\" content=\"image\/png\" \/>\n<meta name=\"author\" content=\"apuntesdesanluis.com\" \/>\n<meta name=\"twitter:card\" content=\"summary_large_image\" \/>\n<meta name=\"twitter:label1\" content=\"Escrito por\" \/>\n\t<meta name=\"twitter:data1\" content=\"apuntesdesanluis.com\" \/>\n\t<meta name=\"twitter:label2\" content=\"Tiempo de lectura\" \/>\n\t<meta name=\"twitter:data2\" content=\"2 minutos\" \/>\n<script type=\"application\/ld+json\" class=\"yoast-schema-graph\">{\"@context\":\"https:\/\/schema.org\",\"@graph\":[{\"@type\":\"Article\",\"@id\":\"https:\/\/apuntesdesanluis.com\/index.php\/2023\/10\/04\/formularon-cargos-contra-un-hombre-por-abusar-de-un-menor-en-tilisarao\/#article\",\"isPartOf\":{\"@id\":\"https:\/\/apuntesdesanluis.com\/index.php\/2023\/10\/04\/formularon-cargos-contra-un-hombre-por-abusar-de-un-menor-en-tilisarao\/\"},\"author\":{\"name\":\"apuntesdesanluis.com\",\"@id\":\"https:\/\/apuntesdesanluis.com\/#\/schema\/person\/b55151d52296fcce64d1a72538a70b90\"},\"headline\":\"FORMULARON CARGOS CONTRA UN HOMBRE POR ABUSAR DE UN MENOR EN TILISARAO\",\"datePublished\":\"2023-10-05T00:52:19+00:00\",\"dateModified\":\"2023-10-05T00:52:54+00:00\",\"mainEntityOfPage\":{\"@id\":\"https:\/\/apuntesdesanluis.com\/index.php\/2023\/10\/04\/formularon-cargos-contra-un-hombre-por-abusar-de-un-menor-en-tilisarao\/\"},\"wordCount\":412,\"publisher\":{\"@id\":\"https:\/\/apuntesdesanluis.com\/#\/schema\/person\/b55151d52296fcce64d1a72538a70b90\"},\"image\":{\"@id\":\"https:\/\/apuntesdesanluis.com\/index.php\/2023\/10\/04\/formularon-cargos-contra-un-hombre-por-abusar-de-un-menor-en-tilisarao\/#primaryimage\"},\"thumbnailUrl\":\"https:\/\/apuntesdesanluis.com\/wp-content\/uploads\/2023\/10\/AUDENCIA.png\",\"articleSection\":[\"Ciudad\/Provincia\"],\"inLanguage\":\"es-AR\"},{\"@type\":\"WebPage\",\"@id\":\"https:\/\/apuntesdesanluis.com\/index.php\/2023\/10\/04\/formularon-cargos-contra-un-hombre-por-abusar-de-un-menor-en-tilisarao\/\",\"url\":\"https:\/\/apuntesdesanluis.com\/index.php\/2023\/10\/04\/formularon-cargos-contra-un-hombre-por-abusar-de-un-menor-en-tilisarao\/\",\"name\":\"FORMULARON CARGOS CONTRA UN HOMBRE POR ABUSAR DE UN MENOR EN TILISARAO - Apuntes de San Luis\",\"isPartOf\":{\"@id\":\"https:\/\/apuntesdesanluis.com\/#website\"},\"primaryImageOfPage\":{\"@id\":\"https:\/\/apuntesdesanluis.com\/index.php\/2023\/10\/04\/formularon-cargos-contra-un-hombre-por-abusar-de-un-menor-en-tilisarao\/#primaryimage\"},\"image\":{\"@id\":\"https:\/\/apuntesdesanluis.com\/index.php\/2023\/10\/04\/formularon-cargos-contra-un-hombre-por-abusar-de-un-menor-en-tilisarao\/#primaryimage\"},\"thumbnailUrl\":\"https:\/\/apuntesdesanluis.com\/wp-content\/uploads\/2023\/10\/AUDENCIA.png\",\"datePublished\":\"2023-10-05T00:52:19+00:00\",\"dateModified\":\"2023-10-05T00:52:54+00:00\",\"breadcrumb\":{\"@id\":\"https:\/\/apuntesdesanluis.com\/index.php\/2023\/10\/04\/formularon-cargos-contra-un-hombre-por-abusar-de-un-menor-en-tilisarao\/#breadcrumb\"},\"inLanguage\":\"es-AR\",\"potentialAction\":[{\"@type\":\"ReadAction\",\"target\":[\"https:\/\/apuntesdesanluis.com\/index.php\/2023\/10\/04\/formularon-cargos-contra-un-hombre-por-abusar-de-un-menor-en-tilisarao\/\"]}]},{\"@type\":\"ImageObject\",\"inLanguage\":\"es-AR\",\"@id\":\"https:\/\/apuntesdesanluis.com\/index.php\/2023\/10\/04\/formularon-cargos-contra-un-hombre-por-abusar-de-un-menor-en-tilisarao\/#primaryimage\",\"url\":\"https:\/\/apuntesdesanluis.com\/wp-content\/uploads\/2023\/10\/AUDENCIA.png\",\"contentUrl\":\"https:\/\/apuntesdesanluis.com\/wp-content\/uploads\/2023\/10\/AUDENCIA.png\",\"width\":600,\"height\":373},{\"@type\":\"BreadcrumbList\",\"@id\":\"https:\/\/apuntesdesanluis.com\/index.php\/2023\/10\/04\/formularon-cargos-contra-un-hombre-por-abusar-de-un-menor-en-tilisarao\/#breadcrumb\",\"itemListElement\":[{\"@type\":\"ListItem\",\"position\":1,\"name\":\"Inicio\",\"item\":\"https:\/\/apuntesdesanluis.com\/\"},{\"@type\":\"ListItem\",\"position\":2,\"name\":\"FORMULARON CARGOS CONTRA UN HOMBRE POR ABUSAR DE UN MENOR EN TILISARAO\"}]},{\"@type\":\"WebSite\",\"@id\":\"https:\/\/apuntesdesanluis.com\/#website\",\"url\":\"https:\/\/apuntesdesanluis.com\/\",\"name\":\"Apuntes de San Luis\",\"description\":\"\",\"publisher\":{\"@id\":\"https:\/\/apuntesdesanluis.com\/#\/schema\/person\/b55151d52296fcce64d1a72538a70b90\"},\"potentialAction\":[{\"@type\":\"SearchAction\",\"target\":{\"@type\":\"EntryPoint\",\"urlTemplate\":\"https:\/\/apuntesdesanluis.com\/?s={search_term_string}\"},\"query-input\":{\"@type\":\"PropertyValueSpecification\",\"valueRequired\":true,\"valueName\":\"search_term_string\"}}],\"inLanguage\":\"es-AR\"},{\"@type\":[\"Person\",\"Organization\"],\"@id\":\"https:\/\/apuntesdesanluis.com\/#\/schema\/person\/b55151d52296fcce64d1a72538a70b90\",\"name\":\"apuntesdesanluis.com\",\"image\":{\"@type\":\"ImageObject\",\"inLanguage\":\"es-AR\",\"@id\":\"https:\/\/apuntesdesanluis.com\/#\/schema\/person\/image\/\",\"url\":\"https:\/\/apuntesdesanluis.com\/wp-content\/uploads\/2023\/07\/cropped-apuntesdesanluis.png\",\"contentUrl\":\"https:\/\/apuntesdesanluis.com\/wp-content\/uploads\/2023\/07\/cropped-apuntesdesanluis.png\",\"width\":450,\"height\":112,\"caption\":\"apuntesdesanluis.com\"},\"logo\":{\"@id\":\"https:\/\/apuntesdesanluis.com\/#\/schema\/person\/image\/\"},\"sameAs\":[\"https:\/\/apuntesdesanluis.com\"],\"url\":\"https:\/\/apuntesdesanluis.com\/index.php\/author\/apuntesdesanluis-com\/\"}]}<\/script>\n<!-- \/ Yoast SEO plugin. -->","yoast_head_json":{"title":"FORMULARON CARGOS CONTRA UN HOMBRE POR ABUSAR DE UN MENOR EN TILISARAO - Apuntes de San Luis","robots":{"index":"index","follow":"follow","max-snippet":"max-snippet:-1","max-image-preview":"max-image-preview:large","max-video-preview":"max-video-preview:-1"},"canonical":"https:\/\/apuntesdesanluis.com\/index.php\/2023\/10\/04\/formularon-cargos-contra-un-hombre-por-abusar-de-un-menor-en-tilisarao\/","og_locale":"es_ES","og_type":"article","og_title":"FORMULARON CARGOS CONTRA UN HOMBRE POR ABUSAR DE UN MENOR EN TILISARAO - Apuntes de San Luis","og_description":"El Juez de Garant\u00eda provisorio N\u00b01 de la Tercera Circunscripci\u00f3n, Mat\u00edas Farinazzo Tempestini, hizo lugar...","og_url":"https:\/\/apuntesdesanluis.com\/index.php\/2023\/10\/04\/formularon-cargos-contra-un-hombre-por-abusar-de-un-menor-en-tilisarao\/","og_site_name":"Apuntes de San Luis","article_published_time":"2023-10-05T00:52:19+00:00","article_modified_time":"2023-10-05T00:52:54+00:00","og_image":[{"width":600,"height":373,"url":"https:\/\/apuntesdesanluis.com\/wp-content\/uploads\/2023\/10\/AUDENCIA.png","type":"image\/png"}],"author":"apuntesdesanluis.com","twitter_card":"summary_large_image","twitter_misc":{"Escrito por":"apuntesdesanluis.com","Tiempo de lectura":"2 minutos"},"schema":{"@context":"https:\/\/schema.org","@graph":[{"@type":"Article","@id":"https:\/\/apuntesdesanluis.com\/index.php\/2023\/10\/04\/formularon-cargos-contra-un-hombre-por-abusar-de-un-menor-en-tilisarao\/#article","isPartOf":{"@id":"https:\/\/apuntesdesanluis.com\/index.php\/2023\/10\/04\/formularon-cargos-contra-un-hombre-por-abusar-de-un-menor-en-tilisarao\/"},"author":{"name":"apuntesdesanluis.com","@id":"https:\/\/apuntesdesanluis.com\/#\/schema\/person\/b55151d52296fcce64d1a72538a70b90"},"headline":"FORMULARON CARGOS CONTRA UN HOMBRE POR ABUSAR DE UN MENOR EN TILISARAO","datePublished":"2023-10-05T00:52:19+00:00","dateModified":"2023-10-05T00:52:54+00:00","mainEntityOfPage":{"@id":"https:\/\/apuntesdesanluis.com\/index.php\/2023\/10\/04\/formularon-cargos-contra-un-hombre-por-abusar-de-un-menor-en-tilisarao\/"},"wordCount":412,"publisher":{"@id":"https:\/\/apuntesdesanluis.com\/#\/schema\/person\/b55151d52296fcce64d1a72538a70b90"},"image":{"@id":"https:\/\/apuntesdesanluis.com\/index.php\/2023\/10\/04\/formularon-cargos-contra-un-hombre-por-abusar-de-un-menor-en-tilisarao\/#primaryimage"},"thumbnailUrl":"https:\/\/apuntesdesanluis.com\/wp-content\/uploads\/2023\/10\/AUDENCIA.png","articleSection":["Ciudad\/Provincia"],"inLanguage":"es-AR"},{"@type":"WebPage","@id":"https:\/\/apuntesdesanluis.com\/index.php\/2023\/10\/04\/formularon-cargos-contra-un-hombre-por-abusar-de-un-menor-en-tilisarao\/","url":"https:\/\/apuntesdesanluis.com\/index.php\/2023\/10\/04\/formularon-cargos-contra-un-hombre-por-abusar-de-un-menor-en-tilisarao\/","name":"FORMULARON CARGOS CONTRA UN HOMBRE POR ABUSAR DE UN MENOR EN TILISARAO - Apuntes de San Luis","isPartOf":{"@id":"https:\/\/apuntesdesanluis.com\/#website"},"primaryImageOfPage":{"@id":"https:\/\/apuntesdesanluis.com\/index.php\/2023\/10\/04\/formularon-cargos-contra-un-hombre-por-abusar-de-un-menor-en-tilisarao\/#primaryimage"},"image":{"@id":"https:\/\/apuntesdesanluis.com\/index.php\/2023\/10\/04\/formularon-cargos-contra-un-hombre-por-abusar-de-un-menor-en-tilisarao\/#primaryimage"},"thumbnailUrl":"https:\/\/apuntesdesanluis.com\/wp-content\/uploads\/2023\/10\/AUDENCIA.png","datePublished":"2023-10-05T00:52:19+00:00","dateModified":"2023-10-05T00:52:54+00:00","breadcrumb":{"@id":"https:\/\/apuntesdesanluis.com\/index.php\/2023\/10\/04\/formularon-cargos-contra-un-hombre-por-abusar-de-un-menor-en-tilisarao\/#breadcrumb"},"inLanguage":"es-AR","potentialAction":[{"@type":"ReadAction","target":["https:\/\/apuntesdesanluis.com\/index.php\/2023\/10\/04\/formularon-cargos-contra-un-hombre-por-abusar-de-un-menor-en-tilisarao\/"]}]},{"@type":"ImageObject","inLanguage":"es-AR","@id":"https:\/\/apuntesdesanluis.com\/index.php\/2023\/10\/04\/formularon-cargos-contra-un-hombre-por-abusar-de-un-menor-en-tilisarao\/#primaryimage","url":"https:\/\/apuntesdesanluis.com\/wp-content\/uploads\/2023\/10\/AUDENCIA.png","contentUrl":"https:\/\/apuntesdesanluis.com\/wp-content\/uploads\/2023\/10\/AUDENCIA.png","width":600,"height":373},{"@type":"BreadcrumbList","@id":"https:\/\/apuntesdesanluis.com\/index.php\/2023\/10\/04\/formularon-cargos-contra-un-hombre-por-abusar-de-un-menor-en-tilisarao\/#breadcrumb","itemListElement":[{"@type":"ListItem","position":1,"name":"Inicio","item":"https:\/\/apuntesdesanluis.com\/"},{"@type":"ListItem","position":2,"name":"FORMULARON CARGOS CONTRA UN HOMBRE POR ABUSAR DE UN MENOR EN TILISARAO"}]},{"@type":"WebSite","@id":"https:\/\/apuntesdesanluis.com\/#website","url":"https:\/\/apuntesdesanluis.com\/","name":"Apuntes de San Luis","description":"","publisher":{"@id":"https:\/\/apuntesdesanluis.com\/#\/schema\/person\/b55151d52296fcce64d1a72538a70b90"},"potentialAction":[{"@type":"SearchAction","target":{"@type":"EntryPoint","urlTemplate":"https:\/\/apuntesdesanluis.com\/?s={search_term_string}"},"query-input":{"@type":"PropertyValueSpecification","valueRequired":true,"valueName":"search_term_string"}}],"inLanguage":"es-AR"},{"@type":["Person","Organization"],"@id":"https:\/\/apuntesdesanluis.com\/#\/schema\/person\/b55151d52296fcce64d1a72538a70b90","name":"apuntesdesanluis.com","image":{"@type":"ImageObject","inLanguage":"es-AR","@id":"https:\/\/apuntesdesanluis.com\/#\/schema\/person\/image\/","url":"https:\/\/apuntesdesanluis.com\/wp-content\/uploads\/2023\/07\/cropped-apuntesdesanluis.png","contentUrl":"https:\/\/apuntesdesanluis.com\/wp-content\/uploads\/2023\/07\/cropped-apuntesdesanluis.png","width":450,"height":112,"caption":"apuntesdesanluis.com"},"logo":{"@id":"https:\/\/apuntesdesanluis.com\/#\/schema\/person\/image\/"},"sameAs":["https:\/\/apuntesdesanluis.com"],"url":"https:\/\/apuntesdesanluis.com\/index.php\/author\/apuntesdesanluis-com\/"}]}},"featured_image_urls":{"full":["https:\/\/apuntesdesanluis.com\/wp-content\/uploads\/2023\/10\/AUDENCIA.png",600,373,false],"thumbnail":["https:\/\/apuntesdesanluis.com\/wp-content\/uploads\/2023\/10\/AUDENCIA-150x150.png",150,150,true],"medium":["https:\/\/apuntesdesanluis.com\/wp-content\/uploads\/2023\/10\/AUDENCIA-300x187.png",300,187,true],"medium_large":["https:\/\/apuntesdesanluis.com\/wp-content\/uploads\/2023\/10\/AUDENCIA.png",600,373,false],"large":["https:\/\/apuntesdesanluis.com\/wp-content\/uploads\/2023\/10\/AUDENCIA.png",600,373,false],"1536x1536":["https:\/\/apuntesdesanluis.com\/wp-content\/uploads\/2023\/10\/AUDENCIA.png",600,373,false],"2048x2048":["https:\/\/apuntesdesanluis.com\/wp-content\/uploads\/2023\/10\/AUDENCIA.png",600,373,false],"newsever-slider-full":["https:\/\/apuntesdesanluis.com\/wp-content\/uploads\/2023\/10\/AUDENCIA.png",600,373,false],"newsever-featured":["https:\/\/apuntesdesanluis.com\/wp-content\/uploads\/2023\/10\/AUDENCIA.png",600,373,false],"newsever-medium":["https:\/\/apuntesdesanluis.com\/wp-content\/uploads\/2023\/10\/AUDENCIA.png",600,373,false]},"author_info":{"display_name":"apuntesdesanluis.com","author_link":"https:\/\/apuntesdesanluis.com\/index.php\/author\/apuntesdesanluis-com\/"},"category_info":"<a href=\"https:\/\/apuntesdesanluis.com\/index.php\/category\/ciudad-provincia\/\" rel=\"category tag\">Ciudad\/Provincia<\/a>","tag_info":"Ciudad\/Provincia","comment_count":"0","_links":{"self":[{"href":"https:\/\/apuntesdesanluis.com\/index.php\/wp-json\/wp\/v2\/posts\/4589","targetHints":{"allow":["GET"]}}],"collection":[{"href":"https:\/\/apuntesdesanluis.com\/index.php\/wp-json\/wp\/v2\/posts"}],"about":[{"href":"https:\/\/apuntesdesanluis.com\/index.php\/wp-json\/wp\/v2\/types\/post"}],"author":[{"embeddable":true,"href":"https:\/\/apuntesdesanluis.com\/index.php\/wp-json\/wp\/v2\/users\/1"}],"replies":[{"embeddable":true,"href":"https:\/\/apuntesdesanluis.com\/index.php\/wp-json\/wp\/v2\/comments?post=4589"}],"version-history":[{"count":2,"href":"https:\/\/apuntesdesanluis.com\/index.php\/wp-json\/wp\/v2\/posts\/4589\/revisions"}],"predecessor-version":[{"id":4592,"href":"https:\/\/apuntesdesanluis.com\/index.php\/wp-json\/wp\/v2\/posts\/4589\/revisions\/4592"}],"wp:featuredmedia":[{"embeddable":true,"href":"https:\/\/apuntesdesanluis.com\/index.php\/wp-json\/wp\/v2\/media\/4590"}],"wp:attachment":[{"href":"https:\/\/apuntesdesanluis.com\/index.php\/wp-json\/wp\/v2\/media?parent=4589"}],"wp:term":[{"taxonomy":"category","embeddable":true,"href":"https:\/\/apuntesdesanluis.com\/index.php\/wp-json\/wp\/v2\/categories?post=4589"},{"taxonomy":"post_tag","embeddable":true,"href":"https:\/\/apuntesdesanluis.com\/index.php\/wp-json\/wp\/v2\/tags?post=4589"}],"curies":[{"name":"wp","href":"https:\/\/api.w.org\/{rel}","templated":true}]}}