{"id":4593,"date":"2023-10-04T22:29:13","date_gmt":"2023-10-05T01:29:13","guid":{"rendered":"https:\/\/apuntesdesanluis.com\/?p=4593"},"modified":"2023-10-04T22:31:08","modified_gmt":"2023-10-05T01:31:08","slug":"el-partido-justicialista-expulso-al-diputado-alberto-leyes","status":"publish","type":"post","link":"https:\/\/apuntesdesanluis.com\/index.php\/2023\/10\/04\/el-partido-justicialista-expulso-al-diputado-alberto-leyes\/","title":{"rendered":"EL PARTIDO JUSTICIALISTA EXPULS\u00d3 AL DIPUTADO ALBERTO LEYES"},"content":{"rendered":"<h3>Este mi\u00e9rcoles se dio a conocer la Resoluci\u00f3n N\u00b01\/2023 del Tribunal de Disciplina del Partido Justicialista, a trav\u00e9s de la cual se dispuso \u201cexpulsar al Sr. <strong>Ram\u00f3n Alberto Leyes<\/strong>\u201d, por conformar un nuevo bloque en la C\u00e1mara de Diputados, escindi\u00e9ndose del oficialismo.<\/h3>\n<h3>La disposici\u00f3n remarca \u201cla conducta desestabilizadora\u201d de leyes\u201d, quien &#8220;usando su investidura legislativa perpetr\u00f3 un golpe decisivo contra la Justicia Social, con fines de malograr una iniciativa de vital importancia para el pueblo trabajador y desconociendo el aporte cotidiano y constante que los beneficiarios del Plan de Inclusi\u00f3n Social realizan en la provincia\u201d.<\/h3>\n<h3>La sanci\u00f3n se fundamenta en el voto contrario al proyecto de pase a planta de los beneficiarios del Plan de Inclusi\u00f3n Social.<\/h3>\n<h3>La resoluci\u00f3n enfatiza que \u201cla actitud de Leyes atenta contra\u00a0 el principio de justicia social, consagrado\u00a0 por instrumentos internacionales de DDHH,\u00a0 por la Constituci\u00f3n Nacional y la Constituci\u00f3n Provincial y obviamente elevado a principio fundante de la doctrina justicialista\u201d.<\/h3>\n<h3>La sanci\u00f3n resuelta deja extinguida de este modo la afiliaci\u00f3n de Ram\u00f3n Leyes al Partido Justicialista Distrito San Luis.<\/h3>\n<h3>Se estima que en los pr\u00f3ximos d\u00edas podr\u00eda disponerse tambi\u00e9n la expulsi\u00f3n de los otros tres legisladores oficialistas que junto a Leyes decidieron conformar el bloque \u201cFuerza Independiente\u201d: <strong>Adri\u00e1n Ag\u00fcero<\/strong> y <strong>Ver\u00f3nica Garro<\/strong> (Departamento San Martin) y <strong>Francisco \u201cTengo\u201d Irusta<\/strong> (Departamento Pedernera). \u00a0Como asimismo del diputado del departamento Pueyrred\u00f3n, <strong>Humberto Ariel Far\u00edas<\/strong>, quien integraba las filas del PJ y aliados, y comunic\u00f3 la integraci\u00f3n de la bancada unipersonal denominada \u201cTrabajo por el Pueblo\u201d.<\/h3>\n<p>&nbsp;<\/p>\n<p>&nbsp;<\/p>\n<p>&nbsp;<\/p>\n","protected":false},"excerpt":{"rendered":"<p>Este mi\u00e9rcoles se dio a conocer la Resoluci\u00f3n N\u00b01\/2023 del Tribunal de Disciplina del Partido&#8230;<\/p>\n","protected":false},"author":1,"featured_media":4594,"comment_status":"closed","ping_status":"closed","sticky":false,"template":"","format":"standard","meta":{"footnotes":""},"categories":[6],"tags":[],"class_list":["post-4593","post","type-post","status-publish","format-standard","has-post-thumbnail","hentry","category-ciudad-provincia"],"yoast_head":"<!-- This site is optimized with the Yoast SEO plugin v26.1.1 - https:\/\/yoast.com\/wordpress\/plugins\/seo\/ -->\n<title>EL PARTIDO JUSTICIALISTA EXPULS\u00d3 AL DIPUTADO ALBERTO LEYES - Apuntes de San Luis<\/title>\n<meta name=\"robots\" content=\"index, follow, max-snippet:-1, max-image-preview:large, max-video-preview:-1\" \/>\n<link rel=\"canonical\" href=\"https:\/\/apuntesdesanluis.com\/index.php\/2023\/10\/04\/el-partido-justicialista-expulso-al-diputado-alberto-leyes\/\" \/>\n<meta property=\"og:locale\" content=\"es_ES\" \/>\n<meta property=\"og:type\" content=\"article\" \/>\n<meta property=\"og:title\" content=\"EL PARTIDO JUSTICIALISTA EXPULS\u00d3 AL DIPUTADO ALBERTO LEYES - Apuntes de San Luis\" \/>\n<meta property=\"og:description\" content=\"Este mi\u00e9rcoles se dio a conocer la Resoluci\u00f3n N\u00b01\/2023 del Tribunal de Disciplina del Partido...\" \/>\n<meta property=\"og:url\" content=\"https:\/\/apuntesdesanluis.com\/index.php\/2023\/10\/04\/el-partido-justicialista-expulso-al-diputado-alberto-leyes\/\" \/>\n<meta property=\"og:site_name\" content=\"Apuntes de San Luis\" \/>\n<meta property=\"article:published_time\" content=\"2023-10-05T01:29:13+00:00\" \/>\n<meta property=\"article:modified_time\" content=\"2023-10-05T01:31:08+00:00\" \/>\n<meta property=\"og:image\" content=\"https:\/\/apuntesdesanluis.com\/wp-content\/uploads\/2023\/10\/leyes.png\" \/>\n\t<meta property=\"og:image:width\" content=\"600\" \/>\n\t<meta property=\"og:image:height\" content=\"370\" \/>\n\t<meta property=\"og:image:type\" content=\"image\/png\" \/>\n<meta name=\"author\" content=\"apuntesdesanluis.com\" \/>\n<meta name=\"twitter:card\" content=\"summary_large_image\" \/>\n<meta name=\"twitter:label1\" content=\"Escrito por\" \/>\n\t<meta name=\"twitter:data1\" content=\"apuntesdesanluis.com\" \/>\n\t<meta name=\"twitter:label2\" content=\"Tiempo de lectura\" \/>\n\t<meta name=\"twitter:data2\" content=\"2 minutos\" \/>\n<script type=\"application\/ld+json\" class=\"yoast-schema-graph\">{\"@context\":\"https:\/\/schema.org\",\"@graph\":[{\"@type\":\"Article\",\"@id\":\"https:\/\/apuntesdesanluis.com\/index.php\/2023\/10\/04\/el-partido-justicialista-expulso-al-diputado-alberto-leyes\/#article\",\"isPartOf\":{\"@id\":\"https:\/\/apuntesdesanluis.com\/index.php\/2023\/10\/04\/el-partido-justicialista-expulso-al-diputado-alberto-leyes\/\"},\"author\":{\"name\":\"apuntesdesanluis.com\",\"@id\":\"https:\/\/apuntesdesanluis.com\/#\/schema\/person\/b55151d52296fcce64d1a72538a70b90\"},\"headline\":\"EL PARTIDO JUSTICIALISTA EXPULS\u00d3 AL DIPUTADO ALBERTO LEYES\",\"datePublished\":\"2023-10-05T01:29:13+00:00\",\"dateModified\":\"2023-10-05T01:31:08+00:00\",\"mainEntityOfPage\":{\"@id\":\"https:\/\/apuntesdesanluis.com\/index.php\/2023\/10\/04\/el-partido-justicialista-expulso-al-diputado-alberto-leyes\/\"},\"wordCount\":286,\"publisher\":{\"@id\":\"https:\/\/apuntesdesanluis.com\/#\/schema\/person\/b55151d52296fcce64d1a72538a70b90\"},\"image\":{\"@id\":\"https:\/\/apuntesdesanluis.com\/index.php\/2023\/10\/04\/el-partido-justicialista-expulso-al-diputado-alberto-leyes\/#primaryimage\"},\"thumbnailUrl\":\"https:\/\/apuntesdesanluis.com\/wp-content\/uploads\/2023\/10\/leyes.png\",\"articleSection\":[\"Ciudad\/Provincia\"],\"inLanguage\":\"es-AR\"},{\"@type\":\"WebPage\",\"@id\":\"https:\/\/apuntesdesanluis.com\/index.php\/2023\/10\/04\/el-partido-justicialista-expulso-al-diputado-alberto-leyes\/\",\"url\":\"https:\/\/apuntesdesanluis.com\/index.php\/2023\/10\/04\/el-partido-justicialista-expulso-al-diputado-alberto-leyes\/\",\"name\":\"EL PARTIDO JUSTICIALISTA EXPULS\u00d3 AL DIPUTADO ALBERTO LEYES - Apuntes de San Luis\",\"isPartOf\":{\"@id\":\"https:\/\/apuntesdesanluis.com\/#website\"},\"primaryImageOfPage\":{\"@id\":\"https:\/\/apuntesdesanluis.com\/index.php\/2023\/10\/04\/el-partido-justicialista-expulso-al-diputado-alberto-leyes\/#primaryimage\"},\"image\":{\"@id\":\"https:\/\/apuntesdesanluis.com\/index.php\/2023\/10\/04\/el-partido-justicialista-expulso-al-diputado-alberto-leyes\/#primaryimage\"},\"thumbnailUrl\":\"https:\/\/apuntesdesanluis.com\/wp-content\/uploads\/2023\/10\/leyes.png\",\"datePublished\":\"2023-10-05T01:29:13+00:00\",\"dateModified\":\"2023-10-05T01:31:08+00:00\",\"breadcrumb\":{\"@id\":\"https:\/\/apuntesdesanluis.com\/index.php\/2023\/10\/04\/el-partido-justicialista-expulso-al-diputado-alberto-leyes\/#breadcrumb\"},\"inLanguage\":\"es-AR\",\"potentialAction\":[{\"@type\":\"ReadAction\",\"target\":[\"https:\/\/apuntesdesanluis.com\/index.php\/2023\/10\/04\/el-partido-justicialista-expulso-al-diputado-alberto-leyes\/\"]}]},{\"@type\":\"ImageObject\",\"inLanguage\":\"es-AR\",\"@id\":\"https:\/\/apuntesdesanluis.com\/index.php\/2023\/10\/04\/el-partido-justicialista-expulso-al-diputado-alberto-leyes\/#primaryimage\",\"url\":\"https:\/\/apuntesdesanluis.com\/wp-content\/uploads\/2023\/10\/leyes.png\",\"contentUrl\":\"https:\/\/apuntesdesanluis.com\/wp-content\/uploads\/2023\/10\/leyes.png\",\"width\":600,\"height\":370},{\"@type\":\"BreadcrumbList\",\"@id\":\"https:\/\/apuntesdesanluis.com\/index.php\/2023\/10\/04\/el-partido-justicialista-expulso-al-diputado-alberto-leyes\/#breadcrumb\",\"itemListElement\":[{\"@type\":\"ListItem\",\"position\":1,\"name\":\"Inicio\",\"item\":\"https:\/\/apuntesdesanluis.com\/\"},{\"@type\":\"ListItem\",\"position\":2,\"name\":\"EL PARTIDO JUSTICIALISTA EXPULS\u00d3 AL DIPUTADO ALBERTO LEYES\"}]},{\"@type\":\"WebSite\",\"@id\":\"https:\/\/apuntesdesanluis.com\/#website\",\"url\":\"https:\/\/apuntesdesanluis.com\/\",\"name\":\"Apuntes de San Luis\",\"description\":\"\",\"publisher\":{\"@id\":\"https:\/\/apuntesdesanluis.com\/#\/schema\/person\/b55151d52296fcce64d1a72538a70b90\"},\"potentialAction\":[{\"@type\":\"SearchAction\",\"target\":{\"@type\":\"EntryPoint\",\"urlTemplate\":\"https:\/\/apuntesdesanluis.com\/?s={search_term_string}\"},\"query-input\":{\"@type\":\"PropertyValueSpecification\",\"valueRequired\":true,\"valueName\":\"search_term_string\"}}],\"inLanguage\":\"es-AR\"},{\"@type\":[\"Person\",\"Organization\"],\"@id\":\"https:\/\/apuntesdesanluis.com\/#\/schema\/person\/b55151d52296fcce64d1a72538a70b90\",\"name\":\"apuntesdesanluis.com\",\"image\":{\"@type\":\"ImageObject\",\"inLanguage\":\"es-AR\",\"@id\":\"https:\/\/apuntesdesanluis.com\/#\/schema\/person\/image\/\",\"url\":\"https:\/\/apuntesdesanluis.com\/wp-content\/uploads\/2023\/07\/cropped-apuntesdesanluis.png\",\"contentUrl\":\"https:\/\/apuntesdesanluis.com\/wp-content\/uploads\/2023\/07\/cropped-apuntesdesanluis.png\",\"width\":450,\"height\":112,\"caption\":\"apuntesdesanluis.com\"},\"logo\":{\"@id\":\"https:\/\/apuntesdesanluis.com\/#\/schema\/person\/image\/\"},\"sameAs\":[\"https:\/\/apuntesdesanluis.com\"],\"url\":\"https:\/\/apuntesdesanluis.com\/index.php\/author\/apuntesdesanluis-com\/\"}]}<\/script>\n<!-- \/ Yoast SEO plugin. -->","yoast_head_json":{"title":"EL PARTIDO JUSTICIALISTA EXPULS\u00d3 AL DIPUTADO ALBERTO LEYES - Apuntes de San Luis","robots":{"index":"index","follow":"follow","max-snippet":"max-snippet:-1","max-image-preview":"max-image-preview:large","max-video-preview":"max-video-preview:-1"},"canonical":"https:\/\/apuntesdesanluis.com\/index.php\/2023\/10\/04\/el-partido-justicialista-expulso-al-diputado-alberto-leyes\/","og_locale":"es_ES","og_type":"article","og_title":"EL PARTIDO JUSTICIALISTA EXPULS\u00d3 AL DIPUTADO ALBERTO LEYES - Apuntes de San Luis","og_description":"Este mi\u00e9rcoles se dio a conocer la Resoluci\u00f3n N\u00b01\/2023 del Tribunal de Disciplina del Partido...","og_url":"https:\/\/apuntesdesanluis.com\/index.php\/2023\/10\/04\/el-partido-justicialista-expulso-al-diputado-alberto-leyes\/","og_site_name":"Apuntes de San Luis","article_published_time":"2023-10-05T01:29:13+00:00","article_modified_time":"2023-10-05T01:31:08+00:00","og_image":[{"width":600,"height":370,"url":"https:\/\/apuntesdesanluis.com\/wp-content\/uploads\/2023\/10\/leyes.png","type":"image\/png"}],"author":"apuntesdesanluis.com","twitter_card":"summary_large_image","twitter_misc":{"Escrito por":"apuntesdesanluis.com","Tiempo de lectura":"2 minutos"},"schema":{"@context":"https:\/\/schema.org","@graph":[{"@type":"Article","@id":"https:\/\/apuntesdesanluis.com\/index.php\/2023\/10\/04\/el-partido-justicialista-expulso-al-diputado-alberto-leyes\/#article","isPartOf":{"@id":"https:\/\/apuntesdesanluis.com\/index.php\/2023\/10\/04\/el-partido-justicialista-expulso-al-diputado-alberto-leyes\/"},"author":{"name":"apuntesdesanluis.com","@id":"https:\/\/apuntesdesanluis.com\/#\/schema\/person\/b55151d52296fcce64d1a72538a70b90"},"headline":"EL PARTIDO JUSTICIALISTA EXPULS\u00d3 AL DIPUTADO ALBERTO LEYES","datePublished":"2023-10-05T01:29:13+00:00","dateModified":"2023-10-05T01:31:08+00:00","mainEntityOfPage":{"@id":"https:\/\/apuntesdesanluis.com\/index.php\/2023\/10\/04\/el-partido-justicialista-expulso-al-diputado-alberto-leyes\/"},"wordCount":286,"publisher":{"@id":"https:\/\/apuntesdesanluis.com\/#\/schema\/person\/b55151d52296fcce64d1a72538a70b90"},"image":{"@id":"https:\/\/apuntesdesanluis.com\/index.php\/2023\/10\/04\/el-partido-justicialista-expulso-al-diputado-alberto-leyes\/#primaryimage"},"thumbnailUrl":"https:\/\/apuntesdesanluis.com\/wp-content\/uploads\/2023\/10\/leyes.png","articleSection":["Ciudad\/Provincia"],"inLanguage":"es-AR"},{"@type":"WebPage","@id":"https:\/\/apuntesdesanluis.com\/index.php\/2023\/10\/04\/el-partido-justicialista-expulso-al-diputado-alberto-leyes\/","url":"https:\/\/apuntesdesanluis.com\/index.php\/2023\/10\/04\/el-partido-justicialista-expulso-al-diputado-alberto-leyes\/","name":"EL PARTIDO JUSTICIALISTA EXPULS\u00d3 AL DIPUTADO ALBERTO LEYES - Apuntes de San Luis","isPartOf":{"@id":"https:\/\/apuntesdesanluis.com\/#website"},"primaryImageOfPage":{"@id":"https:\/\/apuntesdesanluis.com\/index.php\/2023\/10\/04\/el-partido-justicialista-expulso-al-diputado-alberto-leyes\/#primaryimage"},"image":{"@id":"https:\/\/apuntesdesanluis.com\/index.php\/2023\/10\/04\/el-partido-justicialista-expulso-al-diputado-alberto-leyes\/#primaryimage"},"thumbnailUrl":"https:\/\/apuntesdesanluis.com\/wp-content\/uploads\/2023\/10\/leyes.png","datePublished":"2023-10-05T01:29:13+00:00","dateModified":"2023-10-05T01:31:08+00:00","breadcrumb":{"@id":"https:\/\/apuntesdesanluis.com\/index.php\/2023\/10\/04\/el-partido-justicialista-expulso-al-diputado-alberto-leyes\/#breadcrumb"},"inLanguage":"es-AR","potentialAction":[{"@type":"ReadAction","target":["https:\/\/apuntesdesanluis.com\/index.php\/2023\/10\/04\/el-partido-justicialista-expulso-al-diputado-alberto-leyes\/"]}]},{"@type":"ImageObject","inLanguage":"es-AR","@id":"https:\/\/apuntesdesanluis.com\/index.php\/2023\/10\/04\/el-partido-justicialista-expulso-al-diputado-alberto-leyes\/#primaryimage","url":"https:\/\/apuntesdesanluis.com\/wp-content\/uploads\/2023\/10\/leyes.png","contentUrl":"https:\/\/apuntesdesanluis.com\/wp-content\/uploads\/2023\/10\/leyes.png","width":600,"height":370},{"@type":"BreadcrumbList","@id":"https:\/\/apuntesdesanluis.com\/index.php\/2023\/10\/04\/el-partido-justicialista-expulso-al-diputado-alberto-leyes\/#breadcrumb","itemListElement":[{"@type":"ListItem","position":1,"name":"Inicio","item":"https:\/\/apuntesdesanluis.com\/"},{"@type":"ListItem","position":2,"name":"EL PARTIDO JUSTICIALISTA EXPULS\u00d3 AL DIPUTADO ALBERTO LEYES"}]},{"@type":"WebSite","@id":"https:\/\/apuntesdesanluis.com\/#website","url":"https:\/\/apuntesdesanluis.com\/","name":"Apuntes de San Luis","description":"","publisher":{"@id":"https:\/\/apuntesdesanluis.com\/#\/schema\/person\/b55151d52296fcce64d1a72538a70b90"},"potentialAction":[{"@type":"SearchAction","target":{"@type":"EntryPoint","urlTemplate":"https:\/\/apuntesdesanluis.com\/?s={search_term_string}"},"query-input":{"@type":"PropertyValueSpecification","valueRequired":true,"valueName":"search_term_string"}}],"inLanguage":"es-AR"},{"@type":["Person","Organization"],"@id":"https:\/\/apuntesdesanluis.com\/#\/schema\/person\/b55151d52296fcce64d1a72538a70b90","name":"apuntesdesanluis.com","image":{"@type":"ImageObject","inLanguage":"es-AR","@id":"https:\/\/apuntesdesanluis.com\/#\/schema\/person\/image\/","url":"https:\/\/apuntesdesanluis.com\/wp-content\/uploads\/2023\/07\/cropped-apuntesdesanluis.png","contentUrl":"https:\/\/apuntesdesanluis.com\/wp-content\/uploads\/2023\/07\/cropped-apuntesdesanluis.png","width":450,"height":112,"caption":"apuntesdesanluis.com"},"logo":{"@id":"https:\/\/apuntesdesanluis.com\/#\/schema\/person\/image\/"},"sameAs":["https:\/\/apuntesdesanluis.com"],"url":"https:\/\/apuntesdesanluis.com\/index.php\/author\/apuntesdesanluis-com\/"}]}},"featured_image_urls":{"full":["https:\/\/apuntesdesanluis.com\/wp-content\/uploads\/2023\/10\/leyes.png",600,370,false],"thumbnail":["https:\/\/apuntesdesanluis.com\/wp-content\/uploads\/2023\/10\/leyes-150x150.png",150,150,true],"medium":["https:\/\/apuntesdesanluis.com\/wp-content\/uploads\/2023\/10\/leyes-300x185.png",300,185,true],"medium_large":["https:\/\/apuntesdesanluis.com\/wp-content\/uploads\/2023\/10\/leyes.png",600,370,false],"large":["https:\/\/apuntesdesanluis.com\/wp-content\/uploads\/2023\/10\/leyes.png",600,370,false],"1536x1536":["https:\/\/apuntesdesanluis.com\/wp-content\/uploads\/2023\/10\/leyes.png",600,370,false],"2048x2048":["https:\/\/apuntesdesanluis.com\/wp-content\/uploads\/2023\/10\/leyes.png",600,370,false],"newsever-slider-full":["https:\/\/apuntesdesanluis.com\/wp-content\/uploads\/2023\/10\/leyes.png",600,370,false],"newsever-featured":["https:\/\/apuntesdesanluis.com\/wp-content\/uploads\/2023\/10\/leyes.png",600,370,false],"newsever-medium":["https:\/\/apuntesdesanluis.com\/wp-content\/uploads\/2023\/10\/leyes.png",600,370,false]},"author_info":{"display_name":"apuntesdesanluis.com","author_link":"https:\/\/apuntesdesanluis.com\/index.php\/author\/apuntesdesanluis-com\/"},"category_info":"<a href=\"https:\/\/apuntesdesanluis.com\/index.php\/category\/ciudad-provincia\/\" rel=\"category tag\">Ciudad\/Provincia<\/a>","tag_info":"Ciudad\/Provincia","comment_count":"0","_links":{"self":[{"href":"https:\/\/apuntesdesanluis.com\/index.php\/wp-json\/wp\/v2\/posts\/4593","targetHints":{"allow":["GET"]}}],"collection":[{"href":"https:\/\/apuntesdesanluis.com\/index.php\/wp-json\/wp\/v2\/posts"}],"about":[{"href":"https:\/\/apuntesdesanluis.com\/index.php\/wp-json\/wp\/v2\/types\/post"}],"author":[{"embeddable":true,"href":"https:\/\/apuntesdesanluis.com\/index.php\/wp-json\/wp\/v2\/users\/1"}],"replies":[{"embeddable":true,"href":"https:\/\/apuntesdesanluis.com\/index.php\/wp-json\/wp\/v2\/comments?post=4593"}],"version-history":[{"count":4,"href":"https:\/\/apuntesdesanluis.com\/index.php\/wp-json\/wp\/v2\/posts\/4593\/revisions"}],"predecessor-version":[{"id":4598,"href":"https:\/\/apuntesdesanluis.com\/index.php\/wp-json\/wp\/v2\/posts\/4593\/revisions\/4598"}],"wp:featuredmedia":[{"embeddable":true,"href":"https:\/\/apuntesdesanluis.com\/index.php\/wp-json\/wp\/v2\/media\/4594"}],"wp:attachment":[{"href":"https:\/\/apuntesdesanluis.com\/index.php\/wp-json\/wp\/v2\/media?parent=4593"}],"wp:term":[{"taxonomy":"category","embeddable":true,"href":"https:\/\/apuntesdesanluis.com\/index.php\/wp-json\/wp\/v2\/categories?post=4593"},{"taxonomy":"post_tag","embeddable":true,"href":"https:\/\/apuntesdesanluis.com\/index.php\/wp-json\/wp\/v2\/tags?post=4593"}],"curies":[{"name":"wp","href":"https:\/\/api.w.org\/{rel}","templated":true}]}}