{"id":4599,"date":"2023-10-04T22:46:26","date_gmt":"2023-10-05T01:46:26","guid":{"rendered":"https:\/\/apuntesdesanluis.com\/?p=4599"},"modified":"2023-10-04T22:47:16","modified_gmt":"2023-10-05T01:47:16","slug":"reunion-en-el-campus-universitario-por-la-organizacion-del-acto-por-los-50-anos-de-la-unsl","status":"publish","type":"post","link":"https:\/\/apuntesdesanluis.com\/index.php\/2023\/10\/04\/reunion-en-el-campus-universitario-por-la-organizacion-del-acto-por-los-50-anos-de-la-unsl\/","title":{"rendered":"REUNI\u00d3N EN EL CAMPUS UNIVERSITARIO POR LA ORGANIZACI\u00d3N DEL ACTO POR LOS 50 A\u00d1OS DE LA UNSL"},"content":{"rendered":"<h3>Este mi\u00e9rcoles 4 mantuvieron una reuni\u00f3n el vicerrector de la UNSL Mgtr. <strong>H\u00e9ctor Flores<\/strong>; la decana de la FCEJS Mgtr. <strong>Roxanna Camiletti<\/strong> y el decano de la FICA Mgtr. <strong>Sergio Ribota<\/strong>, con el integrante de la Comisi\u00f3n Rectoral Encargada para la Conmemoraci\u00f3n al Aniversario 50 de la UNSL en el centro educativo Villa Mercedes, Esp. <strong>Esteban Arias<\/strong>.<\/h3>\n<h3>En la reuni\u00f3n dialogaron sobre la celebraci\u00f3n que se realizar\u00e1 el 24 de octubre de 2023 en el Centro Universitario Villa Mercedes. Trabajaron sobre los detalles que faltan ultimar para que ese d\u00eda sea un festejo para toda la Universidad y la ciudad de Villa Mercedes.<\/h3>\n<h3><strong>CAPACITACI\u00d3N PARA ABOGADOS<\/strong><\/h3>\n<h3>Por otro lado, la Secretar\u00eda de Extensi\u00f3n Universitaria inform\u00f3 que este viernes 6 de octubre a las 17 horas, iniciar\u00e1 el dictado de la capacitaci\u00f3n \u201cFinanzas para Abogados\u201d, a cargo del CPN Marcos Alejandro Lucero y los mag\u00edsteres Francisco Orom\u00ed y Javier Apil\u00e1nez Mart\u00ednez.<\/h3>\n<h3>Este Trayecto Ejecutivo de Capacitaci\u00f3n, arancelado y con cupo limitado, se desarrollar\u00e1 de forma presencial en dos jornadas: 6 en el aula 6 y el 20 de octubre en el aula \u201cProgramas Especiales del edificio \u201cEspacio Programas Especiales\u201d de la FCEJS.<\/h3>\n<p><img fetchpriority=\"high\" decoding=\"async\" class=\"wp-image-4602 aligncenter\" src=\"https:\/\/apuntesdesanluis.com\/wp-content\/uploads\/2023\/10\/FINANZAS-300x108.png\" alt=\"\" width=\"739\" height=\"266\" srcset=\"https:\/\/apuntesdesanluis.com\/wp-content\/uploads\/2023\/10\/FINANZAS-300x108.png 300w, https:\/\/apuntesdesanluis.com\/wp-content\/uploads\/2023\/10\/FINANZAS-768x275.png 768w, https:\/\/apuntesdesanluis.com\/wp-content\/uploads\/2023\/10\/FINANZAS.png 954w\" sizes=\"(max-width: 739px) 100vw, 739px\" \/><\/p>\n<h3>Aquellos interesados en participar, debe inscribirse en el siguiente enlace:<\/h3>\n<h3><a href=\"https:\/\/docs.google.com\/forms\/d\/1lybbIoHhey0Vb-m0PFTI3TbEnz-DYo6GHSzv003V0Zs\/viewform?edit_requested=true\"><span style=\"color: #3366ff;\">INSCRIPCIONES<\/span><\/a><\/h3>\n<h3>La Capacitaci\u00f3n \u201cFinanzas para Abogados\u201d se fundamenta que durante la pandemia del COVID-19 acrecent\u00f3 la necesidad de contar con conocimientos financieros y la utilizaci\u00f3n de herramientas tecnol\u00f3gicas dise\u00f1adas espec\u00edficamente para el manejo de los fondos personales, familiares y profesionales. Por lo que los objetivos de este Trayecto Ejecutivo es que los profesionales del Derecho logren comprender los principios financieros fundamentales y el funcionamiento del sistema financiero; reconocer los aspectos del entorno econ\u00f3mico que puedan afectar sus decisiones profesionales; analizar los cambios del valor del dinero en el tiempo; comprender la separaci\u00f3n necesaria que debe realizarse del patrimonio personal con las finanzas profesionales e interiorizarse sobre diferentes alternativas de inversi\u00f3n en el mercado de capitales argentino, entre otros.<\/h3>\n<h3>Es organizado por la Secretar\u00eda de Extensi\u00f3n Universitaria de la FCEJS junto al Colegio de Abogados y Procuradores de Villa Mercedes (CAPVM).<\/h3>\n<h3><span style=\"color: #000000;\">REPROGRAMACI\u00d3N<\/span><\/h3>\n<h3>La Secretar\u00eda de Extensi\u00f3n Universitaria inform\u00f3 que, por motivos de fuerza mayor, el Taller \u201cInterculturalidad, educaci\u00f3n y econom\u00eda social: Di\u00e1logo de saberes en la comunidad Huarpe\u201d, fue reprogramado para el mi\u00e9rcoles 11 de octubre a las 15 horas.<\/h3>\n<p><img decoding=\"async\" class=\"wp-image-4601 aligncenter\" src=\"https:\/\/apuntesdesanluis.com\/wp-content\/uploads\/2023\/10\/INTERCULTURALIDAD-300x160.png\" alt=\"\" width=\"698\" height=\"372\" srcset=\"https:\/\/apuntesdesanluis.com\/wp-content\/uploads\/2023\/10\/INTERCULTURALIDAD-300x160.png 300w, https:\/\/apuntesdesanluis.com\/wp-content\/uploads\/2023\/10\/INTERCULTURALIDAD.png 969w\" sizes=\"(max-width: 698px) 100vw, 698px\" \/><\/p>\n<h3>Este taller se dictar\u00e1 en el Aula de Programas Especiales, situada en el edificio \u201cEspacio Programas Especiales de la FCEJS\u201d del Campus Universitario. Estar\u00e1 a cargo de la Educadora originaria Ya Umuk (Pueblo Huarpe), buscar\u00e1 promover el reconocimiento de los derechos vulnerados, las luchas de los pueblos originarios en clave decolonial y propiciar un di\u00e1logo de la universidad y las comunidades originarias desde la interculturalidad cr\u00edtica.<\/h3>\n<h3>Es organizado por el Proyecto de Extensi\u00f3n y Docencia: \u201cPr\u00e1cticas socioeducativas e inclusi\u00f3n de sujetos y saberes populares\u201d y materia Educaci\u00f3n y Trabajo Social. Lic. en Trabajo Social.<\/h3>\n","protected":false},"excerpt":{"rendered":"<p>Este mi\u00e9rcoles 4 mantuvieron una reuni\u00f3n el vicerrector de la UNSL Mgtr. H\u00e9ctor Flores; la&#8230;<\/p>\n","protected":false},"author":1,"featured_media":4600,"comment_status":"closed","ping_status":"closed","sticky":false,"template":"","format":"standard","meta":{"footnotes":""},"categories":[6],"tags":[],"class_list":["post-4599","post","type-post","status-publish","format-standard","has-post-thumbnail","hentry","category-ciudad-provincia"],"yoast_head":"<!-- This site is optimized with the Yoast SEO plugin v26.1.1 - https:\/\/yoast.com\/wordpress\/plugins\/seo\/ -->\n<title>REUNI\u00d3N EN EL CAMPUS UNIVERSITARIO POR LA ORGANIZACI\u00d3N DEL ACTO POR LOS 50 A\u00d1OS DE LA UNSL - Apuntes de San Luis<\/title>\n<meta name=\"robots\" content=\"index, follow, max-snippet:-1, max-image-preview:large, max-video-preview:-1\" \/>\n<link rel=\"canonical\" href=\"https:\/\/apuntesdesanluis.com\/index.php\/2023\/10\/04\/reunion-en-el-campus-universitario-por-la-organizacion-del-acto-por-los-50-anos-de-la-unsl\/\" \/>\n<meta property=\"og:locale\" content=\"es_ES\" \/>\n<meta property=\"og:type\" content=\"article\" \/>\n<meta property=\"og:title\" content=\"REUNI\u00d3N EN EL CAMPUS UNIVERSITARIO POR LA ORGANIZACI\u00d3N DEL ACTO POR LOS 50 A\u00d1OS DE LA UNSL - Apuntes de San Luis\" \/>\n<meta property=\"og:description\" content=\"Este mi\u00e9rcoles 4 mantuvieron una reuni\u00f3n el vicerrector de la UNSL Mgtr. H\u00e9ctor Flores; la...\" \/>\n<meta property=\"og:url\" content=\"https:\/\/apuntesdesanluis.com\/index.php\/2023\/10\/04\/reunion-en-el-campus-universitario-por-la-organizacion-del-acto-por-los-50-anos-de-la-unsl\/\" \/>\n<meta property=\"og:site_name\" content=\"Apuntes de San Luis\" \/>\n<meta property=\"article:published_time\" content=\"2023-10-05T01:46:26+00:00\" \/>\n<meta property=\"article:modified_time\" content=\"2023-10-05T01:47:16+00:00\" \/>\n<meta property=\"og:image\" content=\"https:\/\/apuntesdesanluis.com\/wp-content\/uploads\/2023\/10\/reunion.png\" \/>\n\t<meta property=\"og:image:width\" content=\"957\" \/>\n\t<meta property=\"og:image:height\" content=\"538\" \/>\n\t<meta property=\"og:image:type\" content=\"image\/png\" \/>\n<meta name=\"author\" content=\"apuntesdesanluis.com\" \/>\n<meta name=\"twitter:card\" content=\"summary_large_image\" \/>\n<meta name=\"twitter:label1\" content=\"Escrito por\" \/>\n\t<meta name=\"twitter:data1\" content=\"apuntesdesanluis.com\" \/>\n\t<meta name=\"twitter:label2\" content=\"Tiempo de lectura\" \/>\n\t<meta name=\"twitter:data2\" content=\"3 minutos\" \/>\n<script type=\"application\/ld+json\" class=\"yoast-schema-graph\">{\"@context\":\"https:\/\/schema.org\",\"@graph\":[{\"@type\":\"Article\",\"@id\":\"https:\/\/apuntesdesanluis.com\/index.php\/2023\/10\/04\/reunion-en-el-campus-universitario-por-la-organizacion-del-acto-por-los-50-anos-de-la-unsl\/#article\",\"isPartOf\":{\"@id\":\"https:\/\/apuntesdesanluis.com\/index.php\/2023\/10\/04\/reunion-en-el-campus-universitario-por-la-organizacion-del-acto-por-los-50-anos-de-la-unsl\/\"},\"author\":{\"name\":\"apuntesdesanluis.com\",\"@id\":\"https:\/\/apuntesdesanluis.com\/#\/schema\/person\/b55151d52296fcce64d1a72538a70b90\"},\"headline\":\"REUNI\u00d3N EN EL CAMPUS UNIVERSITARIO POR LA ORGANIZACI\u00d3N DEL ACTO POR LOS 50 A\u00d1OS DE LA UNSL\",\"datePublished\":\"2023-10-05T01:46:26+00:00\",\"dateModified\":\"2023-10-05T01:47:16+00:00\",\"mainEntityOfPage\":{\"@id\":\"https:\/\/apuntesdesanluis.com\/index.php\/2023\/10\/04\/reunion-en-el-campus-universitario-por-la-organizacion-del-acto-por-los-50-anos-de-la-unsl\/\"},\"wordCount\":521,\"publisher\":{\"@id\":\"https:\/\/apuntesdesanluis.com\/#\/schema\/person\/b55151d52296fcce64d1a72538a70b90\"},\"image\":{\"@id\":\"https:\/\/apuntesdesanluis.com\/index.php\/2023\/10\/04\/reunion-en-el-campus-universitario-por-la-organizacion-del-acto-por-los-50-anos-de-la-unsl\/#primaryimage\"},\"thumbnailUrl\":\"https:\/\/apuntesdesanluis.com\/wp-content\/uploads\/2023\/10\/reunion.png\",\"articleSection\":[\"Ciudad\/Provincia\"],\"inLanguage\":\"es-AR\"},{\"@type\":\"WebPage\",\"@id\":\"https:\/\/apuntesdesanluis.com\/index.php\/2023\/10\/04\/reunion-en-el-campus-universitario-por-la-organizacion-del-acto-por-los-50-anos-de-la-unsl\/\",\"url\":\"https:\/\/apuntesdesanluis.com\/index.php\/2023\/10\/04\/reunion-en-el-campus-universitario-por-la-organizacion-del-acto-por-los-50-anos-de-la-unsl\/\",\"name\":\"REUNI\u00d3N EN EL CAMPUS UNIVERSITARIO POR LA ORGANIZACI\u00d3N DEL ACTO POR LOS 50 A\u00d1OS DE LA UNSL - Apuntes de San Luis\",\"isPartOf\":{\"@id\":\"https:\/\/apuntesdesanluis.com\/#website\"},\"primaryImageOfPage\":{\"@id\":\"https:\/\/apuntesdesanluis.com\/index.php\/2023\/10\/04\/reunion-en-el-campus-universitario-por-la-organizacion-del-acto-por-los-50-anos-de-la-unsl\/#primaryimage\"},\"image\":{\"@id\":\"https:\/\/apuntesdesanluis.com\/index.php\/2023\/10\/04\/reunion-en-el-campus-universitario-por-la-organizacion-del-acto-por-los-50-anos-de-la-unsl\/#primaryimage\"},\"thumbnailUrl\":\"https:\/\/apuntesdesanluis.com\/wp-content\/uploads\/2023\/10\/reunion.png\",\"datePublished\":\"2023-10-05T01:46:26+00:00\",\"dateModified\":\"2023-10-05T01:47:16+00:00\",\"breadcrumb\":{\"@id\":\"https:\/\/apuntesdesanluis.com\/index.php\/2023\/10\/04\/reunion-en-el-campus-universitario-por-la-organizacion-del-acto-por-los-50-anos-de-la-unsl\/#breadcrumb\"},\"inLanguage\":\"es-AR\",\"potentialAction\":[{\"@type\":\"ReadAction\",\"target\":[\"https:\/\/apuntesdesanluis.com\/index.php\/2023\/10\/04\/reunion-en-el-campus-universitario-por-la-organizacion-del-acto-por-los-50-anos-de-la-unsl\/\"]}]},{\"@type\":\"ImageObject\",\"inLanguage\":\"es-AR\",\"@id\":\"https:\/\/apuntesdesanluis.com\/index.php\/2023\/10\/04\/reunion-en-el-campus-universitario-por-la-organizacion-del-acto-por-los-50-anos-de-la-unsl\/#primaryimage\",\"url\":\"https:\/\/apuntesdesanluis.com\/wp-content\/uploads\/2023\/10\/reunion.png\",\"contentUrl\":\"https:\/\/apuntesdesanluis.com\/wp-content\/uploads\/2023\/10\/reunion.png\",\"width\":957,\"height\":538},{\"@type\":\"BreadcrumbList\",\"@id\":\"https:\/\/apuntesdesanluis.com\/index.php\/2023\/10\/04\/reunion-en-el-campus-universitario-por-la-organizacion-del-acto-por-los-50-anos-de-la-unsl\/#breadcrumb\",\"itemListElement\":[{\"@type\":\"ListItem\",\"position\":1,\"name\":\"Inicio\",\"item\":\"https:\/\/apuntesdesanluis.com\/\"},{\"@type\":\"ListItem\",\"position\":2,\"name\":\"REUNI\u00d3N EN EL CAMPUS UNIVERSITARIO POR LA ORGANIZACI\u00d3N DEL ACTO POR LOS 50 A\u00d1OS DE LA UNSL\"}]},{\"@type\":\"WebSite\",\"@id\":\"https:\/\/apuntesdesanluis.com\/#website\",\"url\":\"https:\/\/apuntesdesanluis.com\/\",\"name\":\"Apuntes de San Luis\",\"description\":\"\",\"publisher\":{\"@id\":\"https:\/\/apuntesdesanluis.com\/#\/schema\/person\/b55151d52296fcce64d1a72538a70b90\"},\"potentialAction\":[{\"@type\":\"SearchAction\",\"target\":{\"@type\":\"EntryPoint\",\"urlTemplate\":\"https:\/\/apuntesdesanluis.com\/?s={search_term_string}\"},\"query-input\":{\"@type\":\"PropertyValueSpecification\",\"valueRequired\":true,\"valueName\":\"search_term_string\"}}],\"inLanguage\":\"es-AR\"},{\"@type\":[\"Person\",\"Organization\"],\"@id\":\"https:\/\/apuntesdesanluis.com\/#\/schema\/person\/b55151d52296fcce64d1a72538a70b90\",\"name\":\"apuntesdesanluis.com\",\"image\":{\"@type\":\"ImageObject\",\"inLanguage\":\"es-AR\",\"@id\":\"https:\/\/apuntesdesanluis.com\/#\/schema\/person\/image\/\",\"url\":\"https:\/\/apuntesdesanluis.com\/wp-content\/uploads\/2023\/07\/cropped-apuntesdesanluis.png\",\"contentUrl\":\"https:\/\/apuntesdesanluis.com\/wp-content\/uploads\/2023\/07\/cropped-apuntesdesanluis.png\",\"width\":450,\"height\":112,\"caption\":\"apuntesdesanluis.com\"},\"logo\":{\"@id\":\"https:\/\/apuntesdesanluis.com\/#\/schema\/person\/image\/\"},\"sameAs\":[\"https:\/\/apuntesdesanluis.com\"],\"url\":\"https:\/\/apuntesdesanluis.com\/index.php\/author\/apuntesdesanluis-com\/\"}]}<\/script>\n<!-- \/ Yoast SEO plugin. -->","yoast_head_json":{"title":"REUNI\u00d3N EN EL CAMPUS UNIVERSITARIO POR LA ORGANIZACI\u00d3N DEL ACTO POR LOS 50 A\u00d1OS DE LA UNSL - Apuntes de San Luis","robots":{"index":"index","follow":"follow","max-snippet":"max-snippet:-1","max-image-preview":"max-image-preview:large","max-video-preview":"max-video-preview:-1"},"canonical":"https:\/\/apuntesdesanluis.com\/index.php\/2023\/10\/04\/reunion-en-el-campus-universitario-por-la-organizacion-del-acto-por-los-50-anos-de-la-unsl\/","og_locale":"es_ES","og_type":"article","og_title":"REUNI\u00d3N EN EL CAMPUS UNIVERSITARIO POR LA ORGANIZACI\u00d3N DEL ACTO POR LOS 50 A\u00d1OS DE LA UNSL - Apuntes de San Luis","og_description":"Este mi\u00e9rcoles 4 mantuvieron una reuni\u00f3n el vicerrector de la UNSL Mgtr. H\u00e9ctor Flores; la...","og_url":"https:\/\/apuntesdesanluis.com\/index.php\/2023\/10\/04\/reunion-en-el-campus-universitario-por-la-organizacion-del-acto-por-los-50-anos-de-la-unsl\/","og_site_name":"Apuntes de San Luis","article_published_time":"2023-10-05T01:46:26+00:00","article_modified_time":"2023-10-05T01:47:16+00:00","og_image":[{"width":957,"height":538,"url":"https:\/\/apuntesdesanluis.com\/wp-content\/uploads\/2023\/10\/reunion.png","type":"image\/png"}],"author":"apuntesdesanluis.com","twitter_card":"summary_large_image","twitter_misc":{"Escrito por":"apuntesdesanluis.com","Tiempo de lectura":"3 minutos"},"schema":{"@context":"https:\/\/schema.org","@graph":[{"@type":"Article","@id":"https:\/\/apuntesdesanluis.com\/index.php\/2023\/10\/04\/reunion-en-el-campus-universitario-por-la-organizacion-del-acto-por-los-50-anos-de-la-unsl\/#article","isPartOf":{"@id":"https:\/\/apuntesdesanluis.com\/index.php\/2023\/10\/04\/reunion-en-el-campus-universitario-por-la-organizacion-del-acto-por-los-50-anos-de-la-unsl\/"},"author":{"name":"apuntesdesanluis.com","@id":"https:\/\/apuntesdesanluis.com\/#\/schema\/person\/b55151d52296fcce64d1a72538a70b90"},"headline":"REUNI\u00d3N EN EL CAMPUS UNIVERSITARIO POR LA ORGANIZACI\u00d3N DEL ACTO POR LOS 50 A\u00d1OS DE LA UNSL","datePublished":"2023-10-05T01:46:26+00:00","dateModified":"2023-10-05T01:47:16+00:00","mainEntityOfPage":{"@id":"https:\/\/apuntesdesanluis.com\/index.php\/2023\/10\/04\/reunion-en-el-campus-universitario-por-la-organizacion-del-acto-por-los-50-anos-de-la-unsl\/"},"wordCount":521,"publisher":{"@id":"https:\/\/apuntesdesanluis.com\/#\/schema\/person\/b55151d52296fcce64d1a72538a70b90"},"image":{"@id":"https:\/\/apuntesdesanluis.com\/index.php\/2023\/10\/04\/reunion-en-el-campus-universitario-por-la-organizacion-del-acto-por-los-50-anos-de-la-unsl\/#primaryimage"},"thumbnailUrl":"https:\/\/apuntesdesanluis.com\/wp-content\/uploads\/2023\/10\/reunion.png","articleSection":["Ciudad\/Provincia"],"inLanguage":"es-AR"},{"@type":"WebPage","@id":"https:\/\/apuntesdesanluis.com\/index.php\/2023\/10\/04\/reunion-en-el-campus-universitario-por-la-organizacion-del-acto-por-los-50-anos-de-la-unsl\/","url":"https:\/\/apuntesdesanluis.com\/index.php\/2023\/10\/04\/reunion-en-el-campus-universitario-por-la-organizacion-del-acto-por-los-50-anos-de-la-unsl\/","name":"REUNI\u00d3N EN EL CAMPUS UNIVERSITARIO POR LA ORGANIZACI\u00d3N DEL ACTO POR LOS 50 A\u00d1OS DE LA UNSL - Apuntes de San Luis","isPartOf":{"@id":"https:\/\/apuntesdesanluis.com\/#website"},"primaryImageOfPage":{"@id":"https:\/\/apuntesdesanluis.com\/index.php\/2023\/10\/04\/reunion-en-el-campus-universitario-por-la-organizacion-del-acto-por-los-50-anos-de-la-unsl\/#primaryimage"},"image":{"@id":"https:\/\/apuntesdesanluis.com\/index.php\/2023\/10\/04\/reunion-en-el-campus-universitario-por-la-organizacion-del-acto-por-los-50-anos-de-la-unsl\/#primaryimage"},"thumbnailUrl":"https:\/\/apuntesdesanluis.com\/wp-content\/uploads\/2023\/10\/reunion.png","datePublished":"2023-10-05T01:46:26+00:00","dateModified":"2023-10-05T01:47:16+00:00","breadcrumb":{"@id":"https:\/\/apuntesdesanluis.com\/index.php\/2023\/10\/04\/reunion-en-el-campus-universitario-por-la-organizacion-del-acto-por-los-50-anos-de-la-unsl\/#breadcrumb"},"inLanguage":"es-AR","potentialAction":[{"@type":"ReadAction","target":["https:\/\/apuntesdesanluis.com\/index.php\/2023\/10\/04\/reunion-en-el-campus-universitario-por-la-organizacion-del-acto-por-los-50-anos-de-la-unsl\/"]}]},{"@type":"ImageObject","inLanguage":"es-AR","@id":"https:\/\/apuntesdesanluis.com\/index.php\/2023\/10\/04\/reunion-en-el-campus-universitario-por-la-organizacion-del-acto-por-los-50-anos-de-la-unsl\/#primaryimage","url":"https:\/\/apuntesdesanluis.com\/wp-content\/uploads\/2023\/10\/reunion.png","contentUrl":"https:\/\/apuntesdesanluis.com\/wp-content\/uploads\/2023\/10\/reunion.png","width":957,"height":538},{"@type":"BreadcrumbList","@id":"https:\/\/apuntesdesanluis.com\/index.php\/2023\/10\/04\/reunion-en-el-campus-universitario-por-la-organizacion-del-acto-por-los-50-anos-de-la-unsl\/#breadcrumb","itemListElement":[{"@type":"ListItem","position":1,"name":"Inicio","item":"https:\/\/apuntesdesanluis.com\/"},{"@type":"ListItem","position":2,"name":"REUNI\u00d3N EN EL CAMPUS UNIVERSITARIO POR LA ORGANIZACI\u00d3N DEL ACTO POR LOS 50 A\u00d1OS DE LA UNSL"}]},{"@type":"WebSite","@id":"https:\/\/apuntesdesanluis.com\/#website","url":"https:\/\/apuntesdesanluis.com\/","name":"Apuntes de San Luis","description":"","publisher":{"@id":"https:\/\/apuntesdesanluis.com\/#\/schema\/person\/b55151d52296fcce64d1a72538a70b90"},"potentialAction":[{"@type":"SearchAction","target":{"@type":"EntryPoint","urlTemplate":"https:\/\/apuntesdesanluis.com\/?s={search_term_string}"},"query-input":{"@type":"PropertyValueSpecification","valueRequired":true,"valueName":"search_term_string"}}],"inLanguage":"es-AR"},{"@type":["Person","Organization"],"@id":"https:\/\/apuntesdesanluis.com\/#\/schema\/person\/b55151d52296fcce64d1a72538a70b90","name":"apuntesdesanluis.com","image":{"@type":"ImageObject","inLanguage":"es-AR","@id":"https:\/\/apuntesdesanluis.com\/#\/schema\/person\/image\/","url":"https:\/\/apuntesdesanluis.com\/wp-content\/uploads\/2023\/07\/cropped-apuntesdesanluis.png","contentUrl":"https:\/\/apuntesdesanluis.com\/wp-content\/uploads\/2023\/07\/cropped-apuntesdesanluis.png","width":450,"height":112,"caption":"apuntesdesanluis.com"},"logo":{"@id":"https:\/\/apuntesdesanluis.com\/#\/schema\/person\/image\/"},"sameAs":["https:\/\/apuntesdesanluis.com"],"url":"https:\/\/apuntesdesanluis.com\/index.php\/author\/apuntesdesanluis-com\/"}]}},"featured_image_urls":{"full":["https:\/\/apuntesdesanluis.com\/wp-content\/uploads\/2023\/10\/reunion.png",957,538,false],"thumbnail":["https:\/\/apuntesdesanluis.com\/wp-content\/uploads\/2023\/10\/reunion-150x150.png",150,150,true],"medium":["https:\/\/apuntesdesanluis.com\/wp-content\/uploads\/2023\/10\/reunion-300x169.png",300,169,true],"medium_large":["https:\/\/apuntesdesanluis.com\/wp-content\/uploads\/2023\/10\/reunion-768x432.png",640,360,true],"large":["https:\/\/apuntesdesanluis.com\/wp-content\/uploads\/2023\/10\/reunion.png",640,360,false],"1536x1536":["https:\/\/apuntesdesanluis.com\/wp-content\/uploads\/2023\/10\/reunion.png",957,538,false],"2048x2048":["https:\/\/apuntesdesanluis.com\/wp-content\/uploads\/2023\/10\/reunion.png",957,538,false],"newsever-slider-full":["https:\/\/apuntesdesanluis.com\/wp-content\/uploads\/2023\/10\/reunion.png",957,538,false],"newsever-featured":["https:\/\/apuntesdesanluis.com\/wp-content\/uploads\/2023\/10\/reunion.png",957,538,false],"newsever-medium":["https:\/\/apuntesdesanluis.com\/wp-content\/uploads\/2023\/10\/reunion-720x475.png",720,475,true]},"author_info":{"display_name":"apuntesdesanluis.com","author_link":"https:\/\/apuntesdesanluis.com\/index.php\/author\/apuntesdesanluis-com\/"},"category_info":"<a href=\"https:\/\/apuntesdesanluis.com\/index.php\/category\/ciudad-provincia\/\" rel=\"category tag\">Ciudad\/Provincia<\/a>","tag_info":"Ciudad\/Provincia","comment_count":"0","_links":{"self":[{"href":"https:\/\/apuntesdesanluis.com\/index.php\/wp-json\/wp\/v2\/posts\/4599","targetHints":{"allow":["GET"]}}],"collection":[{"href":"https:\/\/apuntesdesanluis.com\/index.php\/wp-json\/wp\/v2\/posts"}],"about":[{"href":"https:\/\/apuntesdesanluis.com\/index.php\/wp-json\/wp\/v2\/types\/post"}],"author":[{"embeddable":true,"href":"https:\/\/apuntesdesanluis.com\/index.php\/wp-json\/wp\/v2\/users\/1"}],"replies":[{"embeddable":true,"href":"https:\/\/apuntesdesanluis.com\/index.php\/wp-json\/wp\/v2\/comments?post=4599"}],"version-history":[{"count":2,"href":"https:\/\/apuntesdesanluis.com\/index.php\/wp-json\/wp\/v2\/posts\/4599\/revisions"}],"predecessor-version":[{"id":4604,"href":"https:\/\/apuntesdesanluis.com\/index.php\/wp-json\/wp\/v2\/posts\/4599\/revisions\/4604"}],"wp:featuredmedia":[{"embeddable":true,"href":"https:\/\/apuntesdesanluis.com\/index.php\/wp-json\/wp\/v2\/media\/4600"}],"wp:attachment":[{"href":"https:\/\/apuntesdesanluis.com\/index.php\/wp-json\/wp\/v2\/media?parent=4599"}],"wp:term":[{"taxonomy":"category","embeddable":true,"href":"https:\/\/apuntesdesanluis.com\/index.php\/wp-json\/wp\/v2\/categories?post=4599"},{"taxonomy":"post_tag","embeddable":true,"href":"https:\/\/apuntesdesanluis.com\/index.php\/wp-json\/wp\/v2\/tags?post=4599"}],"curies":[{"name":"wp","href":"https:\/\/api.w.org\/{rel}","templated":true}]}}