{"id":460,"date":"2023-07-26T13:59:22","date_gmt":"2023-07-26T16:59:22","guid":{"rendered":"https:\/\/apuntesdesanluis.com\/?p=460"},"modified":"2023-07-26T14:00:33","modified_gmt":"2023-07-26T17:00:33","slug":"el-estado-provincial-no-es-la-guarida-de-los-corruptos-del-privilegio","status":"publish","type":"post","link":"https:\/\/apuntesdesanluis.com\/index.php\/2023\/07\/26\/el-estado-provincial-no-es-la-guarida-de-los-corruptos-del-privilegio\/","title":{"rendered":"\u201cEL ESTADO PROVINCIAL NO ES LA GUARIDA DE LOS CORRUPTOS DEL PRIVILEGIO\u201d"},"content":{"rendered":"<h3>Lo expres\u00f3 la corriente <strong>Somos Radicales<\/strong> en un comunicado, en el que manifest\u00f3 su \u201ctotal apoyo a lo manifestado por el Gobernador electo (Claudio Poggi), al tiempo que reafirm\u00f3 y ampli\u00f3 la denuncia \u201cde lo que est\u00e1 sucediendo en el Gobierno Provincial y no s\u00f3lo en el \u00e1mbito del Poder Ejecutivo y del Legislativo, sino tambi\u00e9n en el Poder Judicial\u201d.<\/h3>\n<h3>El sector radical record\u00f3 los \u201cnombramientos de m\u00faltiples Fiscales y dos Ministros del Superior Tribunal de Justicia, que s\u00f3lo reafirman la dependencia inaudita y repudiable de este Poder al Ejecutivo\u201d.<\/h3>\n<h3>Cuestion\u00f3 adem\u00e1s \u201cel nombramiento a pocos meses de asumir la nueva administraci\u00f3n del Fiscal De Estado y el Fiscal de Estado Adjutor, en personas \u00edntimamente ligadas al gobierno saliente y por lo tanto c\u00f3mplices de tantas violaciones a los derechos ciudadanos no respetados por el Ejecutivo y avalados por el Judicial siempre dependiente de Fiscal\u00eda de Estado\u201d.<\/h3>\n<h3>Sum\u00f3 tambi\u00e9n las \u201casignaciones presupuestarias ilegales que aseguran futuras obras p\u00fablicas innecesarias con el solo fin de comprometer por a\u00f1os el patrimonio provincial y permitir el cobro inmediato de las \u201ccomisiones\u201d de los funcionarios involucrados\u201d.<\/h3>\n<h3>\u201cSomos Radicales\u201d critic\u00f3 \u201cla permanencia en la Administraci\u00f3n de in\u00fatiles funcionarios que solo se han preocupado de su enriquecimiento il\u00edcito personal, sin importar el hambre de m\u00e1s del sesenta por ciento de nuestros ni\u00f1os sumidos en la pobreza, la falta de trabajo, de seguridad, de educaci\u00f3n y de salud\u201d.<\/h3>\n<h3>\u201cNo podemos permitir semejante corrupci\u00f3n y abuso y el pueblo debe movilizarse en defensa de su leg\u00edtimo gobierno y los ciudadanos tener la valent\u00eda de activar los mecanismos institucionales, para que se hagan las denuncias correspondientes y se activen las investigaciones que correspondan. S\u00f3lo as\u00ed habr\u00e1 Cambio en San Luis y s\u00f3lo as\u00ed cumpliremos con el mandato del Pueblo\u201d, concluye el pronunciamiento firmado por Miguel Angel Bonino, Roberto Pagano, H\u00e9ctor Teddy Casal, entre otros.<\/h3>\n","protected":false},"excerpt":{"rendered":"<p>Lo expres\u00f3 la corriente Somos Radicales en un comunicado, en el que manifest\u00f3 su \u201ctotal&#8230;<\/p>\n","protected":false},"author":1,"featured_media":461,"comment_status":"closed","ping_status":"closed","sticky":false,"template":"","format":"standard","meta":{"footnotes":""},"categories":[6],"tags":[],"class_list":["post-460","post","type-post","status-publish","format-standard","has-post-thumbnail","hentry","category-ciudad-provincia"],"yoast_head":"<!-- This site is optimized with the Yoast SEO plugin v26.1.1 - https:\/\/yoast.com\/wordpress\/plugins\/seo\/ -->\n<title>\u201cEL ESTADO PROVINCIAL NO ES LA GUARIDA DE LOS CORRUPTOS DEL PRIVILEGIO\u201d - Apuntes de San Luis<\/title>\n<meta name=\"robots\" content=\"index, follow, max-snippet:-1, max-image-preview:large, max-video-preview:-1\" \/>\n<link rel=\"canonical\" href=\"https:\/\/apuntesdesanluis.com\/index.php\/2023\/07\/26\/el-estado-provincial-no-es-la-guarida-de-los-corruptos-del-privilegio\/\" \/>\n<meta property=\"og:locale\" content=\"es_ES\" \/>\n<meta property=\"og:type\" content=\"article\" \/>\n<meta property=\"og:title\" content=\"\u201cEL ESTADO PROVINCIAL NO ES LA GUARIDA DE LOS CORRUPTOS DEL PRIVILEGIO\u201d - Apuntes de San Luis\" \/>\n<meta property=\"og:description\" content=\"Lo expres\u00f3 la corriente Somos Radicales en un comunicado, en el que manifest\u00f3 su \u201ctotal...\" \/>\n<meta property=\"og:url\" content=\"https:\/\/apuntesdesanluis.com\/index.php\/2023\/07\/26\/el-estado-provincial-no-es-la-guarida-de-los-corruptos-del-privilegio\/\" \/>\n<meta property=\"og:site_name\" content=\"Apuntes de San Luis\" \/>\n<meta property=\"article:published_time\" content=\"2023-07-26T16:59:22+00:00\" \/>\n<meta property=\"article:modified_time\" content=\"2023-07-26T17:00:33+00:00\" \/>\n<meta property=\"og:image\" content=\"https:\/\/apuntesdesanluis.com\/wp-content\/uploads\/2023\/07\/Somos-radicales.jpg\" \/>\n\t<meta property=\"og:image:width\" content=\"573\" \/>\n\t<meta property=\"og:image:height\" content=\"343\" \/>\n\t<meta property=\"og:image:type\" content=\"image\/jpeg\" \/>\n<meta name=\"author\" content=\"apuntesdesanluis.com\" \/>\n<meta name=\"twitter:card\" content=\"summary_large_image\" \/>\n<meta name=\"twitter:label1\" content=\"Escrito por\" \/>\n\t<meta name=\"twitter:data1\" content=\"apuntesdesanluis.com\" \/>\n\t<meta name=\"twitter:label2\" content=\"Tiempo de lectura\" \/>\n\t<meta name=\"twitter:data2\" content=\"2 minutos\" \/>\n<script type=\"application\/ld+json\" class=\"yoast-schema-graph\">{\"@context\":\"https:\/\/schema.org\",\"@graph\":[{\"@type\":\"Article\",\"@id\":\"https:\/\/apuntesdesanluis.com\/index.php\/2023\/07\/26\/el-estado-provincial-no-es-la-guarida-de-los-corruptos-del-privilegio\/#article\",\"isPartOf\":{\"@id\":\"https:\/\/apuntesdesanluis.com\/index.php\/2023\/07\/26\/el-estado-provincial-no-es-la-guarida-de-los-corruptos-del-privilegio\/\"},\"author\":{\"name\":\"apuntesdesanluis.com\",\"@id\":\"https:\/\/apuntesdesanluis.com\/#\/schema\/person\/b55151d52296fcce64d1a72538a70b90\"},\"headline\":\"\u201cEL ESTADO PROVINCIAL NO ES LA GUARIDA DE LOS CORRUPTOS DEL PRIVILEGIO\u201d\",\"datePublished\":\"2023-07-26T16:59:22+00:00\",\"dateModified\":\"2023-07-26T17:00:33+00:00\",\"mainEntityOfPage\":{\"@id\":\"https:\/\/apuntesdesanluis.com\/index.php\/2023\/07\/26\/el-estado-provincial-no-es-la-guarida-de-los-corruptos-del-privilegio\/\"},\"wordCount\":340,\"publisher\":{\"@id\":\"https:\/\/apuntesdesanluis.com\/#\/schema\/person\/b55151d52296fcce64d1a72538a70b90\"},\"image\":{\"@id\":\"https:\/\/apuntesdesanluis.com\/index.php\/2023\/07\/26\/el-estado-provincial-no-es-la-guarida-de-los-corruptos-del-privilegio\/#primaryimage\"},\"thumbnailUrl\":\"https:\/\/apuntesdesanluis.com\/wp-content\/uploads\/2023\/07\/Somos-radicales.jpg\",\"articleSection\":[\"Ciudad\/Provincia\"],\"inLanguage\":\"es-AR\"},{\"@type\":\"WebPage\",\"@id\":\"https:\/\/apuntesdesanluis.com\/index.php\/2023\/07\/26\/el-estado-provincial-no-es-la-guarida-de-los-corruptos-del-privilegio\/\",\"url\":\"https:\/\/apuntesdesanluis.com\/index.php\/2023\/07\/26\/el-estado-provincial-no-es-la-guarida-de-los-corruptos-del-privilegio\/\",\"name\":\"\u201cEL ESTADO PROVINCIAL NO ES LA GUARIDA DE LOS CORRUPTOS DEL PRIVILEGIO\u201d - Apuntes de San Luis\",\"isPartOf\":{\"@id\":\"https:\/\/apuntesdesanluis.com\/#website\"},\"primaryImageOfPage\":{\"@id\":\"https:\/\/apuntesdesanluis.com\/index.php\/2023\/07\/26\/el-estado-provincial-no-es-la-guarida-de-los-corruptos-del-privilegio\/#primaryimage\"},\"image\":{\"@id\":\"https:\/\/apuntesdesanluis.com\/index.php\/2023\/07\/26\/el-estado-provincial-no-es-la-guarida-de-los-corruptos-del-privilegio\/#primaryimage\"},\"thumbnailUrl\":\"https:\/\/apuntesdesanluis.com\/wp-content\/uploads\/2023\/07\/Somos-radicales.jpg\",\"datePublished\":\"2023-07-26T16:59:22+00:00\",\"dateModified\":\"2023-07-26T17:00:33+00:00\",\"breadcrumb\":{\"@id\":\"https:\/\/apuntesdesanluis.com\/index.php\/2023\/07\/26\/el-estado-provincial-no-es-la-guarida-de-los-corruptos-del-privilegio\/#breadcrumb\"},\"inLanguage\":\"es-AR\",\"potentialAction\":[{\"@type\":\"ReadAction\",\"target\":[\"https:\/\/apuntesdesanluis.com\/index.php\/2023\/07\/26\/el-estado-provincial-no-es-la-guarida-de-los-corruptos-del-privilegio\/\"]}]},{\"@type\":\"ImageObject\",\"inLanguage\":\"es-AR\",\"@id\":\"https:\/\/apuntesdesanluis.com\/index.php\/2023\/07\/26\/el-estado-provincial-no-es-la-guarida-de-los-corruptos-del-privilegio\/#primaryimage\",\"url\":\"https:\/\/apuntesdesanluis.com\/wp-content\/uploads\/2023\/07\/Somos-radicales.jpg\",\"contentUrl\":\"https:\/\/apuntesdesanluis.com\/wp-content\/uploads\/2023\/07\/Somos-radicales.jpg\",\"width\":573,\"height\":343},{\"@type\":\"BreadcrumbList\",\"@id\":\"https:\/\/apuntesdesanluis.com\/index.php\/2023\/07\/26\/el-estado-provincial-no-es-la-guarida-de-los-corruptos-del-privilegio\/#breadcrumb\",\"itemListElement\":[{\"@type\":\"ListItem\",\"position\":1,\"name\":\"Inicio\",\"item\":\"https:\/\/apuntesdesanluis.com\/\"},{\"@type\":\"ListItem\",\"position\":2,\"name\":\"\u201cEL ESTADO PROVINCIAL NO ES LA GUARIDA DE LOS CORRUPTOS DEL PRIVILEGIO\u201d\"}]},{\"@type\":\"WebSite\",\"@id\":\"https:\/\/apuntesdesanluis.com\/#website\",\"url\":\"https:\/\/apuntesdesanluis.com\/\",\"name\":\"Apuntes de San Luis\",\"description\":\"\",\"publisher\":{\"@id\":\"https:\/\/apuntesdesanluis.com\/#\/schema\/person\/b55151d52296fcce64d1a72538a70b90\"},\"potentialAction\":[{\"@type\":\"SearchAction\",\"target\":{\"@type\":\"EntryPoint\",\"urlTemplate\":\"https:\/\/apuntesdesanluis.com\/?s={search_term_string}\"},\"query-input\":{\"@type\":\"PropertyValueSpecification\",\"valueRequired\":true,\"valueName\":\"search_term_string\"}}],\"inLanguage\":\"es-AR\"},{\"@type\":[\"Person\",\"Organization\"],\"@id\":\"https:\/\/apuntesdesanluis.com\/#\/schema\/person\/b55151d52296fcce64d1a72538a70b90\",\"name\":\"apuntesdesanluis.com\",\"image\":{\"@type\":\"ImageObject\",\"inLanguage\":\"es-AR\",\"@id\":\"https:\/\/apuntesdesanluis.com\/#\/schema\/person\/image\/\",\"url\":\"https:\/\/apuntesdesanluis.com\/wp-content\/uploads\/2023\/07\/cropped-apuntesdesanluis.png\",\"contentUrl\":\"https:\/\/apuntesdesanluis.com\/wp-content\/uploads\/2023\/07\/cropped-apuntesdesanluis.png\",\"width\":450,\"height\":112,\"caption\":\"apuntesdesanluis.com\"},\"logo\":{\"@id\":\"https:\/\/apuntesdesanluis.com\/#\/schema\/person\/image\/\"},\"sameAs\":[\"https:\/\/apuntesdesanluis.com\"],\"url\":\"https:\/\/apuntesdesanluis.com\/index.php\/author\/apuntesdesanluis-com\/\"}]}<\/script>\n<!-- \/ Yoast SEO plugin. -->","yoast_head_json":{"title":"\u201cEL ESTADO PROVINCIAL NO ES LA GUARIDA DE LOS CORRUPTOS DEL PRIVILEGIO\u201d - Apuntes de San Luis","robots":{"index":"index","follow":"follow","max-snippet":"max-snippet:-1","max-image-preview":"max-image-preview:large","max-video-preview":"max-video-preview:-1"},"canonical":"https:\/\/apuntesdesanluis.com\/index.php\/2023\/07\/26\/el-estado-provincial-no-es-la-guarida-de-los-corruptos-del-privilegio\/","og_locale":"es_ES","og_type":"article","og_title":"\u201cEL ESTADO PROVINCIAL NO ES LA GUARIDA DE LOS CORRUPTOS DEL PRIVILEGIO\u201d - Apuntes de San Luis","og_description":"Lo expres\u00f3 la corriente Somos Radicales en un comunicado, en el que manifest\u00f3 su \u201ctotal...","og_url":"https:\/\/apuntesdesanluis.com\/index.php\/2023\/07\/26\/el-estado-provincial-no-es-la-guarida-de-los-corruptos-del-privilegio\/","og_site_name":"Apuntes de San Luis","article_published_time":"2023-07-26T16:59:22+00:00","article_modified_time":"2023-07-26T17:00:33+00:00","og_image":[{"width":573,"height":343,"url":"https:\/\/apuntesdesanluis.com\/wp-content\/uploads\/2023\/07\/Somos-radicales.jpg","type":"image\/jpeg"}],"author":"apuntesdesanluis.com","twitter_card":"summary_large_image","twitter_misc":{"Escrito por":"apuntesdesanluis.com","Tiempo de lectura":"2 minutos"},"schema":{"@context":"https:\/\/schema.org","@graph":[{"@type":"Article","@id":"https:\/\/apuntesdesanluis.com\/index.php\/2023\/07\/26\/el-estado-provincial-no-es-la-guarida-de-los-corruptos-del-privilegio\/#article","isPartOf":{"@id":"https:\/\/apuntesdesanluis.com\/index.php\/2023\/07\/26\/el-estado-provincial-no-es-la-guarida-de-los-corruptos-del-privilegio\/"},"author":{"name":"apuntesdesanluis.com","@id":"https:\/\/apuntesdesanluis.com\/#\/schema\/person\/b55151d52296fcce64d1a72538a70b90"},"headline":"\u201cEL ESTADO PROVINCIAL NO ES LA GUARIDA DE LOS CORRUPTOS DEL PRIVILEGIO\u201d","datePublished":"2023-07-26T16:59:22+00:00","dateModified":"2023-07-26T17:00:33+00:00","mainEntityOfPage":{"@id":"https:\/\/apuntesdesanluis.com\/index.php\/2023\/07\/26\/el-estado-provincial-no-es-la-guarida-de-los-corruptos-del-privilegio\/"},"wordCount":340,"publisher":{"@id":"https:\/\/apuntesdesanluis.com\/#\/schema\/person\/b55151d52296fcce64d1a72538a70b90"},"image":{"@id":"https:\/\/apuntesdesanluis.com\/index.php\/2023\/07\/26\/el-estado-provincial-no-es-la-guarida-de-los-corruptos-del-privilegio\/#primaryimage"},"thumbnailUrl":"https:\/\/apuntesdesanluis.com\/wp-content\/uploads\/2023\/07\/Somos-radicales.jpg","articleSection":["Ciudad\/Provincia"],"inLanguage":"es-AR"},{"@type":"WebPage","@id":"https:\/\/apuntesdesanluis.com\/index.php\/2023\/07\/26\/el-estado-provincial-no-es-la-guarida-de-los-corruptos-del-privilegio\/","url":"https:\/\/apuntesdesanluis.com\/index.php\/2023\/07\/26\/el-estado-provincial-no-es-la-guarida-de-los-corruptos-del-privilegio\/","name":"\u201cEL ESTADO PROVINCIAL NO ES LA GUARIDA DE LOS CORRUPTOS DEL PRIVILEGIO\u201d - Apuntes de San Luis","isPartOf":{"@id":"https:\/\/apuntesdesanluis.com\/#website"},"primaryImageOfPage":{"@id":"https:\/\/apuntesdesanluis.com\/index.php\/2023\/07\/26\/el-estado-provincial-no-es-la-guarida-de-los-corruptos-del-privilegio\/#primaryimage"},"image":{"@id":"https:\/\/apuntesdesanluis.com\/index.php\/2023\/07\/26\/el-estado-provincial-no-es-la-guarida-de-los-corruptos-del-privilegio\/#primaryimage"},"thumbnailUrl":"https:\/\/apuntesdesanluis.com\/wp-content\/uploads\/2023\/07\/Somos-radicales.jpg","datePublished":"2023-07-26T16:59:22+00:00","dateModified":"2023-07-26T17:00:33+00:00","breadcrumb":{"@id":"https:\/\/apuntesdesanluis.com\/index.php\/2023\/07\/26\/el-estado-provincial-no-es-la-guarida-de-los-corruptos-del-privilegio\/#breadcrumb"},"inLanguage":"es-AR","potentialAction":[{"@type":"ReadAction","target":["https:\/\/apuntesdesanluis.com\/index.php\/2023\/07\/26\/el-estado-provincial-no-es-la-guarida-de-los-corruptos-del-privilegio\/"]}]},{"@type":"ImageObject","inLanguage":"es-AR","@id":"https:\/\/apuntesdesanluis.com\/index.php\/2023\/07\/26\/el-estado-provincial-no-es-la-guarida-de-los-corruptos-del-privilegio\/#primaryimage","url":"https:\/\/apuntesdesanluis.com\/wp-content\/uploads\/2023\/07\/Somos-radicales.jpg","contentUrl":"https:\/\/apuntesdesanluis.com\/wp-content\/uploads\/2023\/07\/Somos-radicales.jpg","width":573,"height":343},{"@type":"BreadcrumbList","@id":"https:\/\/apuntesdesanluis.com\/index.php\/2023\/07\/26\/el-estado-provincial-no-es-la-guarida-de-los-corruptos-del-privilegio\/#breadcrumb","itemListElement":[{"@type":"ListItem","position":1,"name":"Inicio","item":"https:\/\/apuntesdesanluis.com\/"},{"@type":"ListItem","position":2,"name":"\u201cEL ESTADO PROVINCIAL NO ES LA GUARIDA DE LOS CORRUPTOS DEL PRIVILEGIO\u201d"}]},{"@type":"WebSite","@id":"https:\/\/apuntesdesanluis.com\/#website","url":"https:\/\/apuntesdesanluis.com\/","name":"Apuntes de San Luis","description":"","publisher":{"@id":"https:\/\/apuntesdesanluis.com\/#\/schema\/person\/b55151d52296fcce64d1a72538a70b90"},"potentialAction":[{"@type":"SearchAction","target":{"@type":"EntryPoint","urlTemplate":"https:\/\/apuntesdesanluis.com\/?s={search_term_string}"},"query-input":{"@type":"PropertyValueSpecification","valueRequired":true,"valueName":"search_term_string"}}],"inLanguage":"es-AR"},{"@type":["Person","Organization"],"@id":"https:\/\/apuntesdesanluis.com\/#\/schema\/person\/b55151d52296fcce64d1a72538a70b90","name":"apuntesdesanluis.com","image":{"@type":"ImageObject","inLanguage":"es-AR","@id":"https:\/\/apuntesdesanluis.com\/#\/schema\/person\/image\/","url":"https:\/\/apuntesdesanluis.com\/wp-content\/uploads\/2023\/07\/cropped-apuntesdesanluis.png","contentUrl":"https:\/\/apuntesdesanluis.com\/wp-content\/uploads\/2023\/07\/cropped-apuntesdesanluis.png","width":450,"height":112,"caption":"apuntesdesanluis.com"},"logo":{"@id":"https:\/\/apuntesdesanluis.com\/#\/schema\/person\/image\/"},"sameAs":["https:\/\/apuntesdesanluis.com"],"url":"https:\/\/apuntesdesanluis.com\/index.php\/author\/apuntesdesanluis-com\/"}]}},"featured_image_urls":{"full":["https:\/\/apuntesdesanluis.com\/wp-content\/uploads\/2023\/07\/Somos-radicales.jpg",573,343,false],"thumbnail":["https:\/\/apuntesdesanluis.com\/wp-content\/uploads\/2023\/07\/Somos-radicales-150x150.jpg",150,150,true],"medium":["https:\/\/apuntesdesanluis.com\/wp-content\/uploads\/2023\/07\/Somos-radicales-300x180.jpg",300,180,true],"medium_large":["https:\/\/apuntesdesanluis.com\/wp-content\/uploads\/2023\/07\/Somos-radicales.jpg",573,343,false],"large":["https:\/\/apuntesdesanluis.com\/wp-content\/uploads\/2023\/07\/Somos-radicales.jpg",573,343,false],"1536x1536":["https:\/\/apuntesdesanluis.com\/wp-content\/uploads\/2023\/07\/Somos-radicales.jpg",573,343,false],"2048x2048":["https:\/\/apuntesdesanluis.com\/wp-content\/uploads\/2023\/07\/Somos-radicales.jpg",573,343,false],"newsever-slider-full":["https:\/\/apuntesdesanluis.com\/wp-content\/uploads\/2023\/07\/Somos-radicales.jpg",573,343,false],"newsever-featured":["https:\/\/apuntesdesanluis.com\/wp-content\/uploads\/2023\/07\/Somos-radicales.jpg",573,343,false],"newsever-medium":["https:\/\/apuntesdesanluis.com\/wp-content\/uploads\/2023\/07\/Somos-radicales.jpg",573,343,false]},"author_info":{"display_name":"apuntesdesanluis.com","author_link":"https:\/\/apuntesdesanluis.com\/index.php\/author\/apuntesdesanluis-com\/"},"category_info":"<a href=\"https:\/\/apuntesdesanluis.com\/index.php\/category\/ciudad-provincia\/\" rel=\"category tag\">Ciudad\/Provincia<\/a>","tag_info":"Ciudad\/Provincia","comment_count":"0","_links":{"self":[{"href":"https:\/\/apuntesdesanluis.com\/index.php\/wp-json\/wp\/v2\/posts\/460","targetHints":{"allow":["GET"]}}],"collection":[{"href":"https:\/\/apuntesdesanluis.com\/index.php\/wp-json\/wp\/v2\/posts"}],"about":[{"href":"https:\/\/apuntesdesanluis.com\/index.php\/wp-json\/wp\/v2\/types\/post"}],"author":[{"embeddable":true,"href":"https:\/\/apuntesdesanluis.com\/index.php\/wp-json\/wp\/v2\/users\/1"}],"replies":[{"embeddable":true,"href":"https:\/\/apuntesdesanluis.com\/index.php\/wp-json\/wp\/v2\/comments?post=460"}],"version-history":[{"count":3,"href":"https:\/\/apuntesdesanluis.com\/index.php\/wp-json\/wp\/v2\/posts\/460\/revisions"}],"predecessor-version":[{"id":464,"href":"https:\/\/apuntesdesanluis.com\/index.php\/wp-json\/wp\/v2\/posts\/460\/revisions\/464"}],"wp:featuredmedia":[{"embeddable":true,"href":"https:\/\/apuntesdesanluis.com\/index.php\/wp-json\/wp\/v2\/media\/461"}],"wp:attachment":[{"href":"https:\/\/apuntesdesanluis.com\/index.php\/wp-json\/wp\/v2\/media?parent=460"}],"wp:term":[{"taxonomy":"category","embeddable":true,"href":"https:\/\/apuntesdesanluis.com\/index.php\/wp-json\/wp\/v2\/categories?post=460"},{"taxonomy":"post_tag","embeddable":true,"href":"https:\/\/apuntesdesanluis.com\/index.php\/wp-json\/wp\/v2\/tags?post=460"}],"curies":[{"name":"wp","href":"https:\/\/api.w.org\/{rel}","templated":true}]}}