{"id":4615,"date":"2023-10-04T23:39:42","date_gmt":"2023-10-05T02:39:42","guid":{"rendered":"https:\/\/apuntesdesanluis.com\/?p=4615"},"modified":"2023-10-04T23:39:42","modified_gmt":"2023-10-05T02:39:42","slug":"fallecio-jaquelin-carrieri-ex-reina-de-la-vendimia-de-mendoza-luego-de-someterse-a-una-cirugia-estetica","status":"publish","type":"post","link":"https:\/\/apuntesdesanluis.com\/index.php\/2023\/10\/04\/fallecio-jaquelin-carrieri-ex-reina-de-la-vendimia-de-mendoza-luego-de-someterse-a-una-cirugia-estetica\/","title":{"rendered":"FALLECI\u00d3 JAQUELIN CARRIERI, EX REINA DE LA VENDIMIA DE MENDOZA, LUEGO DE SOMETERSE A UNA CIRUG\u00cdA EST\u00c9TICA"},"content":{"rendered":"<h3><strong>Jaquelin Carrieri<\/strong>, ex reina de la Vendimia del departamento mendocino de San Rafael, falleci\u00f3 el pasado lunes en la ciudad de Los \u00c1ngeles, California, debido a un derrame cerebral que se presume que fue causado por una cirug\u00eda est\u00e9tica.<\/h3>\n<h3>Carrieri, reconocida por su carrera como actriz, represent\u00f3 al distrito de Punta del Agua y fue elegida Virreina Departamental en 1996. Viv\u00eda en Estados Unidos junto a sus dos hijos menores, y esta semana habr\u00eda cumplido 49 a\u00f1os.<\/h3>\n<h3>La noticia de su muerte fue dada a conocer por sus seres queridos, quienes informaron que Jaquelin se someti\u00f3 a una intervenci\u00f3n quir\u00fargica y que una complicaci\u00f3n \u201cle gener\u00f3 un co\u00e1gulo que se llev\u00f3 su vida\u201d, seg\u00fan informaci\u00f3n de medios locales.<\/h3>\n<h3>\u201cEra una mujer due\u00f1a de un talento, siendo actriz de una de las obras de nuestro departamento que se desarrollaba en el teatro Roma hasta hace poco d\u00edas atr\u00e1s\u201d, la recordaron desde el sitio Reinas Vendimiales San Rafael Mendoza.<\/h3>\n<p><img fetchpriority=\"high\" decoding=\"async\" class=\"wp-image-4617 aligncenter\" src=\"https:\/\/apuntesdesanluis.com\/wp-content\/uploads\/2023\/10\/reina-300x120.png\" alt=\"\" width=\"725\" height=\"290\" srcset=\"https:\/\/apuntesdesanluis.com\/wp-content\/uploads\/2023\/10\/reina-300x120.png 300w, https:\/\/apuntesdesanluis.com\/wp-content\/uploads\/2023\/10\/reina.png 600w\" sizes=\"(max-width: 725px) 100vw, 725px\" \/><\/p>\n<h3>Jaquelin tambi\u00e9n contaba con su propia boutique de ropa, una reconocida tienda de alta costura que en pandemia debi\u00f3 cerrar sus puertas. \u201cFue la encargada de vestir a las reinas de San Rafael mandato cumplido por muchos a\u00f1os, haciendo lucir sus vestidos en la v\u00eda blanca y carrusel de Vendimia Nacional\u201d, indica el comunicado de las ex soberanas mendocinas.<\/h3>\n<h3>\u201cLa sanrafaelina muri\u00f3 en Los \u00c1ngeles, California, debido a un derrame que le habr\u00eda ocasionado una operaci\u00f3n est\u00e9tica\u201d, agregaron.<\/h3>\n<h3>\u201c\u00a1Descansa en paz su majestad!\u201d, la despidieron por su parte desde el sitio San Rafael Vendimia.<\/h3>\n<h3>En su cuenta de Facebook, Vanesa Lana, una de sus amigas, escribi\u00f3: \u201c\u00a1No lo puedo creer, no caigo! \u00bfVos te ten\u00edas que ir? Una persona tan hermosa, tan llena de vida. La vida es muy injusta, ay querida Jaqui, me quedan todos tus recuerdos, tus consejos, las risas, los llantos, los hermosos momentos compartidos arriba del escenario haciendo lo que amamos! Gracias, gracias por todo Jaqui, \u00a1siempre vas a estar en mi coraz\u00f3n! \u00a1Segu\u00ed llenando de glamour el cielo!\u201d.<\/h3>\n<h3>En tanto, Jorgelina Olivera, otra de las allegadas de la actriz, le dedic\u00f3 otro sentido mensaje: \u201cTodos los que tuvimos el placer de conocerte y compartir con vos en alg\u00fan momento de nuestras vidas sabemos lo maravillosa persona que fuiste, una mujer bella en todo sentido, siempre con tu sonrisa y tu glamour. Sinceramente tu partida me tom\u00f3 de sorpresa e incluso todav\u00eda no termino de creerlo. Gracias, mil gracias por haber llegado a mi vida y pintarla de tanta alegr\u00eda y felicidad. Compartir con vos fue un placer y estar\u00e9 eternamente agradecida que Dios te reciba en su gloria, y no es un adi\u00f3s sino un hasta pronto mi bella y querida Jaquelin\u201d.<\/h3>\n<h3>El fallecimiento de la exreina de la Vendimia de San Rafael se da a conocer a m\u00e1s de un mes de la muerte de Silvina Luna, quien muri\u00f3 el pasado 31 de agosto en el Hospital Italiano, en el barrio porte\u00f1o de Almagro. La modelo sufr\u00eda de una insuficiencia renal aguda producto de una mala praxis en una operaci\u00f3n est\u00e9tica realizada por el doctor An\u00edbal Lotocki en 2011 y aguardaba un trasplante de ri\u00f1\u00f3n, que se demor\u00f3 tras haber contra\u00eddo una bacteria que deriv\u00f3 en su internaci\u00f3n durante dos meses y medio.<\/h3>\n","protected":false},"excerpt":{"rendered":"<p>Jaquelin Carrieri, ex reina de la Vendimia del departamento mendocino de San Rafael, falleci\u00f3 el&#8230;<\/p>\n","protected":false},"author":1,"featured_media":4616,"comment_status":"closed","ping_status":"closed","sticky":false,"template":"","format":"standard","meta":{"footnotes":""},"categories":[5],"tags":[],"class_list":["post-4615","post","type-post","status-publish","format-standard","has-post-thumbnail","hentry","category-nacionales-internacionales"],"yoast_head":"<!-- This site is optimized with the Yoast SEO plugin v26.1.1 - https:\/\/yoast.com\/wordpress\/plugins\/seo\/ -->\n<title>FALLECI\u00d3 JAQUELIN CARRIERI, EX REINA DE LA VENDIMIA DE MENDOZA, LUEGO DE SOMETERSE A UNA CIRUG\u00cdA EST\u00c9TICA - Apuntes de San Luis<\/title>\n<meta name=\"robots\" content=\"index, follow, max-snippet:-1, max-image-preview:large, max-video-preview:-1\" \/>\n<link rel=\"canonical\" href=\"https:\/\/apuntesdesanluis.com\/index.php\/2023\/10\/04\/fallecio-jaquelin-carrieri-ex-reina-de-la-vendimia-de-mendoza-luego-de-someterse-a-una-cirugia-estetica\/\" \/>\n<meta property=\"og:locale\" content=\"es_ES\" \/>\n<meta property=\"og:type\" content=\"article\" \/>\n<meta property=\"og:title\" content=\"FALLECI\u00d3 JAQUELIN CARRIERI, EX REINA DE LA VENDIMIA DE MENDOZA, LUEGO DE SOMETERSE A UNA CIRUG\u00cdA EST\u00c9TICA - Apuntes de San Luis\" \/>\n<meta property=\"og:description\" content=\"Jaquelin Carrieri, ex reina de la Vendimia del departamento mendocino de San Rafael, falleci\u00f3 el...\" \/>\n<meta property=\"og:url\" content=\"https:\/\/apuntesdesanluis.com\/index.php\/2023\/10\/04\/fallecio-jaquelin-carrieri-ex-reina-de-la-vendimia-de-mendoza-luego-de-someterse-a-una-cirugia-estetica\/\" \/>\n<meta property=\"og:site_name\" content=\"Apuntes de San Luis\" \/>\n<meta property=\"article:published_time\" content=\"2023-10-05T02:39:42+00:00\" \/>\n<meta property=\"og:image\" content=\"https:\/\/apuntesdesanluis.com\/wp-content\/uploads\/2023\/10\/jaquiline.png\" \/>\n\t<meta property=\"og:image:width\" content=\"600\" \/>\n\t<meta property=\"og:image:height\" content=\"370\" \/>\n\t<meta property=\"og:image:type\" content=\"image\/png\" \/>\n<meta name=\"author\" content=\"apuntesdesanluis.com\" \/>\n<meta name=\"twitter:card\" content=\"summary_large_image\" \/>\n<meta name=\"twitter:label1\" content=\"Escrito por\" \/>\n\t<meta name=\"twitter:data1\" content=\"apuntesdesanluis.com\" \/>\n\t<meta name=\"twitter:label2\" content=\"Tiempo de lectura\" \/>\n\t<meta name=\"twitter:data2\" content=\"3 minutos\" \/>\n<script type=\"application\/ld+json\" class=\"yoast-schema-graph\">{\"@context\":\"https:\/\/schema.org\",\"@graph\":[{\"@type\":\"Article\",\"@id\":\"https:\/\/apuntesdesanluis.com\/index.php\/2023\/10\/04\/fallecio-jaquelin-carrieri-ex-reina-de-la-vendimia-de-mendoza-luego-de-someterse-a-una-cirugia-estetica\/#article\",\"isPartOf\":{\"@id\":\"https:\/\/apuntesdesanluis.com\/index.php\/2023\/10\/04\/fallecio-jaquelin-carrieri-ex-reina-de-la-vendimia-de-mendoza-luego-de-someterse-a-una-cirugia-estetica\/\"},\"author\":{\"name\":\"apuntesdesanluis.com\",\"@id\":\"https:\/\/apuntesdesanluis.com\/#\/schema\/person\/b55151d52296fcce64d1a72538a70b90\"},\"headline\":\"FALLECI\u00d3 JAQUELIN CARRIERI, EX REINA DE LA VENDIMIA DE MENDOZA, LUEGO DE SOMETERSE A UNA CIRUG\u00cdA EST\u00c9TICA\",\"datePublished\":\"2023-10-05T02:39:42+00:00\",\"mainEntityOfPage\":{\"@id\":\"https:\/\/apuntesdesanluis.com\/index.php\/2023\/10\/04\/fallecio-jaquelin-carrieri-ex-reina-de-la-vendimia-de-mendoza-luego-de-someterse-a-una-cirugia-estetica\/\"},\"wordCount\":586,\"publisher\":{\"@id\":\"https:\/\/apuntesdesanluis.com\/#\/schema\/person\/b55151d52296fcce64d1a72538a70b90\"},\"image\":{\"@id\":\"https:\/\/apuntesdesanluis.com\/index.php\/2023\/10\/04\/fallecio-jaquelin-carrieri-ex-reina-de-la-vendimia-de-mendoza-luego-de-someterse-a-una-cirugia-estetica\/#primaryimage\"},\"thumbnailUrl\":\"https:\/\/apuntesdesanluis.com\/wp-content\/uploads\/2023\/10\/jaquiline.png\",\"articleSection\":[\"Nacionales\/Internacionales\"],\"inLanguage\":\"es-AR\"},{\"@type\":\"WebPage\",\"@id\":\"https:\/\/apuntesdesanluis.com\/index.php\/2023\/10\/04\/fallecio-jaquelin-carrieri-ex-reina-de-la-vendimia-de-mendoza-luego-de-someterse-a-una-cirugia-estetica\/\",\"url\":\"https:\/\/apuntesdesanluis.com\/index.php\/2023\/10\/04\/fallecio-jaquelin-carrieri-ex-reina-de-la-vendimia-de-mendoza-luego-de-someterse-a-una-cirugia-estetica\/\",\"name\":\"FALLECI\u00d3 JAQUELIN CARRIERI, EX REINA DE LA VENDIMIA DE MENDOZA, LUEGO DE SOMETERSE A UNA CIRUG\u00cdA EST\u00c9TICA - Apuntes de San Luis\",\"isPartOf\":{\"@id\":\"https:\/\/apuntesdesanluis.com\/#website\"},\"primaryImageOfPage\":{\"@id\":\"https:\/\/apuntesdesanluis.com\/index.php\/2023\/10\/04\/fallecio-jaquelin-carrieri-ex-reina-de-la-vendimia-de-mendoza-luego-de-someterse-a-una-cirugia-estetica\/#primaryimage\"},\"image\":{\"@id\":\"https:\/\/apuntesdesanluis.com\/index.php\/2023\/10\/04\/fallecio-jaquelin-carrieri-ex-reina-de-la-vendimia-de-mendoza-luego-de-someterse-a-una-cirugia-estetica\/#primaryimage\"},\"thumbnailUrl\":\"https:\/\/apuntesdesanluis.com\/wp-content\/uploads\/2023\/10\/jaquiline.png\",\"datePublished\":\"2023-10-05T02:39:42+00:00\",\"breadcrumb\":{\"@id\":\"https:\/\/apuntesdesanluis.com\/index.php\/2023\/10\/04\/fallecio-jaquelin-carrieri-ex-reina-de-la-vendimia-de-mendoza-luego-de-someterse-a-una-cirugia-estetica\/#breadcrumb\"},\"inLanguage\":\"es-AR\",\"potentialAction\":[{\"@type\":\"ReadAction\",\"target\":[\"https:\/\/apuntesdesanluis.com\/index.php\/2023\/10\/04\/fallecio-jaquelin-carrieri-ex-reina-de-la-vendimia-de-mendoza-luego-de-someterse-a-una-cirugia-estetica\/\"]}]},{\"@type\":\"ImageObject\",\"inLanguage\":\"es-AR\",\"@id\":\"https:\/\/apuntesdesanluis.com\/index.php\/2023\/10\/04\/fallecio-jaquelin-carrieri-ex-reina-de-la-vendimia-de-mendoza-luego-de-someterse-a-una-cirugia-estetica\/#primaryimage\",\"url\":\"https:\/\/apuntesdesanluis.com\/wp-content\/uploads\/2023\/10\/jaquiline.png\",\"contentUrl\":\"https:\/\/apuntesdesanluis.com\/wp-content\/uploads\/2023\/10\/jaquiline.png\",\"width\":600,\"height\":370},{\"@type\":\"BreadcrumbList\",\"@id\":\"https:\/\/apuntesdesanluis.com\/index.php\/2023\/10\/04\/fallecio-jaquelin-carrieri-ex-reina-de-la-vendimia-de-mendoza-luego-de-someterse-a-una-cirugia-estetica\/#breadcrumb\",\"itemListElement\":[{\"@type\":\"ListItem\",\"position\":1,\"name\":\"Inicio\",\"item\":\"https:\/\/apuntesdesanluis.com\/\"},{\"@type\":\"ListItem\",\"position\":2,\"name\":\"FALLECI\u00d3 JAQUELIN CARRIERI, EX REINA DE LA VENDIMIA DE MENDOZA, LUEGO DE SOMETERSE A UNA CIRUG\u00cdA EST\u00c9TICA\"}]},{\"@type\":\"WebSite\",\"@id\":\"https:\/\/apuntesdesanluis.com\/#website\",\"url\":\"https:\/\/apuntesdesanluis.com\/\",\"name\":\"Apuntes de San Luis\",\"description\":\"\",\"publisher\":{\"@id\":\"https:\/\/apuntesdesanluis.com\/#\/schema\/person\/b55151d52296fcce64d1a72538a70b90\"},\"potentialAction\":[{\"@type\":\"SearchAction\",\"target\":{\"@type\":\"EntryPoint\",\"urlTemplate\":\"https:\/\/apuntesdesanluis.com\/?s={search_term_string}\"},\"query-input\":{\"@type\":\"PropertyValueSpecification\",\"valueRequired\":true,\"valueName\":\"search_term_string\"}}],\"inLanguage\":\"es-AR\"},{\"@type\":[\"Person\",\"Organization\"],\"@id\":\"https:\/\/apuntesdesanluis.com\/#\/schema\/person\/b55151d52296fcce64d1a72538a70b90\",\"name\":\"apuntesdesanluis.com\",\"image\":{\"@type\":\"ImageObject\",\"inLanguage\":\"es-AR\",\"@id\":\"https:\/\/apuntesdesanluis.com\/#\/schema\/person\/image\/\",\"url\":\"https:\/\/apuntesdesanluis.com\/wp-content\/uploads\/2023\/07\/cropped-apuntesdesanluis.png\",\"contentUrl\":\"https:\/\/apuntesdesanluis.com\/wp-content\/uploads\/2023\/07\/cropped-apuntesdesanluis.png\",\"width\":450,\"height\":112,\"caption\":\"apuntesdesanluis.com\"},\"logo\":{\"@id\":\"https:\/\/apuntesdesanluis.com\/#\/schema\/person\/image\/\"},\"sameAs\":[\"https:\/\/apuntesdesanluis.com\"],\"url\":\"https:\/\/apuntesdesanluis.com\/index.php\/author\/apuntesdesanluis-com\/\"}]}<\/script>\n<!-- \/ Yoast SEO plugin. -->","yoast_head_json":{"title":"FALLECI\u00d3 JAQUELIN CARRIERI, EX REINA DE LA VENDIMIA DE MENDOZA, LUEGO DE SOMETERSE A UNA CIRUG\u00cdA EST\u00c9TICA - Apuntes de San Luis","robots":{"index":"index","follow":"follow","max-snippet":"max-snippet:-1","max-image-preview":"max-image-preview:large","max-video-preview":"max-video-preview:-1"},"canonical":"https:\/\/apuntesdesanluis.com\/index.php\/2023\/10\/04\/fallecio-jaquelin-carrieri-ex-reina-de-la-vendimia-de-mendoza-luego-de-someterse-a-una-cirugia-estetica\/","og_locale":"es_ES","og_type":"article","og_title":"FALLECI\u00d3 JAQUELIN CARRIERI, EX REINA DE LA VENDIMIA DE MENDOZA, LUEGO DE SOMETERSE A UNA CIRUG\u00cdA EST\u00c9TICA - Apuntes de San Luis","og_description":"Jaquelin Carrieri, ex reina de la Vendimia del departamento mendocino de San Rafael, falleci\u00f3 el...","og_url":"https:\/\/apuntesdesanluis.com\/index.php\/2023\/10\/04\/fallecio-jaquelin-carrieri-ex-reina-de-la-vendimia-de-mendoza-luego-de-someterse-a-una-cirugia-estetica\/","og_site_name":"Apuntes de San Luis","article_published_time":"2023-10-05T02:39:42+00:00","og_image":[{"width":600,"height":370,"url":"https:\/\/apuntesdesanluis.com\/wp-content\/uploads\/2023\/10\/jaquiline.png","type":"image\/png"}],"author":"apuntesdesanluis.com","twitter_card":"summary_large_image","twitter_misc":{"Escrito por":"apuntesdesanluis.com","Tiempo de lectura":"3 minutos"},"schema":{"@context":"https:\/\/schema.org","@graph":[{"@type":"Article","@id":"https:\/\/apuntesdesanluis.com\/index.php\/2023\/10\/04\/fallecio-jaquelin-carrieri-ex-reina-de-la-vendimia-de-mendoza-luego-de-someterse-a-una-cirugia-estetica\/#article","isPartOf":{"@id":"https:\/\/apuntesdesanluis.com\/index.php\/2023\/10\/04\/fallecio-jaquelin-carrieri-ex-reina-de-la-vendimia-de-mendoza-luego-de-someterse-a-una-cirugia-estetica\/"},"author":{"name":"apuntesdesanluis.com","@id":"https:\/\/apuntesdesanluis.com\/#\/schema\/person\/b55151d52296fcce64d1a72538a70b90"},"headline":"FALLECI\u00d3 JAQUELIN CARRIERI, EX REINA DE LA VENDIMIA DE MENDOZA, LUEGO DE SOMETERSE A UNA CIRUG\u00cdA EST\u00c9TICA","datePublished":"2023-10-05T02:39:42+00:00","mainEntityOfPage":{"@id":"https:\/\/apuntesdesanluis.com\/index.php\/2023\/10\/04\/fallecio-jaquelin-carrieri-ex-reina-de-la-vendimia-de-mendoza-luego-de-someterse-a-una-cirugia-estetica\/"},"wordCount":586,"publisher":{"@id":"https:\/\/apuntesdesanluis.com\/#\/schema\/person\/b55151d52296fcce64d1a72538a70b90"},"image":{"@id":"https:\/\/apuntesdesanluis.com\/index.php\/2023\/10\/04\/fallecio-jaquelin-carrieri-ex-reina-de-la-vendimia-de-mendoza-luego-de-someterse-a-una-cirugia-estetica\/#primaryimage"},"thumbnailUrl":"https:\/\/apuntesdesanluis.com\/wp-content\/uploads\/2023\/10\/jaquiline.png","articleSection":["Nacionales\/Internacionales"],"inLanguage":"es-AR"},{"@type":"WebPage","@id":"https:\/\/apuntesdesanluis.com\/index.php\/2023\/10\/04\/fallecio-jaquelin-carrieri-ex-reina-de-la-vendimia-de-mendoza-luego-de-someterse-a-una-cirugia-estetica\/","url":"https:\/\/apuntesdesanluis.com\/index.php\/2023\/10\/04\/fallecio-jaquelin-carrieri-ex-reina-de-la-vendimia-de-mendoza-luego-de-someterse-a-una-cirugia-estetica\/","name":"FALLECI\u00d3 JAQUELIN CARRIERI, EX REINA DE LA VENDIMIA DE MENDOZA, LUEGO DE SOMETERSE A UNA CIRUG\u00cdA EST\u00c9TICA - Apuntes de San Luis","isPartOf":{"@id":"https:\/\/apuntesdesanluis.com\/#website"},"primaryImageOfPage":{"@id":"https:\/\/apuntesdesanluis.com\/index.php\/2023\/10\/04\/fallecio-jaquelin-carrieri-ex-reina-de-la-vendimia-de-mendoza-luego-de-someterse-a-una-cirugia-estetica\/#primaryimage"},"image":{"@id":"https:\/\/apuntesdesanluis.com\/index.php\/2023\/10\/04\/fallecio-jaquelin-carrieri-ex-reina-de-la-vendimia-de-mendoza-luego-de-someterse-a-una-cirugia-estetica\/#primaryimage"},"thumbnailUrl":"https:\/\/apuntesdesanluis.com\/wp-content\/uploads\/2023\/10\/jaquiline.png","datePublished":"2023-10-05T02:39:42+00:00","breadcrumb":{"@id":"https:\/\/apuntesdesanluis.com\/index.php\/2023\/10\/04\/fallecio-jaquelin-carrieri-ex-reina-de-la-vendimia-de-mendoza-luego-de-someterse-a-una-cirugia-estetica\/#breadcrumb"},"inLanguage":"es-AR","potentialAction":[{"@type":"ReadAction","target":["https:\/\/apuntesdesanluis.com\/index.php\/2023\/10\/04\/fallecio-jaquelin-carrieri-ex-reina-de-la-vendimia-de-mendoza-luego-de-someterse-a-una-cirugia-estetica\/"]}]},{"@type":"ImageObject","inLanguage":"es-AR","@id":"https:\/\/apuntesdesanluis.com\/index.php\/2023\/10\/04\/fallecio-jaquelin-carrieri-ex-reina-de-la-vendimia-de-mendoza-luego-de-someterse-a-una-cirugia-estetica\/#primaryimage","url":"https:\/\/apuntesdesanluis.com\/wp-content\/uploads\/2023\/10\/jaquiline.png","contentUrl":"https:\/\/apuntesdesanluis.com\/wp-content\/uploads\/2023\/10\/jaquiline.png","width":600,"height":370},{"@type":"BreadcrumbList","@id":"https:\/\/apuntesdesanluis.com\/index.php\/2023\/10\/04\/fallecio-jaquelin-carrieri-ex-reina-de-la-vendimia-de-mendoza-luego-de-someterse-a-una-cirugia-estetica\/#breadcrumb","itemListElement":[{"@type":"ListItem","position":1,"name":"Inicio","item":"https:\/\/apuntesdesanluis.com\/"},{"@type":"ListItem","position":2,"name":"FALLECI\u00d3 JAQUELIN CARRIERI, EX REINA DE LA VENDIMIA DE MENDOZA, LUEGO DE SOMETERSE A UNA CIRUG\u00cdA EST\u00c9TICA"}]},{"@type":"WebSite","@id":"https:\/\/apuntesdesanluis.com\/#website","url":"https:\/\/apuntesdesanluis.com\/","name":"Apuntes de San Luis","description":"","publisher":{"@id":"https:\/\/apuntesdesanluis.com\/#\/schema\/person\/b55151d52296fcce64d1a72538a70b90"},"potentialAction":[{"@type":"SearchAction","target":{"@type":"EntryPoint","urlTemplate":"https:\/\/apuntesdesanluis.com\/?s={search_term_string}"},"query-input":{"@type":"PropertyValueSpecification","valueRequired":true,"valueName":"search_term_string"}}],"inLanguage":"es-AR"},{"@type":["Person","Organization"],"@id":"https:\/\/apuntesdesanluis.com\/#\/schema\/person\/b55151d52296fcce64d1a72538a70b90","name":"apuntesdesanluis.com","image":{"@type":"ImageObject","inLanguage":"es-AR","@id":"https:\/\/apuntesdesanluis.com\/#\/schema\/person\/image\/","url":"https:\/\/apuntesdesanluis.com\/wp-content\/uploads\/2023\/07\/cropped-apuntesdesanluis.png","contentUrl":"https:\/\/apuntesdesanluis.com\/wp-content\/uploads\/2023\/07\/cropped-apuntesdesanluis.png","width":450,"height":112,"caption":"apuntesdesanluis.com"},"logo":{"@id":"https:\/\/apuntesdesanluis.com\/#\/schema\/person\/image\/"},"sameAs":["https:\/\/apuntesdesanluis.com"],"url":"https:\/\/apuntesdesanluis.com\/index.php\/author\/apuntesdesanluis-com\/"}]}},"featured_image_urls":{"full":["https:\/\/apuntesdesanluis.com\/wp-content\/uploads\/2023\/10\/jaquiline.png",600,370,false],"thumbnail":["https:\/\/apuntesdesanluis.com\/wp-content\/uploads\/2023\/10\/jaquiline-150x150.png",150,150,true],"medium":["https:\/\/apuntesdesanluis.com\/wp-content\/uploads\/2023\/10\/jaquiline-300x185.png",300,185,true],"medium_large":["https:\/\/apuntesdesanluis.com\/wp-content\/uploads\/2023\/10\/jaquiline.png",600,370,false],"large":["https:\/\/apuntesdesanluis.com\/wp-content\/uploads\/2023\/10\/jaquiline.png",600,370,false],"1536x1536":["https:\/\/apuntesdesanluis.com\/wp-content\/uploads\/2023\/10\/jaquiline.png",600,370,false],"2048x2048":["https:\/\/apuntesdesanluis.com\/wp-content\/uploads\/2023\/10\/jaquiline.png",600,370,false],"newsever-slider-full":["https:\/\/apuntesdesanluis.com\/wp-content\/uploads\/2023\/10\/jaquiline.png",600,370,false],"newsever-featured":["https:\/\/apuntesdesanluis.com\/wp-content\/uploads\/2023\/10\/jaquiline.png",600,370,false],"newsever-medium":["https:\/\/apuntesdesanluis.com\/wp-content\/uploads\/2023\/10\/jaquiline.png",600,370,false]},"author_info":{"display_name":"apuntesdesanluis.com","author_link":"https:\/\/apuntesdesanluis.com\/index.php\/author\/apuntesdesanluis-com\/"},"category_info":"<a href=\"https:\/\/apuntesdesanluis.com\/index.php\/category\/nacionales-internacionales\/\" rel=\"category tag\">Nacionales\/Internacionales<\/a>","tag_info":"Nacionales\/Internacionales","comment_count":"0","_links":{"self":[{"href":"https:\/\/apuntesdesanluis.com\/index.php\/wp-json\/wp\/v2\/posts\/4615","targetHints":{"allow":["GET"]}}],"collection":[{"href":"https:\/\/apuntesdesanluis.com\/index.php\/wp-json\/wp\/v2\/posts"}],"about":[{"href":"https:\/\/apuntesdesanluis.com\/index.php\/wp-json\/wp\/v2\/types\/post"}],"author":[{"embeddable":true,"href":"https:\/\/apuntesdesanluis.com\/index.php\/wp-json\/wp\/v2\/users\/1"}],"replies":[{"embeddable":true,"href":"https:\/\/apuntesdesanluis.com\/index.php\/wp-json\/wp\/v2\/comments?post=4615"}],"version-history":[{"count":1,"href":"https:\/\/apuntesdesanluis.com\/index.php\/wp-json\/wp\/v2\/posts\/4615\/revisions"}],"predecessor-version":[{"id":4618,"href":"https:\/\/apuntesdesanluis.com\/index.php\/wp-json\/wp\/v2\/posts\/4615\/revisions\/4618"}],"wp:featuredmedia":[{"embeddable":true,"href":"https:\/\/apuntesdesanluis.com\/index.php\/wp-json\/wp\/v2\/media\/4616"}],"wp:attachment":[{"href":"https:\/\/apuntesdesanluis.com\/index.php\/wp-json\/wp\/v2\/media?parent=4615"}],"wp:term":[{"taxonomy":"category","embeddable":true,"href":"https:\/\/apuntesdesanluis.com\/index.php\/wp-json\/wp\/v2\/categories?post=4615"},{"taxonomy":"post_tag","embeddable":true,"href":"https:\/\/apuntesdesanluis.com\/index.php\/wp-json\/wp\/v2\/tags?post=4615"}],"curies":[{"name":"wp","href":"https:\/\/api.w.org\/{rel}","templated":true}]}}