{"id":4649,"date":"2023-10-05T14:39:51","date_gmt":"2023-10-05T17:39:51","guid":{"rendered":"https:\/\/apuntesdesanluis.com\/?p=4649"},"modified":"2023-10-05T14:39:51","modified_gmt":"2023-10-05T17:39:51","slug":"piden-20-anos-de-prision-para-el-joven-acusado-de-abusar-y-apunalar-a-una-companera-del-colegio","status":"publish","type":"post","link":"https:\/\/apuntesdesanluis.com\/index.php\/2023\/10\/05\/piden-20-anos-de-prision-para-el-joven-acusado-de-abusar-y-apunalar-a-una-companera-del-colegio\/","title":{"rendered":"PIDEN 20 A\u00d1OS DE PRISI\u00d3N PARA EL JOVEN ACUSADO DE ABUSAR Y APU\u00d1ALAR A UNA COMPA\u00d1ERA DEL COLEGIO"},"content":{"rendered":"<h3>Este mi\u00e9rcoles se realiz\u00f3 la audiencia de control en la causa judicial que se lleva contra <strong>Facundo Britez<\/strong>, un joven de 18 a\u00f1os acusado de abusar sexualmente a una compa\u00f1era de colegio y de apu\u00f1alarla al menos 43 veces con un destornillador.<\/h3>\n<h3>Se trata de un acto previo al juicio oral, donde se discute la prueba testimonial, documental y pericial que se va a producir durante el debate y se corrigen los vicios formales que pueda contener la acusaci\u00f3n fiscal.<\/h3>\n<h3>En dicha audiencia, desarrollada ante el Juzgado de Garant\u00edas N\u00b0 2 a cargo de Ariel Parrillis, el fiscal de Instrucci\u00f3n Esteban Roche acus\u00f3 al imputado por los delitos de abuso sexual con acceso carnal en concurso real con el de homicidio agravado por mediar violencia de g\u00e9nero en grado de tentativa y solicit\u00f3 una pena de 20 a\u00f1os de prisi\u00f3n.<\/h3>\n<h3>Como circunstancias atenuantes, la Fiscal\u00eda mencion\u00f3 la falta de antecedentes condenatorios y como agravantes la extensi\u00f3n del da\u00f1o causado a partir de la conmoci\u00f3n y los problemas psicol\u00f3gicos ocasionados en la v\u00edctima por el abuso y ataque sufrido. Tambi\u00e9n agreg\u00f3 las circunstancias de tiempo, modo y lugar que denotan una mayor peligrosidad por parte de Britez, y el ensa\u00f1amiento mostrado por el joven.<\/h3>\n<h3>El hecho que se investiga ocurri\u00f3 el lunes 24 de octubre de 2022 a las 16 horas, en un lote en construcci\u00f3n en el barrio 131 Viviendas de la ciudad de San Luis. Desde esa fecha, Britez permanece alojado en el Servicio Penitenciario provincial.<\/h3>\n<h3>En la audiencia de este mi\u00e9rcoles, las partes expusieron sobre los testigos ofrecidos, las pruebas documentales y periciales y realizaron convenciones probatorias, que tiene que ver con solicitarle al Juez que tenga por acreditados ciertos hechos que no podr\u00e1n ser discutidos en el juicio. Britez es representado por el abogado Guillermo S\u00e1nchez Pagano.<\/h3>\n<h3>Atento a la complejidad de las cuestiones planteadas, el juez Ariel Parrillis, luego de o\u00edr las exposiciones de la Fiscal\u00eda y la Defensa, dispuso de un plazo de 48 horas para emitir su resoluci\u00f3n. El magistrado tambi\u00e9n examinar\u00e1 los ofrecimientos probatorios y planteos que con ellos se vinculen, ordenando la admisi\u00f3n o rechazo de las pruebas y de las convenciones probatorias.<\/h3>\n","protected":false},"excerpt":{"rendered":"<p>Este mi\u00e9rcoles se realiz\u00f3 la audiencia de control en la causa judicial que se lleva&#8230;<\/p>\n","protected":false},"author":1,"featured_media":580,"comment_status":"closed","ping_status":"closed","sticky":false,"template":"","format":"standard","meta":{"footnotes":""},"categories":[6],"tags":[],"class_list":["post-4649","post","type-post","status-publish","format-standard","has-post-thumbnail","hentry","category-ciudad-provincia"],"yoast_head":"<!-- This site is optimized with the Yoast SEO plugin v26.1.1 - https:\/\/yoast.com\/wordpress\/plugins\/seo\/ -->\n<title>PIDEN 20 A\u00d1OS DE PRISI\u00d3N PARA EL JOVEN ACUSADO DE ABUSAR Y APU\u00d1ALAR A UNA COMPA\u00d1ERA DEL COLEGIO - Apuntes de San Luis<\/title>\n<meta name=\"robots\" content=\"index, follow, max-snippet:-1, max-image-preview:large, max-video-preview:-1\" \/>\n<link rel=\"canonical\" href=\"https:\/\/apuntesdesanluis.com\/index.php\/2023\/10\/05\/piden-20-anos-de-prision-para-el-joven-acusado-de-abusar-y-apunalar-a-una-companera-del-colegio\/\" \/>\n<meta property=\"og:locale\" content=\"es_ES\" \/>\n<meta property=\"og:type\" content=\"article\" \/>\n<meta property=\"og:title\" content=\"PIDEN 20 A\u00d1OS DE PRISI\u00d3N PARA EL JOVEN ACUSADO DE ABUSAR Y APU\u00d1ALAR A UNA COMPA\u00d1ERA DEL COLEGIO - Apuntes de San Luis\" \/>\n<meta property=\"og:description\" content=\"Este mi\u00e9rcoles se realiz\u00f3 la audiencia de control en la causa judicial que se lleva...\" \/>\n<meta property=\"og:url\" content=\"https:\/\/apuntesdesanluis.com\/index.php\/2023\/10\/05\/piden-20-anos-de-prision-para-el-joven-acusado-de-abusar-y-apunalar-a-una-companera-del-colegio\/\" \/>\n<meta property=\"og:site_name\" content=\"Apuntes de San Luis\" \/>\n<meta property=\"article:published_time\" content=\"2023-10-05T17:39:51+00:00\" \/>\n<meta property=\"og:image\" content=\"https:\/\/apuntesdesanluis.com\/wp-content\/uploads\/2023\/07\/tribunales-puntanos.png\" \/>\n\t<meta property=\"og:image:width\" content=\"788\" \/>\n\t<meta property=\"og:image:height\" content=\"480\" \/>\n\t<meta property=\"og:image:type\" content=\"image\/png\" \/>\n<meta name=\"author\" content=\"apuntesdesanluis.com\" \/>\n<meta name=\"twitter:card\" content=\"summary_large_image\" \/>\n<meta name=\"twitter:label1\" content=\"Escrito por\" \/>\n\t<meta name=\"twitter:data1\" content=\"apuntesdesanluis.com\" \/>\n\t<meta name=\"twitter:label2\" content=\"Tiempo de lectura\" \/>\n\t<meta name=\"twitter:data2\" content=\"2 minutos\" \/>\n<script type=\"application\/ld+json\" class=\"yoast-schema-graph\">{\"@context\":\"https:\/\/schema.org\",\"@graph\":[{\"@type\":\"Article\",\"@id\":\"https:\/\/apuntesdesanluis.com\/index.php\/2023\/10\/05\/piden-20-anos-de-prision-para-el-joven-acusado-de-abusar-y-apunalar-a-una-companera-del-colegio\/#article\",\"isPartOf\":{\"@id\":\"https:\/\/apuntesdesanluis.com\/index.php\/2023\/10\/05\/piden-20-anos-de-prision-para-el-joven-acusado-de-abusar-y-apunalar-a-una-companera-del-colegio\/\"},\"author\":{\"name\":\"apuntesdesanluis.com\",\"@id\":\"https:\/\/apuntesdesanluis.com\/#\/schema\/person\/b55151d52296fcce64d1a72538a70b90\"},\"headline\":\"PIDEN 20 A\u00d1OS DE PRISI\u00d3N PARA EL JOVEN ACUSADO DE ABUSAR Y APU\u00d1ALAR A UNA COMPA\u00d1ERA DEL COLEGIO\",\"datePublished\":\"2023-10-05T17:39:51+00:00\",\"mainEntityOfPage\":{\"@id\":\"https:\/\/apuntesdesanluis.com\/index.php\/2023\/10\/05\/piden-20-anos-de-prision-para-el-joven-acusado-de-abusar-y-apunalar-a-una-companera-del-colegio\/\"},\"wordCount\":400,\"publisher\":{\"@id\":\"https:\/\/apuntesdesanluis.com\/#\/schema\/person\/b55151d52296fcce64d1a72538a70b90\"},\"image\":{\"@id\":\"https:\/\/apuntesdesanluis.com\/index.php\/2023\/10\/05\/piden-20-anos-de-prision-para-el-joven-acusado-de-abusar-y-apunalar-a-una-companera-del-colegio\/#primaryimage\"},\"thumbnailUrl\":\"https:\/\/apuntesdesanluis.com\/wp-content\/uploads\/2023\/07\/tribunales-puntanos.png\",\"articleSection\":[\"Ciudad\/Provincia\"],\"inLanguage\":\"es-AR\"},{\"@type\":\"WebPage\",\"@id\":\"https:\/\/apuntesdesanluis.com\/index.php\/2023\/10\/05\/piden-20-anos-de-prision-para-el-joven-acusado-de-abusar-y-apunalar-a-una-companera-del-colegio\/\",\"url\":\"https:\/\/apuntesdesanluis.com\/index.php\/2023\/10\/05\/piden-20-anos-de-prision-para-el-joven-acusado-de-abusar-y-apunalar-a-una-companera-del-colegio\/\",\"name\":\"PIDEN 20 A\u00d1OS DE PRISI\u00d3N PARA EL JOVEN ACUSADO DE ABUSAR Y APU\u00d1ALAR A UNA COMPA\u00d1ERA DEL COLEGIO - Apuntes de San Luis\",\"isPartOf\":{\"@id\":\"https:\/\/apuntesdesanluis.com\/#website\"},\"primaryImageOfPage\":{\"@id\":\"https:\/\/apuntesdesanluis.com\/index.php\/2023\/10\/05\/piden-20-anos-de-prision-para-el-joven-acusado-de-abusar-y-apunalar-a-una-companera-del-colegio\/#primaryimage\"},\"image\":{\"@id\":\"https:\/\/apuntesdesanluis.com\/index.php\/2023\/10\/05\/piden-20-anos-de-prision-para-el-joven-acusado-de-abusar-y-apunalar-a-una-companera-del-colegio\/#primaryimage\"},\"thumbnailUrl\":\"https:\/\/apuntesdesanluis.com\/wp-content\/uploads\/2023\/07\/tribunales-puntanos.png\",\"datePublished\":\"2023-10-05T17:39:51+00:00\",\"breadcrumb\":{\"@id\":\"https:\/\/apuntesdesanluis.com\/index.php\/2023\/10\/05\/piden-20-anos-de-prision-para-el-joven-acusado-de-abusar-y-apunalar-a-una-companera-del-colegio\/#breadcrumb\"},\"inLanguage\":\"es-AR\",\"potentialAction\":[{\"@type\":\"ReadAction\",\"target\":[\"https:\/\/apuntesdesanluis.com\/index.php\/2023\/10\/05\/piden-20-anos-de-prision-para-el-joven-acusado-de-abusar-y-apunalar-a-una-companera-del-colegio\/\"]}]},{\"@type\":\"ImageObject\",\"inLanguage\":\"es-AR\",\"@id\":\"https:\/\/apuntesdesanluis.com\/index.php\/2023\/10\/05\/piden-20-anos-de-prision-para-el-joven-acusado-de-abusar-y-apunalar-a-una-companera-del-colegio\/#primaryimage\",\"url\":\"https:\/\/apuntesdesanluis.com\/wp-content\/uploads\/2023\/07\/tribunales-puntanos.png\",\"contentUrl\":\"https:\/\/apuntesdesanluis.com\/wp-content\/uploads\/2023\/07\/tribunales-puntanos.png\",\"width\":788,\"height\":480},{\"@type\":\"BreadcrumbList\",\"@id\":\"https:\/\/apuntesdesanluis.com\/index.php\/2023\/10\/05\/piden-20-anos-de-prision-para-el-joven-acusado-de-abusar-y-apunalar-a-una-companera-del-colegio\/#breadcrumb\",\"itemListElement\":[{\"@type\":\"ListItem\",\"position\":1,\"name\":\"Inicio\",\"item\":\"https:\/\/apuntesdesanluis.com\/\"},{\"@type\":\"ListItem\",\"position\":2,\"name\":\"PIDEN 20 A\u00d1OS DE PRISI\u00d3N PARA EL JOVEN ACUSADO DE ABUSAR Y APU\u00d1ALAR A UNA COMPA\u00d1ERA DEL COLEGIO\"}]},{\"@type\":\"WebSite\",\"@id\":\"https:\/\/apuntesdesanluis.com\/#website\",\"url\":\"https:\/\/apuntesdesanluis.com\/\",\"name\":\"Apuntes de San Luis\",\"description\":\"\",\"publisher\":{\"@id\":\"https:\/\/apuntesdesanluis.com\/#\/schema\/person\/b55151d52296fcce64d1a72538a70b90\"},\"potentialAction\":[{\"@type\":\"SearchAction\",\"target\":{\"@type\":\"EntryPoint\",\"urlTemplate\":\"https:\/\/apuntesdesanluis.com\/?s={search_term_string}\"},\"query-input\":{\"@type\":\"PropertyValueSpecification\",\"valueRequired\":true,\"valueName\":\"search_term_string\"}}],\"inLanguage\":\"es-AR\"},{\"@type\":[\"Person\",\"Organization\"],\"@id\":\"https:\/\/apuntesdesanluis.com\/#\/schema\/person\/b55151d52296fcce64d1a72538a70b90\",\"name\":\"apuntesdesanluis.com\",\"image\":{\"@type\":\"ImageObject\",\"inLanguage\":\"es-AR\",\"@id\":\"https:\/\/apuntesdesanluis.com\/#\/schema\/person\/image\/\",\"url\":\"https:\/\/apuntesdesanluis.com\/wp-content\/uploads\/2023\/07\/cropped-apuntesdesanluis.png\",\"contentUrl\":\"https:\/\/apuntesdesanluis.com\/wp-content\/uploads\/2023\/07\/cropped-apuntesdesanluis.png\",\"width\":450,\"height\":112,\"caption\":\"apuntesdesanluis.com\"},\"logo\":{\"@id\":\"https:\/\/apuntesdesanluis.com\/#\/schema\/person\/image\/\"},\"sameAs\":[\"https:\/\/apuntesdesanluis.com\"],\"url\":\"https:\/\/apuntesdesanluis.com\/index.php\/author\/apuntesdesanluis-com\/\"}]}<\/script>\n<!-- \/ Yoast SEO plugin. -->","yoast_head_json":{"title":"PIDEN 20 A\u00d1OS DE PRISI\u00d3N PARA EL JOVEN ACUSADO DE ABUSAR Y APU\u00d1ALAR A UNA COMPA\u00d1ERA DEL COLEGIO - Apuntes de San Luis","robots":{"index":"index","follow":"follow","max-snippet":"max-snippet:-1","max-image-preview":"max-image-preview:large","max-video-preview":"max-video-preview:-1"},"canonical":"https:\/\/apuntesdesanluis.com\/index.php\/2023\/10\/05\/piden-20-anos-de-prision-para-el-joven-acusado-de-abusar-y-apunalar-a-una-companera-del-colegio\/","og_locale":"es_ES","og_type":"article","og_title":"PIDEN 20 A\u00d1OS DE PRISI\u00d3N PARA EL JOVEN ACUSADO DE ABUSAR Y APU\u00d1ALAR A UNA COMPA\u00d1ERA DEL COLEGIO - Apuntes de San Luis","og_description":"Este mi\u00e9rcoles se realiz\u00f3 la audiencia de control en la causa judicial que se lleva...","og_url":"https:\/\/apuntesdesanluis.com\/index.php\/2023\/10\/05\/piden-20-anos-de-prision-para-el-joven-acusado-de-abusar-y-apunalar-a-una-companera-del-colegio\/","og_site_name":"Apuntes de San Luis","article_published_time":"2023-10-05T17:39:51+00:00","og_image":[{"width":788,"height":480,"url":"https:\/\/apuntesdesanluis.com\/wp-content\/uploads\/2023\/07\/tribunales-puntanos.png","type":"image\/png"}],"author":"apuntesdesanluis.com","twitter_card":"summary_large_image","twitter_misc":{"Escrito por":"apuntesdesanluis.com","Tiempo de lectura":"2 minutos"},"schema":{"@context":"https:\/\/schema.org","@graph":[{"@type":"Article","@id":"https:\/\/apuntesdesanluis.com\/index.php\/2023\/10\/05\/piden-20-anos-de-prision-para-el-joven-acusado-de-abusar-y-apunalar-a-una-companera-del-colegio\/#article","isPartOf":{"@id":"https:\/\/apuntesdesanluis.com\/index.php\/2023\/10\/05\/piden-20-anos-de-prision-para-el-joven-acusado-de-abusar-y-apunalar-a-una-companera-del-colegio\/"},"author":{"name":"apuntesdesanluis.com","@id":"https:\/\/apuntesdesanluis.com\/#\/schema\/person\/b55151d52296fcce64d1a72538a70b90"},"headline":"PIDEN 20 A\u00d1OS DE PRISI\u00d3N PARA EL JOVEN ACUSADO DE ABUSAR Y APU\u00d1ALAR A UNA COMPA\u00d1ERA DEL COLEGIO","datePublished":"2023-10-05T17:39:51+00:00","mainEntityOfPage":{"@id":"https:\/\/apuntesdesanluis.com\/index.php\/2023\/10\/05\/piden-20-anos-de-prision-para-el-joven-acusado-de-abusar-y-apunalar-a-una-companera-del-colegio\/"},"wordCount":400,"publisher":{"@id":"https:\/\/apuntesdesanluis.com\/#\/schema\/person\/b55151d52296fcce64d1a72538a70b90"},"image":{"@id":"https:\/\/apuntesdesanluis.com\/index.php\/2023\/10\/05\/piden-20-anos-de-prision-para-el-joven-acusado-de-abusar-y-apunalar-a-una-companera-del-colegio\/#primaryimage"},"thumbnailUrl":"https:\/\/apuntesdesanluis.com\/wp-content\/uploads\/2023\/07\/tribunales-puntanos.png","articleSection":["Ciudad\/Provincia"],"inLanguage":"es-AR"},{"@type":"WebPage","@id":"https:\/\/apuntesdesanluis.com\/index.php\/2023\/10\/05\/piden-20-anos-de-prision-para-el-joven-acusado-de-abusar-y-apunalar-a-una-companera-del-colegio\/","url":"https:\/\/apuntesdesanluis.com\/index.php\/2023\/10\/05\/piden-20-anos-de-prision-para-el-joven-acusado-de-abusar-y-apunalar-a-una-companera-del-colegio\/","name":"PIDEN 20 A\u00d1OS DE PRISI\u00d3N PARA EL JOVEN ACUSADO DE ABUSAR Y APU\u00d1ALAR A UNA COMPA\u00d1ERA DEL COLEGIO - Apuntes de San Luis","isPartOf":{"@id":"https:\/\/apuntesdesanluis.com\/#website"},"primaryImageOfPage":{"@id":"https:\/\/apuntesdesanluis.com\/index.php\/2023\/10\/05\/piden-20-anos-de-prision-para-el-joven-acusado-de-abusar-y-apunalar-a-una-companera-del-colegio\/#primaryimage"},"image":{"@id":"https:\/\/apuntesdesanluis.com\/index.php\/2023\/10\/05\/piden-20-anos-de-prision-para-el-joven-acusado-de-abusar-y-apunalar-a-una-companera-del-colegio\/#primaryimage"},"thumbnailUrl":"https:\/\/apuntesdesanluis.com\/wp-content\/uploads\/2023\/07\/tribunales-puntanos.png","datePublished":"2023-10-05T17:39:51+00:00","breadcrumb":{"@id":"https:\/\/apuntesdesanluis.com\/index.php\/2023\/10\/05\/piden-20-anos-de-prision-para-el-joven-acusado-de-abusar-y-apunalar-a-una-companera-del-colegio\/#breadcrumb"},"inLanguage":"es-AR","potentialAction":[{"@type":"ReadAction","target":["https:\/\/apuntesdesanluis.com\/index.php\/2023\/10\/05\/piden-20-anos-de-prision-para-el-joven-acusado-de-abusar-y-apunalar-a-una-companera-del-colegio\/"]}]},{"@type":"ImageObject","inLanguage":"es-AR","@id":"https:\/\/apuntesdesanluis.com\/index.php\/2023\/10\/05\/piden-20-anos-de-prision-para-el-joven-acusado-de-abusar-y-apunalar-a-una-companera-del-colegio\/#primaryimage","url":"https:\/\/apuntesdesanluis.com\/wp-content\/uploads\/2023\/07\/tribunales-puntanos.png","contentUrl":"https:\/\/apuntesdesanluis.com\/wp-content\/uploads\/2023\/07\/tribunales-puntanos.png","width":788,"height":480},{"@type":"BreadcrumbList","@id":"https:\/\/apuntesdesanluis.com\/index.php\/2023\/10\/05\/piden-20-anos-de-prision-para-el-joven-acusado-de-abusar-y-apunalar-a-una-companera-del-colegio\/#breadcrumb","itemListElement":[{"@type":"ListItem","position":1,"name":"Inicio","item":"https:\/\/apuntesdesanluis.com\/"},{"@type":"ListItem","position":2,"name":"PIDEN 20 A\u00d1OS DE PRISI\u00d3N PARA EL JOVEN ACUSADO DE ABUSAR Y APU\u00d1ALAR A UNA COMPA\u00d1ERA DEL COLEGIO"}]},{"@type":"WebSite","@id":"https:\/\/apuntesdesanluis.com\/#website","url":"https:\/\/apuntesdesanluis.com\/","name":"Apuntes de San Luis","description":"","publisher":{"@id":"https:\/\/apuntesdesanluis.com\/#\/schema\/person\/b55151d52296fcce64d1a72538a70b90"},"potentialAction":[{"@type":"SearchAction","target":{"@type":"EntryPoint","urlTemplate":"https:\/\/apuntesdesanluis.com\/?s={search_term_string}"},"query-input":{"@type":"PropertyValueSpecification","valueRequired":true,"valueName":"search_term_string"}}],"inLanguage":"es-AR"},{"@type":["Person","Organization"],"@id":"https:\/\/apuntesdesanluis.com\/#\/schema\/person\/b55151d52296fcce64d1a72538a70b90","name":"apuntesdesanluis.com","image":{"@type":"ImageObject","inLanguage":"es-AR","@id":"https:\/\/apuntesdesanluis.com\/#\/schema\/person\/image\/","url":"https:\/\/apuntesdesanluis.com\/wp-content\/uploads\/2023\/07\/cropped-apuntesdesanluis.png","contentUrl":"https:\/\/apuntesdesanluis.com\/wp-content\/uploads\/2023\/07\/cropped-apuntesdesanluis.png","width":450,"height":112,"caption":"apuntesdesanluis.com"},"logo":{"@id":"https:\/\/apuntesdesanluis.com\/#\/schema\/person\/image\/"},"sameAs":["https:\/\/apuntesdesanluis.com"],"url":"https:\/\/apuntesdesanluis.com\/index.php\/author\/apuntesdesanluis-com\/"}]}},"featured_image_urls":{"full":["https:\/\/apuntesdesanluis.com\/wp-content\/uploads\/2023\/07\/tribunales-puntanos.png",788,480,false],"thumbnail":["https:\/\/apuntesdesanluis.com\/wp-content\/uploads\/2023\/07\/tribunales-puntanos-150x150.png",150,150,true],"medium":["https:\/\/apuntesdesanluis.com\/wp-content\/uploads\/2023\/07\/tribunales-puntanos-300x183.png",300,183,true],"medium_large":["https:\/\/apuntesdesanluis.com\/wp-content\/uploads\/2023\/07\/tribunales-puntanos-768x468.png",640,390,true],"large":["https:\/\/apuntesdesanluis.com\/wp-content\/uploads\/2023\/07\/tribunales-puntanos.png",640,390,false],"1536x1536":["https:\/\/apuntesdesanluis.com\/wp-content\/uploads\/2023\/07\/tribunales-puntanos.png",788,480,false],"2048x2048":["https:\/\/apuntesdesanluis.com\/wp-content\/uploads\/2023\/07\/tribunales-puntanos.png",788,480,false],"newsever-slider-full":["https:\/\/apuntesdesanluis.com\/wp-content\/uploads\/2023\/07\/tribunales-puntanos.png",788,480,false],"newsever-featured":["https:\/\/apuntesdesanluis.com\/wp-content\/uploads\/2023\/07\/tribunales-puntanos.png",788,480,false],"newsever-medium":["https:\/\/apuntesdesanluis.com\/wp-content\/uploads\/2023\/07\/tribunales-puntanos-720x475.png",720,475,true]},"author_info":{"display_name":"apuntesdesanluis.com","author_link":"https:\/\/apuntesdesanluis.com\/index.php\/author\/apuntesdesanluis-com\/"},"category_info":"<a href=\"https:\/\/apuntesdesanluis.com\/index.php\/category\/ciudad-provincia\/\" rel=\"category tag\">Ciudad\/Provincia<\/a>","tag_info":"Ciudad\/Provincia","comment_count":"0","_links":{"self":[{"href":"https:\/\/apuntesdesanluis.com\/index.php\/wp-json\/wp\/v2\/posts\/4649","targetHints":{"allow":["GET"]}}],"collection":[{"href":"https:\/\/apuntesdesanluis.com\/index.php\/wp-json\/wp\/v2\/posts"}],"about":[{"href":"https:\/\/apuntesdesanluis.com\/index.php\/wp-json\/wp\/v2\/types\/post"}],"author":[{"embeddable":true,"href":"https:\/\/apuntesdesanluis.com\/index.php\/wp-json\/wp\/v2\/users\/1"}],"replies":[{"embeddable":true,"href":"https:\/\/apuntesdesanluis.com\/index.php\/wp-json\/wp\/v2\/comments?post=4649"}],"version-history":[{"count":1,"href":"https:\/\/apuntesdesanluis.com\/index.php\/wp-json\/wp\/v2\/posts\/4649\/revisions"}],"predecessor-version":[{"id":4650,"href":"https:\/\/apuntesdesanluis.com\/index.php\/wp-json\/wp\/v2\/posts\/4649\/revisions\/4650"}],"wp:featuredmedia":[{"embeddable":true,"href":"https:\/\/apuntesdesanluis.com\/index.php\/wp-json\/wp\/v2\/media\/580"}],"wp:attachment":[{"href":"https:\/\/apuntesdesanluis.com\/index.php\/wp-json\/wp\/v2\/media?parent=4649"}],"wp:term":[{"taxonomy":"category","embeddable":true,"href":"https:\/\/apuntesdesanluis.com\/index.php\/wp-json\/wp\/v2\/categories?post=4649"},{"taxonomy":"post_tag","embeddable":true,"href":"https:\/\/apuntesdesanluis.com\/index.php\/wp-json\/wp\/v2\/tags?post=4649"}],"curies":[{"name":"wp","href":"https:\/\/api.w.org\/{rel}","templated":true}]}}