{"id":465,"date":"2023-07-26T14:34:09","date_gmt":"2023-07-26T17:34:09","guid":{"rendered":"https:\/\/apuntesdesanluis.com\/?p=465"},"modified":"2023-07-26T14:48:23","modified_gmt":"2023-07-26T17:48:23","slug":"a-pesar-de-las-criticas-diputados-aprobo-el-polemico-proyecto-de-nombramientos-en-el-congreso","status":"publish","type":"post","link":"https:\/\/apuntesdesanluis.com\/index.php\/2023\/07\/26\/a-pesar-de-las-criticas-diputados-aprobo-el-polemico-proyecto-de-nombramientos-en-el-congreso\/","title":{"rendered":"A PESAR DE LAS CR\u00cdTICAS, DIPUTADOS APROB\u00d3 EL POL\u00c9MICO PROYECTO DE NOMBRAMIENTOS EN EL CONGRESO"},"content":{"rendered":"<h3>El proyecto de ley que ingres\u00f3 el lunes al Senado y se aprob\u00f3 ayer martes, este mi\u00e9rcoles consigui\u00f3 la media sanci\u00f3n definitiva de la C\u00e1mara Baja, en medio de una escandalosa sesi\u00f3n en la que el bloque poggista \u201cUnidos por San Luis\u201d repudi\u00f3 la iniciativa y abandon\u00f3 del recinto, para no legitimar el tratamiento de esta norma a trav\u00e9s de la cual se agregan m\u00e1s de 50 nuevos cargos pol\u00edticos en la Legislatura.<\/h3>\n<h3>La diputada <strong>Teresa P\u00e1ez<\/strong> (Pedernera) ley\u00f3 los fundamentos del proyecto, en el que se afirma la necesidad \u201cde revisi\u00f3n y actualizaci\u00f3n\u201d de la estructura de los cuerpos colegiados, \u201ccon el objeto de mejorarla y fortalecer la tarea legislativa de ambas C\u00e1maras\u201d.<\/h3>\n<h3>Por otro lado, \u201cse establecen en el presente proyecto de Ley una serie de beneficios teniendo en cuenta el contexto econ\u00f3mico; con la recategorizaci\u00f3n de los empleados con cinco a\u00f1os o m\u00e1s de antig\u00fcedad, el pase a pase a planta permanente con m\u00e1s de tres meses de contratados y la adhesi\u00f3n a los aumentos que otorgue el Poder Ejecutivo. Tambi\u00e9n el proyecto de ley se refiere a los cargos pol\u00edticos con permanencia y transitorios\u201d, se\u00f1al\u00f3.<\/h3>\n<h3>Desde la oposici\u00f3n en tanto, se reiter\u00f3 que estos nombramientos responden a la intenci\u00f3n del oficialismo de crear cargos para \u201ccontener a los funcionarios que se quedan sin morral el 10 de diciembre\u201d, como as\u00ed tambi\u00e9n \u201cvaciar las arcas del Estado y complicar la gesti\u00f3n del gobernador electo Claudio Poggi\u201d.<\/h3>\n<p><img fetchpriority=\"high\" decoding=\"async\" class=\"wp-image-473 aligncenter\" src=\"https:\/\/apuntesdesanluis.com\/wp-content\/uploads\/2023\/07\/diputado-humberto-ariel-frias-300x218.jpg\" alt=\"\" width=\"535\" height=\"389\" srcset=\"https:\/\/apuntesdesanluis.com\/wp-content\/uploads\/2023\/07\/diputado-humberto-ariel-frias-300x218.jpg 300w, https:\/\/apuntesdesanluis.com\/wp-content\/uploads\/2023\/07\/diputado-humberto-ariel-frias.jpg 449w\" sizes=\"(max-width: 535px) 100vw, 535px\" \/><\/p>\n<h4 style=\"text-align: center;\"><em>Durante la sesi\u00f3n el diputado Humberto Fr\u00edas se dio tiempo para almorzar&#8230;<\/em><\/h4>\n<h3>La parte resolutiva del proyecto es la siguiente:<\/h3>\n<h3>Ley ESTRUCTURA FUNCIONAL DE LA C\u00c1MARA DE SENADORES Y DE LA C\u00c1MARA DE DIPUTADOS DE LA PROVINCIA DE SAN LUIS<\/h3>\n<h3>ART\u00cdCULO 1.- Apru\u00e9bese las estructuras funcionales de la C\u00e1mara de Senadores y de la C\u00e1mara de Diputados de la Provincia.<\/h3>\n<h3>ART\u00cdCULO 2.-\u00a0 Cr\u00e9anse los siguientes cargos con el car\u00e1cter que en cada caso se especifican a los fines de la dotaci\u00f3n de las estructuras org\u00e1nicas funcionales, cuya remuneraci\u00f3n correr\u00e1 por cuenta del estado provincial.<\/h3>\n<ol>\n<li>\n<h3>a) UNIDAD DE ORGANIZACI\u00d3N C\u00c1MARA DE SENADORES<\/h3>\n<\/li>\n<\/ol>\n<h3>Car\u00e1cter pol\u00edtico transitorio sin estabilidad-<\/h3>\n<h3>UN (1) cargo de Secretario Legislativo.<\/h3>\n<h3>UN (1) cargo de Secretario Administrativo.<\/h3>\n<h3>UN (1) cargo de Pro Secretario Legislativo.<\/h3>\n<h3>UN (1) cargo de Pro Secretario Administrativo.<\/h3>\n<h3>UN (1) cargo de Jefe de Informaci\u00f3n Parlamentaria.<\/h3>\n<h3>UN (1) cargo de Asesor Legal de C\u00e1mara.<\/h3>\n<h3>UN (1) cargo de Coordinador General Consorcio Palacio Legislativo.<\/h3>\n<h3>UN (1) cargo de Coordinador de Relaciones Institucionales.<\/h3>\n<h3>UN (1) cargo de Encargado de Prensa.<\/h3>\n<h3>UN (1) cargo de Director de Recursos humanos.<\/h3>\n<h3>UN (1) cargo de Director General Legislativo.<\/h3>\n<h3>UN (1) cargo de Secretario Privado de Presidencia.<\/h3>\n<h3>Todos los cargos establecidos en esta categor\u00eda, salvo el secretario Privado de Presidencia de c\u00e1mara, ser\u00e1n designados por la c\u00e1mara de senadores por simple mayor\u00eda.<\/h3>\n<h3>Car\u00e1cter permanente con estabilidad.<\/h3>\n<h3>DOS (2) cargos en suministro.<\/h3>\n<h3>TRES (3) cargos en Servicio y Mantenimiento.<\/h3>\n<h3>DOS (2) cargos en Conmutador.<\/h3>\n<h3>CUATRO (4) cargos en Informaci\u00f3n Parlamentaria.<\/h3>\n<h3>UN (1) cargo en Archivo General.<\/h3>\n<h3>DOCE (12) cargos en Maestranza.<\/h3>\n<h3>DOS (2) cargos en Mesa de Entradas.<\/h3>\n<h3>DOS (2) cargos en Fotocopiadora.<\/h3>\n<h3>OCHO (8) cargos en Despacho Legislativo.<\/h3>\n<h3>DOS (2) cargos en extensi\u00f3n legislativa.<\/h3>\n<h3>UN (1) cargo en Privada de Presidencia.<\/h3>\n<h3>TRES (3) cargos en Coordinador de Comisiones.<\/h3>\n<h3>DOS (2) cargos en Recursos Humanos.<\/h3>\n<h3>UN (1) cargo en compras y contable.<\/h3>\n<h3>CINCO (5) cargos en Cuerpo de Taqu\u00edgrafos.<\/h3>\n<h3>UN (1) cargo en Archivo Hist\u00f3rico Legislativo.<\/h3>\n<h3>DOS (2) cargos en diario de Sesiones.<\/h3>\n<h3>CUATRO (4) cargos en Inform\u00e1tica.<\/h3>\n<h3>VEINTIDOS (22) cargos del Cuerpo Especial de Directores creado por el art\u00edculo 3 de esta ley.<\/h3>\n<h3>Todos los cargos establecidos en esta categor\u00eda ser\u00e1n designados por Resoluci\u00f3n de Presidencia, ad refer\u00e9ndum de la c\u00e1mara, excepto los cargos del cuerpo especial que se designan conforme a lo dispuesto en el Art\u00edculo 3 de la presente ley.<\/h3>\n<ol>\n<li>\n<h3>b) UNIDAD DE ORGANIZACI\u00d3N C\u00c1MARA DE DIPUTADOS<\/h3>\n<\/li>\n<\/ol>\n<h3>Car\u00e1cter pol\u00edtico transitorio sin estabilidad.<\/h3>\n<h3>UN (1) cargo de Secretario Legislativo.<\/h3>\n<h3>UN (1) cargo de Secretario Administrativo.<\/h3>\n<h3>UN (1) cargo de Pro Secretario Legislativo.<\/h3>\n<h3>UN (1) cargo de Pro Secretario Administrativo.<\/h3>\n<h3>UN (1) cargo de Asesor Legal de C\u00e1mara.<\/h3>\n<h3>UN (1) cargo de Secretario Privado de Presidencia de C\u00e1mara.<\/h3>\n<h3>UN (1) cargo de Responsable de Intendencia del Edificio de C\u00e1mara de Diputados.<\/h3>\n<h3>UN (1) cargo de Encargado de Prensa.<\/h3>\n<h3>Todos los cargos establecidos en este car\u00e1cter, excepto el Secretario de Presidencia de C\u00e1mara, ser\u00e1n designados por la C\u00e1mara de Diputados por mayor\u00eda simple.<\/h3>\n<h3>Car\u00e1cter permanente con estabilidad:<\/h3>\n<h3>DOS (2) cargos en Suministro.<\/h3>\n<h3>TRES (3) cargos en Servicio y Mantenimiento.<\/h3>\n<h3>DOS (2) cargos en Conmutador.<\/h3>\n<h3>CUATRO (4) cargos en Informaci\u00f3n Parlamentaria.<\/h3>\n<h3>UN (1) cargo en Archivo General.<\/h3>\n<h3>DOCE (12) cargos en Maestranza.<\/h3>\n<h3>DOS (2) cargos en Mesa de Entradas.<\/h3>\n<h3>DOS (2) cargos en Fotocopiadora.<\/h3>\n<h3>OCHO (8) cargos en Despacho Legislativo.<\/h3>\n<h3>DOS (2) cargos en Extensi\u00f3n Legislativa.<\/h3>\n<h3>UN (1) cargo en Privada de Presidencia.<\/h3>\n<h3>TRES (3) cargos en Coordinador de Comisiones.<\/h3>\n<h3>DOS (2) cargos en Liquidaci\u00f3n de Haberes y Gesti\u00f3n previsional.<\/h3>\n<h3>UN (1) cargo en Compras y Contable.<\/h3>\n<h3>CINCO (5) cargos en Cuerpo de Taqu\u00edgrafos.<\/h3>\n<h3>UN (1) cargo en Archivo Hist\u00f3rico Legislativo.<\/h3>\n<h3>DOS (2) cargos en Diario de Sesiones.<\/h3>\n<h3>CUATRO (4) cargos en Inform\u00e1tica.<\/h3>\n<h3>VEINTIOCHO (28) cargos del Cuerpo Especial de Directores creados por el art\u00edculo 3 de esta ley.<\/h3>\n<h3>Todos los cargos establecidos en este car\u00e1cter ser\u00e1n designados por resoluci\u00f3n de Presidencia de C\u00e1mara, ad refer\u00e9ndum de la c\u00e1mara, excepto los cargos del Cuerpo Especial de Directores que se designan de acuerdo a lo dispuesto por el art\u00edculo 3 de esta ley.<\/h3>\n<h3>ARTICULO 3.- Cr\u00e9ase un Cuerpo Especial, destinado a mejorar y fortalecer la calidad legislativa en el \u00e1mbito de ambas c\u00e1maras, con car\u00e1cter permanente con estabilidad, denominado Directores de Comisi\u00f3n.\u00a0 Los mismos ser\u00e1n dos (2) por cada comisi\u00f3n de cada c\u00e1mara, en base a las comisiones establecidas en los respectivos reglamentos internos, m\u00e1s la comisi\u00f3n Bicameral.\u00a0 Asimismo, este cuerpo especial, tendr\u00e1 un Director Operativo contable por cada c\u00e1mara, que se crea tambi\u00e9n por la presente.\u00a0 Todos los Directores ser\u00e1n designados por cada c\u00e1mara, por mayor\u00eda simple, y tendr\u00e1n una retribuci\u00f3n equivalente a la de los prosecretarios de C\u00e1mara.<\/h3>\n<h3>ARTICULO 4. \u2013 Los cargos con car\u00e1cter pol\u00edtico sin estabilidad y los del Cuerpo Especial de directores de Comisi\u00f3n depender\u00e1n directamente de cada c\u00e1mara. Ser\u00e1 cada C\u00e1mara quien le impartir\u00e1 las instrucciones a los efectos de cumplir con sus obligaciones y deberes. Se deber\u00e1n adecuar los reglamentos internos a lo dispuesto por esta ley, en orden a la supremac\u00eda legal. En caso de duda, hasta que se actualicen los reglamentos internos, rige lo dispuesto en esta ley. Se except\u00faa de lo dispuesto a los Secretarios y Pro Secretarios Administrativos que cumplir\u00e1n su funci\u00f3n en base a las instrucciones de Presidencia de C\u00e1mara.<\/h3>\n<h3>ARTICULO 5. \u2013 El personal excedente de la estructura org\u00e1nica funcional, determinada en el art\u00edculo 2 de la presente, conservara su permanencia laboral en la c\u00e1mara hasta que la relaci\u00f3n laboral culmine por jubilaci\u00f3n, retiro voluntario o alguno de los medios que la Ley de Contrato de trabajo establece.<\/h3>\n<h3>ARTICULO 6. \u2013 Toda designaci\u00f3n futura que exceda los l\u00edmites de la estructura org\u00e1nica funcional establecida en la presente, se considerar\u00e1 nula de nulidad absoluta. Quienes incumplan con esta disposici\u00f3n propiciando el ingreso de agentes, responder\u00e1n con su propio patrimonio, liberando al Estado de cualquier obligaci\u00f3n laboral, contractual, extracontractual y\/o funcional.\u00a0 Se deja a salvo la posibilidad de establecer otros cargos de Car\u00e1cter Pol\u00edtico transitorio, por medio de la mayor\u00eda simple de cada c\u00e1mara, pero no de car\u00e1cter permanente con estabilidad.<\/h3>\n<h3>ARTICULO 7. \u2013 PERSONAL POLITICO Y GASTOS DE CADA LEGISLADOR.\u00a0 Ratif\u00edquese la resoluci\u00f3n N 053 \u2013 P \u2013 CD \u2013 2009. Los se\u00f1ores legisladores asumir\u00e1n el pago de las remuneraciones del personal que revista como personal pol\u00edtico transitorio, a excepci\u00f3n del consignado en el art\u00edculo 2 de la presente, asegurando total desvinculaci\u00f3n en la relaci\u00f3n de dependencia laboral, salarial, previsional y fiscal con el Estado Provincial. A estos efectos, disp\u00f3nese, para cada legislador, de DOCE (12) m\u00f3dulos anuales, equivalentes cada uno a un haber bruto que percibe en su car\u00e1cter de legislador. Adicionalmente, con dichos m\u00f3dulos, asumir\u00e1n los gastos de insumos, de telefon\u00eda celular, de asesoramiento, de gestor\u00eda, de servicios t\u00e9cnicos y profesionales, de transporte, pasajes, combustible, estad\u00eda y dem\u00e1s gastos que su actividad como legislador le genere para el cumplimiento de su funci\u00f3n.<\/h3>\n<h3>ARTICULO 8. \u2013 Se dispone una recategorizaci\u00f3n para todo el personal legislativo, que cuente con CINCO (5) a\u00f1os o m\u00e1s de antig\u00fcedad, que pasaran a revistar en la categor\u00eda \u201cA\u201d del escalaf\u00f3n general. Asimismo, se dispone el pase a Planta Permanente de todo el personal legislativo que cuente con m\u00e1s de tres (3) meses de antig\u00fcedad, en un todo de acuerdo a lo establecido en el Art\u00edculo 5 de la ley XV-0391-2004 (5646), exceptuando al personal de Planta Pol\u00edtica transitoria.<\/h3>\n<h3>ARTICULO 9. \u2013 Se abrir\u00e1 un registro para el personal de Planta permanente de ambas C\u00e1maras que, en forma voluntaria, solicitaren cumplir funciones en el \u00e1mbito del Poder Ejecutivo. La n\u00f3mina de postulantes ser\u00e1 remitida al Ministerio de Hacienda y, en caso de existir conformidad entre las partes, se celebrar\u00e1 el respectivo traspaso de dichos agentes, el que deber\u00e1 respetar los derechos laborales adquiridos por los mismos.<\/h3>\n<h3>Se invitar\u00e1 al personal a adherirse a la Pasividad Voluntaria Anticipada, en tanto re\u00fanan los requisitos, facilit\u00e1ndole los tr\u00e1mites pertinentes de aquellos que as\u00ed lo soliciten.<\/h3>\n<h3>ARTICULO 10. \u2013 Las disposiciones de la presente ley son de orden p\u00fablico y entraran en vigencia a partir de los TREINTA (30) d\u00edas corridos de su publicaci\u00f3n en el Bolet\u00edn Oficial y Judicial de la Provincia. \u2013<\/h3>\n<h3>ARTICULO 11.- Facultar al Poder Ejecutivo a efectuar las modificaciones presupuestarias y prever las partidas presupuestarias necesarias para afrontar el gasto que demande la presente ley.<\/h3>\n<h3>ARTICULO 12. \u2013\u00a0\u00a0 Cuando, el Poder Ejecutivo, disponga aumentos salariales para la administraci\u00f3n Publica Provincial deber\u00e1 otorgarlos incluyendo, autom\u00e1ticamente, a todo el personal legislativo incluido en el art\u00edculo 2 de la presente y a los legisladores de ambas c\u00e1maras.<\/h3>\n<h3>ARTICULO 13. \u2013\u00a0\u00a0\u00a0\u00a0 Der\u00f3guese la ley XV-0790-2011.-<\/h3>\n<h3>ARTICULO 14. \u2013\u00a0\u00a0\u00a0 Reg\u00edstrese, g\u00edrese la presente para su revisi\u00f3n a la Honorable C\u00e1mara de Diputados de la provincia de San Luis, conforme lo dispone el art\u00edculo 131 de la Constituci\u00f3n Provincial.<\/h3>\n<p>&nbsp;<\/p>\n<p>&nbsp;<\/p>\n<p>&nbsp;<\/p>\n<p>&nbsp;<\/p>\n<p>&nbsp;<\/p>\n","protected":false},"excerpt":{"rendered":"<p>El proyecto de ley que ingres\u00f3 el lunes al Senado y se aprob\u00f3 ayer martes,&#8230;<\/p>\n","protected":false},"author":1,"featured_media":466,"comment_status":"closed","ping_status":"closed","sticky":false,"template":"","format":"standard","meta":{"footnotes":""},"categories":[6],"tags":[],"class_list":["post-465","post","type-post","status-publish","format-standard","has-post-thumbnail","hentry","category-ciudad-provincia"],"yoast_head":"<!-- This site is optimized with the Yoast SEO plugin v26.1.1 - https:\/\/yoast.com\/wordpress\/plugins\/seo\/ -->\n<title>A PESAR DE LAS CR\u00cdTICAS, DIPUTADOS APROB\u00d3 EL POL\u00c9MICO PROYECTO DE NOMBRAMIENTOS EN EL CONGRESO - Apuntes de San Luis<\/title>\n<meta name=\"robots\" content=\"index, follow, max-snippet:-1, max-image-preview:large, max-video-preview:-1\" \/>\n<link rel=\"canonical\" href=\"https:\/\/apuntesdesanluis.com\/index.php\/2023\/07\/26\/a-pesar-de-las-criticas-diputados-aprobo-el-polemico-proyecto-de-nombramientos-en-el-congreso\/\" \/>\n<meta property=\"og:locale\" content=\"es_ES\" \/>\n<meta property=\"og:type\" content=\"article\" \/>\n<meta property=\"og:title\" content=\"A PESAR DE LAS CR\u00cdTICAS, DIPUTADOS APROB\u00d3 EL POL\u00c9MICO PROYECTO DE NOMBRAMIENTOS EN EL CONGRESO - Apuntes de San Luis\" \/>\n<meta property=\"og:description\" content=\"El proyecto de ley que ingres\u00f3 el lunes al Senado y se aprob\u00f3 ayer martes,...\" \/>\n<meta property=\"og:url\" content=\"https:\/\/apuntesdesanluis.com\/index.php\/2023\/07\/26\/a-pesar-de-las-criticas-diputados-aprobo-el-polemico-proyecto-de-nombramientos-en-el-congreso\/\" \/>\n<meta property=\"og:site_name\" content=\"Apuntes de San Luis\" \/>\n<meta property=\"article:published_time\" content=\"2023-07-26T17:34:09+00:00\" \/>\n<meta property=\"article:modified_time\" content=\"2023-07-26T17:48:23+00:00\" \/>\n<meta property=\"og:image\" content=\"https:\/\/apuntesdesanluis.com\/wp-content\/uploads\/2023\/07\/Camara-Diputados.png\" \/>\n\t<meta property=\"og:image:width\" content=\"550\" \/>\n\t<meta property=\"og:image:height\" content=\"309\" \/>\n\t<meta property=\"og:image:type\" content=\"image\/png\" \/>\n<meta name=\"author\" content=\"apuntesdesanluis.com\" \/>\n<meta name=\"twitter:card\" content=\"summary_large_image\" \/>\n<meta name=\"twitter:label1\" content=\"Escrito por\" \/>\n\t<meta name=\"twitter:data1\" content=\"apuntesdesanluis.com\" \/>\n\t<meta name=\"twitter:label2\" content=\"Tiempo de lectura\" \/>\n\t<meta name=\"twitter:data2\" content=\"8 minutos\" \/>\n<script type=\"application\/ld+json\" class=\"yoast-schema-graph\">{\"@context\":\"https:\/\/schema.org\",\"@graph\":[{\"@type\":\"Article\",\"@id\":\"https:\/\/apuntesdesanluis.com\/index.php\/2023\/07\/26\/a-pesar-de-las-criticas-diputados-aprobo-el-polemico-proyecto-de-nombramientos-en-el-congreso\/#article\",\"isPartOf\":{\"@id\":\"https:\/\/apuntesdesanluis.com\/index.php\/2023\/07\/26\/a-pesar-de-las-criticas-diputados-aprobo-el-polemico-proyecto-de-nombramientos-en-el-congreso\/\"},\"author\":{\"name\":\"apuntesdesanluis.com\",\"@id\":\"https:\/\/apuntesdesanluis.com\/#\/schema\/person\/b55151d52296fcce64d1a72538a70b90\"},\"headline\":\"A PESAR DE LAS CR\u00cdTICAS, DIPUTADOS APROB\u00d3 EL POL\u00c9MICO PROYECTO DE NOMBRAMIENTOS EN EL CONGRESO\",\"datePublished\":\"2023-07-26T17:34:09+00:00\",\"dateModified\":\"2023-07-26T17:48:23+00:00\",\"mainEntityOfPage\":{\"@id\":\"https:\/\/apuntesdesanluis.com\/index.php\/2023\/07\/26\/a-pesar-de-las-criticas-diputados-aprobo-el-polemico-proyecto-de-nombramientos-en-el-congreso\/\"},\"wordCount\":1796,\"publisher\":{\"@id\":\"https:\/\/apuntesdesanluis.com\/#\/schema\/person\/b55151d52296fcce64d1a72538a70b90\"},\"image\":{\"@id\":\"https:\/\/apuntesdesanluis.com\/index.php\/2023\/07\/26\/a-pesar-de-las-criticas-diputados-aprobo-el-polemico-proyecto-de-nombramientos-en-el-congreso\/#primaryimage\"},\"thumbnailUrl\":\"https:\/\/apuntesdesanluis.com\/wp-content\/uploads\/2023\/07\/Camara-Diputados.png\",\"articleSection\":[\"Ciudad\/Provincia\"],\"inLanguage\":\"es-AR\"},{\"@type\":\"WebPage\",\"@id\":\"https:\/\/apuntesdesanluis.com\/index.php\/2023\/07\/26\/a-pesar-de-las-criticas-diputados-aprobo-el-polemico-proyecto-de-nombramientos-en-el-congreso\/\",\"url\":\"https:\/\/apuntesdesanluis.com\/index.php\/2023\/07\/26\/a-pesar-de-las-criticas-diputados-aprobo-el-polemico-proyecto-de-nombramientos-en-el-congreso\/\",\"name\":\"A PESAR DE LAS CR\u00cdTICAS, DIPUTADOS APROB\u00d3 EL POL\u00c9MICO PROYECTO DE NOMBRAMIENTOS EN EL CONGRESO - Apuntes de San Luis\",\"isPartOf\":{\"@id\":\"https:\/\/apuntesdesanluis.com\/#website\"},\"primaryImageOfPage\":{\"@id\":\"https:\/\/apuntesdesanluis.com\/index.php\/2023\/07\/26\/a-pesar-de-las-criticas-diputados-aprobo-el-polemico-proyecto-de-nombramientos-en-el-congreso\/#primaryimage\"},\"image\":{\"@id\":\"https:\/\/apuntesdesanluis.com\/index.php\/2023\/07\/26\/a-pesar-de-las-criticas-diputados-aprobo-el-polemico-proyecto-de-nombramientos-en-el-congreso\/#primaryimage\"},\"thumbnailUrl\":\"https:\/\/apuntesdesanluis.com\/wp-content\/uploads\/2023\/07\/Camara-Diputados.png\",\"datePublished\":\"2023-07-26T17:34:09+00:00\",\"dateModified\":\"2023-07-26T17:48:23+00:00\",\"breadcrumb\":{\"@id\":\"https:\/\/apuntesdesanluis.com\/index.php\/2023\/07\/26\/a-pesar-de-las-criticas-diputados-aprobo-el-polemico-proyecto-de-nombramientos-en-el-congreso\/#breadcrumb\"},\"inLanguage\":\"es-AR\",\"potentialAction\":[{\"@type\":\"ReadAction\",\"target\":[\"https:\/\/apuntesdesanluis.com\/index.php\/2023\/07\/26\/a-pesar-de-las-criticas-diputados-aprobo-el-polemico-proyecto-de-nombramientos-en-el-congreso\/\"]}]},{\"@type\":\"ImageObject\",\"inLanguage\":\"es-AR\",\"@id\":\"https:\/\/apuntesdesanluis.com\/index.php\/2023\/07\/26\/a-pesar-de-las-criticas-diputados-aprobo-el-polemico-proyecto-de-nombramientos-en-el-congreso\/#primaryimage\",\"url\":\"https:\/\/apuntesdesanluis.com\/wp-content\/uploads\/2023\/07\/Camara-Diputados.png\",\"contentUrl\":\"https:\/\/apuntesdesanluis.com\/wp-content\/uploads\/2023\/07\/Camara-Diputados.png\",\"width\":550,\"height\":309},{\"@type\":\"BreadcrumbList\",\"@id\":\"https:\/\/apuntesdesanluis.com\/index.php\/2023\/07\/26\/a-pesar-de-las-criticas-diputados-aprobo-el-polemico-proyecto-de-nombramientos-en-el-congreso\/#breadcrumb\",\"itemListElement\":[{\"@type\":\"ListItem\",\"position\":1,\"name\":\"Inicio\",\"item\":\"https:\/\/apuntesdesanluis.com\/\"},{\"@type\":\"ListItem\",\"position\":2,\"name\":\"A PESAR DE LAS CR\u00cdTICAS, DIPUTADOS APROB\u00d3 EL POL\u00c9MICO PROYECTO DE NOMBRAMIENTOS EN EL CONGRESO\"}]},{\"@type\":\"WebSite\",\"@id\":\"https:\/\/apuntesdesanluis.com\/#website\",\"url\":\"https:\/\/apuntesdesanluis.com\/\",\"name\":\"Apuntes de San Luis\",\"description\":\"\",\"publisher\":{\"@id\":\"https:\/\/apuntesdesanluis.com\/#\/schema\/person\/b55151d52296fcce64d1a72538a70b90\"},\"potentialAction\":[{\"@type\":\"SearchAction\",\"target\":{\"@type\":\"EntryPoint\",\"urlTemplate\":\"https:\/\/apuntesdesanluis.com\/?s={search_term_string}\"},\"query-input\":{\"@type\":\"PropertyValueSpecification\",\"valueRequired\":true,\"valueName\":\"search_term_string\"}}],\"inLanguage\":\"es-AR\"},{\"@type\":[\"Person\",\"Organization\"],\"@id\":\"https:\/\/apuntesdesanluis.com\/#\/schema\/person\/b55151d52296fcce64d1a72538a70b90\",\"name\":\"apuntesdesanluis.com\",\"image\":{\"@type\":\"ImageObject\",\"inLanguage\":\"es-AR\",\"@id\":\"https:\/\/apuntesdesanluis.com\/#\/schema\/person\/image\/\",\"url\":\"https:\/\/apuntesdesanluis.com\/wp-content\/uploads\/2023\/07\/cropped-apuntesdesanluis.png\",\"contentUrl\":\"https:\/\/apuntesdesanluis.com\/wp-content\/uploads\/2023\/07\/cropped-apuntesdesanluis.png\",\"width\":450,\"height\":112,\"caption\":\"apuntesdesanluis.com\"},\"logo\":{\"@id\":\"https:\/\/apuntesdesanluis.com\/#\/schema\/person\/image\/\"},\"sameAs\":[\"https:\/\/apuntesdesanluis.com\"],\"url\":\"https:\/\/apuntesdesanluis.com\/index.php\/author\/apuntesdesanluis-com\/\"}]}<\/script>\n<!-- \/ Yoast SEO plugin. -->","yoast_head_json":{"title":"A PESAR DE LAS CR\u00cdTICAS, DIPUTADOS APROB\u00d3 EL POL\u00c9MICO PROYECTO DE NOMBRAMIENTOS EN EL CONGRESO - Apuntes de San Luis","robots":{"index":"index","follow":"follow","max-snippet":"max-snippet:-1","max-image-preview":"max-image-preview:large","max-video-preview":"max-video-preview:-1"},"canonical":"https:\/\/apuntesdesanluis.com\/index.php\/2023\/07\/26\/a-pesar-de-las-criticas-diputados-aprobo-el-polemico-proyecto-de-nombramientos-en-el-congreso\/","og_locale":"es_ES","og_type":"article","og_title":"A PESAR DE LAS CR\u00cdTICAS, DIPUTADOS APROB\u00d3 EL POL\u00c9MICO PROYECTO DE NOMBRAMIENTOS EN EL CONGRESO - Apuntes de San Luis","og_description":"El proyecto de ley que ingres\u00f3 el lunes al Senado y se aprob\u00f3 ayer martes,...","og_url":"https:\/\/apuntesdesanluis.com\/index.php\/2023\/07\/26\/a-pesar-de-las-criticas-diputados-aprobo-el-polemico-proyecto-de-nombramientos-en-el-congreso\/","og_site_name":"Apuntes de San Luis","article_published_time":"2023-07-26T17:34:09+00:00","article_modified_time":"2023-07-26T17:48:23+00:00","og_image":[{"width":550,"height":309,"url":"https:\/\/apuntesdesanluis.com\/wp-content\/uploads\/2023\/07\/Camara-Diputados.png","type":"image\/png"}],"author":"apuntesdesanluis.com","twitter_card":"summary_large_image","twitter_misc":{"Escrito por":"apuntesdesanluis.com","Tiempo de lectura":"8 minutos"},"schema":{"@context":"https:\/\/schema.org","@graph":[{"@type":"Article","@id":"https:\/\/apuntesdesanluis.com\/index.php\/2023\/07\/26\/a-pesar-de-las-criticas-diputados-aprobo-el-polemico-proyecto-de-nombramientos-en-el-congreso\/#article","isPartOf":{"@id":"https:\/\/apuntesdesanluis.com\/index.php\/2023\/07\/26\/a-pesar-de-las-criticas-diputados-aprobo-el-polemico-proyecto-de-nombramientos-en-el-congreso\/"},"author":{"name":"apuntesdesanluis.com","@id":"https:\/\/apuntesdesanluis.com\/#\/schema\/person\/b55151d52296fcce64d1a72538a70b90"},"headline":"A PESAR DE LAS CR\u00cdTICAS, DIPUTADOS APROB\u00d3 EL POL\u00c9MICO PROYECTO DE NOMBRAMIENTOS EN EL CONGRESO","datePublished":"2023-07-26T17:34:09+00:00","dateModified":"2023-07-26T17:48:23+00:00","mainEntityOfPage":{"@id":"https:\/\/apuntesdesanluis.com\/index.php\/2023\/07\/26\/a-pesar-de-las-criticas-diputados-aprobo-el-polemico-proyecto-de-nombramientos-en-el-congreso\/"},"wordCount":1796,"publisher":{"@id":"https:\/\/apuntesdesanluis.com\/#\/schema\/person\/b55151d52296fcce64d1a72538a70b90"},"image":{"@id":"https:\/\/apuntesdesanluis.com\/index.php\/2023\/07\/26\/a-pesar-de-las-criticas-diputados-aprobo-el-polemico-proyecto-de-nombramientos-en-el-congreso\/#primaryimage"},"thumbnailUrl":"https:\/\/apuntesdesanluis.com\/wp-content\/uploads\/2023\/07\/Camara-Diputados.png","articleSection":["Ciudad\/Provincia"],"inLanguage":"es-AR"},{"@type":"WebPage","@id":"https:\/\/apuntesdesanluis.com\/index.php\/2023\/07\/26\/a-pesar-de-las-criticas-diputados-aprobo-el-polemico-proyecto-de-nombramientos-en-el-congreso\/","url":"https:\/\/apuntesdesanluis.com\/index.php\/2023\/07\/26\/a-pesar-de-las-criticas-diputados-aprobo-el-polemico-proyecto-de-nombramientos-en-el-congreso\/","name":"A PESAR DE LAS CR\u00cdTICAS, DIPUTADOS APROB\u00d3 EL POL\u00c9MICO PROYECTO DE NOMBRAMIENTOS EN EL CONGRESO - Apuntes de San Luis","isPartOf":{"@id":"https:\/\/apuntesdesanluis.com\/#website"},"primaryImageOfPage":{"@id":"https:\/\/apuntesdesanluis.com\/index.php\/2023\/07\/26\/a-pesar-de-las-criticas-diputados-aprobo-el-polemico-proyecto-de-nombramientos-en-el-congreso\/#primaryimage"},"image":{"@id":"https:\/\/apuntesdesanluis.com\/index.php\/2023\/07\/26\/a-pesar-de-las-criticas-diputados-aprobo-el-polemico-proyecto-de-nombramientos-en-el-congreso\/#primaryimage"},"thumbnailUrl":"https:\/\/apuntesdesanluis.com\/wp-content\/uploads\/2023\/07\/Camara-Diputados.png","datePublished":"2023-07-26T17:34:09+00:00","dateModified":"2023-07-26T17:48:23+00:00","breadcrumb":{"@id":"https:\/\/apuntesdesanluis.com\/index.php\/2023\/07\/26\/a-pesar-de-las-criticas-diputados-aprobo-el-polemico-proyecto-de-nombramientos-en-el-congreso\/#breadcrumb"},"inLanguage":"es-AR","potentialAction":[{"@type":"ReadAction","target":["https:\/\/apuntesdesanluis.com\/index.php\/2023\/07\/26\/a-pesar-de-las-criticas-diputados-aprobo-el-polemico-proyecto-de-nombramientos-en-el-congreso\/"]}]},{"@type":"ImageObject","inLanguage":"es-AR","@id":"https:\/\/apuntesdesanluis.com\/index.php\/2023\/07\/26\/a-pesar-de-las-criticas-diputados-aprobo-el-polemico-proyecto-de-nombramientos-en-el-congreso\/#primaryimage","url":"https:\/\/apuntesdesanluis.com\/wp-content\/uploads\/2023\/07\/Camara-Diputados.png","contentUrl":"https:\/\/apuntesdesanluis.com\/wp-content\/uploads\/2023\/07\/Camara-Diputados.png","width":550,"height":309},{"@type":"BreadcrumbList","@id":"https:\/\/apuntesdesanluis.com\/index.php\/2023\/07\/26\/a-pesar-de-las-criticas-diputados-aprobo-el-polemico-proyecto-de-nombramientos-en-el-congreso\/#breadcrumb","itemListElement":[{"@type":"ListItem","position":1,"name":"Inicio","item":"https:\/\/apuntesdesanluis.com\/"},{"@type":"ListItem","position":2,"name":"A PESAR DE LAS CR\u00cdTICAS, DIPUTADOS APROB\u00d3 EL POL\u00c9MICO PROYECTO DE NOMBRAMIENTOS EN EL CONGRESO"}]},{"@type":"WebSite","@id":"https:\/\/apuntesdesanluis.com\/#website","url":"https:\/\/apuntesdesanluis.com\/","name":"Apuntes de San Luis","description":"","publisher":{"@id":"https:\/\/apuntesdesanluis.com\/#\/schema\/person\/b55151d52296fcce64d1a72538a70b90"},"potentialAction":[{"@type":"SearchAction","target":{"@type":"EntryPoint","urlTemplate":"https:\/\/apuntesdesanluis.com\/?s={search_term_string}"},"query-input":{"@type":"PropertyValueSpecification","valueRequired":true,"valueName":"search_term_string"}}],"inLanguage":"es-AR"},{"@type":["Person","Organization"],"@id":"https:\/\/apuntesdesanluis.com\/#\/schema\/person\/b55151d52296fcce64d1a72538a70b90","name":"apuntesdesanluis.com","image":{"@type":"ImageObject","inLanguage":"es-AR","@id":"https:\/\/apuntesdesanluis.com\/#\/schema\/person\/image\/","url":"https:\/\/apuntesdesanluis.com\/wp-content\/uploads\/2023\/07\/cropped-apuntesdesanluis.png","contentUrl":"https:\/\/apuntesdesanluis.com\/wp-content\/uploads\/2023\/07\/cropped-apuntesdesanluis.png","width":450,"height":112,"caption":"apuntesdesanluis.com"},"logo":{"@id":"https:\/\/apuntesdesanluis.com\/#\/schema\/person\/image\/"},"sameAs":["https:\/\/apuntesdesanluis.com"],"url":"https:\/\/apuntesdesanluis.com\/index.php\/author\/apuntesdesanluis-com\/"}]}},"featured_image_urls":{"full":["https:\/\/apuntesdesanluis.com\/wp-content\/uploads\/2023\/07\/Camara-Diputados.png",550,309,false],"thumbnail":["https:\/\/apuntesdesanluis.com\/wp-content\/uploads\/2023\/07\/Camara-Diputados-150x150.png",150,150,true],"medium":["https:\/\/apuntesdesanluis.com\/wp-content\/uploads\/2023\/07\/Camara-Diputados-300x169.png",300,169,true],"medium_large":["https:\/\/apuntesdesanluis.com\/wp-content\/uploads\/2023\/07\/Camara-Diputados.png",550,309,false],"large":["https:\/\/apuntesdesanluis.com\/wp-content\/uploads\/2023\/07\/Camara-Diputados.png",550,309,false],"1536x1536":["https:\/\/apuntesdesanluis.com\/wp-content\/uploads\/2023\/07\/Camara-Diputados.png",550,309,false],"2048x2048":["https:\/\/apuntesdesanluis.com\/wp-content\/uploads\/2023\/07\/Camara-Diputados.png",550,309,false],"newsever-slider-full":["https:\/\/apuntesdesanluis.com\/wp-content\/uploads\/2023\/07\/Camara-Diputados.png",550,309,false],"newsever-featured":["https:\/\/apuntesdesanluis.com\/wp-content\/uploads\/2023\/07\/Camara-Diputados.png",550,309,false],"newsever-medium":["https:\/\/apuntesdesanluis.com\/wp-content\/uploads\/2023\/07\/Camara-Diputados.png",550,309,false]},"author_info":{"display_name":"apuntesdesanluis.com","author_link":"https:\/\/apuntesdesanluis.com\/index.php\/author\/apuntesdesanluis-com\/"},"category_info":"<a href=\"https:\/\/apuntesdesanluis.com\/index.php\/category\/ciudad-provincia\/\" rel=\"category tag\">Ciudad\/Provincia<\/a>","tag_info":"Ciudad\/Provincia","comment_count":"0","_links":{"self":[{"href":"https:\/\/apuntesdesanluis.com\/index.php\/wp-json\/wp\/v2\/posts\/465","targetHints":{"allow":["GET"]}}],"collection":[{"href":"https:\/\/apuntesdesanluis.com\/index.php\/wp-json\/wp\/v2\/posts"}],"about":[{"href":"https:\/\/apuntesdesanluis.com\/index.php\/wp-json\/wp\/v2\/types\/post"}],"author":[{"embeddable":true,"href":"https:\/\/apuntesdesanluis.com\/index.php\/wp-json\/wp\/v2\/users\/1"}],"replies":[{"embeddable":true,"href":"https:\/\/apuntesdesanluis.com\/index.php\/wp-json\/wp\/v2\/comments?post=465"}],"version-history":[{"count":5,"href":"https:\/\/apuntesdesanluis.com\/index.php\/wp-json\/wp\/v2\/posts\/465\/revisions"}],"predecessor-version":[{"id":475,"href":"https:\/\/apuntesdesanluis.com\/index.php\/wp-json\/wp\/v2\/posts\/465\/revisions\/475"}],"wp:featuredmedia":[{"embeddable":true,"href":"https:\/\/apuntesdesanluis.com\/index.php\/wp-json\/wp\/v2\/media\/466"}],"wp:attachment":[{"href":"https:\/\/apuntesdesanluis.com\/index.php\/wp-json\/wp\/v2\/media?parent=465"}],"wp:term":[{"taxonomy":"category","embeddable":true,"href":"https:\/\/apuntesdesanluis.com\/index.php\/wp-json\/wp\/v2\/categories?post=465"},{"taxonomy":"post_tag","embeddable":true,"href":"https:\/\/apuntesdesanluis.com\/index.php\/wp-json\/wp\/v2\/tags?post=465"}],"curies":[{"name":"wp","href":"https:\/\/api.w.org\/{rel}","templated":true}]}}