{"id":4655,"date":"2023-10-05T14:55:02","date_gmt":"2023-10-05T17:55:02","guid":{"rendered":"https:\/\/apuntesdesanluis.com\/?p=4655"},"modified":"2023-10-05T14:56:00","modified_gmt":"2023-10-05T17:56:00","slug":"el-reconocido-deportologo-ciro-vargas-diserta-en-villa-mercedes","status":"publish","type":"post","link":"https:\/\/apuntesdesanluis.com\/index.php\/2023\/10\/05\/el-reconocido-deportologo-ciro-vargas-diserta-en-villa-mercedes\/","title":{"rendered":"EL RECONOCIDO DEPORT\u00d3LOGO CIRO VARGAS DISERTA EN VILLA MERCEDES"},"content":{"rendered":"<h3>Brindar\u00e1 un Taller sobre Evaluaci\u00f3n Directa de Lactato, organizado por el Ciclo Complementario de la Lic. en Actividad F\u00edsica de la UNViMe, que coordina la Lic. Ver\u00f3nica Dom\u00ednguez.<\/h3>\n<h3>La capacitaci\u00f3n se desarrollar\u00e1 este viernes 6 de modo presencial, entre las 14:30 y las 18:30 hs, en el Laboratorio Central de Salud, con cupos limitados.<\/h3>\n<h3>El deport\u00f3logo oriundo de Mendoza <strong>Ciro Vargas<\/strong> revolucion\u00f3 la preparaci\u00f3n f\u00edsica en el f\u00fatbol argentino a principios de este Siglo. Utilizando tecnolog\u00eda europea, fue San Mart\u00edn de Mendoza, en \u00e9pocas de Nacional \u201cB\u201d, el club que le abri\u00f3 las puertas a un entusiasta joven que llegaba a cambiar la manera de analizar a cada jugador.<\/h3>\n<h3>Con un sistema de cuatro c\u00e1maras enfocando al campo de juego, m\u00e1s softwares avanzados, el especialista y su equipo t\u00e9cnico pueden medir las distancias recorridas de cada uno de los futbolistas, la eficiencia y eficacia a la hora de correr, el ritmo cardiopulmonar y las zonas del campo donde mayor intensidad utiliz\u00f3 el deportista.<\/h3>\n<h3>As\u00ed fue que acapar\u00f3 la atenci\u00f3n de los principales clubes y entrenadores del f\u00fatbol argentino. Trabaj\u00f3 con Passarella en River, con Ischia en Boca, con Russo en V\u00e9lez y en el \u00faltimo tiempo con los preparadores f\u00edsicos de Coudet y Beccacece, entre otros.<\/h3>\n<h3>En 2011, el maestro \u00d3scar Washington Tab\u00e1rez puso los ojos en \u00e9l y lo incorpor\u00f3 a la Selecci\u00f3n uruguaya, siendo parte de su equipo, habiendo participado de los \u00faltimos dos mundiales.<\/h3>\n<p><img fetchpriority=\"high\" decoding=\"async\" class=\"wp-image-4656 aligncenter\" src=\"https:\/\/apuntesdesanluis.com\/wp-content\/uploads\/2023\/10\/Lactato-169x300.webp\" alt=\"\" width=\"436\" height=\"774\" srcset=\"https:\/\/apuntesdesanluis.com\/wp-content\/uploads\/2023\/10\/Lactato-169x300.webp 169w, https:\/\/apuntesdesanluis.com\/wp-content\/uploads\/2023\/10\/Lactato.webp 500w\" sizes=\"(max-width: 436px) 100vw, 436px\" \/><\/p>\n<h3><strong>SIGNIFICADO<\/strong><\/h3>\n<h3>La pr\u00e1ctica del ejercicio en la actualidad, en todos sus niveles recreativo o salud, deportivo competitivo, se ve en la necesidad de identificar los niveles de intensidad a los que se ejecuta, con el objetivo de obtener un m\u00ednimo de adaptaci\u00f3n para mejorar la salud o el m\u00e1ximo de eficiencia en determinada disciplina deportiva. Para esto se utilizan diferentes metodolog\u00edas que involucran criterios tanto de rendimiento, como fisiol\u00f3gicos.<\/h3>\n<h3>Dentro de los criterios fisiol\u00f3gicos est\u00e1n: la Frecuencia cardiaca, la tasa de intercambio gaseoso (VO2max) y la concentraci\u00f3n de lactato en sangre.<\/h3>\n<h3>Determinar los niveles de \u00e1cido l\u00e1ctico en sangre se ha reportado como uno de los medios &#8220;objetivos&#8221; de evaluar la intensidad del est\u00edmulo de entrenamiento, lo que brinda una forma indirecta de obtener informaci\u00f3n sobre la intensidad del esfuerzo que est\u00e1 realizando el m\u00fasculo que trabaja.<\/h3>\n<h3>Las respuestas del lactato sangu\u00edneo al ejercicio han sido utilizadas para evaluar la capacidad aer\u00f3bica de individuos sedentarios, activos y atletas entrenados, por ser un par\u00e1metro de tipo metab\u00f3lico y un residuo de la transformaci\u00f3n de nutrientes en energ\u00eda, es utilizable en todas las personas sin importar el nivel o experiencia de las mismas.<\/h3>\n<h3>La concentraci\u00f3n de lactato en sangre es un par\u00e1metro razonable para la estimaci\u00f3n de la intensidad de la carga de trabajo durante el entrenamiento, lo que ayuda a establecer en forma individual y objetiva la intensidad del ejercicio a la que se quiere trabajar. (Prensa UNViMe)<\/h3>\n<h3><a href=\"https:\/\/docs.google.com\/forms\/d\/e\/1FAIpQLScDrX1RRq5PfBjWVpMJZcIEV3YylSUTKrhyuv1-rIfVI0lYhw\/viewform\"><strong><span style=\"color: #3366ff;\">INSCRIPCI\u00d3N<\/span><\/strong><\/a><\/h3>\n<p>&nbsp;<\/p>\n","protected":false},"excerpt":{"rendered":"<p>Brindar\u00e1 un Taller sobre Evaluaci\u00f3n Directa de Lactato, organizado por el Ciclo Complementario de la&#8230;<\/p>\n","protected":false},"author":1,"featured_media":4657,"comment_status":"closed","ping_status":"closed","sticky":false,"template":"","format":"standard","meta":{"footnotes":""},"categories":[6],"tags":[],"class_list":["post-4655","post","type-post","status-publish","format-standard","has-post-thumbnail","hentry","category-ciudad-provincia"],"yoast_head":"<!-- This site is optimized with the Yoast SEO plugin v26.1.1 - https:\/\/yoast.com\/wordpress\/plugins\/seo\/ -->\n<title>EL RECONOCIDO DEPORT\u00d3LOGO CIRO VARGAS DISERTA EN VILLA MERCEDES - Apuntes de San Luis<\/title>\n<meta name=\"robots\" content=\"index, follow, max-snippet:-1, max-image-preview:large, max-video-preview:-1\" \/>\n<link rel=\"canonical\" href=\"https:\/\/apuntesdesanluis.com\/index.php\/2023\/10\/05\/el-reconocido-deportologo-ciro-vargas-diserta-en-villa-mercedes\/\" \/>\n<meta property=\"og:locale\" content=\"es_ES\" \/>\n<meta property=\"og:type\" content=\"article\" \/>\n<meta property=\"og:title\" content=\"EL RECONOCIDO DEPORT\u00d3LOGO CIRO VARGAS DISERTA EN VILLA MERCEDES - Apuntes de San Luis\" \/>\n<meta property=\"og:description\" content=\"Brindar\u00e1 un Taller sobre Evaluaci\u00f3n Directa de Lactato, organizado por el Ciclo Complementario de la...\" \/>\n<meta property=\"og:url\" content=\"https:\/\/apuntesdesanluis.com\/index.php\/2023\/10\/05\/el-reconocido-deportologo-ciro-vargas-diserta-en-villa-mercedes\/\" \/>\n<meta property=\"og:site_name\" content=\"Apuntes de San Luis\" \/>\n<meta property=\"article:published_time\" content=\"2023-10-05T17:55:02+00:00\" \/>\n<meta property=\"article:modified_time\" content=\"2023-10-05T17:56:00+00:00\" \/>\n<meta property=\"og:image\" content=\"https:\/\/apuntesdesanluis.com\/wp-content\/uploads\/2023\/10\/ciro-vargas-deportoilogo.png\" \/>\n\t<meta property=\"og:image:width\" content=\"427\" \/>\n\t<meta property=\"og:image:height\" content=\"283\" \/>\n\t<meta property=\"og:image:type\" content=\"image\/png\" \/>\n<meta name=\"author\" content=\"apuntesdesanluis.com\" \/>\n<meta name=\"twitter:card\" content=\"summary_large_image\" \/>\n<meta name=\"twitter:label1\" content=\"Escrito por\" \/>\n\t<meta name=\"twitter:data1\" content=\"apuntesdesanluis.com\" \/>\n\t<meta name=\"twitter:label2\" content=\"Tiempo de lectura\" \/>\n\t<meta name=\"twitter:data2\" content=\"3 minutos\" \/>\n<script type=\"application\/ld+json\" class=\"yoast-schema-graph\">{\"@context\":\"https:\/\/schema.org\",\"@graph\":[{\"@type\":\"Article\",\"@id\":\"https:\/\/apuntesdesanluis.com\/index.php\/2023\/10\/05\/el-reconocido-deportologo-ciro-vargas-diserta-en-villa-mercedes\/#article\",\"isPartOf\":{\"@id\":\"https:\/\/apuntesdesanluis.com\/index.php\/2023\/10\/05\/el-reconocido-deportologo-ciro-vargas-diserta-en-villa-mercedes\/\"},\"author\":{\"name\":\"apuntesdesanluis.com\",\"@id\":\"https:\/\/apuntesdesanluis.com\/#\/schema\/person\/b55151d52296fcce64d1a72538a70b90\"},\"headline\":\"EL RECONOCIDO DEPORT\u00d3LOGO CIRO VARGAS DISERTA EN VILLA MERCEDES\",\"datePublished\":\"2023-10-05T17:55:02+00:00\",\"dateModified\":\"2023-10-05T17:56:00+00:00\",\"mainEntityOfPage\":{\"@id\":\"https:\/\/apuntesdesanluis.com\/index.php\/2023\/10\/05\/el-reconocido-deportologo-ciro-vargas-diserta-en-villa-mercedes\/\"},\"wordCount\":526,\"publisher\":{\"@id\":\"https:\/\/apuntesdesanluis.com\/#\/schema\/person\/b55151d52296fcce64d1a72538a70b90\"},\"image\":{\"@id\":\"https:\/\/apuntesdesanluis.com\/index.php\/2023\/10\/05\/el-reconocido-deportologo-ciro-vargas-diserta-en-villa-mercedes\/#primaryimage\"},\"thumbnailUrl\":\"https:\/\/apuntesdesanluis.com\/wp-content\/uploads\/2023\/10\/ciro-vargas-deportoilogo.png\",\"articleSection\":[\"Ciudad\/Provincia\"],\"inLanguage\":\"es-AR\"},{\"@type\":\"WebPage\",\"@id\":\"https:\/\/apuntesdesanluis.com\/index.php\/2023\/10\/05\/el-reconocido-deportologo-ciro-vargas-diserta-en-villa-mercedes\/\",\"url\":\"https:\/\/apuntesdesanluis.com\/index.php\/2023\/10\/05\/el-reconocido-deportologo-ciro-vargas-diserta-en-villa-mercedes\/\",\"name\":\"EL RECONOCIDO DEPORT\u00d3LOGO CIRO VARGAS DISERTA EN VILLA MERCEDES - Apuntes de San Luis\",\"isPartOf\":{\"@id\":\"https:\/\/apuntesdesanluis.com\/#website\"},\"primaryImageOfPage\":{\"@id\":\"https:\/\/apuntesdesanluis.com\/index.php\/2023\/10\/05\/el-reconocido-deportologo-ciro-vargas-diserta-en-villa-mercedes\/#primaryimage\"},\"image\":{\"@id\":\"https:\/\/apuntesdesanluis.com\/index.php\/2023\/10\/05\/el-reconocido-deportologo-ciro-vargas-diserta-en-villa-mercedes\/#primaryimage\"},\"thumbnailUrl\":\"https:\/\/apuntesdesanluis.com\/wp-content\/uploads\/2023\/10\/ciro-vargas-deportoilogo.png\",\"datePublished\":\"2023-10-05T17:55:02+00:00\",\"dateModified\":\"2023-10-05T17:56:00+00:00\",\"breadcrumb\":{\"@id\":\"https:\/\/apuntesdesanluis.com\/index.php\/2023\/10\/05\/el-reconocido-deportologo-ciro-vargas-diserta-en-villa-mercedes\/#breadcrumb\"},\"inLanguage\":\"es-AR\",\"potentialAction\":[{\"@type\":\"ReadAction\",\"target\":[\"https:\/\/apuntesdesanluis.com\/index.php\/2023\/10\/05\/el-reconocido-deportologo-ciro-vargas-diserta-en-villa-mercedes\/\"]}]},{\"@type\":\"ImageObject\",\"inLanguage\":\"es-AR\",\"@id\":\"https:\/\/apuntesdesanluis.com\/index.php\/2023\/10\/05\/el-reconocido-deportologo-ciro-vargas-diserta-en-villa-mercedes\/#primaryimage\",\"url\":\"https:\/\/apuntesdesanluis.com\/wp-content\/uploads\/2023\/10\/ciro-vargas-deportoilogo.png\",\"contentUrl\":\"https:\/\/apuntesdesanluis.com\/wp-content\/uploads\/2023\/10\/ciro-vargas-deportoilogo.png\",\"width\":427,\"height\":283},{\"@type\":\"BreadcrumbList\",\"@id\":\"https:\/\/apuntesdesanluis.com\/index.php\/2023\/10\/05\/el-reconocido-deportologo-ciro-vargas-diserta-en-villa-mercedes\/#breadcrumb\",\"itemListElement\":[{\"@type\":\"ListItem\",\"position\":1,\"name\":\"Inicio\",\"item\":\"https:\/\/apuntesdesanluis.com\/\"},{\"@type\":\"ListItem\",\"position\":2,\"name\":\"EL RECONOCIDO DEPORT\u00d3LOGO CIRO VARGAS DISERTA EN VILLA MERCEDES\"}]},{\"@type\":\"WebSite\",\"@id\":\"https:\/\/apuntesdesanluis.com\/#website\",\"url\":\"https:\/\/apuntesdesanluis.com\/\",\"name\":\"Apuntes de San Luis\",\"description\":\"\",\"publisher\":{\"@id\":\"https:\/\/apuntesdesanluis.com\/#\/schema\/person\/b55151d52296fcce64d1a72538a70b90\"},\"potentialAction\":[{\"@type\":\"SearchAction\",\"target\":{\"@type\":\"EntryPoint\",\"urlTemplate\":\"https:\/\/apuntesdesanluis.com\/?s={search_term_string}\"},\"query-input\":{\"@type\":\"PropertyValueSpecification\",\"valueRequired\":true,\"valueName\":\"search_term_string\"}}],\"inLanguage\":\"es-AR\"},{\"@type\":[\"Person\",\"Organization\"],\"@id\":\"https:\/\/apuntesdesanluis.com\/#\/schema\/person\/b55151d52296fcce64d1a72538a70b90\",\"name\":\"apuntesdesanluis.com\",\"image\":{\"@type\":\"ImageObject\",\"inLanguage\":\"es-AR\",\"@id\":\"https:\/\/apuntesdesanluis.com\/#\/schema\/person\/image\/\",\"url\":\"https:\/\/apuntesdesanluis.com\/wp-content\/uploads\/2023\/07\/cropped-apuntesdesanluis.png\",\"contentUrl\":\"https:\/\/apuntesdesanluis.com\/wp-content\/uploads\/2023\/07\/cropped-apuntesdesanluis.png\",\"width\":450,\"height\":112,\"caption\":\"apuntesdesanluis.com\"},\"logo\":{\"@id\":\"https:\/\/apuntesdesanluis.com\/#\/schema\/person\/image\/\"},\"sameAs\":[\"https:\/\/apuntesdesanluis.com\"],\"url\":\"https:\/\/apuntesdesanluis.com\/index.php\/author\/apuntesdesanluis-com\/\"}]}<\/script>\n<!-- \/ Yoast SEO plugin. -->","yoast_head_json":{"title":"EL RECONOCIDO DEPORT\u00d3LOGO CIRO VARGAS DISERTA EN VILLA MERCEDES - Apuntes de San Luis","robots":{"index":"index","follow":"follow","max-snippet":"max-snippet:-1","max-image-preview":"max-image-preview:large","max-video-preview":"max-video-preview:-1"},"canonical":"https:\/\/apuntesdesanluis.com\/index.php\/2023\/10\/05\/el-reconocido-deportologo-ciro-vargas-diserta-en-villa-mercedes\/","og_locale":"es_ES","og_type":"article","og_title":"EL RECONOCIDO DEPORT\u00d3LOGO CIRO VARGAS DISERTA EN VILLA MERCEDES - Apuntes de San Luis","og_description":"Brindar\u00e1 un Taller sobre Evaluaci\u00f3n Directa de Lactato, organizado por el Ciclo Complementario de la...","og_url":"https:\/\/apuntesdesanluis.com\/index.php\/2023\/10\/05\/el-reconocido-deportologo-ciro-vargas-diserta-en-villa-mercedes\/","og_site_name":"Apuntes de San Luis","article_published_time":"2023-10-05T17:55:02+00:00","article_modified_time":"2023-10-05T17:56:00+00:00","og_image":[{"width":427,"height":283,"url":"https:\/\/apuntesdesanluis.com\/wp-content\/uploads\/2023\/10\/ciro-vargas-deportoilogo.png","type":"image\/png"}],"author":"apuntesdesanluis.com","twitter_card":"summary_large_image","twitter_misc":{"Escrito por":"apuntesdesanluis.com","Tiempo de lectura":"3 minutos"},"schema":{"@context":"https:\/\/schema.org","@graph":[{"@type":"Article","@id":"https:\/\/apuntesdesanluis.com\/index.php\/2023\/10\/05\/el-reconocido-deportologo-ciro-vargas-diserta-en-villa-mercedes\/#article","isPartOf":{"@id":"https:\/\/apuntesdesanluis.com\/index.php\/2023\/10\/05\/el-reconocido-deportologo-ciro-vargas-diserta-en-villa-mercedes\/"},"author":{"name":"apuntesdesanluis.com","@id":"https:\/\/apuntesdesanluis.com\/#\/schema\/person\/b55151d52296fcce64d1a72538a70b90"},"headline":"EL RECONOCIDO DEPORT\u00d3LOGO CIRO VARGAS DISERTA EN VILLA MERCEDES","datePublished":"2023-10-05T17:55:02+00:00","dateModified":"2023-10-05T17:56:00+00:00","mainEntityOfPage":{"@id":"https:\/\/apuntesdesanluis.com\/index.php\/2023\/10\/05\/el-reconocido-deportologo-ciro-vargas-diserta-en-villa-mercedes\/"},"wordCount":526,"publisher":{"@id":"https:\/\/apuntesdesanluis.com\/#\/schema\/person\/b55151d52296fcce64d1a72538a70b90"},"image":{"@id":"https:\/\/apuntesdesanluis.com\/index.php\/2023\/10\/05\/el-reconocido-deportologo-ciro-vargas-diserta-en-villa-mercedes\/#primaryimage"},"thumbnailUrl":"https:\/\/apuntesdesanluis.com\/wp-content\/uploads\/2023\/10\/ciro-vargas-deportoilogo.png","articleSection":["Ciudad\/Provincia"],"inLanguage":"es-AR"},{"@type":"WebPage","@id":"https:\/\/apuntesdesanluis.com\/index.php\/2023\/10\/05\/el-reconocido-deportologo-ciro-vargas-diserta-en-villa-mercedes\/","url":"https:\/\/apuntesdesanluis.com\/index.php\/2023\/10\/05\/el-reconocido-deportologo-ciro-vargas-diserta-en-villa-mercedes\/","name":"EL RECONOCIDO DEPORT\u00d3LOGO CIRO VARGAS DISERTA EN VILLA MERCEDES - Apuntes de San Luis","isPartOf":{"@id":"https:\/\/apuntesdesanluis.com\/#website"},"primaryImageOfPage":{"@id":"https:\/\/apuntesdesanluis.com\/index.php\/2023\/10\/05\/el-reconocido-deportologo-ciro-vargas-diserta-en-villa-mercedes\/#primaryimage"},"image":{"@id":"https:\/\/apuntesdesanluis.com\/index.php\/2023\/10\/05\/el-reconocido-deportologo-ciro-vargas-diserta-en-villa-mercedes\/#primaryimage"},"thumbnailUrl":"https:\/\/apuntesdesanluis.com\/wp-content\/uploads\/2023\/10\/ciro-vargas-deportoilogo.png","datePublished":"2023-10-05T17:55:02+00:00","dateModified":"2023-10-05T17:56:00+00:00","breadcrumb":{"@id":"https:\/\/apuntesdesanluis.com\/index.php\/2023\/10\/05\/el-reconocido-deportologo-ciro-vargas-diserta-en-villa-mercedes\/#breadcrumb"},"inLanguage":"es-AR","potentialAction":[{"@type":"ReadAction","target":["https:\/\/apuntesdesanluis.com\/index.php\/2023\/10\/05\/el-reconocido-deportologo-ciro-vargas-diserta-en-villa-mercedes\/"]}]},{"@type":"ImageObject","inLanguage":"es-AR","@id":"https:\/\/apuntesdesanluis.com\/index.php\/2023\/10\/05\/el-reconocido-deportologo-ciro-vargas-diserta-en-villa-mercedes\/#primaryimage","url":"https:\/\/apuntesdesanluis.com\/wp-content\/uploads\/2023\/10\/ciro-vargas-deportoilogo.png","contentUrl":"https:\/\/apuntesdesanluis.com\/wp-content\/uploads\/2023\/10\/ciro-vargas-deportoilogo.png","width":427,"height":283},{"@type":"BreadcrumbList","@id":"https:\/\/apuntesdesanluis.com\/index.php\/2023\/10\/05\/el-reconocido-deportologo-ciro-vargas-diserta-en-villa-mercedes\/#breadcrumb","itemListElement":[{"@type":"ListItem","position":1,"name":"Inicio","item":"https:\/\/apuntesdesanluis.com\/"},{"@type":"ListItem","position":2,"name":"EL RECONOCIDO DEPORT\u00d3LOGO CIRO VARGAS DISERTA EN VILLA MERCEDES"}]},{"@type":"WebSite","@id":"https:\/\/apuntesdesanluis.com\/#website","url":"https:\/\/apuntesdesanluis.com\/","name":"Apuntes de San Luis","description":"","publisher":{"@id":"https:\/\/apuntesdesanluis.com\/#\/schema\/person\/b55151d52296fcce64d1a72538a70b90"},"potentialAction":[{"@type":"SearchAction","target":{"@type":"EntryPoint","urlTemplate":"https:\/\/apuntesdesanluis.com\/?s={search_term_string}"},"query-input":{"@type":"PropertyValueSpecification","valueRequired":true,"valueName":"search_term_string"}}],"inLanguage":"es-AR"},{"@type":["Person","Organization"],"@id":"https:\/\/apuntesdesanluis.com\/#\/schema\/person\/b55151d52296fcce64d1a72538a70b90","name":"apuntesdesanluis.com","image":{"@type":"ImageObject","inLanguage":"es-AR","@id":"https:\/\/apuntesdesanluis.com\/#\/schema\/person\/image\/","url":"https:\/\/apuntesdesanluis.com\/wp-content\/uploads\/2023\/07\/cropped-apuntesdesanluis.png","contentUrl":"https:\/\/apuntesdesanluis.com\/wp-content\/uploads\/2023\/07\/cropped-apuntesdesanluis.png","width":450,"height":112,"caption":"apuntesdesanluis.com"},"logo":{"@id":"https:\/\/apuntesdesanluis.com\/#\/schema\/person\/image\/"},"sameAs":["https:\/\/apuntesdesanluis.com"],"url":"https:\/\/apuntesdesanluis.com\/index.php\/author\/apuntesdesanluis-com\/"}]}},"featured_image_urls":{"full":["https:\/\/apuntesdesanluis.com\/wp-content\/uploads\/2023\/10\/ciro-vargas-deportoilogo.png",427,283,false],"thumbnail":["https:\/\/apuntesdesanluis.com\/wp-content\/uploads\/2023\/10\/ciro-vargas-deportoilogo-150x150.png",150,150,true],"medium":["https:\/\/apuntesdesanluis.com\/wp-content\/uploads\/2023\/10\/ciro-vargas-deportoilogo-300x199.png",300,199,true],"medium_large":["https:\/\/apuntesdesanluis.com\/wp-content\/uploads\/2023\/10\/ciro-vargas-deportoilogo.png",427,283,false],"large":["https:\/\/apuntesdesanluis.com\/wp-content\/uploads\/2023\/10\/ciro-vargas-deportoilogo.png",427,283,false],"1536x1536":["https:\/\/apuntesdesanluis.com\/wp-content\/uploads\/2023\/10\/ciro-vargas-deportoilogo.png",427,283,false],"2048x2048":["https:\/\/apuntesdesanluis.com\/wp-content\/uploads\/2023\/10\/ciro-vargas-deportoilogo.png",427,283,false],"newsever-slider-full":["https:\/\/apuntesdesanluis.com\/wp-content\/uploads\/2023\/10\/ciro-vargas-deportoilogo.png",427,283,false],"newsever-featured":["https:\/\/apuntesdesanluis.com\/wp-content\/uploads\/2023\/10\/ciro-vargas-deportoilogo.png",427,283,false],"newsever-medium":["https:\/\/apuntesdesanluis.com\/wp-content\/uploads\/2023\/10\/ciro-vargas-deportoilogo.png",427,283,false]},"author_info":{"display_name":"apuntesdesanluis.com","author_link":"https:\/\/apuntesdesanluis.com\/index.php\/author\/apuntesdesanluis-com\/"},"category_info":"<a href=\"https:\/\/apuntesdesanluis.com\/index.php\/category\/ciudad-provincia\/\" rel=\"category tag\">Ciudad\/Provincia<\/a>","tag_info":"Ciudad\/Provincia","comment_count":"0","_links":{"self":[{"href":"https:\/\/apuntesdesanluis.com\/index.php\/wp-json\/wp\/v2\/posts\/4655","targetHints":{"allow":["GET"]}}],"collection":[{"href":"https:\/\/apuntesdesanluis.com\/index.php\/wp-json\/wp\/v2\/posts"}],"about":[{"href":"https:\/\/apuntesdesanluis.com\/index.php\/wp-json\/wp\/v2\/types\/post"}],"author":[{"embeddable":true,"href":"https:\/\/apuntesdesanluis.com\/index.php\/wp-json\/wp\/v2\/users\/1"}],"replies":[{"embeddable":true,"href":"https:\/\/apuntesdesanluis.com\/index.php\/wp-json\/wp\/v2\/comments?post=4655"}],"version-history":[{"count":2,"href":"https:\/\/apuntesdesanluis.com\/index.php\/wp-json\/wp\/v2\/posts\/4655\/revisions"}],"predecessor-version":[{"id":4659,"href":"https:\/\/apuntesdesanluis.com\/index.php\/wp-json\/wp\/v2\/posts\/4655\/revisions\/4659"}],"wp:featuredmedia":[{"embeddable":true,"href":"https:\/\/apuntesdesanluis.com\/index.php\/wp-json\/wp\/v2\/media\/4657"}],"wp:attachment":[{"href":"https:\/\/apuntesdesanluis.com\/index.php\/wp-json\/wp\/v2\/media?parent=4655"}],"wp:term":[{"taxonomy":"category","embeddable":true,"href":"https:\/\/apuntesdesanluis.com\/index.php\/wp-json\/wp\/v2\/categories?post=4655"},{"taxonomy":"post_tag","embeddable":true,"href":"https:\/\/apuntesdesanluis.com\/index.php\/wp-json\/wp\/v2\/tags?post=4655"}],"curies":[{"name":"wp","href":"https:\/\/api.w.org\/{rel}","templated":true}]}}