{"id":4660,"date":"2023-10-05T20:00:57","date_gmt":"2023-10-05T23:00:57","guid":{"rendered":"https:\/\/apuntesdesanluis.com\/?p=4660"},"modified":"2023-10-05T20:00:57","modified_gmt":"2023-10-05T23:00:57","slug":"identificaron-mas-de-200-viajes-al-exterior-de-insaurralde-en-los-ultimos-20-anos","status":"publish","type":"post","link":"https:\/\/apuntesdesanluis.com\/index.php\/2023\/10\/05\/identificaron-mas-de-200-viajes-al-exterior-de-insaurralde-en-los-ultimos-20-anos\/","title":{"rendered":"IDENTIFICARON M\u00c1S DE 200 VIAJES AL EXTERIOR DE INSAURRALDE EN LOS \u00daLTIMOS 20 A\u00d1OS"},"content":{"rendered":"<h3>Migraciones elabor\u00f3 el informe a requerimiento de la fiscal\u00eda federal de Lomas de Zamora que investiga al ex jefe de Gabinete bonaerense, a Sof\u00eda Cl\u00e9rici Y J\u00e9sica Cirio por presunto enriquecimiento il\u00edcito y lavado de activos.<\/h3>\n<h3>Los fiscales Sergio Mola y Cecilia Incardona identificaron 200 viajes al exterior del ex jefe de Gabinete bonaerense Mart\u00edn Insaurralde durante su paso por la funci\u00f3n p\u00fablica, en distintos cargos, desde 1999 a hoy.<\/h3>\n<h3>El \u00faltimo de los viajes registrados de Insaurralde es el de setiembre pasado a Espa\u00f1a, para el encuentro con la modelo Sof\u00eda Cl\u00e9rici, que qued\u00f3 registrado con fotos y videos publicados en redes sociales y que le cost\u00f3 la salida del cargo en la gobernaci\u00f3n bonaerense.<\/h3>\n<h3>El listado incluye los viajes que realiz\u00f3 desde enero de 1999, cuando viaj\u00f3 a Uruguay por un vuelo de l\u00ednea.<\/h3>\n<h3>Desde entonces, Insaurralde sali\u00f3 exactamente 200 veces del pa\u00eds, la mayor\u00eda de ellas a Sudam\u00e9rica y Europa, aunque tambi\u00e9n hay un viaje a Palau, Filipinas, en 2004; m\u00e1s de una decena a Estados Unidos y reiterados tambi\u00e9n a Colombia.<\/h3>\n<h3>A lo largo de 2023 fueron registradas varias entradas y salidas con destino a Espa\u00f1a y Estados Unidos, as\u00ed como en los a\u00f1os previos esos viajes incluyeron como destino a Francia.<\/h3>\n<h3>Los datos migratorios anteriores se centran en Sudam\u00e9rica, especialmente en Colombia, Chile, Uruguay y Brasil, con espor\u00e1dicas traves\u00edas a Europa, mayormente a Espa\u00f1a.<\/h3>\n<h3>El reporte, suministrado por la Direcci\u00f3n de Migraciones, tambi\u00e9n consigna los viajes al exterior de la modelo Cl\u00e9rici: 66 viajes entre 2011 y el \u00faltimo a Espa\u00f1a, para su encuentro con Insaurralde.<\/h3>\n<h3>Entre sus destinos se destacan Uruguay, Estados Unidos y Espa\u00f1a, pero tambi\u00e9n hay salidas con rumbo a Gran Breta\u00f1a, M\u00e9xico y Brasil.<\/h3>\n<h3>El documento, incorporado al expediente que tramita en la justicia federal de Lomas de Zamora, cuenta tambi\u00e9n con los datos personales y las fichas dactilares de ambos imputados por presunto lavado de dinero y enriquecimiento il\u00edcito.<\/h3>\n<p><img fetchpriority=\"high\" decoding=\"async\" class=\"wp-image-4662 aligncenter\" src=\"https:\/\/apuntesdesanluis.com\/wp-content\/uploads\/2023\/10\/cirio-e-insaurralde-300x190.png\" alt=\"\" width=\"722\" height=\"457\" srcset=\"https:\/\/apuntesdesanluis.com\/wp-content\/uploads\/2023\/10\/cirio-e-insaurralde-300x190.png 300w, https:\/\/apuntesdesanluis.com\/wp-content\/uploads\/2023\/10\/cirio-e-insaurralde.png 676w\" sizes=\"(max-width: 722px) 100vw, 722px\" \/><\/p>\n<h3>IMPUTACI\u00d3N<\/h3>\n<h3>La fiscal federal de Lomas de Zamora Cecilia Incardona imput\u00f3 hoy a la conductora Jesica Cirio, a su ex pareja, el ex jefe de Gabinete bonaerense Mart\u00edn Insaurralde y a la modelo Sof\u00eda Clerici en el marco de la investigaci\u00f3n por enriquecimiento il\u00edcito y lavado de dinero.<\/h3>\n<h3>A Cirio e Insaurralde los imput\u00f3 por lavado de dinero y enriquecimiento il\u00edcito y en lo que respecta a Clerici, por el delito de encubrimiento.<\/h3>\n<h3>Se trata de la denuncia hecha por el dirigente Ricardo L\u00f3pez Murphy y la candidata a senadora Mar\u00eda Eugenia Talarico.<\/h3>\n<h3>En la imputaci\u00f3n y pedido de investigaci\u00f3n, la fiscal Incardona sugiri\u00f3 realizar varias medidas de prueba contra los tres, y que tienen que ver con levantamiento de secreto fiscal y bancario de los tres imputados, as\u00ed como presentaci\u00f3n de declaraci\u00f3n jurada de bienes en el caso de Insaurralde como funcionario p\u00fablico.<\/h3>\n<h3>Trascendi\u00f3 que Insaurralde present\u00f3 la \u00faltima declaraci\u00f3n jurada en 2022 y anunci\u00f3 que en ese \u00faltimo a\u00f1o percibi\u00f3 casi 4 millones de pesos por su actividad como Jefe de Gabinete Bonaerense e Intendente de Lomas de Zamora en uso de licencia.<\/h3>\n<h3>La fiscal tambi\u00e9n reclam\u00f3 la intervenci\u00f3n de la Unidad de Informaci\u00f3n Financiera (UIF) para determinar si existieron reportes de operaciones sospechosas en Espa\u00f1a vinculadas a Insaurralde.<\/h3>\n<h3>En tanto, Jesica Cirio qued\u00f3 en el ojo de la tormenta a partir de la supuesta firma de un acuerdo de divorcio con Insaurralde por el cual se cree habr\u00eda pagado \u00e9ste la suma de 20 millones de d\u00f3lares en Uruguay. All\u00ed hay una denuncia ya que tramita ante la Justicia y la diputada Graciela Oca\u00f1a pidi\u00f3 informes con fines de investigar ese episodio.<\/h3>\n<h3>Adem\u00e1s, se pidieron informes a distintos registros para determinar la existencia de inmuebles, automotores y hasta buques.<\/h3>\n<h3>EL JUEZ SE APART\u00d3 DE LA CAUSA<\/h3>\n<h3>El juez federal Federico Villena se apart\u00f3 de la investigaci\u00f3n contra Mart\u00edn Insaurralde, ex jefe de Gabinete bonaerense. A su vez, el intendente de Lomas de Zamora, en uso de licencia, fue denunciado por la diputada Graciela Oca\u00f1a, en Uruguay, por presunto lavado de activos.<\/h3>\n<p><img decoding=\"async\" class=\"wp-image-4663 aligncenter\" src=\"https:\/\/apuntesdesanluis.com\/wp-content\/uploads\/2023\/10\/villena-300x225.png\" alt=\"\" width=\"735\" height=\"551\" srcset=\"https:\/\/apuntesdesanluis.com\/wp-content\/uploads\/2023\/10\/villena-300x225.png 300w, https:\/\/apuntesdesanluis.com\/wp-content\/uploads\/2023\/10\/villena.png 541w\" sizes=\"(max-width: 735px) 100vw, 735px\" \/><\/p>\n<h3>&#8220;No tengo, ni tuve amistad con el Sr. Mart\u00edn Insaurralde, m\u00e1s all\u00e1 de la relaci\u00f3n protocolar o cordial, que pueda tener con cualquier intendente cuyo municipio se encuentre territorialmente bajo la jurisdicci\u00f3n que corresponde a la Justicia Federal de Lomas de Zamora&#8221;, dijo el juez.<\/h3>\n<h3>\u201cEllo en modo alguno podr\u00eda haber afectado mi objetividad e imparcialidad para llevar adelante la investigaci\u00f3n de los hechos que conforman el objeto procesal de estas actuaciones\u201d, a\u00f1adi\u00f3 en su fallo en el cual acepta la excusaci\u00f3n.<\/h3>\n<h3>Sobre el hecho que la primera ex pareja de Insaurralde trabaja en su juzgado, Liana Alejandra Toledo, el juez remarc\u00f3 que \u201cactualmente\u201d est\u00e1 de licencia y no se encuentra trabajando en la secretar\u00eda donde qued\u00f3 radicada la denuncia.<\/h3>\n<h3>\u201cAhora bien, sin perjuicio de haber refutado todos y cada uno de los argumentos ofrecidos por el Dr. Mola, la escalada p\u00fablica de las presentes actuaciones, las dudas generadas, los falsos trascendidos y los reiterados ataques a mi investidura, me colocan en una situaci\u00f3n de violencia moral, que condiciona irremediablemente ahora s\u00ed mi actuaci\u00f3n como Juez natural en el presente legajo y me llevan a tomar la decisi\u00f3n de inhibirme de seguir entendiendo en \u00e9l\u201d, concluy\u00f3.<\/h3>\n<h3>\u201cJustamente, por la responsabilidad con la que asumo esa tarea, y con el \u00fanico objetivo de hacer prevalecer el valor justicia y la confianza de los ciudadanos en ella, es que de manera excepcional, adoptar\u00e9 la decisi\u00f3n de excusarme\u201d, agreg\u00f3.<\/h3>\n","protected":false},"excerpt":{"rendered":"<p>Migraciones elabor\u00f3 el informe a requerimiento de la fiscal\u00eda federal de Lomas de Zamora que&#8230;<\/p>\n","protected":false},"author":1,"featured_media":4661,"comment_status":"closed","ping_status":"closed","sticky":false,"template":"","format":"standard","meta":{"footnotes":""},"categories":[5],"tags":[],"class_list":["post-4660","post","type-post","status-publish","format-standard","has-post-thumbnail","hentry","category-nacionales-internacionales"],"yoast_head":"<!-- This site is optimized with the Yoast SEO plugin v26.1.1 - https:\/\/yoast.com\/wordpress\/plugins\/seo\/ -->\n<title>IDENTIFICARON M\u00c1S DE 200 VIAJES AL EXTERIOR DE INSAURRALDE EN LOS \u00daLTIMOS 20 A\u00d1OS - Apuntes de San Luis<\/title>\n<meta name=\"robots\" content=\"index, follow, max-snippet:-1, max-image-preview:large, max-video-preview:-1\" \/>\n<link rel=\"canonical\" href=\"https:\/\/apuntesdesanluis.com\/index.php\/2023\/10\/05\/identificaron-mas-de-200-viajes-al-exterior-de-insaurralde-en-los-ultimos-20-anos\/\" \/>\n<meta property=\"og:locale\" content=\"es_ES\" \/>\n<meta property=\"og:type\" content=\"article\" \/>\n<meta property=\"og:title\" content=\"IDENTIFICARON M\u00c1S DE 200 VIAJES AL EXTERIOR DE INSAURRALDE EN LOS \u00daLTIMOS 20 A\u00d1OS - Apuntes de San Luis\" \/>\n<meta property=\"og:description\" content=\"Migraciones elabor\u00f3 el informe a requerimiento de la fiscal\u00eda federal de Lomas de Zamora que...\" \/>\n<meta property=\"og:url\" content=\"https:\/\/apuntesdesanluis.com\/index.php\/2023\/10\/05\/identificaron-mas-de-200-viajes-al-exterior-de-insaurralde-en-los-ultimos-20-anos\/\" \/>\n<meta property=\"og:site_name\" content=\"Apuntes de San Luis\" \/>\n<meta property=\"article:published_time\" content=\"2023-10-05T23:00:57+00:00\" \/>\n<meta property=\"og:image\" content=\"https:\/\/apuntesdesanluis.com\/wp-content\/uploads\/2023\/10\/513bb0046a4b37503d1cf0c5ecde963d_M.jpg\" \/>\n\t<meta property=\"og:image:width\" content=\"768\" \/>\n\t<meta property=\"og:image:height\" content=\"485\" \/>\n\t<meta property=\"og:image:type\" content=\"image\/jpeg\" \/>\n<meta name=\"author\" content=\"apuntesdesanluis.com\" \/>\n<meta name=\"twitter:card\" content=\"summary_large_image\" \/>\n<meta name=\"twitter:label1\" content=\"Escrito por\" \/>\n\t<meta name=\"twitter:data1\" content=\"apuntesdesanluis.com\" \/>\n\t<meta name=\"twitter:label2\" content=\"Tiempo de lectura\" \/>\n\t<meta name=\"twitter:data2\" content=\"5 minutos\" \/>\n<script type=\"application\/ld+json\" class=\"yoast-schema-graph\">{\"@context\":\"https:\/\/schema.org\",\"@graph\":[{\"@type\":\"Article\",\"@id\":\"https:\/\/apuntesdesanluis.com\/index.php\/2023\/10\/05\/identificaron-mas-de-200-viajes-al-exterior-de-insaurralde-en-los-ultimos-20-anos\/#article\",\"isPartOf\":{\"@id\":\"https:\/\/apuntesdesanluis.com\/index.php\/2023\/10\/05\/identificaron-mas-de-200-viajes-al-exterior-de-insaurralde-en-los-ultimos-20-anos\/\"},\"author\":{\"name\":\"apuntesdesanluis.com\",\"@id\":\"https:\/\/apuntesdesanluis.com\/#\/schema\/person\/b55151d52296fcce64d1a72538a70b90\"},\"headline\":\"IDENTIFICARON M\u00c1S DE 200 VIAJES AL EXTERIOR DE INSAURRALDE EN LOS \u00daLTIMOS 20 A\u00d1OS\",\"datePublished\":\"2023-10-05T23:00:57+00:00\",\"mainEntityOfPage\":{\"@id\":\"https:\/\/apuntesdesanluis.com\/index.php\/2023\/10\/05\/identificaron-mas-de-200-viajes-al-exterior-de-insaurralde-en-los-ultimos-20-anos\/\"},\"wordCount\":977,\"publisher\":{\"@id\":\"https:\/\/apuntesdesanluis.com\/#\/schema\/person\/b55151d52296fcce64d1a72538a70b90\"},\"image\":{\"@id\":\"https:\/\/apuntesdesanluis.com\/index.php\/2023\/10\/05\/identificaron-mas-de-200-viajes-al-exterior-de-insaurralde-en-los-ultimos-20-anos\/#primaryimage\"},\"thumbnailUrl\":\"https:\/\/apuntesdesanluis.com\/wp-content\/uploads\/2023\/10\/513bb0046a4b37503d1cf0c5ecde963d_M.jpg\",\"articleSection\":[\"Nacionales\/Internacionales\"],\"inLanguage\":\"es-AR\"},{\"@type\":\"WebPage\",\"@id\":\"https:\/\/apuntesdesanluis.com\/index.php\/2023\/10\/05\/identificaron-mas-de-200-viajes-al-exterior-de-insaurralde-en-los-ultimos-20-anos\/\",\"url\":\"https:\/\/apuntesdesanluis.com\/index.php\/2023\/10\/05\/identificaron-mas-de-200-viajes-al-exterior-de-insaurralde-en-los-ultimos-20-anos\/\",\"name\":\"IDENTIFICARON M\u00c1S DE 200 VIAJES AL EXTERIOR DE INSAURRALDE EN LOS \u00daLTIMOS 20 A\u00d1OS - Apuntes de San Luis\",\"isPartOf\":{\"@id\":\"https:\/\/apuntesdesanluis.com\/#website\"},\"primaryImageOfPage\":{\"@id\":\"https:\/\/apuntesdesanluis.com\/index.php\/2023\/10\/05\/identificaron-mas-de-200-viajes-al-exterior-de-insaurralde-en-los-ultimos-20-anos\/#primaryimage\"},\"image\":{\"@id\":\"https:\/\/apuntesdesanluis.com\/index.php\/2023\/10\/05\/identificaron-mas-de-200-viajes-al-exterior-de-insaurralde-en-los-ultimos-20-anos\/#primaryimage\"},\"thumbnailUrl\":\"https:\/\/apuntesdesanluis.com\/wp-content\/uploads\/2023\/10\/513bb0046a4b37503d1cf0c5ecde963d_M.jpg\",\"datePublished\":\"2023-10-05T23:00:57+00:00\",\"breadcrumb\":{\"@id\":\"https:\/\/apuntesdesanluis.com\/index.php\/2023\/10\/05\/identificaron-mas-de-200-viajes-al-exterior-de-insaurralde-en-los-ultimos-20-anos\/#breadcrumb\"},\"inLanguage\":\"es-AR\",\"potentialAction\":[{\"@type\":\"ReadAction\",\"target\":[\"https:\/\/apuntesdesanluis.com\/index.php\/2023\/10\/05\/identificaron-mas-de-200-viajes-al-exterior-de-insaurralde-en-los-ultimos-20-anos\/\"]}]},{\"@type\":\"ImageObject\",\"inLanguage\":\"es-AR\",\"@id\":\"https:\/\/apuntesdesanluis.com\/index.php\/2023\/10\/05\/identificaron-mas-de-200-viajes-al-exterior-de-insaurralde-en-los-ultimos-20-anos\/#primaryimage\",\"url\":\"https:\/\/apuntesdesanluis.com\/wp-content\/uploads\/2023\/10\/513bb0046a4b37503d1cf0c5ecde963d_M.jpg\",\"contentUrl\":\"https:\/\/apuntesdesanluis.com\/wp-content\/uploads\/2023\/10\/513bb0046a4b37503d1cf0c5ecde963d_M.jpg\",\"width\":768,\"height\":485},{\"@type\":\"BreadcrumbList\",\"@id\":\"https:\/\/apuntesdesanluis.com\/index.php\/2023\/10\/05\/identificaron-mas-de-200-viajes-al-exterior-de-insaurralde-en-los-ultimos-20-anos\/#breadcrumb\",\"itemListElement\":[{\"@type\":\"ListItem\",\"position\":1,\"name\":\"Inicio\",\"item\":\"https:\/\/apuntesdesanluis.com\/\"},{\"@type\":\"ListItem\",\"position\":2,\"name\":\"IDENTIFICARON M\u00c1S DE 200 VIAJES AL EXTERIOR DE INSAURRALDE EN LOS \u00daLTIMOS 20 A\u00d1OS\"}]},{\"@type\":\"WebSite\",\"@id\":\"https:\/\/apuntesdesanluis.com\/#website\",\"url\":\"https:\/\/apuntesdesanluis.com\/\",\"name\":\"Apuntes de San Luis\",\"description\":\"\",\"publisher\":{\"@id\":\"https:\/\/apuntesdesanluis.com\/#\/schema\/person\/b55151d52296fcce64d1a72538a70b90\"},\"potentialAction\":[{\"@type\":\"SearchAction\",\"target\":{\"@type\":\"EntryPoint\",\"urlTemplate\":\"https:\/\/apuntesdesanluis.com\/?s={search_term_string}\"},\"query-input\":{\"@type\":\"PropertyValueSpecification\",\"valueRequired\":true,\"valueName\":\"search_term_string\"}}],\"inLanguage\":\"es-AR\"},{\"@type\":[\"Person\",\"Organization\"],\"@id\":\"https:\/\/apuntesdesanluis.com\/#\/schema\/person\/b55151d52296fcce64d1a72538a70b90\",\"name\":\"apuntesdesanluis.com\",\"image\":{\"@type\":\"ImageObject\",\"inLanguage\":\"es-AR\",\"@id\":\"https:\/\/apuntesdesanluis.com\/#\/schema\/person\/image\/\",\"url\":\"https:\/\/apuntesdesanluis.com\/wp-content\/uploads\/2023\/07\/cropped-apuntesdesanluis.png\",\"contentUrl\":\"https:\/\/apuntesdesanluis.com\/wp-content\/uploads\/2023\/07\/cropped-apuntesdesanluis.png\",\"width\":450,\"height\":112,\"caption\":\"apuntesdesanluis.com\"},\"logo\":{\"@id\":\"https:\/\/apuntesdesanluis.com\/#\/schema\/person\/image\/\"},\"sameAs\":[\"https:\/\/apuntesdesanluis.com\"],\"url\":\"https:\/\/apuntesdesanluis.com\/index.php\/author\/apuntesdesanluis-com\/\"}]}<\/script>\n<!-- \/ Yoast SEO plugin. -->","yoast_head_json":{"title":"IDENTIFICARON M\u00c1S DE 200 VIAJES AL EXTERIOR DE INSAURRALDE EN LOS \u00daLTIMOS 20 A\u00d1OS - Apuntes de San Luis","robots":{"index":"index","follow":"follow","max-snippet":"max-snippet:-1","max-image-preview":"max-image-preview:large","max-video-preview":"max-video-preview:-1"},"canonical":"https:\/\/apuntesdesanluis.com\/index.php\/2023\/10\/05\/identificaron-mas-de-200-viajes-al-exterior-de-insaurralde-en-los-ultimos-20-anos\/","og_locale":"es_ES","og_type":"article","og_title":"IDENTIFICARON M\u00c1S DE 200 VIAJES AL EXTERIOR DE INSAURRALDE EN LOS \u00daLTIMOS 20 A\u00d1OS - Apuntes de San Luis","og_description":"Migraciones elabor\u00f3 el informe a requerimiento de la fiscal\u00eda federal de Lomas de Zamora que...","og_url":"https:\/\/apuntesdesanluis.com\/index.php\/2023\/10\/05\/identificaron-mas-de-200-viajes-al-exterior-de-insaurralde-en-los-ultimos-20-anos\/","og_site_name":"Apuntes de San Luis","article_published_time":"2023-10-05T23:00:57+00:00","og_image":[{"width":768,"height":485,"url":"https:\/\/apuntesdesanluis.com\/wp-content\/uploads\/2023\/10\/513bb0046a4b37503d1cf0c5ecde963d_M.jpg","type":"image\/jpeg"}],"author":"apuntesdesanluis.com","twitter_card":"summary_large_image","twitter_misc":{"Escrito por":"apuntesdesanluis.com","Tiempo de lectura":"5 minutos"},"schema":{"@context":"https:\/\/schema.org","@graph":[{"@type":"Article","@id":"https:\/\/apuntesdesanluis.com\/index.php\/2023\/10\/05\/identificaron-mas-de-200-viajes-al-exterior-de-insaurralde-en-los-ultimos-20-anos\/#article","isPartOf":{"@id":"https:\/\/apuntesdesanluis.com\/index.php\/2023\/10\/05\/identificaron-mas-de-200-viajes-al-exterior-de-insaurralde-en-los-ultimos-20-anos\/"},"author":{"name":"apuntesdesanluis.com","@id":"https:\/\/apuntesdesanluis.com\/#\/schema\/person\/b55151d52296fcce64d1a72538a70b90"},"headline":"IDENTIFICARON M\u00c1S DE 200 VIAJES AL EXTERIOR DE INSAURRALDE EN LOS \u00daLTIMOS 20 A\u00d1OS","datePublished":"2023-10-05T23:00:57+00:00","mainEntityOfPage":{"@id":"https:\/\/apuntesdesanluis.com\/index.php\/2023\/10\/05\/identificaron-mas-de-200-viajes-al-exterior-de-insaurralde-en-los-ultimos-20-anos\/"},"wordCount":977,"publisher":{"@id":"https:\/\/apuntesdesanluis.com\/#\/schema\/person\/b55151d52296fcce64d1a72538a70b90"},"image":{"@id":"https:\/\/apuntesdesanluis.com\/index.php\/2023\/10\/05\/identificaron-mas-de-200-viajes-al-exterior-de-insaurralde-en-los-ultimos-20-anos\/#primaryimage"},"thumbnailUrl":"https:\/\/apuntesdesanluis.com\/wp-content\/uploads\/2023\/10\/513bb0046a4b37503d1cf0c5ecde963d_M.jpg","articleSection":["Nacionales\/Internacionales"],"inLanguage":"es-AR"},{"@type":"WebPage","@id":"https:\/\/apuntesdesanluis.com\/index.php\/2023\/10\/05\/identificaron-mas-de-200-viajes-al-exterior-de-insaurralde-en-los-ultimos-20-anos\/","url":"https:\/\/apuntesdesanluis.com\/index.php\/2023\/10\/05\/identificaron-mas-de-200-viajes-al-exterior-de-insaurralde-en-los-ultimos-20-anos\/","name":"IDENTIFICARON M\u00c1S DE 200 VIAJES AL EXTERIOR DE INSAURRALDE EN LOS \u00daLTIMOS 20 A\u00d1OS - Apuntes de San Luis","isPartOf":{"@id":"https:\/\/apuntesdesanluis.com\/#website"},"primaryImageOfPage":{"@id":"https:\/\/apuntesdesanluis.com\/index.php\/2023\/10\/05\/identificaron-mas-de-200-viajes-al-exterior-de-insaurralde-en-los-ultimos-20-anos\/#primaryimage"},"image":{"@id":"https:\/\/apuntesdesanluis.com\/index.php\/2023\/10\/05\/identificaron-mas-de-200-viajes-al-exterior-de-insaurralde-en-los-ultimos-20-anos\/#primaryimage"},"thumbnailUrl":"https:\/\/apuntesdesanluis.com\/wp-content\/uploads\/2023\/10\/513bb0046a4b37503d1cf0c5ecde963d_M.jpg","datePublished":"2023-10-05T23:00:57+00:00","breadcrumb":{"@id":"https:\/\/apuntesdesanluis.com\/index.php\/2023\/10\/05\/identificaron-mas-de-200-viajes-al-exterior-de-insaurralde-en-los-ultimos-20-anos\/#breadcrumb"},"inLanguage":"es-AR","potentialAction":[{"@type":"ReadAction","target":["https:\/\/apuntesdesanluis.com\/index.php\/2023\/10\/05\/identificaron-mas-de-200-viajes-al-exterior-de-insaurralde-en-los-ultimos-20-anos\/"]}]},{"@type":"ImageObject","inLanguage":"es-AR","@id":"https:\/\/apuntesdesanluis.com\/index.php\/2023\/10\/05\/identificaron-mas-de-200-viajes-al-exterior-de-insaurralde-en-los-ultimos-20-anos\/#primaryimage","url":"https:\/\/apuntesdesanluis.com\/wp-content\/uploads\/2023\/10\/513bb0046a4b37503d1cf0c5ecde963d_M.jpg","contentUrl":"https:\/\/apuntesdesanluis.com\/wp-content\/uploads\/2023\/10\/513bb0046a4b37503d1cf0c5ecde963d_M.jpg","width":768,"height":485},{"@type":"BreadcrumbList","@id":"https:\/\/apuntesdesanluis.com\/index.php\/2023\/10\/05\/identificaron-mas-de-200-viajes-al-exterior-de-insaurralde-en-los-ultimos-20-anos\/#breadcrumb","itemListElement":[{"@type":"ListItem","position":1,"name":"Inicio","item":"https:\/\/apuntesdesanluis.com\/"},{"@type":"ListItem","position":2,"name":"IDENTIFICARON M\u00c1S DE 200 VIAJES AL EXTERIOR DE INSAURRALDE EN LOS \u00daLTIMOS 20 A\u00d1OS"}]},{"@type":"WebSite","@id":"https:\/\/apuntesdesanluis.com\/#website","url":"https:\/\/apuntesdesanluis.com\/","name":"Apuntes de San Luis","description":"","publisher":{"@id":"https:\/\/apuntesdesanluis.com\/#\/schema\/person\/b55151d52296fcce64d1a72538a70b90"},"potentialAction":[{"@type":"SearchAction","target":{"@type":"EntryPoint","urlTemplate":"https:\/\/apuntesdesanluis.com\/?s={search_term_string}"},"query-input":{"@type":"PropertyValueSpecification","valueRequired":true,"valueName":"search_term_string"}}],"inLanguage":"es-AR"},{"@type":["Person","Organization"],"@id":"https:\/\/apuntesdesanluis.com\/#\/schema\/person\/b55151d52296fcce64d1a72538a70b90","name":"apuntesdesanluis.com","image":{"@type":"ImageObject","inLanguage":"es-AR","@id":"https:\/\/apuntesdesanluis.com\/#\/schema\/person\/image\/","url":"https:\/\/apuntesdesanluis.com\/wp-content\/uploads\/2023\/07\/cropped-apuntesdesanluis.png","contentUrl":"https:\/\/apuntesdesanluis.com\/wp-content\/uploads\/2023\/07\/cropped-apuntesdesanluis.png","width":450,"height":112,"caption":"apuntesdesanluis.com"},"logo":{"@id":"https:\/\/apuntesdesanluis.com\/#\/schema\/person\/image\/"},"sameAs":["https:\/\/apuntesdesanluis.com"],"url":"https:\/\/apuntesdesanluis.com\/index.php\/author\/apuntesdesanluis-com\/"}]}},"featured_image_urls":{"full":["https:\/\/apuntesdesanluis.com\/wp-content\/uploads\/2023\/10\/513bb0046a4b37503d1cf0c5ecde963d_M.jpg",768,485,false],"thumbnail":["https:\/\/apuntesdesanluis.com\/wp-content\/uploads\/2023\/10\/513bb0046a4b37503d1cf0c5ecde963d_M-150x150.jpg",150,150,true],"medium":["https:\/\/apuntesdesanluis.com\/wp-content\/uploads\/2023\/10\/513bb0046a4b37503d1cf0c5ecde963d_M-300x189.jpg",300,189,true],"medium_large":["https:\/\/apuntesdesanluis.com\/wp-content\/uploads\/2023\/10\/513bb0046a4b37503d1cf0c5ecde963d_M.jpg",640,404,false],"large":["https:\/\/apuntesdesanluis.com\/wp-content\/uploads\/2023\/10\/513bb0046a4b37503d1cf0c5ecde963d_M.jpg",640,404,false],"1536x1536":["https:\/\/apuntesdesanluis.com\/wp-content\/uploads\/2023\/10\/513bb0046a4b37503d1cf0c5ecde963d_M.jpg",768,485,false],"2048x2048":["https:\/\/apuntesdesanluis.com\/wp-content\/uploads\/2023\/10\/513bb0046a4b37503d1cf0c5ecde963d_M.jpg",768,485,false],"newsever-slider-full":["https:\/\/apuntesdesanluis.com\/wp-content\/uploads\/2023\/10\/513bb0046a4b37503d1cf0c5ecde963d_M.jpg",768,485,false],"newsever-featured":["https:\/\/apuntesdesanluis.com\/wp-content\/uploads\/2023\/10\/513bb0046a4b37503d1cf0c5ecde963d_M.jpg",768,485,false],"newsever-medium":["https:\/\/apuntesdesanluis.com\/wp-content\/uploads\/2023\/10\/513bb0046a4b37503d1cf0c5ecde963d_M-720x475.jpg",720,475,true]},"author_info":{"display_name":"apuntesdesanluis.com","author_link":"https:\/\/apuntesdesanluis.com\/index.php\/author\/apuntesdesanluis-com\/"},"category_info":"<a href=\"https:\/\/apuntesdesanluis.com\/index.php\/category\/nacionales-internacionales\/\" rel=\"category tag\">Nacionales\/Internacionales<\/a>","tag_info":"Nacionales\/Internacionales","comment_count":"0","_links":{"self":[{"href":"https:\/\/apuntesdesanluis.com\/index.php\/wp-json\/wp\/v2\/posts\/4660","targetHints":{"allow":["GET"]}}],"collection":[{"href":"https:\/\/apuntesdesanluis.com\/index.php\/wp-json\/wp\/v2\/posts"}],"about":[{"href":"https:\/\/apuntesdesanluis.com\/index.php\/wp-json\/wp\/v2\/types\/post"}],"author":[{"embeddable":true,"href":"https:\/\/apuntesdesanluis.com\/index.php\/wp-json\/wp\/v2\/users\/1"}],"replies":[{"embeddable":true,"href":"https:\/\/apuntesdesanluis.com\/index.php\/wp-json\/wp\/v2\/comments?post=4660"}],"version-history":[{"count":1,"href":"https:\/\/apuntesdesanluis.com\/index.php\/wp-json\/wp\/v2\/posts\/4660\/revisions"}],"predecessor-version":[{"id":4664,"href":"https:\/\/apuntesdesanluis.com\/index.php\/wp-json\/wp\/v2\/posts\/4660\/revisions\/4664"}],"wp:featuredmedia":[{"embeddable":true,"href":"https:\/\/apuntesdesanluis.com\/index.php\/wp-json\/wp\/v2\/media\/4661"}],"wp:attachment":[{"href":"https:\/\/apuntesdesanluis.com\/index.php\/wp-json\/wp\/v2\/media?parent=4660"}],"wp:term":[{"taxonomy":"category","embeddable":true,"href":"https:\/\/apuntesdesanluis.com\/index.php\/wp-json\/wp\/v2\/categories?post=4660"},{"taxonomy":"post_tag","embeddable":true,"href":"https:\/\/apuntesdesanluis.com\/index.php\/wp-json\/wp\/v2\/tags?post=4660"}],"curies":[{"name":"wp","href":"https:\/\/api.w.org\/{rel}","templated":true}]}}