{"id":4671,"date":"2023-10-05T20:39:03","date_gmt":"2023-10-05T23:39:03","guid":{"rendered":"https:\/\/apuntesdesanluis.com\/?p=4671"},"modified":"2023-10-05T20:39:28","modified_gmt":"2023-10-05T23:39:28","slug":"confirman-el-procesamiento-de-claudio-caniggia-por-abuso-sexual-contra-mariana-nannis","status":"publish","type":"post","link":"https:\/\/apuntesdesanluis.com\/index.php\/2023\/10\/05\/confirman-el-procesamiento-de-claudio-caniggia-por-abuso-sexual-contra-mariana-nannis\/","title":{"rendered":"CONFIRMAN EL PROCESAMIENTO DE CLAUDIO CANIGGIA POR ABUSO SEXUAL CONTRA MARIANA NANNIS"},"content":{"rendered":"<h3>Adem\u00e1s, se confirm\u00f3 el embargo por 5 millones de pesos contra el ex jugador.<\/h3>\n<h3>La C\u00e1mara del Crimen porte\u00f1a confirm\u00f3 el procesamiento contra el ex futbolista <strong>Claudio Paul Caniggia<\/strong> por abuso sexual agravado contra su ex esposa <strong>Mariana Nannis<\/strong>.<\/h3>\n<p><img fetchpriority=\"high\" decoding=\"async\" class=\"wp-image-4672 aligncenter\" src=\"https:\/\/apuntesdesanluis.com\/wp-content\/uploads\/2023\/10\/cani-y-mariana-300x180.png\" alt=\"\" width=\"633\" height=\"380\" srcset=\"https:\/\/apuntesdesanluis.com\/wp-content\/uploads\/2023\/10\/cani-y-mariana-300x180.png 300w, https:\/\/apuntesdesanluis.com\/wp-content\/uploads\/2023\/10\/cani-y-mariana.png 600w\" sizes=\"(max-width: 633px) 100vw, 633px\" \/><\/p>\n<h3>El tribunal de alzada ratific\u00f3 la medida dispuesta hace dos meses por la jueza de instrucci\u00f3n Fabiana Palmaghini y adem\u00e1s confirm\u00f3 el embargo por 5 millones de pesos contra Caniggia.<\/h3>\n<h3>Los camaristas Mariano Scotto y Juan Cicciaro sostuvieron que &#8220;en modo alguno puede aparecer como arbitraria la apreciaci\u00f3n que de ellas formul\u00f3 la magistrada interviniente&#8221;.<\/h3>\n<h3>La defensa de Caniggia hab\u00eda objetado tanto la calificaci\u00f3n legal cuanto la materialidad del hecho. Pero los jueces replicaron que &#8220;ante la evidencia de que el hecho investigado no cont\u00f3 con testigos presenciales ni otra probanza directa, los sucesos que configuran delitos contra la integridad sexual deben ser reconstruidos a partir de la prueba indiciaria con que se cuente&#8221;.<\/h3>\n<h3>&#8220;Los elementos reunidos permiten arribar, eventualmente, a la m\u00e1s amplia etapa del debate, de suerte tal que cabe descartar la certeza negativa invocada en el recurso y que hubiera justificado el sobreseimiento peticionado&#8221;, a\u00f1adieron al preanunciar la pr\u00f3xima etapa del expediente, el juicio oral y p\u00fablico en el que Caniggia podr\u00eda ser condenado a penas de hasta 15 a\u00f1os de prisi\u00f3n.<\/h3>\n<h3>Los hechos por los que fue procesado el ex astro de la Selecci\u00f3n argentina de f\u00fatbol ocurrieron en 2018 cuando la pareja regres\u00f3 de una fiesta de casamiento al departamento que por entonces compart\u00edan en el Hotel Faena de Buenos Aires.<\/h3>\n<p>&nbsp;<\/p>\n<p>&nbsp;<\/p>\n<p>&nbsp;<\/p>\n","protected":false},"excerpt":{"rendered":"<p>Adem\u00e1s, se confirm\u00f3 el embargo por 5 millones de pesos contra el ex jugador. La&#8230;<\/p>\n","protected":false},"author":1,"featured_media":4673,"comment_status":"closed","ping_status":"closed","sticky":false,"template":"","format":"standard","meta":{"footnotes":""},"categories":[5],"tags":[],"class_list":["post-4671","post","type-post","status-publish","format-standard","has-post-thumbnail","hentry","category-nacionales-internacionales"],"yoast_head":"<!-- This site is optimized with the Yoast SEO plugin v26.1.1 - https:\/\/yoast.com\/wordpress\/plugins\/seo\/ -->\n<title>CONFIRMAN EL PROCESAMIENTO DE CLAUDIO CANIGGIA POR ABUSO SEXUAL CONTRA MARIANA NANNIS - Apuntes de San Luis<\/title>\n<meta name=\"robots\" content=\"index, follow, max-snippet:-1, max-image-preview:large, max-video-preview:-1\" \/>\n<link rel=\"canonical\" href=\"https:\/\/apuntesdesanluis.com\/index.php\/2023\/10\/05\/confirman-el-procesamiento-de-claudio-caniggia-por-abuso-sexual-contra-mariana-nannis\/\" \/>\n<meta property=\"og:locale\" content=\"es_ES\" \/>\n<meta property=\"og:type\" content=\"article\" \/>\n<meta property=\"og:title\" content=\"CONFIRMAN EL PROCESAMIENTO DE CLAUDIO CANIGGIA POR ABUSO SEXUAL CONTRA MARIANA NANNIS - Apuntes de San Luis\" \/>\n<meta property=\"og:description\" content=\"Adem\u00e1s, se confirm\u00f3 el embargo por 5 millones de pesos contra el ex jugador. La...\" \/>\n<meta property=\"og:url\" content=\"https:\/\/apuntesdesanluis.com\/index.php\/2023\/10\/05\/confirman-el-procesamiento-de-claudio-caniggia-por-abuso-sexual-contra-mariana-nannis\/\" \/>\n<meta property=\"og:site_name\" content=\"Apuntes de San Luis\" \/>\n<meta property=\"article:published_time\" content=\"2023-10-05T23:39:03+00:00\" \/>\n<meta property=\"article:modified_time\" content=\"2023-10-05T23:39:28+00:00\" \/>\n<meta property=\"og:image\" content=\"https:\/\/apuntesdesanluis.com\/wp-content\/uploads\/2023\/10\/caniggia.png\" \/>\n\t<meta property=\"og:image:width\" content=\"780\" \/>\n\t<meta property=\"og:image:height\" content=\"469\" \/>\n\t<meta property=\"og:image:type\" content=\"image\/png\" \/>\n<meta name=\"author\" content=\"apuntesdesanluis.com\" \/>\n<meta name=\"twitter:card\" content=\"summary_large_image\" \/>\n<meta name=\"twitter:label1\" content=\"Escrito por\" \/>\n\t<meta name=\"twitter:data1\" content=\"apuntesdesanluis.com\" \/>\n\t<meta name=\"twitter:label2\" content=\"Tiempo de lectura\" \/>\n\t<meta name=\"twitter:data2\" content=\"2 minutos\" \/>\n<script type=\"application\/ld+json\" class=\"yoast-schema-graph\">{\"@context\":\"https:\/\/schema.org\",\"@graph\":[{\"@type\":\"Article\",\"@id\":\"https:\/\/apuntesdesanluis.com\/index.php\/2023\/10\/05\/confirman-el-procesamiento-de-claudio-caniggia-por-abuso-sexual-contra-mariana-nannis\/#article\",\"isPartOf\":{\"@id\":\"https:\/\/apuntesdesanluis.com\/index.php\/2023\/10\/05\/confirman-el-procesamiento-de-claudio-caniggia-por-abuso-sexual-contra-mariana-nannis\/\"},\"author\":{\"name\":\"apuntesdesanluis.com\",\"@id\":\"https:\/\/apuntesdesanluis.com\/#\/schema\/person\/b55151d52296fcce64d1a72538a70b90\"},\"headline\":\"CONFIRMAN EL PROCESAMIENTO DE CLAUDIO CANIGGIA POR ABUSO SEXUAL CONTRA MARIANA NANNIS\",\"datePublished\":\"2023-10-05T23:39:03+00:00\",\"dateModified\":\"2023-10-05T23:39:28+00:00\",\"mainEntityOfPage\":{\"@id\":\"https:\/\/apuntesdesanluis.com\/index.php\/2023\/10\/05\/confirman-el-procesamiento-de-claudio-caniggia-por-abuso-sexual-contra-mariana-nannis\/\"},\"wordCount\":284,\"publisher\":{\"@id\":\"https:\/\/apuntesdesanluis.com\/#\/schema\/person\/b55151d52296fcce64d1a72538a70b90\"},\"image\":{\"@id\":\"https:\/\/apuntesdesanluis.com\/index.php\/2023\/10\/05\/confirman-el-procesamiento-de-claudio-caniggia-por-abuso-sexual-contra-mariana-nannis\/#primaryimage\"},\"thumbnailUrl\":\"https:\/\/apuntesdesanluis.com\/wp-content\/uploads\/2023\/10\/caniggia.png\",\"articleSection\":[\"Nacionales\/Internacionales\"],\"inLanguage\":\"es-AR\"},{\"@type\":\"WebPage\",\"@id\":\"https:\/\/apuntesdesanluis.com\/index.php\/2023\/10\/05\/confirman-el-procesamiento-de-claudio-caniggia-por-abuso-sexual-contra-mariana-nannis\/\",\"url\":\"https:\/\/apuntesdesanluis.com\/index.php\/2023\/10\/05\/confirman-el-procesamiento-de-claudio-caniggia-por-abuso-sexual-contra-mariana-nannis\/\",\"name\":\"CONFIRMAN EL PROCESAMIENTO DE CLAUDIO CANIGGIA POR ABUSO SEXUAL CONTRA MARIANA NANNIS - Apuntes de San Luis\",\"isPartOf\":{\"@id\":\"https:\/\/apuntesdesanluis.com\/#website\"},\"primaryImageOfPage\":{\"@id\":\"https:\/\/apuntesdesanluis.com\/index.php\/2023\/10\/05\/confirman-el-procesamiento-de-claudio-caniggia-por-abuso-sexual-contra-mariana-nannis\/#primaryimage\"},\"image\":{\"@id\":\"https:\/\/apuntesdesanluis.com\/index.php\/2023\/10\/05\/confirman-el-procesamiento-de-claudio-caniggia-por-abuso-sexual-contra-mariana-nannis\/#primaryimage\"},\"thumbnailUrl\":\"https:\/\/apuntesdesanluis.com\/wp-content\/uploads\/2023\/10\/caniggia.png\",\"datePublished\":\"2023-10-05T23:39:03+00:00\",\"dateModified\":\"2023-10-05T23:39:28+00:00\",\"breadcrumb\":{\"@id\":\"https:\/\/apuntesdesanluis.com\/index.php\/2023\/10\/05\/confirman-el-procesamiento-de-claudio-caniggia-por-abuso-sexual-contra-mariana-nannis\/#breadcrumb\"},\"inLanguage\":\"es-AR\",\"potentialAction\":[{\"@type\":\"ReadAction\",\"target\":[\"https:\/\/apuntesdesanluis.com\/index.php\/2023\/10\/05\/confirman-el-procesamiento-de-claudio-caniggia-por-abuso-sexual-contra-mariana-nannis\/\"]}]},{\"@type\":\"ImageObject\",\"inLanguage\":\"es-AR\",\"@id\":\"https:\/\/apuntesdesanluis.com\/index.php\/2023\/10\/05\/confirman-el-procesamiento-de-claudio-caniggia-por-abuso-sexual-contra-mariana-nannis\/#primaryimage\",\"url\":\"https:\/\/apuntesdesanluis.com\/wp-content\/uploads\/2023\/10\/caniggia.png\",\"contentUrl\":\"https:\/\/apuntesdesanluis.com\/wp-content\/uploads\/2023\/10\/caniggia.png\",\"width\":780,\"height\":469},{\"@type\":\"BreadcrumbList\",\"@id\":\"https:\/\/apuntesdesanluis.com\/index.php\/2023\/10\/05\/confirman-el-procesamiento-de-claudio-caniggia-por-abuso-sexual-contra-mariana-nannis\/#breadcrumb\",\"itemListElement\":[{\"@type\":\"ListItem\",\"position\":1,\"name\":\"Inicio\",\"item\":\"https:\/\/apuntesdesanluis.com\/\"},{\"@type\":\"ListItem\",\"position\":2,\"name\":\"CONFIRMAN EL PROCESAMIENTO DE CLAUDIO CANIGGIA POR ABUSO SEXUAL CONTRA MARIANA NANNIS\"}]},{\"@type\":\"WebSite\",\"@id\":\"https:\/\/apuntesdesanluis.com\/#website\",\"url\":\"https:\/\/apuntesdesanluis.com\/\",\"name\":\"Apuntes de San Luis\",\"description\":\"\",\"publisher\":{\"@id\":\"https:\/\/apuntesdesanluis.com\/#\/schema\/person\/b55151d52296fcce64d1a72538a70b90\"},\"potentialAction\":[{\"@type\":\"SearchAction\",\"target\":{\"@type\":\"EntryPoint\",\"urlTemplate\":\"https:\/\/apuntesdesanluis.com\/?s={search_term_string}\"},\"query-input\":{\"@type\":\"PropertyValueSpecification\",\"valueRequired\":true,\"valueName\":\"search_term_string\"}}],\"inLanguage\":\"es-AR\"},{\"@type\":[\"Person\",\"Organization\"],\"@id\":\"https:\/\/apuntesdesanluis.com\/#\/schema\/person\/b55151d52296fcce64d1a72538a70b90\",\"name\":\"apuntesdesanluis.com\",\"image\":{\"@type\":\"ImageObject\",\"inLanguage\":\"es-AR\",\"@id\":\"https:\/\/apuntesdesanluis.com\/#\/schema\/person\/image\/\",\"url\":\"https:\/\/apuntesdesanluis.com\/wp-content\/uploads\/2023\/07\/cropped-apuntesdesanluis.png\",\"contentUrl\":\"https:\/\/apuntesdesanluis.com\/wp-content\/uploads\/2023\/07\/cropped-apuntesdesanluis.png\",\"width\":450,\"height\":112,\"caption\":\"apuntesdesanluis.com\"},\"logo\":{\"@id\":\"https:\/\/apuntesdesanluis.com\/#\/schema\/person\/image\/\"},\"sameAs\":[\"https:\/\/apuntesdesanluis.com\"],\"url\":\"https:\/\/apuntesdesanluis.com\/index.php\/author\/apuntesdesanluis-com\/\"}]}<\/script>\n<!-- \/ Yoast SEO plugin. -->","yoast_head_json":{"title":"CONFIRMAN EL PROCESAMIENTO DE CLAUDIO CANIGGIA POR ABUSO SEXUAL CONTRA MARIANA NANNIS - Apuntes de San Luis","robots":{"index":"index","follow":"follow","max-snippet":"max-snippet:-1","max-image-preview":"max-image-preview:large","max-video-preview":"max-video-preview:-1"},"canonical":"https:\/\/apuntesdesanluis.com\/index.php\/2023\/10\/05\/confirman-el-procesamiento-de-claudio-caniggia-por-abuso-sexual-contra-mariana-nannis\/","og_locale":"es_ES","og_type":"article","og_title":"CONFIRMAN EL PROCESAMIENTO DE CLAUDIO CANIGGIA POR ABUSO SEXUAL CONTRA MARIANA NANNIS - Apuntes de San Luis","og_description":"Adem\u00e1s, se confirm\u00f3 el embargo por 5 millones de pesos contra el ex jugador. La...","og_url":"https:\/\/apuntesdesanluis.com\/index.php\/2023\/10\/05\/confirman-el-procesamiento-de-claudio-caniggia-por-abuso-sexual-contra-mariana-nannis\/","og_site_name":"Apuntes de San Luis","article_published_time":"2023-10-05T23:39:03+00:00","article_modified_time":"2023-10-05T23:39:28+00:00","og_image":[{"width":780,"height":469,"url":"https:\/\/apuntesdesanluis.com\/wp-content\/uploads\/2023\/10\/caniggia.png","type":"image\/png"}],"author":"apuntesdesanluis.com","twitter_card":"summary_large_image","twitter_misc":{"Escrito por":"apuntesdesanluis.com","Tiempo de lectura":"2 minutos"},"schema":{"@context":"https:\/\/schema.org","@graph":[{"@type":"Article","@id":"https:\/\/apuntesdesanluis.com\/index.php\/2023\/10\/05\/confirman-el-procesamiento-de-claudio-caniggia-por-abuso-sexual-contra-mariana-nannis\/#article","isPartOf":{"@id":"https:\/\/apuntesdesanluis.com\/index.php\/2023\/10\/05\/confirman-el-procesamiento-de-claudio-caniggia-por-abuso-sexual-contra-mariana-nannis\/"},"author":{"name":"apuntesdesanluis.com","@id":"https:\/\/apuntesdesanluis.com\/#\/schema\/person\/b55151d52296fcce64d1a72538a70b90"},"headline":"CONFIRMAN EL PROCESAMIENTO DE CLAUDIO CANIGGIA POR ABUSO SEXUAL CONTRA MARIANA NANNIS","datePublished":"2023-10-05T23:39:03+00:00","dateModified":"2023-10-05T23:39:28+00:00","mainEntityOfPage":{"@id":"https:\/\/apuntesdesanluis.com\/index.php\/2023\/10\/05\/confirman-el-procesamiento-de-claudio-caniggia-por-abuso-sexual-contra-mariana-nannis\/"},"wordCount":284,"publisher":{"@id":"https:\/\/apuntesdesanluis.com\/#\/schema\/person\/b55151d52296fcce64d1a72538a70b90"},"image":{"@id":"https:\/\/apuntesdesanluis.com\/index.php\/2023\/10\/05\/confirman-el-procesamiento-de-claudio-caniggia-por-abuso-sexual-contra-mariana-nannis\/#primaryimage"},"thumbnailUrl":"https:\/\/apuntesdesanluis.com\/wp-content\/uploads\/2023\/10\/caniggia.png","articleSection":["Nacionales\/Internacionales"],"inLanguage":"es-AR"},{"@type":"WebPage","@id":"https:\/\/apuntesdesanluis.com\/index.php\/2023\/10\/05\/confirman-el-procesamiento-de-claudio-caniggia-por-abuso-sexual-contra-mariana-nannis\/","url":"https:\/\/apuntesdesanluis.com\/index.php\/2023\/10\/05\/confirman-el-procesamiento-de-claudio-caniggia-por-abuso-sexual-contra-mariana-nannis\/","name":"CONFIRMAN EL PROCESAMIENTO DE CLAUDIO CANIGGIA POR ABUSO SEXUAL CONTRA MARIANA NANNIS - Apuntes de San Luis","isPartOf":{"@id":"https:\/\/apuntesdesanluis.com\/#website"},"primaryImageOfPage":{"@id":"https:\/\/apuntesdesanluis.com\/index.php\/2023\/10\/05\/confirman-el-procesamiento-de-claudio-caniggia-por-abuso-sexual-contra-mariana-nannis\/#primaryimage"},"image":{"@id":"https:\/\/apuntesdesanluis.com\/index.php\/2023\/10\/05\/confirman-el-procesamiento-de-claudio-caniggia-por-abuso-sexual-contra-mariana-nannis\/#primaryimage"},"thumbnailUrl":"https:\/\/apuntesdesanluis.com\/wp-content\/uploads\/2023\/10\/caniggia.png","datePublished":"2023-10-05T23:39:03+00:00","dateModified":"2023-10-05T23:39:28+00:00","breadcrumb":{"@id":"https:\/\/apuntesdesanluis.com\/index.php\/2023\/10\/05\/confirman-el-procesamiento-de-claudio-caniggia-por-abuso-sexual-contra-mariana-nannis\/#breadcrumb"},"inLanguage":"es-AR","potentialAction":[{"@type":"ReadAction","target":["https:\/\/apuntesdesanluis.com\/index.php\/2023\/10\/05\/confirman-el-procesamiento-de-claudio-caniggia-por-abuso-sexual-contra-mariana-nannis\/"]}]},{"@type":"ImageObject","inLanguage":"es-AR","@id":"https:\/\/apuntesdesanluis.com\/index.php\/2023\/10\/05\/confirman-el-procesamiento-de-claudio-caniggia-por-abuso-sexual-contra-mariana-nannis\/#primaryimage","url":"https:\/\/apuntesdesanluis.com\/wp-content\/uploads\/2023\/10\/caniggia.png","contentUrl":"https:\/\/apuntesdesanluis.com\/wp-content\/uploads\/2023\/10\/caniggia.png","width":780,"height":469},{"@type":"BreadcrumbList","@id":"https:\/\/apuntesdesanluis.com\/index.php\/2023\/10\/05\/confirman-el-procesamiento-de-claudio-caniggia-por-abuso-sexual-contra-mariana-nannis\/#breadcrumb","itemListElement":[{"@type":"ListItem","position":1,"name":"Inicio","item":"https:\/\/apuntesdesanluis.com\/"},{"@type":"ListItem","position":2,"name":"CONFIRMAN EL PROCESAMIENTO DE CLAUDIO CANIGGIA POR ABUSO SEXUAL CONTRA MARIANA NANNIS"}]},{"@type":"WebSite","@id":"https:\/\/apuntesdesanluis.com\/#website","url":"https:\/\/apuntesdesanluis.com\/","name":"Apuntes de San Luis","description":"","publisher":{"@id":"https:\/\/apuntesdesanluis.com\/#\/schema\/person\/b55151d52296fcce64d1a72538a70b90"},"potentialAction":[{"@type":"SearchAction","target":{"@type":"EntryPoint","urlTemplate":"https:\/\/apuntesdesanluis.com\/?s={search_term_string}"},"query-input":{"@type":"PropertyValueSpecification","valueRequired":true,"valueName":"search_term_string"}}],"inLanguage":"es-AR"},{"@type":["Person","Organization"],"@id":"https:\/\/apuntesdesanluis.com\/#\/schema\/person\/b55151d52296fcce64d1a72538a70b90","name":"apuntesdesanluis.com","image":{"@type":"ImageObject","inLanguage":"es-AR","@id":"https:\/\/apuntesdesanluis.com\/#\/schema\/person\/image\/","url":"https:\/\/apuntesdesanluis.com\/wp-content\/uploads\/2023\/07\/cropped-apuntesdesanluis.png","contentUrl":"https:\/\/apuntesdesanluis.com\/wp-content\/uploads\/2023\/07\/cropped-apuntesdesanluis.png","width":450,"height":112,"caption":"apuntesdesanluis.com"},"logo":{"@id":"https:\/\/apuntesdesanluis.com\/#\/schema\/person\/image\/"},"sameAs":["https:\/\/apuntesdesanluis.com"],"url":"https:\/\/apuntesdesanluis.com\/index.php\/author\/apuntesdesanluis-com\/"}]}},"featured_image_urls":{"full":["https:\/\/apuntesdesanluis.com\/wp-content\/uploads\/2023\/10\/caniggia.png",780,469,false],"thumbnail":["https:\/\/apuntesdesanluis.com\/wp-content\/uploads\/2023\/10\/caniggia-150x150.png",150,150,true],"medium":["https:\/\/apuntesdesanluis.com\/wp-content\/uploads\/2023\/10\/caniggia-300x180.png",300,180,true],"medium_large":["https:\/\/apuntesdesanluis.com\/wp-content\/uploads\/2023\/10\/caniggia-768x462.png",640,385,true],"large":["https:\/\/apuntesdesanluis.com\/wp-content\/uploads\/2023\/10\/caniggia.png",640,385,false],"1536x1536":["https:\/\/apuntesdesanluis.com\/wp-content\/uploads\/2023\/10\/caniggia.png",780,469,false],"2048x2048":["https:\/\/apuntesdesanluis.com\/wp-content\/uploads\/2023\/10\/caniggia.png",780,469,false],"newsever-slider-full":["https:\/\/apuntesdesanluis.com\/wp-content\/uploads\/2023\/10\/caniggia.png",780,469,false],"newsever-featured":["https:\/\/apuntesdesanluis.com\/wp-content\/uploads\/2023\/10\/caniggia.png",780,469,false],"newsever-medium":["https:\/\/apuntesdesanluis.com\/wp-content\/uploads\/2023\/10\/caniggia-720x469.png",720,469,true]},"author_info":{"display_name":"apuntesdesanluis.com","author_link":"https:\/\/apuntesdesanluis.com\/index.php\/author\/apuntesdesanluis-com\/"},"category_info":"<a href=\"https:\/\/apuntesdesanluis.com\/index.php\/category\/nacionales-internacionales\/\" rel=\"category tag\">Nacionales\/Internacionales<\/a>","tag_info":"Nacionales\/Internacionales","comment_count":"0","_links":{"self":[{"href":"https:\/\/apuntesdesanluis.com\/index.php\/wp-json\/wp\/v2\/posts\/4671","targetHints":{"allow":["GET"]}}],"collection":[{"href":"https:\/\/apuntesdesanluis.com\/index.php\/wp-json\/wp\/v2\/posts"}],"about":[{"href":"https:\/\/apuntesdesanluis.com\/index.php\/wp-json\/wp\/v2\/types\/post"}],"author":[{"embeddable":true,"href":"https:\/\/apuntesdesanluis.com\/index.php\/wp-json\/wp\/v2\/users\/1"}],"replies":[{"embeddable":true,"href":"https:\/\/apuntesdesanluis.com\/index.php\/wp-json\/wp\/v2\/comments?post=4671"}],"version-history":[{"count":2,"href":"https:\/\/apuntesdesanluis.com\/index.php\/wp-json\/wp\/v2\/posts\/4671\/revisions"}],"predecessor-version":[{"id":4675,"href":"https:\/\/apuntesdesanluis.com\/index.php\/wp-json\/wp\/v2\/posts\/4671\/revisions\/4675"}],"wp:featuredmedia":[{"embeddable":true,"href":"https:\/\/apuntesdesanluis.com\/index.php\/wp-json\/wp\/v2\/media\/4673"}],"wp:attachment":[{"href":"https:\/\/apuntesdesanluis.com\/index.php\/wp-json\/wp\/v2\/media?parent=4671"}],"wp:term":[{"taxonomy":"category","embeddable":true,"href":"https:\/\/apuntesdesanluis.com\/index.php\/wp-json\/wp\/v2\/categories?post=4671"},{"taxonomy":"post_tag","embeddable":true,"href":"https:\/\/apuntesdesanluis.com\/index.php\/wp-json\/wp\/v2\/tags?post=4671"}],"curies":[{"name":"wp","href":"https:\/\/api.w.org\/{rel}","templated":true}]}}