{"id":4676,"date":"2023-10-05T12:43:04","date_gmt":"2023-10-05T15:43:04","guid":{"rendered":"https:\/\/apuntesdesanluis.com\/?p=4676"},"modified":"2023-10-05T20:44:25","modified_gmt":"2023-10-05T23:44:25","slug":"bullrich-dijo-en-el-coloquio-de-idea-lo-que-los-empresarios-querian-escuchar-ademas-de-criticar-a-massa","status":"publish","type":"post","link":"https:\/\/apuntesdesanluis.com\/index.php\/2023\/10\/05\/bullrich-dijo-en-el-coloquio-de-idea-lo-que-los-empresarios-querian-escuchar-ademas-de-criticar-a-massa\/","title":{"rendered":"BULLRICH DIJO EN EL COLOQUIO DE IDEA LO QUE LOS EMPRESARIOS QUER\u00cdAN ESCUCHAR, ADEM\u00c1S DE CRITICAR A MASSA"},"content":{"rendered":"<h3>La candidata presidencial de Juntos por el Cambio, <strong>Patricia Bullrich<\/strong>, expuso sus propuestas econ\u00f3micas en el 59\u00b0 Coloquio de IDEA, ante un auditorio empresario repleto, que le devolvi\u00f3 con fuertes aplausos la deferencia de haber sido la \u00fanica postulante nacional que asisti\u00f3 al evento.<\/h3>\n<h3>La ex funcionaria nacional lleg\u00f3 a la ciudad a bordo del &#8220;Patom\u00f3vil&#8221;, un micro ploteado con su foto, junto a la ex gobernadora bonaerense Mar\u00eda Eugenia Vidal; el candidato a gobernador provincial de su espacio, N\u00e9stor Grindetti; los ex ministros Hern\u00e1n Lacunza y Esteban Bullrich; y los dirigentes de su sector Dante Sica, Hern\u00e1n Lombardi, Eduardo Amadeo y Silvia Lospenatto, entre otros.<\/h3>\n<h3>Con los faltazos de Sergio Massa y Javier Milei al Coloquio, Bullrich se convirti\u00f3 en el plato fuerte de la segunda jornada del encuentro que finalizar\u00e1 ma\u00f1ana en el hotel Sheraton.<\/h3>\n<h3>Ante los empresarios, que se preocuparon por llenar el recinto donde habl\u00f3 Bullrich para que no pareciera que el libertario lo hab\u00eda vaciado con su &#8220;contra coloquio&#8221; en un restaurante, la postulante de JxC plante\u00f3 su idea de un nuevo sistema de indemnizaciones m\u00e1s amigable para el empleador, a fin de terminar con &#8220;la industria del juicio&#8221;.<\/h3>\n<h3>&#8220;Nuestro r\u00e9gimen laboral tiene que tener un 60% de baja del r\u00e9gimen de indemnizaciones. Tres a\u00f1os, tres sueldos. Diez a\u00f1os, diez sueldos. Hay que derogar las leyes que han destruido el r\u00e9gimen de indemnizaciones, empezando por la 24.013&#8221;, dijo Bullrich.<\/h3>\n<h3>Tambi\u00e9n prometi\u00f3: &#8220;Vamos a presentar la nueva carta org\u00e1nica del BCRA que va a tener prohibici\u00f3n de cepos y prohibici\u00f3n de emisi\u00f3n&#8221;.<\/h3>\n<h3>Seg\u00fan sostuvo, es imprescindible recuperar la &#8220;solidez fiscal&#8221; y &#8220;sacar todas las trabas impositivas, porque Argentina tiene costos adicionales que no le permiten ser competitiva&#8221;.<\/h3>\n<h3>&#8220;Reemplazar ingresos brutos por un impuesto a la venta final que es mucho m\u00e1s razonable&#8221;, ejemplific\u00f3 la ex ministra de Seguridad, y agreg\u00f3: &#8220;Tenemos que sacar inmediatamente el cepo, que ning\u00fan funcionario de tercera o cuarta l\u00ednea pueda cerrarte las importaciones o las exportaciones&#8221;.<\/h3>\n<h3>&#8220;Que est\u00e9 prohibido prohibir, que un funcionario no te pueda cambiar las reglas de tu negocio&#8221;, resalt\u00f3.<\/h3>\n<h3>LAS CR\u00cdTICAS A MASSA<\/h3>\n<h3>La postulante de Juntos por el Cambio record\u00f3 el viaje que hizo el candidato de Uni\u00f3n por la Patria, Sergio Massa, junto al ex presidente Mauricio Macri al Foro Econ\u00f3mico de Davos, en 2016.<\/h3>\n<h3>En su exposici\u00f3n, Bullrich rememor\u00f3 el viaje al que Macri invit\u00f3 al l\u00edder del Frente Renovador en enero de 2026, a poco de asumir el poder, momento en que lo hab\u00eda presentado como al &#8220;l\u00edder de la oposici\u00f3n&#8221;.<\/h3>\n<h3>Al hablar de su plan laboral y las propuestas que tiene para un nuevo sistema de indemnizaciones, la candidata de JxC resalt\u00f3: &#8220;Lo llevamos a Massa a Davos y a los seis meses nos meti\u00f3 una ley anti despidos, lo m\u00e1s anticapitalista que hay&#8221;.<\/h3>\n<h3>&#8220;Lo llevamos a Davos y no aprendi\u00f3 mucho en Davos&#8221;, chicane\u00f3 la ex ministra de Seguridad, a 17 d\u00edas de las elecciones nacionales.<\/h3>\n<h3>Luego, lo critic\u00f3 durante una conferencia de prensa al contestar una de sus afirmaciones de esta semana, cuando Massa dijo que en Juntos por el Cambio hab\u00eda &#8220;desesperaci\u00f3n&#8221; por mantener la idea de que pod\u00edan ganar, cuando ya estaba perdida.<\/h3>\n<h3>&#8220;En primer lugar, Massa sali\u00f3 tercero, que se acuerde, sali\u00f3 tercero&#8221;, asegur\u00f3 Bullrich, y consider\u00f3 que hubo un &#8220;juego conjunto&#8221; entre el ministro de Econom\u00eda y el libertario para elegirse como adversarios.<\/h3>\n<h3>&#8220;Massa sali\u00f3 tercero, y se tiene que recordar que, adem\u00e1s, no solamente sali\u00f3 tercero en agosto, sino que ahora est\u00e1 mucho m\u00e1s atr\u00e1s en la competencia por el desastre que est\u00e1 haciendo en la econom\u00eda argentina, la desesperaci\u00f3n a la que est\u00e1 llevando a todos los hogares argentinos con la inflaci\u00f3n. La gente no puede m\u00e1s, la gente no puede m\u00e1s y sabe que esto es su responsabilidad, de que el que se vendi\u00f3 como superministro y hoy es un superdesastre&#8221;, complet\u00f3.<\/h3>\n","protected":false},"excerpt":{"rendered":"<p>La candidata presidencial de Juntos por el Cambio, Patricia Bullrich, expuso sus propuestas econ\u00f3micas en&#8230;<\/p>\n","protected":false},"author":1,"featured_media":4677,"comment_status":"closed","ping_status":"closed","sticky":false,"template":"","format":"standard","meta":{"footnotes":""},"categories":[5],"tags":[],"class_list":["post-4676","post","type-post","status-publish","format-standard","has-post-thumbnail","hentry","category-nacionales-internacionales"],"yoast_head":"<!-- This site is optimized with the Yoast SEO plugin v26.1.1 - https:\/\/yoast.com\/wordpress\/plugins\/seo\/ -->\n<title>BULLRICH DIJO EN EL COLOQUIO DE IDEA LO QUE LOS EMPRESARIOS QUER\u00cdAN ESCUCHAR, ADEM\u00c1S DE CRITICAR A MASSA - Apuntes de San Luis<\/title>\n<meta name=\"robots\" content=\"index, follow, max-snippet:-1, max-image-preview:large, max-video-preview:-1\" \/>\n<link rel=\"canonical\" href=\"https:\/\/apuntesdesanluis.com\/index.php\/2023\/10\/05\/bullrich-dijo-en-el-coloquio-de-idea-lo-que-los-empresarios-querian-escuchar-ademas-de-criticar-a-massa\/\" \/>\n<meta property=\"og:locale\" content=\"es_ES\" \/>\n<meta property=\"og:type\" content=\"article\" \/>\n<meta property=\"og:title\" content=\"BULLRICH DIJO EN EL COLOQUIO DE IDEA LO QUE LOS EMPRESARIOS QUER\u00cdAN ESCUCHAR, ADEM\u00c1S DE CRITICAR A MASSA - Apuntes de San Luis\" \/>\n<meta property=\"og:description\" content=\"La candidata presidencial de Juntos por el Cambio, Patricia Bullrich, expuso sus propuestas econ\u00f3micas en...\" \/>\n<meta property=\"og:url\" content=\"https:\/\/apuntesdesanluis.com\/index.php\/2023\/10\/05\/bullrich-dijo-en-el-coloquio-de-idea-lo-que-los-empresarios-querian-escuchar-ademas-de-criticar-a-massa\/\" \/>\n<meta property=\"og:site_name\" content=\"Apuntes de San Luis\" \/>\n<meta property=\"article:published_time\" content=\"2023-10-05T15:43:04+00:00\" \/>\n<meta property=\"article:modified_time\" content=\"2023-10-05T23:44:25+00:00\" \/>\n<meta property=\"og:image\" content=\"https:\/\/apuntesdesanluis.com\/wp-content\/uploads\/2023\/10\/BULLRICH.png\" \/>\n\t<meta property=\"og:image:width\" content=\"914\" \/>\n\t<meta property=\"og:image:height\" content=\"553\" \/>\n\t<meta property=\"og:image:type\" content=\"image\/png\" \/>\n<meta name=\"author\" content=\"apuntesdesanluis.com\" \/>\n<meta name=\"twitter:card\" content=\"summary_large_image\" \/>\n<meta name=\"twitter:label1\" content=\"Escrito por\" \/>\n\t<meta name=\"twitter:data1\" content=\"apuntesdesanluis.com\" \/>\n\t<meta name=\"twitter:label2\" content=\"Tiempo de lectura\" \/>\n\t<meta name=\"twitter:data2\" content=\"3 minutos\" \/>\n<script type=\"application\/ld+json\" class=\"yoast-schema-graph\">{\"@context\":\"https:\/\/schema.org\",\"@graph\":[{\"@type\":\"Article\",\"@id\":\"https:\/\/apuntesdesanluis.com\/index.php\/2023\/10\/05\/bullrich-dijo-en-el-coloquio-de-idea-lo-que-los-empresarios-querian-escuchar-ademas-de-criticar-a-massa\/#article\",\"isPartOf\":{\"@id\":\"https:\/\/apuntesdesanluis.com\/index.php\/2023\/10\/05\/bullrich-dijo-en-el-coloquio-de-idea-lo-que-los-empresarios-querian-escuchar-ademas-de-criticar-a-massa\/\"},\"author\":{\"name\":\"apuntesdesanluis.com\",\"@id\":\"https:\/\/apuntesdesanluis.com\/#\/schema\/person\/b55151d52296fcce64d1a72538a70b90\"},\"headline\":\"BULLRICH DIJO EN EL COLOQUIO DE IDEA LO QUE LOS EMPRESARIOS QUER\u00cdAN ESCUCHAR, ADEM\u00c1S DE CRITICAR A MASSA\",\"datePublished\":\"2023-10-05T15:43:04+00:00\",\"dateModified\":\"2023-10-05T23:44:25+00:00\",\"mainEntityOfPage\":{\"@id\":\"https:\/\/apuntesdesanluis.com\/index.php\/2023\/10\/05\/bullrich-dijo-en-el-coloquio-de-idea-lo-que-los-empresarios-querian-escuchar-ademas-de-criticar-a-massa\/\"},\"wordCount\":698,\"publisher\":{\"@id\":\"https:\/\/apuntesdesanluis.com\/#\/schema\/person\/b55151d52296fcce64d1a72538a70b90\"},\"image\":{\"@id\":\"https:\/\/apuntesdesanluis.com\/index.php\/2023\/10\/05\/bullrich-dijo-en-el-coloquio-de-idea-lo-que-los-empresarios-querian-escuchar-ademas-de-criticar-a-massa\/#primaryimage\"},\"thumbnailUrl\":\"https:\/\/apuntesdesanluis.com\/wp-content\/uploads\/2023\/10\/BULLRICH.png\",\"articleSection\":[\"Nacionales\/Internacionales\"],\"inLanguage\":\"es-AR\"},{\"@type\":\"WebPage\",\"@id\":\"https:\/\/apuntesdesanluis.com\/index.php\/2023\/10\/05\/bullrich-dijo-en-el-coloquio-de-idea-lo-que-los-empresarios-querian-escuchar-ademas-de-criticar-a-massa\/\",\"url\":\"https:\/\/apuntesdesanluis.com\/index.php\/2023\/10\/05\/bullrich-dijo-en-el-coloquio-de-idea-lo-que-los-empresarios-querian-escuchar-ademas-de-criticar-a-massa\/\",\"name\":\"BULLRICH DIJO EN EL COLOQUIO DE IDEA LO QUE LOS EMPRESARIOS QUER\u00cdAN ESCUCHAR, ADEM\u00c1S DE CRITICAR A MASSA - Apuntes de San Luis\",\"isPartOf\":{\"@id\":\"https:\/\/apuntesdesanluis.com\/#website\"},\"primaryImageOfPage\":{\"@id\":\"https:\/\/apuntesdesanluis.com\/index.php\/2023\/10\/05\/bullrich-dijo-en-el-coloquio-de-idea-lo-que-los-empresarios-querian-escuchar-ademas-de-criticar-a-massa\/#primaryimage\"},\"image\":{\"@id\":\"https:\/\/apuntesdesanluis.com\/index.php\/2023\/10\/05\/bullrich-dijo-en-el-coloquio-de-idea-lo-que-los-empresarios-querian-escuchar-ademas-de-criticar-a-massa\/#primaryimage\"},\"thumbnailUrl\":\"https:\/\/apuntesdesanluis.com\/wp-content\/uploads\/2023\/10\/BULLRICH.png\",\"datePublished\":\"2023-10-05T15:43:04+00:00\",\"dateModified\":\"2023-10-05T23:44:25+00:00\",\"breadcrumb\":{\"@id\":\"https:\/\/apuntesdesanluis.com\/index.php\/2023\/10\/05\/bullrich-dijo-en-el-coloquio-de-idea-lo-que-los-empresarios-querian-escuchar-ademas-de-criticar-a-massa\/#breadcrumb\"},\"inLanguage\":\"es-AR\",\"potentialAction\":[{\"@type\":\"ReadAction\",\"target\":[\"https:\/\/apuntesdesanluis.com\/index.php\/2023\/10\/05\/bullrich-dijo-en-el-coloquio-de-idea-lo-que-los-empresarios-querian-escuchar-ademas-de-criticar-a-massa\/\"]}]},{\"@type\":\"ImageObject\",\"inLanguage\":\"es-AR\",\"@id\":\"https:\/\/apuntesdesanluis.com\/index.php\/2023\/10\/05\/bullrich-dijo-en-el-coloquio-de-idea-lo-que-los-empresarios-querian-escuchar-ademas-de-criticar-a-massa\/#primaryimage\",\"url\":\"https:\/\/apuntesdesanluis.com\/wp-content\/uploads\/2023\/10\/BULLRICH.png\",\"contentUrl\":\"https:\/\/apuntesdesanluis.com\/wp-content\/uploads\/2023\/10\/BULLRICH.png\",\"width\":914,\"height\":553},{\"@type\":\"BreadcrumbList\",\"@id\":\"https:\/\/apuntesdesanluis.com\/index.php\/2023\/10\/05\/bullrich-dijo-en-el-coloquio-de-idea-lo-que-los-empresarios-querian-escuchar-ademas-de-criticar-a-massa\/#breadcrumb\",\"itemListElement\":[{\"@type\":\"ListItem\",\"position\":1,\"name\":\"Inicio\",\"item\":\"https:\/\/apuntesdesanluis.com\/\"},{\"@type\":\"ListItem\",\"position\":2,\"name\":\"BULLRICH DIJO EN EL COLOQUIO DE IDEA LO QUE LOS EMPRESARIOS QUER\u00cdAN ESCUCHAR, ADEM\u00c1S DE CRITICAR A MASSA\"}]},{\"@type\":\"WebSite\",\"@id\":\"https:\/\/apuntesdesanluis.com\/#website\",\"url\":\"https:\/\/apuntesdesanluis.com\/\",\"name\":\"Apuntes de San Luis\",\"description\":\"\",\"publisher\":{\"@id\":\"https:\/\/apuntesdesanluis.com\/#\/schema\/person\/b55151d52296fcce64d1a72538a70b90\"},\"potentialAction\":[{\"@type\":\"SearchAction\",\"target\":{\"@type\":\"EntryPoint\",\"urlTemplate\":\"https:\/\/apuntesdesanluis.com\/?s={search_term_string}\"},\"query-input\":{\"@type\":\"PropertyValueSpecification\",\"valueRequired\":true,\"valueName\":\"search_term_string\"}}],\"inLanguage\":\"es-AR\"},{\"@type\":[\"Person\",\"Organization\"],\"@id\":\"https:\/\/apuntesdesanluis.com\/#\/schema\/person\/b55151d52296fcce64d1a72538a70b90\",\"name\":\"apuntesdesanluis.com\",\"image\":{\"@type\":\"ImageObject\",\"inLanguage\":\"es-AR\",\"@id\":\"https:\/\/apuntesdesanluis.com\/#\/schema\/person\/image\/\",\"url\":\"https:\/\/apuntesdesanluis.com\/wp-content\/uploads\/2023\/07\/cropped-apuntesdesanluis.png\",\"contentUrl\":\"https:\/\/apuntesdesanluis.com\/wp-content\/uploads\/2023\/07\/cropped-apuntesdesanluis.png\",\"width\":450,\"height\":112,\"caption\":\"apuntesdesanluis.com\"},\"logo\":{\"@id\":\"https:\/\/apuntesdesanluis.com\/#\/schema\/person\/image\/\"},\"sameAs\":[\"https:\/\/apuntesdesanluis.com\"],\"url\":\"https:\/\/apuntesdesanluis.com\/index.php\/author\/apuntesdesanluis-com\/\"}]}<\/script>\n<!-- \/ Yoast SEO plugin. -->","yoast_head_json":{"title":"BULLRICH DIJO EN EL COLOQUIO DE IDEA LO QUE LOS EMPRESARIOS QUER\u00cdAN ESCUCHAR, ADEM\u00c1S DE CRITICAR A MASSA - Apuntes de San Luis","robots":{"index":"index","follow":"follow","max-snippet":"max-snippet:-1","max-image-preview":"max-image-preview:large","max-video-preview":"max-video-preview:-1"},"canonical":"https:\/\/apuntesdesanluis.com\/index.php\/2023\/10\/05\/bullrich-dijo-en-el-coloquio-de-idea-lo-que-los-empresarios-querian-escuchar-ademas-de-criticar-a-massa\/","og_locale":"es_ES","og_type":"article","og_title":"BULLRICH DIJO EN EL COLOQUIO DE IDEA LO QUE LOS EMPRESARIOS QUER\u00cdAN ESCUCHAR, ADEM\u00c1S DE CRITICAR A MASSA - Apuntes de San Luis","og_description":"La candidata presidencial de Juntos por el Cambio, Patricia Bullrich, expuso sus propuestas econ\u00f3micas en...","og_url":"https:\/\/apuntesdesanluis.com\/index.php\/2023\/10\/05\/bullrich-dijo-en-el-coloquio-de-idea-lo-que-los-empresarios-querian-escuchar-ademas-de-criticar-a-massa\/","og_site_name":"Apuntes de San Luis","article_published_time":"2023-10-05T15:43:04+00:00","article_modified_time":"2023-10-05T23:44:25+00:00","og_image":[{"width":914,"height":553,"url":"https:\/\/apuntesdesanluis.com\/wp-content\/uploads\/2023\/10\/BULLRICH.png","type":"image\/png"}],"author":"apuntesdesanluis.com","twitter_card":"summary_large_image","twitter_misc":{"Escrito por":"apuntesdesanluis.com","Tiempo de lectura":"3 minutos"},"schema":{"@context":"https:\/\/schema.org","@graph":[{"@type":"Article","@id":"https:\/\/apuntesdesanluis.com\/index.php\/2023\/10\/05\/bullrich-dijo-en-el-coloquio-de-idea-lo-que-los-empresarios-querian-escuchar-ademas-de-criticar-a-massa\/#article","isPartOf":{"@id":"https:\/\/apuntesdesanluis.com\/index.php\/2023\/10\/05\/bullrich-dijo-en-el-coloquio-de-idea-lo-que-los-empresarios-querian-escuchar-ademas-de-criticar-a-massa\/"},"author":{"name":"apuntesdesanluis.com","@id":"https:\/\/apuntesdesanluis.com\/#\/schema\/person\/b55151d52296fcce64d1a72538a70b90"},"headline":"BULLRICH DIJO EN EL COLOQUIO DE IDEA LO QUE LOS EMPRESARIOS QUER\u00cdAN ESCUCHAR, ADEM\u00c1S DE CRITICAR A MASSA","datePublished":"2023-10-05T15:43:04+00:00","dateModified":"2023-10-05T23:44:25+00:00","mainEntityOfPage":{"@id":"https:\/\/apuntesdesanluis.com\/index.php\/2023\/10\/05\/bullrich-dijo-en-el-coloquio-de-idea-lo-que-los-empresarios-querian-escuchar-ademas-de-criticar-a-massa\/"},"wordCount":698,"publisher":{"@id":"https:\/\/apuntesdesanluis.com\/#\/schema\/person\/b55151d52296fcce64d1a72538a70b90"},"image":{"@id":"https:\/\/apuntesdesanluis.com\/index.php\/2023\/10\/05\/bullrich-dijo-en-el-coloquio-de-idea-lo-que-los-empresarios-querian-escuchar-ademas-de-criticar-a-massa\/#primaryimage"},"thumbnailUrl":"https:\/\/apuntesdesanluis.com\/wp-content\/uploads\/2023\/10\/BULLRICH.png","articleSection":["Nacionales\/Internacionales"],"inLanguage":"es-AR"},{"@type":"WebPage","@id":"https:\/\/apuntesdesanluis.com\/index.php\/2023\/10\/05\/bullrich-dijo-en-el-coloquio-de-idea-lo-que-los-empresarios-querian-escuchar-ademas-de-criticar-a-massa\/","url":"https:\/\/apuntesdesanluis.com\/index.php\/2023\/10\/05\/bullrich-dijo-en-el-coloquio-de-idea-lo-que-los-empresarios-querian-escuchar-ademas-de-criticar-a-massa\/","name":"BULLRICH DIJO EN EL COLOQUIO DE IDEA LO QUE LOS EMPRESARIOS QUER\u00cdAN ESCUCHAR, ADEM\u00c1S DE CRITICAR A MASSA - Apuntes de San Luis","isPartOf":{"@id":"https:\/\/apuntesdesanluis.com\/#website"},"primaryImageOfPage":{"@id":"https:\/\/apuntesdesanluis.com\/index.php\/2023\/10\/05\/bullrich-dijo-en-el-coloquio-de-idea-lo-que-los-empresarios-querian-escuchar-ademas-de-criticar-a-massa\/#primaryimage"},"image":{"@id":"https:\/\/apuntesdesanluis.com\/index.php\/2023\/10\/05\/bullrich-dijo-en-el-coloquio-de-idea-lo-que-los-empresarios-querian-escuchar-ademas-de-criticar-a-massa\/#primaryimage"},"thumbnailUrl":"https:\/\/apuntesdesanluis.com\/wp-content\/uploads\/2023\/10\/BULLRICH.png","datePublished":"2023-10-05T15:43:04+00:00","dateModified":"2023-10-05T23:44:25+00:00","breadcrumb":{"@id":"https:\/\/apuntesdesanluis.com\/index.php\/2023\/10\/05\/bullrich-dijo-en-el-coloquio-de-idea-lo-que-los-empresarios-querian-escuchar-ademas-de-criticar-a-massa\/#breadcrumb"},"inLanguage":"es-AR","potentialAction":[{"@type":"ReadAction","target":["https:\/\/apuntesdesanluis.com\/index.php\/2023\/10\/05\/bullrich-dijo-en-el-coloquio-de-idea-lo-que-los-empresarios-querian-escuchar-ademas-de-criticar-a-massa\/"]}]},{"@type":"ImageObject","inLanguage":"es-AR","@id":"https:\/\/apuntesdesanluis.com\/index.php\/2023\/10\/05\/bullrich-dijo-en-el-coloquio-de-idea-lo-que-los-empresarios-querian-escuchar-ademas-de-criticar-a-massa\/#primaryimage","url":"https:\/\/apuntesdesanluis.com\/wp-content\/uploads\/2023\/10\/BULLRICH.png","contentUrl":"https:\/\/apuntesdesanluis.com\/wp-content\/uploads\/2023\/10\/BULLRICH.png","width":914,"height":553},{"@type":"BreadcrumbList","@id":"https:\/\/apuntesdesanluis.com\/index.php\/2023\/10\/05\/bullrich-dijo-en-el-coloquio-de-idea-lo-que-los-empresarios-querian-escuchar-ademas-de-criticar-a-massa\/#breadcrumb","itemListElement":[{"@type":"ListItem","position":1,"name":"Inicio","item":"https:\/\/apuntesdesanluis.com\/"},{"@type":"ListItem","position":2,"name":"BULLRICH DIJO EN EL COLOQUIO DE IDEA LO QUE LOS EMPRESARIOS QUER\u00cdAN ESCUCHAR, ADEM\u00c1S DE CRITICAR A MASSA"}]},{"@type":"WebSite","@id":"https:\/\/apuntesdesanluis.com\/#website","url":"https:\/\/apuntesdesanluis.com\/","name":"Apuntes de San Luis","description":"","publisher":{"@id":"https:\/\/apuntesdesanluis.com\/#\/schema\/person\/b55151d52296fcce64d1a72538a70b90"},"potentialAction":[{"@type":"SearchAction","target":{"@type":"EntryPoint","urlTemplate":"https:\/\/apuntesdesanluis.com\/?s={search_term_string}"},"query-input":{"@type":"PropertyValueSpecification","valueRequired":true,"valueName":"search_term_string"}}],"inLanguage":"es-AR"},{"@type":["Person","Organization"],"@id":"https:\/\/apuntesdesanluis.com\/#\/schema\/person\/b55151d52296fcce64d1a72538a70b90","name":"apuntesdesanluis.com","image":{"@type":"ImageObject","inLanguage":"es-AR","@id":"https:\/\/apuntesdesanluis.com\/#\/schema\/person\/image\/","url":"https:\/\/apuntesdesanluis.com\/wp-content\/uploads\/2023\/07\/cropped-apuntesdesanluis.png","contentUrl":"https:\/\/apuntesdesanluis.com\/wp-content\/uploads\/2023\/07\/cropped-apuntesdesanluis.png","width":450,"height":112,"caption":"apuntesdesanluis.com"},"logo":{"@id":"https:\/\/apuntesdesanluis.com\/#\/schema\/person\/image\/"},"sameAs":["https:\/\/apuntesdesanluis.com"],"url":"https:\/\/apuntesdesanluis.com\/index.php\/author\/apuntesdesanluis-com\/"}]}},"featured_image_urls":{"full":["https:\/\/apuntesdesanluis.com\/wp-content\/uploads\/2023\/10\/BULLRICH.png",914,553,false],"thumbnail":["https:\/\/apuntesdesanluis.com\/wp-content\/uploads\/2023\/10\/BULLRICH-150x150.png",150,150,true],"medium":["https:\/\/apuntesdesanluis.com\/wp-content\/uploads\/2023\/10\/BULLRICH-300x182.png",300,182,true],"medium_large":["https:\/\/apuntesdesanluis.com\/wp-content\/uploads\/2023\/10\/BULLRICH-768x465.png",640,388,true],"large":["https:\/\/apuntesdesanluis.com\/wp-content\/uploads\/2023\/10\/BULLRICH.png",640,387,false],"1536x1536":["https:\/\/apuntesdesanluis.com\/wp-content\/uploads\/2023\/10\/BULLRICH.png",914,553,false],"2048x2048":["https:\/\/apuntesdesanluis.com\/wp-content\/uploads\/2023\/10\/BULLRICH.png",914,553,false],"newsever-slider-full":["https:\/\/apuntesdesanluis.com\/wp-content\/uploads\/2023\/10\/BULLRICH.png",914,553,false],"newsever-featured":["https:\/\/apuntesdesanluis.com\/wp-content\/uploads\/2023\/10\/BULLRICH.png",914,553,false],"newsever-medium":["https:\/\/apuntesdesanluis.com\/wp-content\/uploads\/2023\/10\/BULLRICH-720x475.png",720,475,true]},"author_info":{"display_name":"apuntesdesanluis.com","author_link":"https:\/\/apuntesdesanluis.com\/index.php\/author\/apuntesdesanluis-com\/"},"category_info":"<a href=\"https:\/\/apuntesdesanluis.com\/index.php\/category\/nacionales-internacionales\/\" rel=\"category tag\">Nacionales\/Internacionales<\/a>","tag_info":"Nacionales\/Internacionales","comment_count":"0","_links":{"self":[{"href":"https:\/\/apuntesdesanluis.com\/index.php\/wp-json\/wp\/v2\/posts\/4676","targetHints":{"allow":["GET"]}}],"collection":[{"href":"https:\/\/apuntesdesanluis.com\/index.php\/wp-json\/wp\/v2\/posts"}],"about":[{"href":"https:\/\/apuntesdesanluis.com\/index.php\/wp-json\/wp\/v2\/types\/post"}],"author":[{"embeddable":true,"href":"https:\/\/apuntesdesanluis.com\/index.php\/wp-json\/wp\/v2\/users\/1"}],"replies":[{"embeddable":true,"href":"https:\/\/apuntesdesanluis.com\/index.php\/wp-json\/wp\/v2\/comments?post=4676"}],"version-history":[{"count":1,"href":"https:\/\/apuntesdesanluis.com\/index.php\/wp-json\/wp\/v2\/posts\/4676\/revisions"}],"predecessor-version":[{"id":4678,"href":"https:\/\/apuntesdesanluis.com\/index.php\/wp-json\/wp\/v2\/posts\/4676\/revisions\/4678"}],"wp:featuredmedia":[{"embeddable":true,"href":"https:\/\/apuntesdesanluis.com\/index.php\/wp-json\/wp\/v2\/media\/4677"}],"wp:attachment":[{"href":"https:\/\/apuntesdesanluis.com\/index.php\/wp-json\/wp\/v2\/media?parent=4676"}],"wp:term":[{"taxonomy":"category","embeddable":true,"href":"https:\/\/apuntesdesanluis.com\/index.php\/wp-json\/wp\/v2\/categories?post=4676"},{"taxonomy":"post_tag","embeddable":true,"href":"https:\/\/apuntesdesanluis.com\/index.php\/wp-json\/wp\/v2\/tags?post=4676"}],"curies":[{"name":"wp","href":"https:\/\/api.w.org\/{rel}","templated":true}]}}