{"id":4679,"date":"2023-10-05T21:06:19","date_gmt":"2023-10-06T00:06:19","guid":{"rendered":"https:\/\/apuntesdesanluis.com\/?p=4679"},"modified":"2023-10-05T21:06:19","modified_gmt":"2023-10-06T00:06:19","slug":"un-estudio-de-la-unlc-trazo-un-mapa-de-casas-en-riesgo-de-incendios-urbano-forestales","status":"publish","type":"post","link":"https:\/\/apuntesdesanluis.com\/index.php\/2023\/10\/05\/un-estudio-de-la-unlc-trazo-un-mapa-de-casas-en-riesgo-de-incendios-urbano-forestales\/","title":{"rendered":"UN ESTUDIO DE LA UNLC TRAZ\u00d3 UN MAPA DE CASAS EN RIESGO DE INCENDIOS URBANO-FORESTALES"},"content":{"rendered":"<h3>Seg\u00fan un estudio, las localidades de Los Molles y Merlo son las jurisdicciones m\u00e1s vulnerables.<\/h3>\n<h3>Las casas de Los Molles ubicadas en zonas donde se cruzan los n\u00facleos urbanos y los bosques o montes nativos son las m\u00e1s propensas de la regi\u00f3n a sufrir da\u00f1os por incendios. Este dato se desprende de un estudio elaborado por un equipo interdisciplinario de la UNLC mediante encuestas realizadas a 172 estudiantes de 14 escuelas de Merlo, Carpinter\u00eda, Los Molles, Santa Rosa, La Lomita, Lafinur, y pueblos vecinos como Cortaderas, Villa Larca y La Paz (C\u00f3rdoba).<\/h3>\n<h3>Merlo es el segundo municipio m\u00e1s vulnerable, seguido por Carpinter\u00eda y Santa Rosa. Los resultados indican que las viviendas con bajo riesgo son la minor\u00eda, mientras que las de riesgo alto y extremadamente alto representan casi la mitad de las casas relevadas. En general, el factor que m\u00e1s contribuye a la vulnerabilidad es la vegetaci\u00f3n de superficie (c\u00e9sped y vegetaci\u00f3n baja en los jardines) que representa un 22% del total, seguida por los bosques. En menor medida, la presencia o ausencia de servicios, la le\u00f1a, el material combustible disponible, los factores especiales y las caracter\u00edsticas de los caminos de acceso suman un 20%.<\/h3>\n<h3>El proyecto, a cargo de la t\u00e9cnica Micaela Alfaro y el licenciado Gustavo Romero en conjunto con el t\u00e9cnico Iv\u00e1n Marcelo Gayol, comenz\u00f3 con una georreferenciaci\u00f3n de las viviendas de los participantes para obtener un mapeo de la regi\u00f3n. Se entrevistaron y georreferenciaron a 172 chicos y chicas que residen la zona.<\/h3>\n<h3><img fetchpriority=\"high\" decoding=\"async\" class=\"wp-image-4681 aligncenter\" src=\"https:\/\/apuntesdesanluis.com\/wp-content\/uploads\/2023\/10\/ESPECIALISTAS-300x186.png\" alt=\"\" width=\"652\" height=\"404\" srcset=\"https:\/\/apuntesdesanluis.com\/wp-content\/uploads\/2023\/10\/ESPECIALISTAS-300x186.png 300w, https:\/\/apuntesdesanluis.com\/wp-content\/uploads\/2023\/10\/ESPECIALISTAS.png 659w\" sizes=\"(max-width: 652px) 100vw, 652px\" \/><\/h3>\n<h3>El equipo de la Universidad Nacional de los Comechingones realiz\u00f3 un relevamiento a partir de un cuestionario del Servicio Nacional de Manejo del Fuego, para conocer la vulnerabilidad de las viviendas frente a la probabilidad de ocurrencia de un incendio de interfase, es decir, urbano-forestal. Los datos obtenidos resultan \u00fatiles para tomar medidas correctivas, de prevenci\u00f3n y concientizaci\u00f3n en cada una de las localidades.<\/h3>\n<h3>La UNLC es un nexo clave para la realizaci\u00f3n de este tipo de proyectos como instituci\u00f3n formadora de t\u00e9cnicos y t\u00e9cnicas en Gesti\u00f3n Integral de Incendios Forestales que poseen conocimientos te\u00f3ricos y pr\u00e1cticos. Adem\u00e1s, cumple la funci\u00f3n de recurso t\u00e9cnico que provee las herramientas tecnol\u00f3gicas que contribuyen a la gesti\u00f3n.<\/h3>\n<h3>Ariana Avero Kloster y Carmela Bulgarella, estudiantes avanzadas de la carrera Licenciatura en Ciencias de la Atm\u00f3sfera y Meteorolog\u00eda Aplicada y Facundo Martins Meira, egresado de la Tecnicatura en Planificaci\u00f3n y Ordenamiento Territorial, participaron de la propuesta con la elaboraci\u00f3n de planos, gr\u00e1ficos y aportes interpretativos desde la perspectiva de sus respectivas disciplinas.<\/h3>\n<h3><img decoding=\"async\" class=\"wp-image-4680 aligncenter\" src=\"https:\/\/apuntesdesanluis.com\/wp-content\/uploads\/2023\/10\/ALUMNOS-300x157.png\" alt=\"\" width=\"655\" height=\"343\" srcset=\"https:\/\/apuntesdesanluis.com\/wp-content\/uploads\/2023\/10\/ALUMNOS-300x157.png 300w, https:\/\/apuntesdesanluis.com\/wp-content\/uploads\/2023\/10\/ALUMNOS-768x402.png 768w, https:\/\/apuntesdesanluis.com\/wp-content\/uploads\/2023\/10\/ALUMNOS.png 771w\" sizes=\"(max-width: 655px) 100vw, 655px\" \/><\/h3>\n<h3>Por otra parte, el proyecto integr\u00f3 a los establecimientos educativos como receptores del contenido propuesto por la carrera de Gesti\u00f3n Integral de Incendios Forestales y fueron los receptores quienes georreferenciaron sus viviendas a fin de elaborar una cartograf\u00eda que integre todas las ubicaciones de forma colaborativa.<\/h3>\n<p><img decoding=\"async\" class=\"wp-image-4682 aligncenter\" src=\"https:\/\/apuntesdesanluis.com\/wp-content\/uploads\/2023\/10\/CARTOGRAFIA-300x196.png\" alt=\"\" width=\"654\" height=\"427\" srcset=\"https:\/\/apuntesdesanluis.com\/wp-content\/uploads\/2023\/10\/CARTOGRAFIA-300x196.png 300w, https:\/\/apuntesdesanluis.com\/wp-content\/uploads\/2023\/10\/CARTOGRAFIA.png 768w\" sizes=\"(max-width: 654px) 100vw, 654px\" \/><\/p>\n","protected":false},"excerpt":{"rendered":"<p>Seg\u00fan un estudio, las localidades de Los Molles y Merlo son las jurisdicciones m\u00e1s vulnerables&#8230;.<\/p>\n","protected":false},"author":1,"featured_media":4683,"comment_status":"closed","ping_status":"closed","sticky":false,"template":"","format":"standard","meta":{"footnotes":""},"categories":[6],"tags":[],"class_list":["post-4679","post","type-post","status-publish","format-standard","has-post-thumbnail","hentry","category-ciudad-provincia"],"yoast_head":"<!-- This site is optimized with the Yoast SEO plugin v26.1.1 - https:\/\/yoast.com\/wordpress\/plugins\/seo\/ -->\n<title>UN ESTUDIO DE LA UNLC TRAZ\u00d3 UN MAPA DE CASAS EN RIESGO DE INCENDIOS URBANO-FORESTALES - Apuntes de San Luis<\/title>\n<meta name=\"robots\" content=\"index, follow, max-snippet:-1, max-image-preview:large, max-video-preview:-1\" \/>\n<link rel=\"canonical\" href=\"https:\/\/apuntesdesanluis.com\/index.php\/2023\/10\/05\/un-estudio-de-la-unlc-trazo-un-mapa-de-casas-en-riesgo-de-incendios-urbano-forestales\/\" \/>\n<meta property=\"og:locale\" content=\"es_ES\" \/>\n<meta property=\"og:type\" content=\"article\" \/>\n<meta property=\"og:title\" content=\"UN ESTUDIO DE LA UNLC TRAZ\u00d3 UN MAPA DE CASAS EN RIESGO DE INCENDIOS URBANO-FORESTALES - Apuntes de San Luis\" \/>\n<meta property=\"og:description\" content=\"Seg\u00fan un estudio, las localidades de Los Molles y Merlo son las jurisdicciones m\u00e1s vulnerables....\" \/>\n<meta property=\"og:url\" content=\"https:\/\/apuntesdesanluis.com\/index.php\/2023\/10\/05\/un-estudio-de-la-unlc-trazo-un-mapa-de-casas-en-riesgo-de-incendios-urbano-forestales\/\" \/>\n<meta property=\"og:site_name\" content=\"Apuntes de San Luis\" \/>\n<meta property=\"article:published_time\" content=\"2023-10-06T00:06:19+00:00\" \/>\n<meta property=\"og:image\" content=\"https:\/\/apuntesdesanluis.com\/wp-content\/uploads\/2023\/10\/UNLC-Nuevo-Edificio-Inauguracion-.jpg\" \/>\n\t<meta property=\"og:image:width\" content=\"600\" \/>\n\t<meta property=\"og:image:height\" content=\"364\" \/>\n\t<meta property=\"og:image:type\" content=\"image\/jpeg\" \/>\n<meta name=\"author\" content=\"apuntesdesanluis.com\" \/>\n<meta name=\"twitter:card\" content=\"summary_large_image\" \/>\n<meta name=\"twitter:label1\" content=\"Escrito por\" \/>\n\t<meta name=\"twitter:data1\" content=\"apuntesdesanluis.com\" \/>\n\t<meta name=\"twitter:label2\" content=\"Tiempo de lectura\" \/>\n\t<meta name=\"twitter:data2\" content=\"3 minutos\" \/>\n<script type=\"application\/ld+json\" class=\"yoast-schema-graph\">{\"@context\":\"https:\/\/schema.org\",\"@graph\":[{\"@type\":\"Article\",\"@id\":\"https:\/\/apuntesdesanluis.com\/index.php\/2023\/10\/05\/un-estudio-de-la-unlc-trazo-un-mapa-de-casas-en-riesgo-de-incendios-urbano-forestales\/#article\",\"isPartOf\":{\"@id\":\"https:\/\/apuntesdesanluis.com\/index.php\/2023\/10\/05\/un-estudio-de-la-unlc-trazo-un-mapa-de-casas-en-riesgo-de-incendios-urbano-forestales\/\"},\"author\":{\"name\":\"apuntesdesanluis.com\",\"@id\":\"https:\/\/apuntesdesanluis.com\/#\/schema\/person\/b55151d52296fcce64d1a72538a70b90\"},\"headline\":\"UN ESTUDIO DE LA UNLC TRAZ\u00d3 UN MAPA DE CASAS EN RIESGO DE INCENDIOS URBANO-FORESTALES\",\"datePublished\":\"2023-10-06T00:06:19+00:00\",\"mainEntityOfPage\":{\"@id\":\"https:\/\/apuntesdesanluis.com\/index.php\/2023\/10\/05\/un-estudio-de-la-unlc-trazo-un-mapa-de-casas-en-riesgo-de-incendios-urbano-forestales\/\"},\"wordCount\":513,\"publisher\":{\"@id\":\"https:\/\/apuntesdesanluis.com\/#\/schema\/person\/b55151d52296fcce64d1a72538a70b90\"},\"image\":{\"@id\":\"https:\/\/apuntesdesanluis.com\/index.php\/2023\/10\/05\/un-estudio-de-la-unlc-trazo-un-mapa-de-casas-en-riesgo-de-incendios-urbano-forestales\/#primaryimage\"},\"thumbnailUrl\":\"https:\/\/apuntesdesanluis.com\/wp-content\/uploads\/2023\/10\/UNLC-Nuevo-Edificio-Inauguracion-.jpg\",\"articleSection\":[\"Ciudad\/Provincia\"],\"inLanguage\":\"es-AR\"},{\"@type\":\"WebPage\",\"@id\":\"https:\/\/apuntesdesanluis.com\/index.php\/2023\/10\/05\/un-estudio-de-la-unlc-trazo-un-mapa-de-casas-en-riesgo-de-incendios-urbano-forestales\/\",\"url\":\"https:\/\/apuntesdesanluis.com\/index.php\/2023\/10\/05\/un-estudio-de-la-unlc-trazo-un-mapa-de-casas-en-riesgo-de-incendios-urbano-forestales\/\",\"name\":\"UN ESTUDIO DE LA UNLC TRAZ\u00d3 UN MAPA DE CASAS EN RIESGO DE INCENDIOS URBANO-FORESTALES - Apuntes de San Luis\",\"isPartOf\":{\"@id\":\"https:\/\/apuntesdesanluis.com\/#website\"},\"primaryImageOfPage\":{\"@id\":\"https:\/\/apuntesdesanluis.com\/index.php\/2023\/10\/05\/un-estudio-de-la-unlc-trazo-un-mapa-de-casas-en-riesgo-de-incendios-urbano-forestales\/#primaryimage\"},\"image\":{\"@id\":\"https:\/\/apuntesdesanluis.com\/index.php\/2023\/10\/05\/un-estudio-de-la-unlc-trazo-un-mapa-de-casas-en-riesgo-de-incendios-urbano-forestales\/#primaryimage\"},\"thumbnailUrl\":\"https:\/\/apuntesdesanluis.com\/wp-content\/uploads\/2023\/10\/UNLC-Nuevo-Edificio-Inauguracion-.jpg\",\"datePublished\":\"2023-10-06T00:06:19+00:00\",\"breadcrumb\":{\"@id\":\"https:\/\/apuntesdesanluis.com\/index.php\/2023\/10\/05\/un-estudio-de-la-unlc-trazo-un-mapa-de-casas-en-riesgo-de-incendios-urbano-forestales\/#breadcrumb\"},\"inLanguage\":\"es-AR\",\"potentialAction\":[{\"@type\":\"ReadAction\",\"target\":[\"https:\/\/apuntesdesanluis.com\/index.php\/2023\/10\/05\/un-estudio-de-la-unlc-trazo-un-mapa-de-casas-en-riesgo-de-incendios-urbano-forestales\/\"]}]},{\"@type\":\"ImageObject\",\"inLanguage\":\"es-AR\",\"@id\":\"https:\/\/apuntesdesanluis.com\/index.php\/2023\/10\/05\/un-estudio-de-la-unlc-trazo-un-mapa-de-casas-en-riesgo-de-incendios-urbano-forestales\/#primaryimage\",\"url\":\"https:\/\/apuntesdesanluis.com\/wp-content\/uploads\/2023\/10\/UNLC-Nuevo-Edificio-Inauguracion-.jpg\",\"contentUrl\":\"https:\/\/apuntesdesanluis.com\/wp-content\/uploads\/2023\/10\/UNLC-Nuevo-Edificio-Inauguracion-.jpg\",\"width\":600,\"height\":364},{\"@type\":\"BreadcrumbList\",\"@id\":\"https:\/\/apuntesdesanluis.com\/index.php\/2023\/10\/05\/un-estudio-de-la-unlc-trazo-un-mapa-de-casas-en-riesgo-de-incendios-urbano-forestales\/#breadcrumb\",\"itemListElement\":[{\"@type\":\"ListItem\",\"position\":1,\"name\":\"Inicio\",\"item\":\"https:\/\/apuntesdesanluis.com\/\"},{\"@type\":\"ListItem\",\"position\":2,\"name\":\"UN ESTUDIO DE LA UNLC TRAZ\u00d3 UN MAPA DE CASAS EN RIESGO DE INCENDIOS URBANO-FORESTALES\"}]},{\"@type\":\"WebSite\",\"@id\":\"https:\/\/apuntesdesanluis.com\/#website\",\"url\":\"https:\/\/apuntesdesanluis.com\/\",\"name\":\"Apuntes de San Luis\",\"description\":\"\",\"publisher\":{\"@id\":\"https:\/\/apuntesdesanluis.com\/#\/schema\/person\/b55151d52296fcce64d1a72538a70b90\"},\"potentialAction\":[{\"@type\":\"SearchAction\",\"target\":{\"@type\":\"EntryPoint\",\"urlTemplate\":\"https:\/\/apuntesdesanluis.com\/?s={search_term_string}\"},\"query-input\":{\"@type\":\"PropertyValueSpecification\",\"valueRequired\":true,\"valueName\":\"search_term_string\"}}],\"inLanguage\":\"es-AR\"},{\"@type\":[\"Person\",\"Organization\"],\"@id\":\"https:\/\/apuntesdesanluis.com\/#\/schema\/person\/b55151d52296fcce64d1a72538a70b90\",\"name\":\"apuntesdesanluis.com\",\"image\":{\"@type\":\"ImageObject\",\"inLanguage\":\"es-AR\",\"@id\":\"https:\/\/apuntesdesanluis.com\/#\/schema\/person\/image\/\",\"url\":\"https:\/\/apuntesdesanluis.com\/wp-content\/uploads\/2023\/07\/cropped-apuntesdesanluis.png\",\"contentUrl\":\"https:\/\/apuntesdesanluis.com\/wp-content\/uploads\/2023\/07\/cropped-apuntesdesanluis.png\",\"width\":450,\"height\":112,\"caption\":\"apuntesdesanluis.com\"},\"logo\":{\"@id\":\"https:\/\/apuntesdesanluis.com\/#\/schema\/person\/image\/\"},\"sameAs\":[\"https:\/\/apuntesdesanluis.com\"],\"url\":\"https:\/\/apuntesdesanluis.com\/index.php\/author\/apuntesdesanluis-com\/\"}]}<\/script>\n<!-- \/ Yoast SEO plugin. -->","yoast_head_json":{"title":"UN ESTUDIO DE LA UNLC TRAZ\u00d3 UN MAPA DE CASAS EN RIESGO DE INCENDIOS URBANO-FORESTALES - Apuntes de San Luis","robots":{"index":"index","follow":"follow","max-snippet":"max-snippet:-1","max-image-preview":"max-image-preview:large","max-video-preview":"max-video-preview:-1"},"canonical":"https:\/\/apuntesdesanluis.com\/index.php\/2023\/10\/05\/un-estudio-de-la-unlc-trazo-un-mapa-de-casas-en-riesgo-de-incendios-urbano-forestales\/","og_locale":"es_ES","og_type":"article","og_title":"UN ESTUDIO DE LA UNLC TRAZ\u00d3 UN MAPA DE CASAS EN RIESGO DE INCENDIOS URBANO-FORESTALES - Apuntes de San Luis","og_description":"Seg\u00fan un estudio, las localidades de Los Molles y Merlo son las jurisdicciones m\u00e1s vulnerables....","og_url":"https:\/\/apuntesdesanluis.com\/index.php\/2023\/10\/05\/un-estudio-de-la-unlc-trazo-un-mapa-de-casas-en-riesgo-de-incendios-urbano-forestales\/","og_site_name":"Apuntes de San Luis","article_published_time":"2023-10-06T00:06:19+00:00","og_image":[{"width":600,"height":364,"url":"https:\/\/apuntesdesanluis.com\/wp-content\/uploads\/2023\/10\/UNLC-Nuevo-Edificio-Inauguracion-.jpg","type":"image\/jpeg"}],"author":"apuntesdesanluis.com","twitter_card":"summary_large_image","twitter_misc":{"Escrito por":"apuntesdesanluis.com","Tiempo de lectura":"3 minutos"},"schema":{"@context":"https:\/\/schema.org","@graph":[{"@type":"Article","@id":"https:\/\/apuntesdesanluis.com\/index.php\/2023\/10\/05\/un-estudio-de-la-unlc-trazo-un-mapa-de-casas-en-riesgo-de-incendios-urbano-forestales\/#article","isPartOf":{"@id":"https:\/\/apuntesdesanluis.com\/index.php\/2023\/10\/05\/un-estudio-de-la-unlc-trazo-un-mapa-de-casas-en-riesgo-de-incendios-urbano-forestales\/"},"author":{"name":"apuntesdesanluis.com","@id":"https:\/\/apuntesdesanluis.com\/#\/schema\/person\/b55151d52296fcce64d1a72538a70b90"},"headline":"UN ESTUDIO DE LA UNLC TRAZ\u00d3 UN MAPA DE CASAS EN RIESGO DE INCENDIOS URBANO-FORESTALES","datePublished":"2023-10-06T00:06:19+00:00","mainEntityOfPage":{"@id":"https:\/\/apuntesdesanluis.com\/index.php\/2023\/10\/05\/un-estudio-de-la-unlc-trazo-un-mapa-de-casas-en-riesgo-de-incendios-urbano-forestales\/"},"wordCount":513,"publisher":{"@id":"https:\/\/apuntesdesanluis.com\/#\/schema\/person\/b55151d52296fcce64d1a72538a70b90"},"image":{"@id":"https:\/\/apuntesdesanluis.com\/index.php\/2023\/10\/05\/un-estudio-de-la-unlc-trazo-un-mapa-de-casas-en-riesgo-de-incendios-urbano-forestales\/#primaryimage"},"thumbnailUrl":"https:\/\/apuntesdesanluis.com\/wp-content\/uploads\/2023\/10\/UNLC-Nuevo-Edificio-Inauguracion-.jpg","articleSection":["Ciudad\/Provincia"],"inLanguage":"es-AR"},{"@type":"WebPage","@id":"https:\/\/apuntesdesanluis.com\/index.php\/2023\/10\/05\/un-estudio-de-la-unlc-trazo-un-mapa-de-casas-en-riesgo-de-incendios-urbano-forestales\/","url":"https:\/\/apuntesdesanluis.com\/index.php\/2023\/10\/05\/un-estudio-de-la-unlc-trazo-un-mapa-de-casas-en-riesgo-de-incendios-urbano-forestales\/","name":"UN ESTUDIO DE LA UNLC TRAZ\u00d3 UN MAPA DE CASAS EN RIESGO DE INCENDIOS URBANO-FORESTALES - Apuntes de San Luis","isPartOf":{"@id":"https:\/\/apuntesdesanluis.com\/#website"},"primaryImageOfPage":{"@id":"https:\/\/apuntesdesanluis.com\/index.php\/2023\/10\/05\/un-estudio-de-la-unlc-trazo-un-mapa-de-casas-en-riesgo-de-incendios-urbano-forestales\/#primaryimage"},"image":{"@id":"https:\/\/apuntesdesanluis.com\/index.php\/2023\/10\/05\/un-estudio-de-la-unlc-trazo-un-mapa-de-casas-en-riesgo-de-incendios-urbano-forestales\/#primaryimage"},"thumbnailUrl":"https:\/\/apuntesdesanluis.com\/wp-content\/uploads\/2023\/10\/UNLC-Nuevo-Edificio-Inauguracion-.jpg","datePublished":"2023-10-06T00:06:19+00:00","breadcrumb":{"@id":"https:\/\/apuntesdesanluis.com\/index.php\/2023\/10\/05\/un-estudio-de-la-unlc-trazo-un-mapa-de-casas-en-riesgo-de-incendios-urbano-forestales\/#breadcrumb"},"inLanguage":"es-AR","potentialAction":[{"@type":"ReadAction","target":["https:\/\/apuntesdesanluis.com\/index.php\/2023\/10\/05\/un-estudio-de-la-unlc-trazo-un-mapa-de-casas-en-riesgo-de-incendios-urbano-forestales\/"]}]},{"@type":"ImageObject","inLanguage":"es-AR","@id":"https:\/\/apuntesdesanluis.com\/index.php\/2023\/10\/05\/un-estudio-de-la-unlc-trazo-un-mapa-de-casas-en-riesgo-de-incendios-urbano-forestales\/#primaryimage","url":"https:\/\/apuntesdesanluis.com\/wp-content\/uploads\/2023\/10\/UNLC-Nuevo-Edificio-Inauguracion-.jpg","contentUrl":"https:\/\/apuntesdesanluis.com\/wp-content\/uploads\/2023\/10\/UNLC-Nuevo-Edificio-Inauguracion-.jpg","width":600,"height":364},{"@type":"BreadcrumbList","@id":"https:\/\/apuntesdesanluis.com\/index.php\/2023\/10\/05\/un-estudio-de-la-unlc-trazo-un-mapa-de-casas-en-riesgo-de-incendios-urbano-forestales\/#breadcrumb","itemListElement":[{"@type":"ListItem","position":1,"name":"Inicio","item":"https:\/\/apuntesdesanluis.com\/"},{"@type":"ListItem","position":2,"name":"UN ESTUDIO DE LA UNLC TRAZ\u00d3 UN MAPA DE CASAS EN RIESGO DE INCENDIOS URBANO-FORESTALES"}]},{"@type":"WebSite","@id":"https:\/\/apuntesdesanluis.com\/#website","url":"https:\/\/apuntesdesanluis.com\/","name":"Apuntes de San Luis","description":"","publisher":{"@id":"https:\/\/apuntesdesanluis.com\/#\/schema\/person\/b55151d52296fcce64d1a72538a70b90"},"potentialAction":[{"@type":"SearchAction","target":{"@type":"EntryPoint","urlTemplate":"https:\/\/apuntesdesanluis.com\/?s={search_term_string}"},"query-input":{"@type":"PropertyValueSpecification","valueRequired":true,"valueName":"search_term_string"}}],"inLanguage":"es-AR"},{"@type":["Person","Organization"],"@id":"https:\/\/apuntesdesanluis.com\/#\/schema\/person\/b55151d52296fcce64d1a72538a70b90","name":"apuntesdesanluis.com","image":{"@type":"ImageObject","inLanguage":"es-AR","@id":"https:\/\/apuntesdesanluis.com\/#\/schema\/person\/image\/","url":"https:\/\/apuntesdesanluis.com\/wp-content\/uploads\/2023\/07\/cropped-apuntesdesanluis.png","contentUrl":"https:\/\/apuntesdesanluis.com\/wp-content\/uploads\/2023\/07\/cropped-apuntesdesanluis.png","width":450,"height":112,"caption":"apuntesdesanluis.com"},"logo":{"@id":"https:\/\/apuntesdesanluis.com\/#\/schema\/person\/image\/"},"sameAs":["https:\/\/apuntesdesanluis.com"],"url":"https:\/\/apuntesdesanluis.com\/index.php\/author\/apuntesdesanluis-com\/"}]}},"featured_image_urls":{"full":["https:\/\/apuntesdesanluis.com\/wp-content\/uploads\/2023\/10\/UNLC-Nuevo-Edificio-Inauguracion-.jpg",600,364,false],"thumbnail":["https:\/\/apuntesdesanluis.com\/wp-content\/uploads\/2023\/10\/UNLC-Nuevo-Edificio-Inauguracion--150x150.jpg",150,150,true],"medium":["https:\/\/apuntesdesanluis.com\/wp-content\/uploads\/2023\/10\/UNLC-Nuevo-Edificio-Inauguracion--300x182.jpg",300,182,true],"medium_large":["https:\/\/apuntesdesanluis.com\/wp-content\/uploads\/2023\/10\/UNLC-Nuevo-Edificio-Inauguracion-.jpg",600,364,false],"large":["https:\/\/apuntesdesanluis.com\/wp-content\/uploads\/2023\/10\/UNLC-Nuevo-Edificio-Inauguracion-.jpg",600,364,false],"1536x1536":["https:\/\/apuntesdesanluis.com\/wp-content\/uploads\/2023\/10\/UNLC-Nuevo-Edificio-Inauguracion-.jpg",600,364,false],"2048x2048":["https:\/\/apuntesdesanluis.com\/wp-content\/uploads\/2023\/10\/UNLC-Nuevo-Edificio-Inauguracion-.jpg",600,364,false],"newsever-slider-full":["https:\/\/apuntesdesanluis.com\/wp-content\/uploads\/2023\/10\/UNLC-Nuevo-Edificio-Inauguracion-.jpg",600,364,false],"newsever-featured":["https:\/\/apuntesdesanluis.com\/wp-content\/uploads\/2023\/10\/UNLC-Nuevo-Edificio-Inauguracion-.jpg",600,364,false],"newsever-medium":["https:\/\/apuntesdesanluis.com\/wp-content\/uploads\/2023\/10\/UNLC-Nuevo-Edificio-Inauguracion-.jpg",600,364,false]},"author_info":{"display_name":"apuntesdesanluis.com","author_link":"https:\/\/apuntesdesanluis.com\/index.php\/author\/apuntesdesanluis-com\/"},"category_info":"<a href=\"https:\/\/apuntesdesanluis.com\/index.php\/category\/ciudad-provincia\/\" rel=\"category tag\">Ciudad\/Provincia<\/a>","tag_info":"Ciudad\/Provincia","comment_count":"0","_links":{"self":[{"href":"https:\/\/apuntesdesanluis.com\/index.php\/wp-json\/wp\/v2\/posts\/4679","targetHints":{"allow":["GET"]}}],"collection":[{"href":"https:\/\/apuntesdesanluis.com\/index.php\/wp-json\/wp\/v2\/posts"}],"about":[{"href":"https:\/\/apuntesdesanluis.com\/index.php\/wp-json\/wp\/v2\/types\/post"}],"author":[{"embeddable":true,"href":"https:\/\/apuntesdesanluis.com\/index.php\/wp-json\/wp\/v2\/users\/1"}],"replies":[{"embeddable":true,"href":"https:\/\/apuntesdesanluis.com\/index.php\/wp-json\/wp\/v2\/comments?post=4679"}],"version-history":[{"count":1,"href":"https:\/\/apuntesdesanluis.com\/index.php\/wp-json\/wp\/v2\/posts\/4679\/revisions"}],"predecessor-version":[{"id":4684,"href":"https:\/\/apuntesdesanluis.com\/index.php\/wp-json\/wp\/v2\/posts\/4679\/revisions\/4684"}],"wp:featuredmedia":[{"embeddable":true,"href":"https:\/\/apuntesdesanluis.com\/index.php\/wp-json\/wp\/v2\/media\/4683"}],"wp:attachment":[{"href":"https:\/\/apuntesdesanluis.com\/index.php\/wp-json\/wp\/v2\/media?parent=4679"}],"wp:term":[{"taxonomy":"category","embeddable":true,"href":"https:\/\/apuntesdesanluis.com\/index.php\/wp-json\/wp\/v2\/categories?post=4679"},{"taxonomy":"post_tag","embeddable":true,"href":"https:\/\/apuntesdesanluis.com\/index.php\/wp-json\/wp\/v2\/tags?post=4679"}],"curies":[{"name":"wp","href":"https:\/\/api.w.org\/{rel}","templated":true}]}}