{"id":469,"date":"2023-07-26T14:41:08","date_gmt":"2023-07-26T17:41:08","guid":{"rendered":"https:\/\/apuntesdesanluis.com\/?p=469"},"modified":"2023-07-26T14:41:08","modified_gmt":"2023-07-26T17:41:08","slug":"todos-unidos-es-un-intento-desestabilizador-y-un-atropello-a-la-democracia","status":"publish","type":"post","link":"https:\/\/apuntesdesanluis.com\/index.php\/2023\/07\/26\/todos-unidos-es-un-intento-desestabilizador-y-un-atropello-a-la-democracia\/","title":{"rendered":"TODOS UNIDOS: ES UN \u201cINTENTO DESESTABILIZADOR\u201d Y UN \u201cATROPELLO A LA DEMOCRACIA\u201d"},"content":{"rendered":"<h3>El partido que responde a <strong>Adolfo Rodr\u00edguez Sa\u00e1<\/strong> tambi\u00e9n se manifest\u00f3 en duros t\u00e9rminos sobre los nombramientos que persigue efectuar el oficialismo en las C\u00e1maras de Diputados y Senadores, cuyo proyecto obtuvo la doble sanci\u00f3n esta semana de forma expr\u00e9s.<\/h3>\n<h3><strong>Todos unidos<\/strong> formul\u00f3 su \u201cm\u00e1s en\u00e9rgico rechazo a los proyectos de ley por \u00e9l impulsados, que pretenden crear casi 200 nuevos cargos en las C\u00e1maras de Diputados y Senadores y en otros estamentos del Estado, la mayor\u00eda de ellos con sueldos millonarios y sin funciones definidas\u201d.<\/h3>\n<h3>\u201cEste intento del gobernador de castigar y condicionar al pr\u00f3ximo gobierno elegido democr\u00e1ticamente en las \u00faltimas selecciones, que implica un gasto de m\u00e1s de mil millones de pesos, no hace otra cosa m\u00e1s que ratificar que lo que menos le interesa al actual gobierno es la pobreza y el hambre que hoy reina en la provincia de San Luis. Solo le importa darle una guarida corrupta a los funcionarios y legisladores que a partir del diez de diciembre pierden sus privilegios y sus abultados sueldos\u201d, indic\u00f3.<\/h3>\n<h3>La carta abierta agrega: \u201cLa mayor\u00eda oficialista de la C\u00e1mara de Senadores y Diputados, en violaci\u00f3n de todos los reglamentos de funcionamiento de la Legislatura, le dieron ilegal sanci\u00f3n a estos proyectos. No debemos permitir que los lleven a la pr\u00e1ctica. Cuando reiteradamente hemos afirmado que San Luis ha cambiado el rumbo, no est\u00e1bamos equivocados, y estas acciones no hacen otra cosa m\u00e1s que reafirmarlo. Las prioridades de San Luis deber\u00edan ser sacar de la pobreza a los miles despuntados, generar trabajo, volver a la pol\u00edtica de viviendas, superar la crisis en la salud y la educaci\u00f3n, en definitiva, volver al modelo exitoso. En ello vamos a trabajar\u201d.<\/h3>\n","protected":false},"excerpt":{"rendered":"<p>El partido que responde a Adolfo Rodr\u00edguez Sa\u00e1 tambi\u00e9n se manifest\u00f3 en duros t\u00e9rminos sobre&#8230;<\/p>\n","protected":false},"author":1,"featured_media":470,"comment_status":"closed","ping_status":"closed","sticky":false,"template":"","format":"standard","meta":{"footnotes":""},"categories":[6],"tags":[],"class_list":["post-469","post","type-post","status-publish","format-standard","has-post-thumbnail","hentry","category-ciudad-provincia"],"yoast_head":"<!-- This site is optimized with the Yoast SEO plugin v26.1.1 - https:\/\/yoast.com\/wordpress\/plugins\/seo\/ -->\n<title>TODOS UNIDOS: ES UN \u201cINTENTO DESESTABILIZADOR\u201d Y UN \u201cATROPELLO A LA DEMOCRACIA\u201d - Apuntes de San Luis<\/title>\n<meta name=\"robots\" content=\"index, follow, max-snippet:-1, max-image-preview:large, max-video-preview:-1\" \/>\n<link rel=\"canonical\" href=\"https:\/\/apuntesdesanluis.com\/index.php\/2023\/07\/26\/todos-unidos-es-un-intento-desestabilizador-y-un-atropello-a-la-democracia\/\" \/>\n<meta property=\"og:locale\" content=\"es_ES\" \/>\n<meta property=\"og:type\" content=\"article\" \/>\n<meta property=\"og:title\" content=\"TODOS UNIDOS: ES UN \u201cINTENTO DESESTABILIZADOR\u201d Y UN \u201cATROPELLO A LA DEMOCRACIA\u201d - Apuntes de San Luis\" \/>\n<meta property=\"og:description\" content=\"El partido que responde a Adolfo Rodr\u00edguez Sa\u00e1 tambi\u00e9n se manifest\u00f3 en duros t\u00e9rminos sobre...\" \/>\n<meta property=\"og:url\" content=\"https:\/\/apuntesdesanluis.com\/index.php\/2023\/07\/26\/todos-unidos-es-un-intento-desestabilizador-y-un-atropello-a-la-democracia\/\" \/>\n<meta property=\"og:site_name\" content=\"Apuntes de San Luis\" \/>\n<meta property=\"article:published_time\" content=\"2023-07-26T17:41:08+00:00\" \/>\n<meta property=\"og:image\" content=\"https:\/\/apuntesdesanluis.com\/wp-content\/uploads\/2023\/07\/merlo-y-adolfo-todos-unidos.png\" \/>\n\t<meta property=\"og:image:width\" content=\"537\" \/>\n\t<meta property=\"og:image:height\" content=\"304\" \/>\n\t<meta property=\"og:image:type\" content=\"image\/png\" \/>\n<meta name=\"author\" content=\"apuntesdesanluis.com\" \/>\n<meta name=\"twitter:card\" content=\"summary_large_image\" \/>\n<meta name=\"twitter:label1\" content=\"Escrito por\" \/>\n\t<meta name=\"twitter:data1\" content=\"apuntesdesanluis.com\" \/>\n\t<meta name=\"twitter:label2\" content=\"Tiempo de lectura\" \/>\n\t<meta name=\"twitter:data2\" content=\"2 minutos\" \/>\n<script type=\"application\/ld+json\" class=\"yoast-schema-graph\">{\"@context\":\"https:\/\/schema.org\",\"@graph\":[{\"@type\":\"Article\",\"@id\":\"https:\/\/apuntesdesanluis.com\/index.php\/2023\/07\/26\/todos-unidos-es-un-intento-desestabilizador-y-un-atropello-a-la-democracia\/#article\",\"isPartOf\":{\"@id\":\"https:\/\/apuntesdesanluis.com\/index.php\/2023\/07\/26\/todos-unidos-es-un-intento-desestabilizador-y-un-atropello-a-la-democracia\/\"},\"author\":{\"name\":\"apuntesdesanluis.com\",\"@id\":\"https:\/\/apuntesdesanluis.com\/#\/schema\/person\/b55151d52296fcce64d1a72538a70b90\"},\"headline\":\"TODOS UNIDOS: ES UN \u201cINTENTO DESESTABILIZADOR\u201d Y UN \u201cATROPELLO A LA DEMOCRACIA\u201d\",\"datePublished\":\"2023-07-26T17:41:08+00:00\",\"mainEntityOfPage\":{\"@id\":\"https:\/\/apuntesdesanluis.com\/index.php\/2023\/07\/26\/todos-unidos-es-un-intento-desestabilizador-y-un-atropello-a-la-democracia\/\"},\"wordCount\":315,\"publisher\":{\"@id\":\"https:\/\/apuntesdesanluis.com\/#\/schema\/person\/b55151d52296fcce64d1a72538a70b90\"},\"image\":{\"@id\":\"https:\/\/apuntesdesanluis.com\/index.php\/2023\/07\/26\/todos-unidos-es-un-intento-desestabilizador-y-un-atropello-a-la-democracia\/#primaryimage\"},\"thumbnailUrl\":\"https:\/\/apuntesdesanluis.com\/wp-content\/uploads\/2023\/07\/merlo-y-adolfo-todos-unidos.png\",\"articleSection\":[\"Ciudad\/Provincia\"],\"inLanguage\":\"es-AR\"},{\"@type\":\"WebPage\",\"@id\":\"https:\/\/apuntesdesanluis.com\/index.php\/2023\/07\/26\/todos-unidos-es-un-intento-desestabilizador-y-un-atropello-a-la-democracia\/\",\"url\":\"https:\/\/apuntesdesanluis.com\/index.php\/2023\/07\/26\/todos-unidos-es-un-intento-desestabilizador-y-un-atropello-a-la-democracia\/\",\"name\":\"TODOS UNIDOS: ES UN \u201cINTENTO DESESTABILIZADOR\u201d Y UN \u201cATROPELLO A LA DEMOCRACIA\u201d - Apuntes de San Luis\",\"isPartOf\":{\"@id\":\"https:\/\/apuntesdesanluis.com\/#website\"},\"primaryImageOfPage\":{\"@id\":\"https:\/\/apuntesdesanluis.com\/index.php\/2023\/07\/26\/todos-unidos-es-un-intento-desestabilizador-y-un-atropello-a-la-democracia\/#primaryimage\"},\"image\":{\"@id\":\"https:\/\/apuntesdesanluis.com\/index.php\/2023\/07\/26\/todos-unidos-es-un-intento-desestabilizador-y-un-atropello-a-la-democracia\/#primaryimage\"},\"thumbnailUrl\":\"https:\/\/apuntesdesanluis.com\/wp-content\/uploads\/2023\/07\/merlo-y-adolfo-todos-unidos.png\",\"datePublished\":\"2023-07-26T17:41:08+00:00\",\"breadcrumb\":{\"@id\":\"https:\/\/apuntesdesanluis.com\/index.php\/2023\/07\/26\/todos-unidos-es-un-intento-desestabilizador-y-un-atropello-a-la-democracia\/#breadcrumb\"},\"inLanguage\":\"es-AR\",\"potentialAction\":[{\"@type\":\"ReadAction\",\"target\":[\"https:\/\/apuntesdesanluis.com\/index.php\/2023\/07\/26\/todos-unidos-es-un-intento-desestabilizador-y-un-atropello-a-la-democracia\/\"]}]},{\"@type\":\"ImageObject\",\"inLanguage\":\"es-AR\",\"@id\":\"https:\/\/apuntesdesanluis.com\/index.php\/2023\/07\/26\/todos-unidos-es-un-intento-desestabilizador-y-un-atropello-a-la-democracia\/#primaryimage\",\"url\":\"https:\/\/apuntesdesanluis.com\/wp-content\/uploads\/2023\/07\/merlo-y-adolfo-todos-unidos.png\",\"contentUrl\":\"https:\/\/apuntesdesanluis.com\/wp-content\/uploads\/2023\/07\/merlo-y-adolfo-todos-unidos.png\",\"width\":537,\"height\":304},{\"@type\":\"BreadcrumbList\",\"@id\":\"https:\/\/apuntesdesanluis.com\/index.php\/2023\/07\/26\/todos-unidos-es-un-intento-desestabilizador-y-un-atropello-a-la-democracia\/#breadcrumb\",\"itemListElement\":[{\"@type\":\"ListItem\",\"position\":1,\"name\":\"Inicio\",\"item\":\"https:\/\/apuntesdesanluis.com\/\"},{\"@type\":\"ListItem\",\"position\":2,\"name\":\"TODOS UNIDOS: ES UN \u201cINTENTO DESESTABILIZADOR\u201d Y UN \u201cATROPELLO A LA DEMOCRACIA\u201d\"}]},{\"@type\":\"WebSite\",\"@id\":\"https:\/\/apuntesdesanluis.com\/#website\",\"url\":\"https:\/\/apuntesdesanluis.com\/\",\"name\":\"Apuntes de San Luis\",\"description\":\"\",\"publisher\":{\"@id\":\"https:\/\/apuntesdesanluis.com\/#\/schema\/person\/b55151d52296fcce64d1a72538a70b90\"},\"potentialAction\":[{\"@type\":\"SearchAction\",\"target\":{\"@type\":\"EntryPoint\",\"urlTemplate\":\"https:\/\/apuntesdesanluis.com\/?s={search_term_string}\"},\"query-input\":{\"@type\":\"PropertyValueSpecification\",\"valueRequired\":true,\"valueName\":\"search_term_string\"}}],\"inLanguage\":\"es-AR\"},{\"@type\":[\"Person\",\"Organization\"],\"@id\":\"https:\/\/apuntesdesanluis.com\/#\/schema\/person\/b55151d52296fcce64d1a72538a70b90\",\"name\":\"apuntesdesanluis.com\",\"image\":{\"@type\":\"ImageObject\",\"inLanguage\":\"es-AR\",\"@id\":\"https:\/\/apuntesdesanluis.com\/#\/schema\/person\/image\/\",\"url\":\"https:\/\/apuntesdesanluis.com\/wp-content\/uploads\/2023\/07\/cropped-apuntesdesanluis.png\",\"contentUrl\":\"https:\/\/apuntesdesanluis.com\/wp-content\/uploads\/2023\/07\/cropped-apuntesdesanluis.png\",\"width\":450,\"height\":112,\"caption\":\"apuntesdesanluis.com\"},\"logo\":{\"@id\":\"https:\/\/apuntesdesanluis.com\/#\/schema\/person\/image\/\"},\"sameAs\":[\"https:\/\/apuntesdesanluis.com\"],\"url\":\"https:\/\/apuntesdesanluis.com\/index.php\/author\/apuntesdesanluis-com\/\"}]}<\/script>\n<!-- \/ Yoast SEO plugin. -->","yoast_head_json":{"title":"TODOS UNIDOS: ES UN \u201cINTENTO DESESTABILIZADOR\u201d Y UN \u201cATROPELLO A LA DEMOCRACIA\u201d - Apuntes de San Luis","robots":{"index":"index","follow":"follow","max-snippet":"max-snippet:-1","max-image-preview":"max-image-preview:large","max-video-preview":"max-video-preview:-1"},"canonical":"https:\/\/apuntesdesanluis.com\/index.php\/2023\/07\/26\/todos-unidos-es-un-intento-desestabilizador-y-un-atropello-a-la-democracia\/","og_locale":"es_ES","og_type":"article","og_title":"TODOS UNIDOS: ES UN \u201cINTENTO DESESTABILIZADOR\u201d Y UN \u201cATROPELLO A LA DEMOCRACIA\u201d - Apuntes de San Luis","og_description":"El partido que responde a Adolfo Rodr\u00edguez Sa\u00e1 tambi\u00e9n se manifest\u00f3 en duros t\u00e9rminos sobre...","og_url":"https:\/\/apuntesdesanluis.com\/index.php\/2023\/07\/26\/todos-unidos-es-un-intento-desestabilizador-y-un-atropello-a-la-democracia\/","og_site_name":"Apuntes de San Luis","article_published_time":"2023-07-26T17:41:08+00:00","og_image":[{"width":537,"height":304,"url":"https:\/\/apuntesdesanluis.com\/wp-content\/uploads\/2023\/07\/merlo-y-adolfo-todos-unidos.png","type":"image\/png"}],"author":"apuntesdesanluis.com","twitter_card":"summary_large_image","twitter_misc":{"Escrito por":"apuntesdesanluis.com","Tiempo de lectura":"2 minutos"},"schema":{"@context":"https:\/\/schema.org","@graph":[{"@type":"Article","@id":"https:\/\/apuntesdesanluis.com\/index.php\/2023\/07\/26\/todos-unidos-es-un-intento-desestabilizador-y-un-atropello-a-la-democracia\/#article","isPartOf":{"@id":"https:\/\/apuntesdesanluis.com\/index.php\/2023\/07\/26\/todos-unidos-es-un-intento-desestabilizador-y-un-atropello-a-la-democracia\/"},"author":{"name":"apuntesdesanluis.com","@id":"https:\/\/apuntesdesanluis.com\/#\/schema\/person\/b55151d52296fcce64d1a72538a70b90"},"headline":"TODOS UNIDOS: ES UN \u201cINTENTO DESESTABILIZADOR\u201d Y UN \u201cATROPELLO A LA DEMOCRACIA\u201d","datePublished":"2023-07-26T17:41:08+00:00","mainEntityOfPage":{"@id":"https:\/\/apuntesdesanluis.com\/index.php\/2023\/07\/26\/todos-unidos-es-un-intento-desestabilizador-y-un-atropello-a-la-democracia\/"},"wordCount":315,"publisher":{"@id":"https:\/\/apuntesdesanluis.com\/#\/schema\/person\/b55151d52296fcce64d1a72538a70b90"},"image":{"@id":"https:\/\/apuntesdesanluis.com\/index.php\/2023\/07\/26\/todos-unidos-es-un-intento-desestabilizador-y-un-atropello-a-la-democracia\/#primaryimage"},"thumbnailUrl":"https:\/\/apuntesdesanluis.com\/wp-content\/uploads\/2023\/07\/merlo-y-adolfo-todos-unidos.png","articleSection":["Ciudad\/Provincia"],"inLanguage":"es-AR"},{"@type":"WebPage","@id":"https:\/\/apuntesdesanluis.com\/index.php\/2023\/07\/26\/todos-unidos-es-un-intento-desestabilizador-y-un-atropello-a-la-democracia\/","url":"https:\/\/apuntesdesanluis.com\/index.php\/2023\/07\/26\/todos-unidos-es-un-intento-desestabilizador-y-un-atropello-a-la-democracia\/","name":"TODOS UNIDOS: ES UN \u201cINTENTO DESESTABILIZADOR\u201d Y UN \u201cATROPELLO A LA DEMOCRACIA\u201d - Apuntes de San Luis","isPartOf":{"@id":"https:\/\/apuntesdesanluis.com\/#website"},"primaryImageOfPage":{"@id":"https:\/\/apuntesdesanluis.com\/index.php\/2023\/07\/26\/todos-unidos-es-un-intento-desestabilizador-y-un-atropello-a-la-democracia\/#primaryimage"},"image":{"@id":"https:\/\/apuntesdesanluis.com\/index.php\/2023\/07\/26\/todos-unidos-es-un-intento-desestabilizador-y-un-atropello-a-la-democracia\/#primaryimage"},"thumbnailUrl":"https:\/\/apuntesdesanluis.com\/wp-content\/uploads\/2023\/07\/merlo-y-adolfo-todos-unidos.png","datePublished":"2023-07-26T17:41:08+00:00","breadcrumb":{"@id":"https:\/\/apuntesdesanluis.com\/index.php\/2023\/07\/26\/todos-unidos-es-un-intento-desestabilizador-y-un-atropello-a-la-democracia\/#breadcrumb"},"inLanguage":"es-AR","potentialAction":[{"@type":"ReadAction","target":["https:\/\/apuntesdesanluis.com\/index.php\/2023\/07\/26\/todos-unidos-es-un-intento-desestabilizador-y-un-atropello-a-la-democracia\/"]}]},{"@type":"ImageObject","inLanguage":"es-AR","@id":"https:\/\/apuntesdesanluis.com\/index.php\/2023\/07\/26\/todos-unidos-es-un-intento-desestabilizador-y-un-atropello-a-la-democracia\/#primaryimage","url":"https:\/\/apuntesdesanluis.com\/wp-content\/uploads\/2023\/07\/merlo-y-adolfo-todos-unidos.png","contentUrl":"https:\/\/apuntesdesanluis.com\/wp-content\/uploads\/2023\/07\/merlo-y-adolfo-todos-unidos.png","width":537,"height":304},{"@type":"BreadcrumbList","@id":"https:\/\/apuntesdesanluis.com\/index.php\/2023\/07\/26\/todos-unidos-es-un-intento-desestabilizador-y-un-atropello-a-la-democracia\/#breadcrumb","itemListElement":[{"@type":"ListItem","position":1,"name":"Inicio","item":"https:\/\/apuntesdesanluis.com\/"},{"@type":"ListItem","position":2,"name":"TODOS UNIDOS: ES UN \u201cINTENTO DESESTABILIZADOR\u201d Y UN \u201cATROPELLO A LA DEMOCRACIA\u201d"}]},{"@type":"WebSite","@id":"https:\/\/apuntesdesanluis.com\/#website","url":"https:\/\/apuntesdesanluis.com\/","name":"Apuntes de San Luis","description":"","publisher":{"@id":"https:\/\/apuntesdesanluis.com\/#\/schema\/person\/b55151d52296fcce64d1a72538a70b90"},"potentialAction":[{"@type":"SearchAction","target":{"@type":"EntryPoint","urlTemplate":"https:\/\/apuntesdesanluis.com\/?s={search_term_string}"},"query-input":{"@type":"PropertyValueSpecification","valueRequired":true,"valueName":"search_term_string"}}],"inLanguage":"es-AR"},{"@type":["Person","Organization"],"@id":"https:\/\/apuntesdesanluis.com\/#\/schema\/person\/b55151d52296fcce64d1a72538a70b90","name":"apuntesdesanluis.com","image":{"@type":"ImageObject","inLanguage":"es-AR","@id":"https:\/\/apuntesdesanluis.com\/#\/schema\/person\/image\/","url":"https:\/\/apuntesdesanluis.com\/wp-content\/uploads\/2023\/07\/cropped-apuntesdesanluis.png","contentUrl":"https:\/\/apuntesdesanluis.com\/wp-content\/uploads\/2023\/07\/cropped-apuntesdesanluis.png","width":450,"height":112,"caption":"apuntesdesanluis.com"},"logo":{"@id":"https:\/\/apuntesdesanluis.com\/#\/schema\/person\/image\/"},"sameAs":["https:\/\/apuntesdesanluis.com"],"url":"https:\/\/apuntesdesanluis.com\/index.php\/author\/apuntesdesanluis-com\/"}]}},"featured_image_urls":{"full":["https:\/\/apuntesdesanluis.com\/wp-content\/uploads\/2023\/07\/merlo-y-adolfo-todos-unidos.png",537,304,false],"thumbnail":["https:\/\/apuntesdesanluis.com\/wp-content\/uploads\/2023\/07\/merlo-y-adolfo-todos-unidos-150x150.png",150,150,true],"medium":["https:\/\/apuntesdesanluis.com\/wp-content\/uploads\/2023\/07\/merlo-y-adolfo-todos-unidos-300x170.png",300,170,true],"medium_large":["https:\/\/apuntesdesanluis.com\/wp-content\/uploads\/2023\/07\/merlo-y-adolfo-todos-unidos.png",537,304,false],"large":["https:\/\/apuntesdesanluis.com\/wp-content\/uploads\/2023\/07\/merlo-y-adolfo-todos-unidos.png",537,304,false],"1536x1536":["https:\/\/apuntesdesanluis.com\/wp-content\/uploads\/2023\/07\/merlo-y-adolfo-todos-unidos.png",537,304,false],"2048x2048":["https:\/\/apuntesdesanluis.com\/wp-content\/uploads\/2023\/07\/merlo-y-adolfo-todos-unidos.png",537,304,false],"newsever-slider-full":["https:\/\/apuntesdesanluis.com\/wp-content\/uploads\/2023\/07\/merlo-y-adolfo-todos-unidos.png",537,304,false],"newsever-featured":["https:\/\/apuntesdesanluis.com\/wp-content\/uploads\/2023\/07\/merlo-y-adolfo-todos-unidos.png",537,304,false],"newsever-medium":["https:\/\/apuntesdesanluis.com\/wp-content\/uploads\/2023\/07\/merlo-y-adolfo-todos-unidos.png",537,304,false]},"author_info":{"display_name":"apuntesdesanluis.com","author_link":"https:\/\/apuntesdesanluis.com\/index.php\/author\/apuntesdesanluis-com\/"},"category_info":"<a href=\"https:\/\/apuntesdesanluis.com\/index.php\/category\/ciudad-provincia\/\" rel=\"category tag\">Ciudad\/Provincia<\/a>","tag_info":"Ciudad\/Provincia","comment_count":"0","_links":{"self":[{"href":"https:\/\/apuntesdesanluis.com\/index.php\/wp-json\/wp\/v2\/posts\/469","targetHints":{"allow":["GET"]}}],"collection":[{"href":"https:\/\/apuntesdesanluis.com\/index.php\/wp-json\/wp\/v2\/posts"}],"about":[{"href":"https:\/\/apuntesdesanluis.com\/index.php\/wp-json\/wp\/v2\/types\/post"}],"author":[{"embeddable":true,"href":"https:\/\/apuntesdesanluis.com\/index.php\/wp-json\/wp\/v2\/users\/1"}],"replies":[{"embeddable":true,"href":"https:\/\/apuntesdesanluis.com\/index.php\/wp-json\/wp\/v2\/comments?post=469"}],"version-history":[{"count":1,"href":"https:\/\/apuntesdesanluis.com\/index.php\/wp-json\/wp\/v2\/posts\/469\/revisions"}],"predecessor-version":[{"id":471,"href":"https:\/\/apuntesdesanluis.com\/index.php\/wp-json\/wp\/v2\/posts\/469\/revisions\/471"}],"wp:featuredmedia":[{"embeddable":true,"href":"https:\/\/apuntesdesanluis.com\/index.php\/wp-json\/wp\/v2\/media\/470"}],"wp:attachment":[{"href":"https:\/\/apuntesdesanluis.com\/index.php\/wp-json\/wp\/v2\/media?parent=469"}],"wp:term":[{"taxonomy":"category","embeddable":true,"href":"https:\/\/apuntesdesanluis.com\/index.php\/wp-json\/wp\/v2\/categories?post=469"},{"taxonomy":"post_tag","embeddable":true,"href":"https:\/\/apuntesdesanluis.com\/index.php\/wp-json\/wp\/v2\/tags?post=469"}],"curies":[{"name":"wp","href":"https:\/\/api.w.org\/{rel}","templated":true}]}}