{"id":4691,"date":"2023-10-05T21:36:02","date_gmt":"2023-10-06T00:36:02","guid":{"rendered":"https:\/\/apuntesdesanluis.com\/?p=4691"},"modified":"2023-10-05T21:40:15","modified_gmt":"2023-10-06T00:40:15","slug":"la-uba-se-prepara-para-el-segundo-debate-presidencial-del-proximo-domingo","status":"publish","type":"post","link":"https:\/\/apuntesdesanluis.com\/index.php\/2023\/10\/05\/la-uba-se-prepara-para-el-segundo-debate-presidencial-del-proximo-domingo\/","title":{"rendered":"LA UBA SE PREPARA PARA EL SEGUNDO DEBATE PRESIDENCIAL, DEL PR\u00d3XIMO DOMINGO"},"content":{"rendered":"<h3>Desde las 21 del pr\u00f3ximo domingo 8 octubre, la Facultad de Derecho de la Universidad de Buenos Aires (UBA) recibir\u00e1 a los cinco candidatos presidenciales para el segundo debate, de cara a las elecciones generales del 22 de octubre.<\/h3>\n<h3>El primero se realiz\u00f3 la semana pasada en la ciudad de Santiago del Estero y tuvo como ejes tem\u00e1ticos a la econom\u00eda, educaci\u00f3n y derechos humanos y convivencia democr\u00e1tica.<\/h3>\n<h3>En suelo porte\u00f1o, los aspirantes a la Casa Rosada debatir\u00e1n sobre seguridad; trabajo y producci\u00f3n; desarrollo humano, vivienda y protecci\u00f3n del ambiente (que fue elegido por la ciudadan\u00eda).<\/h3>\n<h3>El gran evento de la pol\u00edtica nacional, previo a los comicios, es organizado por la C\u00e1mara Nacional Electoral (CNE) y la casa de estudios insignia de la ciudad de Buenos Aires.<\/h3>\n<h3>En esta oportunidad, la moderaci\u00f3n estar\u00e1 a cargo de los periodistas Marcelo Bonelli (Canal 13); Mariana Ver\u00f3n (El Nuevo); Sergio Roulier (El Tres TV); y Soledad Larghi (Am\u00e9rica).<\/h3>\n<p><img fetchpriority=\"high\" decoding=\"async\" class=\"wp-image-4694 aligncenter\" src=\"https:\/\/apuntesdesanluis.com\/wp-content\/uploads\/2023\/10\/SALON-300x204.png\" alt=\"\" width=\"765\" height=\"520\" srcset=\"https:\/\/apuntesdesanluis.com\/wp-content\/uploads\/2023\/10\/SALON-300x204.png 300w, https:\/\/apuntesdesanluis.com\/wp-content\/uploads\/2023\/10\/SALON.png 658w\" sizes=\"(max-width: 765px) 100vw, 765px\" \/><\/p>\n<h4 style=\"text-align: center;\"><em>El sal\u00f3n de eventos de la UBA en plena preparaci\u00f3n para el domingo.<\/em><\/h4>\n<h3>Al igual que en territorio santiague\u00f1o, el debate se estructurar\u00e1 en tres bloques.<\/h3>\n<h3>El primero constar\u00e1 de la apertura y presentaci\u00f3n individual de cada candidato, sumado a las exposiciones en seguridad y trabajo y producci\u00f3n. Mientras que el segundo acaparar\u00e1 el \u00faltimo eje tem\u00e1tico, desarrollo Humano, Vivienda y protecci\u00f3n del ambiente, y las preguntas cruzadas.<\/h3>\n<h3>Para finalizar, en el tercer bloque, los candidatos tendr\u00e1n un minuto de cierre. Durante las presentaciones individuales de los ejes tem\u00e1ticos podr\u00e1n, como el domingo pasado, con el uso del derecho a r\u00e9plica (cinco para cada candidato).<\/h3>\n<h3>LOS CANDIDATOS YA PALPITAN EL SEGUNDO ENCUENTRO<\/h3>\n<h3>En su paso por el 59.\u00b0 Coloquio de IDEA, en la ciudad de Mar del Plata, la candidata presidencial de Juntos por el Cambio, Patricia Bullrich, afirm\u00f3 que pelear\u00e1 el domingo &#8220;con toda la fuerza&#8221; para demostrar lo que significa su espacio.<\/h3>\n<h3>&#8220;Tenemos liderazgo, equipo, gobernadores, intendentes&#8230; Una fuerza pol\u00edtica que no se va a dejar arrebatar el poder nunca m\u00e1s. Vamos a ganar las elecciones y no nos van a trabar la gobernabilidad. Ese es nuestro punto fundamental&#8221;, agreg\u00f3 Bullrich.<\/h3>\n<h3>La presidencialista de Juntos por el Cambio espera lucirse en el t\u00f3pico de seguridad, luego de haber ocupado el Ministerio de Seguridad durante la gesti\u00f3n del ex presidente Mauricio Macri.<\/h3>\n<h3>Por otro lado, tambi\u00e9n en La Feliz, pero por afuera de IDEA, el candidato de La Libertad Avanza, Javier Milei, mantuvo un almuerzo con una buena porci\u00f3n del c\u00edrculo rojo que se acerc\u00f3 al rooftop del restaurante Furia.<\/h3>\n<h3>En el ingreso, el libertario fue consultado por sobre su preparaci\u00f3n para el debate del domingo y dijo que est\u00e1 &#8220;leyendo&#8221; y continu\u00f3: &#8220;Sobre todas las cosas tratando de estar descansado, o sea, dormir mucho&#8221;.<\/h3>\n<h3>Consultado sobre si adoptar\u00e1 una postura &#8220;m\u00e1s fuerte&#8221;, Milei indic\u00f3: &#8220;Que los medios se hayan ocupado de pavadas sobre c\u00f3mo soy no quiere decir que yo sea eso. Yo soy un tipo relativamente tranquilo, aunque no lo crean&#8221;.<\/h3>\n<h3>&#8220;\u00bfM\u00e1s mimoso?&#8221;, retruc\u00f3 un periodista en referencia a la chicana de la candidata de la Izquierda, Myriam Bregman, a lo que Milei \u2014entre risas\u2014 explic\u00f3: &#8220;Bueno, yo creo que F\u00e1tima (Florez) en eso estar\u00eda de acuerdo, pero al margen yo tambi\u00e9n&#8221;.<\/h3>\n<h3>Mientras que el ministro de Econom\u00eda y candidato de Uni\u00f3n por la Patria, Sergio Massa, no tuvo manifestaciones respecto al pr\u00f3ximo debate. Contin\u00faa enfocado en la gesti\u00f3n y recorridas de campa\u00f1as pautadas para las pr\u00f3ximas horas.<\/h3>\n<h3>Sin embargo, por detr\u00e1s de \u00e9l apuntalan la estrategia y los lineamientos generales que expondr\u00e1 el domingo su equipo conformado por el vicejefe de Gabinete, Juan Manuel Olmos; su esposa y presidenta de AySa, Malena Galmarini; adem\u00e1s de Santiago Garc\u00eda V\u00e1zquez, y el consultor catal\u00e1n, Antoni Guti\u00e9rrez Rub\u00ed.<\/h3>\n<h3>El funcionario nacional logr\u00f3 esquivar con holgura el debate en Santiago del Estero, en medio del esc\u00e1ndalo protagonizado por el ex jefe de Gabinete bonaerense Mart\u00edn Insaurralde.<\/h3>\n<p>&nbsp;<\/p>\n<p>&nbsp;<\/p>\n<p>&nbsp;<\/p>\n<h3><\/h3>\n<p>&nbsp;<\/p>\n<p>&nbsp;<\/p>\n<p>&nbsp;<\/p>\n","protected":false},"excerpt":{"rendered":"<p>Desde las 21 del pr\u00f3ximo domingo 8 octubre, la Facultad de Derecho de la Universidad&#8230;<\/p>\n","protected":false},"author":1,"featured_media":4692,"comment_status":"closed","ping_status":"closed","sticky":false,"template":"","format":"standard","meta":{"footnotes":""},"categories":[5],"tags":[],"class_list":["post-4691","post","type-post","status-publish","format-standard","has-post-thumbnail","hentry","category-nacionales-internacionales"],"yoast_head":"<!-- This site is optimized with the Yoast SEO plugin v26.1.1 - https:\/\/yoast.com\/wordpress\/plugins\/seo\/ -->\n<title>LA UBA SE PREPARA PARA EL SEGUNDO DEBATE PRESIDENCIAL, DEL PR\u00d3XIMO DOMINGO - Apuntes de San Luis<\/title>\n<meta name=\"robots\" content=\"index, follow, max-snippet:-1, max-image-preview:large, max-video-preview:-1\" \/>\n<link rel=\"canonical\" href=\"https:\/\/apuntesdesanluis.com\/index.php\/2023\/10\/05\/la-uba-se-prepara-para-el-segundo-debate-presidencial-del-proximo-domingo\/\" \/>\n<meta property=\"og:locale\" content=\"es_ES\" \/>\n<meta property=\"og:type\" content=\"article\" \/>\n<meta property=\"og:title\" content=\"LA UBA SE PREPARA PARA EL SEGUNDO DEBATE PRESIDENCIAL, DEL PR\u00d3XIMO DOMINGO - Apuntes de San Luis\" \/>\n<meta property=\"og:description\" content=\"Desde las 21 del pr\u00f3ximo domingo 8 octubre, la Facultad de Derecho de la Universidad...\" \/>\n<meta property=\"og:url\" content=\"https:\/\/apuntesdesanluis.com\/index.php\/2023\/10\/05\/la-uba-se-prepara-para-el-segundo-debate-presidencial-del-proximo-domingo\/\" \/>\n<meta property=\"og:site_name\" content=\"Apuntes de San Luis\" \/>\n<meta property=\"article:published_time\" content=\"2023-10-06T00:36:02+00:00\" \/>\n<meta property=\"article:modified_time\" content=\"2023-10-06T00:40:15+00:00\" \/>\n<meta property=\"og:image\" content=\"https:\/\/apuntesdesanluis.com\/wp-content\/uploads\/2023\/10\/DEBATE-1.png\" \/>\n\t<meta property=\"og:image:width\" content=\"768\" \/>\n\t<meta property=\"og:image:height\" content=\"411\" \/>\n\t<meta property=\"og:image:type\" content=\"image\/png\" \/>\n<meta name=\"author\" content=\"apuntesdesanluis.com\" \/>\n<meta name=\"twitter:card\" content=\"summary_large_image\" \/>\n<meta name=\"twitter:label1\" content=\"Escrito por\" \/>\n\t<meta name=\"twitter:data1\" content=\"apuntesdesanluis.com\" \/>\n\t<meta name=\"twitter:label2\" content=\"Tiempo de lectura\" \/>\n\t<meta name=\"twitter:data2\" content=\"4 minutos\" \/>\n<script type=\"application\/ld+json\" class=\"yoast-schema-graph\">{\"@context\":\"https:\/\/schema.org\",\"@graph\":[{\"@type\":\"Article\",\"@id\":\"https:\/\/apuntesdesanluis.com\/index.php\/2023\/10\/05\/la-uba-se-prepara-para-el-segundo-debate-presidencial-del-proximo-domingo\/#article\",\"isPartOf\":{\"@id\":\"https:\/\/apuntesdesanluis.com\/index.php\/2023\/10\/05\/la-uba-se-prepara-para-el-segundo-debate-presidencial-del-proximo-domingo\/\"},\"author\":{\"name\":\"apuntesdesanluis.com\",\"@id\":\"https:\/\/apuntesdesanluis.com\/#\/schema\/person\/b55151d52296fcce64d1a72538a70b90\"},\"headline\":\"LA UBA SE PREPARA PARA EL SEGUNDO DEBATE PRESIDENCIAL, DEL PR\u00d3XIMO DOMINGO\",\"datePublished\":\"2023-10-06T00:36:02+00:00\",\"dateModified\":\"2023-10-06T00:40:15+00:00\",\"mainEntityOfPage\":{\"@id\":\"https:\/\/apuntesdesanluis.com\/index.php\/2023\/10\/05\/la-uba-se-prepara-para-el-segundo-debate-presidencial-del-proximo-domingo\/\"},\"wordCount\":710,\"publisher\":{\"@id\":\"https:\/\/apuntesdesanluis.com\/#\/schema\/person\/b55151d52296fcce64d1a72538a70b90\"},\"image\":{\"@id\":\"https:\/\/apuntesdesanluis.com\/index.php\/2023\/10\/05\/la-uba-se-prepara-para-el-segundo-debate-presidencial-del-proximo-domingo\/#primaryimage\"},\"thumbnailUrl\":\"https:\/\/apuntesdesanluis.com\/wp-content\/uploads\/2023\/10\/DEBATE-1.png\",\"articleSection\":[\"Nacionales\/Internacionales\"],\"inLanguage\":\"es-AR\"},{\"@type\":\"WebPage\",\"@id\":\"https:\/\/apuntesdesanluis.com\/index.php\/2023\/10\/05\/la-uba-se-prepara-para-el-segundo-debate-presidencial-del-proximo-domingo\/\",\"url\":\"https:\/\/apuntesdesanluis.com\/index.php\/2023\/10\/05\/la-uba-se-prepara-para-el-segundo-debate-presidencial-del-proximo-domingo\/\",\"name\":\"LA UBA SE PREPARA PARA EL SEGUNDO DEBATE PRESIDENCIAL, DEL PR\u00d3XIMO DOMINGO - Apuntes de San Luis\",\"isPartOf\":{\"@id\":\"https:\/\/apuntesdesanluis.com\/#website\"},\"primaryImageOfPage\":{\"@id\":\"https:\/\/apuntesdesanluis.com\/index.php\/2023\/10\/05\/la-uba-se-prepara-para-el-segundo-debate-presidencial-del-proximo-domingo\/#primaryimage\"},\"image\":{\"@id\":\"https:\/\/apuntesdesanluis.com\/index.php\/2023\/10\/05\/la-uba-se-prepara-para-el-segundo-debate-presidencial-del-proximo-domingo\/#primaryimage\"},\"thumbnailUrl\":\"https:\/\/apuntesdesanluis.com\/wp-content\/uploads\/2023\/10\/DEBATE-1.png\",\"datePublished\":\"2023-10-06T00:36:02+00:00\",\"dateModified\":\"2023-10-06T00:40:15+00:00\",\"breadcrumb\":{\"@id\":\"https:\/\/apuntesdesanluis.com\/index.php\/2023\/10\/05\/la-uba-se-prepara-para-el-segundo-debate-presidencial-del-proximo-domingo\/#breadcrumb\"},\"inLanguage\":\"es-AR\",\"potentialAction\":[{\"@type\":\"ReadAction\",\"target\":[\"https:\/\/apuntesdesanluis.com\/index.php\/2023\/10\/05\/la-uba-se-prepara-para-el-segundo-debate-presidencial-del-proximo-domingo\/\"]}]},{\"@type\":\"ImageObject\",\"inLanguage\":\"es-AR\",\"@id\":\"https:\/\/apuntesdesanluis.com\/index.php\/2023\/10\/05\/la-uba-se-prepara-para-el-segundo-debate-presidencial-del-proximo-domingo\/#primaryimage\",\"url\":\"https:\/\/apuntesdesanluis.com\/wp-content\/uploads\/2023\/10\/DEBATE-1.png\",\"contentUrl\":\"https:\/\/apuntesdesanluis.com\/wp-content\/uploads\/2023\/10\/DEBATE-1.png\",\"width\":768,\"height\":411},{\"@type\":\"BreadcrumbList\",\"@id\":\"https:\/\/apuntesdesanluis.com\/index.php\/2023\/10\/05\/la-uba-se-prepara-para-el-segundo-debate-presidencial-del-proximo-domingo\/#breadcrumb\",\"itemListElement\":[{\"@type\":\"ListItem\",\"position\":1,\"name\":\"Inicio\",\"item\":\"https:\/\/apuntesdesanluis.com\/\"},{\"@type\":\"ListItem\",\"position\":2,\"name\":\"LA UBA SE PREPARA PARA EL SEGUNDO DEBATE PRESIDENCIAL, DEL PR\u00d3XIMO DOMINGO\"}]},{\"@type\":\"WebSite\",\"@id\":\"https:\/\/apuntesdesanluis.com\/#website\",\"url\":\"https:\/\/apuntesdesanluis.com\/\",\"name\":\"Apuntes de San Luis\",\"description\":\"\",\"publisher\":{\"@id\":\"https:\/\/apuntesdesanluis.com\/#\/schema\/person\/b55151d52296fcce64d1a72538a70b90\"},\"potentialAction\":[{\"@type\":\"SearchAction\",\"target\":{\"@type\":\"EntryPoint\",\"urlTemplate\":\"https:\/\/apuntesdesanluis.com\/?s={search_term_string}\"},\"query-input\":{\"@type\":\"PropertyValueSpecification\",\"valueRequired\":true,\"valueName\":\"search_term_string\"}}],\"inLanguage\":\"es-AR\"},{\"@type\":[\"Person\",\"Organization\"],\"@id\":\"https:\/\/apuntesdesanluis.com\/#\/schema\/person\/b55151d52296fcce64d1a72538a70b90\",\"name\":\"apuntesdesanluis.com\",\"image\":{\"@type\":\"ImageObject\",\"inLanguage\":\"es-AR\",\"@id\":\"https:\/\/apuntesdesanluis.com\/#\/schema\/person\/image\/\",\"url\":\"https:\/\/apuntesdesanluis.com\/wp-content\/uploads\/2023\/07\/cropped-apuntesdesanluis.png\",\"contentUrl\":\"https:\/\/apuntesdesanluis.com\/wp-content\/uploads\/2023\/07\/cropped-apuntesdesanluis.png\",\"width\":450,\"height\":112,\"caption\":\"apuntesdesanluis.com\"},\"logo\":{\"@id\":\"https:\/\/apuntesdesanluis.com\/#\/schema\/person\/image\/\"},\"sameAs\":[\"https:\/\/apuntesdesanluis.com\"],\"url\":\"https:\/\/apuntesdesanluis.com\/index.php\/author\/apuntesdesanluis-com\/\"}]}<\/script>\n<!-- \/ Yoast SEO plugin. -->","yoast_head_json":{"title":"LA UBA SE PREPARA PARA EL SEGUNDO DEBATE PRESIDENCIAL, DEL PR\u00d3XIMO DOMINGO - Apuntes de San Luis","robots":{"index":"index","follow":"follow","max-snippet":"max-snippet:-1","max-image-preview":"max-image-preview:large","max-video-preview":"max-video-preview:-1"},"canonical":"https:\/\/apuntesdesanluis.com\/index.php\/2023\/10\/05\/la-uba-se-prepara-para-el-segundo-debate-presidencial-del-proximo-domingo\/","og_locale":"es_ES","og_type":"article","og_title":"LA UBA SE PREPARA PARA EL SEGUNDO DEBATE PRESIDENCIAL, DEL PR\u00d3XIMO DOMINGO - Apuntes de San Luis","og_description":"Desde las 21 del pr\u00f3ximo domingo 8 octubre, la Facultad de Derecho de la Universidad...","og_url":"https:\/\/apuntesdesanluis.com\/index.php\/2023\/10\/05\/la-uba-se-prepara-para-el-segundo-debate-presidencial-del-proximo-domingo\/","og_site_name":"Apuntes de San Luis","article_published_time":"2023-10-06T00:36:02+00:00","article_modified_time":"2023-10-06T00:40:15+00:00","og_image":[{"width":768,"height":411,"url":"https:\/\/apuntesdesanluis.com\/wp-content\/uploads\/2023\/10\/DEBATE-1.png","type":"image\/png"}],"author":"apuntesdesanluis.com","twitter_card":"summary_large_image","twitter_misc":{"Escrito por":"apuntesdesanluis.com","Tiempo de lectura":"4 minutos"},"schema":{"@context":"https:\/\/schema.org","@graph":[{"@type":"Article","@id":"https:\/\/apuntesdesanluis.com\/index.php\/2023\/10\/05\/la-uba-se-prepara-para-el-segundo-debate-presidencial-del-proximo-domingo\/#article","isPartOf":{"@id":"https:\/\/apuntesdesanluis.com\/index.php\/2023\/10\/05\/la-uba-se-prepara-para-el-segundo-debate-presidencial-del-proximo-domingo\/"},"author":{"name":"apuntesdesanluis.com","@id":"https:\/\/apuntesdesanluis.com\/#\/schema\/person\/b55151d52296fcce64d1a72538a70b90"},"headline":"LA UBA SE PREPARA PARA EL SEGUNDO DEBATE PRESIDENCIAL, DEL PR\u00d3XIMO DOMINGO","datePublished":"2023-10-06T00:36:02+00:00","dateModified":"2023-10-06T00:40:15+00:00","mainEntityOfPage":{"@id":"https:\/\/apuntesdesanluis.com\/index.php\/2023\/10\/05\/la-uba-se-prepara-para-el-segundo-debate-presidencial-del-proximo-domingo\/"},"wordCount":710,"publisher":{"@id":"https:\/\/apuntesdesanluis.com\/#\/schema\/person\/b55151d52296fcce64d1a72538a70b90"},"image":{"@id":"https:\/\/apuntesdesanluis.com\/index.php\/2023\/10\/05\/la-uba-se-prepara-para-el-segundo-debate-presidencial-del-proximo-domingo\/#primaryimage"},"thumbnailUrl":"https:\/\/apuntesdesanluis.com\/wp-content\/uploads\/2023\/10\/DEBATE-1.png","articleSection":["Nacionales\/Internacionales"],"inLanguage":"es-AR"},{"@type":"WebPage","@id":"https:\/\/apuntesdesanluis.com\/index.php\/2023\/10\/05\/la-uba-se-prepara-para-el-segundo-debate-presidencial-del-proximo-domingo\/","url":"https:\/\/apuntesdesanluis.com\/index.php\/2023\/10\/05\/la-uba-se-prepara-para-el-segundo-debate-presidencial-del-proximo-domingo\/","name":"LA UBA SE PREPARA PARA EL SEGUNDO DEBATE PRESIDENCIAL, DEL PR\u00d3XIMO DOMINGO - Apuntes de San Luis","isPartOf":{"@id":"https:\/\/apuntesdesanluis.com\/#website"},"primaryImageOfPage":{"@id":"https:\/\/apuntesdesanluis.com\/index.php\/2023\/10\/05\/la-uba-se-prepara-para-el-segundo-debate-presidencial-del-proximo-domingo\/#primaryimage"},"image":{"@id":"https:\/\/apuntesdesanluis.com\/index.php\/2023\/10\/05\/la-uba-se-prepara-para-el-segundo-debate-presidencial-del-proximo-domingo\/#primaryimage"},"thumbnailUrl":"https:\/\/apuntesdesanluis.com\/wp-content\/uploads\/2023\/10\/DEBATE-1.png","datePublished":"2023-10-06T00:36:02+00:00","dateModified":"2023-10-06T00:40:15+00:00","breadcrumb":{"@id":"https:\/\/apuntesdesanluis.com\/index.php\/2023\/10\/05\/la-uba-se-prepara-para-el-segundo-debate-presidencial-del-proximo-domingo\/#breadcrumb"},"inLanguage":"es-AR","potentialAction":[{"@type":"ReadAction","target":["https:\/\/apuntesdesanluis.com\/index.php\/2023\/10\/05\/la-uba-se-prepara-para-el-segundo-debate-presidencial-del-proximo-domingo\/"]}]},{"@type":"ImageObject","inLanguage":"es-AR","@id":"https:\/\/apuntesdesanluis.com\/index.php\/2023\/10\/05\/la-uba-se-prepara-para-el-segundo-debate-presidencial-del-proximo-domingo\/#primaryimage","url":"https:\/\/apuntesdesanluis.com\/wp-content\/uploads\/2023\/10\/DEBATE-1.png","contentUrl":"https:\/\/apuntesdesanluis.com\/wp-content\/uploads\/2023\/10\/DEBATE-1.png","width":768,"height":411},{"@type":"BreadcrumbList","@id":"https:\/\/apuntesdesanluis.com\/index.php\/2023\/10\/05\/la-uba-se-prepara-para-el-segundo-debate-presidencial-del-proximo-domingo\/#breadcrumb","itemListElement":[{"@type":"ListItem","position":1,"name":"Inicio","item":"https:\/\/apuntesdesanluis.com\/"},{"@type":"ListItem","position":2,"name":"LA UBA SE PREPARA PARA EL SEGUNDO DEBATE PRESIDENCIAL, DEL PR\u00d3XIMO DOMINGO"}]},{"@type":"WebSite","@id":"https:\/\/apuntesdesanluis.com\/#website","url":"https:\/\/apuntesdesanluis.com\/","name":"Apuntes de San Luis","description":"","publisher":{"@id":"https:\/\/apuntesdesanluis.com\/#\/schema\/person\/b55151d52296fcce64d1a72538a70b90"},"potentialAction":[{"@type":"SearchAction","target":{"@type":"EntryPoint","urlTemplate":"https:\/\/apuntesdesanluis.com\/?s={search_term_string}"},"query-input":{"@type":"PropertyValueSpecification","valueRequired":true,"valueName":"search_term_string"}}],"inLanguage":"es-AR"},{"@type":["Person","Organization"],"@id":"https:\/\/apuntesdesanluis.com\/#\/schema\/person\/b55151d52296fcce64d1a72538a70b90","name":"apuntesdesanluis.com","image":{"@type":"ImageObject","inLanguage":"es-AR","@id":"https:\/\/apuntesdesanluis.com\/#\/schema\/person\/image\/","url":"https:\/\/apuntesdesanluis.com\/wp-content\/uploads\/2023\/07\/cropped-apuntesdesanluis.png","contentUrl":"https:\/\/apuntesdesanluis.com\/wp-content\/uploads\/2023\/07\/cropped-apuntesdesanluis.png","width":450,"height":112,"caption":"apuntesdesanluis.com"},"logo":{"@id":"https:\/\/apuntesdesanluis.com\/#\/schema\/person\/image\/"},"sameAs":["https:\/\/apuntesdesanluis.com"],"url":"https:\/\/apuntesdesanluis.com\/index.php\/author\/apuntesdesanluis-com\/"}]}},"featured_image_urls":{"full":["https:\/\/apuntesdesanluis.com\/wp-content\/uploads\/2023\/10\/DEBATE-1.png",768,411,false],"thumbnail":["https:\/\/apuntesdesanluis.com\/wp-content\/uploads\/2023\/10\/DEBATE-1-150x150.png",150,150,true],"medium":["https:\/\/apuntesdesanluis.com\/wp-content\/uploads\/2023\/10\/DEBATE-1-300x161.png",300,161,true],"medium_large":["https:\/\/apuntesdesanluis.com\/wp-content\/uploads\/2023\/10\/DEBATE-1.png",640,343,false],"large":["https:\/\/apuntesdesanluis.com\/wp-content\/uploads\/2023\/10\/DEBATE-1.png",640,343,false],"1536x1536":["https:\/\/apuntesdesanluis.com\/wp-content\/uploads\/2023\/10\/DEBATE-1.png",768,411,false],"2048x2048":["https:\/\/apuntesdesanluis.com\/wp-content\/uploads\/2023\/10\/DEBATE-1.png",768,411,false],"newsever-slider-full":["https:\/\/apuntesdesanluis.com\/wp-content\/uploads\/2023\/10\/DEBATE-1.png",768,411,false],"newsever-featured":["https:\/\/apuntesdesanluis.com\/wp-content\/uploads\/2023\/10\/DEBATE-1.png",768,411,false],"newsever-medium":["https:\/\/apuntesdesanluis.com\/wp-content\/uploads\/2023\/10\/DEBATE-1-720x411.png",720,411,true]},"author_info":{"display_name":"apuntesdesanluis.com","author_link":"https:\/\/apuntesdesanluis.com\/index.php\/author\/apuntesdesanluis-com\/"},"category_info":"<a href=\"https:\/\/apuntesdesanluis.com\/index.php\/category\/nacionales-internacionales\/\" rel=\"category tag\">Nacionales\/Internacionales<\/a>","tag_info":"Nacionales\/Internacionales","comment_count":"0","_links":{"self":[{"href":"https:\/\/apuntesdesanluis.com\/index.php\/wp-json\/wp\/v2\/posts\/4691","targetHints":{"allow":["GET"]}}],"collection":[{"href":"https:\/\/apuntesdesanluis.com\/index.php\/wp-json\/wp\/v2\/posts"}],"about":[{"href":"https:\/\/apuntesdesanluis.com\/index.php\/wp-json\/wp\/v2\/types\/post"}],"author":[{"embeddable":true,"href":"https:\/\/apuntesdesanluis.com\/index.php\/wp-json\/wp\/v2\/users\/1"}],"replies":[{"embeddable":true,"href":"https:\/\/apuntesdesanluis.com\/index.php\/wp-json\/wp\/v2\/comments?post=4691"}],"version-history":[{"count":4,"href":"https:\/\/apuntesdesanluis.com\/index.php\/wp-json\/wp\/v2\/posts\/4691\/revisions"}],"predecessor-version":[{"id":4697,"href":"https:\/\/apuntesdesanluis.com\/index.php\/wp-json\/wp\/v2\/posts\/4691\/revisions\/4697"}],"wp:featuredmedia":[{"embeddable":true,"href":"https:\/\/apuntesdesanluis.com\/index.php\/wp-json\/wp\/v2\/media\/4692"}],"wp:attachment":[{"href":"https:\/\/apuntesdesanluis.com\/index.php\/wp-json\/wp\/v2\/media?parent=4691"}],"wp:term":[{"taxonomy":"category","embeddable":true,"href":"https:\/\/apuntesdesanluis.com\/index.php\/wp-json\/wp\/v2\/categories?post=4691"},{"taxonomy":"post_tag","embeddable":true,"href":"https:\/\/apuntesdesanluis.com\/index.php\/wp-json\/wp\/v2\/tags?post=4691"}],"curies":[{"name":"wp","href":"https:\/\/api.w.org\/{rel}","templated":true}]}}