{"id":4698,"date":"2023-10-05T22:03:15","date_gmt":"2023-10-06T01:03:15","guid":{"rendered":"https:\/\/apuntesdesanluis.com\/?p=4698"},"modified":"2023-10-05T22:04:24","modified_gmt":"2023-10-06T01:04:24","slug":"presentan-el-archivador-en-homenaje-a-abelardo-chiche-herrera","status":"publish","type":"post","link":"https:\/\/apuntesdesanluis.com\/index.php\/2023\/10\/05\/presentan-el-archivador-en-homenaje-a-abelardo-chiche-herrera\/","title":{"rendered":"PRESENTAN \u201cEL ARCHIVADOR\u201d, EN HOMENAJE A ABELARDO \u201cCHICHE\u201d HERRERA"},"content":{"rendered":"<h3>El documental ser\u00e1 exhibido el pr\u00f3ximo lunes 9 de octubre a las 19:30 hs, en las instalaciones de la Escuela de Arte Gaspar Di Gennaro (Junin 33), en Villa Mercedes.<\/h3>\n<h3>La obra fue seleccionada en la segunda edici\u00f3n de la convocatoria \u201cGerardo Vallejo\u201d y busca plasmar la vida del fot\u00f3grafo mercedino Abelardo &#8220;Chiche&#8221; Herrera, quien registr\u00f3 la ciudad los \u00faltimos 30 a\u00f1os y falleci\u00f3 por Covid-19 el 17 de agosto de 2021.<\/h3>\n<h3>\u201c<strong>El Archivador<\/strong>\u201d fue dirigido por Sonia Recalde, con gui\u00f3n de Cinthia Leiva, mientras que la producci\u00f3n estuvo a cargo de Juan Manuel Gonzalez. En esta segunda convocatoria fueron seleccionados diez documentales y cada uno recibi\u00f3 $500.000 para el rodaje.<\/h3>\n<p><img fetchpriority=\"high\" decoding=\"async\" class=\"wp-image-4700 aligncenter\" src=\"https:\/\/apuntesdesanluis.com\/wp-content\/uploads\/2023\/10\/chiche-y-las-fotos-300x205.png\" alt=\"\" width=\"730\" height=\"499\" srcset=\"https:\/\/apuntesdesanluis.com\/wp-content\/uploads\/2023\/10\/chiche-y-las-fotos-300x205.png 300w, https:\/\/apuntesdesanluis.com\/wp-content\/uploads\/2023\/10\/chiche-y-las-fotos.png 656w\" sizes=\"(max-width: 730px) 100vw, 730px\" \/><\/p>\n<h3>\u201cHaber sido elegidos es un orgullo, porque podemos mostrar nuestro arte y que se habiliten los espacios es muy importante. En este trabajo fusionamos las miradas art\u00edsticas para poder trabajar en un documental sobre Abelardo \u201cChiche\u201d Herrera denominado \u00b4El archivador\u00b4, fue un fot\u00f3grafo de Villa Mercedes que registr\u00f3 los \u00faltimos 30 a\u00f1os el crecimiento de la ciudad\u201d, cont\u00f3 Gonz\u00e1lez, quien se est\u00e1 por graduarse de Licenciado en Producci\u00f3n Audiovisual.<\/h3>\n<h3>\u201cEl documental se centra sobre su obra en vida, hablan sus amigos, familias e incluye una entrevista de \u00b4Chiche\u00b4 donde \u00e9l mismo relata el rol del archivador; c\u00f3mo lo lograba, c\u00f3mo eran los procesos, las caracter\u00edsticas y los cuidados para seleccionar las fotograf\u00edas\u201d, cont\u00f3 el productor.<\/h3>\n","protected":false},"excerpt":{"rendered":"<p>El documental ser\u00e1 exhibido el pr\u00f3ximo lunes 9 de octubre a las 19:30 hs, en&#8230;<\/p>\n","protected":false},"author":1,"featured_media":4699,"comment_status":"closed","ping_status":"closed","sticky":false,"template":"","format":"standard","meta":{"footnotes":""},"categories":[6],"tags":[],"class_list":["post-4698","post","type-post","status-publish","format-standard","has-post-thumbnail","hentry","category-ciudad-provincia"],"yoast_head":"<!-- This site is optimized with the Yoast SEO plugin v26.1.1 - https:\/\/yoast.com\/wordpress\/plugins\/seo\/ -->\n<title>PRESENTAN \u201cEL ARCHIVADOR\u201d, EN HOMENAJE A ABELARDO \u201cCHICHE\u201d HERRERA - Apuntes de San Luis<\/title>\n<meta name=\"robots\" content=\"index, follow, max-snippet:-1, max-image-preview:large, max-video-preview:-1\" \/>\n<link rel=\"canonical\" href=\"https:\/\/apuntesdesanluis.com\/index.php\/2023\/10\/05\/presentan-el-archivador-en-homenaje-a-abelardo-chiche-herrera\/\" \/>\n<meta property=\"og:locale\" content=\"es_ES\" \/>\n<meta property=\"og:type\" content=\"article\" \/>\n<meta property=\"og:title\" content=\"PRESENTAN \u201cEL ARCHIVADOR\u201d, EN HOMENAJE A ABELARDO \u201cCHICHE\u201d HERRERA - Apuntes de San Luis\" \/>\n<meta property=\"og:description\" content=\"El documental ser\u00e1 exhibido el pr\u00f3ximo lunes 9 de octubre a las 19:30 hs, en...\" \/>\n<meta property=\"og:url\" content=\"https:\/\/apuntesdesanluis.com\/index.php\/2023\/10\/05\/presentan-el-archivador-en-homenaje-a-abelardo-chiche-herrera\/\" \/>\n<meta property=\"og:site_name\" content=\"Apuntes de San Luis\" \/>\n<meta property=\"article:published_time\" content=\"2023-10-06T01:03:15+00:00\" \/>\n<meta property=\"article:modified_time\" content=\"2023-10-06T01:04:24+00:00\" \/>\n<meta property=\"og:image\" content=\"https:\/\/apuntesdesanluis.com\/wp-content\/uploads\/2023\/10\/chiche-herrera.png\" \/>\n\t<meta property=\"og:image:width\" content=\"1057\" \/>\n\t<meta property=\"og:image:height\" content=\"703\" \/>\n\t<meta property=\"og:image:type\" content=\"image\/png\" \/>\n<meta name=\"author\" content=\"apuntesdesanluis.com\" \/>\n<meta name=\"twitter:card\" content=\"summary_large_image\" \/>\n<meta name=\"twitter:label1\" content=\"Escrito por\" \/>\n\t<meta name=\"twitter:data1\" content=\"apuntesdesanluis.com\" \/>\n\t<meta name=\"twitter:label2\" content=\"Tiempo de lectura\" \/>\n\t<meta name=\"twitter:data2\" content=\"2 minutos\" \/>\n<script type=\"application\/ld+json\" class=\"yoast-schema-graph\">{\"@context\":\"https:\/\/schema.org\",\"@graph\":[{\"@type\":\"Article\",\"@id\":\"https:\/\/apuntesdesanluis.com\/index.php\/2023\/10\/05\/presentan-el-archivador-en-homenaje-a-abelardo-chiche-herrera\/#article\",\"isPartOf\":{\"@id\":\"https:\/\/apuntesdesanluis.com\/index.php\/2023\/10\/05\/presentan-el-archivador-en-homenaje-a-abelardo-chiche-herrera\/\"},\"author\":{\"name\":\"apuntesdesanluis.com\",\"@id\":\"https:\/\/apuntesdesanluis.com\/#\/schema\/person\/b55151d52296fcce64d1a72538a70b90\"},\"headline\":\"PRESENTAN \u201cEL ARCHIVADOR\u201d, EN HOMENAJE A ABELARDO \u201cCHICHE\u201d HERRERA\",\"datePublished\":\"2023-10-06T01:03:15+00:00\",\"dateModified\":\"2023-10-06T01:04:24+00:00\",\"mainEntityOfPage\":{\"@id\":\"https:\/\/apuntesdesanluis.com\/index.php\/2023\/10\/05\/presentan-el-archivador-en-homenaje-a-abelardo-chiche-herrera\/\"},\"wordCount\":242,\"publisher\":{\"@id\":\"https:\/\/apuntesdesanluis.com\/#\/schema\/person\/b55151d52296fcce64d1a72538a70b90\"},\"image\":{\"@id\":\"https:\/\/apuntesdesanluis.com\/index.php\/2023\/10\/05\/presentan-el-archivador-en-homenaje-a-abelardo-chiche-herrera\/#primaryimage\"},\"thumbnailUrl\":\"https:\/\/apuntesdesanluis.com\/wp-content\/uploads\/2023\/10\/chiche-herrera.png\",\"articleSection\":[\"Ciudad\/Provincia\"],\"inLanguage\":\"es-AR\"},{\"@type\":\"WebPage\",\"@id\":\"https:\/\/apuntesdesanluis.com\/index.php\/2023\/10\/05\/presentan-el-archivador-en-homenaje-a-abelardo-chiche-herrera\/\",\"url\":\"https:\/\/apuntesdesanluis.com\/index.php\/2023\/10\/05\/presentan-el-archivador-en-homenaje-a-abelardo-chiche-herrera\/\",\"name\":\"PRESENTAN \u201cEL ARCHIVADOR\u201d, EN HOMENAJE A ABELARDO \u201cCHICHE\u201d HERRERA - Apuntes de San Luis\",\"isPartOf\":{\"@id\":\"https:\/\/apuntesdesanluis.com\/#website\"},\"primaryImageOfPage\":{\"@id\":\"https:\/\/apuntesdesanluis.com\/index.php\/2023\/10\/05\/presentan-el-archivador-en-homenaje-a-abelardo-chiche-herrera\/#primaryimage\"},\"image\":{\"@id\":\"https:\/\/apuntesdesanluis.com\/index.php\/2023\/10\/05\/presentan-el-archivador-en-homenaje-a-abelardo-chiche-herrera\/#primaryimage\"},\"thumbnailUrl\":\"https:\/\/apuntesdesanluis.com\/wp-content\/uploads\/2023\/10\/chiche-herrera.png\",\"datePublished\":\"2023-10-06T01:03:15+00:00\",\"dateModified\":\"2023-10-06T01:04:24+00:00\",\"breadcrumb\":{\"@id\":\"https:\/\/apuntesdesanluis.com\/index.php\/2023\/10\/05\/presentan-el-archivador-en-homenaje-a-abelardo-chiche-herrera\/#breadcrumb\"},\"inLanguage\":\"es-AR\",\"potentialAction\":[{\"@type\":\"ReadAction\",\"target\":[\"https:\/\/apuntesdesanluis.com\/index.php\/2023\/10\/05\/presentan-el-archivador-en-homenaje-a-abelardo-chiche-herrera\/\"]}]},{\"@type\":\"ImageObject\",\"inLanguage\":\"es-AR\",\"@id\":\"https:\/\/apuntesdesanluis.com\/index.php\/2023\/10\/05\/presentan-el-archivador-en-homenaje-a-abelardo-chiche-herrera\/#primaryimage\",\"url\":\"https:\/\/apuntesdesanluis.com\/wp-content\/uploads\/2023\/10\/chiche-herrera.png\",\"contentUrl\":\"https:\/\/apuntesdesanluis.com\/wp-content\/uploads\/2023\/10\/chiche-herrera.png\",\"width\":1057,\"height\":703},{\"@type\":\"BreadcrumbList\",\"@id\":\"https:\/\/apuntesdesanluis.com\/index.php\/2023\/10\/05\/presentan-el-archivador-en-homenaje-a-abelardo-chiche-herrera\/#breadcrumb\",\"itemListElement\":[{\"@type\":\"ListItem\",\"position\":1,\"name\":\"Inicio\",\"item\":\"https:\/\/apuntesdesanluis.com\/\"},{\"@type\":\"ListItem\",\"position\":2,\"name\":\"PRESENTAN \u201cEL ARCHIVADOR\u201d, EN HOMENAJE A ABELARDO \u201cCHICHE\u201d HERRERA\"}]},{\"@type\":\"WebSite\",\"@id\":\"https:\/\/apuntesdesanluis.com\/#website\",\"url\":\"https:\/\/apuntesdesanluis.com\/\",\"name\":\"Apuntes de San Luis\",\"description\":\"\",\"publisher\":{\"@id\":\"https:\/\/apuntesdesanluis.com\/#\/schema\/person\/b55151d52296fcce64d1a72538a70b90\"},\"potentialAction\":[{\"@type\":\"SearchAction\",\"target\":{\"@type\":\"EntryPoint\",\"urlTemplate\":\"https:\/\/apuntesdesanluis.com\/?s={search_term_string}\"},\"query-input\":{\"@type\":\"PropertyValueSpecification\",\"valueRequired\":true,\"valueName\":\"search_term_string\"}}],\"inLanguage\":\"es-AR\"},{\"@type\":[\"Person\",\"Organization\"],\"@id\":\"https:\/\/apuntesdesanluis.com\/#\/schema\/person\/b55151d52296fcce64d1a72538a70b90\",\"name\":\"apuntesdesanluis.com\",\"image\":{\"@type\":\"ImageObject\",\"inLanguage\":\"es-AR\",\"@id\":\"https:\/\/apuntesdesanluis.com\/#\/schema\/person\/image\/\",\"url\":\"https:\/\/apuntesdesanluis.com\/wp-content\/uploads\/2023\/07\/cropped-apuntesdesanluis.png\",\"contentUrl\":\"https:\/\/apuntesdesanluis.com\/wp-content\/uploads\/2023\/07\/cropped-apuntesdesanluis.png\",\"width\":450,\"height\":112,\"caption\":\"apuntesdesanluis.com\"},\"logo\":{\"@id\":\"https:\/\/apuntesdesanluis.com\/#\/schema\/person\/image\/\"},\"sameAs\":[\"https:\/\/apuntesdesanluis.com\"],\"url\":\"https:\/\/apuntesdesanluis.com\/index.php\/author\/apuntesdesanluis-com\/\"}]}<\/script>\n<!-- \/ Yoast SEO plugin. -->","yoast_head_json":{"title":"PRESENTAN \u201cEL ARCHIVADOR\u201d, EN HOMENAJE A ABELARDO \u201cCHICHE\u201d HERRERA - Apuntes de San Luis","robots":{"index":"index","follow":"follow","max-snippet":"max-snippet:-1","max-image-preview":"max-image-preview:large","max-video-preview":"max-video-preview:-1"},"canonical":"https:\/\/apuntesdesanluis.com\/index.php\/2023\/10\/05\/presentan-el-archivador-en-homenaje-a-abelardo-chiche-herrera\/","og_locale":"es_ES","og_type":"article","og_title":"PRESENTAN \u201cEL ARCHIVADOR\u201d, EN HOMENAJE A ABELARDO \u201cCHICHE\u201d HERRERA - Apuntes de San Luis","og_description":"El documental ser\u00e1 exhibido el pr\u00f3ximo lunes 9 de octubre a las 19:30 hs, en...","og_url":"https:\/\/apuntesdesanluis.com\/index.php\/2023\/10\/05\/presentan-el-archivador-en-homenaje-a-abelardo-chiche-herrera\/","og_site_name":"Apuntes de San Luis","article_published_time":"2023-10-06T01:03:15+00:00","article_modified_time":"2023-10-06T01:04:24+00:00","og_image":[{"width":1057,"height":703,"url":"https:\/\/apuntesdesanluis.com\/wp-content\/uploads\/2023\/10\/chiche-herrera.png","type":"image\/png"}],"author":"apuntesdesanluis.com","twitter_card":"summary_large_image","twitter_misc":{"Escrito por":"apuntesdesanluis.com","Tiempo de lectura":"2 minutos"},"schema":{"@context":"https:\/\/schema.org","@graph":[{"@type":"Article","@id":"https:\/\/apuntesdesanluis.com\/index.php\/2023\/10\/05\/presentan-el-archivador-en-homenaje-a-abelardo-chiche-herrera\/#article","isPartOf":{"@id":"https:\/\/apuntesdesanluis.com\/index.php\/2023\/10\/05\/presentan-el-archivador-en-homenaje-a-abelardo-chiche-herrera\/"},"author":{"name":"apuntesdesanluis.com","@id":"https:\/\/apuntesdesanluis.com\/#\/schema\/person\/b55151d52296fcce64d1a72538a70b90"},"headline":"PRESENTAN \u201cEL ARCHIVADOR\u201d, EN HOMENAJE A ABELARDO \u201cCHICHE\u201d HERRERA","datePublished":"2023-10-06T01:03:15+00:00","dateModified":"2023-10-06T01:04:24+00:00","mainEntityOfPage":{"@id":"https:\/\/apuntesdesanluis.com\/index.php\/2023\/10\/05\/presentan-el-archivador-en-homenaje-a-abelardo-chiche-herrera\/"},"wordCount":242,"publisher":{"@id":"https:\/\/apuntesdesanluis.com\/#\/schema\/person\/b55151d52296fcce64d1a72538a70b90"},"image":{"@id":"https:\/\/apuntesdesanluis.com\/index.php\/2023\/10\/05\/presentan-el-archivador-en-homenaje-a-abelardo-chiche-herrera\/#primaryimage"},"thumbnailUrl":"https:\/\/apuntesdesanluis.com\/wp-content\/uploads\/2023\/10\/chiche-herrera.png","articleSection":["Ciudad\/Provincia"],"inLanguage":"es-AR"},{"@type":"WebPage","@id":"https:\/\/apuntesdesanluis.com\/index.php\/2023\/10\/05\/presentan-el-archivador-en-homenaje-a-abelardo-chiche-herrera\/","url":"https:\/\/apuntesdesanluis.com\/index.php\/2023\/10\/05\/presentan-el-archivador-en-homenaje-a-abelardo-chiche-herrera\/","name":"PRESENTAN \u201cEL ARCHIVADOR\u201d, EN HOMENAJE A ABELARDO \u201cCHICHE\u201d HERRERA - Apuntes de San Luis","isPartOf":{"@id":"https:\/\/apuntesdesanluis.com\/#website"},"primaryImageOfPage":{"@id":"https:\/\/apuntesdesanluis.com\/index.php\/2023\/10\/05\/presentan-el-archivador-en-homenaje-a-abelardo-chiche-herrera\/#primaryimage"},"image":{"@id":"https:\/\/apuntesdesanluis.com\/index.php\/2023\/10\/05\/presentan-el-archivador-en-homenaje-a-abelardo-chiche-herrera\/#primaryimage"},"thumbnailUrl":"https:\/\/apuntesdesanluis.com\/wp-content\/uploads\/2023\/10\/chiche-herrera.png","datePublished":"2023-10-06T01:03:15+00:00","dateModified":"2023-10-06T01:04:24+00:00","breadcrumb":{"@id":"https:\/\/apuntesdesanluis.com\/index.php\/2023\/10\/05\/presentan-el-archivador-en-homenaje-a-abelardo-chiche-herrera\/#breadcrumb"},"inLanguage":"es-AR","potentialAction":[{"@type":"ReadAction","target":["https:\/\/apuntesdesanluis.com\/index.php\/2023\/10\/05\/presentan-el-archivador-en-homenaje-a-abelardo-chiche-herrera\/"]}]},{"@type":"ImageObject","inLanguage":"es-AR","@id":"https:\/\/apuntesdesanluis.com\/index.php\/2023\/10\/05\/presentan-el-archivador-en-homenaje-a-abelardo-chiche-herrera\/#primaryimage","url":"https:\/\/apuntesdesanluis.com\/wp-content\/uploads\/2023\/10\/chiche-herrera.png","contentUrl":"https:\/\/apuntesdesanluis.com\/wp-content\/uploads\/2023\/10\/chiche-herrera.png","width":1057,"height":703},{"@type":"BreadcrumbList","@id":"https:\/\/apuntesdesanluis.com\/index.php\/2023\/10\/05\/presentan-el-archivador-en-homenaje-a-abelardo-chiche-herrera\/#breadcrumb","itemListElement":[{"@type":"ListItem","position":1,"name":"Inicio","item":"https:\/\/apuntesdesanluis.com\/"},{"@type":"ListItem","position":2,"name":"PRESENTAN \u201cEL ARCHIVADOR\u201d, EN HOMENAJE A ABELARDO \u201cCHICHE\u201d HERRERA"}]},{"@type":"WebSite","@id":"https:\/\/apuntesdesanluis.com\/#website","url":"https:\/\/apuntesdesanluis.com\/","name":"Apuntes de San Luis","description":"","publisher":{"@id":"https:\/\/apuntesdesanluis.com\/#\/schema\/person\/b55151d52296fcce64d1a72538a70b90"},"potentialAction":[{"@type":"SearchAction","target":{"@type":"EntryPoint","urlTemplate":"https:\/\/apuntesdesanluis.com\/?s={search_term_string}"},"query-input":{"@type":"PropertyValueSpecification","valueRequired":true,"valueName":"search_term_string"}}],"inLanguage":"es-AR"},{"@type":["Person","Organization"],"@id":"https:\/\/apuntesdesanluis.com\/#\/schema\/person\/b55151d52296fcce64d1a72538a70b90","name":"apuntesdesanluis.com","image":{"@type":"ImageObject","inLanguage":"es-AR","@id":"https:\/\/apuntesdesanluis.com\/#\/schema\/person\/image\/","url":"https:\/\/apuntesdesanluis.com\/wp-content\/uploads\/2023\/07\/cropped-apuntesdesanluis.png","contentUrl":"https:\/\/apuntesdesanluis.com\/wp-content\/uploads\/2023\/07\/cropped-apuntesdesanluis.png","width":450,"height":112,"caption":"apuntesdesanluis.com"},"logo":{"@id":"https:\/\/apuntesdesanluis.com\/#\/schema\/person\/image\/"},"sameAs":["https:\/\/apuntesdesanluis.com"],"url":"https:\/\/apuntesdesanluis.com\/index.php\/author\/apuntesdesanluis-com\/"}]}},"featured_image_urls":{"full":["https:\/\/apuntesdesanluis.com\/wp-content\/uploads\/2023\/10\/chiche-herrera.png",1057,703,false],"thumbnail":["https:\/\/apuntesdesanluis.com\/wp-content\/uploads\/2023\/10\/chiche-herrera-150x150.png",150,150,true],"medium":["https:\/\/apuntesdesanluis.com\/wp-content\/uploads\/2023\/10\/chiche-herrera-300x200.png",300,200,true],"medium_large":["https:\/\/apuntesdesanluis.com\/wp-content\/uploads\/2023\/10\/chiche-herrera-768x511.png",640,426,true],"large":["https:\/\/apuntesdesanluis.com\/wp-content\/uploads\/2023\/10\/chiche-herrera-1024x681.png",640,426,true],"1536x1536":["https:\/\/apuntesdesanluis.com\/wp-content\/uploads\/2023\/10\/chiche-herrera.png",1057,703,false],"2048x2048":["https:\/\/apuntesdesanluis.com\/wp-content\/uploads\/2023\/10\/chiche-herrera.png",1057,703,false],"newsever-slider-full":["https:\/\/apuntesdesanluis.com\/wp-content\/uploads\/2023\/10\/chiche-herrera.png",1057,703,false],"newsever-featured":["https:\/\/apuntesdesanluis.com\/wp-content\/uploads\/2023\/10\/chiche-herrera-1024x681.png",1024,681,true],"newsever-medium":["https:\/\/apuntesdesanluis.com\/wp-content\/uploads\/2023\/10\/chiche-herrera-720x475.png",720,475,true]},"author_info":{"display_name":"apuntesdesanluis.com","author_link":"https:\/\/apuntesdesanluis.com\/index.php\/author\/apuntesdesanluis-com\/"},"category_info":"<a href=\"https:\/\/apuntesdesanluis.com\/index.php\/category\/ciudad-provincia\/\" rel=\"category tag\">Ciudad\/Provincia<\/a>","tag_info":"Ciudad\/Provincia","comment_count":"0","_links":{"self":[{"href":"https:\/\/apuntesdesanluis.com\/index.php\/wp-json\/wp\/v2\/posts\/4698","targetHints":{"allow":["GET"]}}],"collection":[{"href":"https:\/\/apuntesdesanluis.com\/index.php\/wp-json\/wp\/v2\/posts"}],"about":[{"href":"https:\/\/apuntesdesanluis.com\/index.php\/wp-json\/wp\/v2\/types\/post"}],"author":[{"embeddable":true,"href":"https:\/\/apuntesdesanluis.com\/index.php\/wp-json\/wp\/v2\/users\/1"}],"replies":[{"embeddable":true,"href":"https:\/\/apuntesdesanluis.com\/index.php\/wp-json\/wp\/v2\/comments?post=4698"}],"version-history":[{"count":3,"href":"https:\/\/apuntesdesanluis.com\/index.php\/wp-json\/wp\/v2\/posts\/4698\/revisions"}],"predecessor-version":[{"id":4703,"href":"https:\/\/apuntesdesanluis.com\/index.php\/wp-json\/wp\/v2\/posts\/4698\/revisions\/4703"}],"wp:featuredmedia":[{"embeddable":true,"href":"https:\/\/apuntesdesanluis.com\/index.php\/wp-json\/wp\/v2\/media\/4699"}],"wp:attachment":[{"href":"https:\/\/apuntesdesanluis.com\/index.php\/wp-json\/wp\/v2\/media?parent=4698"}],"wp:term":[{"taxonomy":"category","embeddable":true,"href":"https:\/\/apuntesdesanluis.com\/index.php\/wp-json\/wp\/v2\/categories?post=4698"},{"taxonomy":"post_tag","embeddable":true,"href":"https:\/\/apuntesdesanluis.com\/index.php\/wp-json\/wp\/v2\/tags?post=4698"}],"curies":[{"name":"wp","href":"https:\/\/api.w.org\/{rel}","templated":true}]}}