{"id":4704,"date":"2023-10-06T09:11:57","date_gmt":"2023-10-06T12:11:57","guid":{"rendered":"https:\/\/apuntesdesanluis.com\/?p=4704"},"modified":"2023-10-06T09:11:57","modified_gmt":"2023-10-06T12:11:57","slug":"comienza-en-la-unsl-el-rally-latinoamericano-de-innovacion","status":"publish","type":"post","link":"https:\/\/apuntesdesanluis.com\/index.php\/2023\/10\/06\/comienza-en-la-unsl-el-rally-latinoamericano-de-innovacion\/","title":{"rendered":"COMIENZA EN LA UNSL EL RALLY LATINOAMERICANO DE INNOVACI\u00d3N"},"content":{"rendered":"<h3>Este viernes 06 de octubre a las 11 hs, en el 2\u00ba piso del Bloque II de la UNSL, arranca la competencia internacional de innovaci\u00f3n en la que participan 50 estudiantes locales que competir\u00e1n con equipos de 14 pa\u00edses de Am\u00e9rica Latina.<\/h3>\n<h3>La competencia se desarrollar\u00e1 en las Facultades de Ciencias F\u00edsico Matem\u00e1ticas y Naturales y en Ingenier\u00eda y Ciencias Agropecuarias (Villa Mercedes).<\/h3>\n<h3>El Rally Latinoamericano de Innovaci\u00f3n es una competencia internacional que tiene como prop\u00f3sito fomentar la innovaci\u00f3n abierta en estudiantes universitarios, se desarrolla por equipos multidisciplinarios y de manera simult\u00e1nea en pa\u00edses de Latinoam\u00e9rica durante 28 horas consecutivas.<\/h3>\n<h3>En la sede de la Facultad de Ciencias F\u00edsico Matem\u00e1ticas y Naturales, se han registrado estudiantes de distintas Facultades de la Universidad que deber\u00e1n resolver un problema o desaf\u00edo que se dar\u00e1 a conocer de manera simult\u00e1nea a todos los equipos participantes. Cada grupo deber\u00e1 entregar dos productos, uno en el que proponen una soluci\u00f3n innovadora y creativa a un desaf\u00edo basado en una problem\u00e1tica real y el otro, consiste en una interacci\u00f3n de tipo l\u00fadica a realizar entre dos equipos de diferentes pa\u00edses o culturas.<\/h3>\n<h3>Esta iniciativa pone a los futuros profesionales a enfrentar problemas reales y a buscar soluciones colectivas de manera interdisciplinaria. Se trata de una experiencia \u00fanica, entretenida y de gran valor para la formaci\u00f3n de los estudiantes participantes.<\/h3>\n<p><img fetchpriority=\"high\" decoding=\"async\" class=\"wp-image-4706 aligncenter\" src=\"https:\/\/apuntesdesanluis.com\/wp-content\/uploads\/2023\/10\/Rally-300x118.png\" alt=\"\" width=\"531\" height=\"209\" srcset=\"https:\/\/apuntesdesanluis.com\/wp-content\/uploads\/2023\/10\/Rally-300x118.png 300w, https:\/\/apuntesdesanluis.com\/wp-content\/uploads\/2023\/10\/Rally.png 600w\" sizes=\"(max-width: 531px) 100vw, 531px\" \/><\/p>\n<h3><strong>FICA<\/strong><\/h3>\n<h3>La Coordinaci\u00f3n de Extensi\u00f3n, Vinculaci\u00f3n y Transferencia de la FICA informa a estudiantes de todas las Facultades de la UNSL, que el certamen \u201cRally Latinoamericano de Innovaci\u00f3n Edici\u00f3n 2023\u201d anunci\u00f3 que se entregar\u00e1n premios monetarios a los equipos argentinos ganadores de ambas categor\u00edas. La competencia se llevar\u00e1 a cabo los d\u00edas 6 y 7 de octubre de 2023, en esta ocasi\u00f3n de forma presencial y virtual.<\/h3>\n<h3>Premios equipos Argentina:<\/h3>\n<h3>1\u00b0 Puesto: $200.000<\/h3>\n<h3>2\u00b0 Puesto: $ 150.000<\/h3>\n<h3>3\u00b0 Puesto: $ 100.000<\/h3>\n<h3>Se pagar\u00e1 en partes iguales a cada integrante del equipo en ambas categor\u00edas.<\/h3>\n<h3>Este certamen, de la cual la FICA ser\u00e1 sede por s\u00e9ptimo a\u00f1o consecutivo, es una competencia internacional por equipos, que tiene como prop\u00f3sito fomentar la innovaci\u00f3n abierta en las facultades y escuelas de ingenier\u00eda de Latinoam\u00e9rica, que se desarrolla durante 28 horas consecutivas y en simult\u00e1neo en todas las sedes de los pa\u00edses participantes.<\/h3>\n<h3>El objetivo de la competencia es contribuir a desarrollar una nueva cultura de innovaci\u00f3n abierta, de creatividad, el trabajo en equipos y despertar vocaciones tempranas en emprendedorismo en estudiantes de las Unidades Acad\u00e9micas con carreras de Ingenier\u00eda de Latinoam\u00e9rica<\/h3>\n<h3>Los desaf\u00edos para resolver en la competencia consisten en problemas reales que requieran de una soluci\u00f3n creativa. Estos no est\u00e1n limitados \u00fanicamente al \u00e1mbito tecnol\u00f3gico, pudiendo ser de varios sectores de actividades o temas sociales, ambientales, organizacionales, art\u00edsticos, log\u00edsticos o de otro tipo. Estos desaf\u00edos pueden ser propuestos para su consideraci\u00f3n por empresas, instituciones p\u00fablicas o privadas, ONG\u00b4s, o cualquier otra instituci\u00f3n con inserci\u00f3n territorial en el \u00e1mbito latinoamericano.<\/h3>\n<h3>Los equipos tienen 28 horas para conformarse, seleccionar un desaf\u00edo, entender el problema, plantear una soluci\u00f3n, identificar los beneficiarios, validarla y ajustar lo que consideren necesario hasta lograr una propuesta que es presentada mediante un video, con una duraci\u00f3n de hasta 2 minutos y un reporte pautado, que da cuenta de la potencial factibilidad e impacto de la propuesta.<\/h3>\n<h3>Se entregar\u00e1n diplomas y resoluciones de participaci\u00f3n, as\u00ed como reconocimiento a los ganadores de cada sede.<\/h3>\n<h3>Para consultas adicionales e informaci\u00f3n:<\/h3>\n<h3>Responsable de la Sede Villa Mercedes:<\/h3>\n<h3>Mg. Ing. Mar\u00eda Eugenia Rimini \u2013 Directora de la carrera de Ingenier\u00eda Industrial<\/h3>\n<h3>mail: <span style=\"color: #3366ff;\"><a style=\"color: #3366ff;\" href=\"mailto:eugeniarimini@hotmail.com\">eugeniarimini@hotmail.com<\/a><\/span><\/h3>\n<h3>V\u00eda WhatsApp: 2657-393731<\/h3>\n","protected":false},"excerpt":{"rendered":"<p>Este viernes 06 de octubre a las 11 hs, en el 2\u00ba piso del Bloque&#8230;<\/p>\n","protected":false},"author":1,"featured_media":4705,"comment_status":"closed","ping_status":"closed","sticky":false,"template":"","format":"standard","meta":{"footnotes":""},"categories":[6],"tags":[],"class_list":["post-4704","post","type-post","status-publish","format-standard","has-post-thumbnail","hentry","category-ciudad-provincia"],"yoast_head":"<!-- This site is optimized with the Yoast SEO plugin v26.1.1 - https:\/\/yoast.com\/wordpress\/plugins\/seo\/ -->\n<title>COMIENZA EN LA UNSL EL RALLY LATINOAMERICANO DE INNOVACI\u00d3N - Apuntes de San Luis<\/title>\n<meta name=\"robots\" content=\"index, follow, max-snippet:-1, max-image-preview:large, max-video-preview:-1\" \/>\n<link rel=\"canonical\" href=\"https:\/\/apuntesdesanluis.com\/index.php\/2023\/10\/06\/comienza-en-la-unsl-el-rally-latinoamericano-de-innovacion\/\" \/>\n<meta property=\"og:locale\" content=\"es_ES\" \/>\n<meta property=\"og:type\" content=\"article\" \/>\n<meta property=\"og:title\" content=\"COMIENZA EN LA UNSL EL RALLY LATINOAMERICANO DE INNOVACI\u00d3N - Apuntes de San Luis\" \/>\n<meta property=\"og:description\" content=\"Este viernes 06 de octubre a las 11 hs, en el 2\u00ba piso del Bloque...\" \/>\n<meta property=\"og:url\" content=\"https:\/\/apuntesdesanluis.com\/index.php\/2023\/10\/06\/comienza-en-la-unsl-el-rally-latinoamericano-de-innovacion\/\" \/>\n<meta property=\"og:site_name\" content=\"Apuntes de San Luis\" \/>\n<meta property=\"article:published_time\" content=\"2023-10-06T12:11:57+00:00\" \/>\n<meta property=\"og:image\" content=\"https:\/\/apuntesdesanluis.com\/wp-content\/uploads\/2023\/10\/rally-ciencias.png\" \/>\n\t<meta property=\"og:image:width\" content=\"623\" \/>\n\t<meta property=\"og:image:height\" content=\"375\" \/>\n\t<meta property=\"og:image:type\" content=\"image\/png\" \/>\n<meta name=\"author\" content=\"apuntesdesanluis.com\" \/>\n<meta name=\"twitter:card\" content=\"summary_large_image\" \/>\n<meta name=\"twitter:label1\" content=\"Escrito por\" \/>\n\t<meta name=\"twitter:data1\" content=\"apuntesdesanluis.com\" \/>\n\t<meta name=\"twitter:label2\" content=\"Tiempo de lectura\" \/>\n\t<meta name=\"twitter:data2\" content=\"3 minutos\" \/>\n<script type=\"application\/ld+json\" class=\"yoast-schema-graph\">{\"@context\":\"https:\/\/schema.org\",\"@graph\":[{\"@type\":\"Article\",\"@id\":\"https:\/\/apuntesdesanluis.com\/index.php\/2023\/10\/06\/comienza-en-la-unsl-el-rally-latinoamericano-de-innovacion\/#article\",\"isPartOf\":{\"@id\":\"https:\/\/apuntesdesanluis.com\/index.php\/2023\/10\/06\/comienza-en-la-unsl-el-rally-latinoamericano-de-innovacion\/\"},\"author\":{\"name\":\"apuntesdesanluis.com\",\"@id\":\"https:\/\/apuntesdesanluis.com\/#\/schema\/person\/b55151d52296fcce64d1a72538a70b90\"},\"headline\":\"COMIENZA EN LA UNSL EL RALLY LATINOAMERICANO DE INNOVACI\u00d3N\",\"datePublished\":\"2023-10-06T12:11:57+00:00\",\"mainEntityOfPage\":{\"@id\":\"https:\/\/apuntesdesanluis.com\/index.php\/2023\/10\/06\/comienza-en-la-unsl-el-rally-latinoamericano-de-innovacion\/\"},\"wordCount\":641,\"publisher\":{\"@id\":\"https:\/\/apuntesdesanluis.com\/#\/schema\/person\/b55151d52296fcce64d1a72538a70b90\"},\"image\":{\"@id\":\"https:\/\/apuntesdesanluis.com\/index.php\/2023\/10\/06\/comienza-en-la-unsl-el-rally-latinoamericano-de-innovacion\/#primaryimage\"},\"thumbnailUrl\":\"https:\/\/apuntesdesanluis.com\/wp-content\/uploads\/2023\/10\/rally-ciencias.png\",\"articleSection\":[\"Ciudad\/Provincia\"],\"inLanguage\":\"es-AR\"},{\"@type\":\"WebPage\",\"@id\":\"https:\/\/apuntesdesanluis.com\/index.php\/2023\/10\/06\/comienza-en-la-unsl-el-rally-latinoamericano-de-innovacion\/\",\"url\":\"https:\/\/apuntesdesanluis.com\/index.php\/2023\/10\/06\/comienza-en-la-unsl-el-rally-latinoamericano-de-innovacion\/\",\"name\":\"COMIENZA EN LA UNSL EL RALLY LATINOAMERICANO DE INNOVACI\u00d3N - Apuntes de San Luis\",\"isPartOf\":{\"@id\":\"https:\/\/apuntesdesanluis.com\/#website\"},\"primaryImageOfPage\":{\"@id\":\"https:\/\/apuntesdesanluis.com\/index.php\/2023\/10\/06\/comienza-en-la-unsl-el-rally-latinoamericano-de-innovacion\/#primaryimage\"},\"image\":{\"@id\":\"https:\/\/apuntesdesanluis.com\/index.php\/2023\/10\/06\/comienza-en-la-unsl-el-rally-latinoamericano-de-innovacion\/#primaryimage\"},\"thumbnailUrl\":\"https:\/\/apuntesdesanluis.com\/wp-content\/uploads\/2023\/10\/rally-ciencias.png\",\"datePublished\":\"2023-10-06T12:11:57+00:00\",\"breadcrumb\":{\"@id\":\"https:\/\/apuntesdesanluis.com\/index.php\/2023\/10\/06\/comienza-en-la-unsl-el-rally-latinoamericano-de-innovacion\/#breadcrumb\"},\"inLanguage\":\"es-AR\",\"potentialAction\":[{\"@type\":\"ReadAction\",\"target\":[\"https:\/\/apuntesdesanluis.com\/index.php\/2023\/10\/06\/comienza-en-la-unsl-el-rally-latinoamericano-de-innovacion\/\"]}]},{\"@type\":\"ImageObject\",\"inLanguage\":\"es-AR\",\"@id\":\"https:\/\/apuntesdesanluis.com\/index.php\/2023\/10\/06\/comienza-en-la-unsl-el-rally-latinoamericano-de-innovacion\/#primaryimage\",\"url\":\"https:\/\/apuntesdesanluis.com\/wp-content\/uploads\/2023\/10\/rally-ciencias.png\",\"contentUrl\":\"https:\/\/apuntesdesanluis.com\/wp-content\/uploads\/2023\/10\/rally-ciencias.png\",\"width\":623,\"height\":375},{\"@type\":\"BreadcrumbList\",\"@id\":\"https:\/\/apuntesdesanluis.com\/index.php\/2023\/10\/06\/comienza-en-la-unsl-el-rally-latinoamericano-de-innovacion\/#breadcrumb\",\"itemListElement\":[{\"@type\":\"ListItem\",\"position\":1,\"name\":\"Inicio\",\"item\":\"https:\/\/apuntesdesanluis.com\/\"},{\"@type\":\"ListItem\",\"position\":2,\"name\":\"COMIENZA EN LA UNSL EL RALLY LATINOAMERICANO DE INNOVACI\u00d3N\"}]},{\"@type\":\"WebSite\",\"@id\":\"https:\/\/apuntesdesanluis.com\/#website\",\"url\":\"https:\/\/apuntesdesanluis.com\/\",\"name\":\"Apuntes de San Luis\",\"description\":\"\",\"publisher\":{\"@id\":\"https:\/\/apuntesdesanluis.com\/#\/schema\/person\/b55151d52296fcce64d1a72538a70b90\"},\"potentialAction\":[{\"@type\":\"SearchAction\",\"target\":{\"@type\":\"EntryPoint\",\"urlTemplate\":\"https:\/\/apuntesdesanluis.com\/?s={search_term_string}\"},\"query-input\":{\"@type\":\"PropertyValueSpecification\",\"valueRequired\":true,\"valueName\":\"search_term_string\"}}],\"inLanguage\":\"es-AR\"},{\"@type\":[\"Person\",\"Organization\"],\"@id\":\"https:\/\/apuntesdesanluis.com\/#\/schema\/person\/b55151d52296fcce64d1a72538a70b90\",\"name\":\"apuntesdesanluis.com\",\"image\":{\"@type\":\"ImageObject\",\"inLanguage\":\"es-AR\",\"@id\":\"https:\/\/apuntesdesanluis.com\/#\/schema\/person\/image\/\",\"url\":\"https:\/\/apuntesdesanluis.com\/wp-content\/uploads\/2023\/07\/cropped-apuntesdesanluis.png\",\"contentUrl\":\"https:\/\/apuntesdesanluis.com\/wp-content\/uploads\/2023\/07\/cropped-apuntesdesanluis.png\",\"width\":450,\"height\":112,\"caption\":\"apuntesdesanluis.com\"},\"logo\":{\"@id\":\"https:\/\/apuntesdesanluis.com\/#\/schema\/person\/image\/\"},\"sameAs\":[\"https:\/\/apuntesdesanluis.com\"],\"url\":\"https:\/\/apuntesdesanluis.com\/index.php\/author\/apuntesdesanluis-com\/\"}]}<\/script>\n<!-- \/ Yoast SEO plugin. -->","yoast_head_json":{"title":"COMIENZA EN LA UNSL EL RALLY LATINOAMERICANO DE INNOVACI\u00d3N - Apuntes de San Luis","robots":{"index":"index","follow":"follow","max-snippet":"max-snippet:-1","max-image-preview":"max-image-preview:large","max-video-preview":"max-video-preview:-1"},"canonical":"https:\/\/apuntesdesanluis.com\/index.php\/2023\/10\/06\/comienza-en-la-unsl-el-rally-latinoamericano-de-innovacion\/","og_locale":"es_ES","og_type":"article","og_title":"COMIENZA EN LA UNSL EL RALLY LATINOAMERICANO DE INNOVACI\u00d3N - Apuntes de San Luis","og_description":"Este viernes 06 de octubre a las 11 hs, en el 2\u00ba piso del Bloque...","og_url":"https:\/\/apuntesdesanluis.com\/index.php\/2023\/10\/06\/comienza-en-la-unsl-el-rally-latinoamericano-de-innovacion\/","og_site_name":"Apuntes de San Luis","article_published_time":"2023-10-06T12:11:57+00:00","og_image":[{"width":623,"height":375,"url":"https:\/\/apuntesdesanluis.com\/wp-content\/uploads\/2023\/10\/rally-ciencias.png","type":"image\/png"}],"author":"apuntesdesanluis.com","twitter_card":"summary_large_image","twitter_misc":{"Escrito por":"apuntesdesanluis.com","Tiempo de lectura":"3 minutos"},"schema":{"@context":"https:\/\/schema.org","@graph":[{"@type":"Article","@id":"https:\/\/apuntesdesanluis.com\/index.php\/2023\/10\/06\/comienza-en-la-unsl-el-rally-latinoamericano-de-innovacion\/#article","isPartOf":{"@id":"https:\/\/apuntesdesanluis.com\/index.php\/2023\/10\/06\/comienza-en-la-unsl-el-rally-latinoamericano-de-innovacion\/"},"author":{"name":"apuntesdesanluis.com","@id":"https:\/\/apuntesdesanluis.com\/#\/schema\/person\/b55151d52296fcce64d1a72538a70b90"},"headline":"COMIENZA EN LA UNSL EL RALLY LATINOAMERICANO DE INNOVACI\u00d3N","datePublished":"2023-10-06T12:11:57+00:00","mainEntityOfPage":{"@id":"https:\/\/apuntesdesanluis.com\/index.php\/2023\/10\/06\/comienza-en-la-unsl-el-rally-latinoamericano-de-innovacion\/"},"wordCount":641,"publisher":{"@id":"https:\/\/apuntesdesanluis.com\/#\/schema\/person\/b55151d52296fcce64d1a72538a70b90"},"image":{"@id":"https:\/\/apuntesdesanluis.com\/index.php\/2023\/10\/06\/comienza-en-la-unsl-el-rally-latinoamericano-de-innovacion\/#primaryimage"},"thumbnailUrl":"https:\/\/apuntesdesanluis.com\/wp-content\/uploads\/2023\/10\/rally-ciencias.png","articleSection":["Ciudad\/Provincia"],"inLanguage":"es-AR"},{"@type":"WebPage","@id":"https:\/\/apuntesdesanluis.com\/index.php\/2023\/10\/06\/comienza-en-la-unsl-el-rally-latinoamericano-de-innovacion\/","url":"https:\/\/apuntesdesanluis.com\/index.php\/2023\/10\/06\/comienza-en-la-unsl-el-rally-latinoamericano-de-innovacion\/","name":"COMIENZA EN LA UNSL EL RALLY LATINOAMERICANO DE INNOVACI\u00d3N - Apuntes de San Luis","isPartOf":{"@id":"https:\/\/apuntesdesanluis.com\/#website"},"primaryImageOfPage":{"@id":"https:\/\/apuntesdesanluis.com\/index.php\/2023\/10\/06\/comienza-en-la-unsl-el-rally-latinoamericano-de-innovacion\/#primaryimage"},"image":{"@id":"https:\/\/apuntesdesanluis.com\/index.php\/2023\/10\/06\/comienza-en-la-unsl-el-rally-latinoamericano-de-innovacion\/#primaryimage"},"thumbnailUrl":"https:\/\/apuntesdesanluis.com\/wp-content\/uploads\/2023\/10\/rally-ciencias.png","datePublished":"2023-10-06T12:11:57+00:00","breadcrumb":{"@id":"https:\/\/apuntesdesanluis.com\/index.php\/2023\/10\/06\/comienza-en-la-unsl-el-rally-latinoamericano-de-innovacion\/#breadcrumb"},"inLanguage":"es-AR","potentialAction":[{"@type":"ReadAction","target":["https:\/\/apuntesdesanluis.com\/index.php\/2023\/10\/06\/comienza-en-la-unsl-el-rally-latinoamericano-de-innovacion\/"]}]},{"@type":"ImageObject","inLanguage":"es-AR","@id":"https:\/\/apuntesdesanluis.com\/index.php\/2023\/10\/06\/comienza-en-la-unsl-el-rally-latinoamericano-de-innovacion\/#primaryimage","url":"https:\/\/apuntesdesanluis.com\/wp-content\/uploads\/2023\/10\/rally-ciencias.png","contentUrl":"https:\/\/apuntesdesanluis.com\/wp-content\/uploads\/2023\/10\/rally-ciencias.png","width":623,"height":375},{"@type":"BreadcrumbList","@id":"https:\/\/apuntesdesanluis.com\/index.php\/2023\/10\/06\/comienza-en-la-unsl-el-rally-latinoamericano-de-innovacion\/#breadcrumb","itemListElement":[{"@type":"ListItem","position":1,"name":"Inicio","item":"https:\/\/apuntesdesanluis.com\/"},{"@type":"ListItem","position":2,"name":"COMIENZA EN LA UNSL EL RALLY LATINOAMERICANO DE INNOVACI\u00d3N"}]},{"@type":"WebSite","@id":"https:\/\/apuntesdesanluis.com\/#website","url":"https:\/\/apuntesdesanluis.com\/","name":"Apuntes de San Luis","description":"","publisher":{"@id":"https:\/\/apuntesdesanluis.com\/#\/schema\/person\/b55151d52296fcce64d1a72538a70b90"},"potentialAction":[{"@type":"SearchAction","target":{"@type":"EntryPoint","urlTemplate":"https:\/\/apuntesdesanluis.com\/?s={search_term_string}"},"query-input":{"@type":"PropertyValueSpecification","valueRequired":true,"valueName":"search_term_string"}}],"inLanguage":"es-AR"},{"@type":["Person","Organization"],"@id":"https:\/\/apuntesdesanluis.com\/#\/schema\/person\/b55151d52296fcce64d1a72538a70b90","name":"apuntesdesanluis.com","image":{"@type":"ImageObject","inLanguage":"es-AR","@id":"https:\/\/apuntesdesanluis.com\/#\/schema\/person\/image\/","url":"https:\/\/apuntesdesanluis.com\/wp-content\/uploads\/2023\/07\/cropped-apuntesdesanluis.png","contentUrl":"https:\/\/apuntesdesanluis.com\/wp-content\/uploads\/2023\/07\/cropped-apuntesdesanluis.png","width":450,"height":112,"caption":"apuntesdesanluis.com"},"logo":{"@id":"https:\/\/apuntesdesanluis.com\/#\/schema\/person\/image\/"},"sameAs":["https:\/\/apuntesdesanluis.com"],"url":"https:\/\/apuntesdesanluis.com\/index.php\/author\/apuntesdesanluis-com\/"}]}},"featured_image_urls":{"full":["https:\/\/apuntesdesanluis.com\/wp-content\/uploads\/2023\/10\/rally-ciencias.png",623,375,false],"thumbnail":["https:\/\/apuntesdesanluis.com\/wp-content\/uploads\/2023\/10\/rally-ciencias-150x150.png",150,150,true],"medium":["https:\/\/apuntesdesanluis.com\/wp-content\/uploads\/2023\/10\/rally-ciencias-300x181.png",300,181,true],"medium_large":["https:\/\/apuntesdesanluis.com\/wp-content\/uploads\/2023\/10\/rally-ciencias.png",623,375,false],"large":["https:\/\/apuntesdesanluis.com\/wp-content\/uploads\/2023\/10\/rally-ciencias.png",623,375,false],"1536x1536":["https:\/\/apuntesdesanluis.com\/wp-content\/uploads\/2023\/10\/rally-ciencias.png",623,375,false],"2048x2048":["https:\/\/apuntesdesanluis.com\/wp-content\/uploads\/2023\/10\/rally-ciencias.png",623,375,false],"newsever-slider-full":["https:\/\/apuntesdesanluis.com\/wp-content\/uploads\/2023\/10\/rally-ciencias.png",623,375,false],"newsever-featured":["https:\/\/apuntesdesanluis.com\/wp-content\/uploads\/2023\/10\/rally-ciencias.png",623,375,false],"newsever-medium":["https:\/\/apuntesdesanluis.com\/wp-content\/uploads\/2023\/10\/rally-ciencias.png",623,375,false]},"author_info":{"display_name":"apuntesdesanluis.com","author_link":"https:\/\/apuntesdesanluis.com\/index.php\/author\/apuntesdesanluis-com\/"},"category_info":"<a href=\"https:\/\/apuntesdesanluis.com\/index.php\/category\/ciudad-provincia\/\" rel=\"category tag\">Ciudad\/Provincia<\/a>","tag_info":"Ciudad\/Provincia","comment_count":"0","_links":{"self":[{"href":"https:\/\/apuntesdesanluis.com\/index.php\/wp-json\/wp\/v2\/posts\/4704","targetHints":{"allow":["GET"]}}],"collection":[{"href":"https:\/\/apuntesdesanluis.com\/index.php\/wp-json\/wp\/v2\/posts"}],"about":[{"href":"https:\/\/apuntesdesanluis.com\/index.php\/wp-json\/wp\/v2\/types\/post"}],"author":[{"embeddable":true,"href":"https:\/\/apuntesdesanluis.com\/index.php\/wp-json\/wp\/v2\/users\/1"}],"replies":[{"embeddable":true,"href":"https:\/\/apuntesdesanluis.com\/index.php\/wp-json\/wp\/v2\/comments?post=4704"}],"version-history":[{"count":1,"href":"https:\/\/apuntesdesanluis.com\/index.php\/wp-json\/wp\/v2\/posts\/4704\/revisions"}],"predecessor-version":[{"id":4707,"href":"https:\/\/apuntesdesanluis.com\/index.php\/wp-json\/wp\/v2\/posts\/4704\/revisions\/4707"}],"wp:featuredmedia":[{"embeddable":true,"href":"https:\/\/apuntesdesanluis.com\/index.php\/wp-json\/wp\/v2\/media\/4705"}],"wp:attachment":[{"href":"https:\/\/apuntesdesanluis.com\/index.php\/wp-json\/wp\/v2\/media?parent=4704"}],"wp:term":[{"taxonomy":"category","embeddable":true,"href":"https:\/\/apuntesdesanluis.com\/index.php\/wp-json\/wp\/v2\/categories?post=4704"},{"taxonomy":"post_tag","embeddable":true,"href":"https:\/\/apuntesdesanluis.com\/index.php\/wp-json\/wp\/v2\/tags?post=4704"}],"curies":[{"name":"wp","href":"https:\/\/api.w.org\/{rel}","templated":true}]}}