{"id":4708,"date":"2023-10-05T21:40:50","date_gmt":"2023-10-06T00:40:50","guid":{"rendered":"https:\/\/apuntesdesanluis.com\/?p=4708"},"modified":"2023-10-06T09:46:23","modified_gmt":"2023-10-06T12:46:23","slug":"es-inconstitucional-la-expropiacion-de-sierras-de-las-quijadas-que-hizo-la-provincia","status":"publish","type":"post","link":"https:\/\/apuntesdesanluis.com\/index.php\/2023\/10\/05\/es-inconstitucional-la-expropiacion-de-sierras-de-las-quijadas-que-hizo-la-provincia\/","title":{"rendered":"ES INCONSTITUCIONAL LA EXPROPIACI\u00d3N DE SIERRAS DE LAS QUIJADAS QUE HIZO LA PROVINCIA"},"content":{"rendered":"<h3>La Corte Suprema de la Naci\u00f3n declar\u00f3 inconstitucional la expropiaci\u00f3n del Parque Nacional Sierras de las Quijadas que el Gobierno de la provincia de San Luis realiz\u00f3 en 2010, para restituir dichas tierras al Pueblo Naci\u00f3n Huarpe.<\/h3>\n<h3>El fallo de la Corte conocido el pasado martes tambi\u00e9n condena a la Provincia de San Luis \u201ca otorgar en el plazo de ciento veinte (120) d\u00edas h\u00e1biles las escrituras traslativas de dominio correspondientes\u201d a los inmuebles expropiados.<\/h3>\n<h3>En concreto, y a instancias de la Administraci\u00f3n de Parques Nacionales, el fallo de la Corte Suprema se centra en la ley local V-0721-2010, promulgada por el decreto del Poder Ejecutivo provincial 1520- MGJyC-2010, que declar\u00f3 de utilidad p\u00fablica y sujetos a expropiaci\u00f3n inmuebles afectados al funcionamiento del Parque Nacional Sierra de las Quijadas, a los efectos de restituirlos \u201ca sus ancestrales y originarios pobladores, el Pueblo Naci\u00f3n Huarpe de San Luis, para la preservaci\u00f3n y manejo sustentable de dicha regi\u00f3n\u201d.<\/h3>\n<h3>En sus considerandos, el \u00d3rgano M\u00e1ximo de Justicia primero establece su competencia para abordar la controversia sobre la ley provincial V-0721-2010 de San Luis, que la actora considera inconstitucional y que afecta el r\u00e9gimen federal constitucional y las relaciones entre las partes.<\/h3>\n<p><img fetchpriority=\"high\" decoding=\"async\" class=\"wp-image-4710 aligncenter\" src=\"https:\/\/apuntesdesanluis.com\/wp-content\/uploads\/2023\/10\/parque-sierra-las-quijadas-300x178.png\" alt=\"\" width=\"543\" height=\"322\" srcset=\"https:\/\/apuntesdesanluis.com\/wp-content\/uploads\/2023\/10\/parque-sierra-las-quijadas-300x178.png 300w, https:\/\/apuntesdesanluis.com\/wp-content\/uploads\/2023\/10\/parque-sierra-las-quijadas.png 526w\" sizes=\"(max-width: 543px) 100vw, 543px\" \/><\/p>\n<h3>Asimismo, la Corte destaca que los actos de las legislaturas provinciales solo pueden ser invalidados en casos espec\u00edficos establecidos por la Constituci\u00f3n Nacional, y el conflicto entre la Administraci\u00f3n de Parques Nacionales y la Provincia de San Luis involucra las competencias federales y locales, seg\u00fan el art\u00edculo 75, inciso 30, de la Constituci\u00f3n.<\/h3>\n<h3>La Corte presenta adem\u00e1s un resumen de los antecedentes del caso, incluyendo la suscripci\u00f3n de un convenio en 1989 entre la Provincia de San Luis y el Estado Nacional para expropiar 150.000 hect\u00e1reas de tierras con el prop\u00f3sito de crear el \u201cParque Nacional Sierra de las Quijadas\u201d.<\/h3>\n<h3>En este punto se mencionan actas de compromiso y documentos que establec\u00edan la adquisici\u00f3n de tierras por cuenta y orden del Estado Nacional, as\u00ed como la transferencia de algunas de estas tierras a la Administraci\u00f3n de Parques Nacionales.<\/h3>\n<h3>Tambi\u00e9n se mencionan problemas en la escrituraci\u00f3n de estas tierras y la sanci\u00f3n de la ley provincial V-0721-2010. Acto seguido, la Corte se\u00f1ala que la provincia finalmente adquiri\u00f3 73,534.46 hect\u00e1reas y las transfiri\u00f3 al Estado Nacional para el Parque Nacional Sierra de las Quijadas, cumpliendo con las condiciones establecidas por las leyes provinciales y nacionales.<\/h3>\n<h3>En este sentido, la Corte considera que a provincia no puede arrogarse la propiedad de un establecimiento de utilidad nacional sin una desafectaci\u00f3n formal por parte del Congreso Nacional. Adem\u00e1s, se sostiene que el presunto incumplimiento por parte de la Administraci\u00f3n de Parques Nacionales en la promoci\u00f3n de pol\u00edticas ambientales, culturales, cient\u00edficos, educativos y sociales no equivale a una desafectaci\u00f3n t\u00e1cita.<\/h3>\n<h3>La Corte Suprema tambi\u00e9n se\u00f1ala que la intenci\u00f3n de entregar estas tierras al Pueblo Huarpe tampoco autoriza a convalidar la ley V-0721-2010 impugnada, pues la provincia demandada carece de facultades para asumir o asignarle a un tercero la competencia para hacer cumplir la finalidad impuesta por el legislador nacional a las tierras cedidas.<\/h3>\n<h3>\u201cEl \u00e1mbito donde se encuentra emplazado el \u2018Parque Nacional Sierra de las Quijadas\u2019 es un establecimiento de utilidad nacional al que le resulta aplicable dicha cl\u00e1usula constitucional, y la legislaci\u00f3n nacional \u2018necesaria\u2019 a los fines del establecimiento, cual es la citada ley 22.351, ha atribuido \u00fanicamente a la Administraci\u00f3n de Parques Nacionales\u201d, se\u00f1ala la Corte Suprema de Justicia.<\/h3>\n<h3>Por otro lado destaca que la Administraci\u00f3n de Parques Nacionales se\u00f1al\u00f3 que no advierte incompatibilidad entre el funcionamiento del parque nacional y la eventual participaci\u00f3n en \u00e9l de las comunidades y pueblos originarios.<\/h3>\n<h3>Ya en su pen\u00faltimo considerando, la Corte se\u00f1ala \u201cla v\u00eda elegida\u201d por la Legislatura Provincial \u201cimplica una alteraci\u00f3n del reparto de competencias que establece la Constituci\u00f3n en el art\u00edculo 75, inciso 30, puesto que desconoce el inter\u00e9s p\u00fablico que determin\u00f3 la creaci\u00f3n del establecimiento, el cual se ha mantenido en el tiempo al no haberse modificado su finalidad por parte del Congreso Nacional\u201d, que es el \u00fanico \u00f3rgano constitucionalmente habilitado para dicha tarea. (La Gaceta Digital)<\/h3>\n<p>&nbsp;<\/p>\n<p>&nbsp;<\/p>\n<p>&nbsp;<\/p>\n","protected":false},"excerpt":{"rendered":"<p>La Corte Suprema de la Naci\u00f3n declar\u00f3 inconstitucional la expropiaci\u00f3n del Parque Nacional Sierras de&#8230;<\/p>\n","protected":false},"author":1,"featured_media":4709,"comment_status":"closed","ping_status":"closed","sticky":false,"template":"","format":"standard","meta":{"footnotes":""},"categories":[6],"tags":[],"class_list":["post-4708","post","type-post","status-publish","format-standard","has-post-thumbnail","hentry","category-ciudad-provincia"],"yoast_head":"<!-- This site is optimized with the Yoast SEO plugin v26.1.1 - https:\/\/yoast.com\/wordpress\/plugins\/seo\/ -->\n<title>ES INCONSTITUCIONAL LA EXPROPIACI\u00d3N DE SIERRAS DE LAS QUIJADAS QUE HIZO LA PROVINCIA - Apuntes de San Luis<\/title>\n<meta name=\"robots\" content=\"index, follow, max-snippet:-1, max-image-preview:large, max-video-preview:-1\" \/>\n<link rel=\"canonical\" href=\"https:\/\/apuntesdesanluis.com\/index.php\/2023\/10\/05\/es-inconstitucional-la-expropiacion-de-sierras-de-las-quijadas-que-hizo-la-provincia\/\" \/>\n<meta property=\"og:locale\" content=\"es_ES\" \/>\n<meta property=\"og:type\" content=\"article\" \/>\n<meta property=\"og:title\" content=\"ES INCONSTITUCIONAL LA EXPROPIACI\u00d3N DE SIERRAS DE LAS QUIJADAS QUE HIZO LA PROVINCIA - Apuntes de San Luis\" \/>\n<meta property=\"og:description\" content=\"La Corte Suprema de la Naci\u00f3n declar\u00f3 inconstitucional la expropiaci\u00f3n del Parque Nacional Sierras de...\" \/>\n<meta property=\"og:url\" content=\"https:\/\/apuntesdesanluis.com\/index.php\/2023\/10\/05\/es-inconstitucional-la-expropiacion-de-sierras-de-las-quijadas-que-hizo-la-provincia\/\" \/>\n<meta property=\"og:site_name\" content=\"Apuntes de San Luis\" \/>\n<meta property=\"article:published_time\" content=\"2023-10-06T00:40:50+00:00\" \/>\n<meta property=\"article:modified_time\" content=\"2023-10-06T12:46:23+00:00\" \/>\n<meta property=\"og:image\" content=\"https:\/\/apuntesdesanluis.com\/wp-content\/uploads\/2023\/10\/sierra-las-quijadas.png\" \/>\n\t<meta property=\"og:image:width\" content=\"554\" \/>\n\t<meta property=\"og:image:height\" content=\"319\" \/>\n\t<meta property=\"og:image:type\" content=\"image\/png\" \/>\n<meta name=\"author\" content=\"apuntesdesanluis.com\" \/>\n<meta name=\"twitter:card\" content=\"summary_large_image\" \/>\n<meta name=\"twitter:label1\" content=\"Escrito por\" \/>\n\t<meta name=\"twitter:data1\" content=\"apuntesdesanluis.com\" \/>\n\t<meta name=\"twitter:label2\" content=\"Tiempo de lectura\" \/>\n\t<meta name=\"twitter:data2\" content=\"4 minutos\" \/>\n<script type=\"application\/ld+json\" class=\"yoast-schema-graph\">{\"@context\":\"https:\/\/schema.org\",\"@graph\":[{\"@type\":\"Article\",\"@id\":\"https:\/\/apuntesdesanluis.com\/index.php\/2023\/10\/05\/es-inconstitucional-la-expropiacion-de-sierras-de-las-quijadas-que-hizo-la-provincia\/#article\",\"isPartOf\":{\"@id\":\"https:\/\/apuntesdesanluis.com\/index.php\/2023\/10\/05\/es-inconstitucional-la-expropiacion-de-sierras-de-las-quijadas-que-hizo-la-provincia\/\"},\"author\":{\"name\":\"apuntesdesanluis.com\",\"@id\":\"https:\/\/apuntesdesanluis.com\/#\/schema\/person\/b55151d52296fcce64d1a72538a70b90\"},\"headline\":\"ES INCONSTITUCIONAL LA EXPROPIACI\u00d3N DE SIERRAS DE LAS QUIJADAS QUE HIZO LA PROVINCIA\",\"datePublished\":\"2023-10-06T00:40:50+00:00\",\"dateModified\":\"2023-10-06T12:46:23+00:00\",\"mainEntityOfPage\":{\"@id\":\"https:\/\/apuntesdesanluis.com\/index.php\/2023\/10\/05\/es-inconstitucional-la-expropiacion-de-sierras-de-las-quijadas-que-hizo-la-provincia\/\"},\"wordCount\":742,\"publisher\":{\"@id\":\"https:\/\/apuntesdesanluis.com\/#\/schema\/person\/b55151d52296fcce64d1a72538a70b90\"},\"image\":{\"@id\":\"https:\/\/apuntesdesanluis.com\/index.php\/2023\/10\/05\/es-inconstitucional-la-expropiacion-de-sierras-de-las-quijadas-que-hizo-la-provincia\/#primaryimage\"},\"thumbnailUrl\":\"https:\/\/apuntesdesanluis.com\/wp-content\/uploads\/2023\/10\/sierra-las-quijadas.png\",\"articleSection\":[\"Ciudad\/Provincia\"],\"inLanguage\":\"es-AR\"},{\"@type\":\"WebPage\",\"@id\":\"https:\/\/apuntesdesanluis.com\/index.php\/2023\/10\/05\/es-inconstitucional-la-expropiacion-de-sierras-de-las-quijadas-que-hizo-la-provincia\/\",\"url\":\"https:\/\/apuntesdesanluis.com\/index.php\/2023\/10\/05\/es-inconstitucional-la-expropiacion-de-sierras-de-las-quijadas-que-hizo-la-provincia\/\",\"name\":\"ES INCONSTITUCIONAL LA EXPROPIACI\u00d3N DE SIERRAS DE LAS QUIJADAS QUE HIZO LA PROVINCIA - Apuntes de San Luis\",\"isPartOf\":{\"@id\":\"https:\/\/apuntesdesanluis.com\/#website\"},\"primaryImageOfPage\":{\"@id\":\"https:\/\/apuntesdesanluis.com\/index.php\/2023\/10\/05\/es-inconstitucional-la-expropiacion-de-sierras-de-las-quijadas-que-hizo-la-provincia\/#primaryimage\"},\"image\":{\"@id\":\"https:\/\/apuntesdesanluis.com\/index.php\/2023\/10\/05\/es-inconstitucional-la-expropiacion-de-sierras-de-las-quijadas-que-hizo-la-provincia\/#primaryimage\"},\"thumbnailUrl\":\"https:\/\/apuntesdesanluis.com\/wp-content\/uploads\/2023\/10\/sierra-las-quijadas.png\",\"datePublished\":\"2023-10-06T00:40:50+00:00\",\"dateModified\":\"2023-10-06T12:46:23+00:00\",\"breadcrumb\":{\"@id\":\"https:\/\/apuntesdesanluis.com\/index.php\/2023\/10\/05\/es-inconstitucional-la-expropiacion-de-sierras-de-las-quijadas-que-hizo-la-provincia\/#breadcrumb\"},\"inLanguage\":\"es-AR\",\"potentialAction\":[{\"@type\":\"ReadAction\",\"target\":[\"https:\/\/apuntesdesanluis.com\/index.php\/2023\/10\/05\/es-inconstitucional-la-expropiacion-de-sierras-de-las-quijadas-que-hizo-la-provincia\/\"]}]},{\"@type\":\"ImageObject\",\"inLanguage\":\"es-AR\",\"@id\":\"https:\/\/apuntesdesanluis.com\/index.php\/2023\/10\/05\/es-inconstitucional-la-expropiacion-de-sierras-de-las-quijadas-que-hizo-la-provincia\/#primaryimage\",\"url\":\"https:\/\/apuntesdesanluis.com\/wp-content\/uploads\/2023\/10\/sierra-las-quijadas.png\",\"contentUrl\":\"https:\/\/apuntesdesanluis.com\/wp-content\/uploads\/2023\/10\/sierra-las-quijadas.png\",\"width\":554,\"height\":319},{\"@type\":\"BreadcrumbList\",\"@id\":\"https:\/\/apuntesdesanluis.com\/index.php\/2023\/10\/05\/es-inconstitucional-la-expropiacion-de-sierras-de-las-quijadas-que-hizo-la-provincia\/#breadcrumb\",\"itemListElement\":[{\"@type\":\"ListItem\",\"position\":1,\"name\":\"Inicio\",\"item\":\"https:\/\/apuntesdesanluis.com\/\"},{\"@type\":\"ListItem\",\"position\":2,\"name\":\"ES INCONSTITUCIONAL LA EXPROPIACI\u00d3N DE SIERRAS DE LAS QUIJADAS QUE HIZO LA PROVINCIA\"}]},{\"@type\":\"WebSite\",\"@id\":\"https:\/\/apuntesdesanluis.com\/#website\",\"url\":\"https:\/\/apuntesdesanluis.com\/\",\"name\":\"Apuntes de San Luis\",\"description\":\"\",\"publisher\":{\"@id\":\"https:\/\/apuntesdesanluis.com\/#\/schema\/person\/b55151d52296fcce64d1a72538a70b90\"},\"potentialAction\":[{\"@type\":\"SearchAction\",\"target\":{\"@type\":\"EntryPoint\",\"urlTemplate\":\"https:\/\/apuntesdesanluis.com\/?s={search_term_string}\"},\"query-input\":{\"@type\":\"PropertyValueSpecification\",\"valueRequired\":true,\"valueName\":\"search_term_string\"}}],\"inLanguage\":\"es-AR\"},{\"@type\":[\"Person\",\"Organization\"],\"@id\":\"https:\/\/apuntesdesanluis.com\/#\/schema\/person\/b55151d52296fcce64d1a72538a70b90\",\"name\":\"apuntesdesanluis.com\",\"image\":{\"@type\":\"ImageObject\",\"inLanguage\":\"es-AR\",\"@id\":\"https:\/\/apuntesdesanluis.com\/#\/schema\/person\/image\/\",\"url\":\"https:\/\/apuntesdesanluis.com\/wp-content\/uploads\/2023\/07\/cropped-apuntesdesanluis.png\",\"contentUrl\":\"https:\/\/apuntesdesanluis.com\/wp-content\/uploads\/2023\/07\/cropped-apuntesdesanluis.png\",\"width\":450,\"height\":112,\"caption\":\"apuntesdesanluis.com\"},\"logo\":{\"@id\":\"https:\/\/apuntesdesanluis.com\/#\/schema\/person\/image\/\"},\"sameAs\":[\"https:\/\/apuntesdesanluis.com\"],\"url\":\"https:\/\/apuntesdesanluis.com\/index.php\/author\/apuntesdesanluis-com\/\"}]}<\/script>\n<!-- \/ Yoast SEO plugin. -->","yoast_head_json":{"title":"ES INCONSTITUCIONAL LA EXPROPIACI\u00d3N DE SIERRAS DE LAS QUIJADAS QUE HIZO LA PROVINCIA - Apuntes de San Luis","robots":{"index":"index","follow":"follow","max-snippet":"max-snippet:-1","max-image-preview":"max-image-preview:large","max-video-preview":"max-video-preview:-1"},"canonical":"https:\/\/apuntesdesanluis.com\/index.php\/2023\/10\/05\/es-inconstitucional-la-expropiacion-de-sierras-de-las-quijadas-que-hizo-la-provincia\/","og_locale":"es_ES","og_type":"article","og_title":"ES INCONSTITUCIONAL LA EXPROPIACI\u00d3N DE SIERRAS DE LAS QUIJADAS QUE HIZO LA PROVINCIA - Apuntes de San Luis","og_description":"La Corte Suprema de la Naci\u00f3n declar\u00f3 inconstitucional la expropiaci\u00f3n del Parque Nacional Sierras de...","og_url":"https:\/\/apuntesdesanluis.com\/index.php\/2023\/10\/05\/es-inconstitucional-la-expropiacion-de-sierras-de-las-quijadas-que-hizo-la-provincia\/","og_site_name":"Apuntes de San Luis","article_published_time":"2023-10-06T00:40:50+00:00","article_modified_time":"2023-10-06T12:46:23+00:00","og_image":[{"width":554,"height":319,"url":"https:\/\/apuntesdesanluis.com\/wp-content\/uploads\/2023\/10\/sierra-las-quijadas.png","type":"image\/png"}],"author":"apuntesdesanluis.com","twitter_card":"summary_large_image","twitter_misc":{"Escrito por":"apuntesdesanluis.com","Tiempo de lectura":"4 minutos"},"schema":{"@context":"https:\/\/schema.org","@graph":[{"@type":"Article","@id":"https:\/\/apuntesdesanluis.com\/index.php\/2023\/10\/05\/es-inconstitucional-la-expropiacion-de-sierras-de-las-quijadas-que-hizo-la-provincia\/#article","isPartOf":{"@id":"https:\/\/apuntesdesanluis.com\/index.php\/2023\/10\/05\/es-inconstitucional-la-expropiacion-de-sierras-de-las-quijadas-que-hizo-la-provincia\/"},"author":{"name":"apuntesdesanluis.com","@id":"https:\/\/apuntesdesanluis.com\/#\/schema\/person\/b55151d52296fcce64d1a72538a70b90"},"headline":"ES INCONSTITUCIONAL LA EXPROPIACI\u00d3N DE SIERRAS DE LAS QUIJADAS QUE HIZO LA PROVINCIA","datePublished":"2023-10-06T00:40:50+00:00","dateModified":"2023-10-06T12:46:23+00:00","mainEntityOfPage":{"@id":"https:\/\/apuntesdesanluis.com\/index.php\/2023\/10\/05\/es-inconstitucional-la-expropiacion-de-sierras-de-las-quijadas-que-hizo-la-provincia\/"},"wordCount":742,"publisher":{"@id":"https:\/\/apuntesdesanluis.com\/#\/schema\/person\/b55151d52296fcce64d1a72538a70b90"},"image":{"@id":"https:\/\/apuntesdesanluis.com\/index.php\/2023\/10\/05\/es-inconstitucional-la-expropiacion-de-sierras-de-las-quijadas-que-hizo-la-provincia\/#primaryimage"},"thumbnailUrl":"https:\/\/apuntesdesanluis.com\/wp-content\/uploads\/2023\/10\/sierra-las-quijadas.png","articleSection":["Ciudad\/Provincia"],"inLanguage":"es-AR"},{"@type":"WebPage","@id":"https:\/\/apuntesdesanluis.com\/index.php\/2023\/10\/05\/es-inconstitucional-la-expropiacion-de-sierras-de-las-quijadas-que-hizo-la-provincia\/","url":"https:\/\/apuntesdesanluis.com\/index.php\/2023\/10\/05\/es-inconstitucional-la-expropiacion-de-sierras-de-las-quijadas-que-hizo-la-provincia\/","name":"ES INCONSTITUCIONAL LA EXPROPIACI\u00d3N DE SIERRAS DE LAS QUIJADAS QUE HIZO LA PROVINCIA - Apuntes de San Luis","isPartOf":{"@id":"https:\/\/apuntesdesanluis.com\/#website"},"primaryImageOfPage":{"@id":"https:\/\/apuntesdesanluis.com\/index.php\/2023\/10\/05\/es-inconstitucional-la-expropiacion-de-sierras-de-las-quijadas-que-hizo-la-provincia\/#primaryimage"},"image":{"@id":"https:\/\/apuntesdesanluis.com\/index.php\/2023\/10\/05\/es-inconstitucional-la-expropiacion-de-sierras-de-las-quijadas-que-hizo-la-provincia\/#primaryimage"},"thumbnailUrl":"https:\/\/apuntesdesanluis.com\/wp-content\/uploads\/2023\/10\/sierra-las-quijadas.png","datePublished":"2023-10-06T00:40:50+00:00","dateModified":"2023-10-06T12:46:23+00:00","breadcrumb":{"@id":"https:\/\/apuntesdesanluis.com\/index.php\/2023\/10\/05\/es-inconstitucional-la-expropiacion-de-sierras-de-las-quijadas-que-hizo-la-provincia\/#breadcrumb"},"inLanguage":"es-AR","potentialAction":[{"@type":"ReadAction","target":["https:\/\/apuntesdesanluis.com\/index.php\/2023\/10\/05\/es-inconstitucional-la-expropiacion-de-sierras-de-las-quijadas-que-hizo-la-provincia\/"]}]},{"@type":"ImageObject","inLanguage":"es-AR","@id":"https:\/\/apuntesdesanluis.com\/index.php\/2023\/10\/05\/es-inconstitucional-la-expropiacion-de-sierras-de-las-quijadas-que-hizo-la-provincia\/#primaryimage","url":"https:\/\/apuntesdesanluis.com\/wp-content\/uploads\/2023\/10\/sierra-las-quijadas.png","contentUrl":"https:\/\/apuntesdesanluis.com\/wp-content\/uploads\/2023\/10\/sierra-las-quijadas.png","width":554,"height":319},{"@type":"BreadcrumbList","@id":"https:\/\/apuntesdesanluis.com\/index.php\/2023\/10\/05\/es-inconstitucional-la-expropiacion-de-sierras-de-las-quijadas-que-hizo-la-provincia\/#breadcrumb","itemListElement":[{"@type":"ListItem","position":1,"name":"Inicio","item":"https:\/\/apuntesdesanluis.com\/"},{"@type":"ListItem","position":2,"name":"ES INCONSTITUCIONAL LA EXPROPIACI\u00d3N DE SIERRAS DE LAS QUIJADAS QUE HIZO LA PROVINCIA"}]},{"@type":"WebSite","@id":"https:\/\/apuntesdesanluis.com\/#website","url":"https:\/\/apuntesdesanluis.com\/","name":"Apuntes de San Luis","description":"","publisher":{"@id":"https:\/\/apuntesdesanluis.com\/#\/schema\/person\/b55151d52296fcce64d1a72538a70b90"},"potentialAction":[{"@type":"SearchAction","target":{"@type":"EntryPoint","urlTemplate":"https:\/\/apuntesdesanluis.com\/?s={search_term_string}"},"query-input":{"@type":"PropertyValueSpecification","valueRequired":true,"valueName":"search_term_string"}}],"inLanguage":"es-AR"},{"@type":["Person","Organization"],"@id":"https:\/\/apuntesdesanluis.com\/#\/schema\/person\/b55151d52296fcce64d1a72538a70b90","name":"apuntesdesanluis.com","image":{"@type":"ImageObject","inLanguage":"es-AR","@id":"https:\/\/apuntesdesanluis.com\/#\/schema\/person\/image\/","url":"https:\/\/apuntesdesanluis.com\/wp-content\/uploads\/2023\/07\/cropped-apuntesdesanluis.png","contentUrl":"https:\/\/apuntesdesanluis.com\/wp-content\/uploads\/2023\/07\/cropped-apuntesdesanluis.png","width":450,"height":112,"caption":"apuntesdesanluis.com"},"logo":{"@id":"https:\/\/apuntesdesanluis.com\/#\/schema\/person\/image\/"},"sameAs":["https:\/\/apuntesdesanluis.com"],"url":"https:\/\/apuntesdesanluis.com\/index.php\/author\/apuntesdesanluis-com\/"}]}},"featured_image_urls":{"full":["https:\/\/apuntesdesanluis.com\/wp-content\/uploads\/2023\/10\/sierra-las-quijadas.png",554,319,false],"thumbnail":["https:\/\/apuntesdesanluis.com\/wp-content\/uploads\/2023\/10\/sierra-las-quijadas-150x150.png",150,150,true],"medium":["https:\/\/apuntesdesanluis.com\/wp-content\/uploads\/2023\/10\/sierra-las-quijadas-300x173.png",300,173,true],"medium_large":["https:\/\/apuntesdesanluis.com\/wp-content\/uploads\/2023\/10\/sierra-las-quijadas.png",554,319,false],"large":["https:\/\/apuntesdesanluis.com\/wp-content\/uploads\/2023\/10\/sierra-las-quijadas.png",554,319,false],"1536x1536":["https:\/\/apuntesdesanluis.com\/wp-content\/uploads\/2023\/10\/sierra-las-quijadas.png",554,319,false],"2048x2048":["https:\/\/apuntesdesanluis.com\/wp-content\/uploads\/2023\/10\/sierra-las-quijadas.png",554,319,false],"newsever-slider-full":["https:\/\/apuntesdesanluis.com\/wp-content\/uploads\/2023\/10\/sierra-las-quijadas.png",554,319,false],"newsever-featured":["https:\/\/apuntesdesanluis.com\/wp-content\/uploads\/2023\/10\/sierra-las-quijadas.png",554,319,false],"newsever-medium":["https:\/\/apuntesdesanluis.com\/wp-content\/uploads\/2023\/10\/sierra-las-quijadas.png",554,319,false]},"author_info":{"display_name":"apuntesdesanluis.com","author_link":"https:\/\/apuntesdesanluis.com\/index.php\/author\/apuntesdesanluis-com\/"},"category_info":"<a href=\"https:\/\/apuntesdesanluis.com\/index.php\/category\/ciudad-provincia\/\" rel=\"category tag\">Ciudad\/Provincia<\/a>","tag_info":"Ciudad\/Provincia","comment_count":"0","_links":{"self":[{"href":"https:\/\/apuntesdesanluis.com\/index.php\/wp-json\/wp\/v2\/posts\/4708","targetHints":{"allow":["GET"]}}],"collection":[{"href":"https:\/\/apuntesdesanluis.com\/index.php\/wp-json\/wp\/v2\/posts"}],"about":[{"href":"https:\/\/apuntesdesanluis.com\/index.php\/wp-json\/wp\/v2\/types\/post"}],"author":[{"embeddable":true,"href":"https:\/\/apuntesdesanluis.com\/index.php\/wp-json\/wp\/v2\/users\/1"}],"replies":[{"embeddable":true,"href":"https:\/\/apuntesdesanluis.com\/index.php\/wp-json\/wp\/v2\/comments?post=4708"}],"version-history":[{"count":2,"href":"https:\/\/apuntesdesanluis.com\/index.php\/wp-json\/wp\/v2\/posts\/4708\/revisions"}],"predecessor-version":[{"id":4712,"href":"https:\/\/apuntesdesanluis.com\/index.php\/wp-json\/wp\/v2\/posts\/4708\/revisions\/4712"}],"wp:featuredmedia":[{"embeddable":true,"href":"https:\/\/apuntesdesanluis.com\/index.php\/wp-json\/wp\/v2\/media\/4709"}],"wp:attachment":[{"href":"https:\/\/apuntesdesanluis.com\/index.php\/wp-json\/wp\/v2\/media?parent=4708"}],"wp:term":[{"taxonomy":"category","embeddable":true,"href":"https:\/\/apuntesdesanluis.com\/index.php\/wp-json\/wp\/v2\/categories?post=4708"},{"taxonomy":"post_tag","embeddable":true,"href":"https:\/\/apuntesdesanluis.com\/index.php\/wp-json\/wp\/v2\/tags?post=4708"}],"curies":[{"name":"wp","href":"https:\/\/api.w.org\/{rel}","templated":true}]}}