{"id":4713,"date":"2023-10-05T12:56:22","date_gmt":"2023-10-05T15:56:22","guid":{"rendered":"https:\/\/apuntesdesanluis.com\/?p=4713"},"modified":"2023-10-06T19:58:20","modified_gmt":"2023-10-06T22:58:20","slug":"buscan-a-familiares-o-referentes-afectivos-de-maria-del-carmen-orozco","status":"publish","type":"post","link":"https:\/\/apuntesdesanluis.com\/index.php\/2023\/10\/05\/buscan-a-familiares-o-referentes-afectivos-de-maria-del-carmen-orozco\/","title":{"rendered":"BUSCAN A FAMILIARES O REFERENTES AFECTIVOS DE MAR\u00cdA DEL CARMEN OROZCO"},"content":{"rendered":"<h3>La mujer de 62 a\u00f1os es oriunda de Las Vertientes, Departamento San Mart\u00edn. La medida fue ordenada por el Juzgado de Familia de la Tercera Circunscripci\u00f3n Judicial, en el marco de una causa por violencia de g\u00e9nero.<\/h3>\n<h3>El Juzgado de Familia, Ni\u00f1ez, Adolescencia y Violencia de la Tercera Circunscripci\u00f3n Judicial, a cargo del Magistrado Carlos Hugo Orozco, orden\u00f3 la b\u00fasqueda de familiares o referentes afectivos de la ciudadana Mar\u00eda del Carmen Orozco, oriunda de Las Vertientes, localidad perteneciente al Departamento San Mart\u00edn, provincia de San Luis.<\/h3>\n<h3>La medida fue solicitada en el marco de una causa por violencia de g\u00e9nero, con el fin de resguardar la integridad psicof\u00edsica de la mujer de 62 a\u00f1os, quien resid\u00eda en zona rural y fue encontrada en extrema situaci\u00f3n de vulnerabilidad.<\/h3>\n<h3>La Secretar\u00eda de la Mujer comunic\u00f3 dicha circunstancia al juzgado y, luego de que la justicia adoptara todas las medidas de protecci\u00f3n que exig\u00eda el caso, se dispuso iniciar la b\u00fasqueda de personas del entorno cercano de la damnificada para garantizar su debida contenci\u00f3n y acompa\u00f1amiento.<\/h3>\n<h3>Si usted es familiar o conocido de Mar\u00eda del Carmen Orozco, puede comunicarse al Juzgado de Familia a los tel\u00e9fonos: 0265648133 (fijo) o 2664870111 (celular). Tambi\u00e9n puede enviar un correo electr\u00f3nico a: <span style=\"color: #3366ff;\"><a style=\"color: #3366ff;\" href=\"mailto:jf1con@justiciasanluis.gov.ar\">jf1con@justiciasanluis.gov.ar<\/a><\/span><\/h3>\n<p>&nbsp;<\/p>\n<p><img fetchpriority=\"high\" decoding=\"async\" class=\"wp-image-4715 aligncenter\" src=\"https:\/\/apuntesdesanluis.com\/wp-content\/uploads\/2023\/10\/bisqueda-209x300.png\" alt=\"\" width=\"545\" height=\"782\" srcset=\"https:\/\/apuntesdesanluis.com\/wp-content\/uploads\/2023\/10\/bisqueda-209x300.png 209w, https:\/\/apuntesdesanluis.com\/wp-content\/uploads\/2023\/10\/bisqueda.png 562w\" sizes=\"(max-width: 545px) 100vw, 545px\" \/><\/p>\n<p>&nbsp;<\/p>\n<p>&nbsp;<\/p>\n<p>&nbsp;<\/p>\n","protected":false},"excerpt":{"rendered":"<p>La mujer de 62 a\u00f1os es oriunda de Las Vertientes, Departamento San Mart\u00edn. La medida&#8230;<\/p>\n","protected":false},"author":1,"featured_media":4714,"comment_status":"closed","ping_status":"closed","sticky":false,"template":"","format":"standard","meta":{"footnotes":""},"categories":[6],"tags":[],"class_list":["post-4713","post","type-post","status-publish","format-standard","has-post-thumbnail","hentry","category-ciudad-provincia"],"yoast_head":"<!-- This site is optimized with the Yoast SEO plugin v26.1.1 - https:\/\/yoast.com\/wordpress\/plugins\/seo\/ -->\n<title>BUSCAN A FAMILIARES O REFERENTES AFECTIVOS DE MAR\u00cdA DEL CARMEN OROZCO - Apuntes de San Luis<\/title>\n<meta name=\"robots\" content=\"index, follow, max-snippet:-1, max-image-preview:large, max-video-preview:-1\" \/>\n<link rel=\"canonical\" href=\"https:\/\/apuntesdesanluis.com\/index.php\/2023\/10\/05\/buscan-a-familiares-o-referentes-afectivos-de-maria-del-carmen-orozco\/\" \/>\n<meta property=\"og:locale\" content=\"es_ES\" \/>\n<meta property=\"og:type\" content=\"article\" \/>\n<meta property=\"og:title\" content=\"BUSCAN A FAMILIARES O REFERENTES AFECTIVOS DE MAR\u00cdA DEL CARMEN OROZCO - Apuntes de San Luis\" \/>\n<meta property=\"og:description\" content=\"La mujer de 62 a\u00f1os es oriunda de Las Vertientes, Departamento San Mart\u00edn. La medida...\" \/>\n<meta property=\"og:url\" content=\"https:\/\/apuntesdesanluis.com\/index.php\/2023\/10\/05\/buscan-a-familiares-o-referentes-afectivos-de-maria-del-carmen-orozco\/\" \/>\n<meta property=\"og:site_name\" content=\"Apuntes de San Luis\" \/>\n<meta property=\"article:published_time\" content=\"2023-10-05T15:56:22+00:00\" \/>\n<meta property=\"article:modified_time\" content=\"2023-10-06T22:58:20+00:00\" \/>\n<meta property=\"og:image\" content=\"https:\/\/apuntesdesanluis.com\/wp-content\/uploads\/2023\/10\/orozco.png\" \/>\n\t<meta property=\"og:image:width\" content=\"600\" \/>\n\t<meta property=\"og:image:height\" content=\"368\" \/>\n\t<meta property=\"og:image:type\" content=\"image\/png\" \/>\n<meta name=\"author\" content=\"apuntesdesanluis.com\" \/>\n<meta name=\"twitter:card\" content=\"summary_large_image\" \/>\n<meta name=\"twitter:label1\" content=\"Escrito por\" \/>\n\t<meta name=\"twitter:data1\" content=\"apuntesdesanluis.com\" \/>\n\t<meta name=\"twitter:label2\" content=\"Tiempo de lectura\" \/>\n\t<meta name=\"twitter:data2\" content=\"2 minutos\" \/>\n<script type=\"application\/ld+json\" class=\"yoast-schema-graph\">{\"@context\":\"https:\/\/schema.org\",\"@graph\":[{\"@type\":\"Article\",\"@id\":\"https:\/\/apuntesdesanluis.com\/index.php\/2023\/10\/05\/buscan-a-familiares-o-referentes-afectivos-de-maria-del-carmen-orozco\/#article\",\"isPartOf\":{\"@id\":\"https:\/\/apuntesdesanluis.com\/index.php\/2023\/10\/05\/buscan-a-familiares-o-referentes-afectivos-de-maria-del-carmen-orozco\/\"},\"author\":{\"name\":\"apuntesdesanluis.com\",\"@id\":\"https:\/\/apuntesdesanluis.com\/#\/schema\/person\/b55151d52296fcce64d1a72538a70b90\"},\"headline\":\"BUSCAN A FAMILIARES O REFERENTES AFECTIVOS DE MAR\u00cdA DEL CARMEN OROZCO\",\"datePublished\":\"2023-10-05T15:56:22+00:00\",\"dateModified\":\"2023-10-06T22:58:20+00:00\",\"mainEntityOfPage\":{\"@id\":\"https:\/\/apuntesdesanluis.com\/index.php\/2023\/10\/05\/buscan-a-familiares-o-referentes-afectivos-de-maria-del-carmen-orozco\/\"},\"wordCount\":246,\"publisher\":{\"@id\":\"https:\/\/apuntesdesanluis.com\/#\/schema\/person\/b55151d52296fcce64d1a72538a70b90\"},\"image\":{\"@id\":\"https:\/\/apuntesdesanluis.com\/index.php\/2023\/10\/05\/buscan-a-familiares-o-referentes-afectivos-de-maria-del-carmen-orozco\/#primaryimage\"},\"thumbnailUrl\":\"https:\/\/apuntesdesanluis.com\/wp-content\/uploads\/2023\/10\/orozco.png\",\"articleSection\":[\"Ciudad\/Provincia\"],\"inLanguage\":\"es-AR\"},{\"@type\":\"WebPage\",\"@id\":\"https:\/\/apuntesdesanluis.com\/index.php\/2023\/10\/05\/buscan-a-familiares-o-referentes-afectivos-de-maria-del-carmen-orozco\/\",\"url\":\"https:\/\/apuntesdesanluis.com\/index.php\/2023\/10\/05\/buscan-a-familiares-o-referentes-afectivos-de-maria-del-carmen-orozco\/\",\"name\":\"BUSCAN A FAMILIARES O REFERENTES AFECTIVOS DE MAR\u00cdA DEL CARMEN OROZCO - Apuntes de San Luis\",\"isPartOf\":{\"@id\":\"https:\/\/apuntesdesanluis.com\/#website\"},\"primaryImageOfPage\":{\"@id\":\"https:\/\/apuntesdesanluis.com\/index.php\/2023\/10\/05\/buscan-a-familiares-o-referentes-afectivos-de-maria-del-carmen-orozco\/#primaryimage\"},\"image\":{\"@id\":\"https:\/\/apuntesdesanluis.com\/index.php\/2023\/10\/05\/buscan-a-familiares-o-referentes-afectivos-de-maria-del-carmen-orozco\/#primaryimage\"},\"thumbnailUrl\":\"https:\/\/apuntesdesanluis.com\/wp-content\/uploads\/2023\/10\/orozco.png\",\"datePublished\":\"2023-10-05T15:56:22+00:00\",\"dateModified\":\"2023-10-06T22:58:20+00:00\",\"breadcrumb\":{\"@id\":\"https:\/\/apuntesdesanluis.com\/index.php\/2023\/10\/05\/buscan-a-familiares-o-referentes-afectivos-de-maria-del-carmen-orozco\/#breadcrumb\"},\"inLanguage\":\"es-AR\",\"potentialAction\":[{\"@type\":\"ReadAction\",\"target\":[\"https:\/\/apuntesdesanluis.com\/index.php\/2023\/10\/05\/buscan-a-familiares-o-referentes-afectivos-de-maria-del-carmen-orozco\/\"]}]},{\"@type\":\"ImageObject\",\"inLanguage\":\"es-AR\",\"@id\":\"https:\/\/apuntesdesanluis.com\/index.php\/2023\/10\/05\/buscan-a-familiares-o-referentes-afectivos-de-maria-del-carmen-orozco\/#primaryimage\",\"url\":\"https:\/\/apuntesdesanluis.com\/wp-content\/uploads\/2023\/10\/orozco.png\",\"contentUrl\":\"https:\/\/apuntesdesanluis.com\/wp-content\/uploads\/2023\/10\/orozco.png\",\"width\":600,\"height\":368},{\"@type\":\"BreadcrumbList\",\"@id\":\"https:\/\/apuntesdesanluis.com\/index.php\/2023\/10\/05\/buscan-a-familiares-o-referentes-afectivos-de-maria-del-carmen-orozco\/#breadcrumb\",\"itemListElement\":[{\"@type\":\"ListItem\",\"position\":1,\"name\":\"Inicio\",\"item\":\"https:\/\/apuntesdesanluis.com\/\"},{\"@type\":\"ListItem\",\"position\":2,\"name\":\"BUSCAN A FAMILIARES O REFERENTES AFECTIVOS DE MAR\u00cdA DEL CARMEN OROZCO\"}]},{\"@type\":\"WebSite\",\"@id\":\"https:\/\/apuntesdesanluis.com\/#website\",\"url\":\"https:\/\/apuntesdesanluis.com\/\",\"name\":\"Apuntes de San Luis\",\"description\":\"\",\"publisher\":{\"@id\":\"https:\/\/apuntesdesanluis.com\/#\/schema\/person\/b55151d52296fcce64d1a72538a70b90\"},\"potentialAction\":[{\"@type\":\"SearchAction\",\"target\":{\"@type\":\"EntryPoint\",\"urlTemplate\":\"https:\/\/apuntesdesanluis.com\/?s={search_term_string}\"},\"query-input\":{\"@type\":\"PropertyValueSpecification\",\"valueRequired\":true,\"valueName\":\"search_term_string\"}}],\"inLanguage\":\"es-AR\"},{\"@type\":[\"Person\",\"Organization\"],\"@id\":\"https:\/\/apuntesdesanluis.com\/#\/schema\/person\/b55151d52296fcce64d1a72538a70b90\",\"name\":\"apuntesdesanluis.com\",\"image\":{\"@type\":\"ImageObject\",\"inLanguage\":\"es-AR\",\"@id\":\"https:\/\/apuntesdesanluis.com\/#\/schema\/person\/image\/\",\"url\":\"https:\/\/apuntesdesanluis.com\/wp-content\/uploads\/2023\/07\/cropped-apuntesdesanluis.png\",\"contentUrl\":\"https:\/\/apuntesdesanluis.com\/wp-content\/uploads\/2023\/07\/cropped-apuntesdesanluis.png\",\"width\":450,\"height\":112,\"caption\":\"apuntesdesanluis.com\"},\"logo\":{\"@id\":\"https:\/\/apuntesdesanluis.com\/#\/schema\/person\/image\/\"},\"sameAs\":[\"https:\/\/apuntesdesanluis.com\"],\"url\":\"https:\/\/apuntesdesanluis.com\/index.php\/author\/apuntesdesanluis-com\/\"}]}<\/script>\n<!-- \/ Yoast SEO plugin. -->","yoast_head_json":{"title":"BUSCAN A FAMILIARES O REFERENTES AFECTIVOS DE MAR\u00cdA DEL CARMEN OROZCO - Apuntes de San Luis","robots":{"index":"index","follow":"follow","max-snippet":"max-snippet:-1","max-image-preview":"max-image-preview:large","max-video-preview":"max-video-preview:-1"},"canonical":"https:\/\/apuntesdesanluis.com\/index.php\/2023\/10\/05\/buscan-a-familiares-o-referentes-afectivos-de-maria-del-carmen-orozco\/","og_locale":"es_ES","og_type":"article","og_title":"BUSCAN A FAMILIARES O REFERENTES AFECTIVOS DE MAR\u00cdA DEL CARMEN OROZCO - Apuntes de San Luis","og_description":"La mujer de 62 a\u00f1os es oriunda de Las Vertientes, Departamento San Mart\u00edn. La medida...","og_url":"https:\/\/apuntesdesanluis.com\/index.php\/2023\/10\/05\/buscan-a-familiares-o-referentes-afectivos-de-maria-del-carmen-orozco\/","og_site_name":"Apuntes de San Luis","article_published_time":"2023-10-05T15:56:22+00:00","article_modified_time":"2023-10-06T22:58:20+00:00","og_image":[{"width":600,"height":368,"url":"https:\/\/apuntesdesanluis.com\/wp-content\/uploads\/2023\/10\/orozco.png","type":"image\/png"}],"author":"apuntesdesanluis.com","twitter_card":"summary_large_image","twitter_misc":{"Escrito por":"apuntesdesanluis.com","Tiempo de lectura":"2 minutos"},"schema":{"@context":"https:\/\/schema.org","@graph":[{"@type":"Article","@id":"https:\/\/apuntesdesanluis.com\/index.php\/2023\/10\/05\/buscan-a-familiares-o-referentes-afectivos-de-maria-del-carmen-orozco\/#article","isPartOf":{"@id":"https:\/\/apuntesdesanluis.com\/index.php\/2023\/10\/05\/buscan-a-familiares-o-referentes-afectivos-de-maria-del-carmen-orozco\/"},"author":{"name":"apuntesdesanluis.com","@id":"https:\/\/apuntesdesanluis.com\/#\/schema\/person\/b55151d52296fcce64d1a72538a70b90"},"headline":"BUSCAN A FAMILIARES O REFERENTES AFECTIVOS DE MAR\u00cdA DEL CARMEN OROZCO","datePublished":"2023-10-05T15:56:22+00:00","dateModified":"2023-10-06T22:58:20+00:00","mainEntityOfPage":{"@id":"https:\/\/apuntesdesanluis.com\/index.php\/2023\/10\/05\/buscan-a-familiares-o-referentes-afectivos-de-maria-del-carmen-orozco\/"},"wordCount":246,"publisher":{"@id":"https:\/\/apuntesdesanluis.com\/#\/schema\/person\/b55151d52296fcce64d1a72538a70b90"},"image":{"@id":"https:\/\/apuntesdesanluis.com\/index.php\/2023\/10\/05\/buscan-a-familiares-o-referentes-afectivos-de-maria-del-carmen-orozco\/#primaryimage"},"thumbnailUrl":"https:\/\/apuntesdesanluis.com\/wp-content\/uploads\/2023\/10\/orozco.png","articleSection":["Ciudad\/Provincia"],"inLanguage":"es-AR"},{"@type":"WebPage","@id":"https:\/\/apuntesdesanluis.com\/index.php\/2023\/10\/05\/buscan-a-familiares-o-referentes-afectivos-de-maria-del-carmen-orozco\/","url":"https:\/\/apuntesdesanluis.com\/index.php\/2023\/10\/05\/buscan-a-familiares-o-referentes-afectivos-de-maria-del-carmen-orozco\/","name":"BUSCAN A FAMILIARES O REFERENTES AFECTIVOS DE MAR\u00cdA DEL CARMEN OROZCO - Apuntes de San Luis","isPartOf":{"@id":"https:\/\/apuntesdesanluis.com\/#website"},"primaryImageOfPage":{"@id":"https:\/\/apuntesdesanluis.com\/index.php\/2023\/10\/05\/buscan-a-familiares-o-referentes-afectivos-de-maria-del-carmen-orozco\/#primaryimage"},"image":{"@id":"https:\/\/apuntesdesanluis.com\/index.php\/2023\/10\/05\/buscan-a-familiares-o-referentes-afectivos-de-maria-del-carmen-orozco\/#primaryimage"},"thumbnailUrl":"https:\/\/apuntesdesanluis.com\/wp-content\/uploads\/2023\/10\/orozco.png","datePublished":"2023-10-05T15:56:22+00:00","dateModified":"2023-10-06T22:58:20+00:00","breadcrumb":{"@id":"https:\/\/apuntesdesanluis.com\/index.php\/2023\/10\/05\/buscan-a-familiares-o-referentes-afectivos-de-maria-del-carmen-orozco\/#breadcrumb"},"inLanguage":"es-AR","potentialAction":[{"@type":"ReadAction","target":["https:\/\/apuntesdesanluis.com\/index.php\/2023\/10\/05\/buscan-a-familiares-o-referentes-afectivos-de-maria-del-carmen-orozco\/"]}]},{"@type":"ImageObject","inLanguage":"es-AR","@id":"https:\/\/apuntesdesanluis.com\/index.php\/2023\/10\/05\/buscan-a-familiares-o-referentes-afectivos-de-maria-del-carmen-orozco\/#primaryimage","url":"https:\/\/apuntesdesanluis.com\/wp-content\/uploads\/2023\/10\/orozco.png","contentUrl":"https:\/\/apuntesdesanluis.com\/wp-content\/uploads\/2023\/10\/orozco.png","width":600,"height":368},{"@type":"BreadcrumbList","@id":"https:\/\/apuntesdesanluis.com\/index.php\/2023\/10\/05\/buscan-a-familiares-o-referentes-afectivos-de-maria-del-carmen-orozco\/#breadcrumb","itemListElement":[{"@type":"ListItem","position":1,"name":"Inicio","item":"https:\/\/apuntesdesanluis.com\/"},{"@type":"ListItem","position":2,"name":"BUSCAN A FAMILIARES O REFERENTES AFECTIVOS DE MAR\u00cdA DEL CARMEN OROZCO"}]},{"@type":"WebSite","@id":"https:\/\/apuntesdesanluis.com\/#website","url":"https:\/\/apuntesdesanluis.com\/","name":"Apuntes de San Luis","description":"","publisher":{"@id":"https:\/\/apuntesdesanluis.com\/#\/schema\/person\/b55151d52296fcce64d1a72538a70b90"},"potentialAction":[{"@type":"SearchAction","target":{"@type":"EntryPoint","urlTemplate":"https:\/\/apuntesdesanluis.com\/?s={search_term_string}"},"query-input":{"@type":"PropertyValueSpecification","valueRequired":true,"valueName":"search_term_string"}}],"inLanguage":"es-AR"},{"@type":["Person","Organization"],"@id":"https:\/\/apuntesdesanluis.com\/#\/schema\/person\/b55151d52296fcce64d1a72538a70b90","name":"apuntesdesanluis.com","image":{"@type":"ImageObject","inLanguage":"es-AR","@id":"https:\/\/apuntesdesanluis.com\/#\/schema\/person\/image\/","url":"https:\/\/apuntesdesanluis.com\/wp-content\/uploads\/2023\/07\/cropped-apuntesdesanluis.png","contentUrl":"https:\/\/apuntesdesanluis.com\/wp-content\/uploads\/2023\/07\/cropped-apuntesdesanluis.png","width":450,"height":112,"caption":"apuntesdesanluis.com"},"logo":{"@id":"https:\/\/apuntesdesanluis.com\/#\/schema\/person\/image\/"},"sameAs":["https:\/\/apuntesdesanluis.com"],"url":"https:\/\/apuntesdesanluis.com\/index.php\/author\/apuntesdesanluis-com\/"}]}},"featured_image_urls":{"full":["https:\/\/apuntesdesanluis.com\/wp-content\/uploads\/2023\/10\/orozco.png",600,368,false],"thumbnail":["https:\/\/apuntesdesanluis.com\/wp-content\/uploads\/2023\/10\/orozco-150x150.png",150,150,true],"medium":["https:\/\/apuntesdesanluis.com\/wp-content\/uploads\/2023\/10\/orozco-300x184.png",300,184,true],"medium_large":["https:\/\/apuntesdesanluis.com\/wp-content\/uploads\/2023\/10\/orozco.png",600,368,false],"large":["https:\/\/apuntesdesanluis.com\/wp-content\/uploads\/2023\/10\/orozco.png",600,368,false],"1536x1536":["https:\/\/apuntesdesanluis.com\/wp-content\/uploads\/2023\/10\/orozco.png",600,368,false],"2048x2048":["https:\/\/apuntesdesanluis.com\/wp-content\/uploads\/2023\/10\/orozco.png",600,368,false],"newsever-slider-full":["https:\/\/apuntesdesanluis.com\/wp-content\/uploads\/2023\/10\/orozco.png",600,368,false],"newsever-featured":["https:\/\/apuntesdesanluis.com\/wp-content\/uploads\/2023\/10\/orozco.png",600,368,false],"newsever-medium":["https:\/\/apuntesdesanluis.com\/wp-content\/uploads\/2023\/10\/orozco.png",600,368,false]},"author_info":{"display_name":"apuntesdesanluis.com","author_link":"https:\/\/apuntesdesanluis.com\/index.php\/author\/apuntesdesanluis-com\/"},"category_info":"<a href=\"https:\/\/apuntesdesanluis.com\/index.php\/category\/ciudad-provincia\/\" rel=\"category tag\">Ciudad\/Provincia<\/a>","tag_info":"Ciudad\/Provincia","comment_count":"0","_links":{"self":[{"href":"https:\/\/apuntesdesanluis.com\/index.php\/wp-json\/wp\/v2\/posts\/4713","targetHints":{"allow":["GET"]}}],"collection":[{"href":"https:\/\/apuntesdesanluis.com\/index.php\/wp-json\/wp\/v2\/posts"}],"about":[{"href":"https:\/\/apuntesdesanluis.com\/index.php\/wp-json\/wp\/v2\/types\/post"}],"author":[{"embeddable":true,"href":"https:\/\/apuntesdesanluis.com\/index.php\/wp-json\/wp\/v2\/users\/1"}],"replies":[{"embeddable":true,"href":"https:\/\/apuntesdesanluis.com\/index.php\/wp-json\/wp\/v2\/comments?post=4713"}],"version-history":[{"count":1,"href":"https:\/\/apuntesdesanluis.com\/index.php\/wp-json\/wp\/v2\/posts\/4713\/revisions"}],"predecessor-version":[{"id":4716,"href":"https:\/\/apuntesdesanluis.com\/index.php\/wp-json\/wp\/v2\/posts\/4713\/revisions\/4716"}],"wp:featuredmedia":[{"embeddable":true,"href":"https:\/\/apuntesdesanluis.com\/index.php\/wp-json\/wp\/v2\/media\/4714"}],"wp:attachment":[{"href":"https:\/\/apuntesdesanluis.com\/index.php\/wp-json\/wp\/v2\/media?parent=4713"}],"wp:term":[{"taxonomy":"category","embeddable":true,"href":"https:\/\/apuntesdesanluis.com\/index.php\/wp-json\/wp\/v2\/categories?post=4713"},{"taxonomy":"post_tag","embeddable":true,"href":"https:\/\/apuntesdesanluis.com\/index.php\/wp-json\/wp\/v2\/tags?post=4713"}],"curies":[{"name":"wp","href":"https:\/\/api.w.org\/{rel}","templated":true}]}}