{"id":476,"date":"2023-07-26T19:36:36","date_gmt":"2023-07-26T22:36:36","guid":{"rendered":"https:\/\/apuntesdesanluis.com\/?p=476"},"modified":"2023-07-26T19:37:18","modified_gmt":"2023-07-26T22:37:18","slug":"la-oposicion-envio-una-carta-publica-al-gobernador-alberto-rodriguez-saa","status":"publish","type":"post","link":"https:\/\/apuntesdesanluis.com\/index.php\/2023\/07\/26\/la-oposicion-envio-una-carta-publica-al-gobernador-alberto-rodriguez-saa\/","title":{"rendered":"LA OPOSICI\u00d3N ENVI\u00d3 UNA CARTA P\u00daBLICA AL GOBERNADOR ALBERTO RODR\u00cdGUEZ SA\u00c1"},"content":{"rendered":"<h3>Los presidentes de los diferentes partidos y espacios pol\u00edticos que integran el lema <strong>Cambia San Luis<\/strong> difundieron el texto de la misiva dirigida al gobernador de la provincia, en la que denuncian \u201cactos que ponen en riesgo la paz social en nuestra Provincia, que violentan el legado democr\u00e1tico de los sanluise\u00f1os y buscan producir, con fines absolutamente ego\u00edstas y sectarios, un vaciamiento del Estado Provincial\u201d.<\/h3>\n<h3>Teniendo en cuenta el resultado electoral del pasado 11 de junio, del que result\u00f3 electo gobernador <strong>Claudio Poggi<\/strong>, la oposici\u00f3n le solicita a <strong>Alberto Rodr\u00edguez Sa\u00e1<\/strong> que acepte el veredicto popular y acepte llevar adelante una transici\u00f3n ordenada.<\/h3>\n<h3>A continuaci\u00f3n el texto de ls carta p\u00fablica:<\/h3>\n<h3>Sr. Gobernador de la Provincia, Dr. Alberto Rodr\u00edguez Sa\u00e1.<\/h3>\n<h3>Los abajo firmantes, en nuestro car\u00e1cter de presidentes y representantes de los partidos pol\u00edticos y espacios que integran el Lema \u201cCAMBIA SAN LUIS\u201d, que por la decisi\u00f3n del voto mayoritario del electorado de nuestra provincia, result\u00f3 ganador de las elecciones realizadas el pasado 11 de junio, pese a que no ha existido de su parte un reconocimiento ni formal ni material de tal resultado, nos dirigimos a Usted a efectos de manifestarle:<\/h3>\n<h3>El Pueblo de San Luis decidi\u00f3 soberanamente que el Gobernador de la Provincia, a partir del pr\u00f3ximo 10 de diciembre, sea Claudio Javier Poggi, quien representa a nuestro espacio. Hubiera sido muy bueno institucionalmente que Usted lo reconociera y actuara en consecuencia, iniciando un proceso de transici\u00f3n ordenado. Lamentablemente nada de ello ocurri\u00f3.<\/h3>\n<h3>Todo lo contrario, con estupor vemos como cada d\u00eda va realizando actos que ponen en riesgo la paz social en nuestra Provincia, que violentan el legado democr\u00e1tico de los sanluise\u00f1os y buscan producir, con fines absolutamente ego\u00edstas y sectarios, un vaciamiento del Estado Provincial.<\/h3>\n<h3>Nadie pone en tela de juicio que Usted tiene mandato hasta el 9 de diciembre de 2023, pero ello de ninguna manera lo habilita a llevarse todo por delante.<\/h3>\n<h3>Con el \u00fanico fin de dar cobertura pol\u00edtica y judicial a sus actuales funcionarios y aliados, a cuatro meses de finalizar su gesti\u00f3n en el gobierno de la provincia, nombrando funcionarios que duran cuatro a\u00f1os en sus cargos (Fiscal de Estado, Fiscal de Estado Adjutor), otros que jam\u00e1s -ni por asomo- postul\u00f3 (Defensor del Pueblo) y de decenas de designaciones en el Poder Judicial.<\/h3>\n<h3>Mucho menos lo habilita a impulsar iniciativas que buscan, entre gallos y medianoche, cuadruplicar la planta de funcionarios pol\u00edticos de la Legislatura de la Provincia, solo para dar contenci\u00f3n a sus aliados y buscar comprar voluntades para que apoyen sus proyectos, que no buscan otra cosa que desguazar al estado provincial y crear un \u201cgobierno paralelo\u201d.<\/h3>\n<h3>Ejemplos de ello son el intento de modificar y atribuirle a la Universidad Provincial de Oficios \u201cEVA PERON\u201d una asignaci\u00f3n directa de recursos, que implica sextuplicarle el presupuesto actual y una pretendida impunidad del control del estado provincial. Solo para tener otro lugar para contener a sus actuales funcionarios, ninguna intenci\u00f3n de mejorar la calidad de la ense\u00f1anza ni las condiciones laborales de los docentes; el intento de modificar el Presupuesto 2023 para contratar a nuevos empleados p\u00fablicos (en especial sus actuales funcionarios) o la licitaci\u00f3n de obras p\u00fablicas que exceden su mandato despu\u00e9s del 11 de junio de 2023, fecha en que los sanluise\u00f1os se expresaron en las urnas.<\/h3>\n<h3>En una provincia con un 63% de ni\u00f1os y ni\u00f1as viviendo por debajo de la l\u00ednea de pobreza todo esto es una inmoralidad.<\/h3>\n<h3>Por esto le solicitamos respetuosamente que, al menos por una vez, demuestre ese amor que tanto declama por San Luis con hechos concretos, asuma el veredicto popular, usted se evite y evite a todos los sanluise\u00f1os la trist\u00edsima experiencia de intentar crear un gobierno paralelo, que nos trae a la mente inevitablemente aquella grav\u00edsima situaci\u00f3n de tener dos intendencias en la Ciudad de San Luis, que termin\u00f3 en un dur\u00edsimo pronunciamiento de la Corte Suprema de Justicia de la Naci\u00f3n contrario a sus deseos.<\/h3>\n<h3>Sepa que hemos recibido un mandato del pueblo de San Luis y que vamos a cumplirlo. Ninguna \u201cavivada\u201d ni nadie nos va a impedir generar un San Luis con trabajo, seguridad, salud, educaci\u00f3n de calidad e institucionalidad.<\/h3>\n<h3>Sepa tambi\u00e9n que estamos dispuestos a realizar todas las acciones, denuncias, investigaciones y actos que sean necesarios para que no se roben el destino de nuestro querido pueblo<\/h3>\n<h3>Sr. Gobernador, solo se trata de reconocer un resultado electoral y dejar que las instituciones funcionen para buscar el verdadero fin que tienen: lograr el BIEN COMUN.<\/h3>\n<h3>Saludamos a Ud.\u00a0 atentamente.<\/h3>\n<h4>\u00a0CLAUDIO POGGI. AVANZAR SAN LUIS.<\/h4>\n<h4>JUAN \u00c1LVAREZ PINTO. UNI\u00d3N C\u00cdVICA RADICAL.<\/h4>\n<h4>GABRIELA GONZ\u00c1LEZ RIOLLO. PRO.<\/h4>\n<h4>LUCRECIA SORIA. TODOS UNIDOS.<\/h4>\n<h4>VER\u00d3NICA HERRERA. MERCEDINOS POR EL CAMBIO.<\/h4>\n<h4>VER\u00d3NICA CAUSI.<\/h4>\n<h4>SANLUISE\u00d1OS POR EL CAMBIO<\/h4>\n<h4>EDUARDO MONES RUIZ. ENCUENTRO MULTISECTORIAL<\/h4>\n<h4>JOAQU\u00cdN MANSILLA. LIBRES DEL SUR.<\/h4>\n<h4>ALBERTO ARANCIBIA RODR\u00cdGUEZ, DALMA GUINDA. LIBERAL LIBERTARIO.<\/h4>\n<h4>QUIROGA, C. BELLETINI, M. E. BAZ\u00c1N, M. ANDR\u00c9. DEMOCRACIA Y LIBERTAD.<\/h4>\n<h4>EDUARDO BORKOWSKI. GEN.<\/h4>\n<h4>ELIO V\u00c1SQUEZ. EL \u00c9XODO PUNTANO.<\/h4>\n<h4>MARCELO JU\u00c1REZ MIRADA SOCIALISTA.<\/h4>\n<h4>DEMETRIO A. ALUME MID<\/h4>\n<h4>MANUEL YNMENSON. JUNTOS PODEMOS.<\/h4>\n<h4>N\u00c9LIDA FIGUEROA, JUAN M. QUIROGA LUCERO. DEMO LIBERALES.<\/h4>\n<h4>CLAUDIA BARZOLA. CONCAR\u00c1N UNIDOS.<\/h4>\n<h4>JUAN D. CABRERA. SUMO.<\/h4>\n<h4>PABLO ZAMORA. PARTIDO ACCI\u00d3N RENOVADORA.<\/h4>\n","protected":false},"excerpt":{"rendered":"<p>Los presidentes de los diferentes partidos y espacios pol\u00edticos que integran el lema Cambia San&#8230;<\/p>\n","protected":false},"author":1,"featured_media":477,"comment_status":"closed","ping_status":"closed","sticky":false,"template":"","format":"standard","meta":{"footnotes":""},"categories":[6],"tags":[],"class_list":["post-476","post","type-post","status-publish","format-standard","has-post-thumbnail","hentry","category-ciudad-provincia"],"yoast_head":"<!-- This site is optimized with the Yoast SEO plugin v26.1.1 - https:\/\/yoast.com\/wordpress\/plugins\/seo\/ -->\n<title>LA OPOSICI\u00d3N ENVI\u00d3 UNA CARTA P\u00daBLICA AL GOBERNADOR ALBERTO RODR\u00cdGUEZ SA\u00c1 - Apuntes de San Luis<\/title>\n<meta name=\"robots\" content=\"index, follow, max-snippet:-1, max-image-preview:large, max-video-preview:-1\" \/>\n<link rel=\"canonical\" href=\"https:\/\/apuntesdesanluis.com\/index.php\/2023\/07\/26\/la-oposicion-envio-una-carta-publica-al-gobernador-alberto-rodriguez-saa\/\" \/>\n<meta property=\"og:locale\" content=\"es_ES\" \/>\n<meta property=\"og:type\" content=\"article\" \/>\n<meta property=\"og:title\" content=\"LA OPOSICI\u00d3N ENVI\u00d3 UNA CARTA P\u00daBLICA AL GOBERNADOR ALBERTO RODR\u00cdGUEZ SA\u00c1 - Apuntes de San Luis\" \/>\n<meta property=\"og:description\" content=\"Los presidentes de los diferentes partidos y espacios pol\u00edticos que integran el lema Cambia San...\" \/>\n<meta property=\"og:url\" content=\"https:\/\/apuntesdesanluis.com\/index.php\/2023\/07\/26\/la-oposicion-envio-una-carta-publica-al-gobernador-alberto-rodriguez-saa\/\" \/>\n<meta property=\"og:site_name\" content=\"Apuntes de San Luis\" \/>\n<meta property=\"article:published_time\" content=\"2023-07-26T22:36:36+00:00\" \/>\n<meta property=\"article:modified_time\" content=\"2023-07-26T22:37:18+00:00\" \/>\n<meta property=\"og:image\" content=\"https:\/\/apuntesdesanluis.com\/wp-content\/uploads\/2023\/07\/gobernador-alberto-rodriguez-saa-apuntes.jpg\" \/>\n\t<meta property=\"og:image:width\" content=\"561\" \/>\n\t<meta property=\"og:image:height\" content=\"374\" \/>\n\t<meta property=\"og:image:type\" content=\"image\/jpeg\" \/>\n<meta name=\"author\" content=\"apuntesdesanluis.com\" \/>\n<meta name=\"twitter:card\" content=\"summary_large_image\" \/>\n<meta name=\"twitter:label1\" content=\"Escrito por\" \/>\n\t<meta name=\"twitter:data1\" content=\"apuntesdesanluis.com\" \/>\n\t<meta name=\"twitter:label2\" content=\"Tiempo de lectura\" \/>\n\t<meta name=\"twitter:data2\" content=\"4 minutos\" \/>\n<script type=\"application\/ld+json\" class=\"yoast-schema-graph\">{\"@context\":\"https:\/\/schema.org\",\"@graph\":[{\"@type\":\"Article\",\"@id\":\"https:\/\/apuntesdesanluis.com\/index.php\/2023\/07\/26\/la-oposicion-envio-una-carta-publica-al-gobernador-alberto-rodriguez-saa\/#article\",\"isPartOf\":{\"@id\":\"https:\/\/apuntesdesanluis.com\/index.php\/2023\/07\/26\/la-oposicion-envio-una-carta-publica-al-gobernador-alberto-rodriguez-saa\/\"},\"author\":{\"name\":\"apuntesdesanluis.com\",\"@id\":\"https:\/\/apuntesdesanluis.com\/#\/schema\/person\/b55151d52296fcce64d1a72538a70b90\"},\"headline\":\"LA OPOSICI\u00d3N ENVI\u00d3 UNA CARTA P\u00daBLICA AL GOBERNADOR ALBERTO RODR\u00cdGUEZ SA\u00c1\",\"datePublished\":\"2023-07-26T22:36:36+00:00\",\"dateModified\":\"2023-07-26T22:37:18+00:00\",\"mainEntityOfPage\":{\"@id\":\"https:\/\/apuntesdesanluis.com\/index.php\/2023\/07\/26\/la-oposicion-envio-una-carta-publica-al-gobernador-alberto-rodriguez-saa\/\"},\"wordCount\":914,\"publisher\":{\"@id\":\"https:\/\/apuntesdesanluis.com\/#\/schema\/person\/b55151d52296fcce64d1a72538a70b90\"},\"image\":{\"@id\":\"https:\/\/apuntesdesanluis.com\/index.php\/2023\/07\/26\/la-oposicion-envio-una-carta-publica-al-gobernador-alberto-rodriguez-saa\/#primaryimage\"},\"thumbnailUrl\":\"https:\/\/apuntesdesanluis.com\/wp-content\/uploads\/2023\/07\/gobernador-alberto-rodriguez-saa-apuntes.jpg\",\"articleSection\":[\"Ciudad\/Provincia\"],\"inLanguage\":\"es-AR\"},{\"@type\":\"WebPage\",\"@id\":\"https:\/\/apuntesdesanluis.com\/index.php\/2023\/07\/26\/la-oposicion-envio-una-carta-publica-al-gobernador-alberto-rodriguez-saa\/\",\"url\":\"https:\/\/apuntesdesanluis.com\/index.php\/2023\/07\/26\/la-oposicion-envio-una-carta-publica-al-gobernador-alberto-rodriguez-saa\/\",\"name\":\"LA OPOSICI\u00d3N ENVI\u00d3 UNA CARTA P\u00daBLICA AL GOBERNADOR ALBERTO RODR\u00cdGUEZ SA\u00c1 - Apuntes de San Luis\",\"isPartOf\":{\"@id\":\"https:\/\/apuntesdesanluis.com\/#website\"},\"primaryImageOfPage\":{\"@id\":\"https:\/\/apuntesdesanluis.com\/index.php\/2023\/07\/26\/la-oposicion-envio-una-carta-publica-al-gobernador-alberto-rodriguez-saa\/#primaryimage\"},\"image\":{\"@id\":\"https:\/\/apuntesdesanluis.com\/index.php\/2023\/07\/26\/la-oposicion-envio-una-carta-publica-al-gobernador-alberto-rodriguez-saa\/#primaryimage\"},\"thumbnailUrl\":\"https:\/\/apuntesdesanluis.com\/wp-content\/uploads\/2023\/07\/gobernador-alberto-rodriguez-saa-apuntes.jpg\",\"datePublished\":\"2023-07-26T22:36:36+00:00\",\"dateModified\":\"2023-07-26T22:37:18+00:00\",\"breadcrumb\":{\"@id\":\"https:\/\/apuntesdesanluis.com\/index.php\/2023\/07\/26\/la-oposicion-envio-una-carta-publica-al-gobernador-alberto-rodriguez-saa\/#breadcrumb\"},\"inLanguage\":\"es-AR\",\"potentialAction\":[{\"@type\":\"ReadAction\",\"target\":[\"https:\/\/apuntesdesanluis.com\/index.php\/2023\/07\/26\/la-oposicion-envio-una-carta-publica-al-gobernador-alberto-rodriguez-saa\/\"]}]},{\"@type\":\"ImageObject\",\"inLanguage\":\"es-AR\",\"@id\":\"https:\/\/apuntesdesanluis.com\/index.php\/2023\/07\/26\/la-oposicion-envio-una-carta-publica-al-gobernador-alberto-rodriguez-saa\/#primaryimage\",\"url\":\"https:\/\/apuntesdesanluis.com\/wp-content\/uploads\/2023\/07\/gobernador-alberto-rodriguez-saa-apuntes.jpg\",\"contentUrl\":\"https:\/\/apuntesdesanluis.com\/wp-content\/uploads\/2023\/07\/gobernador-alberto-rodriguez-saa-apuntes.jpg\",\"width\":561,\"height\":374},{\"@type\":\"BreadcrumbList\",\"@id\":\"https:\/\/apuntesdesanluis.com\/index.php\/2023\/07\/26\/la-oposicion-envio-una-carta-publica-al-gobernador-alberto-rodriguez-saa\/#breadcrumb\",\"itemListElement\":[{\"@type\":\"ListItem\",\"position\":1,\"name\":\"Inicio\",\"item\":\"https:\/\/apuntesdesanluis.com\/\"},{\"@type\":\"ListItem\",\"position\":2,\"name\":\"LA OPOSICI\u00d3N ENVI\u00d3 UNA CARTA P\u00daBLICA AL GOBERNADOR ALBERTO RODR\u00cdGUEZ SA\u00c1\"}]},{\"@type\":\"WebSite\",\"@id\":\"https:\/\/apuntesdesanluis.com\/#website\",\"url\":\"https:\/\/apuntesdesanluis.com\/\",\"name\":\"Apuntes de San Luis\",\"description\":\"\",\"publisher\":{\"@id\":\"https:\/\/apuntesdesanluis.com\/#\/schema\/person\/b55151d52296fcce64d1a72538a70b90\"},\"potentialAction\":[{\"@type\":\"SearchAction\",\"target\":{\"@type\":\"EntryPoint\",\"urlTemplate\":\"https:\/\/apuntesdesanluis.com\/?s={search_term_string}\"},\"query-input\":{\"@type\":\"PropertyValueSpecification\",\"valueRequired\":true,\"valueName\":\"search_term_string\"}}],\"inLanguage\":\"es-AR\"},{\"@type\":[\"Person\",\"Organization\"],\"@id\":\"https:\/\/apuntesdesanluis.com\/#\/schema\/person\/b55151d52296fcce64d1a72538a70b90\",\"name\":\"apuntesdesanluis.com\",\"image\":{\"@type\":\"ImageObject\",\"inLanguage\":\"es-AR\",\"@id\":\"https:\/\/apuntesdesanluis.com\/#\/schema\/person\/image\/\",\"url\":\"https:\/\/apuntesdesanluis.com\/wp-content\/uploads\/2023\/07\/cropped-apuntesdesanluis.png\",\"contentUrl\":\"https:\/\/apuntesdesanluis.com\/wp-content\/uploads\/2023\/07\/cropped-apuntesdesanluis.png\",\"width\":450,\"height\":112,\"caption\":\"apuntesdesanluis.com\"},\"logo\":{\"@id\":\"https:\/\/apuntesdesanluis.com\/#\/schema\/person\/image\/\"},\"sameAs\":[\"https:\/\/apuntesdesanluis.com\"],\"url\":\"https:\/\/apuntesdesanluis.com\/index.php\/author\/apuntesdesanluis-com\/\"}]}<\/script>\n<!-- \/ Yoast SEO plugin. -->","yoast_head_json":{"title":"LA OPOSICI\u00d3N ENVI\u00d3 UNA CARTA P\u00daBLICA AL GOBERNADOR ALBERTO RODR\u00cdGUEZ SA\u00c1 - Apuntes de San Luis","robots":{"index":"index","follow":"follow","max-snippet":"max-snippet:-1","max-image-preview":"max-image-preview:large","max-video-preview":"max-video-preview:-1"},"canonical":"https:\/\/apuntesdesanluis.com\/index.php\/2023\/07\/26\/la-oposicion-envio-una-carta-publica-al-gobernador-alberto-rodriguez-saa\/","og_locale":"es_ES","og_type":"article","og_title":"LA OPOSICI\u00d3N ENVI\u00d3 UNA CARTA P\u00daBLICA AL GOBERNADOR ALBERTO RODR\u00cdGUEZ SA\u00c1 - Apuntes de San Luis","og_description":"Los presidentes de los diferentes partidos y espacios pol\u00edticos que integran el lema Cambia San...","og_url":"https:\/\/apuntesdesanluis.com\/index.php\/2023\/07\/26\/la-oposicion-envio-una-carta-publica-al-gobernador-alberto-rodriguez-saa\/","og_site_name":"Apuntes de San Luis","article_published_time":"2023-07-26T22:36:36+00:00","article_modified_time":"2023-07-26T22:37:18+00:00","og_image":[{"width":561,"height":374,"url":"https:\/\/apuntesdesanluis.com\/wp-content\/uploads\/2023\/07\/gobernador-alberto-rodriguez-saa-apuntes.jpg","type":"image\/jpeg"}],"author":"apuntesdesanluis.com","twitter_card":"summary_large_image","twitter_misc":{"Escrito por":"apuntesdesanluis.com","Tiempo de lectura":"4 minutos"},"schema":{"@context":"https:\/\/schema.org","@graph":[{"@type":"Article","@id":"https:\/\/apuntesdesanluis.com\/index.php\/2023\/07\/26\/la-oposicion-envio-una-carta-publica-al-gobernador-alberto-rodriguez-saa\/#article","isPartOf":{"@id":"https:\/\/apuntesdesanluis.com\/index.php\/2023\/07\/26\/la-oposicion-envio-una-carta-publica-al-gobernador-alberto-rodriguez-saa\/"},"author":{"name":"apuntesdesanluis.com","@id":"https:\/\/apuntesdesanluis.com\/#\/schema\/person\/b55151d52296fcce64d1a72538a70b90"},"headline":"LA OPOSICI\u00d3N ENVI\u00d3 UNA CARTA P\u00daBLICA AL GOBERNADOR ALBERTO RODR\u00cdGUEZ SA\u00c1","datePublished":"2023-07-26T22:36:36+00:00","dateModified":"2023-07-26T22:37:18+00:00","mainEntityOfPage":{"@id":"https:\/\/apuntesdesanluis.com\/index.php\/2023\/07\/26\/la-oposicion-envio-una-carta-publica-al-gobernador-alberto-rodriguez-saa\/"},"wordCount":914,"publisher":{"@id":"https:\/\/apuntesdesanluis.com\/#\/schema\/person\/b55151d52296fcce64d1a72538a70b90"},"image":{"@id":"https:\/\/apuntesdesanluis.com\/index.php\/2023\/07\/26\/la-oposicion-envio-una-carta-publica-al-gobernador-alberto-rodriguez-saa\/#primaryimage"},"thumbnailUrl":"https:\/\/apuntesdesanluis.com\/wp-content\/uploads\/2023\/07\/gobernador-alberto-rodriguez-saa-apuntes.jpg","articleSection":["Ciudad\/Provincia"],"inLanguage":"es-AR"},{"@type":"WebPage","@id":"https:\/\/apuntesdesanluis.com\/index.php\/2023\/07\/26\/la-oposicion-envio-una-carta-publica-al-gobernador-alberto-rodriguez-saa\/","url":"https:\/\/apuntesdesanluis.com\/index.php\/2023\/07\/26\/la-oposicion-envio-una-carta-publica-al-gobernador-alberto-rodriguez-saa\/","name":"LA OPOSICI\u00d3N ENVI\u00d3 UNA CARTA P\u00daBLICA AL GOBERNADOR ALBERTO RODR\u00cdGUEZ SA\u00c1 - Apuntes de San Luis","isPartOf":{"@id":"https:\/\/apuntesdesanluis.com\/#website"},"primaryImageOfPage":{"@id":"https:\/\/apuntesdesanluis.com\/index.php\/2023\/07\/26\/la-oposicion-envio-una-carta-publica-al-gobernador-alberto-rodriguez-saa\/#primaryimage"},"image":{"@id":"https:\/\/apuntesdesanluis.com\/index.php\/2023\/07\/26\/la-oposicion-envio-una-carta-publica-al-gobernador-alberto-rodriguez-saa\/#primaryimage"},"thumbnailUrl":"https:\/\/apuntesdesanluis.com\/wp-content\/uploads\/2023\/07\/gobernador-alberto-rodriguez-saa-apuntes.jpg","datePublished":"2023-07-26T22:36:36+00:00","dateModified":"2023-07-26T22:37:18+00:00","breadcrumb":{"@id":"https:\/\/apuntesdesanluis.com\/index.php\/2023\/07\/26\/la-oposicion-envio-una-carta-publica-al-gobernador-alberto-rodriguez-saa\/#breadcrumb"},"inLanguage":"es-AR","potentialAction":[{"@type":"ReadAction","target":["https:\/\/apuntesdesanluis.com\/index.php\/2023\/07\/26\/la-oposicion-envio-una-carta-publica-al-gobernador-alberto-rodriguez-saa\/"]}]},{"@type":"ImageObject","inLanguage":"es-AR","@id":"https:\/\/apuntesdesanluis.com\/index.php\/2023\/07\/26\/la-oposicion-envio-una-carta-publica-al-gobernador-alberto-rodriguez-saa\/#primaryimage","url":"https:\/\/apuntesdesanluis.com\/wp-content\/uploads\/2023\/07\/gobernador-alberto-rodriguez-saa-apuntes.jpg","contentUrl":"https:\/\/apuntesdesanluis.com\/wp-content\/uploads\/2023\/07\/gobernador-alberto-rodriguez-saa-apuntes.jpg","width":561,"height":374},{"@type":"BreadcrumbList","@id":"https:\/\/apuntesdesanluis.com\/index.php\/2023\/07\/26\/la-oposicion-envio-una-carta-publica-al-gobernador-alberto-rodriguez-saa\/#breadcrumb","itemListElement":[{"@type":"ListItem","position":1,"name":"Inicio","item":"https:\/\/apuntesdesanluis.com\/"},{"@type":"ListItem","position":2,"name":"LA OPOSICI\u00d3N ENVI\u00d3 UNA CARTA P\u00daBLICA AL GOBERNADOR ALBERTO RODR\u00cdGUEZ SA\u00c1"}]},{"@type":"WebSite","@id":"https:\/\/apuntesdesanluis.com\/#website","url":"https:\/\/apuntesdesanluis.com\/","name":"Apuntes de San Luis","description":"","publisher":{"@id":"https:\/\/apuntesdesanluis.com\/#\/schema\/person\/b55151d52296fcce64d1a72538a70b90"},"potentialAction":[{"@type":"SearchAction","target":{"@type":"EntryPoint","urlTemplate":"https:\/\/apuntesdesanluis.com\/?s={search_term_string}"},"query-input":{"@type":"PropertyValueSpecification","valueRequired":true,"valueName":"search_term_string"}}],"inLanguage":"es-AR"},{"@type":["Person","Organization"],"@id":"https:\/\/apuntesdesanluis.com\/#\/schema\/person\/b55151d52296fcce64d1a72538a70b90","name":"apuntesdesanluis.com","image":{"@type":"ImageObject","inLanguage":"es-AR","@id":"https:\/\/apuntesdesanluis.com\/#\/schema\/person\/image\/","url":"https:\/\/apuntesdesanluis.com\/wp-content\/uploads\/2023\/07\/cropped-apuntesdesanluis.png","contentUrl":"https:\/\/apuntesdesanluis.com\/wp-content\/uploads\/2023\/07\/cropped-apuntesdesanluis.png","width":450,"height":112,"caption":"apuntesdesanluis.com"},"logo":{"@id":"https:\/\/apuntesdesanluis.com\/#\/schema\/person\/image\/"},"sameAs":["https:\/\/apuntesdesanluis.com"],"url":"https:\/\/apuntesdesanluis.com\/index.php\/author\/apuntesdesanluis-com\/"}]}},"featured_image_urls":{"full":["https:\/\/apuntesdesanluis.com\/wp-content\/uploads\/2023\/07\/gobernador-alberto-rodriguez-saa-apuntes.jpg",561,374,false],"thumbnail":["https:\/\/apuntesdesanluis.com\/wp-content\/uploads\/2023\/07\/gobernador-alberto-rodriguez-saa-apuntes-150x150.jpg",150,150,true],"medium":["https:\/\/apuntesdesanluis.com\/wp-content\/uploads\/2023\/07\/gobernador-alberto-rodriguez-saa-apuntes-300x200.jpg",300,200,true],"medium_large":["https:\/\/apuntesdesanluis.com\/wp-content\/uploads\/2023\/07\/gobernador-alberto-rodriguez-saa-apuntes.jpg",561,374,false],"large":["https:\/\/apuntesdesanluis.com\/wp-content\/uploads\/2023\/07\/gobernador-alberto-rodriguez-saa-apuntes.jpg",561,374,false],"1536x1536":["https:\/\/apuntesdesanluis.com\/wp-content\/uploads\/2023\/07\/gobernador-alberto-rodriguez-saa-apuntes.jpg",561,374,false],"2048x2048":["https:\/\/apuntesdesanluis.com\/wp-content\/uploads\/2023\/07\/gobernador-alberto-rodriguez-saa-apuntes.jpg",561,374,false],"newsever-slider-full":["https:\/\/apuntesdesanluis.com\/wp-content\/uploads\/2023\/07\/gobernador-alberto-rodriguez-saa-apuntes.jpg",561,374,false],"newsever-featured":["https:\/\/apuntesdesanluis.com\/wp-content\/uploads\/2023\/07\/gobernador-alberto-rodriguez-saa-apuntes.jpg",561,374,false],"newsever-medium":["https:\/\/apuntesdesanluis.com\/wp-content\/uploads\/2023\/07\/gobernador-alberto-rodriguez-saa-apuntes.jpg",561,374,false]},"author_info":{"display_name":"apuntesdesanluis.com","author_link":"https:\/\/apuntesdesanluis.com\/index.php\/author\/apuntesdesanluis-com\/"},"category_info":"<a href=\"https:\/\/apuntesdesanluis.com\/index.php\/category\/ciudad-provincia\/\" rel=\"category tag\">Ciudad\/Provincia<\/a>","tag_info":"Ciudad\/Provincia","comment_count":"0","_links":{"self":[{"href":"https:\/\/apuntesdesanluis.com\/index.php\/wp-json\/wp\/v2\/posts\/476","targetHints":{"allow":["GET"]}}],"collection":[{"href":"https:\/\/apuntesdesanluis.com\/index.php\/wp-json\/wp\/v2\/posts"}],"about":[{"href":"https:\/\/apuntesdesanluis.com\/index.php\/wp-json\/wp\/v2\/types\/post"}],"author":[{"embeddable":true,"href":"https:\/\/apuntesdesanluis.com\/index.php\/wp-json\/wp\/v2\/users\/1"}],"replies":[{"embeddable":true,"href":"https:\/\/apuntesdesanluis.com\/index.php\/wp-json\/wp\/v2\/comments?post=476"}],"version-history":[{"count":2,"href":"https:\/\/apuntesdesanluis.com\/index.php\/wp-json\/wp\/v2\/posts\/476\/revisions"}],"predecessor-version":[{"id":479,"href":"https:\/\/apuntesdesanluis.com\/index.php\/wp-json\/wp\/v2\/posts\/476\/revisions\/479"}],"wp:featuredmedia":[{"embeddable":true,"href":"https:\/\/apuntesdesanluis.com\/index.php\/wp-json\/wp\/v2\/media\/477"}],"wp:attachment":[{"href":"https:\/\/apuntesdesanluis.com\/index.php\/wp-json\/wp\/v2\/media?parent=476"}],"wp:term":[{"taxonomy":"category","embeddable":true,"href":"https:\/\/apuntesdesanluis.com\/index.php\/wp-json\/wp\/v2\/categories?post=476"},{"taxonomy":"post_tag","embeddable":true,"href":"https:\/\/apuntesdesanluis.com\/index.php\/wp-json\/wp\/v2\/tags?post=476"}],"curies":[{"name":"wp","href":"https:\/\/api.w.org\/{rel}","templated":true}]}}