{"id":4762,"date":"2023-10-07T21:36:02","date_gmt":"2023-10-08T00:36:02","guid":{"rendered":"https:\/\/apuntesdesanluis.com\/?p=4762"},"modified":"2023-10-07T21:36:02","modified_gmt":"2023-10-08T00:36:02","slug":"dos-argentinos-murieron-durante-el-ataque-masivo-de-hamas-en-israel","status":"publish","type":"post","link":"https:\/\/apuntesdesanluis.com\/index.php\/2023\/10\/07\/dos-argentinos-murieron-durante-el-ataque-masivo-de-hamas-en-israel\/","title":{"rendered":"DOS ARGENTINOS MURIERON DURANTE EL ATAQUE MASIVO DE HAM\u00c1S EN ISRAEL"},"content":{"rendered":"<h3>Uno es Rodolfo <strong>Fabi\u00e1n \u201cRody\u201d Skariszewski<\/strong> (56), quien pertenec\u00eda al Movimiento Juvenil Sionista Hejalutz Lamerjav, y resid\u00eda con su familia en el asentamiento Moshav Ovad, a unos 15 kil\u00f3metros de la frontera con Gaza.<\/h3>\n<h3>Su muerte fue confirmada por su familia y tambi\u00e9n por la Canciller\u00eda argentina, que a trav\u00e9s de un comunicado expres\u00f3: &#8220;Lamentamos informar el fallecimiento de Rodolfo Fabi\u00e1n Skariszewski, compatriota que resid\u00eda en Moshav Ohad, y enviamos nuestras condolencias a familiares y amigos&#8221;.<\/h3>\n<h3>En tanto, Ricardo Skariszewski, se\u00f1al\u00f3 que: &#8220;Mi hermano a la ma\u00f1ana sali\u00f3 a pasear con el perro, muy temprano. Y ya no volvi\u00f3. Y no supimos m\u00e1s nada de \u00e9l hasta que el hijo, que vive en Tel Aviv y viaj\u00f3 en forma urgente, lo encontr\u00f3 muerto en el Moshav Ohad, el asentamiento donde viv\u00eda\u201d, expres\u00f3.<\/h3>\n<p><img fetchpriority=\"high\" decoding=\"async\" class=\"wp-image-4764 aligncenter\" src=\"https:\/\/apuntesdesanluis.com\/wp-content\/uploads\/2023\/10\/copas-300x187.png\" alt=\"\" width=\"690\" height=\"430\" srcset=\"https:\/\/apuntesdesanluis.com\/wp-content\/uploads\/2023\/10\/copas-300x187.png 300w, https:\/\/apuntesdesanluis.com\/wp-content\/uploads\/2023\/10\/copas.png 600w\" sizes=\"(max-width: 690px) 100vw, 690px\" \/><\/p>\n<h3>Por su parte, un hijo de &#8220;Rody&#8221;, Yhonatan Skariszsewski poste\u00f3 en Facebook, junto a una fotograf\u00eda donde se los ve juntos: \u201cHay cosas que son inexplicables, qui\u00e9n pod\u00eda imaginar que esa era la \u00faltima copa que tomamos juntos. Para siempre estaremos juntos, descansa padre querido\u201d.<\/h3>\n<h3>En tanto que <strong>Abi Korin<\/strong> se convirti\u00f3 esta tarde en el segundo argentino fallecido en Israel, luego del ataque perpetrado por el grupo terrorista palestino Ham\u00e1s, y que dej\u00f3 un saldo superior a los 200 muertos.<\/h3>\n<p><img decoding=\"async\" class=\"wp-image-4765 aligncenter\" src=\"https:\/\/apuntesdesanluis.com\/wp-content\/uploads\/2023\/10\/abi-muerto-300x221.png\" alt=\"\" width=\"690\" height=\"508\" srcset=\"https:\/\/apuntesdesanluis.com\/wp-content\/uploads\/2023\/10\/abi-muerto-300x221.png 300w, https:\/\/apuntesdesanluis.com\/wp-content\/uploads\/2023\/10\/abi-muerto.png 605w\" sizes=\"(max-width: 690px) 100vw, 690px\" \/><\/p>\n<h3>Korin era hijo de Moishe Korin, un referente de la comunidad jud\u00eda en la Argentina, ya que se hab\u00eda desempe\u00f1ado como director de cultura de la AMIA y en otras instituciones.<\/h3>\n","protected":false},"excerpt":{"rendered":"<p>Uno es Rodolfo Fabi\u00e1n \u201cRody\u201d Skariszewski (56), quien pertenec\u00eda al Movimiento Juvenil Sionista Hejalutz Lamerjav,&#8230;<\/p>\n","protected":false},"author":1,"featured_media":4763,"comment_status":"closed","ping_status":"closed","sticky":false,"template":"","format":"standard","meta":{"footnotes":""},"categories":[5],"tags":[],"class_list":["post-4762","post","type-post","status-publish","format-standard","has-post-thumbnail","hentry","category-nacionales-internacionales"],"yoast_head":"<!-- This site is optimized with the Yoast SEO plugin v26.1.1 - https:\/\/yoast.com\/wordpress\/plugins\/seo\/ -->\n<title>DOS ARGENTINOS MURIERON DURANTE EL ATAQUE MASIVO DE HAM\u00c1S EN ISRAEL - Apuntes de San Luis<\/title>\n<meta name=\"robots\" content=\"index, follow, max-snippet:-1, max-image-preview:large, max-video-preview:-1\" \/>\n<link rel=\"canonical\" href=\"https:\/\/apuntesdesanluis.com\/index.php\/2023\/10\/07\/dos-argentinos-murieron-durante-el-ataque-masivo-de-hamas-en-israel\/\" \/>\n<meta property=\"og:locale\" content=\"es_ES\" \/>\n<meta property=\"og:type\" content=\"article\" \/>\n<meta property=\"og:title\" content=\"DOS ARGENTINOS MURIERON DURANTE EL ATAQUE MASIVO DE HAM\u00c1S EN ISRAEL - Apuntes de San Luis\" \/>\n<meta property=\"og:description\" content=\"Uno es Rodolfo Fabi\u00e1n \u201cRody\u201d Skariszewski (56), quien pertenec\u00eda al Movimiento Juvenil Sionista Hejalutz Lamerjav,...\" \/>\n<meta property=\"og:url\" content=\"https:\/\/apuntesdesanluis.com\/index.php\/2023\/10\/07\/dos-argentinos-murieron-durante-el-ataque-masivo-de-hamas-en-israel\/\" \/>\n<meta property=\"og:site_name\" content=\"Apuntes de San Luis\" \/>\n<meta property=\"article:published_time\" content=\"2023-10-08T00:36:02+00:00\" \/>\n<meta property=\"og:image\" content=\"https:\/\/apuntesdesanluis.com\/wp-content\/uploads\/2023\/10\/dos-1.png\" \/>\n\t<meta property=\"og:image:width\" content=\"1141\" \/>\n\t<meta property=\"og:image:height\" content=\"672\" \/>\n\t<meta property=\"og:image:type\" content=\"image\/png\" \/>\n<meta name=\"author\" content=\"apuntesdesanluis.com\" \/>\n<meta name=\"twitter:card\" content=\"summary_large_image\" \/>\n<meta name=\"twitter:label1\" content=\"Escrito por\" \/>\n\t<meta name=\"twitter:data1\" content=\"apuntesdesanluis.com\" \/>\n\t<meta name=\"twitter:label2\" content=\"Tiempo de lectura\" \/>\n\t<meta name=\"twitter:data2\" content=\"2 minutos\" \/>\n<script type=\"application\/ld+json\" class=\"yoast-schema-graph\">{\"@context\":\"https:\/\/schema.org\",\"@graph\":[{\"@type\":\"Article\",\"@id\":\"https:\/\/apuntesdesanluis.com\/index.php\/2023\/10\/07\/dos-argentinos-murieron-durante-el-ataque-masivo-de-hamas-en-israel\/#article\",\"isPartOf\":{\"@id\":\"https:\/\/apuntesdesanluis.com\/index.php\/2023\/10\/07\/dos-argentinos-murieron-durante-el-ataque-masivo-de-hamas-en-israel\/\"},\"author\":{\"name\":\"apuntesdesanluis.com\",\"@id\":\"https:\/\/apuntesdesanluis.com\/#\/schema\/person\/b55151d52296fcce64d1a72538a70b90\"},\"headline\":\"DOS ARGENTINOS MURIERON DURANTE EL ATAQUE MASIVO DE HAM\u00c1S EN ISRAEL\",\"datePublished\":\"2023-10-08T00:36:02+00:00\",\"mainEntityOfPage\":{\"@id\":\"https:\/\/apuntesdesanluis.com\/index.php\/2023\/10\/07\/dos-argentinos-murieron-durante-el-ataque-masivo-de-hamas-en-israel\/\"},\"wordCount\":273,\"publisher\":{\"@id\":\"https:\/\/apuntesdesanluis.com\/#\/schema\/person\/b55151d52296fcce64d1a72538a70b90\"},\"image\":{\"@id\":\"https:\/\/apuntesdesanluis.com\/index.php\/2023\/10\/07\/dos-argentinos-murieron-durante-el-ataque-masivo-de-hamas-en-israel\/#primaryimage\"},\"thumbnailUrl\":\"https:\/\/apuntesdesanluis.com\/wp-content\/uploads\/2023\/10\/dos-1.png\",\"articleSection\":[\"Nacionales\/Internacionales\"],\"inLanguage\":\"es-AR\"},{\"@type\":\"WebPage\",\"@id\":\"https:\/\/apuntesdesanluis.com\/index.php\/2023\/10\/07\/dos-argentinos-murieron-durante-el-ataque-masivo-de-hamas-en-israel\/\",\"url\":\"https:\/\/apuntesdesanluis.com\/index.php\/2023\/10\/07\/dos-argentinos-murieron-durante-el-ataque-masivo-de-hamas-en-israel\/\",\"name\":\"DOS ARGENTINOS MURIERON DURANTE EL ATAQUE MASIVO DE HAM\u00c1S EN ISRAEL - Apuntes de San Luis\",\"isPartOf\":{\"@id\":\"https:\/\/apuntesdesanluis.com\/#website\"},\"primaryImageOfPage\":{\"@id\":\"https:\/\/apuntesdesanluis.com\/index.php\/2023\/10\/07\/dos-argentinos-murieron-durante-el-ataque-masivo-de-hamas-en-israel\/#primaryimage\"},\"image\":{\"@id\":\"https:\/\/apuntesdesanluis.com\/index.php\/2023\/10\/07\/dos-argentinos-murieron-durante-el-ataque-masivo-de-hamas-en-israel\/#primaryimage\"},\"thumbnailUrl\":\"https:\/\/apuntesdesanluis.com\/wp-content\/uploads\/2023\/10\/dos-1.png\",\"datePublished\":\"2023-10-08T00:36:02+00:00\",\"breadcrumb\":{\"@id\":\"https:\/\/apuntesdesanluis.com\/index.php\/2023\/10\/07\/dos-argentinos-murieron-durante-el-ataque-masivo-de-hamas-en-israel\/#breadcrumb\"},\"inLanguage\":\"es-AR\",\"potentialAction\":[{\"@type\":\"ReadAction\",\"target\":[\"https:\/\/apuntesdesanluis.com\/index.php\/2023\/10\/07\/dos-argentinos-murieron-durante-el-ataque-masivo-de-hamas-en-israel\/\"]}]},{\"@type\":\"ImageObject\",\"inLanguage\":\"es-AR\",\"@id\":\"https:\/\/apuntesdesanluis.com\/index.php\/2023\/10\/07\/dos-argentinos-murieron-durante-el-ataque-masivo-de-hamas-en-israel\/#primaryimage\",\"url\":\"https:\/\/apuntesdesanluis.com\/wp-content\/uploads\/2023\/10\/dos-1.png\",\"contentUrl\":\"https:\/\/apuntesdesanluis.com\/wp-content\/uploads\/2023\/10\/dos-1.png\",\"width\":1141,\"height\":672},{\"@type\":\"BreadcrumbList\",\"@id\":\"https:\/\/apuntesdesanluis.com\/index.php\/2023\/10\/07\/dos-argentinos-murieron-durante-el-ataque-masivo-de-hamas-en-israel\/#breadcrumb\",\"itemListElement\":[{\"@type\":\"ListItem\",\"position\":1,\"name\":\"Inicio\",\"item\":\"https:\/\/apuntesdesanluis.com\/\"},{\"@type\":\"ListItem\",\"position\":2,\"name\":\"DOS ARGENTINOS MURIERON DURANTE EL ATAQUE MASIVO DE HAM\u00c1S EN ISRAEL\"}]},{\"@type\":\"WebSite\",\"@id\":\"https:\/\/apuntesdesanluis.com\/#website\",\"url\":\"https:\/\/apuntesdesanluis.com\/\",\"name\":\"Apuntes de San Luis\",\"description\":\"\",\"publisher\":{\"@id\":\"https:\/\/apuntesdesanluis.com\/#\/schema\/person\/b55151d52296fcce64d1a72538a70b90\"},\"potentialAction\":[{\"@type\":\"SearchAction\",\"target\":{\"@type\":\"EntryPoint\",\"urlTemplate\":\"https:\/\/apuntesdesanluis.com\/?s={search_term_string}\"},\"query-input\":{\"@type\":\"PropertyValueSpecification\",\"valueRequired\":true,\"valueName\":\"search_term_string\"}}],\"inLanguage\":\"es-AR\"},{\"@type\":[\"Person\",\"Organization\"],\"@id\":\"https:\/\/apuntesdesanluis.com\/#\/schema\/person\/b55151d52296fcce64d1a72538a70b90\",\"name\":\"apuntesdesanluis.com\",\"image\":{\"@type\":\"ImageObject\",\"inLanguage\":\"es-AR\",\"@id\":\"https:\/\/apuntesdesanluis.com\/#\/schema\/person\/image\/\",\"url\":\"https:\/\/apuntesdesanluis.com\/wp-content\/uploads\/2023\/07\/cropped-apuntesdesanluis.png\",\"contentUrl\":\"https:\/\/apuntesdesanluis.com\/wp-content\/uploads\/2023\/07\/cropped-apuntesdesanluis.png\",\"width\":450,\"height\":112,\"caption\":\"apuntesdesanluis.com\"},\"logo\":{\"@id\":\"https:\/\/apuntesdesanluis.com\/#\/schema\/person\/image\/\"},\"sameAs\":[\"https:\/\/apuntesdesanluis.com\"],\"url\":\"https:\/\/apuntesdesanluis.com\/index.php\/author\/apuntesdesanluis-com\/\"}]}<\/script>\n<!-- \/ Yoast SEO plugin. -->","yoast_head_json":{"title":"DOS ARGENTINOS MURIERON DURANTE EL ATAQUE MASIVO DE HAM\u00c1S EN ISRAEL - Apuntes de San Luis","robots":{"index":"index","follow":"follow","max-snippet":"max-snippet:-1","max-image-preview":"max-image-preview:large","max-video-preview":"max-video-preview:-1"},"canonical":"https:\/\/apuntesdesanluis.com\/index.php\/2023\/10\/07\/dos-argentinos-murieron-durante-el-ataque-masivo-de-hamas-en-israel\/","og_locale":"es_ES","og_type":"article","og_title":"DOS ARGENTINOS MURIERON DURANTE EL ATAQUE MASIVO DE HAM\u00c1S EN ISRAEL - Apuntes de San Luis","og_description":"Uno es Rodolfo Fabi\u00e1n \u201cRody\u201d Skariszewski (56), quien pertenec\u00eda al Movimiento Juvenil Sionista Hejalutz Lamerjav,...","og_url":"https:\/\/apuntesdesanluis.com\/index.php\/2023\/10\/07\/dos-argentinos-murieron-durante-el-ataque-masivo-de-hamas-en-israel\/","og_site_name":"Apuntes de San Luis","article_published_time":"2023-10-08T00:36:02+00:00","og_image":[{"width":1141,"height":672,"url":"https:\/\/apuntesdesanluis.com\/wp-content\/uploads\/2023\/10\/dos-1.png","type":"image\/png"}],"author":"apuntesdesanluis.com","twitter_card":"summary_large_image","twitter_misc":{"Escrito por":"apuntesdesanluis.com","Tiempo de lectura":"2 minutos"},"schema":{"@context":"https:\/\/schema.org","@graph":[{"@type":"Article","@id":"https:\/\/apuntesdesanluis.com\/index.php\/2023\/10\/07\/dos-argentinos-murieron-durante-el-ataque-masivo-de-hamas-en-israel\/#article","isPartOf":{"@id":"https:\/\/apuntesdesanluis.com\/index.php\/2023\/10\/07\/dos-argentinos-murieron-durante-el-ataque-masivo-de-hamas-en-israel\/"},"author":{"name":"apuntesdesanluis.com","@id":"https:\/\/apuntesdesanluis.com\/#\/schema\/person\/b55151d52296fcce64d1a72538a70b90"},"headline":"DOS ARGENTINOS MURIERON DURANTE EL ATAQUE MASIVO DE HAM\u00c1S EN ISRAEL","datePublished":"2023-10-08T00:36:02+00:00","mainEntityOfPage":{"@id":"https:\/\/apuntesdesanluis.com\/index.php\/2023\/10\/07\/dos-argentinos-murieron-durante-el-ataque-masivo-de-hamas-en-israel\/"},"wordCount":273,"publisher":{"@id":"https:\/\/apuntesdesanluis.com\/#\/schema\/person\/b55151d52296fcce64d1a72538a70b90"},"image":{"@id":"https:\/\/apuntesdesanluis.com\/index.php\/2023\/10\/07\/dos-argentinos-murieron-durante-el-ataque-masivo-de-hamas-en-israel\/#primaryimage"},"thumbnailUrl":"https:\/\/apuntesdesanluis.com\/wp-content\/uploads\/2023\/10\/dos-1.png","articleSection":["Nacionales\/Internacionales"],"inLanguage":"es-AR"},{"@type":"WebPage","@id":"https:\/\/apuntesdesanluis.com\/index.php\/2023\/10\/07\/dos-argentinos-murieron-durante-el-ataque-masivo-de-hamas-en-israel\/","url":"https:\/\/apuntesdesanluis.com\/index.php\/2023\/10\/07\/dos-argentinos-murieron-durante-el-ataque-masivo-de-hamas-en-israel\/","name":"DOS ARGENTINOS MURIERON DURANTE EL ATAQUE MASIVO DE HAM\u00c1S EN ISRAEL - Apuntes de San Luis","isPartOf":{"@id":"https:\/\/apuntesdesanluis.com\/#website"},"primaryImageOfPage":{"@id":"https:\/\/apuntesdesanluis.com\/index.php\/2023\/10\/07\/dos-argentinos-murieron-durante-el-ataque-masivo-de-hamas-en-israel\/#primaryimage"},"image":{"@id":"https:\/\/apuntesdesanluis.com\/index.php\/2023\/10\/07\/dos-argentinos-murieron-durante-el-ataque-masivo-de-hamas-en-israel\/#primaryimage"},"thumbnailUrl":"https:\/\/apuntesdesanluis.com\/wp-content\/uploads\/2023\/10\/dos-1.png","datePublished":"2023-10-08T00:36:02+00:00","breadcrumb":{"@id":"https:\/\/apuntesdesanluis.com\/index.php\/2023\/10\/07\/dos-argentinos-murieron-durante-el-ataque-masivo-de-hamas-en-israel\/#breadcrumb"},"inLanguage":"es-AR","potentialAction":[{"@type":"ReadAction","target":["https:\/\/apuntesdesanluis.com\/index.php\/2023\/10\/07\/dos-argentinos-murieron-durante-el-ataque-masivo-de-hamas-en-israel\/"]}]},{"@type":"ImageObject","inLanguage":"es-AR","@id":"https:\/\/apuntesdesanluis.com\/index.php\/2023\/10\/07\/dos-argentinos-murieron-durante-el-ataque-masivo-de-hamas-en-israel\/#primaryimage","url":"https:\/\/apuntesdesanluis.com\/wp-content\/uploads\/2023\/10\/dos-1.png","contentUrl":"https:\/\/apuntesdesanluis.com\/wp-content\/uploads\/2023\/10\/dos-1.png","width":1141,"height":672},{"@type":"BreadcrumbList","@id":"https:\/\/apuntesdesanluis.com\/index.php\/2023\/10\/07\/dos-argentinos-murieron-durante-el-ataque-masivo-de-hamas-en-israel\/#breadcrumb","itemListElement":[{"@type":"ListItem","position":1,"name":"Inicio","item":"https:\/\/apuntesdesanluis.com\/"},{"@type":"ListItem","position":2,"name":"DOS ARGENTINOS MURIERON DURANTE EL ATAQUE MASIVO DE HAM\u00c1S EN ISRAEL"}]},{"@type":"WebSite","@id":"https:\/\/apuntesdesanluis.com\/#website","url":"https:\/\/apuntesdesanluis.com\/","name":"Apuntes de San Luis","description":"","publisher":{"@id":"https:\/\/apuntesdesanluis.com\/#\/schema\/person\/b55151d52296fcce64d1a72538a70b90"},"potentialAction":[{"@type":"SearchAction","target":{"@type":"EntryPoint","urlTemplate":"https:\/\/apuntesdesanluis.com\/?s={search_term_string}"},"query-input":{"@type":"PropertyValueSpecification","valueRequired":true,"valueName":"search_term_string"}}],"inLanguage":"es-AR"},{"@type":["Person","Organization"],"@id":"https:\/\/apuntesdesanluis.com\/#\/schema\/person\/b55151d52296fcce64d1a72538a70b90","name":"apuntesdesanluis.com","image":{"@type":"ImageObject","inLanguage":"es-AR","@id":"https:\/\/apuntesdesanluis.com\/#\/schema\/person\/image\/","url":"https:\/\/apuntesdesanluis.com\/wp-content\/uploads\/2023\/07\/cropped-apuntesdesanluis.png","contentUrl":"https:\/\/apuntesdesanluis.com\/wp-content\/uploads\/2023\/07\/cropped-apuntesdesanluis.png","width":450,"height":112,"caption":"apuntesdesanluis.com"},"logo":{"@id":"https:\/\/apuntesdesanluis.com\/#\/schema\/person\/image\/"},"sameAs":["https:\/\/apuntesdesanluis.com"],"url":"https:\/\/apuntesdesanluis.com\/index.php\/author\/apuntesdesanluis-com\/"}]}},"featured_image_urls":{"full":["https:\/\/apuntesdesanluis.com\/wp-content\/uploads\/2023\/10\/dos-1.png",1141,672,false],"thumbnail":["https:\/\/apuntesdesanluis.com\/wp-content\/uploads\/2023\/10\/dos-1-150x150.png",150,150,true],"medium":["https:\/\/apuntesdesanluis.com\/wp-content\/uploads\/2023\/10\/dos-1-300x177.png",300,177,true],"medium_large":["https:\/\/apuntesdesanluis.com\/wp-content\/uploads\/2023\/10\/dos-1-768x452.png",640,377,true],"large":["https:\/\/apuntesdesanluis.com\/wp-content\/uploads\/2023\/10\/dos-1-1024x603.png",640,377,true],"1536x1536":["https:\/\/apuntesdesanluis.com\/wp-content\/uploads\/2023\/10\/dos-1.png",1141,672,false],"2048x2048":["https:\/\/apuntesdesanluis.com\/wp-content\/uploads\/2023\/10\/dos-1.png",1141,672,false],"newsever-slider-full":["https:\/\/apuntesdesanluis.com\/wp-content\/uploads\/2023\/10\/dos-1.png",1141,672,false],"newsever-featured":["https:\/\/apuntesdesanluis.com\/wp-content\/uploads\/2023\/10\/dos-1-1024x603.png",1024,603,true],"newsever-medium":["https:\/\/apuntesdesanluis.com\/wp-content\/uploads\/2023\/10\/dos-1-720x475.png",720,475,true]},"author_info":{"display_name":"apuntesdesanluis.com","author_link":"https:\/\/apuntesdesanluis.com\/index.php\/author\/apuntesdesanluis-com\/"},"category_info":"<a href=\"https:\/\/apuntesdesanluis.com\/index.php\/category\/nacionales-internacionales\/\" rel=\"category tag\">Nacionales\/Internacionales<\/a>","tag_info":"Nacionales\/Internacionales","comment_count":"0","_links":{"self":[{"href":"https:\/\/apuntesdesanluis.com\/index.php\/wp-json\/wp\/v2\/posts\/4762","targetHints":{"allow":["GET"]}}],"collection":[{"href":"https:\/\/apuntesdesanluis.com\/index.php\/wp-json\/wp\/v2\/posts"}],"about":[{"href":"https:\/\/apuntesdesanluis.com\/index.php\/wp-json\/wp\/v2\/types\/post"}],"author":[{"embeddable":true,"href":"https:\/\/apuntesdesanluis.com\/index.php\/wp-json\/wp\/v2\/users\/1"}],"replies":[{"embeddable":true,"href":"https:\/\/apuntesdesanluis.com\/index.php\/wp-json\/wp\/v2\/comments?post=4762"}],"version-history":[{"count":1,"href":"https:\/\/apuntesdesanluis.com\/index.php\/wp-json\/wp\/v2\/posts\/4762\/revisions"}],"predecessor-version":[{"id":4766,"href":"https:\/\/apuntesdesanluis.com\/index.php\/wp-json\/wp\/v2\/posts\/4762\/revisions\/4766"}],"wp:featuredmedia":[{"embeddable":true,"href":"https:\/\/apuntesdesanluis.com\/index.php\/wp-json\/wp\/v2\/media\/4763"}],"wp:attachment":[{"href":"https:\/\/apuntesdesanluis.com\/index.php\/wp-json\/wp\/v2\/media?parent=4762"}],"wp:term":[{"taxonomy":"category","embeddable":true,"href":"https:\/\/apuntesdesanluis.com\/index.php\/wp-json\/wp\/v2\/categories?post=4762"},{"taxonomy":"post_tag","embeddable":true,"href":"https:\/\/apuntesdesanluis.com\/index.php\/wp-json\/wp\/v2\/tags?post=4762"}],"curies":[{"name":"wp","href":"https:\/\/api.w.org\/{rel}","templated":true}]}}