{"id":4767,"date":"2023-10-07T21:45:23","date_gmt":"2023-10-08T00:45:23","guid":{"rendered":"https:\/\/apuntesdesanluis.com\/?p=4767"},"modified":"2023-10-07T21:45:23","modified_gmt":"2023-10-08T00:45:23","slug":"fernandez-condeno-el-ataque-a-israel-y-se-comunico-con-el-presidente-de-ese-pais","status":"publish","type":"post","link":"https:\/\/apuntesdesanluis.com\/index.php\/2023\/10\/07\/fernandez-condeno-el-ataque-a-israel-y-se-comunico-con-el-presidente-de-ese-pais\/","title":{"rendered":"FERN\u00c1NDEZ CONDEN\u00d3 EL ATAQUE A ISRAEL Y SE COMUNIC\u00d3 CON EL PRESIDENTE DE ESE PA\u00cdS"},"content":{"rendered":"<h3>El mandatario argentino,<strong> Alberto Fern\u00e1ndez<\/strong>, conden\u00f3 el ataque de la organizaci\u00f3n palestina Ham\u00e1s a Israel y se comunic\u00f3 con el presidente de ese pa\u00eds, <strong>Isaac Herzog<\/strong>, para transmitirle su solidaridad.<\/h3>\n<h3>&#8220;Me comuniqu\u00e9 telef\u00f3nicamente con el presidente de Israel, @Isaac_Herzog, y le transmit\u00ed la solidaridad del pueblo y del Gobierno de Argentina&#8221;, sostuvo Fern\u00e1ndez en su cuenta personal de la red social X.<\/h3>\n<h3>&#8220;Repudiamos en\u00e9rgicamente el atroz ataque que Ham\u00e1s perpetu\u00f3 contra el pueblo israel\u00ed en el sur de su pa\u00eds&#8221;, agreg\u00f3 el jefe de Estado argentino, que subray\u00f3: &#8220;La violencia debe ser erradicada definitivamente en el mundo&#8221;.<\/h3>\n<h3>Insisti\u00f3, en este contexto, en que &#8220;la paz es m\u00e1s urgente que nunca&#8221;. Previamente, Fern\u00e1ndez dijo en X: &#8220;Expreso mi en\u00e9rgica condena y repudio al brutal ataque terrorista perpetrado por Ham\u00e1s desde la Franja de Gaza contra el Estado de Israel&#8221;.<\/h3>\n<h3>&#8220;Reciba el pueblo de Israel toda la solidaridad de este presidente y del pueblo argentino&#8221;, a\u00f1adi\u00f3. &#8220;Una vez m\u00e1s, ratificamos el compromiso de Argentina con la paz y la soluci\u00f3n pac\u00edfica de los conflictos. He dispuesto el inmediato env\u00edo de ayuda humanitaria a Israel para acompa\u00f1arlos en este dif\u00edcil momento&#8221;, indic\u00f3 el Presidente.<\/h3>\n<h3>REPERCUSIONES EN EL MUNDO<\/h3>\n<h3>A continuaci\u00f3n, las reacciones a nivel mundial, compiladas por la agencia de noticias brit\u00e1nica Reuters:<\/h3>\n<h3>PORTAVOZ DE SEGURIDAD NACIONAL DE LA CASA BLANCA:<\/h3>\n<h3>Estados Unidos &#8220;condena inequ\u00edvocamente&#8221; los ataques de Ham\u00e1s y se solidariza con el gobierno y el pueblo de Israel, inform\u00f3 el s\u00e1bado la cadena CNN, citando una declaraci\u00f3n del portavoz.<\/h3>\n<h3>LLOYD AUSTIN, SECRETARIO DE DEFENSA DE ESTADOS UNIDOS:<\/h3>\n<h3>&#8220;En los pr\u00f3ximos d\u00edas, el Departamento de Defensa trabajar\u00e1 para garantizar que Israel tenga lo que necesite para defenderse yproteger a los civiles de la violencia indiscriminada y el terrorismo&#8221;, dijo Austin en un comunicado..<\/h3>\n<h3>TOR WENNESLAND, ENVIADO DE LA ONU PARA LA PAZ EN MEDIO ORIENTE:<\/h3>\n<h3>&#8220;Se trata de un precipicio peligroso, y hago un llamamiento a todos para que nos alejemos del borde&#8221;.<\/h3>\n<h3>CANCILLER ALEM\u00c1N OLAF SCHOLZ:<\/h3>\n<h3>&#8220;Noticias aterradoras nos llegan hoy desde #Israel. Estamos profundamente conmocionados por el lanzamiento de cohetes desde Gaza y la escalada de violencia. Alemania condena estos ataques de Ham\u00e1s y est\u00e1 al lado de Israel&#8221;, dijo Scholz en las redes sociales..<\/h3>\n<h3>PRESIDENTE FRANC\u00c9S EMMANUEL MACRON:Conden\u00f3 en\u00e9rgicamente los ataques. &#8220;Expreso toda mi solidaridad con las v\u00edctimas, as\u00ed como con sus familias y sus allegados&#8221;, escribi\u00f3 en la plataforma de redes sociales X, antes conocida como Twitter..<\/h3>\n<h3>PRESIDENTE PALESTINO MAHMOUD ABBAS:<\/h3>\n<h3>El pueblo palestino tiene derecho a defenderse del &#8220;terror de los colonos y las tropas de ocupaci\u00f3n&#8221;, cit\u00f3 la agencia oficial de noticias WAFA a Abbas..<\/h3>\n<h3>ARABIA SAUDITA:<\/h3>\n<h3>El Ministerio de Asuntos Exteriores pidi\u00f3 el &#8220;cese inmediato de la violencia&#8221;, inform\u00f3 la agencia estatal de noticias. &#8220;Estamos siguiendo los\u00a0 acontecimientos sin precedentes entre varias facciones palestinas y las fuerzas de ocupaci\u00f3n israel\u00edes, que han provocado un alto nivel de violencia en varios frentes&#8221;.<\/h3>\n<h3>MINISTERIO EGIPCIO DE ASUNTOS EXTERIORES:<\/h3>\n<h3>Egipto advirti\u00f3 de las &#8220;graves consecuencias&#8221; de la escalada, en un comunicado del Ministerio de Asuntos Exteriores recogido por la agencia estatal de\u00a0 noticias. Pidi\u00f3 &#8220;ejercer la m\u00e1xima moderaci\u00f3n y evitar exponer a los civiles a m\u00e1s peligros&#8221;..<\/h3>\n<h3>MINISTRO BRIT\u00c1NICO DE ASUNTOS EXTERIORES JAMES CLEVERLY:<\/h3>\n<h3>&#8220;El Reino Unido condena inequ\u00edvocamente los horribles ataques de Ham\u00e1s contra civiles israel\u00edes. El Reino Unido siempre apoyar\u00e1 el derecho de Israel a defenderse&#8221;, dijo Cleverly en un mensaje en las redes sociales.<\/h3>\n<h3>.<\/h3>\n<h3>URSULA VON DER LEYEN, PRESIDENTA DE LA COMISI\u00d3N EUROPEA:<\/h3>\n<h3>&#8220;Condeno inequ\u00edvocamente el ataque perpetrado por los terroristas de Ham\u00e1s contra Israel. Es terrorismo en su forma m\u00e1s despreciable. Israel tiene derecho a defenderse de ataques tan atroces&#8221;, public\u00f3 en X..<\/h3>\n<h3>JOSEP BORRELL, JEFE DE LA POL\u00cdTICA EXTERIOR DE LA UNI\u00d3N EUROPEA:<\/h3>\n<h3>&#8220;Seguimos con angustia las noticias procedentes de #Israel. Condenamos inequ\u00edvocamente los ataques de Ham\u00e1s. Esta horrible violencia debe cesar inmediatamente. El terrorismo y la violencia no solucionan nada&#8221;, public\u00f3 Borrell en X..<\/h3>\n<h3>ALTO COMISIONADO DE LAS NACIONES UNIDAS PARA LOS DERECHOS HUMANOS:<\/h3>\n<h3>&#8220;Este ataque est\u00e1 teniendo un impacto horrible en los civiles israel\u00edes&#8221;, dijo Volker Tuerk en un comunicado. &#8220;Los civiles nunca deben ser el objetivo de un ataque&#8221;. Hizo un llamamiento a Israel para que evite v\u00edctimas civiles en su respuesta..<\/h3>\n<h3>PRESIDENTE TURCO TAYYIP ERDOGAN:<\/h3>\n<h3>&#8220;Pedimos contenci\u00f3n a todas las partes&#8221;, dijo Erdogan en un congreso de su partido gobernante AK en Ankara..<\/h3>\n<h3>QATAR:<\/h3>\n<h3>El Ministerio de Asuntos Exteriores afirm\u00f3 que Israel es el \u00fanico responsable de la actual escalada de violencia con el pueblo palestino. Hizo un llamamiento a ambas partes para que act\u00faen con la m\u00e1xima moderaci\u00f3n..<\/h3>\n<h3>VICEMINISTRO DE ASUNTOS EXTERIORES RUSO MIKHAIL BOGDANOV:<\/h3>\n<h3>Rusia est\u00e1 en contacto con Israel, los palestinos y los pa\u00edses \u00e1rabes en relaci\u00f3n con la escalada del conflicto palestino-israel\u00ed, inform\u00f3 la agencia de\u00a0 noticias Interfax, citando al viceministro de Asuntos Exteriores, Mijail Bogd\u00e1nov. &#8220;Huelga decir que siempre hacemos un llamamiento a la moderaci\u00f3n&#8221;, declar\u00f3..<\/h3>\n<h3>PRESIDENTE UCRANIANO VOLODIMIR ZELENSKI:<\/h3>\n<h3>Conden\u00f3 lo que calific\u00f3 de &#8220;ataque terrorista&#8221; contra Israel. En declaraciones a trav\u00e9s de la aplicaci\u00f3n de mensajer\u00eda Telegram, afirm\u00f3 que el derecho de Israel a defenderse &#8220;no puede ponerse en duda&#8221;.<\/h3>\n<h3>HEZBOL\u00c1:<\/h3>\n<h3>El grupo liban\u00e9s Hezbol\u00e1, apoyado por Ir\u00e1n y enemigo ac\u00e9rrimo de Israel, afirm\u00f3 estar en &#8220;contacto directo con los l\u00edderes de la resistencia palestina&#8221;.<\/h3>\n<h3>Describi\u00f3 los acontecimientos como una &#8220;respuesta decisiva a la continua ocupaci\u00f3n israel\u00ed y un mensaje a quienes buscan la normalizaci\u00f3n con Israel&#8221;.<\/h3>\n<h3>EMIRATOS \u00c1RABES UNIDOS:<\/h3>\n<h3>&#8220;Los EAU piden la m\u00e1xima contenci\u00f3n y un alto el fuego inmediato para evitar graves repercusiones&#8221;, cit\u00f3 la agencia oficial de noticias al Ministerio de Asuntos Exteriores.<\/h3>\n","protected":false},"excerpt":{"rendered":"<p>El mandatario argentino, Alberto Fern\u00e1ndez, conden\u00f3 el ataque de la organizaci\u00f3n palestina Ham\u00e1s a Israel&#8230;<\/p>\n","protected":false},"author":1,"featured_media":4768,"comment_status":"closed","ping_status":"closed","sticky":false,"template":"","format":"standard","meta":{"footnotes":""},"categories":[5],"tags":[],"class_list":["post-4767","post","type-post","status-publish","format-standard","has-post-thumbnail","hentry","category-nacionales-internacionales"],"yoast_head":"<!-- This site is optimized with the Yoast SEO plugin v26.1.1 - https:\/\/yoast.com\/wordpress\/plugins\/seo\/ -->\n<title>FERN\u00c1NDEZ CONDEN\u00d3 EL ATAQUE A ISRAEL Y SE COMUNIC\u00d3 CON EL PRESIDENTE DE ESE PA\u00cdS - Apuntes de San Luis<\/title>\n<meta name=\"robots\" content=\"index, follow, max-snippet:-1, max-image-preview:large, max-video-preview:-1\" \/>\n<link rel=\"canonical\" href=\"https:\/\/apuntesdesanluis.com\/index.php\/2023\/10\/07\/fernandez-condeno-el-ataque-a-israel-y-se-comunico-con-el-presidente-de-ese-pais\/\" \/>\n<meta property=\"og:locale\" content=\"es_ES\" \/>\n<meta property=\"og:type\" content=\"article\" \/>\n<meta property=\"og:title\" content=\"FERN\u00c1NDEZ CONDEN\u00d3 EL ATAQUE A ISRAEL Y SE COMUNIC\u00d3 CON EL PRESIDENTE DE ESE PA\u00cdS - Apuntes de San Luis\" \/>\n<meta property=\"og:description\" content=\"El mandatario argentino, Alberto Fern\u00e1ndez, conden\u00f3 el ataque de la organizaci\u00f3n palestina Ham\u00e1s a Israel...\" \/>\n<meta property=\"og:url\" content=\"https:\/\/apuntesdesanluis.com\/index.php\/2023\/10\/07\/fernandez-condeno-el-ataque-a-israel-y-se-comunico-con-el-presidente-de-ese-pais\/\" \/>\n<meta property=\"og:site_name\" content=\"Apuntes de San Luis\" \/>\n<meta property=\"article:published_time\" content=\"2023-10-08T00:45:23+00:00\" \/>\n<meta property=\"og:image\" content=\"https:\/\/apuntesdesanluis.com\/wp-content\/uploads\/2023\/10\/ataque-1.png\" \/>\n\t<meta property=\"og:image:width\" content=\"700\" \/>\n\t<meta property=\"og:image:height\" content=\"378\" \/>\n\t<meta property=\"og:image:type\" content=\"image\/png\" \/>\n<meta name=\"author\" content=\"apuntesdesanluis.com\" \/>\n<meta name=\"twitter:card\" content=\"summary_large_image\" \/>\n<meta name=\"twitter:label1\" content=\"Escrito por\" \/>\n\t<meta name=\"twitter:data1\" content=\"apuntesdesanluis.com\" \/>\n\t<meta name=\"twitter:label2\" content=\"Tiempo de lectura\" \/>\n\t<meta name=\"twitter:data2\" content=\"5 minutos\" \/>\n<script type=\"application\/ld+json\" class=\"yoast-schema-graph\">{\"@context\":\"https:\/\/schema.org\",\"@graph\":[{\"@type\":\"Article\",\"@id\":\"https:\/\/apuntesdesanluis.com\/index.php\/2023\/10\/07\/fernandez-condeno-el-ataque-a-israel-y-se-comunico-con-el-presidente-de-ese-pais\/#article\",\"isPartOf\":{\"@id\":\"https:\/\/apuntesdesanluis.com\/index.php\/2023\/10\/07\/fernandez-condeno-el-ataque-a-israel-y-se-comunico-con-el-presidente-de-ese-pais\/\"},\"author\":{\"name\":\"apuntesdesanluis.com\",\"@id\":\"https:\/\/apuntesdesanluis.com\/#\/schema\/person\/b55151d52296fcce64d1a72538a70b90\"},\"headline\":\"FERN\u00c1NDEZ CONDEN\u00d3 EL ATAQUE A ISRAEL Y SE COMUNIC\u00d3 CON EL PRESIDENTE DE ESE PA\u00cdS\",\"datePublished\":\"2023-10-08T00:45:23+00:00\",\"mainEntityOfPage\":{\"@id\":\"https:\/\/apuntesdesanluis.com\/index.php\/2023\/10\/07\/fernandez-condeno-el-ataque-a-israel-y-se-comunico-con-el-presidente-de-ese-pais\/\"},\"wordCount\":1006,\"publisher\":{\"@id\":\"https:\/\/apuntesdesanluis.com\/#\/schema\/person\/b55151d52296fcce64d1a72538a70b90\"},\"image\":{\"@id\":\"https:\/\/apuntesdesanluis.com\/index.php\/2023\/10\/07\/fernandez-condeno-el-ataque-a-israel-y-se-comunico-con-el-presidente-de-ese-pais\/#primaryimage\"},\"thumbnailUrl\":\"https:\/\/apuntesdesanluis.com\/wp-content\/uploads\/2023\/10\/ataque-1.png\",\"articleSection\":[\"Nacionales\/Internacionales\"],\"inLanguage\":\"es-AR\"},{\"@type\":\"WebPage\",\"@id\":\"https:\/\/apuntesdesanluis.com\/index.php\/2023\/10\/07\/fernandez-condeno-el-ataque-a-israel-y-se-comunico-con-el-presidente-de-ese-pais\/\",\"url\":\"https:\/\/apuntesdesanluis.com\/index.php\/2023\/10\/07\/fernandez-condeno-el-ataque-a-israel-y-se-comunico-con-el-presidente-de-ese-pais\/\",\"name\":\"FERN\u00c1NDEZ CONDEN\u00d3 EL ATAQUE A ISRAEL Y SE COMUNIC\u00d3 CON EL PRESIDENTE DE ESE PA\u00cdS - Apuntes de San Luis\",\"isPartOf\":{\"@id\":\"https:\/\/apuntesdesanluis.com\/#website\"},\"primaryImageOfPage\":{\"@id\":\"https:\/\/apuntesdesanluis.com\/index.php\/2023\/10\/07\/fernandez-condeno-el-ataque-a-israel-y-se-comunico-con-el-presidente-de-ese-pais\/#primaryimage\"},\"image\":{\"@id\":\"https:\/\/apuntesdesanluis.com\/index.php\/2023\/10\/07\/fernandez-condeno-el-ataque-a-israel-y-se-comunico-con-el-presidente-de-ese-pais\/#primaryimage\"},\"thumbnailUrl\":\"https:\/\/apuntesdesanluis.com\/wp-content\/uploads\/2023\/10\/ataque-1.png\",\"datePublished\":\"2023-10-08T00:45:23+00:00\",\"breadcrumb\":{\"@id\":\"https:\/\/apuntesdesanluis.com\/index.php\/2023\/10\/07\/fernandez-condeno-el-ataque-a-israel-y-se-comunico-con-el-presidente-de-ese-pais\/#breadcrumb\"},\"inLanguage\":\"es-AR\",\"potentialAction\":[{\"@type\":\"ReadAction\",\"target\":[\"https:\/\/apuntesdesanluis.com\/index.php\/2023\/10\/07\/fernandez-condeno-el-ataque-a-israel-y-se-comunico-con-el-presidente-de-ese-pais\/\"]}]},{\"@type\":\"ImageObject\",\"inLanguage\":\"es-AR\",\"@id\":\"https:\/\/apuntesdesanluis.com\/index.php\/2023\/10\/07\/fernandez-condeno-el-ataque-a-israel-y-se-comunico-con-el-presidente-de-ese-pais\/#primaryimage\",\"url\":\"https:\/\/apuntesdesanluis.com\/wp-content\/uploads\/2023\/10\/ataque-1.png\",\"contentUrl\":\"https:\/\/apuntesdesanluis.com\/wp-content\/uploads\/2023\/10\/ataque-1.png\",\"width\":700,\"height\":378},{\"@type\":\"BreadcrumbList\",\"@id\":\"https:\/\/apuntesdesanluis.com\/index.php\/2023\/10\/07\/fernandez-condeno-el-ataque-a-israel-y-se-comunico-con-el-presidente-de-ese-pais\/#breadcrumb\",\"itemListElement\":[{\"@type\":\"ListItem\",\"position\":1,\"name\":\"Inicio\",\"item\":\"https:\/\/apuntesdesanluis.com\/\"},{\"@type\":\"ListItem\",\"position\":2,\"name\":\"FERN\u00c1NDEZ CONDEN\u00d3 EL ATAQUE A ISRAEL Y SE COMUNIC\u00d3 CON EL PRESIDENTE DE ESE PA\u00cdS\"}]},{\"@type\":\"WebSite\",\"@id\":\"https:\/\/apuntesdesanluis.com\/#website\",\"url\":\"https:\/\/apuntesdesanluis.com\/\",\"name\":\"Apuntes de San Luis\",\"description\":\"\",\"publisher\":{\"@id\":\"https:\/\/apuntesdesanluis.com\/#\/schema\/person\/b55151d52296fcce64d1a72538a70b90\"},\"potentialAction\":[{\"@type\":\"SearchAction\",\"target\":{\"@type\":\"EntryPoint\",\"urlTemplate\":\"https:\/\/apuntesdesanluis.com\/?s={search_term_string}\"},\"query-input\":{\"@type\":\"PropertyValueSpecification\",\"valueRequired\":true,\"valueName\":\"search_term_string\"}}],\"inLanguage\":\"es-AR\"},{\"@type\":[\"Person\",\"Organization\"],\"@id\":\"https:\/\/apuntesdesanluis.com\/#\/schema\/person\/b55151d52296fcce64d1a72538a70b90\",\"name\":\"apuntesdesanluis.com\",\"image\":{\"@type\":\"ImageObject\",\"inLanguage\":\"es-AR\",\"@id\":\"https:\/\/apuntesdesanluis.com\/#\/schema\/person\/image\/\",\"url\":\"https:\/\/apuntesdesanluis.com\/wp-content\/uploads\/2023\/07\/cropped-apuntesdesanluis.png\",\"contentUrl\":\"https:\/\/apuntesdesanluis.com\/wp-content\/uploads\/2023\/07\/cropped-apuntesdesanluis.png\",\"width\":450,\"height\":112,\"caption\":\"apuntesdesanluis.com\"},\"logo\":{\"@id\":\"https:\/\/apuntesdesanluis.com\/#\/schema\/person\/image\/\"},\"sameAs\":[\"https:\/\/apuntesdesanluis.com\"],\"url\":\"https:\/\/apuntesdesanluis.com\/index.php\/author\/apuntesdesanluis-com\/\"}]}<\/script>\n<!-- \/ Yoast SEO plugin. -->","yoast_head_json":{"title":"FERN\u00c1NDEZ CONDEN\u00d3 EL ATAQUE A ISRAEL Y SE COMUNIC\u00d3 CON EL PRESIDENTE DE ESE PA\u00cdS - Apuntes de San Luis","robots":{"index":"index","follow":"follow","max-snippet":"max-snippet:-1","max-image-preview":"max-image-preview:large","max-video-preview":"max-video-preview:-1"},"canonical":"https:\/\/apuntesdesanluis.com\/index.php\/2023\/10\/07\/fernandez-condeno-el-ataque-a-israel-y-se-comunico-con-el-presidente-de-ese-pais\/","og_locale":"es_ES","og_type":"article","og_title":"FERN\u00c1NDEZ CONDEN\u00d3 EL ATAQUE A ISRAEL Y SE COMUNIC\u00d3 CON EL PRESIDENTE DE ESE PA\u00cdS - Apuntes de San Luis","og_description":"El mandatario argentino, Alberto Fern\u00e1ndez, conden\u00f3 el ataque de la organizaci\u00f3n palestina Ham\u00e1s a Israel...","og_url":"https:\/\/apuntesdesanluis.com\/index.php\/2023\/10\/07\/fernandez-condeno-el-ataque-a-israel-y-se-comunico-con-el-presidente-de-ese-pais\/","og_site_name":"Apuntes de San Luis","article_published_time":"2023-10-08T00:45:23+00:00","og_image":[{"width":700,"height":378,"url":"https:\/\/apuntesdesanluis.com\/wp-content\/uploads\/2023\/10\/ataque-1.png","type":"image\/png"}],"author":"apuntesdesanluis.com","twitter_card":"summary_large_image","twitter_misc":{"Escrito por":"apuntesdesanluis.com","Tiempo de lectura":"5 minutos"},"schema":{"@context":"https:\/\/schema.org","@graph":[{"@type":"Article","@id":"https:\/\/apuntesdesanluis.com\/index.php\/2023\/10\/07\/fernandez-condeno-el-ataque-a-israel-y-se-comunico-con-el-presidente-de-ese-pais\/#article","isPartOf":{"@id":"https:\/\/apuntesdesanluis.com\/index.php\/2023\/10\/07\/fernandez-condeno-el-ataque-a-israel-y-se-comunico-con-el-presidente-de-ese-pais\/"},"author":{"name":"apuntesdesanluis.com","@id":"https:\/\/apuntesdesanluis.com\/#\/schema\/person\/b55151d52296fcce64d1a72538a70b90"},"headline":"FERN\u00c1NDEZ CONDEN\u00d3 EL ATAQUE A ISRAEL Y SE COMUNIC\u00d3 CON EL PRESIDENTE DE ESE PA\u00cdS","datePublished":"2023-10-08T00:45:23+00:00","mainEntityOfPage":{"@id":"https:\/\/apuntesdesanluis.com\/index.php\/2023\/10\/07\/fernandez-condeno-el-ataque-a-israel-y-se-comunico-con-el-presidente-de-ese-pais\/"},"wordCount":1006,"publisher":{"@id":"https:\/\/apuntesdesanluis.com\/#\/schema\/person\/b55151d52296fcce64d1a72538a70b90"},"image":{"@id":"https:\/\/apuntesdesanluis.com\/index.php\/2023\/10\/07\/fernandez-condeno-el-ataque-a-israel-y-se-comunico-con-el-presidente-de-ese-pais\/#primaryimage"},"thumbnailUrl":"https:\/\/apuntesdesanluis.com\/wp-content\/uploads\/2023\/10\/ataque-1.png","articleSection":["Nacionales\/Internacionales"],"inLanguage":"es-AR"},{"@type":"WebPage","@id":"https:\/\/apuntesdesanluis.com\/index.php\/2023\/10\/07\/fernandez-condeno-el-ataque-a-israel-y-se-comunico-con-el-presidente-de-ese-pais\/","url":"https:\/\/apuntesdesanluis.com\/index.php\/2023\/10\/07\/fernandez-condeno-el-ataque-a-israel-y-se-comunico-con-el-presidente-de-ese-pais\/","name":"FERN\u00c1NDEZ CONDEN\u00d3 EL ATAQUE A ISRAEL Y SE COMUNIC\u00d3 CON EL PRESIDENTE DE ESE PA\u00cdS - Apuntes de San Luis","isPartOf":{"@id":"https:\/\/apuntesdesanluis.com\/#website"},"primaryImageOfPage":{"@id":"https:\/\/apuntesdesanluis.com\/index.php\/2023\/10\/07\/fernandez-condeno-el-ataque-a-israel-y-se-comunico-con-el-presidente-de-ese-pais\/#primaryimage"},"image":{"@id":"https:\/\/apuntesdesanluis.com\/index.php\/2023\/10\/07\/fernandez-condeno-el-ataque-a-israel-y-se-comunico-con-el-presidente-de-ese-pais\/#primaryimage"},"thumbnailUrl":"https:\/\/apuntesdesanluis.com\/wp-content\/uploads\/2023\/10\/ataque-1.png","datePublished":"2023-10-08T00:45:23+00:00","breadcrumb":{"@id":"https:\/\/apuntesdesanluis.com\/index.php\/2023\/10\/07\/fernandez-condeno-el-ataque-a-israel-y-se-comunico-con-el-presidente-de-ese-pais\/#breadcrumb"},"inLanguage":"es-AR","potentialAction":[{"@type":"ReadAction","target":["https:\/\/apuntesdesanluis.com\/index.php\/2023\/10\/07\/fernandez-condeno-el-ataque-a-israel-y-se-comunico-con-el-presidente-de-ese-pais\/"]}]},{"@type":"ImageObject","inLanguage":"es-AR","@id":"https:\/\/apuntesdesanluis.com\/index.php\/2023\/10\/07\/fernandez-condeno-el-ataque-a-israel-y-se-comunico-con-el-presidente-de-ese-pais\/#primaryimage","url":"https:\/\/apuntesdesanluis.com\/wp-content\/uploads\/2023\/10\/ataque-1.png","contentUrl":"https:\/\/apuntesdesanluis.com\/wp-content\/uploads\/2023\/10\/ataque-1.png","width":700,"height":378},{"@type":"BreadcrumbList","@id":"https:\/\/apuntesdesanluis.com\/index.php\/2023\/10\/07\/fernandez-condeno-el-ataque-a-israel-y-se-comunico-con-el-presidente-de-ese-pais\/#breadcrumb","itemListElement":[{"@type":"ListItem","position":1,"name":"Inicio","item":"https:\/\/apuntesdesanluis.com\/"},{"@type":"ListItem","position":2,"name":"FERN\u00c1NDEZ CONDEN\u00d3 EL ATAQUE A ISRAEL Y SE COMUNIC\u00d3 CON EL PRESIDENTE DE ESE PA\u00cdS"}]},{"@type":"WebSite","@id":"https:\/\/apuntesdesanluis.com\/#website","url":"https:\/\/apuntesdesanluis.com\/","name":"Apuntes de San Luis","description":"","publisher":{"@id":"https:\/\/apuntesdesanluis.com\/#\/schema\/person\/b55151d52296fcce64d1a72538a70b90"},"potentialAction":[{"@type":"SearchAction","target":{"@type":"EntryPoint","urlTemplate":"https:\/\/apuntesdesanluis.com\/?s={search_term_string}"},"query-input":{"@type":"PropertyValueSpecification","valueRequired":true,"valueName":"search_term_string"}}],"inLanguage":"es-AR"},{"@type":["Person","Organization"],"@id":"https:\/\/apuntesdesanluis.com\/#\/schema\/person\/b55151d52296fcce64d1a72538a70b90","name":"apuntesdesanluis.com","image":{"@type":"ImageObject","inLanguage":"es-AR","@id":"https:\/\/apuntesdesanluis.com\/#\/schema\/person\/image\/","url":"https:\/\/apuntesdesanluis.com\/wp-content\/uploads\/2023\/07\/cropped-apuntesdesanluis.png","contentUrl":"https:\/\/apuntesdesanluis.com\/wp-content\/uploads\/2023\/07\/cropped-apuntesdesanluis.png","width":450,"height":112,"caption":"apuntesdesanluis.com"},"logo":{"@id":"https:\/\/apuntesdesanluis.com\/#\/schema\/person\/image\/"},"sameAs":["https:\/\/apuntesdesanluis.com"],"url":"https:\/\/apuntesdesanluis.com\/index.php\/author\/apuntesdesanluis-com\/"}]}},"featured_image_urls":{"full":["https:\/\/apuntesdesanluis.com\/wp-content\/uploads\/2023\/10\/ataque-1.png",700,378,false],"thumbnail":["https:\/\/apuntesdesanluis.com\/wp-content\/uploads\/2023\/10\/ataque-1-150x150.png",150,150,true],"medium":["https:\/\/apuntesdesanluis.com\/wp-content\/uploads\/2023\/10\/ataque-1-300x162.png",300,162,true],"medium_large":["https:\/\/apuntesdesanluis.com\/wp-content\/uploads\/2023\/10\/ataque-1.png",640,346,false],"large":["https:\/\/apuntesdesanluis.com\/wp-content\/uploads\/2023\/10\/ataque-1.png",640,346,false],"1536x1536":["https:\/\/apuntesdesanluis.com\/wp-content\/uploads\/2023\/10\/ataque-1.png",700,378,false],"2048x2048":["https:\/\/apuntesdesanluis.com\/wp-content\/uploads\/2023\/10\/ataque-1.png",700,378,false],"newsever-slider-full":["https:\/\/apuntesdesanluis.com\/wp-content\/uploads\/2023\/10\/ataque-1.png",700,378,false],"newsever-featured":["https:\/\/apuntesdesanluis.com\/wp-content\/uploads\/2023\/10\/ataque-1.png",700,378,false],"newsever-medium":["https:\/\/apuntesdesanluis.com\/wp-content\/uploads\/2023\/10\/ataque-1.png",700,378,false]},"author_info":{"display_name":"apuntesdesanluis.com","author_link":"https:\/\/apuntesdesanluis.com\/index.php\/author\/apuntesdesanluis-com\/"},"category_info":"<a href=\"https:\/\/apuntesdesanluis.com\/index.php\/category\/nacionales-internacionales\/\" rel=\"category tag\">Nacionales\/Internacionales<\/a>","tag_info":"Nacionales\/Internacionales","comment_count":"0","_links":{"self":[{"href":"https:\/\/apuntesdesanluis.com\/index.php\/wp-json\/wp\/v2\/posts\/4767","targetHints":{"allow":["GET"]}}],"collection":[{"href":"https:\/\/apuntesdesanluis.com\/index.php\/wp-json\/wp\/v2\/posts"}],"about":[{"href":"https:\/\/apuntesdesanluis.com\/index.php\/wp-json\/wp\/v2\/types\/post"}],"author":[{"embeddable":true,"href":"https:\/\/apuntesdesanluis.com\/index.php\/wp-json\/wp\/v2\/users\/1"}],"replies":[{"embeddable":true,"href":"https:\/\/apuntesdesanluis.com\/index.php\/wp-json\/wp\/v2\/comments?post=4767"}],"version-history":[{"count":1,"href":"https:\/\/apuntesdesanluis.com\/index.php\/wp-json\/wp\/v2\/posts\/4767\/revisions"}],"predecessor-version":[{"id":4769,"href":"https:\/\/apuntesdesanluis.com\/index.php\/wp-json\/wp\/v2\/posts\/4767\/revisions\/4769"}],"wp:featuredmedia":[{"embeddable":true,"href":"https:\/\/apuntesdesanluis.com\/index.php\/wp-json\/wp\/v2\/media\/4768"}],"wp:attachment":[{"href":"https:\/\/apuntesdesanluis.com\/index.php\/wp-json\/wp\/v2\/media?parent=4767"}],"wp:term":[{"taxonomy":"category","embeddable":true,"href":"https:\/\/apuntesdesanluis.com\/index.php\/wp-json\/wp\/v2\/categories?post=4767"},{"taxonomy":"post_tag","embeddable":true,"href":"https:\/\/apuntesdesanluis.com\/index.php\/wp-json\/wp\/v2\/tags?post=4767"}],"curies":[{"name":"wp","href":"https:\/\/api.w.org\/{rel}","templated":true}]}}