{"id":4787,"date":"2023-10-09T07:37:55","date_gmt":"2023-10-09T10:37:55","guid":{"rendered":"https:\/\/apuntesdesanluis.com\/?p=4787"},"modified":"2023-10-09T07:37:55","modified_gmt":"2023-10-09T10:37:55","slug":"ataque-de-hamas-a-israel-ascienden-a-cinco-los-argentinos-asesinados-y-hay-tres-desaparecidos","status":"publish","type":"post","link":"https:\/\/apuntesdesanluis.com\/index.php\/2023\/10\/09\/ataque-de-hamas-a-israel-ascienden-a-cinco-los-argentinos-asesinados-y-hay-tres-desaparecidos\/","title":{"rendered":"ATAQUE DE HAMAS A ISRAEL: ASCIENDEN A CINCO LOS ARGENTINOS ASESINADOS Y HAY TRES DESAPARECIDOS"},"content":{"rendered":"<h3>Una mujer argentina de 80 a\u00f1os falleci\u00f3 este domingo tras un ataque de Hamas en el kibbutz de Ein Hashlosh\u00e1, a 17 kil\u00f3metros de Gaza, y ya son cuatro los argentinos fallecidos por el ataque de ese grupo terrorista isl\u00e1mico a Israel. Lo confirmaron a los medios fuentes de esa granja agr\u00edcola colectiva. Adem\u00e1s, buscan intensamente a tres argentinos que est\u00e1n desaparecidos desde el s\u00e1bado.<\/h3>\n<h3>La tercera v\u00edctima fatal del ataque terrorista fue identificada como <strong>Silvia Mikanoski de Mirensky<\/strong>, una jubilada que hab\u00eda nacido en la localidad de Rivera, en la provincia de Buenos Aires y viv\u00eda en el kibbutz de Ein Hashlosh\u00e1, que fue bombardeada en la madrugada del s\u00e1bado.<\/h3>\n<h3>\u201cPrendieron fuego el refugio donde se hab\u00eda escondido\u201d, dijeron las fuentes al confirmar el deceso.<\/h3>\n<h3>De acuerdo a las primeras informaciones oficiales, la explosi\u00f3n habr\u00eda roto el vidrio del cuarto de seguridad y por all\u00ed entr\u00f3 un objeto que prendi\u00f3 fuego toda la habitaci\u00f3n. Silvia no habr\u00eda tenido tiempo de escapar del lugar.<\/h3>\n<h3>Por otro lado, se confirm\u00f3 este domingo por la tarde que ya son cinco los argentinos fallecidos en ataque terrorista de Hamas contra Israel. La cuarta v\u00edctima fue identificada como <strong>Ronit Rudman<\/strong>, de 55 a\u00f1os y que estaba casada con <strong>Roland Sultan<\/strong>, quien tambi\u00e9n falleci\u00f3 en el atentado. Adem\u00e1s, hay al menos dos desaparecidos.<\/h3>\n<h3><img fetchpriority=\"high\" decoding=\"async\" class=\"wp-image-4790 aligncenter\" src=\"https:\/\/apuntesdesanluis.com\/wp-content\/uploads\/2023\/10\/pareja-300x233.png\" alt=\"\" width=\"708\" height=\"550\" srcset=\"https:\/\/apuntesdesanluis.com\/wp-content\/uploads\/2023\/10\/pareja-300x233.png 300w, https:\/\/apuntesdesanluis.com\/wp-content\/uploads\/2023\/10\/pareja.png 513w\" sizes=\"(max-width: 708px) 100vw, 708px\" \/><\/h3>\n<h3>\u201cLa cabeza no logra entender, el coraz\u00f3n llora y las palabras dejan de salir de tanto dolor, mi querido hermano y mi cu\u00f1ada fueron asesinados. Dios vengar\u00e1 su sangre. Rolan hijo de Berta y Ronit hija de Sarah\u201d, poste\u00f3 Nathalie Sultan en Facebook, con fotos de su hermana y su esposa.<\/h3>\n<h3>La muerte de la jubilada de 80 a\u00f1os, de Rudman y su esposo se suman a las de <strong>Abi Korin<\/strong>, hijo de un referente de la comunidad jud\u00eda en la Argentina, y <strong>Rodolfo Fabi\u00e1n Skariszewski<\/strong>, de 56 a\u00f1os, los otros dos argentinos que fallecieron por los ataques terroristas del Hamas que comenzaron durante las primeras horas del s\u00e1bado.<\/h3>\n<h3>BUSCAN A DOS ARGENTINOS DESAPARECIDOS<\/h3>\n<h3>En paralelo, Itzik Horn -periodista y corresponsal argentino en Israel- busca desesperadamente a sus dos hijos: Iair y Eitan. Ambos estaban en el Kibutz Nir Oz, cercano a la Franja de Gaza cuando comenzaron los ataques.<\/h3>\n<h3><img decoding=\"async\" class=\"wp-image-4789 aligncenter\" src=\"https:\/\/apuntesdesanluis.com\/wp-content\/uploads\/2023\/10\/desaparecidos-300x192.png\" alt=\"\" width=\"730\" height=\"467\" srcset=\"https:\/\/apuntesdesanluis.com\/wp-content\/uploads\/2023\/10\/desaparecidos-300x192.png 300w, https:\/\/apuntesdesanluis.com\/wp-content\/uploads\/2023\/10\/desaparecidos.png 600w\" sizes=\"(max-width: 730px) 100vw, 730px\" \/><\/h3>\n<h4 style=\"text-align: center;\"><em>Iair y Eitan Horn, dos argentinos desaparecidos desde ayer en Israel.<\/em><\/h4>\n<h3>\u201cNo tengo ninguna noticia, publicamos las fotos en todas las redes, entre amistades que tenemos en Israel, en Argentina y en otros pa\u00edses; la mayor\u00eda de la gente se enter\u00f3 de que a sus familiares los secuestraron viendo las filmaciones de Hamas, y en ninguna de esas pel\u00edculas alcanc\u00e9 a ver a mis hijos\u201d, se\u00f1al\u00f3 Horn a la radio La Once Diez.<\/h3>\n<h3>El periodista cont\u00f3 sus hijos est\u00e1n desaparecidos desde el s\u00e1bado \u201ccuando los guerrilleros entraron al Kibut. No hay nombres de desaparecidos, nadie del gobierno se ha comunicado. No le deseo a nadie lo que estoy pasando\u201d, afirm\u00f3.<\/h3>\n<h3>El Gobierno, a trav\u00e9s de Canciller\u00eda, comunic\u00f3 un n\u00famero de tel\u00e9fono de emergencia para consultar sobre argentinos en territorio de Israel. \u201cSe informa que el Consulado General en Tel Aviv tiene disponible el tel\u00e9fono de guardia consular de emergencias: + 972 52 597 8359 (n\u00famero local)\u201d, indicaron a trav\u00e9s de las redes sociales. Tambi\u00e9n se puso a disposici\u00f3n una casilla de correo: <span style=\"color: #3366ff;\"><a style=\"color: #3366ff;\" href=\"mailto:consultasargentinosisrael@mrecic.gob.ar\">consultasargentinosisrael@mrecic.gob.ar<\/a><\/span><\/h3>\n","protected":false},"excerpt":{"rendered":"<p>Una mujer argentina de 80 a\u00f1os falleci\u00f3 este domingo tras un ataque de Hamas en&#8230;<\/p>\n","protected":false},"author":1,"featured_media":4788,"comment_status":"closed","ping_status":"closed","sticky":false,"template":"","format":"standard","meta":{"footnotes":""},"categories":[5],"tags":[],"class_list":["post-4787","post","type-post","status-publish","format-standard","has-post-thumbnail","hentry","category-nacionales-internacionales"],"yoast_head":"<!-- This site is optimized with the Yoast SEO plugin v26.1.1 - https:\/\/yoast.com\/wordpress\/plugins\/seo\/ -->\n<title>ATAQUE DE HAMAS A ISRAEL: ASCIENDEN A CINCO LOS ARGENTINOS ASESINADOS Y HAY TRES DESAPARECIDOS - Apuntes de San Luis<\/title>\n<meta name=\"robots\" content=\"index, follow, max-snippet:-1, max-image-preview:large, max-video-preview:-1\" \/>\n<link rel=\"canonical\" href=\"https:\/\/apuntesdesanluis.com\/index.php\/2023\/10\/09\/ataque-de-hamas-a-israel-ascienden-a-cinco-los-argentinos-asesinados-y-hay-tres-desaparecidos\/\" \/>\n<meta property=\"og:locale\" content=\"es_ES\" \/>\n<meta property=\"og:type\" content=\"article\" \/>\n<meta property=\"og:title\" content=\"ATAQUE DE HAMAS A ISRAEL: ASCIENDEN A CINCO LOS ARGENTINOS ASESINADOS Y HAY TRES DESAPARECIDOS - Apuntes de San Luis\" \/>\n<meta property=\"og:description\" content=\"Una mujer argentina de 80 a\u00f1os falleci\u00f3 este domingo tras un ataque de Hamas en...\" \/>\n<meta property=\"og:url\" content=\"https:\/\/apuntesdesanluis.com\/index.php\/2023\/10\/09\/ataque-de-hamas-a-israel-ascienden-a-cinco-los-argentinos-asesinados-y-hay-tres-desaparecidos\/\" \/>\n<meta property=\"og:site_name\" content=\"Apuntes de San Luis\" \/>\n<meta property=\"article:published_time\" content=\"2023-10-09T10:37:55+00:00\" \/>\n<meta property=\"og:image\" content=\"https:\/\/apuntesdesanluis.com\/wp-content\/uploads\/2023\/10\/jubilada.png\" \/>\n\t<meta property=\"og:image:width\" content=\"662\" \/>\n\t<meta property=\"og:image:height\" content=\"352\" \/>\n\t<meta property=\"og:image:type\" content=\"image\/png\" \/>\n<meta name=\"author\" content=\"apuntesdesanluis.com\" \/>\n<meta name=\"twitter:card\" content=\"summary_large_image\" \/>\n<meta name=\"twitter:label1\" content=\"Escrito por\" \/>\n\t<meta name=\"twitter:data1\" content=\"apuntesdesanluis.com\" \/>\n\t<meta name=\"twitter:label2\" content=\"Tiempo de lectura\" \/>\n\t<meta name=\"twitter:data2\" content=\"3 minutos\" \/>\n<script type=\"application\/ld+json\" class=\"yoast-schema-graph\">{\"@context\":\"https:\/\/schema.org\",\"@graph\":[{\"@type\":\"Article\",\"@id\":\"https:\/\/apuntesdesanluis.com\/index.php\/2023\/10\/09\/ataque-de-hamas-a-israel-ascienden-a-cinco-los-argentinos-asesinados-y-hay-tres-desaparecidos\/#article\",\"isPartOf\":{\"@id\":\"https:\/\/apuntesdesanluis.com\/index.php\/2023\/10\/09\/ataque-de-hamas-a-israel-ascienden-a-cinco-los-argentinos-asesinados-y-hay-tres-desaparecidos\/\"},\"author\":{\"name\":\"apuntesdesanluis.com\",\"@id\":\"https:\/\/apuntesdesanluis.com\/#\/schema\/person\/b55151d52296fcce64d1a72538a70b90\"},\"headline\":\"ATAQUE DE HAMAS A ISRAEL: ASCIENDEN A CINCO LOS ARGENTINOS ASESINADOS Y HAY TRES DESAPARECIDOS\",\"datePublished\":\"2023-10-09T10:37:55+00:00\",\"mainEntityOfPage\":{\"@id\":\"https:\/\/apuntesdesanluis.com\/index.php\/2023\/10\/09\/ataque-de-hamas-a-israel-ascienden-a-cinco-los-argentinos-asesinados-y-hay-tres-desaparecidos\/\"},\"wordCount\":591,\"publisher\":{\"@id\":\"https:\/\/apuntesdesanluis.com\/#\/schema\/person\/b55151d52296fcce64d1a72538a70b90\"},\"image\":{\"@id\":\"https:\/\/apuntesdesanluis.com\/index.php\/2023\/10\/09\/ataque-de-hamas-a-israel-ascienden-a-cinco-los-argentinos-asesinados-y-hay-tres-desaparecidos\/#primaryimage\"},\"thumbnailUrl\":\"https:\/\/apuntesdesanluis.com\/wp-content\/uploads\/2023\/10\/jubilada.png\",\"articleSection\":[\"Nacionales\/Internacionales\"],\"inLanguage\":\"es-AR\"},{\"@type\":\"WebPage\",\"@id\":\"https:\/\/apuntesdesanluis.com\/index.php\/2023\/10\/09\/ataque-de-hamas-a-israel-ascienden-a-cinco-los-argentinos-asesinados-y-hay-tres-desaparecidos\/\",\"url\":\"https:\/\/apuntesdesanluis.com\/index.php\/2023\/10\/09\/ataque-de-hamas-a-israel-ascienden-a-cinco-los-argentinos-asesinados-y-hay-tres-desaparecidos\/\",\"name\":\"ATAQUE DE HAMAS A ISRAEL: ASCIENDEN A CINCO LOS ARGENTINOS ASESINADOS Y HAY TRES DESAPARECIDOS - Apuntes de San Luis\",\"isPartOf\":{\"@id\":\"https:\/\/apuntesdesanluis.com\/#website\"},\"primaryImageOfPage\":{\"@id\":\"https:\/\/apuntesdesanluis.com\/index.php\/2023\/10\/09\/ataque-de-hamas-a-israel-ascienden-a-cinco-los-argentinos-asesinados-y-hay-tres-desaparecidos\/#primaryimage\"},\"image\":{\"@id\":\"https:\/\/apuntesdesanluis.com\/index.php\/2023\/10\/09\/ataque-de-hamas-a-israel-ascienden-a-cinco-los-argentinos-asesinados-y-hay-tres-desaparecidos\/#primaryimage\"},\"thumbnailUrl\":\"https:\/\/apuntesdesanluis.com\/wp-content\/uploads\/2023\/10\/jubilada.png\",\"datePublished\":\"2023-10-09T10:37:55+00:00\",\"breadcrumb\":{\"@id\":\"https:\/\/apuntesdesanluis.com\/index.php\/2023\/10\/09\/ataque-de-hamas-a-israel-ascienden-a-cinco-los-argentinos-asesinados-y-hay-tres-desaparecidos\/#breadcrumb\"},\"inLanguage\":\"es-AR\",\"potentialAction\":[{\"@type\":\"ReadAction\",\"target\":[\"https:\/\/apuntesdesanluis.com\/index.php\/2023\/10\/09\/ataque-de-hamas-a-israel-ascienden-a-cinco-los-argentinos-asesinados-y-hay-tres-desaparecidos\/\"]}]},{\"@type\":\"ImageObject\",\"inLanguage\":\"es-AR\",\"@id\":\"https:\/\/apuntesdesanluis.com\/index.php\/2023\/10\/09\/ataque-de-hamas-a-israel-ascienden-a-cinco-los-argentinos-asesinados-y-hay-tres-desaparecidos\/#primaryimage\",\"url\":\"https:\/\/apuntesdesanluis.com\/wp-content\/uploads\/2023\/10\/jubilada.png\",\"contentUrl\":\"https:\/\/apuntesdesanluis.com\/wp-content\/uploads\/2023\/10\/jubilada.png\",\"width\":662,\"height\":352},{\"@type\":\"BreadcrumbList\",\"@id\":\"https:\/\/apuntesdesanluis.com\/index.php\/2023\/10\/09\/ataque-de-hamas-a-israel-ascienden-a-cinco-los-argentinos-asesinados-y-hay-tres-desaparecidos\/#breadcrumb\",\"itemListElement\":[{\"@type\":\"ListItem\",\"position\":1,\"name\":\"Inicio\",\"item\":\"https:\/\/apuntesdesanluis.com\/\"},{\"@type\":\"ListItem\",\"position\":2,\"name\":\"ATAQUE DE HAMAS A ISRAEL: ASCIENDEN A CINCO LOS ARGENTINOS ASESINADOS Y HAY TRES DESAPARECIDOS\"}]},{\"@type\":\"WebSite\",\"@id\":\"https:\/\/apuntesdesanluis.com\/#website\",\"url\":\"https:\/\/apuntesdesanluis.com\/\",\"name\":\"Apuntes de San Luis\",\"description\":\"\",\"publisher\":{\"@id\":\"https:\/\/apuntesdesanluis.com\/#\/schema\/person\/b55151d52296fcce64d1a72538a70b90\"},\"potentialAction\":[{\"@type\":\"SearchAction\",\"target\":{\"@type\":\"EntryPoint\",\"urlTemplate\":\"https:\/\/apuntesdesanluis.com\/?s={search_term_string}\"},\"query-input\":{\"@type\":\"PropertyValueSpecification\",\"valueRequired\":true,\"valueName\":\"search_term_string\"}}],\"inLanguage\":\"es-AR\"},{\"@type\":[\"Person\",\"Organization\"],\"@id\":\"https:\/\/apuntesdesanluis.com\/#\/schema\/person\/b55151d52296fcce64d1a72538a70b90\",\"name\":\"apuntesdesanluis.com\",\"image\":{\"@type\":\"ImageObject\",\"inLanguage\":\"es-AR\",\"@id\":\"https:\/\/apuntesdesanluis.com\/#\/schema\/person\/image\/\",\"url\":\"https:\/\/apuntesdesanluis.com\/wp-content\/uploads\/2023\/07\/cropped-apuntesdesanluis.png\",\"contentUrl\":\"https:\/\/apuntesdesanluis.com\/wp-content\/uploads\/2023\/07\/cropped-apuntesdesanluis.png\",\"width\":450,\"height\":112,\"caption\":\"apuntesdesanluis.com\"},\"logo\":{\"@id\":\"https:\/\/apuntesdesanluis.com\/#\/schema\/person\/image\/\"},\"sameAs\":[\"https:\/\/apuntesdesanluis.com\"],\"url\":\"https:\/\/apuntesdesanluis.com\/index.php\/author\/apuntesdesanluis-com\/\"}]}<\/script>\n<!-- \/ Yoast SEO plugin. -->","yoast_head_json":{"title":"ATAQUE DE HAMAS A ISRAEL: ASCIENDEN A CINCO LOS ARGENTINOS ASESINADOS Y HAY TRES DESAPARECIDOS - Apuntes de San Luis","robots":{"index":"index","follow":"follow","max-snippet":"max-snippet:-1","max-image-preview":"max-image-preview:large","max-video-preview":"max-video-preview:-1"},"canonical":"https:\/\/apuntesdesanluis.com\/index.php\/2023\/10\/09\/ataque-de-hamas-a-israel-ascienden-a-cinco-los-argentinos-asesinados-y-hay-tres-desaparecidos\/","og_locale":"es_ES","og_type":"article","og_title":"ATAQUE DE HAMAS A ISRAEL: ASCIENDEN A CINCO LOS ARGENTINOS ASESINADOS Y HAY TRES DESAPARECIDOS - Apuntes de San Luis","og_description":"Una mujer argentina de 80 a\u00f1os falleci\u00f3 este domingo tras un ataque de Hamas en...","og_url":"https:\/\/apuntesdesanluis.com\/index.php\/2023\/10\/09\/ataque-de-hamas-a-israel-ascienden-a-cinco-los-argentinos-asesinados-y-hay-tres-desaparecidos\/","og_site_name":"Apuntes de San Luis","article_published_time":"2023-10-09T10:37:55+00:00","og_image":[{"width":662,"height":352,"url":"https:\/\/apuntesdesanluis.com\/wp-content\/uploads\/2023\/10\/jubilada.png","type":"image\/png"}],"author":"apuntesdesanluis.com","twitter_card":"summary_large_image","twitter_misc":{"Escrito por":"apuntesdesanluis.com","Tiempo de lectura":"3 minutos"},"schema":{"@context":"https:\/\/schema.org","@graph":[{"@type":"Article","@id":"https:\/\/apuntesdesanluis.com\/index.php\/2023\/10\/09\/ataque-de-hamas-a-israel-ascienden-a-cinco-los-argentinos-asesinados-y-hay-tres-desaparecidos\/#article","isPartOf":{"@id":"https:\/\/apuntesdesanluis.com\/index.php\/2023\/10\/09\/ataque-de-hamas-a-israel-ascienden-a-cinco-los-argentinos-asesinados-y-hay-tres-desaparecidos\/"},"author":{"name":"apuntesdesanluis.com","@id":"https:\/\/apuntesdesanluis.com\/#\/schema\/person\/b55151d52296fcce64d1a72538a70b90"},"headline":"ATAQUE DE HAMAS A ISRAEL: ASCIENDEN A CINCO LOS ARGENTINOS ASESINADOS Y HAY TRES DESAPARECIDOS","datePublished":"2023-10-09T10:37:55+00:00","mainEntityOfPage":{"@id":"https:\/\/apuntesdesanluis.com\/index.php\/2023\/10\/09\/ataque-de-hamas-a-israel-ascienden-a-cinco-los-argentinos-asesinados-y-hay-tres-desaparecidos\/"},"wordCount":591,"publisher":{"@id":"https:\/\/apuntesdesanluis.com\/#\/schema\/person\/b55151d52296fcce64d1a72538a70b90"},"image":{"@id":"https:\/\/apuntesdesanluis.com\/index.php\/2023\/10\/09\/ataque-de-hamas-a-israel-ascienden-a-cinco-los-argentinos-asesinados-y-hay-tres-desaparecidos\/#primaryimage"},"thumbnailUrl":"https:\/\/apuntesdesanluis.com\/wp-content\/uploads\/2023\/10\/jubilada.png","articleSection":["Nacionales\/Internacionales"],"inLanguage":"es-AR"},{"@type":"WebPage","@id":"https:\/\/apuntesdesanluis.com\/index.php\/2023\/10\/09\/ataque-de-hamas-a-israel-ascienden-a-cinco-los-argentinos-asesinados-y-hay-tres-desaparecidos\/","url":"https:\/\/apuntesdesanluis.com\/index.php\/2023\/10\/09\/ataque-de-hamas-a-israel-ascienden-a-cinco-los-argentinos-asesinados-y-hay-tres-desaparecidos\/","name":"ATAQUE DE HAMAS A ISRAEL: ASCIENDEN A CINCO LOS ARGENTINOS ASESINADOS Y HAY TRES DESAPARECIDOS - Apuntes de San Luis","isPartOf":{"@id":"https:\/\/apuntesdesanluis.com\/#website"},"primaryImageOfPage":{"@id":"https:\/\/apuntesdesanluis.com\/index.php\/2023\/10\/09\/ataque-de-hamas-a-israel-ascienden-a-cinco-los-argentinos-asesinados-y-hay-tres-desaparecidos\/#primaryimage"},"image":{"@id":"https:\/\/apuntesdesanluis.com\/index.php\/2023\/10\/09\/ataque-de-hamas-a-israel-ascienden-a-cinco-los-argentinos-asesinados-y-hay-tres-desaparecidos\/#primaryimage"},"thumbnailUrl":"https:\/\/apuntesdesanluis.com\/wp-content\/uploads\/2023\/10\/jubilada.png","datePublished":"2023-10-09T10:37:55+00:00","breadcrumb":{"@id":"https:\/\/apuntesdesanluis.com\/index.php\/2023\/10\/09\/ataque-de-hamas-a-israel-ascienden-a-cinco-los-argentinos-asesinados-y-hay-tres-desaparecidos\/#breadcrumb"},"inLanguage":"es-AR","potentialAction":[{"@type":"ReadAction","target":["https:\/\/apuntesdesanluis.com\/index.php\/2023\/10\/09\/ataque-de-hamas-a-israel-ascienden-a-cinco-los-argentinos-asesinados-y-hay-tres-desaparecidos\/"]}]},{"@type":"ImageObject","inLanguage":"es-AR","@id":"https:\/\/apuntesdesanluis.com\/index.php\/2023\/10\/09\/ataque-de-hamas-a-israel-ascienden-a-cinco-los-argentinos-asesinados-y-hay-tres-desaparecidos\/#primaryimage","url":"https:\/\/apuntesdesanluis.com\/wp-content\/uploads\/2023\/10\/jubilada.png","contentUrl":"https:\/\/apuntesdesanluis.com\/wp-content\/uploads\/2023\/10\/jubilada.png","width":662,"height":352},{"@type":"BreadcrumbList","@id":"https:\/\/apuntesdesanluis.com\/index.php\/2023\/10\/09\/ataque-de-hamas-a-israel-ascienden-a-cinco-los-argentinos-asesinados-y-hay-tres-desaparecidos\/#breadcrumb","itemListElement":[{"@type":"ListItem","position":1,"name":"Inicio","item":"https:\/\/apuntesdesanluis.com\/"},{"@type":"ListItem","position":2,"name":"ATAQUE DE HAMAS A ISRAEL: ASCIENDEN A CINCO LOS ARGENTINOS ASESINADOS Y HAY TRES DESAPARECIDOS"}]},{"@type":"WebSite","@id":"https:\/\/apuntesdesanluis.com\/#website","url":"https:\/\/apuntesdesanluis.com\/","name":"Apuntes de San Luis","description":"","publisher":{"@id":"https:\/\/apuntesdesanluis.com\/#\/schema\/person\/b55151d52296fcce64d1a72538a70b90"},"potentialAction":[{"@type":"SearchAction","target":{"@type":"EntryPoint","urlTemplate":"https:\/\/apuntesdesanluis.com\/?s={search_term_string}"},"query-input":{"@type":"PropertyValueSpecification","valueRequired":true,"valueName":"search_term_string"}}],"inLanguage":"es-AR"},{"@type":["Person","Organization"],"@id":"https:\/\/apuntesdesanluis.com\/#\/schema\/person\/b55151d52296fcce64d1a72538a70b90","name":"apuntesdesanluis.com","image":{"@type":"ImageObject","inLanguage":"es-AR","@id":"https:\/\/apuntesdesanluis.com\/#\/schema\/person\/image\/","url":"https:\/\/apuntesdesanluis.com\/wp-content\/uploads\/2023\/07\/cropped-apuntesdesanluis.png","contentUrl":"https:\/\/apuntesdesanluis.com\/wp-content\/uploads\/2023\/07\/cropped-apuntesdesanluis.png","width":450,"height":112,"caption":"apuntesdesanluis.com"},"logo":{"@id":"https:\/\/apuntesdesanluis.com\/#\/schema\/person\/image\/"},"sameAs":["https:\/\/apuntesdesanluis.com"],"url":"https:\/\/apuntesdesanluis.com\/index.php\/author\/apuntesdesanluis-com\/"}]}},"featured_image_urls":{"full":["https:\/\/apuntesdesanluis.com\/wp-content\/uploads\/2023\/10\/jubilada.png",662,352,false],"thumbnail":["https:\/\/apuntesdesanluis.com\/wp-content\/uploads\/2023\/10\/jubilada-150x150.png",150,150,true],"medium":["https:\/\/apuntesdesanluis.com\/wp-content\/uploads\/2023\/10\/jubilada-300x160.png",300,160,true],"medium_large":["https:\/\/apuntesdesanluis.com\/wp-content\/uploads\/2023\/10\/jubilada.png",640,340,false],"large":["https:\/\/apuntesdesanluis.com\/wp-content\/uploads\/2023\/10\/jubilada.png",640,340,false],"1536x1536":["https:\/\/apuntesdesanluis.com\/wp-content\/uploads\/2023\/10\/jubilada.png",662,352,false],"2048x2048":["https:\/\/apuntesdesanluis.com\/wp-content\/uploads\/2023\/10\/jubilada.png",662,352,false],"newsever-slider-full":["https:\/\/apuntesdesanluis.com\/wp-content\/uploads\/2023\/10\/jubilada.png",662,352,false],"newsever-featured":["https:\/\/apuntesdesanluis.com\/wp-content\/uploads\/2023\/10\/jubilada.png",662,352,false],"newsever-medium":["https:\/\/apuntesdesanluis.com\/wp-content\/uploads\/2023\/10\/jubilada.png",662,352,false]},"author_info":{"display_name":"apuntesdesanluis.com","author_link":"https:\/\/apuntesdesanluis.com\/index.php\/author\/apuntesdesanluis-com\/"},"category_info":"<a href=\"https:\/\/apuntesdesanluis.com\/index.php\/category\/nacionales-internacionales\/\" rel=\"category tag\">Nacionales\/Internacionales<\/a>","tag_info":"Nacionales\/Internacionales","comment_count":"0","_links":{"self":[{"href":"https:\/\/apuntesdesanluis.com\/index.php\/wp-json\/wp\/v2\/posts\/4787","targetHints":{"allow":["GET"]}}],"collection":[{"href":"https:\/\/apuntesdesanluis.com\/index.php\/wp-json\/wp\/v2\/posts"}],"about":[{"href":"https:\/\/apuntesdesanluis.com\/index.php\/wp-json\/wp\/v2\/types\/post"}],"author":[{"embeddable":true,"href":"https:\/\/apuntesdesanluis.com\/index.php\/wp-json\/wp\/v2\/users\/1"}],"replies":[{"embeddable":true,"href":"https:\/\/apuntesdesanluis.com\/index.php\/wp-json\/wp\/v2\/comments?post=4787"}],"version-history":[{"count":1,"href":"https:\/\/apuntesdesanluis.com\/index.php\/wp-json\/wp\/v2\/posts\/4787\/revisions"}],"predecessor-version":[{"id":4791,"href":"https:\/\/apuntesdesanluis.com\/index.php\/wp-json\/wp\/v2\/posts\/4787\/revisions\/4791"}],"wp:featuredmedia":[{"embeddable":true,"href":"https:\/\/apuntesdesanluis.com\/index.php\/wp-json\/wp\/v2\/media\/4788"}],"wp:attachment":[{"href":"https:\/\/apuntesdesanluis.com\/index.php\/wp-json\/wp\/v2\/media?parent=4787"}],"wp:term":[{"taxonomy":"category","embeddable":true,"href":"https:\/\/apuntesdesanluis.com\/index.php\/wp-json\/wp\/v2\/categories?post=4787"},{"taxonomy":"post_tag","embeddable":true,"href":"https:\/\/apuntesdesanluis.com\/index.php\/wp-json\/wp\/v2\/tags?post=4787"}],"curies":[{"name":"wp","href":"https:\/\/api.w.org\/{rel}","templated":true}]}}