{"id":4814,"date":"2023-10-09T08:19:57","date_gmt":"2023-10-09T11:19:57","guid":{"rendered":"https:\/\/apuntesdesanluis.com\/?p=4814"},"modified":"2023-10-09T12:30:23","modified_gmt":"2023-10-09T15:30:23","slug":"duros-cruces-y-chicanas-en-el-segundo-debate-presidencial-en-el-que-ninguno-se-saco-ventaja","status":"publish","type":"post","link":"https:\/\/apuntesdesanluis.com\/index.php\/2023\/10\/09\/duros-cruces-y-chicanas-en-el-segundo-debate-presidencial-en-el-que-ninguno-se-saco-ventaja\/","title":{"rendered":"DUROS CRUCES Y CHICANAS EN EL SEGUNDO DEBATE PRESIDENCIAL EN EL QUE NINGUNO SE SAC\u00d3 VENTAJA"},"content":{"rendered":"<h3>El segundo debate de candidatos presidenciales se desarroll\u00f3 en la Facultad de Derecho de la Universidad de Buenos Aires (UBA), con a participaci\u00f3n de <strong>Javier Milei, Patricia Bullrich, Sergio Massa, Juan Schiaretti<\/strong> y <strong>Myriam Bregman<\/strong>.<\/h3>\n<h3>Luego del primer encuentro el domingo pasado en Santiago del Estero, los cinco postulantes nacionales buscaron sacarse ventaja de cara al 22 de octubre, pero no lo lograron.<\/h3>\n<h3>\u00a0Al igual que la semana pasada, ninguno consigui\u00f3 quedarse con el t\u00edtulo de \u00fanico ganador, y los cruces m\u00e1s picantes volvieron a estar repartidos entre Milei, Bullrich y Massa.<\/h3>\n<p><iframe title=\"Massa a Bullrich: &quot;No somos todo lo mismo, Patricia, vos nunca le pediste renuncia a Milman&quot;\" width=\"640\" height=\"360\" src=\"https:\/\/www.youtube.com\/embed\/ci3jxtrbljA?start=3&#038;feature=oembed\" frameborder=\"0\" allow=\"accelerometer; autoplay; clipboard-write; encrypted-media; gyroscope; picture-in-picture; web-share\" referrerpolicy=\"strict-origin-when-cross-origin\" allowfullscreen><\/iframe><\/p>\n<h3>El libertario busc\u00f3 no cometer errores, pero se refiri\u00f3 a los temas de su agenda que m\u00e1s generan pol\u00e9mica, como la venta de \u00f3rganos, la libre portaci\u00f3n de armas y la negativa a reconocer el cambio clim\u00e1tico.<\/h3>\n<h3>Bullrich, por su parte, endureci\u00f3 su postura en relaci\u00f3n al primer encuentro, y busc\u00f3 ser m\u00e1s contundente con sus cr\u00edticas a Massa y Milei, algunas veces en tono muy coloquial.<\/h3>\n<p><iframe title=\"Bullrich pide a la gente que &quot;use el poder que tiene en sus manos para que haya un cambio de verdad&quot;\" width=\"640\" height=\"360\" src=\"https:\/\/www.youtube.com\/embed\/sgF2FODS7h8?start=1&#038;feature=oembed\" frameborder=\"0\" allow=\"accelerometer; autoplay; clipboard-write; encrypted-media; gyroscope; picture-in-picture; web-share\" referrerpolicy=\"strict-origin-when-cross-origin\" allowfullscreen><\/iframe><\/p>\n<h3>El ministro de Econom\u00eda, en tanto, tuvo que esquivar como pudo las cr\u00edticas que recibi\u00f3 de todos los frentes por la inflaci\u00f3n y la macroeconom\u00eda, e insisti\u00f3 en elegir al postulante de LLA como principal contrincante.<\/h3>\n<p><iframe title=\"Milei: &quot;En una Argentina liberal, los que la van a pasar mal son los delincuentes&quot;\" width=\"640\" height=\"360\" src=\"https:\/\/www.youtube.com\/embed\/ba0M9sK4dqc?start=1&#038;feature=oembed\" frameborder=\"0\" allow=\"accelerometer; autoplay; clipboard-write; encrypted-media; gyroscope; picture-in-picture; web-share\" referrerpolicy=\"strict-origin-when-cross-origin\" allowfullscreen><\/iframe><\/p>\n<h3>En la presentaci\u00f3n, todos menos Bregman condenaron el ataque terrorista de Ham\u00e1s en Israel.<\/h3>\n<h3>El primer tema fue la seguridad en el que Bullrich advirti\u00f3 sobre la propuesta de Milei de libre portaci\u00f3n, a lo que luego \u00e9l afirm\u00f3: \u201cLamento que, de la misma manera que en el debate anterior, usted mienta sobre lo que yo digo. Antes lo hizo con la pandemia, ahora lo hace con el tema de armas. Le cuento, por si no lo entendi\u00f3, yo s\u00e9 que usted tiene que gente que deforma mis mensajes. Nosotros lo que decimos es: Hay una ley de armas y lo que hay que hacer es cumplirla. Porque no puede ser que est\u00e9n armados los delincuentes y los honestos no. Adem\u00e1s, me gustar\u00eda saber: usted habl\u00f3 de eliminar leyes por DNU o de llevarse puestas garant\u00edas constitucionales a lo largo de la semana. \u00bfEse es el modelo de seguridad que quiere? Qu\u00e9 quiere, \u00bfQu\u00e9 esto sea una dictadura?\u201d.<\/h3>\n<p><iframe title=\"Schiaretti: &quot;Desarrollo humano es movilidad social ascendente&quot;\" width=\"640\" height=\"360\" src=\"https:\/\/www.youtube.com\/embed\/lmBQtFd_AgY?start=2&#038;feature=oembed\" frameborder=\"0\" allow=\"accelerometer; autoplay; clipboard-write; encrypted-media; gyroscope; picture-in-picture; web-share\" referrerpolicy=\"strict-origin-when-cross-origin\" allowfullscreen><\/iframe><\/p>\n<h3>No fue el \u00fanico cruce entre ambos, ya que m\u00e1s tarde la acus\u00f3 de &#8220;montonera asesina&#8221;, siendo una de las frases m\u00e1s duras de la noche.<\/h3>\n<h3>&#8220;\u00bfCrees que vas a cambiar algo con tantos chorros en tus listas?&#8221;, le hab\u00eda preguntado la ex ministra de Seguridad, en referencia a la incorporaci\u00f3n del dirigente de Gastron\u00f3micos, Luis Barrionuevo.<\/h3>\n<p><iframe title=\"Milei a Bullrich: &quot;No pod\u00e9s lavar tu pasado de montonera asesina&quot;\" width=\"640\" height=\"360\" src=\"https:\/\/www.youtube.com\/embed\/ybTp1UXeMuk?start=2&#038;feature=oembed\" frameborder=\"0\" allow=\"accelerometer; autoplay; clipboard-write; encrypted-media; gyroscope; picture-in-picture; web-share\" referrerpolicy=\"strict-origin-when-cross-origin\" allowfullscreen><\/iframe><\/p>\n<h3>&#8220;Vos s\u00ed podes cambiar tu pasado de montonera asesina&#8221;, le respondi\u00f3 el diputado nacional, luego de que esta semana ella lo denunciara penalmente por haberla acusado de tirar bombas en jardines de infantes durante la dictadura.<\/h3>\n<h3>Bullrich tambi\u00e9n lanz\u00f3 cr\u00edticas al referente de Uni\u00f3n por la Patria, al que le record\u00f3 el esc\u00e1ndalo que protagoniz\u00f3 la semana pasada el intendente de Lomas de Zamora en uso de licencia, Mart\u00edn Insaurralde.<\/h3>\n<h3>\u201cMassa hace 4 a\u00f1os que est\u00e1s en el Gobierno, no habl\u00e9s de Tigre, parece una verg\u00fcenza que hace 4 a\u00f1os que est\u00e1s con el Gobierno y aumentaron los homicidios el 70% en Rosario, liberados todos los narcos, gener\u00f3 la peor crisis de seguridad en la Argentina. \u00bfTus n\u00fameros qui\u00e9n te los da? \u00bfInsaurralde, que te dijo que el yate val\u00eda 500 pesos? No pod\u00e9s hacer buena seguridad si tus socios son corruptos y delincuentes. Vos defendiste a Scapol\u00e1n, un fiscal del narcotr\u00e1fico, entonces no habl\u00e9s de seguridad porque no ten\u00e9s autoridad moral para hacerlo\u201d, resalt\u00f3.<\/h3>\n<p><iframe title=\"Massa a Milei: &quot;Javier, hasta ac\u00e1 llegaste. Dej\u00e1 de faltarle el respeto a las mujeres&quot;\" width=\"640\" height=\"360\" src=\"https:\/\/www.youtube.com\/embed\/os7WY3H_AFg?start=2&#038;feature=oembed\" frameborder=\"0\" allow=\"accelerometer; autoplay; clipboard-write; encrypted-media; gyroscope; picture-in-picture; web-share\" referrerpolicy=\"strict-origin-when-cross-origin\" allowfullscreen><\/iframe><\/p>\n<h3>En respuesta, Massa elev\u00f3 la apuesta y record\u00f3 el caso de Gerardo Milman, por las denuncias contra el diputado del PRO por su supuesto involucramiento en el intento de asesinato a la vicepresidenta Cristina Kirchner del 1 de septiembre del a\u00f1o pasado.<\/h3>\n<h3>&#8220;Con respecto a Insaurralde le ped\u00ed la renuncia al cargo inmediatamente, y le ped\u00ed la renuncia a la candidatura. Y no todos somos lo mismo. Vos nunca le pediste la renuncia a Gerardo Milman&#8221;, le espet\u00f3 Massa.<\/h3>\n<h3>El ministro de Econom\u00eda tambi\u00e9n le lanz\u00f3 una advertencia a Milei, en otro de los momentos m\u00e1s sobresalientes de la noche: &#8220;Hasta ac\u00e1 llegaste, Javier, dej\u00e1 de faltarle el respeto a las mujeres. Me parece que m\u00e1s all\u00e1 de que piensen distinto, tienen derecho a pensar distinto a vos y me parece que muestran tu rasgo autoritario&#8221;.<\/h3>\n<h3>Lo dijo luego de que el postulante liberal tuviera esta frase con Bregman en el bloque de Desarrollo Productivo: &#8220;Si los socialistas supieran de econom\u00eda no ser\u00edan socialistas. Es tu caso Myriam&#8221;.<\/h3>\n<p><iframe title=\"Massa ratific\u00f3 llamado de &quot;gobierno de unidad&quot; donde est\u00e9n &quot;los mejores, no los partidos&quot;\" width=\"640\" height=\"360\" src=\"https:\/\/www.youtube.com\/embed\/nfwBK309J0c?start=1&#038;feature=oembed\" frameborder=\"0\" allow=\"accelerometer; autoplay; clipboard-write; encrypted-media; gyroscope; picture-in-picture; web-share\" referrerpolicy=\"strict-origin-when-cross-origin\" allowfullscreen><\/iframe><\/p>\n<h3>&#8220;Milei plantea un mercado de trabajo donde las mujeres no tienen posibilidad de desarrollo, donde los m\u00e1s j\u00f3venes tienen que ir al mercado precario del trabajo y los trabajadores pierden el derecho a sus vacaciones pagas y a la indemnizaci\u00f3n. Y sobre todas las cosas donde volvemos a un r\u00e9gimen de esclavitud que es lo que est\u00e1 planteando cuando habla de 100 a\u00f1os para atr\u00e1s&#8221;, lanz\u00f3 Massa.<\/h3>\n<p><iframe title=\"Bregman a Milei: &quot;No entend\u00ed nada de lo que dijiste&quot;\" width=\"640\" height=\"360\" src=\"https:\/\/www.youtube.com\/embed\/s_Cw9-s0o4c?start=16&#038;feature=oembed\" frameborder=\"0\" allow=\"accelerometer; autoplay; clipboard-write; encrypted-media; gyroscope; picture-in-picture; web-share\" referrerpolicy=\"strict-origin-when-cross-origin\" allowfullscreen><\/iframe><\/p>\n<p>&nbsp;<\/p>\n","protected":false},"excerpt":{"rendered":"<p>El segundo debate de candidatos presidenciales se desarroll\u00f3 en la Facultad de Derecho de la&#8230;<\/p>\n","protected":false},"author":1,"featured_media":4815,"comment_status":"closed","ping_status":"closed","sticky":false,"template":"","format":"standard","meta":{"footnotes":""},"categories":[5],"tags":[],"class_list":["post-4814","post","type-post","status-publish","format-standard","has-post-thumbnail","hentry","category-nacionales-internacionales"],"yoast_head":"<!-- This site is optimized with the Yoast SEO plugin v26.1.1 - https:\/\/yoast.com\/wordpress\/plugins\/seo\/ -->\n<title>DUROS CRUCES Y CHICANAS EN EL SEGUNDO DEBATE PRESIDENCIAL EN EL QUE NINGUNO SE SAC\u00d3 VENTAJA - Apuntes de San Luis<\/title>\n<meta name=\"robots\" content=\"index, follow, max-snippet:-1, max-image-preview:large, max-video-preview:-1\" \/>\n<link rel=\"canonical\" href=\"https:\/\/apuntesdesanluis.com\/index.php\/2023\/10\/09\/duros-cruces-y-chicanas-en-el-segundo-debate-presidencial-en-el-que-ninguno-se-saco-ventaja\/\" \/>\n<meta property=\"og:locale\" content=\"es_ES\" \/>\n<meta property=\"og:type\" content=\"article\" \/>\n<meta property=\"og:title\" content=\"DUROS CRUCES Y CHICANAS EN EL SEGUNDO DEBATE PRESIDENCIAL EN EL QUE NINGUNO SE SAC\u00d3 VENTAJA - Apuntes de San Luis\" \/>\n<meta property=\"og:description\" content=\"El segundo debate de candidatos presidenciales se desarroll\u00f3 en la Facultad de Derecho de la...\" \/>\n<meta property=\"og:url\" content=\"https:\/\/apuntesdesanluis.com\/index.php\/2023\/10\/09\/duros-cruces-y-chicanas-en-el-segundo-debate-presidencial-en-el-que-ninguno-se-saco-ventaja\/\" \/>\n<meta property=\"og:site_name\" content=\"Apuntes de San Luis\" \/>\n<meta property=\"article:published_time\" content=\"2023-10-09T11:19:57+00:00\" \/>\n<meta property=\"article:modified_time\" content=\"2023-10-09T15:30:23+00:00\" \/>\n<meta property=\"og:image\" content=\"https:\/\/apuntesdesanluis.com\/wp-content\/uploads\/2023\/10\/5-candidatos.png\" \/>\n\t<meta property=\"og:image:width\" content=\"600\" \/>\n\t<meta property=\"og:image:height\" content=\"343\" \/>\n\t<meta property=\"og:image:type\" content=\"image\/png\" \/>\n<meta name=\"author\" content=\"apuntesdesanluis.com\" \/>\n<meta name=\"twitter:card\" content=\"summary_large_image\" \/>\n<meta name=\"twitter:label1\" content=\"Escrito por\" \/>\n\t<meta name=\"twitter:data1\" content=\"apuntesdesanluis.com\" \/>\n\t<meta name=\"twitter:label2\" content=\"Tiempo de lectura\" \/>\n\t<meta name=\"twitter:data2\" content=\"4 minutos\" \/>\n<script type=\"application\/ld+json\" class=\"yoast-schema-graph\">{\"@context\":\"https:\/\/schema.org\",\"@graph\":[{\"@type\":\"Article\",\"@id\":\"https:\/\/apuntesdesanluis.com\/index.php\/2023\/10\/09\/duros-cruces-y-chicanas-en-el-segundo-debate-presidencial-en-el-que-ninguno-se-saco-ventaja\/#article\",\"isPartOf\":{\"@id\":\"https:\/\/apuntesdesanluis.com\/index.php\/2023\/10\/09\/duros-cruces-y-chicanas-en-el-segundo-debate-presidencial-en-el-que-ninguno-se-saco-ventaja\/\"},\"author\":{\"name\":\"apuntesdesanluis.com\",\"@id\":\"https:\/\/apuntesdesanluis.com\/#\/schema\/person\/b55151d52296fcce64d1a72538a70b90\"},\"headline\":\"DUROS CRUCES Y CHICANAS EN EL SEGUNDO DEBATE PRESIDENCIAL EN EL QUE NINGUNO SE SAC\u00d3 VENTAJA\",\"datePublished\":\"2023-10-09T11:19:57+00:00\",\"dateModified\":\"2023-10-09T15:30:23+00:00\",\"mainEntityOfPage\":{\"@id\":\"https:\/\/apuntesdesanluis.com\/index.php\/2023\/10\/09\/duros-cruces-y-chicanas-en-el-segundo-debate-presidencial-en-el-que-ninguno-se-saco-ventaja\/\"},\"wordCount\":1003,\"publisher\":{\"@id\":\"https:\/\/apuntesdesanluis.com\/#\/schema\/person\/b55151d52296fcce64d1a72538a70b90\"},\"image\":{\"@id\":\"https:\/\/apuntesdesanluis.com\/index.php\/2023\/10\/09\/duros-cruces-y-chicanas-en-el-segundo-debate-presidencial-en-el-que-ninguno-se-saco-ventaja\/#primaryimage\"},\"thumbnailUrl\":\"https:\/\/apuntesdesanluis.com\/wp-content\/uploads\/2023\/10\/5-candidatos.png\",\"articleSection\":[\"Nacionales\/Internacionales\"],\"inLanguage\":\"es-AR\"},{\"@type\":\"WebPage\",\"@id\":\"https:\/\/apuntesdesanluis.com\/index.php\/2023\/10\/09\/duros-cruces-y-chicanas-en-el-segundo-debate-presidencial-en-el-que-ninguno-se-saco-ventaja\/\",\"url\":\"https:\/\/apuntesdesanluis.com\/index.php\/2023\/10\/09\/duros-cruces-y-chicanas-en-el-segundo-debate-presidencial-en-el-que-ninguno-se-saco-ventaja\/\",\"name\":\"DUROS CRUCES Y CHICANAS EN EL SEGUNDO DEBATE PRESIDENCIAL EN EL QUE NINGUNO SE SAC\u00d3 VENTAJA - Apuntes de San Luis\",\"isPartOf\":{\"@id\":\"https:\/\/apuntesdesanluis.com\/#website\"},\"primaryImageOfPage\":{\"@id\":\"https:\/\/apuntesdesanluis.com\/index.php\/2023\/10\/09\/duros-cruces-y-chicanas-en-el-segundo-debate-presidencial-en-el-que-ninguno-se-saco-ventaja\/#primaryimage\"},\"image\":{\"@id\":\"https:\/\/apuntesdesanluis.com\/index.php\/2023\/10\/09\/duros-cruces-y-chicanas-en-el-segundo-debate-presidencial-en-el-que-ninguno-se-saco-ventaja\/#primaryimage\"},\"thumbnailUrl\":\"https:\/\/apuntesdesanluis.com\/wp-content\/uploads\/2023\/10\/5-candidatos.png\",\"datePublished\":\"2023-10-09T11:19:57+00:00\",\"dateModified\":\"2023-10-09T15:30:23+00:00\",\"breadcrumb\":{\"@id\":\"https:\/\/apuntesdesanluis.com\/index.php\/2023\/10\/09\/duros-cruces-y-chicanas-en-el-segundo-debate-presidencial-en-el-que-ninguno-se-saco-ventaja\/#breadcrumb\"},\"inLanguage\":\"es-AR\",\"potentialAction\":[{\"@type\":\"ReadAction\",\"target\":[\"https:\/\/apuntesdesanluis.com\/index.php\/2023\/10\/09\/duros-cruces-y-chicanas-en-el-segundo-debate-presidencial-en-el-que-ninguno-se-saco-ventaja\/\"]}]},{\"@type\":\"ImageObject\",\"inLanguage\":\"es-AR\",\"@id\":\"https:\/\/apuntesdesanluis.com\/index.php\/2023\/10\/09\/duros-cruces-y-chicanas-en-el-segundo-debate-presidencial-en-el-que-ninguno-se-saco-ventaja\/#primaryimage\",\"url\":\"https:\/\/apuntesdesanluis.com\/wp-content\/uploads\/2023\/10\/5-candidatos.png\",\"contentUrl\":\"https:\/\/apuntesdesanluis.com\/wp-content\/uploads\/2023\/10\/5-candidatos.png\",\"width\":600,\"height\":343},{\"@type\":\"BreadcrumbList\",\"@id\":\"https:\/\/apuntesdesanluis.com\/index.php\/2023\/10\/09\/duros-cruces-y-chicanas-en-el-segundo-debate-presidencial-en-el-que-ninguno-se-saco-ventaja\/#breadcrumb\",\"itemListElement\":[{\"@type\":\"ListItem\",\"position\":1,\"name\":\"Inicio\",\"item\":\"https:\/\/apuntesdesanluis.com\/\"},{\"@type\":\"ListItem\",\"position\":2,\"name\":\"DUROS CRUCES Y CHICANAS EN EL SEGUNDO DEBATE PRESIDENCIAL EN EL QUE NINGUNO SE SAC\u00d3 VENTAJA\"}]},{\"@type\":\"WebSite\",\"@id\":\"https:\/\/apuntesdesanluis.com\/#website\",\"url\":\"https:\/\/apuntesdesanluis.com\/\",\"name\":\"Apuntes de San Luis\",\"description\":\"\",\"publisher\":{\"@id\":\"https:\/\/apuntesdesanluis.com\/#\/schema\/person\/b55151d52296fcce64d1a72538a70b90\"},\"potentialAction\":[{\"@type\":\"SearchAction\",\"target\":{\"@type\":\"EntryPoint\",\"urlTemplate\":\"https:\/\/apuntesdesanluis.com\/?s={search_term_string}\"},\"query-input\":{\"@type\":\"PropertyValueSpecification\",\"valueRequired\":true,\"valueName\":\"search_term_string\"}}],\"inLanguage\":\"es-AR\"},{\"@type\":[\"Person\",\"Organization\"],\"@id\":\"https:\/\/apuntesdesanluis.com\/#\/schema\/person\/b55151d52296fcce64d1a72538a70b90\",\"name\":\"apuntesdesanluis.com\",\"image\":{\"@type\":\"ImageObject\",\"inLanguage\":\"es-AR\",\"@id\":\"https:\/\/apuntesdesanluis.com\/#\/schema\/person\/image\/\",\"url\":\"https:\/\/apuntesdesanluis.com\/wp-content\/uploads\/2023\/07\/cropped-apuntesdesanluis.png\",\"contentUrl\":\"https:\/\/apuntesdesanluis.com\/wp-content\/uploads\/2023\/07\/cropped-apuntesdesanluis.png\",\"width\":450,\"height\":112,\"caption\":\"apuntesdesanluis.com\"},\"logo\":{\"@id\":\"https:\/\/apuntesdesanluis.com\/#\/schema\/person\/image\/\"},\"sameAs\":[\"https:\/\/apuntesdesanluis.com\"],\"url\":\"https:\/\/apuntesdesanluis.com\/index.php\/author\/apuntesdesanluis-com\/\"}]}<\/script>\n<!-- \/ Yoast SEO plugin. -->","yoast_head_json":{"title":"DUROS CRUCES Y CHICANAS EN EL SEGUNDO DEBATE PRESIDENCIAL EN EL QUE NINGUNO SE SAC\u00d3 VENTAJA - Apuntes de San Luis","robots":{"index":"index","follow":"follow","max-snippet":"max-snippet:-1","max-image-preview":"max-image-preview:large","max-video-preview":"max-video-preview:-1"},"canonical":"https:\/\/apuntesdesanluis.com\/index.php\/2023\/10\/09\/duros-cruces-y-chicanas-en-el-segundo-debate-presidencial-en-el-que-ninguno-se-saco-ventaja\/","og_locale":"es_ES","og_type":"article","og_title":"DUROS CRUCES Y CHICANAS EN EL SEGUNDO DEBATE PRESIDENCIAL EN EL QUE NINGUNO SE SAC\u00d3 VENTAJA - Apuntes de San Luis","og_description":"El segundo debate de candidatos presidenciales se desarroll\u00f3 en la Facultad de Derecho de la...","og_url":"https:\/\/apuntesdesanluis.com\/index.php\/2023\/10\/09\/duros-cruces-y-chicanas-en-el-segundo-debate-presidencial-en-el-que-ninguno-se-saco-ventaja\/","og_site_name":"Apuntes de San Luis","article_published_time":"2023-10-09T11:19:57+00:00","article_modified_time":"2023-10-09T15:30:23+00:00","og_image":[{"width":600,"height":343,"url":"https:\/\/apuntesdesanluis.com\/wp-content\/uploads\/2023\/10\/5-candidatos.png","type":"image\/png"}],"author":"apuntesdesanluis.com","twitter_card":"summary_large_image","twitter_misc":{"Escrito por":"apuntesdesanluis.com","Tiempo de lectura":"4 minutos"},"schema":{"@context":"https:\/\/schema.org","@graph":[{"@type":"Article","@id":"https:\/\/apuntesdesanluis.com\/index.php\/2023\/10\/09\/duros-cruces-y-chicanas-en-el-segundo-debate-presidencial-en-el-que-ninguno-se-saco-ventaja\/#article","isPartOf":{"@id":"https:\/\/apuntesdesanluis.com\/index.php\/2023\/10\/09\/duros-cruces-y-chicanas-en-el-segundo-debate-presidencial-en-el-que-ninguno-se-saco-ventaja\/"},"author":{"name":"apuntesdesanluis.com","@id":"https:\/\/apuntesdesanluis.com\/#\/schema\/person\/b55151d52296fcce64d1a72538a70b90"},"headline":"DUROS CRUCES Y CHICANAS EN EL SEGUNDO DEBATE PRESIDENCIAL EN EL QUE NINGUNO SE SAC\u00d3 VENTAJA","datePublished":"2023-10-09T11:19:57+00:00","dateModified":"2023-10-09T15:30:23+00:00","mainEntityOfPage":{"@id":"https:\/\/apuntesdesanluis.com\/index.php\/2023\/10\/09\/duros-cruces-y-chicanas-en-el-segundo-debate-presidencial-en-el-que-ninguno-se-saco-ventaja\/"},"wordCount":1003,"publisher":{"@id":"https:\/\/apuntesdesanluis.com\/#\/schema\/person\/b55151d52296fcce64d1a72538a70b90"},"image":{"@id":"https:\/\/apuntesdesanluis.com\/index.php\/2023\/10\/09\/duros-cruces-y-chicanas-en-el-segundo-debate-presidencial-en-el-que-ninguno-se-saco-ventaja\/#primaryimage"},"thumbnailUrl":"https:\/\/apuntesdesanluis.com\/wp-content\/uploads\/2023\/10\/5-candidatos.png","articleSection":["Nacionales\/Internacionales"],"inLanguage":"es-AR"},{"@type":"WebPage","@id":"https:\/\/apuntesdesanluis.com\/index.php\/2023\/10\/09\/duros-cruces-y-chicanas-en-el-segundo-debate-presidencial-en-el-que-ninguno-se-saco-ventaja\/","url":"https:\/\/apuntesdesanluis.com\/index.php\/2023\/10\/09\/duros-cruces-y-chicanas-en-el-segundo-debate-presidencial-en-el-que-ninguno-se-saco-ventaja\/","name":"DUROS CRUCES Y CHICANAS EN EL SEGUNDO DEBATE PRESIDENCIAL EN EL QUE NINGUNO SE SAC\u00d3 VENTAJA - Apuntes de San Luis","isPartOf":{"@id":"https:\/\/apuntesdesanluis.com\/#website"},"primaryImageOfPage":{"@id":"https:\/\/apuntesdesanluis.com\/index.php\/2023\/10\/09\/duros-cruces-y-chicanas-en-el-segundo-debate-presidencial-en-el-que-ninguno-se-saco-ventaja\/#primaryimage"},"image":{"@id":"https:\/\/apuntesdesanluis.com\/index.php\/2023\/10\/09\/duros-cruces-y-chicanas-en-el-segundo-debate-presidencial-en-el-que-ninguno-se-saco-ventaja\/#primaryimage"},"thumbnailUrl":"https:\/\/apuntesdesanluis.com\/wp-content\/uploads\/2023\/10\/5-candidatos.png","datePublished":"2023-10-09T11:19:57+00:00","dateModified":"2023-10-09T15:30:23+00:00","breadcrumb":{"@id":"https:\/\/apuntesdesanluis.com\/index.php\/2023\/10\/09\/duros-cruces-y-chicanas-en-el-segundo-debate-presidencial-en-el-que-ninguno-se-saco-ventaja\/#breadcrumb"},"inLanguage":"es-AR","potentialAction":[{"@type":"ReadAction","target":["https:\/\/apuntesdesanluis.com\/index.php\/2023\/10\/09\/duros-cruces-y-chicanas-en-el-segundo-debate-presidencial-en-el-que-ninguno-se-saco-ventaja\/"]}]},{"@type":"ImageObject","inLanguage":"es-AR","@id":"https:\/\/apuntesdesanluis.com\/index.php\/2023\/10\/09\/duros-cruces-y-chicanas-en-el-segundo-debate-presidencial-en-el-que-ninguno-se-saco-ventaja\/#primaryimage","url":"https:\/\/apuntesdesanluis.com\/wp-content\/uploads\/2023\/10\/5-candidatos.png","contentUrl":"https:\/\/apuntesdesanluis.com\/wp-content\/uploads\/2023\/10\/5-candidatos.png","width":600,"height":343},{"@type":"BreadcrumbList","@id":"https:\/\/apuntesdesanluis.com\/index.php\/2023\/10\/09\/duros-cruces-y-chicanas-en-el-segundo-debate-presidencial-en-el-que-ninguno-se-saco-ventaja\/#breadcrumb","itemListElement":[{"@type":"ListItem","position":1,"name":"Inicio","item":"https:\/\/apuntesdesanluis.com\/"},{"@type":"ListItem","position":2,"name":"DUROS CRUCES Y CHICANAS EN EL SEGUNDO DEBATE PRESIDENCIAL EN EL QUE NINGUNO SE SAC\u00d3 VENTAJA"}]},{"@type":"WebSite","@id":"https:\/\/apuntesdesanluis.com\/#website","url":"https:\/\/apuntesdesanluis.com\/","name":"Apuntes de San Luis","description":"","publisher":{"@id":"https:\/\/apuntesdesanluis.com\/#\/schema\/person\/b55151d52296fcce64d1a72538a70b90"},"potentialAction":[{"@type":"SearchAction","target":{"@type":"EntryPoint","urlTemplate":"https:\/\/apuntesdesanluis.com\/?s={search_term_string}"},"query-input":{"@type":"PropertyValueSpecification","valueRequired":true,"valueName":"search_term_string"}}],"inLanguage":"es-AR"},{"@type":["Person","Organization"],"@id":"https:\/\/apuntesdesanluis.com\/#\/schema\/person\/b55151d52296fcce64d1a72538a70b90","name":"apuntesdesanluis.com","image":{"@type":"ImageObject","inLanguage":"es-AR","@id":"https:\/\/apuntesdesanluis.com\/#\/schema\/person\/image\/","url":"https:\/\/apuntesdesanluis.com\/wp-content\/uploads\/2023\/07\/cropped-apuntesdesanluis.png","contentUrl":"https:\/\/apuntesdesanluis.com\/wp-content\/uploads\/2023\/07\/cropped-apuntesdesanluis.png","width":450,"height":112,"caption":"apuntesdesanluis.com"},"logo":{"@id":"https:\/\/apuntesdesanluis.com\/#\/schema\/person\/image\/"},"sameAs":["https:\/\/apuntesdesanluis.com"],"url":"https:\/\/apuntesdesanluis.com\/index.php\/author\/apuntesdesanluis-com\/"}]}},"featured_image_urls":{"full":["https:\/\/apuntesdesanluis.com\/wp-content\/uploads\/2023\/10\/5-candidatos.png",600,343,false],"thumbnail":["https:\/\/apuntesdesanluis.com\/wp-content\/uploads\/2023\/10\/5-candidatos-150x150.png",150,150,true],"medium":["https:\/\/apuntesdesanluis.com\/wp-content\/uploads\/2023\/10\/5-candidatos-300x172.png",300,172,true],"medium_large":["https:\/\/apuntesdesanluis.com\/wp-content\/uploads\/2023\/10\/5-candidatos.png",600,343,false],"large":["https:\/\/apuntesdesanluis.com\/wp-content\/uploads\/2023\/10\/5-candidatos.png",600,343,false],"1536x1536":["https:\/\/apuntesdesanluis.com\/wp-content\/uploads\/2023\/10\/5-candidatos.png",600,343,false],"2048x2048":["https:\/\/apuntesdesanluis.com\/wp-content\/uploads\/2023\/10\/5-candidatos.png",600,343,false],"newsever-slider-full":["https:\/\/apuntesdesanluis.com\/wp-content\/uploads\/2023\/10\/5-candidatos.png",600,343,false],"newsever-featured":["https:\/\/apuntesdesanluis.com\/wp-content\/uploads\/2023\/10\/5-candidatos.png",600,343,false],"newsever-medium":["https:\/\/apuntesdesanluis.com\/wp-content\/uploads\/2023\/10\/5-candidatos.png",600,343,false]},"author_info":{"display_name":"apuntesdesanluis.com","author_link":"https:\/\/apuntesdesanluis.com\/index.php\/author\/apuntesdesanluis-com\/"},"category_info":"<a href=\"https:\/\/apuntesdesanluis.com\/index.php\/category\/nacionales-internacionales\/\" rel=\"category tag\">Nacionales\/Internacionales<\/a>","tag_info":"Nacionales\/Internacionales","comment_count":"0","_links":{"self":[{"href":"https:\/\/apuntesdesanluis.com\/index.php\/wp-json\/wp\/v2\/posts\/4814","targetHints":{"allow":["GET"]}}],"collection":[{"href":"https:\/\/apuntesdesanluis.com\/index.php\/wp-json\/wp\/v2\/posts"}],"about":[{"href":"https:\/\/apuntesdesanluis.com\/index.php\/wp-json\/wp\/v2\/types\/post"}],"author":[{"embeddable":true,"href":"https:\/\/apuntesdesanluis.com\/index.php\/wp-json\/wp\/v2\/users\/1"}],"replies":[{"embeddable":true,"href":"https:\/\/apuntesdesanluis.com\/index.php\/wp-json\/wp\/v2\/comments?post=4814"}],"version-history":[{"count":1,"href":"https:\/\/apuntesdesanluis.com\/index.php\/wp-json\/wp\/v2\/posts\/4814\/revisions"}],"predecessor-version":[{"id":4816,"href":"https:\/\/apuntesdesanluis.com\/index.php\/wp-json\/wp\/v2\/posts\/4814\/revisions\/4816"}],"wp:featuredmedia":[{"embeddable":true,"href":"https:\/\/apuntesdesanluis.com\/index.php\/wp-json\/wp\/v2\/media\/4815"}],"wp:attachment":[{"href":"https:\/\/apuntesdesanluis.com\/index.php\/wp-json\/wp\/v2\/media?parent=4814"}],"wp:term":[{"taxonomy":"category","embeddable":true,"href":"https:\/\/apuntesdesanluis.com\/index.php\/wp-json\/wp\/v2\/categories?post=4814"},{"taxonomy":"post_tag","embeddable":true,"href":"https:\/\/apuntesdesanluis.com\/index.php\/wp-json\/wp\/v2\/tags?post=4814"}],"curies":[{"name":"wp","href":"https:\/\/api.w.org\/{rel}","templated":true}]}}