{"id":4827,"date":"2023-10-09T14:34:29","date_gmt":"2023-10-09T17:34:29","guid":{"rendered":"https:\/\/apuntesdesanluis.com\/?p=4827"},"modified":"2023-10-09T14:34:29","modified_gmt":"2023-10-09T17:34:29","slug":"insolito-prendio-fuego-un-local-de-juntos-por-el-cambio-en-moron-y-quedo-envuelto-en-llamas","status":"publish","type":"post","link":"https:\/\/apuntesdesanluis.com\/index.php\/2023\/10\/09\/insolito-prendio-fuego-un-local-de-juntos-por-el-cambio-en-moron-y-quedo-envuelto-en-llamas\/","title":{"rendered":"INS\u00d3LITO: PRENDI\u00d3 FUEGO UN LOCAL DE JUNTOS POR EL CAMBIO EN MOR\u00d3N Y QUED\u00d3 ENVUELTO EN LLAMAS"},"content":{"rendered":"<h3>La escena qued\u00f3 registrada por las c\u00e1maras de seguridad y ante el resultado la Polic\u00eda busca al atacante en los hospitales de la zona.<\/h3>\n<h3>Un hombre prendi\u00f3 fuego un local de Juntos por el Cambio en Mor\u00f3n, pero todo termin\u00f3 de la forma menos pensada cuando se roci\u00f3 con nafta y qued\u00f3 envuelto en llamas.<\/h3>\n<h3>La secuencia completa ocurri\u00f3 el fin de semana en el cruce de las calles Ag\u00fcero y Dr. Monte en la localidad bonaerense de Mor\u00f3n, cuando las im\u00e1genes de seguridad lograron captar el momento en el que un hombre se acerca hasta el local del partido pol\u00edtico.<\/h3>\n<h3>All\u00ed comenz\u00f3 a tirar nafta contra el frente de b\u00fanker, pero no se percat\u00f3 de la cantidad excesiva de combustible que utiliz\u00f3 y se gener\u00f3 una explosi\u00f3n en la que qued\u00f3 envuelto.<\/h3>\n<h3>Es que al salir de las llamas que invad\u00edan la cuadra, las c\u00e1maras reflejan la huida del sujeto con fuego en todo su cuerpo.<\/h3>\n<p><iframe title=\"#elecciones2023 Incendian un local de Juntos por el Cambio en Mor\u00f3n\" width=\"640\" height=\"360\" src=\"https:\/\/www.youtube.com\/embed\/uHzwQtRfXAA?feature=oembed\" frameborder=\"0\" allow=\"accelerometer; autoplay; clipboard-write; encrypted-media; gyroscope; picture-in-picture; web-share\" referrerpolicy=\"strict-origin-when-cross-origin\" allowfullscreen><\/iframe><\/p>\n<h3>A pesar de que pudo sofocarlo inmediatamente, efectivos de la Comisar\u00eda 1ra ahora trata de encontrar o identificar a la persona en los hospitales de la zona.<\/h3>\n<h3>&#8220;Los intolerantes de siempre hoy atentaron a un local de JxC en Mor\u00f3n! El mismo d\u00eda del debate!! Les duele la democracia, les duele que le digan las cosas en la cara!! Vamos a terminar con la inseguridad, los chorros y corruptos!!&#8221;, expres\u00f3 en X Mart\u00edn Culatto, candidato a diputado provincial.<\/h3>\n<h3>Asimismo, el candidato a intendente de la localidad por JxC tambi\u00e9n se manifest\u00f3 en contra del ataque: \u201cS\u00e9 que este es el precio de enfrentar a los chorros y al kirchnerismo. No nos van a parar\u201d.<\/h3>\n<h3>Desde Uni\u00f3n por la Patria se hicieron eco del hecho y repudiaron el accionar al solicitar que \u201cse aceleren y profundicen las medidas para encontrar a los responsables del atentado que afecta directamente a esa fuerza pol\u00edtica al tiempo que degrada la convivencia democr\u00e1tica en el distrito&#8221;.<\/h3>\n","protected":false},"excerpt":{"rendered":"<p>La escena qued\u00f3 registrada por las c\u00e1maras de seguridad y ante el resultado la Polic\u00eda&#8230;<\/p>\n","protected":false},"author":1,"featured_media":4828,"comment_status":"closed","ping_status":"closed","sticky":false,"template":"","format":"standard","meta":{"footnotes":""},"categories":[5],"tags":[],"class_list":["post-4827","post","type-post","status-publish","format-standard","has-post-thumbnail","hentry","category-nacionales-internacionales"],"yoast_head":"<!-- This site is optimized with the Yoast SEO plugin v26.1.1 - https:\/\/yoast.com\/wordpress\/plugins\/seo\/ -->\n<title>INS\u00d3LITO: PRENDI\u00d3 FUEGO UN LOCAL DE JUNTOS POR EL CAMBIO EN MOR\u00d3N Y QUED\u00d3 ENVUELTO EN LLAMAS - Apuntes de San Luis<\/title>\n<meta name=\"robots\" content=\"index, follow, max-snippet:-1, max-image-preview:large, max-video-preview:-1\" \/>\n<link rel=\"canonical\" href=\"https:\/\/apuntesdesanluis.com\/index.php\/2023\/10\/09\/insolito-prendio-fuego-un-local-de-juntos-por-el-cambio-en-moron-y-quedo-envuelto-en-llamas\/\" \/>\n<meta property=\"og:locale\" content=\"es_ES\" \/>\n<meta property=\"og:type\" content=\"article\" \/>\n<meta property=\"og:title\" content=\"INS\u00d3LITO: PRENDI\u00d3 FUEGO UN LOCAL DE JUNTOS POR EL CAMBIO EN MOR\u00d3N Y QUED\u00d3 ENVUELTO EN LLAMAS - Apuntes de San Luis\" \/>\n<meta property=\"og:description\" content=\"La escena qued\u00f3 registrada por las c\u00e1maras de seguridad y ante el resultado la Polic\u00eda...\" \/>\n<meta property=\"og:url\" content=\"https:\/\/apuntesdesanluis.com\/index.php\/2023\/10\/09\/insolito-prendio-fuego-un-local-de-juntos-por-el-cambio-en-moron-y-quedo-envuelto-en-llamas\/\" \/>\n<meta property=\"og:site_name\" content=\"Apuntes de San Luis\" \/>\n<meta property=\"article:published_time\" content=\"2023-10-09T17:34:29+00:00\" \/>\n<meta property=\"og:image\" content=\"https:\/\/apuntesdesanluis.com\/wp-content\/uploads\/2023\/10\/incendio-1.png\" \/>\n\t<meta property=\"og:image:width\" content=\"540\" \/>\n\t<meta property=\"og:image:height\" content=\"288\" \/>\n\t<meta property=\"og:image:type\" content=\"image\/png\" \/>\n<meta name=\"author\" content=\"apuntesdesanluis.com\" \/>\n<meta name=\"twitter:card\" content=\"summary_large_image\" \/>\n<meta name=\"twitter:label1\" content=\"Escrito por\" \/>\n\t<meta name=\"twitter:data1\" content=\"apuntesdesanluis.com\" \/>\n\t<meta name=\"twitter:label2\" content=\"Tiempo de lectura\" \/>\n\t<meta name=\"twitter:data2\" content=\"2 minutos\" \/>\n<script type=\"application\/ld+json\" class=\"yoast-schema-graph\">{\"@context\":\"https:\/\/schema.org\",\"@graph\":[{\"@type\":\"Article\",\"@id\":\"https:\/\/apuntesdesanluis.com\/index.php\/2023\/10\/09\/insolito-prendio-fuego-un-local-de-juntos-por-el-cambio-en-moron-y-quedo-envuelto-en-llamas\/#article\",\"isPartOf\":{\"@id\":\"https:\/\/apuntesdesanluis.com\/index.php\/2023\/10\/09\/insolito-prendio-fuego-un-local-de-juntos-por-el-cambio-en-moron-y-quedo-envuelto-en-llamas\/\"},\"author\":{\"name\":\"apuntesdesanluis.com\",\"@id\":\"https:\/\/apuntesdesanluis.com\/#\/schema\/person\/b55151d52296fcce64d1a72538a70b90\"},\"headline\":\"INS\u00d3LITO: PRENDI\u00d3 FUEGO UN LOCAL DE JUNTOS POR EL CAMBIO EN MOR\u00d3N Y QUED\u00d3 ENVUELTO EN LLAMAS\",\"datePublished\":\"2023-10-09T17:34:29+00:00\",\"mainEntityOfPage\":{\"@id\":\"https:\/\/apuntesdesanluis.com\/index.php\/2023\/10\/09\/insolito-prendio-fuego-un-local-de-juntos-por-el-cambio-en-moron-y-quedo-envuelto-en-llamas\/\"},\"wordCount\":365,\"publisher\":{\"@id\":\"https:\/\/apuntesdesanluis.com\/#\/schema\/person\/b55151d52296fcce64d1a72538a70b90\"},\"image\":{\"@id\":\"https:\/\/apuntesdesanluis.com\/index.php\/2023\/10\/09\/insolito-prendio-fuego-un-local-de-juntos-por-el-cambio-en-moron-y-quedo-envuelto-en-llamas\/#primaryimage\"},\"thumbnailUrl\":\"https:\/\/apuntesdesanluis.com\/wp-content\/uploads\/2023\/10\/incendio-1.png\",\"articleSection\":[\"Nacionales\/Internacionales\"],\"inLanguage\":\"es-AR\"},{\"@type\":\"WebPage\",\"@id\":\"https:\/\/apuntesdesanluis.com\/index.php\/2023\/10\/09\/insolito-prendio-fuego-un-local-de-juntos-por-el-cambio-en-moron-y-quedo-envuelto-en-llamas\/\",\"url\":\"https:\/\/apuntesdesanluis.com\/index.php\/2023\/10\/09\/insolito-prendio-fuego-un-local-de-juntos-por-el-cambio-en-moron-y-quedo-envuelto-en-llamas\/\",\"name\":\"INS\u00d3LITO: PRENDI\u00d3 FUEGO UN LOCAL DE JUNTOS POR EL CAMBIO EN MOR\u00d3N Y QUED\u00d3 ENVUELTO EN LLAMAS - Apuntes de San Luis\",\"isPartOf\":{\"@id\":\"https:\/\/apuntesdesanluis.com\/#website\"},\"primaryImageOfPage\":{\"@id\":\"https:\/\/apuntesdesanluis.com\/index.php\/2023\/10\/09\/insolito-prendio-fuego-un-local-de-juntos-por-el-cambio-en-moron-y-quedo-envuelto-en-llamas\/#primaryimage\"},\"image\":{\"@id\":\"https:\/\/apuntesdesanluis.com\/index.php\/2023\/10\/09\/insolito-prendio-fuego-un-local-de-juntos-por-el-cambio-en-moron-y-quedo-envuelto-en-llamas\/#primaryimage\"},\"thumbnailUrl\":\"https:\/\/apuntesdesanluis.com\/wp-content\/uploads\/2023\/10\/incendio-1.png\",\"datePublished\":\"2023-10-09T17:34:29+00:00\",\"breadcrumb\":{\"@id\":\"https:\/\/apuntesdesanluis.com\/index.php\/2023\/10\/09\/insolito-prendio-fuego-un-local-de-juntos-por-el-cambio-en-moron-y-quedo-envuelto-en-llamas\/#breadcrumb\"},\"inLanguage\":\"es-AR\",\"potentialAction\":[{\"@type\":\"ReadAction\",\"target\":[\"https:\/\/apuntesdesanluis.com\/index.php\/2023\/10\/09\/insolito-prendio-fuego-un-local-de-juntos-por-el-cambio-en-moron-y-quedo-envuelto-en-llamas\/\"]}]},{\"@type\":\"ImageObject\",\"inLanguage\":\"es-AR\",\"@id\":\"https:\/\/apuntesdesanluis.com\/index.php\/2023\/10\/09\/insolito-prendio-fuego-un-local-de-juntos-por-el-cambio-en-moron-y-quedo-envuelto-en-llamas\/#primaryimage\",\"url\":\"https:\/\/apuntesdesanluis.com\/wp-content\/uploads\/2023\/10\/incendio-1.png\",\"contentUrl\":\"https:\/\/apuntesdesanluis.com\/wp-content\/uploads\/2023\/10\/incendio-1.png\",\"width\":540,\"height\":288},{\"@type\":\"BreadcrumbList\",\"@id\":\"https:\/\/apuntesdesanluis.com\/index.php\/2023\/10\/09\/insolito-prendio-fuego-un-local-de-juntos-por-el-cambio-en-moron-y-quedo-envuelto-en-llamas\/#breadcrumb\",\"itemListElement\":[{\"@type\":\"ListItem\",\"position\":1,\"name\":\"Inicio\",\"item\":\"https:\/\/apuntesdesanluis.com\/\"},{\"@type\":\"ListItem\",\"position\":2,\"name\":\"INS\u00d3LITO: PRENDI\u00d3 FUEGO UN LOCAL DE JUNTOS POR EL CAMBIO EN MOR\u00d3N Y QUED\u00d3 ENVUELTO EN LLAMAS\"}]},{\"@type\":\"WebSite\",\"@id\":\"https:\/\/apuntesdesanluis.com\/#website\",\"url\":\"https:\/\/apuntesdesanluis.com\/\",\"name\":\"Apuntes de San Luis\",\"description\":\"\",\"publisher\":{\"@id\":\"https:\/\/apuntesdesanluis.com\/#\/schema\/person\/b55151d52296fcce64d1a72538a70b90\"},\"potentialAction\":[{\"@type\":\"SearchAction\",\"target\":{\"@type\":\"EntryPoint\",\"urlTemplate\":\"https:\/\/apuntesdesanluis.com\/?s={search_term_string}\"},\"query-input\":{\"@type\":\"PropertyValueSpecification\",\"valueRequired\":true,\"valueName\":\"search_term_string\"}}],\"inLanguage\":\"es-AR\"},{\"@type\":[\"Person\",\"Organization\"],\"@id\":\"https:\/\/apuntesdesanluis.com\/#\/schema\/person\/b55151d52296fcce64d1a72538a70b90\",\"name\":\"apuntesdesanluis.com\",\"image\":{\"@type\":\"ImageObject\",\"inLanguage\":\"es-AR\",\"@id\":\"https:\/\/apuntesdesanluis.com\/#\/schema\/person\/image\/\",\"url\":\"https:\/\/apuntesdesanluis.com\/wp-content\/uploads\/2023\/07\/cropped-apuntesdesanluis.png\",\"contentUrl\":\"https:\/\/apuntesdesanluis.com\/wp-content\/uploads\/2023\/07\/cropped-apuntesdesanluis.png\",\"width\":450,\"height\":112,\"caption\":\"apuntesdesanluis.com\"},\"logo\":{\"@id\":\"https:\/\/apuntesdesanluis.com\/#\/schema\/person\/image\/\"},\"sameAs\":[\"https:\/\/apuntesdesanluis.com\"],\"url\":\"https:\/\/apuntesdesanluis.com\/index.php\/author\/apuntesdesanluis-com\/\"}]}<\/script>\n<!-- \/ Yoast SEO plugin. -->","yoast_head_json":{"title":"INS\u00d3LITO: PRENDI\u00d3 FUEGO UN LOCAL DE JUNTOS POR EL CAMBIO EN MOR\u00d3N Y QUED\u00d3 ENVUELTO EN LLAMAS - Apuntes de San Luis","robots":{"index":"index","follow":"follow","max-snippet":"max-snippet:-1","max-image-preview":"max-image-preview:large","max-video-preview":"max-video-preview:-1"},"canonical":"https:\/\/apuntesdesanluis.com\/index.php\/2023\/10\/09\/insolito-prendio-fuego-un-local-de-juntos-por-el-cambio-en-moron-y-quedo-envuelto-en-llamas\/","og_locale":"es_ES","og_type":"article","og_title":"INS\u00d3LITO: PRENDI\u00d3 FUEGO UN LOCAL DE JUNTOS POR EL CAMBIO EN MOR\u00d3N Y QUED\u00d3 ENVUELTO EN LLAMAS - Apuntes de San Luis","og_description":"La escena qued\u00f3 registrada por las c\u00e1maras de seguridad y ante el resultado la Polic\u00eda...","og_url":"https:\/\/apuntesdesanluis.com\/index.php\/2023\/10\/09\/insolito-prendio-fuego-un-local-de-juntos-por-el-cambio-en-moron-y-quedo-envuelto-en-llamas\/","og_site_name":"Apuntes de San Luis","article_published_time":"2023-10-09T17:34:29+00:00","og_image":[{"width":540,"height":288,"url":"https:\/\/apuntesdesanluis.com\/wp-content\/uploads\/2023\/10\/incendio-1.png","type":"image\/png"}],"author":"apuntesdesanluis.com","twitter_card":"summary_large_image","twitter_misc":{"Escrito por":"apuntesdesanluis.com","Tiempo de lectura":"2 minutos"},"schema":{"@context":"https:\/\/schema.org","@graph":[{"@type":"Article","@id":"https:\/\/apuntesdesanluis.com\/index.php\/2023\/10\/09\/insolito-prendio-fuego-un-local-de-juntos-por-el-cambio-en-moron-y-quedo-envuelto-en-llamas\/#article","isPartOf":{"@id":"https:\/\/apuntesdesanluis.com\/index.php\/2023\/10\/09\/insolito-prendio-fuego-un-local-de-juntos-por-el-cambio-en-moron-y-quedo-envuelto-en-llamas\/"},"author":{"name":"apuntesdesanluis.com","@id":"https:\/\/apuntesdesanluis.com\/#\/schema\/person\/b55151d52296fcce64d1a72538a70b90"},"headline":"INS\u00d3LITO: PRENDI\u00d3 FUEGO UN LOCAL DE JUNTOS POR EL CAMBIO EN MOR\u00d3N Y QUED\u00d3 ENVUELTO EN LLAMAS","datePublished":"2023-10-09T17:34:29+00:00","mainEntityOfPage":{"@id":"https:\/\/apuntesdesanluis.com\/index.php\/2023\/10\/09\/insolito-prendio-fuego-un-local-de-juntos-por-el-cambio-en-moron-y-quedo-envuelto-en-llamas\/"},"wordCount":365,"publisher":{"@id":"https:\/\/apuntesdesanluis.com\/#\/schema\/person\/b55151d52296fcce64d1a72538a70b90"},"image":{"@id":"https:\/\/apuntesdesanluis.com\/index.php\/2023\/10\/09\/insolito-prendio-fuego-un-local-de-juntos-por-el-cambio-en-moron-y-quedo-envuelto-en-llamas\/#primaryimage"},"thumbnailUrl":"https:\/\/apuntesdesanluis.com\/wp-content\/uploads\/2023\/10\/incendio-1.png","articleSection":["Nacionales\/Internacionales"],"inLanguage":"es-AR"},{"@type":"WebPage","@id":"https:\/\/apuntesdesanluis.com\/index.php\/2023\/10\/09\/insolito-prendio-fuego-un-local-de-juntos-por-el-cambio-en-moron-y-quedo-envuelto-en-llamas\/","url":"https:\/\/apuntesdesanluis.com\/index.php\/2023\/10\/09\/insolito-prendio-fuego-un-local-de-juntos-por-el-cambio-en-moron-y-quedo-envuelto-en-llamas\/","name":"INS\u00d3LITO: PRENDI\u00d3 FUEGO UN LOCAL DE JUNTOS POR EL CAMBIO EN MOR\u00d3N Y QUED\u00d3 ENVUELTO EN LLAMAS - Apuntes de San Luis","isPartOf":{"@id":"https:\/\/apuntesdesanluis.com\/#website"},"primaryImageOfPage":{"@id":"https:\/\/apuntesdesanluis.com\/index.php\/2023\/10\/09\/insolito-prendio-fuego-un-local-de-juntos-por-el-cambio-en-moron-y-quedo-envuelto-en-llamas\/#primaryimage"},"image":{"@id":"https:\/\/apuntesdesanluis.com\/index.php\/2023\/10\/09\/insolito-prendio-fuego-un-local-de-juntos-por-el-cambio-en-moron-y-quedo-envuelto-en-llamas\/#primaryimage"},"thumbnailUrl":"https:\/\/apuntesdesanluis.com\/wp-content\/uploads\/2023\/10\/incendio-1.png","datePublished":"2023-10-09T17:34:29+00:00","breadcrumb":{"@id":"https:\/\/apuntesdesanluis.com\/index.php\/2023\/10\/09\/insolito-prendio-fuego-un-local-de-juntos-por-el-cambio-en-moron-y-quedo-envuelto-en-llamas\/#breadcrumb"},"inLanguage":"es-AR","potentialAction":[{"@type":"ReadAction","target":["https:\/\/apuntesdesanluis.com\/index.php\/2023\/10\/09\/insolito-prendio-fuego-un-local-de-juntos-por-el-cambio-en-moron-y-quedo-envuelto-en-llamas\/"]}]},{"@type":"ImageObject","inLanguage":"es-AR","@id":"https:\/\/apuntesdesanluis.com\/index.php\/2023\/10\/09\/insolito-prendio-fuego-un-local-de-juntos-por-el-cambio-en-moron-y-quedo-envuelto-en-llamas\/#primaryimage","url":"https:\/\/apuntesdesanluis.com\/wp-content\/uploads\/2023\/10\/incendio-1.png","contentUrl":"https:\/\/apuntesdesanluis.com\/wp-content\/uploads\/2023\/10\/incendio-1.png","width":540,"height":288},{"@type":"BreadcrumbList","@id":"https:\/\/apuntesdesanluis.com\/index.php\/2023\/10\/09\/insolito-prendio-fuego-un-local-de-juntos-por-el-cambio-en-moron-y-quedo-envuelto-en-llamas\/#breadcrumb","itemListElement":[{"@type":"ListItem","position":1,"name":"Inicio","item":"https:\/\/apuntesdesanluis.com\/"},{"@type":"ListItem","position":2,"name":"INS\u00d3LITO: PRENDI\u00d3 FUEGO UN LOCAL DE JUNTOS POR EL CAMBIO EN MOR\u00d3N Y QUED\u00d3 ENVUELTO EN LLAMAS"}]},{"@type":"WebSite","@id":"https:\/\/apuntesdesanluis.com\/#website","url":"https:\/\/apuntesdesanluis.com\/","name":"Apuntes de San Luis","description":"","publisher":{"@id":"https:\/\/apuntesdesanluis.com\/#\/schema\/person\/b55151d52296fcce64d1a72538a70b90"},"potentialAction":[{"@type":"SearchAction","target":{"@type":"EntryPoint","urlTemplate":"https:\/\/apuntesdesanluis.com\/?s={search_term_string}"},"query-input":{"@type":"PropertyValueSpecification","valueRequired":true,"valueName":"search_term_string"}}],"inLanguage":"es-AR"},{"@type":["Person","Organization"],"@id":"https:\/\/apuntesdesanluis.com\/#\/schema\/person\/b55151d52296fcce64d1a72538a70b90","name":"apuntesdesanluis.com","image":{"@type":"ImageObject","inLanguage":"es-AR","@id":"https:\/\/apuntesdesanluis.com\/#\/schema\/person\/image\/","url":"https:\/\/apuntesdesanluis.com\/wp-content\/uploads\/2023\/07\/cropped-apuntesdesanluis.png","contentUrl":"https:\/\/apuntesdesanluis.com\/wp-content\/uploads\/2023\/07\/cropped-apuntesdesanluis.png","width":450,"height":112,"caption":"apuntesdesanluis.com"},"logo":{"@id":"https:\/\/apuntesdesanluis.com\/#\/schema\/person\/image\/"},"sameAs":["https:\/\/apuntesdesanluis.com"],"url":"https:\/\/apuntesdesanluis.com\/index.php\/author\/apuntesdesanluis-com\/"}]}},"featured_image_urls":{"full":["https:\/\/apuntesdesanluis.com\/wp-content\/uploads\/2023\/10\/incendio-1.png",540,288,false],"thumbnail":["https:\/\/apuntesdesanluis.com\/wp-content\/uploads\/2023\/10\/incendio-1-150x150.png",150,150,true],"medium":["https:\/\/apuntesdesanluis.com\/wp-content\/uploads\/2023\/10\/incendio-1-300x160.png",300,160,true],"medium_large":["https:\/\/apuntesdesanluis.com\/wp-content\/uploads\/2023\/10\/incendio-1.png",540,288,false],"large":["https:\/\/apuntesdesanluis.com\/wp-content\/uploads\/2023\/10\/incendio-1.png",540,288,false],"1536x1536":["https:\/\/apuntesdesanluis.com\/wp-content\/uploads\/2023\/10\/incendio-1.png",540,288,false],"2048x2048":["https:\/\/apuntesdesanluis.com\/wp-content\/uploads\/2023\/10\/incendio-1.png",540,288,false],"newsever-slider-full":["https:\/\/apuntesdesanluis.com\/wp-content\/uploads\/2023\/10\/incendio-1.png",540,288,false],"newsever-featured":["https:\/\/apuntesdesanluis.com\/wp-content\/uploads\/2023\/10\/incendio-1.png",540,288,false],"newsever-medium":["https:\/\/apuntesdesanluis.com\/wp-content\/uploads\/2023\/10\/incendio-1.png",540,288,false]},"author_info":{"display_name":"apuntesdesanluis.com","author_link":"https:\/\/apuntesdesanluis.com\/index.php\/author\/apuntesdesanluis-com\/"},"category_info":"<a href=\"https:\/\/apuntesdesanluis.com\/index.php\/category\/nacionales-internacionales\/\" rel=\"category tag\">Nacionales\/Internacionales<\/a>","tag_info":"Nacionales\/Internacionales","comment_count":"0","_links":{"self":[{"href":"https:\/\/apuntesdesanluis.com\/index.php\/wp-json\/wp\/v2\/posts\/4827","targetHints":{"allow":["GET"]}}],"collection":[{"href":"https:\/\/apuntesdesanluis.com\/index.php\/wp-json\/wp\/v2\/posts"}],"about":[{"href":"https:\/\/apuntesdesanluis.com\/index.php\/wp-json\/wp\/v2\/types\/post"}],"author":[{"embeddable":true,"href":"https:\/\/apuntesdesanluis.com\/index.php\/wp-json\/wp\/v2\/users\/1"}],"replies":[{"embeddable":true,"href":"https:\/\/apuntesdesanluis.com\/index.php\/wp-json\/wp\/v2\/comments?post=4827"}],"version-history":[{"count":1,"href":"https:\/\/apuntesdesanluis.com\/index.php\/wp-json\/wp\/v2\/posts\/4827\/revisions"}],"predecessor-version":[{"id":4829,"href":"https:\/\/apuntesdesanluis.com\/index.php\/wp-json\/wp\/v2\/posts\/4827\/revisions\/4829"}],"wp:featuredmedia":[{"embeddable":true,"href":"https:\/\/apuntesdesanluis.com\/index.php\/wp-json\/wp\/v2\/media\/4828"}],"wp:attachment":[{"href":"https:\/\/apuntesdesanluis.com\/index.php\/wp-json\/wp\/v2\/media?parent=4827"}],"wp:term":[{"taxonomy":"category","embeddable":true,"href":"https:\/\/apuntesdesanluis.com\/index.php\/wp-json\/wp\/v2\/categories?post=4827"},{"taxonomy":"post_tag","embeddable":true,"href":"https:\/\/apuntesdesanluis.com\/index.php\/wp-json\/wp\/v2\/tags?post=4827"}],"curies":[{"name":"wp","href":"https:\/\/api.w.org\/{rel}","templated":true}]}}