{"id":4836,"date":"2023-10-09T18:59:07","date_gmt":"2023-10-09T21:59:07","guid":{"rendered":"https:\/\/apuntesdesanluis.com\/?p=4836"},"modified":"2023-10-09T18:59:07","modified_gmt":"2023-10-09T21:59:07","slug":"el-incucai-le-respondio-a-milei-y-bullrich-por-lo-expresado-sobre-la-donacion-de-organos","status":"publish","type":"post","link":"https:\/\/apuntesdesanluis.com\/index.php\/2023\/10\/09\/el-incucai-le-respondio-a-milei-y-bullrich-por-lo-expresado-sobre-la-donacion-de-organos\/","title":{"rendered":"EL INCUCAI LE RESPONDI\u00d3 A MILEI Y BULLRICH POR LO EXPRESADO SOBRE LA DONACI\u00d3N DE \u00d3RGANOS"},"content":{"rendered":"<h3>El <strong>Instituto Nacional Central \u00danico Coordinador de Ablaci\u00f3n e Implante<\/strong> (Incucai) y los 24 organismos jurisdiccionales que conforman la Comisi\u00f3n Federal de Trasplante (Cofetra) desmintieron este lunes las afirmaciones realizadas en el debate presidencial de este domingo por candidatos a presidente que &#8220;demostraron un desconocimiento total del funcionamiento del sistema de donaci\u00f3n y trasplante&#8221;, porque &#8220;no toda persona fallecida puede ser donante&#8221;, precisaron.<\/h3>\n<h3>En el debate p\u00fablico y obligatorio que se realiz\u00f3 ayer en la Facultad de Derecho de la UBA, la candidata de Juntos por el Cambio, <strong>Patricia Bullrich<\/strong> dijo al candidato de La Libertad Avanza (LLA),<strong> Javier Milei<\/strong> que &#8220;hoy el 10% de la venta de \u00f3rganos ilegales en el mundo es trata de personas, secuestran a chicos, tratan a personas y venden \u00f3rganos. Esta es la realidad. Hoy Interpol ha planteado un informe muy clarito: la venta de \u00f3rganos es uno de los delitos m\u00e1s codiciados en el mundo criminal y eso es lo que vos propon\u00e9s&#8221;.<\/h3>\n<h3>Como respuesta, Milei afirm\u00f3 que &#8220;hay 7 mil personas esperando un trasplante y 300 mil potenciales donantes, y hay algo que no funciona en el medio y genera un mont\u00f3n de corrupci\u00f3n&#8221;.<\/h3>\n<h3>Desde el Incucai aclararon este lunes que &#8220;no toda persona fallecida puede ser donante: la donaci\u00f3n depende de las caracter\u00edsticas de la muerte&#8221;.<\/h3>\n<h3>Y a\u00f1adieron que &#8220;para poder donar \u00f3rganos, el fallecimiento debe producirse en la terapia intensiva de un hospital, y la muerte debe ser certificada bajo criterios neurol\u00f3gicos&#8221;.<\/h3>\n<h3>Y recordaron que &#8220;s\u00f3lo as\u00ed puede mantenerse el cuerpo artificialmente desde el momento del fallecimiento hasta que se produce la extracci\u00f3n de los \u00f3rganos para que los mismos sean viables para el trasplante&#8221;.<\/h3>\n<h3>&#8220;Una muerte de estas caracter\u00edsticas se produce en aproximadamente 4 de cada 1000 casos. Dar a entender que toda persona fallecida puede ser donante implica un desconocimiento total de las caracter\u00edsticas m\u00e1s b\u00e1sicas del funcionamiento de todo sistema de donaci\u00f3n de \u00f3rganos, y no solo el argentino&#8221;, resaltaron.<\/h3>\n<h3>A su vez, indicaron que &#8220;cualquier persona que tiene conocimiento sobre un hecho vinculado a la donaci\u00f3n y el trasplante realizado fuera del marco legal puede denunciarlo; en el caso de ser un representante del poder legislativo tiene la obligaci\u00f3n de hacerlo&#8221;.<\/h3>\n<h3>Tambi\u00e9n destacaron que el sistema de donaci\u00f3n y trasplante argentino &#8220;es reconocido regional y mundialmente por su organizaci\u00f3n, su marco legal y su sistema de registro, que garantizan la trazabilidad de los procesos y la transparencia&#8221; y la Organizaci\u00f3n Mundial de la Salud eligi\u00f3 a la Argentina como &#8220;uno de los tres Centros Colaboradores en materia de Donaci\u00f3n y Trasplantes en el mundo, junto con Espa\u00f1a e Italia&#8221;.<\/h3>\n<h3>En Argentina, &#8220;todas las personas tienen el mismo derecho y las mismas posibilidades de recibir un trasplante, independientemente de su posici\u00f3n social o econ\u00f3mica, as\u00ed como la garant\u00eda al acceso del tratamiento inmunosupresor a los pacientes con cobertura p\u00fablica exclusiva&#8221;, destacaron.<\/h3>\n<h3>&#8220;Reiteramos nuestra preocupaci\u00f3n sobre afirmaciones que, sin fundamentos, ponen en entredicho un sistema que a\u00f1o tras a\u00f1o le da una oportunidad a miles de personas que esperan un trasplante para salvarse o recuperar su calidad de vida&#8221;, concluyeron.<\/h3>\n<h3>El Incucai es un organismo aut\u00e1rquico dependiente del Ministerio de Salud de la Naci\u00f3n, impulsa, normatiza, coordina y fiscaliza las actividades de donaci\u00f3n y trasplante de \u00f3rganos, tejidos y c\u00e9lulas en Argentina, junto a los 24 organismos jurisdiccionales de ablaci\u00f3n e implante.<\/h3>\n<h3>En sus m\u00e1s de 40 a\u00f1os de historia, el Incucai promovi\u00f3, regul\u00f3 y coordin\u00f3 la actividad, con el fin de brindar a la poblaci\u00f3n un acceso transparente y equitativo al trasplante.<\/h3>\n","protected":false},"excerpt":{"rendered":"<p>El Instituto Nacional Central \u00danico Coordinador de Ablaci\u00f3n e Implante (Incucai) y los 24 organismos&#8230;<\/p>\n","protected":false},"author":1,"featured_media":4837,"comment_status":"closed","ping_status":"closed","sticky":false,"template":"","format":"standard","meta":{"footnotes":""},"categories":[5],"tags":[],"class_list":["post-4836","post","type-post","status-publish","format-standard","has-post-thumbnail","hentry","category-nacionales-internacionales"],"yoast_head":"<!-- This site is optimized with the Yoast SEO plugin v26.1.1 - https:\/\/yoast.com\/wordpress\/plugins\/seo\/ -->\n<title>EL INCUCAI LE RESPONDI\u00d3 A MILEI Y BULLRICH POR LO EXPRESADO SOBRE LA DONACI\u00d3N DE \u00d3RGANOS - Apuntes de San Luis<\/title>\n<meta name=\"robots\" content=\"index, follow, max-snippet:-1, max-image-preview:large, max-video-preview:-1\" \/>\n<link rel=\"canonical\" href=\"https:\/\/apuntesdesanluis.com\/index.php\/2023\/10\/09\/el-incucai-le-respondio-a-milei-y-bullrich-por-lo-expresado-sobre-la-donacion-de-organos\/\" \/>\n<meta property=\"og:locale\" content=\"es_ES\" \/>\n<meta property=\"og:type\" content=\"article\" \/>\n<meta property=\"og:title\" content=\"EL INCUCAI LE RESPONDI\u00d3 A MILEI Y BULLRICH POR LO EXPRESADO SOBRE LA DONACI\u00d3N DE \u00d3RGANOS - Apuntes de San Luis\" \/>\n<meta property=\"og:description\" content=\"El Instituto Nacional Central \u00danico Coordinador de Ablaci\u00f3n e Implante (Incucai) y los 24 organismos...\" \/>\n<meta property=\"og:url\" content=\"https:\/\/apuntesdesanluis.com\/index.php\/2023\/10\/09\/el-incucai-le-respondio-a-milei-y-bullrich-por-lo-expresado-sobre-la-donacion-de-organos\/\" \/>\n<meta property=\"og:site_name\" content=\"Apuntes de San Luis\" \/>\n<meta property=\"article:published_time\" content=\"2023-10-09T21:59:07+00:00\" \/>\n<meta property=\"og:image\" content=\"https:\/\/apuntesdesanluis.com\/wp-content\/uploads\/2023\/10\/bulrich-y-milei.png\" \/>\n\t<meta property=\"og:image:width\" content=\"732\" \/>\n\t<meta property=\"og:image:height\" content=\"402\" \/>\n\t<meta property=\"og:image:type\" content=\"image\/png\" \/>\n<meta name=\"author\" content=\"apuntesdesanluis.com\" \/>\n<meta name=\"twitter:card\" content=\"summary_large_image\" \/>\n<meta name=\"twitter:label1\" content=\"Escrito por\" \/>\n\t<meta name=\"twitter:data1\" content=\"apuntesdesanluis.com\" \/>\n\t<meta name=\"twitter:label2\" content=\"Tiempo de lectura\" \/>\n\t<meta name=\"twitter:data2\" content=\"3 minutos\" \/>\n<script type=\"application\/ld+json\" class=\"yoast-schema-graph\">{\"@context\":\"https:\/\/schema.org\",\"@graph\":[{\"@type\":\"Article\",\"@id\":\"https:\/\/apuntesdesanluis.com\/index.php\/2023\/10\/09\/el-incucai-le-respondio-a-milei-y-bullrich-por-lo-expresado-sobre-la-donacion-de-organos\/#article\",\"isPartOf\":{\"@id\":\"https:\/\/apuntesdesanluis.com\/index.php\/2023\/10\/09\/el-incucai-le-respondio-a-milei-y-bullrich-por-lo-expresado-sobre-la-donacion-de-organos\/\"},\"author\":{\"name\":\"apuntesdesanluis.com\",\"@id\":\"https:\/\/apuntesdesanluis.com\/#\/schema\/person\/b55151d52296fcce64d1a72538a70b90\"},\"headline\":\"EL INCUCAI LE RESPONDI\u00d3 A MILEI Y BULLRICH POR LO EXPRESADO SOBRE LA DONACI\u00d3N DE \u00d3RGANOS\",\"datePublished\":\"2023-10-09T21:59:07+00:00\",\"mainEntityOfPage\":{\"@id\":\"https:\/\/apuntesdesanluis.com\/index.php\/2023\/10\/09\/el-incucai-le-respondio-a-milei-y-bullrich-por-lo-expresado-sobre-la-donacion-de-organos\/\"},\"wordCount\":636,\"publisher\":{\"@id\":\"https:\/\/apuntesdesanluis.com\/#\/schema\/person\/b55151d52296fcce64d1a72538a70b90\"},\"image\":{\"@id\":\"https:\/\/apuntesdesanluis.com\/index.php\/2023\/10\/09\/el-incucai-le-respondio-a-milei-y-bullrich-por-lo-expresado-sobre-la-donacion-de-organos\/#primaryimage\"},\"thumbnailUrl\":\"https:\/\/apuntesdesanluis.com\/wp-content\/uploads\/2023\/10\/bulrich-y-milei.png\",\"articleSection\":[\"Nacionales\/Internacionales\"],\"inLanguage\":\"es-AR\"},{\"@type\":\"WebPage\",\"@id\":\"https:\/\/apuntesdesanluis.com\/index.php\/2023\/10\/09\/el-incucai-le-respondio-a-milei-y-bullrich-por-lo-expresado-sobre-la-donacion-de-organos\/\",\"url\":\"https:\/\/apuntesdesanluis.com\/index.php\/2023\/10\/09\/el-incucai-le-respondio-a-milei-y-bullrich-por-lo-expresado-sobre-la-donacion-de-organos\/\",\"name\":\"EL INCUCAI LE RESPONDI\u00d3 A MILEI Y BULLRICH POR LO EXPRESADO SOBRE LA DONACI\u00d3N DE \u00d3RGANOS - Apuntes de San Luis\",\"isPartOf\":{\"@id\":\"https:\/\/apuntesdesanluis.com\/#website\"},\"primaryImageOfPage\":{\"@id\":\"https:\/\/apuntesdesanluis.com\/index.php\/2023\/10\/09\/el-incucai-le-respondio-a-milei-y-bullrich-por-lo-expresado-sobre-la-donacion-de-organos\/#primaryimage\"},\"image\":{\"@id\":\"https:\/\/apuntesdesanluis.com\/index.php\/2023\/10\/09\/el-incucai-le-respondio-a-milei-y-bullrich-por-lo-expresado-sobre-la-donacion-de-organos\/#primaryimage\"},\"thumbnailUrl\":\"https:\/\/apuntesdesanluis.com\/wp-content\/uploads\/2023\/10\/bulrich-y-milei.png\",\"datePublished\":\"2023-10-09T21:59:07+00:00\",\"breadcrumb\":{\"@id\":\"https:\/\/apuntesdesanluis.com\/index.php\/2023\/10\/09\/el-incucai-le-respondio-a-milei-y-bullrich-por-lo-expresado-sobre-la-donacion-de-organos\/#breadcrumb\"},\"inLanguage\":\"es-AR\",\"potentialAction\":[{\"@type\":\"ReadAction\",\"target\":[\"https:\/\/apuntesdesanluis.com\/index.php\/2023\/10\/09\/el-incucai-le-respondio-a-milei-y-bullrich-por-lo-expresado-sobre-la-donacion-de-organos\/\"]}]},{\"@type\":\"ImageObject\",\"inLanguage\":\"es-AR\",\"@id\":\"https:\/\/apuntesdesanluis.com\/index.php\/2023\/10\/09\/el-incucai-le-respondio-a-milei-y-bullrich-por-lo-expresado-sobre-la-donacion-de-organos\/#primaryimage\",\"url\":\"https:\/\/apuntesdesanluis.com\/wp-content\/uploads\/2023\/10\/bulrich-y-milei.png\",\"contentUrl\":\"https:\/\/apuntesdesanluis.com\/wp-content\/uploads\/2023\/10\/bulrich-y-milei.png\",\"width\":732,\"height\":402},{\"@type\":\"BreadcrumbList\",\"@id\":\"https:\/\/apuntesdesanluis.com\/index.php\/2023\/10\/09\/el-incucai-le-respondio-a-milei-y-bullrich-por-lo-expresado-sobre-la-donacion-de-organos\/#breadcrumb\",\"itemListElement\":[{\"@type\":\"ListItem\",\"position\":1,\"name\":\"Inicio\",\"item\":\"https:\/\/apuntesdesanluis.com\/\"},{\"@type\":\"ListItem\",\"position\":2,\"name\":\"EL INCUCAI LE RESPONDI\u00d3 A MILEI Y BULLRICH POR LO EXPRESADO SOBRE LA DONACI\u00d3N DE \u00d3RGANOS\"}]},{\"@type\":\"WebSite\",\"@id\":\"https:\/\/apuntesdesanluis.com\/#website\",\"url\":\"https:\/\/apuntesdesanluis.com\/\",\"name\":\"Apuntes de San Luis\",\"description\":\"\",\"publisher\":{\"@id\":\"https:\/\/apuntesdesanluis.com\/#\/schema\/person\/b55151d52296fcce64d1a72538a70b90\"},\"potentialAction\":[{\"@type\":\"SearchAction\",\"target\":{\"@type\":\"EntryPoint\",\"urlTemplate\":\"https:\/\/apuntesdesanluis.com\/?s={search_term_string}\"},\"query-input\":{\"@type\":\"PropertyValueSpecification\",\"valueRequired\":true,\"valueName\":\"search_term_string\"}}],\"inLanguage\":\"es-AR\"},{\"@type\":[\"Person\",\"Organization\"],\"@id\":\"https:\/\/apuntesdesanluis.com\/#\/schema\/person\/b55151d52296fcce64d1a72538a70b90\",\"name\":\"apuntesdesanluis.com\",\"image\":{\"@type\":\"ImageObject\",\"inLanguage\":\"es-AR\",\"@id\":\"https:\/\/apuntesdesanluis.com\/#\/schema\/person\/image\/\",\"url\":\"https:\/\/apuntesdesanluis.com\/wp-content\/uploads\/2023\/07\/cropped-apuntesdesanluis.png\",\"contentUrl\":\"https:\/\/apuntesdesanluis.com\/wp-content\/uploads\/2023\/07\/cropped-apuntesdesanluis.png\",\"width\":450,\"height\":112,\"caption\":\"apuntesdesanluis.com\"},\"logo\":{\"@id\":\"https:\/\/apuntesdesanluis.com\/#\/schema\/person\/image\/\"},\"sameAs\":[\"https:\/\/apuntesdesanluis.com\"],\"url\":\"https:\/\/apuntesdesanluis.com\/index.php\/author\/apuntesdesanluis-com\/\"}]}<\/script>\n<!-- \/ Yoast SEO plugin. -->","yoast_head_json":{"title":"EL INCUCAI LE RESPONDI\u00d3 A MILEI Y BULLRICH POR LO EXPRESADO SOBRE LA DONACI\u00d3N DE \u00d3RGANOS - Apuntes de San Luis","robots":{"index":"index","follow":"follow","max-snippet":"max-snippet:-1","max-image-preview":"max-image-preview:large","max-video-preview":"max-video-preview:-1"},"canonical":"https:\/\/apuntesdesanluis.com\/index.php\/2023\/10\/09\/el-incucai-le-respondio-a-milei-y-bullrich-por-lo-expresado-sobre-la-donacion-de-organos\/","og_locale":"es_ES","og_type":"article","og_title":"EL INCUCAI LE RESPONDI\u00d3 A MILEI Y BULLRICH POR LO EXPRESADO SOBRE LA DONACI\u00d3N DE \u00d3RGANOS - Apuntes de San Luis","og_description":"El Instituto Nacional Central \u00danico Coordinador de Ablaci\u00f3n e Implante (Incucai) y los 24 organismos...","og_url":"https:\/\/apuntesdesanluis.com\/index.php\/2023\/10\/09\/el-incucai-le-respondio-a-milei-y-bullrich-por-lo-expresado-sobre-la-donacion-de-organos\/","og_site_name":"Apuntes de San Luis","article_published_time":"2023-10-09T21:59:07+00:00","og_image":[{"width":732,"height":402,"url":"https:\/\/apuntesdesanluis.com\/wp-content\/uploads\/2023\/10\/bulrich-y-milei.png","type":"image\/png"}],"author":"apuntesdesanluis.com","twitter_card":"summary_large_image","twitter_misc":{"Escrito por":"apuntesdesanluis.com","Tiempo de lectura":"3 minutos"},"schema":{"@context":"https:\/\/schema.org","@graph":[{"@type":"Article","@id":"https:\/\/apuntesdesanluis.com\/index.php\/2023\/10\/09\/el-incucai-le-respondio-a-milei-y-bullrich-por-lo-expresado-sobre-la-donacion-de-organos\/#article","isPartOf":{"@id":"https:\/\/apuntesdesanluis.com\/index.php\/2023\/10\/09\/el-incucai-le-respondio-a-milei-y-bullrich-por-lo-expresado-sobre-la-donacion-de-organos\/"},"author":{"name":"apuntesdesanluis.com","@id":"https:\/\/apuntesdesanluis.com\/#\/schema\/person\/b55151d52296fcce64d1a72538a70b90"},"headline":"EL INCUCAI LE RESPONDI\u00d3 A MILEI Y BULLRICH POR LO EXPRESADO SOBRE LA DONACI\u00d3N DE \u00d3RGANOS","datePublished":"2023-10-09T21:59:07+00:00","mainEntityOfPage":{"@id":"https:\/\/apuntesdesanluis.com\/index.php\/2023\/10\/09\/el-incucai-le-respondio-a-milei-y-bullrich-por-lo-expresado-sobre-la-donacion-de-organos\/"},"wordCount":636,"publisher":{"@id":"https:\/\/apuntesdesanluis.com\/#\/schema\/person\/b55151d52296fcce64d1a72538a70b90"},"image":{"@id":"https:\/\/apuntesdesanluis.com\/index.php\/2023\/10\/09\/el-incucai-le-respondio-a-milei-y-bullrich-por-lo-expresado-sobre-la-donacion-de-organos\/#primaryimage"},"thumbnailUrl":"https:\/\/apuntesdesanluis.com\/wp-content\/uploads\/2023\/10\/bulrich-y-milei.png","articleSection":["Nacionales\/Internacionales"],"inLanguage":"es-AR"},{"@type":"WebPage","@id":"https:\/\/apuntesdesanluis.com\/index.php\/2023\/10\/09\/el-incucai-le-respondio-a-milei-y-bullrich-por-lo-expresado-sobre-la-donacion-de-organos\/","url":"https:\/\/apuntesdesanluis.com\/index.php\/2023\/10\/09\/el-incucai-le-respondio-a-milei-y-bullrich-por-lo-expresado-sobre-la-donacion-de-organos\/","name":"EL INCUCAI LE RESPONDI\u00d3 A MILEI Y BULLRICH POR LO EXPRESADO SOBRE LA DONACI\u00d3N DE \u00d3RGANOS - Apuntes de San Luis","isPartOf":{"@id":"https:\/\/apuntesdesanluis.com\/#website"},"primaryImageOfPage":{"@id":"https:\/\/apuntesdesanluis.com\/index.php\/2023\/10\/09\/el-incucai-le-respondio-a-milei-y-bullrich-por-lo-expresado-sobre-la-donacion-de-organos\/#primaryimage"},"image":{"@id":"https:\/\/apuntesdesanluis.com\/index.php\/2023\/10\/09\/el-incucai-le-respondio-a-milei-y-bullrich-por-lo-expresado-sobre-la-donacion-de-organos\/#primaryimage"},"thumbnailUrl":"https:\/\/apuntesdesanluis.com\/wp-content\/uploads\/2023\/10\/bulrich-y-milei.png","datePublished":"2023-10-09T21:59:07+00:00","breadcrumb":{"@id":"https:\/\/apuntesdesanluis.com\/index.php\/2023\/10\/09\/el-incucai-le-respondio-a-milei-y-bullrich-por-lo-expresado-sobre-la-donacion-de-organos\/#breadcrumb"},"inLanguage":"es-AR","potentialAction":[{"@type":"ReadAction","target":["https:\/\/apuntesdesanluis.com\/index.php\/2023\/10\/09\/el-incucai-le-respondio-a-milei-y-bullrich-por-lo-expresado-sobre-la-donacion-de-organos\/"]}]},{"@type":"ImageObject","inLanguage":"es-AR","@id":"https:\/\/apuntesdesanluis.com\/index.php\/2023\/10\/09\/el-incucai-le-respondio-a-milei-y-bullrich-por-lo-expresado-sobre-la-donacion-de-organos\/#primaryimage","url":"https:\/\/apuntesdesanluis.com\/wp-content\/uploads\/2023\/10\/bulrich-y-milei.png","contentUrl":"https:\/\/apuntesdesanluis.com\/wp-content\/uploads\/2023\/10\/bulrich-y-milei.png","width":732,"height":402},{"@type":"BreadcrumbList","@id":"https:\/\/apuntesdesanluis.com\/index.php\/2023\/10\/09\/el-incucai-le-respondio-a-milei-y-bullrich-por-lo-expresado-sobre-la-donacion-de-organos\/#breadcrumb","itemListElement":[{"@type":"ListItem","position":1,"name":"Inicio","item":"https:\/\/apuntesdesanluis.com\/"},{"@type":"ListItem","position":2,"name":"EL INCUCAI LE RESPONDI\u00d3 A MILEI Y BULLRICH POR LO EXPRESADO SOBRE LA DONACI\u00d3N DE \u00d3RGANOS"}]},{"@type":"WebSite","@id":"https:\/\/apuntesdesanluis.com\/#website","url":"https:\/\/apuntesdesanluis.com\/","name":"Apuntes de San Luis","description":"","publisher":{"@id":"https:\/\/apuntesdesanluis.com\/#\/schema\/person\/b55151d52296fcce64d1a72538a70b90"},"potentialAction":[{"@type":"SearchAction","target":{"@type":"EntryPoint","urlTemplate":"https:\/\/apuntesdesanluis.com\/?s={search_term_string}"},"query-input":{"@type":"PropertyValueSpecification","valueRequired":true,"valueName":"search_term_string"}}],"inLanguage":"es-AR"},{"@type":["Person","Organization"],"@id":"https:\/\/apuntesdesanluis.com\/#\/schema\/person\/b55151d52296fcce64d1a72538a70b90","name":"apuntesdesanluis.com","image":{"@type":"ImageObject","inLanguage":"es-AR","@id":"https:\/\/apuntesdesanluis.com\/#\/schema\/person\/image\/","url":"https:\/\/apuntesdesanluis.com\/wp-content\/uploads\/2023\/07\/cropped-apuntesdesanluis.png","contentUrl":"https:\/\/apuntesdesanluis.com\/wp-content\/uploads\/2023\/07\/cropped-apuntesdesanluis.png","width":450,"height":112,"caption":"apuntesdesanluis.com"},"logo":{"@id":"https:\/\/apuntesdesanluis.com\/#\/schema\/person\/image\/"},"sameAs":["https:\/\/apuntesdesanluis.com"],"url":"https:\/\/apuntesdesanluis.com\/index.php\/author\/apuntesdesanluis-com\/"}]}},"featured_image_urls":{"full":["https:\/\/apuntesdesanluis.com\/wp-content\/uploads\/2023\/10\/bulrich-y-milei.png",732,402,false],"thumbnail":["https:\/\/apuntesdesanluis.com\/wp-content\/uploads\/2023\/10\/bulrich-y-milei-150x150.png",150,150,true],"medium":["https:\/\/apuntesdesanluis.com\/wp-content\/uploads\/2023\/10\/bulrich-y-milei-300x165.png",300,165,true],"medium_large":["https:\/\/apuntesdesanluis.com\/wp-content\/uploads\/2023\/10\/bulrich-y-milei.png",640,351,false],"large":["https:\/\/apuntesdesanluis.com\/wp-content\/uploads\/2023\/10\/bulrich-y-milei.png",640,351,false],"1536x1536":["https:\/\/apuntesdesanluis.com\/wp-content\/uploads\/2023\/10\/bulrich-y-milei.png",732,402,false],"2048x2048":["https:\/\/apuntesdesanluis.com\/wp-content\/uploads\/2023\/10\/bulrich-y-milei.png",732,402,false],"newsever-slider-full":["https:\/\/apuntesdesanluis.com\/wp-content\/uploads\/2023\/10\/bulrich-y-milei.png",732,402,false],"newsever-featured":["https:\/\/apuntesdesanluis.com\/wp-content\/uploads\/2023\/10\/bulrich-y-milei.png",732,402,false],"newsever-medium":["https:\/\/apuntesdesanluis.com\/wp-content\/uploads\/2023\/10\/bulrich-y-milei-720x402.png",720,402,true]},"author_info":{"display_name":"apuntesdesanluis.com","author_link":"https:\/\/apuntesdesanluis.com\/index.php\/author\/apuntesdesanluis-com\/"},"category_info":"<a href=\"https:\/\/apuntesdesanluis.com\/index.php\/category\/nacionales-internacionales\/\" rel=\"category tag\">Nacionales\/Internacionales<\/a>","tag_info":"Nacionales\/Internacionales","comment_count":"0","_links":{"self":[{"href":"https:\/\/apuntesdesanluis.com\/index.php\/wp-json\/wp\/v2\/posts\/4836","targetHints":{"allow":["GET"]}}],"collection":[{"href":"https:\/\/apuntesdesanluis.com\/index.php\/wp-json\/wp\/v2\/posts"}],"about":[{"href":"https:\/\/apuntesdesanluis.com\/index.php\/wp-json\/wp\/v2\/types\/post"}],"author":[{"embeddable":true,"href":"https:\/\/apuntesdesanluis.com\/index.php\/wp-json\/wp\/v2\/users\/1"}],"replies":[{"embeddable":true,"href":"https:\/\/apuntesdesanluis.com\/index.php\/wp-json\/wp\/v2\/comments?post=4836"}],"version-history":[{"count":1,"href":"https:\/\/apuntesdesanluis.com\/index.php\/wp-json\/wp\/v2\/posts\/4836\/revisions"}],"predecessor-version":[{"id":4838,"href":"https:\/\/apuntesdesanluis.com\/index.php\/wp-json\/wp\/v2\/posts\/4836\/revisions\/4838"}],"wp:featuredmedia":[{"embeddable":true,"href":"https:\/\/apuntesdesanluis.com\/index.php\/wp-json\/wp\/v2\/media\/4837"}],"wp:attachment":[{"href":"https:\/\/apuntesdesanluis.com\/index.php\/wp-json\/wp\/v2\/media?parent=4836"}],"wp:term":[{"taxonomy":"category","embeddable":true,"href":"https:\/\/apuntesdesanluis.com\/index.php\/wp-json\/wp\/v2\/categories?post=4836"},{"taxonomy":"post_tag","embeddable":true,"href":"https:\/\/apuntesdesanluis.com\/index.php\/wp-json\/wp\/v2\/tags?post=4836"}],"curies":[{"name":"wp","href":"https:\/\/api.w.org\/{rel}","templated":true}]}}